{"id":1378,"date":"2018-09-12T20:58:26","date_gmt":"2018-09-12T19:58:26","guid":{"rendered":"http:\/\/www.incaudavenenum.org\/cut.the.crap\/?p=1378"},"modified":"2018-09-12T21:05:36","modified_gmt":"2018-09-12T20:05:36","slug":"en-meme-temps","status":"publish","type":"post","link":"https:\/\/www.incaudavenenum.org\/cut.the.crap\/en-meme-temps\/","title":{"rendered":"En m\u00eame temps"},"content":{"rendered":"<p>Nomm\u00e9 chef du gouvernement, [Manuel Valls] \u00e9tait (&#8230;) devenu l&rsquo;un des plus stup\u00e9fiants praticiens de ce qu&rsquo;Orwell avait jadis appel\u00e9 la \u00ab\u00a0<em>double pens\u00e9e<\/em>\u00a0\u00bb .\u00a0 Assurer deux choses totalement contradictoires, et croire en m\u00eame temps aux deux, avec la m\u00eame conviction. Ass\u00e9ner avec force une id\u00e9e, tout en appliquant exactement l&rsquo;id\u00e9e contraire, sans remarquer le moins du monde le probl\u00e8me. Affirmer, par exemple, la n\u00e9cessit\u00e9 de suspendre certains droits d\u00e9mocratiques, et en m\u00eame temps que le gouvernement est le gardien de la d\u00e9mocratie. Ce genre de torsions mentales semblait tout \u00e0 fait spontan\u00e9 \u00e0 Manuel Valls, qui s&rsquo;\u00e9tait longtemps pris pour un Tony Blair fran\u00e7ais, avant de s&rsquo;\u00e9panouir en h\u00e9ritier de Guy Mollet. Ainsi pouvait-il redouter la mort de la gauche, tout en r\u00e9clamant la m\u00eame ann\u00e9es dans les colonnes de \u00ab\u00a0l&rsquo;Obsol\u00e8te\u00a0\u00bb que la gauche explos\u00e2t enfin afin d&rsquo;op\u00e9rer une clarification. Ainsi pouvait-il pi\u00e9tiner le vote des parlementaires \u00e0 grand renfort d&rsquo;arbitraire, tout en affirmant que sa mission \u00e9tait de consolider la d\u00e9mocratie. Ainsi pouvait-il s&rsquo;attaquer avec une brutalit\u00e9 sans \u00e9quivalent au Code protecteur du travail, \u00e0 seule fin affich\u00e9e de donner plus de pouvoir aux travailleurs. Ses raisonnements \u00e9taient \u00e0 la fois totalement tordus et absolument sinc\u00e8res.<!--more--><\/p>\n<p>Il incarnait la langue d&rsquo;un nouveau pouvoir. Un pouvoir qui n&rsquo;\u00e9tait pas cynique, au sens o\u00f9 celui-ci aurait clairement assum\u00e9 qu&rsquo;il mentait. Manuel Valls n&rsquo;\u00e9tait pas cynique. Il ne savait pas qu&rsquo;il mentait. Il faisait partie des rares individus \u00e0 coller absolument \u00e0 cette langue d&rsquo;un nouveau genre. La langue de la gauche apr\u00e8s sa propre mort. Au fond, tout le monde ou presque savait que le socialisme d&rsquo;appareil n&rsquo;\u00e9tait plus qu&rsquo;un mausol\u00e9e sinistre, un <em>poltergeist<\/em> sans vie qui ne pouvait pas mourir pour l&rsquo;unique raison qu&rsquo;il \u00e9tait d\u00e9j\u00e0 mort. La plupart des cadres de la rue de Solf\u00e9rino en avaient eux-m\u00eames la pleine conscience. L&rsquo;important \u00e9tait que la chose ne f\u00fbt pas dite. L&rsquo;important \u00e9tait qu&rsquo;il reste des journaux et des clercs en charge de ne surtout jamais \u00e9crire ce que tout le monde savait. A savoir que cette gauche-l\u00e0 ne vivait plus que sur une adversit\u00e9 feinte, pour garantir un certain nombre de pr\u00e9bendes, sauver des conseils g\u00e9n\u00e9raux et le plus grand nombre de postes d&rsquo;\u00e9lus. (&#8230;) Si la gauche, en perdant son surmoi populaire et marxiste au d\u00e9but des ann\u00e9es 80, avait vu son astre p\u00e2lir jusqu&rsquo;\u00e0 devenir une autre droite, il fallait que toute personne qui en ferait l&rsquo;observation passe \u00e0 l&rsquo;instant pour un extr\u00e9miste. Un garde rouge radicalis\u00e9. Avec cette engeance-l\u00e0, il ne fallait pas h\u00e9siter \u00e0 brandir les morts du communisme.\u00a0\u00bb<\/p>\n<p style=\"text-align: right;\">Aude Lancelin, Le Monde libre, Les liens qui lib\u00e8rent, 2016.<\/p>\n","protected":false},"excerpt":{"rendered":"<p>Nomm\u00e9 chef du gouvernement, [Manuel Valls] \u00e9tait (&#8230;) devenu l&rsquo;un des plus stup\u00e9fiants praticiens de ce qu&rsquo;Orwell avait jadis appel\u00e9 la \u00ab\u00a0double pens\u00e9e\u00a0\u00bb .\u00a0 Assurer deux choses totalement contradictoires, et croire en m\u00eame temps aux deux, avec la m\u00eame conviction. Ass\u00e9ner avec force une id\u00e9e, tout en appliquant exactement l&rsquo;id\u00e9e contraire, sans remarquer le moins &hellip; <a href=\"https:\/\/www.incaudavenenum.org\/cut.the.crap\/en-meme-temps\/\" class=\"more-link\">Continuer la lecture<span class=\"screen-reader-text\"> de &laquo;&nbsp;En m\u00eame temps&nbsp;&raquo;<\/span><\/a><\/p>\n","protected":false},"author":1,"featured_media":0,"comment_status":"open","ping_status":"open","sticky":false,"template":"","format":"quote","meta":{"jetpack_post_was_ever_published":false,"_jetpack_newsletter_access":"","_jetpack_dont_email_post_to_subs":false,"_jetpack_newsletter_tier_id":0,"_jetpack_memberships_contains_paywalled_content":false,"_jetpack_memberships_contains_paid_content":false,"footnotes":"","jetpack_publicize_message":"","jetpack_publicize_feature_enabled":true,"jetpack_social_post_already_shared":true,"jetpack_social_options":{"image_generator_settings":{"template":"highway","default_image_id":0,"font":"","enabled":false},"version":2}},"categories":[361,4],"tags":[472,135,210],"class_list":["post-1378","post","type-post","status-publish","format-quote","hentry","category-citations","category-lectures","tag-aude-lancelin","tag-george-orwell","tag-manuel-valls","post_format-post-format-quote"],"yoast_head":"<!-- This site is optimized with the Yoast SEO plugin v27.5 - https:\/\/yoast.com\/product\/yoast-seo-wordpress\/ -->\n<title>En m\u00eame temps - Cut The Crap<\/title>\n<meta name=\"robots\" content=\"index, follow, max-snippet:-1, max-image-preview:large, max-video-preview:-1\" \/>\n<link rel=\"canonical\" href=\"https:\/\/www.incaudavenenum.org\/cut.the.crap\/en-meme-temps\/\" \/>\n<meta property=\"og:locale\" content=\"fr_FR\" \/>\n<meta property=\"og:type\" content=\"article\" \/>\n<meta property=\"og:title\" content=\"En m\u00eame temps - Cut The Crap\" \/>\n<meta property=\"og:description\" content=\"Nomm\u00e9 chef du gouvernement, [Manuel Valls] \u00e9tait (&#8230;) devenu l&rsquo;un des plus stup\u00e9fiants praticiens de ce qu&rsquo;Orwell avait jadis appel\u00e9 la \u00ab\u00a0double pens\u00e9e\u00a0\u00bb .\u00a0 Assurer deux choses totalement contradictoires, et croire en m\u00eame temps aux deux, avec la m\u00eame conviction. Ass\u00e9ner avec force une id\u00e9e, tout en appliquant exactement l&rsquo;id\u00e9e contraire, sans remarquer le moins &hellip; Continuer la lecture de &laquo;&nbsp;En m\u00eame temps&nbsp;&raquo;\" \/>\n<meta property=\"og:url\" content=\"https:\/\/www.incaudavenenum.org\/cut.the.crap\/en-meme-temps\/\" \/>\n<meta property=\"og:site_name\" content=\"Cut The Crap\" \/>\n<meta property=\"article:publisher\" content=\"https:\/\/www.facebook.com\/Cut-the-Crap-239882412697830\/\" \/>\n<meta property=\"article:author\" content=\"https:\/\/www.facebook.com\/cut.the.crap.free.fr\" \/>\n<meta property=\"article:published_time\" content=\"2018-09-12T19:58:26+00:00\" \/>\n<meta property=\"article:modified_time\" content=\"2018-09-12T20:05:36+00:00\" \/>\n<meta property=\"og:image\" content=\"https:\/\/i1.wp.com\/www.incaudavenenum.org\/cut.the.crap\/wp-content\/uploads\/2018\/09\/Capture-d\u2019e\u0301cran-2018-09-12-a\u0300-21.57.11.png?fit=1006%2C960&ssl=1\" \/>\n\t<meta property=\"og:image:width\" content=\"1006\" \/>\n\t<meta property=\"og:image:height\" content=\"960\" \/>\n\t<meta property=\"og:image:type\" content=\"image\/png\" \/>\n<meta name=\"author\" content=\"Serge Victor\" \/>\n<meta name=\"twitter:card\" content=\"summary_large_image\" \/>\n<meta name=\"twitter:image\" content=\"https:\/\/i0.wp.com\/www.incaudavenenum.org\/cut.the.crap\/wp-content\/uploads\/2018\/09\/Capture-d%E2%80%99e%CC%81cran-2018-09-12-a%CC%80-21.57.11.png?fit=1006%2C960&ssl=1\" \/>\n<meta name=\"twitter:creator\" content=\"@cutzecrap\" \/>\n<meta name=\"twitter:site\" content=\"@cutzecrap\" \/>\n<meta name=\"twitter:label1\" content=\"\u00c9crit par\" \/>\n\t<meta name=\"twitter:data1\" content=\"Serge Victor\" \/>\n\t<meta name=\"twitter:label2\" content=\"Dur\u00e9e de lecture estim\u00e9e\" \/>\n\t<meta name=\"twitter:data2\" content=\"2 minutes\" \/>\n<script type=\"application\/ld+json\" class=\"yoast-schema-graph\">{\"@context\":\"https:\\\/\\\/schema.org\",\"@graph\":[{\"@type\":\"Article\",\"@id\":\"https:\\\/\\\/www.incaudavenenum.org\\\/cut.the.crap\\\/en-meme-temps\\\/#article\",\"isPartOf\":{\"@id\":\"https:\\\/\\\/www.incaudavenenum.org\\\/cut.the.crap\\\/en-meme-temps\\\/\"},\"author\":{\"name\":\"Serge Victor\",\"@id\":\"https:\\\/\\\/www.incaudavenenum.org\\\/cut.the.crap\\\/#\\\/schema\\\/person\\\/39fa901f2f251d6be7e35d8d58a8d1b4\"},\"headline\":\"En m\u00eame temps\",\"datePublished\":\"2018-09-12T19:58:26+00:00\",\"dateModified\":\"2018-09-12T20:05:36+00:00\",\"mainEntityOfPage\":{\"@id\":\"https:\\\/\\\/www.incaudavenenum.org\\\/cut.the.crap\\\/en-meme-temps\\\/\"},\"wordCount\":489,\"commentCount\":0,\"publisher\":{\"@id\":\"https:\\\/\\\/www.incaudavenenum.org\\\/cut.the.crap\\\/#organization\"},\"keywords\":[\"Aude Lancelin\",\"George Orwell\",\"Manuel Valls\"],\"articleSection\":[\"Citations\",\"Lectures\"],\"inLanguage\":\"fr-FR\",\"potentialAction\":[{\"@type\":\"CommentAction\",\"name\":\"Comment\",\"target\":[\"https:\\\/\\\/www.incaudavenenum.org\\\/cut.the.crap\\\/en-meme-temps\\\/#respond\"]}]},{\"@type\":\"WebPage\",\"@id\":\"https:\\\/\\\/www.incaudavenenum.org\\\/cut.the.crap\\\/en-meme-temps\\\/\",\"url\":\"https:\\\/\\\/www.incaudavenenum.org\\\/cut.the.crap\\\/en-meme-temps\\\/\",\"name\":\"En m\u00eame temps - Cut The Crap\",\"isPartOf\":{\"@id\":\"https:\\\/\\\/www.incaudavenenum.org\\\/cut.the.crap\\\/#website\"},\"datePublished\":\"2018-09-12T19:58:26+00:00\",\"dateModified\":\"2018-09-12T20:05:36+00:00\",\"breadcrumb\":{\"@id\":\"https:\\\/\\\/www.incaudavenenum.org\\\/cut.the.crap\\\/en-meme-temps\\\/#breadcrumb\"},\"inLanguage\":\"fr-FR\",\"potentialAction\":[{\"@type\":\"ReadAction\",\"target\":[\"https:\\\/\\\/www.incaudavenenum.org\\\/cut.the.crap\\\/en-meme-temps\\\/\"]}]},{\"@type\":\"BreadcrumbList\",\"@id\":\"https:\\\/\\\/www.incaudavenenum.org\\\/cut.the.crap\\\/en-meme-temps\\\/#breadcrumb\",\"itemListElement\":[{\"@type\":\"ListItem\",\"position\":1,\"name\":\"Accueil\",\"item\":\"https:\\\/\\\/www.incaudavenenum.org\\\/cut.the.crap\\\/\"},{\"@type\":\"ListItem\",\"position\":2,\"name\":\"En m\u00eame temps\"}]},{\"@type\":\"WebSite\",\"@id\":\"https:\\\/\\\/www.incaudavenenum.org\\\/cut.the.crap\\\/#website\",\"url\":\"https:\\\/\\\/www.incaudavenenum.org\\\/cut.the.crap\\\/\",\"name\":\"Cut The Crap\",\"description\":\"Blog de gauche\",\"publisher\":{\"@id\":\"https:\\\/\\\/www.incaudavenenum.org\\\/cut.the.crap\\\/#organization\"},\"potentialAction\":[{\"@type\":\"SearchAction\",\"target\":{\"@type\":\"EntryPoint\",\"urlTemplate\":\"https:\\\/\\\/www.incaudavenenum.org\\\/cut.the.crap\\\/?s={search_term_string}\"},\"query-input\":{\"@type\":\"PropertyValueSpecification\",\"valueRequired\":true,\"valueName\":\"search_term_string\"}}],\"inLanguage\":\"fr-FR\"},{\"@type\":\"Organization\",\"@id\":\"https:\\\/\\\/www.incaudavenenum.org\\\/cut.the.crap\\\/#organization\",\"name\":\"Cut The Crap\",\"url\":\"https:\\\/\\\/www.incaudavenenum.org\\\/cut.the.crap\\\/\",\"logo\":{\"@type\":\"ImageObject\",\"inLanguage\":\"fr-FR\",\"@id\":\"https:\\\/\\\/www.incaudavenenum.org\\\/cut.the.crap\\\/#\\\/schema\\\/logo\\\/image\\\/\",\"url\":\"https:\\\/\\\/i1.wp.com\\\/www.incaudavenenum.org\\\/cut.the.crap\\\/wp-content\\\/uploads\\\/2018\\\/01\\\/cTc.png?fit=100%2C95\",\"contentUrl\":\"https:\\\/\\\/i1.wp.com\\\/www.incaudavenenum.org\\\/cut.the.crap\\\/wp-content\\\/uploads\\\/2018\\\/01\\\/cTc.png?fit=100%2C95\",\"width\":100,\"height\":95,\"caption\":\"Cut The Crap\"},\"image\":{\"@id\":\"https:\\\/\\\/www.incaudavenenum.org\\\/cut.the.crap\\\/#\\\/schema\\\/logo\\\/image\\\/\"},\"sameAs\":[\"https:\\\/\\\/www.facebook.com\\\/Cut-the-Crap-239882412697830\\\/\",\"https:\\\/\\\/x.com\\\/cutzecrap\"]},{\"@type\":\"Person\",\"@id\":\"https:\\\/\\\/www.incaudavenenum.org\\\/cut.the.crap\\\/#\\\/schema\\\/person\\\/39fa901f2f251d6be7e35d8d58a8d1b4\",\"name\":\"Serge Victor\",\"image\":{\"@type\":\"ImageObject\",\"inLanguage\":\"fr-FR\",\"@id\":\"https:\\\/\\\/secure.gravatar.com\\\/avatar\\\/1e2fd85bc69a7e81bf6242704119d1669b9a3ab337deeaf0e9141b764210481a?s=96&d=mm&r=g\",\"url\":\"https:\\\/\\\/secure.gravatar.com\\\/avatar\\\/1e2fd85bc69a7e81bf6242704119d1669b9a3ab337deeaf0e9141b764210481a?s=96&d=mm&r=g\",\"contentUrl\":\"https:\\\/\\\/secure.gravatar.com\\\/avatar\\\/1e2fd85bc69a7e81bf6242704119d1669b9a3ab337deeaf0e9141b764210481a?s=96&d=mm&r=g\",\"caption\":\"Serge Victor\"},\"description\":\"Militant de gauche, \u00e9cosocialiste, f\u00e9ministe, autogestionnaire\",\"sameAs\":[\"https:\\\/\\\/www.incaudavenenum.org\\\/cut.the.crap\\\/\",\"https:\\\/\\\/www.facebook.com\\\/cut.the.crap.free.fr\",\"https:\\\/\\\/x.com\\\/cutzecrap\"],\"url\":\"https:\\\/\\\/www.incaudavenenum.org\\\/cut.the.crap\\\/author\\\/sergevictor\\\/\"}]}<\/script>\n<!-- \/ Yoast SEO plugin. -->","yoast_head_json":{"title":"En m\u00eame temps - Cut The Crap","robots":{"index":"index","follow":"follow","max-snippet":"max-snippet:-1","max-image-preview":"max-image-preview:large","max-video-preview":"max-video-preview:-1"},"canonical":"https:\/\/www.incaudavenenum.org\/cut.the.crap\/en-meme-temps\/","og_locale":"fr_FR","og_type":"article","og_title":"En m\u00eame temps - Cut The Crap","og_description":"Nomm\u00e9 chef du gouvernement, [Manuel Valls] \u00e9tait (&#8230;) devenu l&rsquo;un des plus stup\u00e9fiants praticiens de ce qu&rsquo;Orwell avait jadis appel\u00e9 la \u00ab\u00a0double pens\u00e9e\u00a0\u00bb .\u00a0 Assurer deux choses totalement contradictoires, et croire en m\u00eame temps aux deux, avec la m\u00eame conviction. Ass\u00e9ner avec force une id\u00e9e, tout en appliquant exactement l&rsquo;id\u00e9e contraire, sans remarquer le moins &hellip; Continuer la lecture de &laquo;&nbsp;En m\u00eame temps&nbsp;&raquo;","og_url":"https:\/\/www.incaudavenenum.org\/cut.the.crap\/en-meme-temps\/","og_site_name":"Cut The Crap","article_publisher":"https:\/\/www.facebook.com\/Cut-the-Crap-239882412697830\/","article_author":"https:\/\/www.facebook.com\/cut.the.crap.free.fr","article_published_time":"2018-09-12T19:58:26+00:00","article_modified_time":"2018-09-12T20:05:36+00:00","og_image":[{"width":1006,"height":960,"url":"https:\/\/i1.wp.com\/www.incaudavenenum.org\/cut.the.crap\/wp-content\/uploads\/2018\/09\/Capture-d\u2019e\u0301cran-2018-09-12-a\u0300-21.57.11.png?fit=1006%2C960&ssl=1","type":"image\/png"}],"author":"Serge Victor","twitter_card":"summary_large_image","twitter_image":"https:\/\/i0.wp.com\/www.incaudavenenum.org\/cut.the.crap\/wp-content\/uploads\/2018\/09\/Capture-d%E2%80%99e%CC%81cran-2018-09-12-a%CC%80-21.57.11.png?fit=1006%2C960&ssl=1","twitter_creator":"@cutzecrap","twitter_site":"@cutzecrap","twitter_misc":{"\u00c9crit par":"Serge Victor","Dur\u00e9e de lecture estim\u00e9e":"2 minutes"},"schema":{"@context":"https:\/\/schema.org","@graph":[{"@type":"Article","@id":"https:\/\/www.incaudavenenum.org\/cut.the.crap\/en-meme-temps\/#article","isPartOf":{"@id":"https:\/\/www.incaudavenenum.org\/cut.the.crap\/en-meme-temps\/"},"author":{"name":"Serge Victor","@id":"https:\/\/www.incaudavenenum.org\/cut.the.crap\/#\/schema\/person\/39fa901f2f251d6be7e35d8d58a8d1b4"},"headline":"En m\u00eame temps","datePublished":"2018-09-12T19:58:26+00:00","dateModified":"2018-09-12T20:05:36+00:00","mainEntityOfPage":{"@id":"https:\/\/www.incaudavenenum.org\/cut.the.crap\/en-meme-temps\/"},"wordCount":489,"commentCount":0,"publisher":{"@id":"https:\/\/www.incaudavenenum.org\/cut.the.crap\/#organization"},"keywords":["Aude Lancelin","George Orwell","Manuel Valls"],"articleSection":["Citations","Lectures"],"inLanguage":"fr-FR","potentialAction":[{"@type":"CommentAction","name":"Comment","target":["https:\/\/www.incaudavenenum.org\/cut.the.crap\/en-meme-temps\/#respond"]}]},{"@type":"WebPage","@id":"https:\/\/www.incaudavenenum.org\/cut.the.crap\/en-meme-temps\/","url":"https:\/\/www.incaudavenenum.org\/cut.the.crap\/en-meme-temps\/","name":"En m\u00eame temps - Cut The Crap","isPartOf":{"@id":"https:\/\/www.incaudavenenum.org\/cut.the.crap\/#website"},"datePublished":"2018-09-12T19:58:26+00:00","dateModified":"2018-09-12T20:05:36+00:00","breadcrumb":{"@id":"https:\/\/www.incaudavenenum.org\/cut.the.crap\/en-meme-temps\/#breadcrumb"},"inLanguage":"fr-FR","potentialAction":[{"@type":"ReadAction","target":["https:\/\/www.incaudavenenum.org\/cut.the.crap\/en-meme-temps\/"]}]},{"@type":"BreadcrumbList","@id":"https:\/\/www.incaudavenenum.org\/cut.the.crap\/en-meme-temps\/#breadcrumb","itemListElement":[{"@type":"ListItem","position":1,"name":"Accueil","item":"https:\/\/www.incaudavenenum.org\/cut.the.crap\/"},{"@type":"ListItem","position":2,"name":"En m\u00eame temps"}]},{"@type":"WebSite","@id":"https:\/\/www.incaudavenenum.org\/cut.the.crap\/#website","url":"https:\/\/www.incaudavenenum.org\/cut.the.crap\/","name":"Cut The Crap","description":"Blog de gauche","publisher":{"@id":"https:\/\/www.incaudavenenum.org\/cut.the.crap\/#organization"},"potentialAction":[{"@type":"SearchAction","target":{"@type":"EntryPoint","urlTemplate":"https:\/\/www.incaudavenenum.org\/cut.the.crap\/?s={search_term_string}"},"query-input":{"@type":"PropertyValueSpecification","valueRequired":true,"valueName":"search_term_string"}}],"inLanguage":"fr-FR"},{"@type":"Organization","@id":"https:\/\/www.incaudavenenum.org\/cut.the.crap\/#organization","name":"Cut The Crap","url":"https:\/\/www.incaudavenenum.org\/cut.the.crap\/","logo":{"@type":"ImageObject","inLanguage":"fr-FR","@id":"https:\/\/www.incaudavenenum.org\/cut.the.crap\/#\/schema\/logo\/image\/","url":"https:\/\/i1.wp.com\/www.incaudavenenum.org\/cut.the.crap\/wp-content\/uploads\/2018\/01\/cTc.png?fit=100%2C95","contentUrl":"https:\/\/i1.wp.com\/www.incaudavenenum.org\/cut.the.crap\/wp-content\/uploads\/2018\/01\/cTc.png?fit=100%2C95","width":100,"height":95,"caption":"Cut The Crap"},"image":{"@id":"https:\/\/www.incaudavenenum.org\/cut.the.crap\/#\/schema\/logo\/image\/"},"sameAs":["https:\/\/www.facebook.com\/Cut-the-Crap-239882412697830\/","https:\/\/x.com\/cutzecrap"]},{"@type":"Person","@id":"https:\/\/www.incaudavenenum.org\/cut.the.crap\/#\/schema\/person\/39fa901f2f251d6be7e35d8d58a8d1b4","name":"Serge Victor","image":{"@type":"ImageObject","inLanguage":"fr-FR","@id":"https:\/\/secure.gravatar.com\/avatar\/1e2fd85bc69a7e81bf6242704119d1669b9a3ab337deeaf0e9141b764210481a?s=96&d=mm&r=g","url":"https:\/\/secure.gravatar.com\/avatar\/1e2fd85bc69a7e81bf6242704119d1669b9a3ab337deeaf0e9141b764210481a?s=96&d=mm&r=g","contentUrl":"https:\/\/secure.gravatar.com\/avatar\/1e2fd85bc69a7e81bf6242704119d1669b9a3ab337deeaf0e9141b764210481a?s=96&d=mm&r=g","caption":"Serge Victor"},"description":"Militant de gauche, \u00e9cosocialiste, f\u00e9ministe, autogestionnaire","sameAs":["https:\/\/www.incaudavenenum.org\/cut.the.crap\/","https:\/\/www.facebook.com\/cut.the.crap.free.fr","https:\/\/x.com\/cutzecrap"],"url":"https:\/\/www.incaudavenenum.org\/cut.the.crap\/author\/sergevictor\/"}]}},"jetpack_publicize_connections":[],"jetpack_featured_media_url":"","jetpack_shortlink":"https:\/\/wp.me\/p9z98q-me","jetpack_likes_enabled":true,"jetpack-related-posts":[{"id":1749,"url":"https:\/\/www.incaudavenenum.org\/cut.the.crap\/terre\/","url_meta":{"origin":1378,"position":0},"title":"Terre","author":"Serge Victor","date":"1 ao\u00fbt 2019","format":"quote","excerpt":"\"La production capitaliste ne d\u00e9veloppe donc la technique et la combinaison du proc\u00e8s de production sociale qu'en \u00e9puisant en m\u00eame temps les deux sources d'o\u00f9 jaillit toute richesse\u00a0:\u00a0la terre et le travailleur.\" Karl Marx, Le Capital, 1867","rel":"","context":"Dans &quot;Citations&quot;","block_context":{"text":"Citations","link":"https:\/\/www.incaudavenenum.org\/cut.the.crap\/category\/lectures\/citations\/"},"img":{"alt_text":"","src":"","width":0,"height":0},"classes":[]},{"id":772,"url":"https:\/\/www.incaudavenenum.org\/cut.the.crap\/le-jeu-populiste-de-lautomne\/","url_meta":{"origin":1378,"position":1},"title":"Le jeu populiste de l&rsquo;automne","author":"\u1d10T\u1d04","date":"2 octobre 2013","format":false,"excerpt":"A la question : \"vous diriez \u00e0 nouveau qu'il y a aujourd'hui en France une minorit\u00e9 seulement de familles Roms qui ont un projet de vie, qui veulent s'int\u00e9grer en France ?\", un populiste c\u00e9l\u00e8bre a r\u00e9pondu : \"Oui, il faut dire la v\u00e9rit\u00e9 aux Fran\u00e7ais. Ces populations ont des\u2026","rel":"","context":"Dans &quot;Antisocial&quot;","block_context":{"text":"Antisocial","link":"https:\/\/www.incaudavenenum.org\/cut.the.crap\/category\/antisocial\/"},"img":{"alt_text":"","src":"","width":0,"height":0},"classes":[]},{"id":837,"url":"https:\/\/www.incaudavenenum.org\/cut.the.crap\/salaires-en-finir-avec-lemploi\/","url_meta":{"origin":1378,"position":2},"title":"Salaires : en finir avec l&#8217;emploi","author":"\u1d10T\u1d04","date":"19 f\u00e9vrier 2016","format":false,"excerpt":"Voici une contribution d'un camarade de Pantin au projet de programme pour la candidature de Jean-Luc M\u00e9lenchon \u00e0 l'\u00e9lection pr\u00e9sidentielle de 2017, dans la cat\u00e9gorie \"Partager les richesses\" sur la plateforme www.jlm2017.fr. Le SMIC \u00e0 1700 euros propos\u00e9 dans le programme \"L'humain d'abord\" de 2012 reste une mesure n\u00e9cessaire pour\u2026","rel":"","context":"Dans &quot;R\u00e9sistance&quot;","block_context":{"text":"R\u00e9sistance","link":"https:\/\/www.incaudavenenum.org\/cut.the.crap\/category\/resistance\/"},"img":{"alt_text":"","src":"https:\/\/i0.wp.com\/cut.the.crap.free.fr\/images\/affichefranceinsoumise_Page_1.png?resize=350%2C200","width":350,"height":200},"classes":[]},{"id":180,"url":"https:\/\/www.incaudavenenum.org\/cut.the.crap\/demandons-le-protectorat-tunisien\/","url_meta":{"origin":1378,"position":3},"title":"Demandons le protectorat tunisien","author":"\u1d10T\u1d04","date":"20 f\u00e9vrier 2011","format":false,"excerpt":"La Tunisie fit longtemps partie de l'empire colonial fran\u00e7ais en tant que protectorat. En 2011, le peuple tunisien a chass\u00e9 le tyran Ben Ali et son clan, ouvrant la voie pour d'autres r\u00e9volutions, particuli\u00e8rement dans le monde arabe. Mais en France, c'est toujours une oligarchie qui confisque pouvoir et richesse.\u2026","rel":"","context":"Dans &quot;R\u00e9sistance&quot;","block_context":{"text":"R\u00e9sistance","link":"https:\/\/www.incaudavenenum.org\/cut.the.crap\/category\/resistance\/"},"img":{"alt_text":"","src":"","width":0,"height":0},"classes":[]},{"id":1210,"url":"https:\/\/www.incaudavenenum.org\/cut.the.crap\/spectacle\/","url_meta":{"origin":1378,"position":4},"title":"Spectacle","author":"Serge Victor","date":"4 janvier 2018","format":"quote","excerpt":"\u00ab\u00a0Tout ce que l\u2019\u00e9conomie t\u2019enl\u00e8ve de vie et d\u2019humanit\u00e9, elle te le remplace en images et en repr\u00e9sentations ; tout ce que tu ne peux pas faire, tu peux en \u00eatre le spectateur.\u00a0\u00bb Baudouin de Bodinat, La vie sur terre (R\u00e9flexions sur le peu d\u2019avenir que contient le temps o\u00f9\u2026","rel":"","context":"Dans &quot;Citations&quot;","block_context":{"text":"Citations","link":"https:\/\/www.incaudavenenum.org\/cut.the.crap\/category\/lectures\/citations\/"},"img":{"alt_text":"","src":"","width":0,"height":0},"classes":[]},{"id":1702,"url":"https:\/\/www.incaudavenenum.org\/cut.the.crap\/democratie-du-public\/","url_meta":{"origin":1378,"position":5},"title":"D\u00e9mocratie du public","author":"Serge Victor","date":"31 mai 2019","format":"quote","excerpt":"\"Les journ\u00e9es d'action du 17 et du 24 novembre ont \u00e9t\u00e9 suivies par les cha\u00eenes d'information en continu d\u00e8s leur commencement, minute par minute, \u201cen direct\u201d (terme qui est devenu d\u00e9sormais un \u00e9quivalent de communication \u00e0 distance d'\u00e9v\u00e9nements en train de se produire). le samedi 24 novembre au matin, les\u2026","rel":"","context":"Dans &quot;Citations&quot;","block_context":{"text":"Citations","link":"https:\/\/www.incaudavenenum.org\/cut.the.crap\/category\/lectures\/citations\/"},"img":{"alt_text":"","src":"","width":0,"height":0},"classes":[]}],"jetpack_sharing_enabled":true,"_links":{"self":[{"href":"https:\/\/www.incaudavenenum.org\/cut.the.crap\/wp-json\/wp\/v2\/posts\/1378","targetHints":{"allow":["GET"]}}],"collection":[{"href":"https:\/\/www.incaudavenenum.org\/cut.the.crap\/wp-json\/wp\/v2\/posts"}],"about":[{"href":"https:\/\/www.incaudavenenum.org\/cut.the.crap\/wp-json\/wp\/v2\/types\/post"}],"author":[{"embeddable":true,"href":"https:\/\/www.incaudavenenum.org\/cut.the.crap\/wp-json\/wp\/v2\/users\/1"}],"replies":[{"embeddable":true,"href":"https:\/\/www.incaudavenenum.org\/cut.the.crap\/wp-json\/wp\/v2\/comments?post=1378"}],"version-history":[{"count":6,"href":"https:\/\/www.incaudavenenum.org\/cut.the.crap\/wp-json\/wp\/v2\/posts\/1378\/revisions"}],"predecessor-version":[{"id":1385,"href":"https:\/\/www.incaudavenenum.org\/cut.the.crap\/wp-json\/wp\/v2\/posts\/1378\/revisions\/1385"}],"wp:attachment":[{"href":"https:\/\/www.incaudavenenum.org\/cut.the.crap\/wp-json\/wp\/v2\/media?parent=1378"}],"wp:term":[{"taxonomy":"category","embeddable":true,"href":"https:\/\/www.incaudavenenum.org\/cut.the.crap\/wp-json\/wp\/v2\/categories?post=1378"},{"taxonomy":"post_tag","embeddable":true,"href":"https:\/\/www.incaudavenenum.org\/cut.the.crap\/wp-json\/wp\/v2\/tags?post=1378"}],"curies":[{"name":"wp","href":"https:\/\/api.w.org\/{rel}","templated":true}]}}