{"id":1426,"date":"2018-12-28T21:14:12","date_gmt":"2018-12-28T20:14:12","guid":{"rendered":"http:\/\/www.incaudavenenum.org\/cut.the.crap\/?p=1426"},"modified":"2019-01-02T00:35:28","modified_gmt":"2019-01-01T23:35:28","slug":"oui-au-ric-non-au-fetichisme-du-ric","status":"publish","type":"post","link":"https:\/\/www.incaudavenenum.org\/cut.the.crap\/oui-au-ric-non-au-fetichisme-du-ric\/","title":{"rendered":"Oui au RIC, non au f\u00e9tichisme du RIC"},"content":{"rendered":"\n<p class=\"has-drop-cap\">Le mouvement des Gilets Jaunes a connu plusieurs phases : d&rsquo;abord apparu comme un mouvement anti-fiscal aux relents poujadistes, il s&rsquo;est enrichi ensuite de revendications sociales et d\u00e9mocratiques \u00e0 dominante progressiste (au point qu&rsquo;une bonne partie d&rsquo;entre elles figurent d\u00e9j\u00e0 dans le programme \u00ab\u00a0<a href=\"https:\/\/lafranceinsoumise.fr\/2018\/12\/17\/demandes-des-gilets-jaunes-les-propositions-de-la-france-insoumise-toutes-rejetees-par-en-marche\/\">L&rsquo;Avenir en commun<\/a>\u00a0\u00bb de la France Insoumise) qui ont permis \u00e0 certains militants de gauche ou syndicalistes d&rsquo;abord r\u00e9ticents (j&rsquo;en suis) de converger finalement avec cette lutte populaire. D&rsquo;abord cantonn\u00e9 \u00e0 un blocage des flux, le mouvement a ensuite pris une dimension insurrectionnelle avec des assauts lanc\u00e9s contre les lieux de pouvoir (Elys\u00e9e, pr\u00e9fectures&#8230;). Apr\u00e8s plus d&rsquo;un mois d&rsquo;actions soumises \u00e0 une r\u00e9pression sans pr\u00e9c\u00e9dent de la part d&rsquo;un pouvoir aux abois, une revendication a \u00e9merg\u00e9 parmi les Gilets Jaunes, sur les ronds-points occup\u00e9s, les barrages, dans les groupes Facebook, les boucles Telegram, via aussi certains des initiateurs du mouvement : le Referendum d&rsquo;Initiative Citoyenne (RIC).&nbsp;<\/p>\n\n\n\n<!--more-->\n\n\n\n<p>Cette id\u00e9e ne date pas d&rsquo;hier. Selon <a rel=\"noreferrer noopener\" aria-label=\"Selon Dominique Rousseau, le r\u00e9f\u00e9rendum d'initiative populaire &quot;\u00e9tait pr\u00e9vu dans la Constitution de 1793. Les lois \u00e9taient vot\u00e9es par l\u2019Assembl\u00e9e et devaient \u00eatre envoy\u00e9es dans les d\u00e9partements&nbsp;; si, dans les quarante jours, dans la moiti\u00e9 des d\u00e9partements plus un, le dixi\u00e8me des assembl\u00e9es primaires faisait des objections, un r\u00e9f\u00e9rendum devait \u00eatre organis\u00e9&nbsp;; sinon, la loi \u00e9tait d\u00e9finitivement adopt\u00e9e&quot;. (opens in a new tab)\" href=\"https:\/\/www.lemonde.fr\/idees\/article\/2018\/12\/18\/le-referendum-d-initiative-citoyenne-n-est-pas-une-idee-nouvelle_5399131_3232.html\" target=\"_blank\">Dominique Rousseau<\/a>, le r\u00e9f\u00e9rendum d&rsquo;initiative populaire \u00ab\u00a0\u00e9tait [d\u00e9j\u00e0] pr\u00e9vu dans la Constitution de 1793. Les lois \u00e9taient vot\u00e9es par l\u2019Assembl\u00e9e et devaient \u00eatre envoy\u00e9es dans les d\u00e9partements&nbsp;; si, dans les quarante jours, dans la moiti\u00e9 des d\u00e9partements plus un, le dixi\u00e8me des assembl\u00e9es primaires faisait des objections, un r\u00e9f\u00e9rendum devait \u00eatre organis\u00e9&nbsp;; sinon, la loi \u00e9tait d\u00e9finitivement adopt\u00e9e\u00a0\u00bb. La Commune de Paris en 1871 a bri\u00e8vement appliqu\u00e9 la d\u00e9mocratie directe. En 2001, Arnaud Montebourg d\u00e9fendait \u00e9galement l&rsquo;id\u00e9e de referendum d&rsquo;initiative populaire, et en 2014 le Parti de Gauche avait organis\u00e9 une votation citoyenne \u00e0 propos du referendum r\u00e9vocatoire, qui figura par la suite dans le <a href=\"https:\/\/laec.fr\/section\/3\/une-republique-permettant-l-intervention-populaire\" target=\"_blank\" rel=\"noreferrer noopener\" aria-label=\"programme de Jean-Luc M\u00e9lenchon en 2017 (opens in a new tab)\">programme de Jean-Luc M\u00e9lenchon en 2017<\/a>.&nbsp;<br>Le referendum d&rsquo;initiative populaire ou citoyenne existe d\u00e9j\u00e0 dans plusieurs Etats : en Suisse, en Italie, en Slov\u00e9nie ou encore en Californie, avec diff\u00e9rentes modalit\u00e9s et restrictions.&nbsp;<\/p>\n\n\n\n<p>Quant aux Gilets Jaunes, la revendication du RIC a d&rsquo;abord \u00e9t\u00e9 incluse parmi <a rel=\"noreferrer noopener\" aria-label=\"Quant aux Gilets Jaunes, la revendication du RIC a d'abord \u00e9t\u00e9 incluse parmi 42 propositions (plut\u00f4t progressistes) aussi vari\u00e9es que le r\u00e9tablissement de l'ISF, le SMIC \u00e0 1300\u20ac, l'accueil des r\u00e9fugi\u00e9s... (opens in a new tab)\" href=\"https:\/\/blogs.mediapart.fr\/jeremiechayet\/blog\/021218\/liste-des-42-revendications-des-gilets-jaunes\" target=\"_blank\">42 propositions<\/a> (plut\u00f4t progressistes) aussi vari\u00e9es que le r\u00e9tablissement de l&rsquo;ISF, le SMIC \u00e0 1300\u20ac, l&rsquo;accueil des r\u00e9fugi\u00e9s&#8230; Elle traduit \u00e9videmment une demande de d\u00e9mocratie tout \u00e0 fait louable au moment o\u00f9 la monarchie pr\u00e9sidentielle de la 5e R\u00e9publique semble \u00e0 bout de souffle et laisse le citoyen avec le sentiment d&rsquo;\u00eatre d\u00e9poss\u00e9d\u00e9 de toute possibilit\u00e9 de peser r\u00e9ellement sur les politiques men\u00e9es. Personnellement, je soutiens enti\u00e8rement cette demande et accorde peu de poids aux objections les plus couramment pos\u00e9es : le RIC pourrait permettre le retour de la peine de mort ou autre mesure r\u00e9actionnaire, ce serait la porte ouverte \u00e0 tous les abus d\u00e9magogiques, la possible r\u00e9vocation des \u00e9lus conduirait \u00e0 l&rsquo;instabilit\u00e9, etc. En fait, il s&rsquo;agit l\u00e0 d&rsquo;un proc\u00e8s fait par avance au peuple, suspect de mal penser et de pouvoir mal voter. On peut d&rsquo;ailleurs transposer la m\u00eame suspicion sur les \u00e9lections. Effectivement, le peuple peut faire d\u00e9mocratiquement des choix contestables. Sinon, Macron n&rsquo;aurait pas \u00e9t\u00e9 \u00e9lu pr\u00e9sident. En fait, il s&rsquo;agit l\u00e0 d&rsquo;un proc\u00e8s intent\u00e9 \u00e0 la d\u00e9mocratie elle-m\u00eame. Interrog\u00e9 sur le RIC et sur l&rsquo;hypoth\u00e8se d&rsquo;une remise en cause du mariage pour tous par ce bais, le d\u00e9put\u00e9 <a rel=\"noreferrer noopener\" aria-label=\"Alexis Corbi\u00e8re (opens in a new tab)\" href=\"https:\/\/www.rtl.fr\/actu\/politique\/relegitimer-le-mariage-pour-tous-alexis-corbiere-declenche-une-polemique-7795977910\" target=\"_blank\">Alexis Corbi\u00e8re<\/a> n&rsquo;a pas \u00e9cart\u00e9 l&rsquo;\u00e9ventualit\u00e9, pr\u00e9cisant tout de m\u00eame qu&rsquo;un RIC aurait toutes les chances de \u00ab\u00a0rel\u00e9gitimiter\u00a0\u00bb (terme maladroit) le mariage pour tous, la population \u00e9tant majoritairement acquise d\u00e9sormais \u00e0 celui-ci. Les tartuffes qui ont aussit\u00f4t accus\u00e9 b\u00eatement Corbi\u00e8re de vouloir remettre en question le mariage gay (il n&rsquo;avait \u00e9videmment rien dit de tel) devraient remettre en question l&rsquo;\u00e9lection pr\u00e9sidentielle autant que le RIC : en effet, lors de l&rsquo;\u00e9lection pr\u00e9sidentielle de 2017, le candidat Fran\u00e7ois Fillon qui \u00e9tait le grand favori avant l&rsquo;affaire P\u00e9n\u00e9lope, \u00e9tait un adversaire r\u00e9solu du mariage pour tous, sur lequel il avait promis de revenir.&nbsp;Pourtant, je n&rsquo;ai vu \u00e0 l&rsquo;\u00e9poque aucun partisan du mariage pour tous r\u00e9clamer la suppression de l&rsquo;\u00e9lection pr\u00e9sidentielle parce que trop dangereuse.<\/p>\n\n\n\n<p>En r\u00e9alit\u00e9, il existe \u00e9videmment des garde-fous possibles vis-\u00e0-vis du RIC. On peut imaginer que des \u00e9l\u00e9ments de loi soient s\u00e9curis\u00e9s par une constitutionnalisation, et pr\u00e9voir \u00e9galement un seuil plus important de signatures pour pourvoir lancer un referendum portant modification de la constitution. Le RIC n&rsquo;est donc pas l&rsquo;objet mal\u00e9fique que ses contempteurs h\u00e2tifs veulent y voir.<\/p>\n\n\n\n<p>Pour autant, le RIC, comme tout arsenal institutionnel, n&rsquo;est pas non plus une baguette magique. En effet, pour lancer une campagne de signatures et ensuite une campagne en vue du \u00ab\u00a0oui\u00a0\u00bb ou du \u00ab\u00a0non\u00a0\u00bb au referendum ainsi suscit\u00e9, il faut une capacit\u00e9 de mobilisation de l&rsquo;opinion que des forces s&rsquo;appuyant par exemple sur <a rel=\"noreferrer noopener\" aria-label=\"Pour autant, le RIC, comme tout arsenal institutionnel, n'est pas non plus une baguette magique. En effet, pour lancer une campagne de signatures et ensuite une campagne en vue du &quot;oui&quot; ou du &quot;non&quot; au referendum ainsi suscit\u00e9, il faut une capacit\u00e9 de mobilisation de l'opinion que des forces s'appuyant par exemple sur la propri\u00e9t\u00e9 des m\u00e9dias ont bien davantage que les simples citoyens ou les forces politiques, associatives ou syndicales b\u00e9n\u00e9ficiant de moins de moyens que les 10 milliardaires poss\u00e9dant aujourd'hui 90% des grands m\u00e9dias fran\u00e7ais. (opens in a new tab)\" href=\"https:\/\/www.monde-diplomatique.fr\/cartes\/PPA\" target=\"_blank\">la propri\u00e9t\u00e9 des m\u00e9dias<\/a> ont bien davantage que les simples citoyens ou les forces politiques, associatives ou syndicales b\u00e9n\u00e9ficiant de moins de moyens que <a rel=\"noreferrer noopener\" aria-label=\"Pour autant, le RIC, comme tout arsenal institutionnel, n'est pas non plus une baguette magique. En effet, pour lancer une campagne de signatures et ensuite une campagne en vue du &quot;oui&quot; ou du &quot;non&quot; au referendum ainsi suscit\u00e9, il faut une capacit\u00e9 de mobilisation de l'opinion que des forces s'appuyant par exemple sur la propri\u00e9t\u00e9 des m\u00e9dias ont bien davantage que les simples citoyens ou les forces politiques, associatives ou syndicales b\u00e9n\u00e9ficiant de moins de moyens que les 10 milliardaires poss\u00e9dant aujourd'hui 90% des grands m\u00e9dias fran\u00e7ais. (opens in a new tab)\" href=\"http:\/\/osonscauser.com\/medias-pourquoi-10-milliardaires-controlent-ils-notre-information\/\" target=\"_blank\">les 10 milliardaires poss\u00e9dant aujourd&rsquo;hui 90% des grands m\u00e9dias fran\u00e7ais<\/a>. Ainsi, des forces \u00e9mancipatrices devraient d\u00e9ployer bien plus d&rsquo;\u00e9nergie pour obtenir des avanc\u00e9es sociales ou \u00e9cologiques que l&rsquo;oligarchie pour maintenir le <em>statu quo<\/em>. C&rsquo;est d&rsquo;ailleurs ce qui s&rsquo;observe en Suisse o\u00f9, comme le rappelait <a rel=\"noreferrer noopener\" aria-label=\"Pour autant, le RIC, comme tout arsenal institutionnel, n'est pas non plus une baguette magique. En effet, pour lancer une campagne de signatures et ensuite une campagne en vue du &quot;oui&quot; ou du &quot;non&quot; au referendum ainsi suscit\u00e9, il faut une capacit\u00e9 de mobilisation de l'opinion que des forces s'appuyant par exemple sur la propri\u00e9t\u00e9 des m\u00e9dias ont bien davantage que les simples citoyens ou les forces politiques, associatives ou syndicales b\u00e9n\u00e9ficiant de moins de moyens que les 10 milliardaires poss\u00e9dant aujourd'hui 90% des grands m\u00e9dias fran\u00e7ais. Ainsi, des forces \u00e9mancipatrices devraient d\u00e9ployer bien plus d'\u00e9nergie pour obtenir des avanc\u00e9es sociales ou \u00e9cologiques que l'oligarchie pour maintenir le statu quo. C'est d'ailleurs ce qui s'observe en Suisse o\u00f9, comme le rappelait une \u00e9mission du site Arr\u00eat Sur Images, &quot;r\u00e9f\u00e9rendum ne veut pas forc\u00e9ment dire pouvoir direct du citoyen de proposer des lois : ce sont des groupes constitu\u00e9s, bien souvent, qui arrivent \u00e0 r\u00e9colter assez de signatures pour imposer un r\u00e9f\u00e9rendum. Werly abonde :&nbsp;&quot;C'est tr\u00e8s rare qu'un citoyen lambda soit \u00e0 l'initiative d'un vote&quot;&nbsp; (opens in a new tab)\" href=\"https:\/\/www.arretsurimages.net\/emissions\/arret-sur-images\/referendums-en-suisse-cest-tres-rare-quun-citoyen-lambda-soit-a-linitiative\" target=\"_blank\">une \u00e9mission du site Arr\u00eat Sur Images<\/a>, \u00ab\u00a0r\u00e9f\u00e9rendum ne veut pas forc\u00e9ment dire pouvoir direct du citoyen de proposer des lois : ce sont des groupes constitu\u00e9s, bien souvent, qui arrivent \u00e0 r\u00e9colter assez de signatures pour imposer un r\u00e9f\u00e9rendum\u00a0\u00bb. Dans ces conditions, on peut concevoir le RIC comme un outil d&rsquo;approfondissement de la d\u00e9mocratie, de pr\u00e9f\u00e9rence dans le cadre d&rsquo;une refonte globale des institutions en vue de l&rsquo;instauration d&rsquo;une 6e R\u00e9publique d\u00e9mocratique, \u00e9cologique et sociale. Mais aucune r\u00e9forme institutionnelle et aucun outil juridique ne sauraient \u00e9liminer compl\u00e8tement les rapports de domination qui traversent la soci\u00e9t\u00e9. Le droit n&rsquo;est toujours qu&rsquo;un rapport de force cristallis\u00e9, et pour que le rapport de force soit favorable au peuple contre l&rsquo;oligarchie capitaliste, on ne peut s&rsquo;en remettre aux institutions, fussent-elles plus d\u00e9mocratiques que les institutions actuelles. Le renforcement de la d\u00e9mocratie dans les institutions n&rsquo;est donc pas une fin en soi de l&rsquo;action politique et sa r\u00e9alisation ne saurait permettre comme par magie le renversement des dominations de classe.&nbsp;<\/p>\n\n\n\n<p>Or, depuis quelque temps, on observe au sein du mouvement des Gilets Jaunes, \u00e0 travers des prises de position de <a rel=\"noreferrer noopener\" aria-label=\"Or, depuis quelque temps, on observe au sein du mouvement des Gilets Jaunes, \u00e0 travers des prises de position de Maxime Nicolle (alias Fly Rider), par exemple, mais aussi via une propagande intensive sur les r\u00e9seaux sociaux de &quot;Gentils Virus&quot;, \u00e0 une grande offensive pour restreindre les revendications des Gilets Jaunes au seul RIC, au motif que tout le reste s'en suivrait une fois le RIC obtenu. Derri\u00e8re cette offensive, nul autre qu'Etienne Chouard, promoteur infatigable du RIC depuis des ann\u00e9es, qui f\u00e9tichise celui-ci comme il l'avait d\u00e9j\u00e0 fait avec le tirage au sort. On rappellera donc, y compris au camarade Fran\u00e7ois Ruffin (qui semble l'avoir oubli\u00e9), qu'Etienne Chouard s'est rendu infr\u00e9quentable aux yeux de toute la gauche (y compris de Fr\u00e9d\u00e9ric Lordon) par ses propos confusionnistes en faveur du nazi Alain Soral (qu'il qualifiait de &quot;r\u00e9sistant&quot;), sa mani\u00e8re de dire que le FN \u00e9tait &quot;de gauche&quot;, son adh\u00e9sion aux th\u00e8ses complotistes de Thierry Meyssan, Eustace Mullins ou Anthony Sutton, bref par sa proximit\u00e9 avec l'extr\u00eame-droite. (opens in a new tab)\" href=\"https:\/\/www.lesinrocks.com\/2018\/12\/15\/actualite\/maxime-nicolle-comment-une-figure-charismatique-des-gilets-jaunes-est-devenue-complotiste-111151856\/\" target=\"_blank\">Maxime Nicolle<\/a> (alias Fly Rider), par exemple, mais aussi via une propagande intensive sur les r\u00e9seaux sociaux de \u00ab\u00a0<a rel=\"noreferrer noopener\" aria-label=\"Or, depuis quelque temps, on observe au sein du mouvement des Gilets Jaunes, \u00e0 travers des prises de position de Maxime Nicolle (alias Fly Rider), par exemple, mais aussi via une propagande intensive sur les r\u00e9seaux sociaux de &quot;Gentils Virus&quot;, \u00e0 une grande offensive pour restreindre les revendications des Gilets Jaunes au seul RIC, au motif que tout le reste s'en suivrait une fois le RIC obtenu. Derri\u00e8re cette offensive, nul autre qu'Etienne Chouard, promoteur infatigable du RIC depuis des ann\u00e9es, qui f\u00e9tichise celui-ci comme il l'avait d\u00e9j\u00e0 fait avec le tirage au sort. On rappellera donc, y compris au camarade Fran\u00e7ois Ruffin (qui semble l'avoir oubli\u00e9), qu'Etienne Chouard s'est rendu infr\u00e9quentable aux yeux de toute la gauche (y compris de Fr\u00e9d\u00e9ric Lordon) par ses propos confusionnistes en faveur du nazi Alain Soral (qu'il qualifiait de &quot;r\u00e9sistant&quot;), sa mani\u00e8re de dire que le FN \u00e9tait &quot;de gauche&quot;, son adh\u00e9sion aux th\u00e8ses complotistes de Thierry Meyssan, Eustace Mullins ou Anthony Sutton, bref par sa proximit\u00e9 avec l'extr\u00eame-droite. (opens in a new tab)\" href=\"https:\/\/www.lesinrocks.com\/2014\/11\/23\/actualite\/comment-les-gentils-virus-detienne-chouard-contaminent-web-11536153\/\" target=\"_blank\">Gentils Virus<\/a>\u00ab\u00a0, \u00e0 une grande offensive pour <a rel=\"noreferrer noopener\" aria-label=\"Or, depuis quelque temps, on observe au sein du mouvement des Gilets Jaunes, \u00e0 travers des prises de position de Maxime Nicolle (alias Fly Rider), par exemple, mais aussi via une propagande intensive sur les r\u00e9seaux sociaux de &quot;Gentils Virus&quot;, \u00e0 une grande offensive pour restreindre les revendications des Gilets Jaunes au seul RIC, au motif que tout le reste s'en suivrait une fois le RIC obtenu. Derri\u00e8re cette offensive, nul autre qu'Etienne Chouard, promoteur infatigable du RIC depuis des ann\u00e9es, qui f\u00e9tichise celui-ci comme il l'avait d\u00e9j\u00e0 fait avec le tirage au sort. On rappellera donc, y compris au camarade Fran\u00e7ois Ruffin (qui semble l'avoir oubli\u00e9), qu'Etienne Chouard s'est rendu infr\u00e9quentable aux yeux de toute la gauche (y compris de Fr\u00e9d\u00e9ric Lordon) par ses propos confusionnistes en faveur du nazi Alain Soral (qu'il qualifiait de &quot;r\u00e9sistant&quot;), sa mani\u00e8re de dire que le FN \u00e9tait &quot;de gauche&quot;, son adh\u00e9sion aux th\u00e8ses complotistes de Thierry Meyssan, Eustace Mullins ou Anthony Sutton, bref par sa proximit\u00e9 avec l'extr\u00eame-droite. (opens in a new tab)\" href=\"https:\/\/www.liberation.fr\/debats\/2018\/12\/21\/comment-le-ric-s-est-impose-comme-la-revendication-numero-1-des-gilets-jaunes_1699032\" target=\"_blank\">restreindre les revendications des Gilets Jaunes au seul RIC<\/a>, au motif que tout le reste s&rsquo;en suivrait une fois le RIC obtenu. Derri\u00e8re cette offensive, nul autre qu&rsquo;Etienne Chouard, promoteur infatigable du RIC depuis des ann\u00e9es, qui f\u00e9tichise celui-ci comme il l&rsquo;avait d\u00e9j\u00e0 fait avec le <a rel=\"noreferrer noopener\" aria-label=\"Or, depuis quelque temps, on observe au sein du mouvement des Gilets Jaunes, \u00e0 travers des prises de position de Maxime Nicolle (alias Fly Rider), par exemple, mais aussi via une propagande intensive sur les r\u00e9seaux sociaux de &quot;Gentils Virus&quot;, \u00e0 une grande offensive pour restreindre les revendications des Gilets Jaunes au seul RIC, au motif que tout le reste s'en suivrait une fois le RIC obtenu. Derri\u00e8re cette offensive, nul autre qu'Etienne Chouard, promoteur infatigable du RIC depuis des ann\u00e9es, qui f\u00e9tichise celui-ci comme il l'avait d\u00e9j\u00e0 fait avec le tirage au sort. On rappellera donc, y compris au camarade Fran\u00e7ois Ruffin (qui semble l'avoir oubli\u00e9), qu'Etienne Chouard s'est rendu infr\u00e9quentable aux yeux de toute la gauche (y compris de Fr\u00e9d\u00e9ric Lordon) par ses propos confusionnistes en faveur du nazi Alain Soral (qu'il qualifiait de &quot;r\u00e9sistant&quot;), sa mani\u00e8re de dire que le FN \u00e9tait &quot;de gauche&quot;, son adh\u00e9sion aux th\u00e8ses complotistes de Thierry Meyssan, Eustace Mullins ou Anthony Sutton, bref par sa proximit\u00e9 avec l'extr\u00eame-droite. (opens in a new tab)\" href=\"https:\/\/www.revue-ballast.fr\/clement-senechal-tirage-sort-antipolitique\/\" target=\"_blank\">tirage au sort<\/a>,&nbsp;particuli\u00e8rement&nbsp;en&nbsp;2014,&nbsp;lors&nbsp;de&nbsp;la&nbsp;cr\u00e9ation&nbsp;du&nbsp;Mouvement&nbsp;pour&nbsp;la&nbsp;6\u00e8me&nbsp;R\u00e9publique,&nbsp;que&nbsp;<a rel=\"noreferrer noopener\" aria-label=\"ses&nbsp;partisans&nbsp;avaient&nbsp;violemment&nbsp;troll\u00e9 (opens in a new tab)\" href=\"https:\/\/blogs.mediapart.fr\/serge-victor\/blog\/210415\/confidences-et-mises-en-garde-d-un-ex-lieutenant-d-etienne-chouard\" target=\"_blank\">ses&nbsp;partisans&nbsp;avaient&nbsp;violemment&nbsp;troll\u00e9<\/a>. On rappellera donc, y compris au camarade <a rel=\"noreferrer noopener\" aria-label=\"Or, depuis quelque temps, on observe au sein du mouvement des Gilets Jaunes, \u00e0 travers des prises de position de Maxime Nicolle (alias Fly Rider), par exemple, mais aussi via une propagande intensive sur les r\u00e9seaux sociaux de &quot;Gentils Virus&quot;, \u00e0 une grande offensive pour restreindre les revendications des Gilets Jaunes au seul RIC, au motif que tout le reste s'en suivrait une fois le RIC obtenu. Derri\u00e8re cette offensive, nul autre qu'Etienne Chouard, promoteur infatigable du RIC depuis des ann\u00e9es, qui f\u00e9tichise celui-ci comme il l'avait d\u00e9j\u00e0 fait avec le tirage au sort. On rappellera donc, y compris au camarade Fran\u00e7ois Ruffin (qui semble l'avoir oubli\u00e9), qu'Etienne Chouard s'est rendu infr\u00e9quentable aux yeux de toute la gauche (y compris de Fr\u00e9d\u00e9ric Lordon) par ses propos confusionnistes en faveur du nazi Alain Soral (qu'il qualifiait de &quot;r\u00e9sistant&quot;), sa mani\u00e8re de dire que le FN \u00e9tait &quot;de gauche&quot;, son adh\u00e9sion aux th\u00e8ses complotistes de Thierry Meyssan, Eustace Mullins ou Anthony Sutton, bref par sa proximit\u00e9 avec l'extr\u00eame-droite. (opens in a new tab)\" href=\"https:\/\/www.liberation.fr\/france\/2018\/12\/19\/quand-ruffin-cite-chouard-un-hommage-facheux_1698848\" target=\"_blank\">Fran\u00e7ois Ruffin<\/a> (qui semble l&rsquo;avoir oubli\u00e9), qu&rsquo;Etienne Chouard s&rsquo;est rendu infr\u00e9quentable aux yeux de toute la gauche (y compris de <a rel=\"noreferrer noopener\" aria-label=\"Or, depuis quelque temps, on observe au sein du mouvement des Gilets Jaunes, \u00e0 travers des prises de position de Maxime Nicolle (alias Fly Rider), par exemple, mais aussi via une propagande intensive sur les r\u00e9seaux sociaux de &quot;Gentils Virus&quot;, \u00e0 une grande offensive pour restreindre les revendications des Gilets Jaunes au seul RIC, au motif que tout le reste s'en suivrait une fois le RIC obtenu. Derri\u00e8re cette offensive, nul autre qu'Etienne Chouard, promoteur infatigable du RIC depuis des ann\u00e9es, qui f\u00e9tichise celui-ci comme il l'avait d\u00e9j\u00e0 fait avec le tirage au sort. On rappellera donc, y compris au camarade Fran\u00e7ois Ruffin (qui semble l'avoir oubli\u00e9), qu'Etienne Chouard s'est rendu infr\u00e9quentable aux yeux de toute la gauche (y compris de Fr\u00e9d\u00e9ric Lordon) par ses propos confusionnistes en faveur du nazi Alain Soral (qu'il qualifiait de &quot;r\u00e9sistant&quot;), sa mani\u00e8re de dire que le FN \u00e9tait &quot;de gauche&quot;, son adh\u00e9sion aux th\u00e8ses complotistes de Thierry Meyssan, Eustace Mullins ou Anthony Sutton, bref par sa proximit\u00e9 avec l'extr\u00eame-droite. (opens in a new tab)\" href=\"http:\/\/observatoiredesreseaux.info\/2016\/04\/29\/entre-lordon-chouard-rupture-categorique-definitive\/\" target=\"_blank\">Fr\u00e9d\u00e9ric Lordon<\/a>) par ses propos confusionnistes en faveur du nazi Alain Soral (qu&rsquo;il qualifiait de \u00ab\u00a0r\u00e9sistant\u00a0\u00bb), sa mani\u00e8re de dire que le FN \u00e9tait \u00ab\u00a0de gauche\u00a0\u00bb, son adh\u00e9sion aux th\u00e8ses complotistes de Thierry Meyssan, Eustace Mullins ou Anthony Sutton, bref par sa proximit\u00e9 avec l&rsquo;extr\u00eame-droite, et que non, il n&rsquo;a pas du tout mis fin \u00e0 \u00ab\u00a0ses \u00e9tranges liens\u00a0\u00bb. Lorsqu&rsquo;il a fini par reconna\u00eetre le racisme, le sexisme et l&rsquo;autoritarisme de Soral (qu&rsquo;il avait longtemps ni\u00e9s), puis par retirer de son blog le lien vers le site de Soral (lien qu&rsquo;il a ensuite remis, avant d&rsquo;enlever tous ses liens sans distinction !), il l&rsquo;a fait, contraint et forc\u00e9 (pour pouvoir s&rsquo;occuper de ses \u00ab\u00a0ateliers constituants sans plus avoir \u00e0 se justifier de sa coupable complaisance avec l&rsquo;extr\u00eame-droite la plus inf\u00e2me), en des termes qui restent totalement inadmissibles, reconnaissant tout de m\u00eame \u00e0 Soral d&rsquo;\u00eatre dans une \u00ab\u00a0lutte l\u00e9gitime et courageuse contre de redoutables projets de domination\u00a0\u00bb (\u00ab\u00a0r\u00e9sistance qui m\u2019int\u00e9resse toujours et dont je ne me d\u00e9solidarise pas\u00a0\u00bb, dit-il) \u2014 omettant de signaler que l&rsquo;obsession du nazi Soral n&rsquo;est rien d&rsquo;autre qu&rsquo;une pr\u00e9tendue \u00ab\u00a0domination juive\u00a0\u00bb. Il pr\u00e9cisait aussi : \u00ab\u00a0je supprime le lien de mon site vers Soral. D\u00e9sormais, je ferai le filtre, en \u00e9voquant moi-m\u00eame les auteurs que je trouve utiles, comme Shlomo Sand, Jacob Cohen, Bernard Lazare, Isra\u00ebl Shahak, Gilad Atzmon, Norman Finkelstein, Gideon Levy, Mearsheimer et Walt, \u00c9ric Hazan, etc.\u00a0\u00bb Il r\u00e9alisait ainsi le tour de force de mettre sur le m\u00eame plan que des auteurs de gauche comme Eric Hazan les d\u00e9lirants Jacob Cohen et Gilad Atzmon, proches de Soral, ce m\u00eame Soral dont il faisait mine de se distancer (de bien mauvaise gr\u00e2ce d\u00e9cid\u00e9ment&nbsp;!). Mais de l&rsquo;eau a peut-\u00eatre coul\u00e9 sous les ponts depuis 2014 ? Cela reste \u00e0 prouver. Le 24 novembre 2018, Chouard relayait encore sur sa page Facebook <a rel=\"noreferrer noopener\" aria-label=\"Or, depuis quelque temps, on observe au sein du mouvement des Gilets Jaunes, \u00e0 travers des prises de position de Maxime Nicolle (alias Fly Rider), par exemple, mais aussi via une propagande intensive sur les r\u00e9seaux sociaux de &quot;Gentils Virus&quot;, \u00e0 une grande offensive pour restreindre les revendications des Gilets Jaunes au seul RIC, au motif que tout le reste s'en suivrait une fois le RIC obtenu. Derri\u00e8re cette offensive, nul autre qu'Etienne Chouard, promoteur infatigable du RIC depuis des ann\u00e9es, qui f\u00e9tichise celui-ci comme il l'avait d\u00e9j\u00e0 fait avec le tirage au sort. On rappellera donc, y compris au camarade Fran\u00e7ois Ruffin (qui semble l'avoir oubli\u00e9), qu'Etienne Chouard s'est rendu infr\u00e9quentable aux yeux de toute la gauche (y compris de Fr\u00e9d\u00e9ric Lordon) par ses propos confusionnistes en faveur du nazi Alain Soral (qu'il qualifiait de &quot;r\u00e9sistant&quot;), sa mani\u00e8re de dire que le FN \u00e9tait &quot;de gauche&quot;, son adh\u00e9sion aux th\u00e8ses complotistes de Thierry Meyssan, Eustace Mullins ou Anthony Sutton, bref par sa proximit\u00e9 avec l'extr\u00eame-droite, et que non, il n'a pas du tout mis fin \u00e0 &quot;ses \u00e9tranges liens&quot;. Lorsqu'il a fini par reconna\u00eetre le racisme, le sexisme et l'autoritarisme de Soral (qu'il avait longtemps ni\u00e9s), puis par retirer de son blog le lien vers le site de Soral (lien qu'il a ensuite remis, avant d'enlever tous ses liens sans distinction !), il l'a fait, contraint et forc\u00e9 (pour pouvoir s'occuper de ses &quot;ateliers constituants sans plus avoir \u00e0 se justifier de sa coupable complaisance avec l'extr\u00eame-droite la plus inf\u00e2me), en des termes qui restent totalement inadmissibles, reconnaissant tout de m\u00eame \u00e0 Soral d'\u00eatre dans une &quot;lutte l\u00e9gitime et courageuse contre de redoutables projets de domination&quot; (&quot;r\u00e9sistance qui m\u2019int\u00e9resse toujours et dont je ne me d\u00e9solidarise pas&quot;, dit-il) \u2014 omettant de signaler que l'obsession du nazi Soral n'est rien d'autre qu'une pr\u00e9tendue &quot;domination juive&quot;. Il pr\u00e9cisait aussi : &quot;je supprime le lien de mon site vers Soral. D\u00e9sormais, je ferai le filtre, en \u00e9voquant moi-m\u00eame les auteurs que je trouve utiles, comme Shlomo Sand, Jacob Cohen, Bernard Lazare, Isra\u00ebl Shahak, Gilad Atzmon, Norman Finkelstein, Gideon Levy, Mearsheimer et Walt, \u00c9ric Hazan, etc.&quot; Il r\u00e9alisait ainsi le tour de force de mettre sur le m\u00eame plan que des auteurs de gauche comme Eric Hazan les d\u00e9lirants Jacob Cohen et Gilad Atzmon, proches de Soral dont il faisait mine de se distancer. Mais de l'eau a peut-\u00eatre coul\u00e9 sous les ponts depuis 2014 ? Cela reste \u00e0 prouver. Le 24 novembre 2018, Chouard relayait encore sur sa page Facebook une publication de Jean Bricmont, d\u00e9fenseur des n\u00e9gationnistes et soutien de l'UPR, le parti confusionniste d'Asselineau pour lequel Chouard avait d'ailleurs appel\u00e9 \u00e0 voter en 2017.&nbsp; (opens in a new tab)\" href=\"https:\/\/www.facebook.com\/629763113824469\/photos\/a.635124409955006\/1438483732952399\/?type=3&amp;__xts__%5B0%5D=68.ARA9PkSCk1-JMZv8lU6lmNbVSzS6yhk-zCdUkpDp9wVT-kX08xwjo321RisF9gD_ocHApF9G5IpyCUC5m8SqdZGF7RbFZeTOinJn0SfC1weIQBF49916mH6hriE3JfxsFzJcmvDU_PsWmpcwCsMQ3Oq3XlIoZhRFwmEfJMWk5XOAqECnv_xaSthR0N3bbItCzGoRaL1hUguLJj8a75m6F6sP3sIKsmqZLveGhz2J71jjAzRKQoHeEc5PY7KpDjOH3-L8SI5QtjP1eE7uy7To1uX-xIiSUk1_Dn-TmZxIgZSuouUqE4ejhercaTK-BRM1NQVX7_UdPTPXAbGWOptPUU6tFA&amp;__tn__=-R\" target=\"_blank\">une publication<\/a> de Jean Bricmont, d\u00e9fenseur des n\u00e9gationnistes et soutien de l&rsquo;UPR, le parti confusionniste d&rsquo;<a rel=\"noreferrer noopener\" aria-label=\"Or, depuis quelque temps, on observe au sein du mouvement des Gilets Jaunes, \u00e0 travers des prises de position de Maxime Nicolle (alias Fly Rider), par exemple, mais aussi via une propagande intensive sur les r\u00e9seaux sociaux de &quot;Gentils Virus&quot;, \u00e0 une grande offensive pour restreindre les revendications des Gilets Jaunes au seul RIC, au motif que tout le reste s'en suivrait une fois le RIC obtenu. Derri\u00e8re cette offensive, nul autre qu'Etienne Chouard, promoteur infatigable du RIC depuis des ann\u00e9es, qui f\u00e9tichise celui-ci comme il l'avait d\u00e9j\u00e0 fait avec le tirage au sort. On rappellera donc, y compris au camarade Fran\u00e7ois Ruffin (qui semble l'avoir oubli\u00e9), qu'Etienne Chouard s'est rendu infr\u00e9quentable aux yeux de toute la gauche (y compris de Fr\u00e9d\u00e9ric Lordon) par ses propos confusionnistes en faveur du nazi Alain Soral (qu'il qualifiait de &quot;r\u00e9sistant&quot;), sa mani\u00e8re de dire que le FN \u00e9tait &quot;de gauche&quot;, son adh\u00e9sion aux th\u00e8ses complotistes de Thierry Meyssan, Eustace Mullins ou Anthony Sutton, bref par sa proximit\u00e9 avec l'extr\u00eame-droite, et que non, il n'a pas du tout mis fin \u00e0 &quot;ses \u00e9tranges liens&quot;. Lorsqu'il a fini par reconna\u00eetre le racisme, le sexisme et l'autoritarisme de Soral (qu'il avait longtemps ni\u00e9s), puis par retirer de son blog le lien vers le site de Soral (lien qu'il a ensuite remis, avant d'enlever tous ses liens sans distinction !), il l'a fait, contraint et forc\u00e9 (pour pouvoir s'occuper de ses &quot;ateliers constituants sans plus avoir \u00e0 se justifier de sa coupable complaisance avec l'extr\u00eame-droite la plus inf\u00e2me), en des termes qui restent totalement inadmissibles, reconnaissant tout de m\u00eame \u00e0 Soral d'\u00eatre dans une &quot;lutte l\u00e9gitime et courageuse contre de redoutables projets de domination&quot; (&quot;r\u00e9sistance qui m\u2019int\u00e9resse toujours et dont je ne me d\u00e9solidarise pas&quot;, dit-il) \u2014 omettant de signaler que l'obsession du nazi Soral n'est rien d'autre qu'une pr\u00e9tendue &quot;domination juive&quot;. Il pr\u00e9cisait aussi : &quot;je supprime le lien de mon site vers Soral. D\u00e9sormais, je ferai le filtre, en \u00e9voquant moi-m\u00eame les auteurs que je trouve utiles, comme Shlomo Sand, Jacob Cohen, Bernard Lazare, Isra\u00ebl Shahak, Gilad Atzmon, Norman Finkelstein, Gideon Levy, Mearsheimer et Walt, \u00c9ric Hazan, etc.&quot; Il r\u00e9alisait ainsi le tour de force de mettre sur le m\u00eame plan que des auteurs de gauche comme Eric Hazan les d\u00e9lirants Jacob Cohen et Gilad Atzmon, proches de Soral dont il faisait mine de se distancer. Mais de l'eau a peut-\u00eatre coul\u00e9 sous les ponts depuis 2014 ? Cela reste \u00e0 prouver. Le 24 novembre 2018, Chouard relayait encore sur sa page Facebook une publication de Jean Bricmont, d\u00e9fenseur des n\u00e9gationnistes et soutien de l'UPR, le parti confusionniste d'Asselineau pour lequel Chouard avait d'ailleurs appel\u00e9 \u00e0 voter en 2017.&nbsp; (opens in a new tab)\" href=\"http:\/\/observatoiredesreseaux.info\/2017\/03\/05\/lalliance-des-confus\/\" target=\"_blank\">Asselineau pour lequel Chouard avait d&rsquo;ailleurs appel\u00e9 \u00e0 voter en 2017<\/a>. Sur son blog, il annonce aussi un rendez-vous le 30 d\u00e9cembre 2018 avec le complotiste belge Michel Collon. Il en faudra davantage pour prouver le r\u00e9el changement de Chouard auquel <a rel=\"noreferrer noopener\" aria-label=\"Or, depuis quelque temps, on observe au sein du mouvement des Gilets Jaunes, \u00e0 travers des prises de position de Maxime Nicolle (alias Fly Rider), par exemple, mais aussi via une propagande intensive sur les r\u00e9seaux sociaux de &quot;Gentils Virus&quot;, \u00e0 une grande offensive pour restreindre les revendications des Gilets Jaunes au seul RIC, au motif que tout le reste s'en suivrait une fois le RIC obtenu. Derri\u00e8re cette offensive, nul autre qu'Etienne Chouard, promoteur infatigable du RIC depuis des ann\u00e9es, qui f\u00e9tichise celui-ci comme il l'avait d\u00e9j\u00e0 fait avec le tirage au sort. On rappellera donc, y compris au camarade Fran\u00e7ois Ruffin (qui semble l'avoir oubli\u00e9), qu'Etienne Chouard s'est rendu infr\u00e9quentable aux yeux de toute la gauche (y compris de Fr\u00e9d\u00e9ric Lordon) par ses propos confusionnistes en faveur du nazi Alain Soral (qu'il qualifiait de &quot;r\u00e9sistant&quot;), sa mani\u00e8re de dire que le FN \u00e9tait &quot;de gauche&quot;, son adh\u00e9sion aux th\u00e8ses complotistes de Thierry Meyssan, Eustace Mullins ou Anthony Sutton, bref par sa proximit\u00e9 avec l'extr\u00eame-droite, et que non, il n'a pas du tout mis fin \u00e0 &quot;ses \u00e9tranges liens&quot;. Lorsqu'il a fini par reconna\u00eetre le racisme, le sexisme et l'autoritarisme de Soral (qu'il avait longtemps ni\u00e9s), puis par retirer de son blog le lien vers le site de Soral (lien qu'il a ensuite remis, avant d'enlever tous ses liens sans distinction !), il l'a fait, contraint et forc\u00e9 (pour pouvoir s'occuper de ses &quot;ateliers constituants sans plus avoir \u00e0 se justifier de sa coupable complaisance avec l'extr\u00eame-droite la plus inf\u00e2me), en des termes qui restent totalement inadmissibles, reconnaissant tout de m\u00eame \u00e0 Soral d'\u00eatre dans une &quot;lutte l\u00e9gitime et courageuse contre de redoutables projets de domination&quot; (&quot;r\u00e9sistance qui m\u2019int\u00e9resse toujours et dont je ne me d\u00e9solidarise pas&quot;, dit-il) \u2014 omettant de signaler que l'obsession du nazi Soral n'est rien d'autre qu'une pr\u00e9tendue &quot;domination juive&quot;. Il pr\u00e9cisait aussi : &quot;je supprime le lien de mon site vers Soral. D\u00e9sormais, je ferai le filtre, en \u00e9voquant moi-m\u00eame les auteurs que je trouve utiles, comme Shlomo Sand, Jacob Cohen, Bernard Lazare, Isra\u00ebl Shahak, Gilad Atzmon, Norman Finkelstein, Gideon Levy, Mearsheimer et Walt, \u00c9ric Hazan, etc.&quot; Il r\u00e9alisait ainsi le tour de force de mettre sur le m\u00eame plan que des auteurs de gauche comme Eric Hazan les d\u00e9lirants Jacob Cohen et Gilad Atzmon, proches de Soral dont il faisait mine de se distancer. Mais de l'eau a peut-\u00eatre coul\u00e9 sous les ponts depuis 2014 ? Cela reste \u00e0 prouver. Le 24 novembre 2018, Chouard relayait encore sur sa page Facebook une publication de Jean Bricmont, d\u00e9fenseur des n\u00e9gationnistes et soutien de l'UPR, le parti confusionniste d'Asselineau pour lequel Chouard avait d'ailleurs appel\u00e9 \u00e0 voter en 2017. Sur son blog, il annonce aussi un rendez-vous le 30 d\u00e9cembre 2018 avec le complotiste belge Michel Collon. Il en faudra davantage pour prouver le r\u00e9el changement de Chouard auquel Ruffin semble vouloir croire. (opens in a new tab)\" href=\"https:\/\/www.facebook.com\/FrancoisRuffin80\/posts\/1089645567883646?__xts__%5B0%5D=68.ARAzVwrBsbos0Gc-jlgEoWUzmZH5QEuElxjzNfog2jiPbwjaSU4CwvHdS2aDPfXP-qFhTIxQIUo9QEC7VUs20eHbwSLRL52jiebZ8o2BQkQPUdW1aUwPMA0C4XLVkUL15jjnQxbdV42fQ9rYa62CMizKgiU1Wv1X2OPtDJrVpIjUtLYlOVKUmCqSIBJM6R3FLKswbuTbdTPzT0XzTtfo8sTS_x58FQZFYXWxTf5W8uPvGsyQawh4G377REJxV1f27SlvHa9ePjdjdgOu7_3ZsUhm_mjb5IN14G0PpBw1qlmPUM8OUDIdB5gDqZebYYQ2Qbq8rKl7GA8solsp01mHw4GohA&amp;__tn__=-R\" target=\"_blank\">Ruffin semble vouloir croire<\/a>.<\/p>\n\n\n\n<figure class=\"wp-block-embed-youtube wp-block-embed is-type-video is-provider-youtube wp-embed-aspect-16-9 wp-has-aspect-ratio\"><div class=\"wp-block-embed__wrapper\">\n<span class=\"embed-youtube\" style=\"text-align:center; display: block;\"><iframe loading=\"lazy\" class=\"youtube-player\" width=\"840\" height=\"473\" src=\"https:\/\/www.youtube.com\/embed\/TeKJfN3F7vs?version=3&#038;rel=1&#038;showsearch=0&#038;showinfo=1&#038;iv_load_policy=1&#038;fs=1&#038;hl=fr-FR&#038;autohide=2&#038;wmode=transparent\" allowfullscreen=\"true\" style=\"border:0;\" sandbox=\"allow-scripts allow-same-origin allow-popups allow-presentation allow-popups-to-escape-sandbox\"><\/iframe><\/span>\n<\/div><figcaption>Montage vid\u00e9o de Yannis Youlountas, militant anarchiste qui conna\u00eet bien Chouard<\/figcaption><\/figure>\n\n\n\n<p>Au fond, le probl\u00e8me du f\u00e9tichisme chouardien sur le RIC, c&rsquo;est aussi qu&rsquo;il rabougrit la lutte. Le mouvement des Gilets Jaunes a pris de l&rsquo;ampleur lorsqu&rsquo;il s&rsquo;est \u00e9largi \u00e0 d&rsquo;autres revendications, plus sociales et d\u00e9mocratiques, que la seule demande d&rsquo;annulation de la hausse de la taxe sur l&rsquo;essence. Ces revendications, notamment celles portant sur la restauration pleine et enti\u00e8re de l&rsquo;ISF ou l&rsquo;annulation du CICE, heurtent de plein fouet la substance de la politique de Macron, cette politique enti\u00e8rement au service des plus riches. En tentant de tout restreindre au seul RIC, les chouardiens offrent \u00e0 Macron une porte de sortie inesp\u00e9r\u00e9e : oubli\u00e9s le SMIC, l&rsquo;ISF, les salaires, les services publics, les retraites&#8230; Une vague promesse de mise \u00e0 l&rsquo;\u00e9tude du RIC pour une future r\u00e9forme institutionnelle et tout le monde peut rentrer chez soi. Merci Chouard. Sauf qu&rsquo;heureusement, les Gilets Jaunes ne tombent pas tous, loin de l\u00e0, dans le f\u00e9tichisme chouardien. Fran\u00e7ois Ruffin a d&rsquo;ailleurs brillamment rappel\u00e9 <a rel=\"noreferrer noopener\" aria-label=\"Au fond, le probl\u00e8me du f\u00e9tichisme chouardien sur le RIC, c'est aussi qu'il rabougrit la lutte. Le mouvement des Gilets Jaunes a pris de l'ampleur lorsqu'il s'est \u00e9largi \u00e0 d'autres revendications, plus sociales et d\u00e9mocratiques, que la seule demande d'annulation de la hausse de la taxe sur l'essence. Ces revendications, notamment celles portant sur la restauration pleine et enti\u00e8re de l'ISF ou l'annulation du CICE, heurtent de plein fouet la substance de la politique de Macron, cette politique enti\u00e8rement au service des plus riches. En tentant de tout restreindre au seul RIC, les chouardiens offrent \u00e0 Macron une porte de sortie inesp\u00e9r\u00e9e : oubli\u00e9s le SMIC, l'ISF, les salaires, les services publics, les retraites... Une vague promesse de mise \u00e0 l'\u00e9tude du RIC pour une future r\u00e9forme institutionnelle et tout le monde peut rentrer chez soi. Merci Chouard. Sauf qu'heureusement, les Gilets Jaunes ne tombent pas tous dans le f\u00e9tichisme chouardien. Fran\u00e7ois Ruffin a d'ailleurs brillamment rappel\u00e9 lors de sa pr\u00e9sentation de la future proposition de loi sur le RIC du groupe France Insoumise (malgr\u00e9 son hommage mal inspir\u00e9 \u00e0 Chouard) que rien ne saurait remplacer les luttes et qu'il ne fallait pas se rendormir une fois la revendication du RIC formul\u00e9e.&nbsp; (opens in a new tab)\" href=\"https:\/\/www.facebook.com\/FrancoisRuffin80\/videos\/527122537785302\/\" target=\"_blank\">lors de sa pr\u00e9sentation de la future proposition de loi sur le RIC<\/a> du groupe France Insoumise (malgr\u00e9 son hommage mal inspir\u00e9 \u00e0 Chouard) que rien ne saurait remplacer les luttes et qu&rsquo;il ne fallait pas se rendormir une fois la revendication du RIC formul\u00e9e.&nbsp;<\/p>\n","protected":false},"excerpt":{"rendered":"<p>Le mouvement des Gilets Jaunes a connu plusieurs phases : d&rsquo;abord apparu comme un mouvement anti-fiscal aux relents poujadistes, il s&rsquo;est enrichi ensuite de revendications sociales et d\u00e9mocratiques \u00e0 dominante progressiste (au point qu&rsquo;une bonne partie d&rsquo;entre elles figurent d\u00e9j\u00e0 dans le programme \u00ab\u00a0L&rsquo;Avenir en commun\u00a0\u00bb de la France Insoumise) qui ont permis \u00e0 certains &hellip; <a href=\"https:\/\/www.incaudavenenum.org\/cut.the.crap\/oui-au-ric-non-au-fetichisme-du-ric\/\" class=\"more-link\">Continuer la lecture<span class=\"screen-reader-text\"> de &laquo;&nbsp;Oui au RIC, non au f\u00e9tichisme du RIC&nbsp;&raquo;<\/span><\/a><\/p>\n","protected":false},"author":1,"featured_media":1430,"comment_status":"open","ping_status":"open","sticky":false,"template":"","format":"standard","meta":{"jetpack_post_was_ever_published":false,"_jetpack_newsletter_access":"","_jetpack_dont_email_post_to_subs":false,"_jetpack_newsletter_tier_id":0,"_jetpack_memberships_contains_paywalled_content":false,"_jetpack_memberships_contains_paid_content":false,"footnotes":"","jetpack_publicize_message":"","jetpack_publicize_feature_enabled":true,"jetpack_social_post_already_shared":true,"jetpack_social_options":{"image_generator_settings":{"template":"highway","default_image_id":0,"font":"","enabled":false},"version":2}},"categories":[3],"tags":[492,118,493,494,491],"class_list":["post-1426","post","type-post","status-publish","format-standard","has-post-thumbnail","hentry","category-confusionnisme","tag-etienne-chouard","tag-france-insoumise","tag-francois-ruffin","tag-gilets-jaunes","tag-ric"],"yoast_head":"<!-- This site is optimized with the Yoast SEO plugin v27.4 - https:\/\/yoast.com\/product\/yoast-seo-wordpress\/ -->\n<title>Oui au RIC, non au f\u00e9tichisme du RIC - Cut The Crap<\/title>\n<meta name=\"robots\" content=\"index, follow, max-snippet:-1, max-image-preview:large, max-video-preview:-1\" \/>\n<link rel=\"canonical\" href=\"https:\/\/www.incaudavenenum.org\/cut.the.crap\/oui-au-ric-non-au-fetichisme-du-ric\/\" \/>\n<meta property=\"og:locale\" content=\"fr_FR\" \/>\n<meta property=\"og:type\" content=\"article\" \/>\n<meta property=\"og:title\" content=\"Oui au RIC, non au f\u00e9tichisme du RIC - Cut The Crap\" \/>\n<meta property=\"og:description\" content=\"Le mouvement des Gilets Jaunes a connu plusieurs phases : d&rsquo;abord apparu comme un mouvement anti-fiscal aux relents poujadistes, il s&rsquo;est enrichi ensuite de revendications sociales et d\u00e9mocratiques \u00e0 dominante progressiste (au point qu&rsquo;une bonne partie d&rsquo;entre elles figurent d\u00e9j\u00e0 dans le programme \u00ab\u00a0L&rsquo;Avenir en commun\u00a0\u00bb de la France Insoumise) qui ont permis \u00e0 certains &hellip; Continuer la lecture de &laquo;&nbsp;Oui au RIC, non au f\u00e9tichisme du RIC&nbsp;&raquo;\" \/>\n<meta property=\"og:url\" content=\"https:\/\/www.incaudavenenum.org\/cut.the.crap\/oui-au-ric-non-au-fetichisme-du-ric\/\" \/>\n<meta property=\"og:site_name\" content=\"Cut The Crap\" \/>\n<meta property=\"article:publisher\" content=\"https:\/\/www.facebook.com\/Cut-the-Crap-239882412697830\/\" \/>\n<meta property=\"article:author\" content=\"https:\/\/www.facebook.com\/cut.the.crap.free.fr\" \/>\n<meta property=\"article:published_time\" content=\"2018-12-28T20:14:12+00:00\" \/>\n<meta property=\"article:modified_time\" content=\"2019-01-01T23:35:28+00:00\" \/>\n<meta property=\"og:image\" content=\"https:\/\/i0.wp.com\/www.incaudavenenum.org\/cut.the.crap\/wp-content\/uploads\/2018\/12\/ce-samedi-devant-l-opera-garnier-a-paris-les-gilets-jaunes-revendiquaient-la-mise-en-place-du-ric-photo-geoffroy-van-der-hasselt-afp-1544900750.jpg?fit=1600%2C1042&ssl=1\" \/>\n\t<meta property=\"og:image:width\" content=\"1600\" \/>\n\t<meta property=\"og:image:height\" content=\"1042\" \/>\n\t<meta property=\"og:image:type\" content=\"image\/jpeg\" \/>\n<meta name=\"author\" content=\"Serge Victor\" \/>\n<meta name=\"twitter:card\" content=\"summary_large_image\" \/>\n<meta name=\"twitter:creator\" content=\"@cutzecrap\" \/>\n<meta name=\"twitter:site\" content=\"@cutzecrap\" \/>\n<meta name=\"twitter:label1\" content=\"\u00c9crit par\" \/>\n\t<meta name=\"twitter:data1\" content=\"Serge Victor\" \/>\n\t<meta name=\"twitter:label2\" content=\"Dur\u00e9e de lecture estim\u00e9e\" \/>\n\t<meta name=\"twitter:data2\" content=\"9 minutes\" \/>\n<script type=\"application\/ld+json\" class=\"yoast-schema-graph\">{\"@context\":\"https:\\\/\\\/schema.org\",\"@graph\":[{\"@type\":\"Article\",\"@id\":\"https:\\\/\\\/www.incaudavenenum.org\\\/cut.the.crap\\\/oui-au-ric-non-au-fetichisme-du-ric\\\/#article\",\"isPartOf\":{\"@id\":\"https:\\\/\\\/www.incaudavenenum.org\\\/cut.the.crap\\\/oui-au-ric-non-au-fetichisme-du-ric\\\/\"},\"author\":{\"name\":\"Serge Victor\",\"@id\":\"https:\\\/\\\/www.incaudavenenum.org\\\/cut.the.crap\\\/#\\\/schema\\\/person\\\/39fa901f2f251d6be7e35d8d58a8d1b4\"},\"headline\":\"Oui au RIC, non au f\u00e9tichisme du RIC\",\"datePublished\":\"2018-12-28T20:14:12+00:00\",\"dateModified\":\"2019-01-01T23:35:28+00:00\",\"mainEntityOfPage\":{\"@id\":\"https:\\\/\\\/www.incaudavenenum.org\\\/cut.the.crap\\\/oui-au-ric-non-au-fetichisme-du-ric\\\/\"},\"wordCount\":1956,\"commentCount\":1,\"publisher\":{\"@id\":\"https:\\\/\\\/www.incaudavenenum.org\\\/cut.the.crap\\\/#organization\"},\"image\":{\"@id\":\"https:\\\/\\\/www.incaudavenenum.org\\\/cut.the.crap\\\/oui-au-ric-non-au-fetichisme-du-ric\\\/#primaryimage\"},\"thumbnailUrl\":\"https:\\\/\\\/i0.wp.com\\\/www.incaudavenenum.org\\\/cut.the.crap\\\/wp-content\\\/uploads\\\/2018\\\/12\\\/ce-samedi-devant-l-opera-garnier-a-paris-les-gilets-jaunes-revendiquaient-la-mise-en-place-du-ric-photo-geoffroy-van-der-hasselt-afp-1544900750.jpg?fit=1600%2C1042&ssl=1\",\"keywords\":[\"Etienne Chouard\",\"France Insoumise\",\"Fran\u00e7ois Ruffin\",\"Gilets Jaunes\",\"RIC\"],\"articleSection\":[\"Confusionnisme\"],\"inLanguage\":\"fr-FR\",\"potentialAction\":[{\"@type\":\"CommentAction\",\"name\":\"Comment\",\"target\":[\"https:\\\/\\\/www.incaudavenenum.org\\\/cut.the.crap\\\/oui-au-ric-non-au-fetichisme-du-ric\\\/#respond\"]}]},{\"@type\":\"WebPage\",\"@id\":\"https:\\\/\\\/www.incaudavenenum.org\\\/cut.the.crap\\\/oui-au-ric-non-au-fetichisme-du-ric\\\/\",\"url\":\"https:\\\/\\\/www.incaudavenenum.org\\\/cut.the.crap\\\/oui-au-ric-non-au-fetichisme-du-ric\\\/\",\"name\":\"Oui au RIC, non au f\u00e9tichisme du RIC - Cut The Crap\",\"isPartOf\":{\"@id\":\"https:\\\/\\\/www.incaudavenenum.org\\\/cut.the.crap\\\/#website\"},\"primaryImageOfPage\":{\"@id\":\"https:\\\/\\\/www.incaudavenenum.org\\\/cut.the.crap\\\/oui-au-ric-non-au-fetichisme-du-ric\\\/#primaryimage\"},\"image\":{\"@id\":\"https:\\\/\\\/www.incaudavenenum.org\\\/cut.the.crap\\\/oui-au-ric-non-au-fetichisme-du-ric\\\/#primaryimage\"},\"thumbnailUrl\":\"https:\\\/\\\/i0.wp.com\\\/www.incaudavenenum.org\\\/cut.the.crap\\\/wp-content\\\/uploads\\\/2018\\\/12\\\/ce-samedi-devant-l-opera-garnier-a-paris-les-gilets-jaunes-revendiquaient-la-mise-en-place-du-ric-photo-geoffroy-van-der-hasselt-afp-1544900750.jpg?fit=1600%2C1042&ssl=1\",\"datePublished\":\"2018-12-28T20:14:12+00:00\",\"dateModified\":\"2019-01-01T23:35:28+00:00\",\"breadcrumb\":{\"@id\":\"https:\\\/\\\/www.incaudavenenum.org\\\/cut.the.crap\\\/oui-au-ric-non-au-fetichisme-du-ric\\\/#breadcrumb\"},\"inLanguage\":\"fr-FR\",\"potentialAction\":[{\"@type\":\"ReadAction\",\"target\":[\"https:\\\/\\\/www.incaudavenenum.org\\\/cut.the.crap\\\/oui-au-ric-non-au-fetichisme-du-ric\\\/\"]}]},{\"@type\":\"ImageObject\",\"inLanguage\":\"fr-FR\",\"@id\":\"https:\\\/\\\/www.incaudavenenum.org\\\/cut.the.crap\\\/oui-au-ric-non-au-fetichisme-du-ric\\\/#primaryimage\",\"url\":\"https:\\\/\\\/i0.wp.com\\\/www.incaudavenenum.org\\\/cut.the.crap\\\/wp-content\\\/uploads\\\/2018\\\/12\\\/ce-samedi-devant-l-opera-garnier-a-paris-les-gilets-jaunes-revendiquaient-la-mise-en-place-du-ric-photo-geoffroy-van-der-hasselt-afp-1544900750.jpg?fit=1600%2C1042&ssl=1\",\"contentUrl\":\"https:\\\/\\\/i0.wp.com\\\/www.incaudavenenum.org\\\/cut.the.crap\\\/wp-content\\\/uploads\\\/2018\\\/12\\\/ce-samedi-devant-l-opera-garnier-a-paris-les-gilets-jaunes-revendiquaient-la-mise-en-place-du-ric-photo-geoffroy-van-der-hasselt-afp-1544900750.jpg?fit=1600%2C1042&ssl=1\",\"width\":1600,\"height\":1042},{\"@type\":\"BreadcrumbList\",\"@id\":\"https:\\\/\\\/www.incaudavenenum.org\\\/cut.the.crap\\\/oui-au-ric-non-au-fetichisme-du-ric\\\/#breadcrumb\",\"itemListElement\":[{\"@type\":\"ListItem\",\"position\":1,\"name\":\"Accueil\",\"item\":\"https:\\\/\\\/www.incaudavenenum.org\\\/cut.the.crap\\\/\"},{\"@type\":\"ListItem\",\"position\":2,\"name\":\"Oui au RIC, non au f\u00e9tichisme du RIC\"}]},{\"@type\":\"WebSite\",\"@id\":\"https:\\\/\\\/www.incaudavenenum.org\\\/cut.the.crap\\\/#website\",\"url\":\"https:\\\/\\\/www.incaudavenenum.org\\\/cut.the.crap\\\/\",\"name\":\"Cut The Crap\",\"description\":\"Blog de gauche\",\"publisher\":{\"@id\":\"https:\\\/\\\/www.incaudavenenum.org\\\/cut.the.crap\\\/#organization\"},\"potentialAction\":[{\"@type\":\"SearchAction\",\"target\":{\"@type\":\"EntryPoint\",\"urlTemplate\":\"https:\\\/\\\/www.incaudavenenum.org\\\/cut.the.crap\\\/?s={search_term_string}\"},\"query-input\":{\"@type\":\"PropertyValueSpecification\",\"valueRequired\":true,\"valueName\":\"search_term_string\"}}],\"inLanguage\":\"fr-FR\"},{\"@type\":\"Organization\",\"@id\":\"https:\\\/\\\/www.incaudavenenum.org\\\/cut.the.crap\\\/#organization\",\"name\":\"Cut The Crap\",\"url\":\"https:\\\/\\\/www.incaudavenenum.org\\\/cut.the.crap\\\/\",\"logo\":{\"@type\":\"ImageObject\",\"inLanguage\":\"fr-FR\",\"@id\":\"https:\\\/\\\/www.incaudavenenum.org\\\/cut.the.crap\\\/#\\\/schema\\\/logo\\\/image\\\/\",\"url\":\"https:\\\/\\\/i1.wp.com\\\/www.incaudavenenum.org\\\/cut.the.crap\\\/wp-content\\\/uploads\\\/2018\\\/01\\\/cTc.png?fit=100%2C95\",\"contentUrl\":\"https:\\\/\\\/i1.wp.com\\\/www.incaudavenenum.org\\\/cut.the.crap\\\/wp-content\\\/uploads\\\/2018\\\/01\\\/cTc.png?fit=100%2C95\",\"width\":100,\"height\":95,\"caption\":\"Cut The Crap\"},\"image\":{\"@id\":\"https:\\\/\\\/www.incaudavenenum.org\\\/cut.the.crap\\\/#\\\/schema\\\/logo\\\/image\\\/\"},\"sameAs\":[\"https:\\\/\\\/www.facebook.com\\\/Cut-the-Crap-239882412697830\\\/\",\"https:\\\/\\\/x.com\\\/cutzecrap\"]},{\"@type\":\"Person\",\"@id\":\"https:\\\/\\\/www.incaudavenenum.org\\\/cut.the.crap\\\/#\\\/schema\\\/person\\\/39fa901f2f251d6be7e35d8d58a8d1b4\",\"name\":\"Serge Victor\",\"image\":{\"@type\":\"ImageObject\",\"inLanguage\":\"fr-FR\",\"@id\":\"https:\\\/\\\/secure.gravatar.com\\\/avatar\\\/1e2fd85bc69a7e81bf6242704119d1669b9a3ab337deeaf0e9141b764210481a?s=96&d=mm&r=g\",\"url\":\"https:\\\/\\\/secure.gravatar.com\\\/avatar\\\/1e2fd85bc69a7e81bf6242704119d1669b9a3ab337deeaf0e9141b764210481a?s=96&d=mm&r=g\",\"contentUrl\":\"https:\\\/\\\/secure.gravatar.com\\\/avatar\\\/1e2fd85bc69a7e81bf6242704119d1669b9a3ab337deeaf0e9141b764210481a?s=96&d=mm&r=g\",\"caption\":\"Serge Victor\"},\"description\":\"Militant de gauche, \u00e9cosocialiste, f\u00e9ministe, autogestionnaire\",\"sameAs\":[\"https:\\\/\\\/www.incaudavenenum.org\\\/cut.the.crap\\\/\",\"https:\\\/\\\/www.facebook.com\\\/cut.the.crap.free.fr\",\"https:\\\/\\\/x.com\\\/cutzecrap\"],\"url\":\"https:\\\/\\\/www.incaudavenenum.org\\\/cut.the.crap\\\/author\\\/sergevictor\\\/\"}]}<\/script>\n<!-- \/ Yoast SEO plugin. -->","yoast_head_json":{"title":"Oui au RIC, non au f\u00e9tichisme du RIC - Cut The Crap","robots":{"index":"index","follow":"follow","max-snippet":"max-snippet:-1","max-image-preview":"max-image-preview:large","max-video-preview":"max-video-preview:-1"},"canonical":"https:\/\/www.incaudavenenum.org\/cut.the.crap\/oui-au-ric-non-au-fetichisme-du-ric\/","og_locale":"fr_FR","og_type":"article","og_title":"Oui au RIC, non au f\u00e9tichisme du RIC - Cut The Crap","og_description":"Le mouvement des Gilets Jaunes a connu plusieurs phases : d&rsquo;abord apparu comme un mouvement anti-fiscal aux relents poujadistes, il s&rsquo;est enrichi ensuite de revendications sociales et d\u00e9mocratiques \u00e0 dominante progressiste (au point qu&rsquo;une bonne partie d&rsquo;entre elles figurent d\u00e9j\u00e0 dans le programme \u00ab\u00a0L&rsquo;Avenir en commun\u00a0\u00bb de la France Insoumise) qui ont permis \u00e0 certains &hellip; Continuer la lecture de &laquo;&nbsp;Oui au RIC, non au f\u00e9tichisme du RIC&nbsp;&raquo;","og_url":"https:\/\/www.incaudavenenum.org\/cut.the.crap\/oui-au-ric-non-au-fetichisme-du-ric\/","og_site_name":"Cut The Crap","article_publisher":"https:\/\/www.facebook.com\/Cut-the-Crap-239882412697830\/","article_author":"https:\/\/www.facebook.com\/cut.the.crap.free.fr","article_published_time":"2018-12-28T20:14:12+00:00","article_modified_time":"2019-01-01T23:35:28+00:00","og_image":[{"width":1600,"height":1042,"url":"https:\/\/i0.wp.com\/www.incaudavenenum.org\/cut.the.crap\/wp-content\/uploads\/2018\/12\/ce-samedi-devant-l-opera-garnier-a-paris-les-gilets-jaunes-revendiquaient-la-mise-en-place-du-ric-photo-geoffroy-van-der-hasselt-afp-1544900750.jpg?fit=1600%2C1042&ssl=1","type":"image\/jpeg"}],"author":"Serge Victor","twitter_card":"summary_large_image","twitter_creator":"@cutzecrap","twitter_site":"@cutzecrap","twitter_misc":{"\u00c9crit par":"Serge Victor","Dur\u00e9e de lecture estim\u00e9e":"9 minutes"},"schema":{"@context":"https:\/\/schema.org","@graph":[{"@type":"Article","@id":"https:\/\/www.incaudavenenum.org\/cut.the.crap\/oui-au-ric-non-au-fetichisme-du-ric\/#article","isPartOf":{"@id":"https:\/\/www.incaudavenenum.org\/cut.the.crap\/oui-au-ric-non-au-fetichisme-du-ric\/"},"author":{"name":"Serge Victor","@id":"https:\/\/www.incaudavenenum.org\/cut.the.crap\/#\/schema\/person\/39fa901f2f251d6be7e35d8d58a8d1b4"},"headline":"Oui au RIC, non au f\u00e9tichisme du RIC","datePublished":"2018-12-28T20:14:12+00:00","dateModified":"2019-01-01T23:35:28+00:00","mainEntityOfPage":{"@id":"https:\/\/www.incaudavenenum.org\/cut.the.crap\/oui-au-ric-non-au-fetichisme-du-ric\/"},"wordCount":1956,"commentCount":1,"publisher":{"@id":"https:\/\/www.incaudavenenum.org\/cut.the.crap\/#organization"},"image":{"@id":"https:\/\/www.incaudavenenum.org\/cut.the.crap\/oui-au-ric-non-au-fetichisme-du-ric\/#primaryimage"},"thumbnailUrl":"https:\/\/i0.wp.com\/www.incaudavenenum.org\/cut.the.crap\/wp-content\/uploads\/2018\/12\/ce-samedi-devant-l-opera-garnier-a-paris-les-gilets-jaunes-revendiquaient-la-mise-en-place-du-ric-photo-geoffroy-van-der-hasselt-afp-1544900750.jpg?fit=1600%2C1042&ssl=1","keywords":["Etienne Chouard","France Insoumise","Fran\u00e7ois Ruffin","Gilets Jaunes","RIC"],"articleSection":["Confusionnisme"],"inLanguage":"fr-FR","potentialAction":[{"@type":"CommentAction","name":"Comment","target":["https:\/\/www.incaudavenenum.org\/cut.the.crap\/oui-au-ric-non-au-fetichisme-du-ric\/#respond"]}]},{"@type":"WebPage","@id":"https:\/\/www.incaudavenenum.org\/cut.the.crap\/oui-au-ric-non-au-fetichisme-du-ric\/","url":"https:\/\/www.incaudavenenum.org\/cut.the.crap\/oui-au-ric-non-au-fetichisme-du-ric\/","name":"Oui au RIC, non au f\u00e9tichisme du RIC - Cut The Crap","isPartOf":{"@id":"https:\/\/www.incaudavenenum.org\/cut.the.crap\/#website"},"primaryImageOfPage":{"@id":"https:\/\/www.incaudavenenum.org\/cut.the.crap\/oui-au-ric-non-au-fetichisme-du-ric\/#primaryimage"},"image":{"@id":"https:\/\/www.incaudavenenum.org\/cut.the.crap\/oui-au-ric-non-au-fetichisme-du-ric\/#primaryimage"},"thumbnailUrl":"https:\/\/i0.wp.com\/www.incaudavenenum.org\/cut.the.crap\/wp-content\/uploads\/2018\/12\/ce-samedi-devant-l-opera-garnier-a-paris-les-gilets-jaunes-revendiquaient-la-mise-en-place-du-ric-photo-geoffroy-van-der-hasselt-afp-1544900750.jpg?fit=1600%2C1042&ssl=1","datePublished":"2018-12-28T20:14:12+00:00","dateModified":"2019-01-01T23:35:28+00:00","breadcrumb":{"@id":"https:\/\/www.incaudavenenum.org\/cut.the.crap\/oui-au-ric-non-au-fetichisme-du-ric\/#breadcrumb"},"inLanguage":"fr-FR","potentialAction":[{"@type":"ReadAction","target":["https:\/\/www.incaudavenenum.org\/cut.the.crap\/oui-au-ric-non-au-fetichisme-du-ric\/"]}]},{"@type":"ImageObject","inLanguage":"fr-FR","@id":"https:\/\/www.incaudavenenum.org\/cut.the.crap\/oui-au-ric-non-au-fetichisme-du-ric\/#primaryimage","url":"https:\/\/i0.wp.com\/www.incaudavenenum.org\/cut.the.crap\/wp-content\/uploads\/2018\/12\/ce-samedi-devant-l-opera-garnier-a-paris-les-gilets-jaunes-revendiquaient-la-mise-en-place-du-ric-photo-geoffroy-van-der-hasselt-afp-1544900750.jpg?fit=1600%2C1042&ssl=1","contentUrl":"https:\/\/i0.wp.com\/www.incaudavenenum.org\/cut.the.crap\/wp-content\/uploads\/2018\/12\/ce-samedi-devant-l-opera-garnier-a-paris-les-gilets-jaunes-revendiquaient-la-mise-en-place-du-ric-photo-geoffroy-van-der-hasselt-afp-1544900750.jpg?fit=1600%2C1042&ssl=1","width":1600,"height":1042},{"@type":"BreadcrumbList","@id":"https:\/\/www.incaudavenenum.org\/cut.the.crap\/oui-au-ric-non-au-fetichisme-du-ric\/#breadcrumb","itemListElement":[{"@type":"ListItem","position":1,"name":"Accueil","item":"https:\/\/www.incaudavenenum.org\/cut.the.crap\/"},{"@type":"ListItem","position":2,"name":"Oui au RIC, non au f\u00e9tichisme du RIC"}]},{"@type":"WebSite","@id":"https:\/\/www.incaudavenenum.org\/cut.the.crap\/#website","url":"https:\/\/www.incaudavenenum.org\/cut.the.crap\/","name":"Cut The Crap","description":"Blog de gauche","publisher":{"@id":"https:\/\/www.incaudavenenum.org\/cut.the.crap\/#organization"},"potentialAction":[{"@type":"SearchAction","target":{"@type":"EntryPoint","urlTemplate":"https:\/\/www.incaudavenenum.org\/cut.the.crap\/?s={search_term_string}"},"query-input":{"@type":"PropertyValueSpecification","valueRequired":true,"valueName":"search_term_string"}}],"inLanguage":"fr-FR"},{"@type":"Organization","@id":"https:\/\/www.incaudavenenum.org\/cut.the.crap\/#organization","name":"Cut The Crap","url":"https:\/\/www.incaudavenenum.org\/cut.the.crap\/","logo":{"@type":"ImageObject","inLanguage":"fr-FR","@id":"https:\/\/www.incaudavenenum.org\/cut.the.crap\/#\/schema\/logo\/image\/","url":"https:\/\/i1.wp.com\/www.incaudavenenum.org\/cut.the.crap\/wp-content\/uploads\/2018\/01\/cTc.png?fit=100%2C95","contentUrl":"https:\/\/i1.wp.com\/www.incaudavenenum.org\/cut.the.crap\/wp-content\/uploads\/2018\/01\/cTc.png?fit=100%2C95","width":100,"height":95,"caption":"Cut The Crap"},"image":{"@id":"https:\/\/www.incaudavenenum.org\/cut.the.crap\/#\/schema\/logo\/image\/"},"sameAs":["https:\/\/www.facebook.com\/Cut-the-Crap-239882412697830\/","https:\/\/x.com\/cutzecrap"]},{"@type":"Person","@id":"https:\/\/www.incaudavenenum.org\/cut.the.crap\/#\/schema\/person\/39fa901f2f251d6be7e35d8d58a8d1b4","name":"Serge Victor","image":{"@type":"ImageObject","inLanguage":"fr-FR","@id":"https:\/\/secure.gravatar.com\/avatar\/1e2fd85bc69a7e81bf6242704119d1669b9a3ab337deeaf0e9141b764210481a?s=96&d=mm&r=g","url":"https:\/\/secure.gravatar.com\/avatar\/1e2fd85bc69a7e81bf6242704119d1669b9a3ab337deeaf0e9141b764210481a?s=96&d=mm&r=g","contentUrl":"https:\/\/secure.gravatar.com\/avatar\/1e2fd85bc69a7e81bf6242704119d1669b9a3ab337deeaf0e9141b764210481a?s=96&d=mm&r=g","caption":"Serge Victor"},"description":"Militant de gauche, \u00e9cosocialiste, f\u00e9ministe, autogestionnaire","sameAs":["https:\/\/www.incaudavenenum.org\/cut.the.crap\/","https:\/\/www.facebook.com\/cut.the.crap.free.fr","https:\/\/x.com\/cutzecrap"],"url":"https:\/\/www.incaudavenenum.org\/cut.the.crap\/author\/sergevictor\/"}]}},"jetpack_publicize_connections":[],"jetpack_featured_media_url":"https:\/\/i0.wp.com\/www.incaudavenenum.org\/cut.the.crap\/wp-content\/uploads\/2018\/12\/ce-samedi-devant-l-opera-garnier-a-paris-les-gilets-jaunes-revendiquaient-la-mise-en-place-du-ric-photo-geoffroy-van-der-hasselt-afp-1544900750.jpg?fit=1600%2C1042&ssl=1","jetpack_shortlink":"https:\/\/wp.me\/p9z98q-n0","jetpack_likes_enabled":true,"jetpack-related-posts":[{"id":1723,"url":"https:\/\/www.incaudavenenum.org\/cut.the.crap\/ric\/","url_meta":{"origin":1426,"position":0},"title":"RIC","author":"Serge Victor","date":"2 juin 2019","format":"quote","excerpt":"\"Les Gilets jaunes ont d\u00e9nonc\u00e9 les technocrates et les hauts fonctionnaires, mais finalement, ils ont repris \u00e0 leur compte leur fa\u00e7on de penser l'action publique. Le R\u00e9f\u00e9rendum d'initiative citoyenne (RIC) repose sur la fiction d'un peuple homog\u00e8ne qui pourrait parler d'une seule voix, alors que nous savons bien que notre\u2026","rel":"","context":"Dans &quot;Citations&quot;","block_context":{"text":"Citations","link":"https:\/\/www.incaudavenenum.org\/cut.the.crap\/category\/lectures\/citations\/"},"img":{"alt_text":"","src":"","width":0,"height":0},"classes":[]},{"id":1591,"url":"https:\/\/www.incaudavenenum.org\/cut.the.crap\/macron-donne-sa-vision-des-gilets-jaunes-aux-enfants\/","url_meta":{"origin":1426,"position":1},"title":"Macron donne sa vision des Gilets jaunes aux enfants","author":"Serge Victor","date":"29 mars 2019","format":false,"excerpt":"L'original https:\/\/youtu.be\/saDh1q-RWCU La copie source : Huffington Post","rel":"","context":"Dans &quot;Chim\u00e8res&quot;","block_context":{"text":"Chim\u00e8res","link":"https:\/\/www.incaudavenenum.org\/cut.the.crap\/category\/chimeres\/"},"img":{"alt_text":"","src":"https:\/\/i0.wp.com\/www.incaudavenenum.org\/cut.the.crap\/wp-content\/uploads\/2019\/03\/hitlermacron.jpg?resize=350%2C200&ssl=1","width":350,"height":200,"srcset":"https:\/\/i0.wp.com\/www.incaudavenenum.org\/cut.the.crap\/wp-content\/uploads\/2019\/03\/hitlermacron.jpg?resize=350%2C200&ssl=1 1x, https:\/\/i0.wp.com\/www.incaudavenenum.org\/cut.the.crap\/wp-content\/uploads\/2019\/03\/hitlermacron.jpg?resize=525%2C300&ssl=1 1.5x, https:\/\/i0.wp.com\/www.incaudavenenum.org\/cut.the.crap\/wp-content\/uploads\/2019\/03\/hitlermacron.jpg?resize=700%2C400&ssl=1 2x, https:\/\/i0.wp.com\/www.incaudavenenum.org\/cut.the.crap\/wp-content\/uploads\/2019\/03\/hitlermacron.jpg?resize=1050%2C600&ssl=1 3x"},"classes":[]},{"id":1860,"url":"https:\/\/www.incaudavenenum.org\/cut.the.crap\/du-macronisme-au-fascisme\/","url_meta":{"origin":1426,"position":2},"title":"Du macronisme au fascisme","author":"Serge Victor","date":"15 d\u00e9cembre 2019","format":false,"excerpt":"Cela faisait un moment que la d\u00e9rive autoritaire du capitalisme n\u00e9olib\u00e9ral \u00e9tait visible, notamment par la violence de la r\u00e9pression contre les Gilets Jaunes ou le mouvement social de d\u00e9fense des retraites. Ugo Palheta, par exemple, a bien analys\u00e9 cette \"possibilit\u00e9 du fascisme\". https:\/\/youtu.be\/-6lMYt24yMI https:\/\/youtu.be\/QaHHjK8RQqM Mais les trolls macronards commencent\u2026","rel":"","context":"Dans &quot;Antisocial&quot;","block_context":{"text":"Antisocial","link":"https:\/\/www.incaudavenenum.org\/cut.the.crap\/category\/antisocial\/"},"img":{"alt_text":"","src":"https:\/\/i0.wp.com\/www.incaudavenenum.org\/cut.the.crap\/wp-content\/uploads\/2019\/12\/Capture-d%E2%80%99e%CC%81cran-2019-12-15-a%CC%80-11.31.54.png?resize=350%2C200&ssl=1","width":350,"height":200,"srcset":"https:\/\/i0.wp.com\/www.incaudavenenum.org\/cut.the.crap\/wp-content\/uploads\/2019\/12\/Capture-d%E2%80%99e%CC%81cran-2019-12-15-a%CC%80-11.31.54.png?resize=350%2C200&ssl=1 1x, https:\/\/i0.wp.com\/www.incaudavenenum.org\/cut.the.crap\/wp-content\/uploads\/2019\/12\/Capture-d%E2%80%99e%CC%81cran-2019-12-15-a%CC%80-11.31.54.png?resize=525%2C300&ssl=1 1.5x, https:\/\/i0.wp.com\/www.incaudavenenum.org\/cut.the.crap\/wp-content\/uploads\/2019\/12\/Capture-d%E2%80%99e%CC%81cran-2019-12-15-a%CC%80-11.31.54.png?resize=700%2C400&ssl=1 2x"},"classes":[]},{"id":1480,"url":"https:\/\/www.incaudavenenum.org\/cut.the.crap\/plebe\/","url_meta":{"origin":1426,"position":3},"title":"Pl\u00e8be","author":"Serge Victor","date":"18 janvier 2019","format":"quote","excerpt":"\"Si l\u2019on s\u2019accorde \u00e0 dire que la notion de peuple circule principalement entre trois p\u00f4les principaux\u00a0: le\u00a0d\u00e8mos, qui entend le peuple dans un sens d\u2019abord juridique et \u00e9lectoral\u00a0; l\u2019ethnos, qui consid\u00e8re le peuple comme le socle d\u2019une communaut\u00e9 et d\u2019une identit\u00e9, et la\u00a0plebs, qui d\u00e9finit le peuple dans un sens\u2026","rel":"","context":"Dans &quot;Citations&quot;","block_context":{"text":"Citations","link":"https:\/\/www.incaudavenenum.org\/cut.the.crap\/category\/lectures\/citations\/"},"img":{"alt_text":"","src":"","width":0,"height":0},"classes":[]},{"id":1710,"url":"https:\/\/www.incaudavenenum.org\/cut.the.crap\/lutte\/","url_meta":{"origin":1426,"position":4},"title":"Lutte","author":"Serge Victor","date":"2 juin 2019","format":"quote","excerpt":"\"(...) M\u00eame quand une lutte populaire est vaincue, il en reste toujours quelque chose. Les aspirations \u00e0 la d\u00e9mocratie directe ont souvent \u00e9t\u00e9 relay\u00e9es par les \u00e9lites et traduites dans des dispositifs compatibles avec les principes de la d\u00e9mocratie repr\u00e9sentative. Le meilleur exemple est celui de la R\u00e9volution fran\u00e7aise qui\u2026","rel":"","context":"Dans &quot;Citations&quot;","block_context":{"text":"Citations","link":"https:\/\/www.incaudavenenum.org\/cut.the.crap\/category\/lectures\/citations\/"},"img":{"alt_text":"","src":"","width":0,"height":0},"classes":[]},{"id":1496,"url":"https:\/\/www.incaudavenenum.org\/cut.the.crap\/fake-news\/","url_meta":{"origin":1426,"position":5},"title":"Fake news","author":"Serge Victor","date":"16 f\u00e9vrier 2019","format":"quote","excerpt":"\"(...) les fake news viennent aussi bien de la population, de la soci\u00e9t\u00e9 civile, que du gouvernement. Du c\u00f4t\u00e9 des autorit\u00e9s, des ministres et des d\u00e9put\u00e9s, on voit partir des fausses nouvelles comme la l\u00e9gende de la personne effectuant un salut nazi sur les Champs-Elys\u00e9es, d\u00e9montrant ainsi par l'image que\u2026","rel":"","context":"Dans &quot;Citations&quot;","block_context":{"text":"Citations","link":"https:\/\/www.incaudavenenum.org\/cut.the.crap\/category\/lectures\/citations\/"},"img":{"alt_text":"","src":"","width":0,"height":0},"classes":[]}],"jetpack_sharing_enabled":true,"_links":{"self":[{"href":"https:\/\/www.incaudavenenum.org\/cut.the.crap\/wp-json\/wp\/v2\/posts\/1426","targetHints":{"allow":["GET"]}}],"collection":[{"href":"https:\/\/www.incaudavenenum.org\/cut.the.crap\/wp-json\/wp\/v2\/posts"}],"about":[{"href":"https:\/\/www.incaudavenenum.org\/cut.the.crap\/wp-json\/wp\/v2\/types\/post"}],"author":[{"embeddable":true,"href":"https:\/\/www.incaudavenenum.org\/cut.the.crap\/wp-json\/wp\/v2\/users\/1"}],"replies":[{"embeddable":true,"href":"https:\/\/www.incaudavenenum.org\/cut.the.crap\/wp-json\/wp\/v2\/comments?post=1426"}],"version-history":[{"count":3,"href":"https:\/\/www.incaudavenenum.org\/cut.the.crap\/wp-json\/wp\/v2\/posts\/1426\/revisions"}],"predecessor-version":[{"id":1457,"href":"https:\/\/www.incaudavenenum.org\/cut.the.crap\/wp-json\/wp\/v2\/posts\/1426\/revisions\/1457"}],"wp:featuredmedia":[{"embeddable":true,"href":"https:\/\/www.incaudavenenum.org\/cut.the.crap\/wp-json\/wp\/v2\/media\/1430"}],"wp:attachment":[{"href":"https:\/\/www.incaudavenenum.org\/cut.the.crap\/wp-json\/wp\/v2\/media?parent=1426"}],"wp:term":[{"taxonomy":"category","embeddable":true,"href":"https:\/\/www.incaudavenenum.org\/cut.the.crap\/wp-json\/wp\/v2\/categories?post=1426"},{"taxonomy":"post_tag","embeddable":true,"href":"https:\/\/www.incaudavenenum.org\/cut.the.crap\/wp-json\/wp\/v2\/tags?post=1426"}],"curies":[{"name":"wp","href":"https:\/\/api.w.org\/{rel}","templated":true}]}}