{"id":1489,"date":"2019-01-26T11:16:24","date_gmt":"2019-01-26T10:16:24","guid":{"rendered":"http:\/\/www.incaudavenenum.org\/cut.the.crap\/?p=1489"},"modified":"2019-01-26T11:16:33","modified_gmt":"2019-01-26T10:16:33","slug":"monarchie","status":"publish","type":"post","link":"https:\/\/www.incaudavenenum.org\/cut.the.crap\/monarchie\/","title":{"rendered":"Monarchie"},"content":{"rendered":"\n<p>\u00ab\u00a0Tout \u00e0 l&rsquo;Elys\u00e9e est bas\u00e9 sur ce que l&rsquo;on peut vous pr\u00eater en termes de proximit\u00e9 avec le chef de l&rsquo;Etat. Est-ce qu&rsquo;il vous a fait un sourire, appel\u00e9 par votre pr\u00e9nom, etc. C&rsquo;est un ph\u00e9nom\u00e8ne de cour.\u00a0\u00bb<\/p>\n\n\n\n<p style=\"text-align:right\">Alexandre Benalla, <br>cit\u00e9 par G\u00e9rard Davet et Fabrice L&rsquo;Homme, <br><em>Le Monde<\/em> du 26 juillet 2018<\/p>\n","protected":false},"excerpt":{"rendered":"<p>\u00ab\u00a0Tout \u00e0 l&rsquo;Elys\u00e9e est bas\u00e9 sur ce que l&rsquo;on peut vous pr\u00eater en termes de proximit\u00e9 avec le chef de l&rsquo;Etat. Est-ce qu&rsquo;il vous a fait un sourire, appel\u00e9 par votre pr\u00e9nom, etc. C&rsquo;est un ph\u00e9nom\u00e8ne de cour.\u00a0\u00bb Alexandre Benalla, cit\u00e9 par G\u00e9rard Davet et Fabrice L&rsquo;Homme, Le Monde du 26 juillet 2018<\/p>\n","protected":false},"author":1,"featured_media":0,"comment_status":"open","ping_status":"open","sticky":false,"template":"","format":"quote","meta":{"jetpack_post_was_ever_published":false,"_jetpack_newsletter_access":"","_jetpack_dont_email_post_to_subs":false,"_jetpack_newsletter_tier_id":0,"_jetpack_memberships_contains_paywalled_content":false,"_jetpack_memberships_contains_paid_content":false,"footnotes":"","jetpack_publicize_message":"","jetpack_publicize_feature_enabled":true,"jetpack_social_post_already_shared":true,"jetpack_social_options":{"image_generator_settings":{"template":"highway","default_image_id":0,"font":"","enabled":false},"version":2}},"categories":[361,4],"tags":[512,401],"class_list":["post-1489","post","type-post","status-publish","format-quote","hentry","category-citations","category-lectures","tag-alexandre-benalla","tag-emmanuel-macron","post_format-post-format-quote"],"yoast_head":"<!-- This site is optimized with the Yoast SEO plugin v27.4 - https:\/\/yoast.com\/product\/yoast-seo-wordpress\/ -->\n<title>Monarchie - Cut The Crap<\/title>\n<meta name=\"robots\" content=\"index, follow, max-snippet:-1, max-image-preview:large, max-video-preview:-1\" \/>\n<link rel=\"canonical\" href=\"https:\/\/www.incaudavenenum.org\/cut.the.crap\/monarchie\/\" \/>\n<meta property=\"og:locale\" content=\"fr_FR\" \/>\n<meta property=\"og:type\" content=\"article\" \/>\n<meta property=\"og:title\" content=\"Monarchie - Cut The Crap\" \/>\n<meta property=\"og:description\" content=\"\u00ab\u00a0Tout \u00e0 l&rsquo;Elys\u00e9e est bas\u00e9 sur ce que l&rsquo;on peut vous pr\u00eater en termes de proximit\u00e9 avec le chef de l&rsquo;Etat. Est-ce qu&rsquo;il vous a fait un sourire, appel\u00e9 par votre pr\u00e9nom, etc. C&rsquo;est un ph\u00e9nom\u00e8ne de cour.\u00a0\u00bb Alexandre Benalla, cit\u00e9 par G\u00e9rard Davet et Fabrice L&rsquo;Homme, Le Monde du 26 juillet 2018\" \/>\n<meta property=\"og:url\" content=\"https:\/\/www.incaudavenenum.org\/cut.the.crap\/monarchie\/\" \/>\n<meta property=\"og:site_name\" content=\"Cut The Crap\" \/>\n<meta property=\"article:publisher\" content=\"https:\/\/www.facebook.com\/Cut-the-Crap-239882412697830\/\" \/>\n<meta property=\"article:author\" content=\"https:\/\/www.facebook.com\/cut.the.crap.free.fr\" \/>\n<meta property=\"article:published_time\" content=\"2019-01-26T10:16:24+00:00\" \/>\n<meta property=\"article:modified_time\" content=\"2019-01-26T10:16:33+00:00\" \/>\n<meta property=\"og:image\" content=\"https:\/\/i2.wp.com\/www.incaudavenenum.org\/cut.the.crap\/wp-content\/uploads\/2019\/01\/macron-manif.jpg?fit=940%2C529&ssl=1\" \/>\n\t<meta property=\"og:image:width\" content=\"940\" \/>\n\t<meta property=\"og:image:height\" content=\"529\" \/>\n\t<meta property=\"og:image:type\" content=\"image\/jpeg\" \/>\n<meta name=\"author\" content=\"Serge Victor\" \/>\n<meta name=\"twitter:card\" content=\"summary_large_image\" \/>\n<meta name=\"twitter:image\" content=\"https:\/\/i0.wp.com\/www.incaudavenenum.org\/cut.the.crap\/wp-content\/uploads\/2019\/01\/macron-manif.jpg?fit=940%2C529&ssl=1\" \/>\n<meta name=\"twitter:creator\" content=\"@cutzecrap\" \/>\n<meta name=\"twitter:site\" content=\"@cutzecrap\" \/>\n<meta name=\"twitter:label1\" content=\"\u00c9crit par\" \/>\n\t<meta name=\"twitter:data1\" content=\"Serge Victor\" \/>\n<script type=\"application\/ld+json\" class=\"yoast-schema-graph\">{\"@context\":\"https:\\\/\\\/schema.org\",\"@graph\":[{\"@type\":\"Article\",\"@id\":\"https:\\\/\\\/www.incaudavenenum.org\\\/cut.the.crap\\\/monarchie\\\/#article\",\"isPartOf\":{\"@id\":\"https:\\\/\\\/www.incaudavenenum.org\\\/cut.the.crap\\\/monarchie\\\/\"},\"author\":{\"name\":\"Serge Victor\",\"@id\":\"https:\\\/\\\/www.incaudavenenum.org\\\/cut.the.crap\\\/#\\\/schema\\\/person\\\/39fa901f2f251d6be7e35d8d58a8d1b4\"},\"headline\":\"Monarchie\",\"datePublished\":\"2019-01-26T10:16:24+00:00\",\"dateModified\":\"2019-01-26T10:16:33+00:00\",\"mainEntityOfPage\":{\"@id\":\"https:\\\/\\\/www.incaudavenenum.org\\\/cut.the.crap\\\/monarchie\\\/\"},\"wordCount\":63,\"commentCount\":0,\"publisher\":{\"@id\":\"https:\\\/\\\/www.incaudavenenum.org\\\/cut.the.crap\\\/#organization\"},\"keywords\":[\"Alexandre Benalla\",\"Emmanuel Macron\"],\"articleSection\":[\"Citations\",\"Lectures\"],\"inLanguage\":\"fr-FR\",\"potentialAction\":[{\"@type\":\"CommentAction\",\"name\":\"Comment\",\"target\":[\"https:\\\/\\\/www.incaudavenenum.org\\\/cut.the.crap\\\/monarchie\\\/#respond\"]}]},{\"@type\":\"WebPage\",\"@id\":\"https:\\\/\\\/www.incaudavenenum.org\\\/cut.the.crap\\\/monarchie\\\/\",\"url\":\"https:\\\/\\\/www.incaudavenenum.org\\\/cut.the.crap\\\/monarchie\\\/\",\"name\":\"Monarchie - Cut The Crap\",\"isPartOf\":{\"@id\":\"https:\\\/\\\/www.incaudavenenum.org\\\/cut.the.crap\\\/#website\"},\"datePublished\":\"2019-01-26T10:16:24+00:00\",\"dateModified\":\"2019-01-26T10:16:33+00:00\",\"breadcrumb\":{\"@id\":\"https:\\\/\\\/www.incaudavenenum.org\\\/cut.the.crap\\\/monarchie\\\/#breadcrumb\"},\"inLanguage\":\"fr-FR\",\"potentialAction\":[{\"@type\":\"ReadAction\",\"target\":[\"https:\\\/\\\/www.incaudavenenum.org\\\/cut.the.crap\\\/monarchie\\\/\"]}]},{\"@type\":\"BreadcrumbList\",\"@id\":\"https:\\\/\\\/www.incaudavenenum.org\\\/cut.the.crap\\\/monarchie\\\/#breadcrumb\",\"itemListElement\":[{\"@type\":\"ListItem\",\"position\":1,\"name\":\"Accueil\",\"item\":\"https:\\\/\\\/www.incaudavenenum.org\\\/cut.the.crap\\\/\"},{\"@type\":\"ListItem\",\"position\":2,\"name\":\"Monarchie\"}]},{\"@type\":\"WebSite\",\"@id\":\"https:\\\/\\\/www.incaudavenenum.org\\\/cut.the.crap\\\/#website\",\"url\":\"https:\\\/\\\/www.incaudavenenum.org\\\/cut.the.crap\\\/\",\"name\":\"Cut The Crap\",\"description\":\"Blog de gauche\",\"publisher\":{\"@id\":\"https:\\\/\\\/www.incaudavenenum.org\\\/cut.the.crap\\\/#organization\"},\"potentialAction\":[{\"@type\":\"SearchAction\",\"target\":{\"@type\":\"EntryPoint\",\"urlTemplate\":\"https:\\\/\\\/www.incaudavenenum.org\\\/cut.the.crap\\\/?s={search_term_string}\"},\"query-input\":{\"@type\":\"PropertyValueSpecification\",\"valueRequired\":true,\"valueName\":\"search_term_string\"}}],\"inLanguage\":\"fr-FR\"},{\"@type\":\"Organization\",\"@id\":\"https:\\\/\\\/www.incaudavenenum.org\\\/cut.the.crap\\\/#organization\",\"name\":\"Cut The Crap\",\"url\":\"https:\\\/\\\/www.incaudavenenum.org\\\/cut.the.crap\\\/\",\"logo\":{\"@type\":\"ImageObject\",\"inLanguage\":\"fr-FR\",\"@id\":\"https:\\\/\\\/www.incaudavenenum.org\\\/cut.the.crap\\\/#\\\/schema\\\/logo\\\/image\\\/\",\"url\":\"https:\\\/\\\/i1.wp.com\\\/www.incaudavenenum.org\\\/cut.the.crap\\\/wp-content\\\/uploads\\\/2018\\\/01\\\/cTc.png?fit=100%2C95\",\"contentUrl\":\"https:\\\/\\\/i1.wp.com\\\/www.incaudavenenum.org\\\/cut.the.crap\\\/wp-content\\\/uploads\\\/2018\\\/01\\\/cTc.png?fit=100%2C95\",\"width\":100,\"height\":95,\"caption\":\"Cut The Crap\"},\"image\":{\"@id\":\"https:\\\/\\\/www.incaudavenenum.org\\\/cut.the.crap\\\/#\\\/schema\\\/logo\\\/image\\\/\"},\"sameAs\":[\"https:\\\/\\\/www.facebook.com\\\/Cut-the-Crap-239882412697830\\\/\",\"https:\\\/\\\/x.com\\\/cutzecrap\"]},{\"@type\":\"Person\",\"@id\":\"https:\\\/\\\/www.incaudavenenum.org\\\/cut.the.crap\\\/#\\\/schema\\\/person\\\/39fa901f2f251d6be7e35d8d58a8d1b4\",\"name\":\"Serge Victor\",\"image\":{\"@type\":\"ImageObject\",\"inLanguage\":\"fr-FR\",\"@id\":\"https:\\\/\\\/secure.gravatar.com\\\/avatar\\\/1e2fd85bc69a7e81bf6242704119d1669b9a3ab337deeaf0e9141b764210481a?s=96&d=mm&r=g\",\"url\":\"https:\\\/\\\/secure.gravatar.com\\\/avatar\\\/1e2fd85bc69a7e81bf6242704119d1669b9a3ab337deeaf0e9141b764210481a?s=96&d=mm&r=g\",\"contentUrl\":\"https:\\\/\\\/secure.gravatar.com\\\/avatar\\\/1e2fd85bc69a7e81bf6242704119d1669b9a3ab337deeaf0e9141b764210481a?s=96&d=mm&r=g\",\"caption\":\"Serge Victor\"},\"description\":\"Militant de gauche, \u00e9cosocialiste, f\u00e9ministe, autogestionnaire\",\"sameAs\":[\"https:\\\/\\\/www.incaudavenenum.org\\\/cut.the.crap\\\/\",\"https:\\\/\\\/www.facebook.com\\\/cut.the.crap.free.fr\",\"https:\\\/\\\/x.com\\\/cutzecrap\"],\"url\":\"https:\\\/\\\/www.incaudavenenum.org\\\/cut.the.crap\\\/author\\\/sergevictor\\\/\"}]}<\/script>\n<!-- \/ Yoast SEO plugin. -->","yoast_head_json":{"title":"Monarchie - Cut The Crap","robots":{"index":"index","follow":"follow","max-snippet":"max-snippet:-1","max-image-preview":"max-image-preview:large","max-video-preview":"max-video-preview:-1"},"canonical":"https:\/\/www.incaudavenenum.org\/cut.the.crap\/monarchie\/","og_locale":"fr_FR","og_type":"article","og_title":"Monarchie - Cut The Crap","og_description":"\u00ab\u00a0Tout \u00e0 l&rsquo;Elys\u00e9e est bas\u00e9 sur ce que l&rsquo;on peut vous pr\u00eater en termes de proximit\u00e9 avec le chef de l&rsquo;Etat. Est-ce qu&rsquo;il vous a fait un sourire, appel\u00e9 par votre pr\u00e9nom, etc. C&rsquo;est un ph\u00e9nom\u00e8ne de cour.\u00a0\u00bb Alexandre Benalla, cit\u00e9 par G\u00e9rard Davet et Fabrice L&rsquo;Homme, Le Monde du 26 juillet 2018","og_url":"https:\/\/www.incaudavenenum.org\/cut.the.crap\/monarchie\/","og_site_name":"Cut The Crap","article_publisher":"https:\/\/www.facebook.com\/Cut-the-Crap-239882412697830\/","article_author":"https:\/\/www.facebook.com\/cut.the.crap.free.fr","article_published_time":"2019-01-26T10:16:24+00:00","article_modified_time":"2019-01-26T10:16:33+00:00","og_image":[{"width":940,"height":529,"url":"https:\/\/i2.wp.com\/www.incaudavenenum.org\/cut.the.crap\/wp-content\/uploads\/2019\/01\/macron-manif.jpg?fit=940%2C529&ssl=1","type":"image\/jpeg"}],"author":"Serge Victor","twitter_card":"summary_large_image","twitter_image":"https:\/\/i0.wp.com\/www.incaudavenenum.org\/cut.the.crap\/wp-content\/uploads\/2019\/01\/macron-manif.jpg?fit=940%2C529&ssl=1","twitter_creator":"@cutzecrap","twitter_site":"@cutzecrap","twitter_misc":{"\u00c9crit par":"Serge Victor"},"schema":{"@context":"https:\/\/schema.org","@graph":[{"@type":"Article","@id":"https:\/\/www.incaudavenenum.org\/cut.the.crap\/monarchie\/#article","isPartOf":{"@id":"https:\/\/www.incaudavenenum.org\/cut.the.crap\/monarchie\/"},"author":{"name":"Serge Victor","@id":"https:\/\/www.incaudavenenum.org\/cut.the.crap\/#\/schema\/person\/39fa901f2f251d6be7e35d8d58a8d1b4"},"headline":"Monarchie","datePublished":"2019-01-26T10:16:24+00:00","dateModified":"2019-01-26T10:16:33+00:00","mainEntityOfPage":{"@id":"https:\/\/www.incaudavenenum.org\/cut.the.crap\/monarchie\/"},"wordCount":63,"commentCount":0,"publisher":{"@id":"https:\/\/www.incaudavenenum.org\/cut.the.crap\/#organization"},"keywords":["Alexandre Benalla","Emmanuel Macron"],"articleSection":["Citations","Lectures"],"inLanguage":"fr-FR","potentialAction":[{"@type":"CommentAction","name":"Comment","target":["https:\/\/www.incaudavenenum.org\/cut.the.crap\/monarchie\/#respond"]}]},{"@type":"WebPage","@id":"https:\/\/www.incaudavenenum.org\/cut.the.crap\/monarchie\/","url":"https:\/\/www.incaudavenenum.org\/cut.the.crap\/monarchie\/","name":"Monarchie - Cut The Crap","isPartOf":{"@id":"https:\/\/www.incaudavenenum.org\/cut.the.crap\/#website"},"datePublished":"2019-01-26T10:16:24+00:00","dateModified":"2019-01-26T10:16:33+00:00","breadcrumb":{"@id":"https:\/\/www.incaudavenenum.org\/cut.the.crap\/monarchie\/#breadcrumb"},"inLanguage":"fr-FR","potentialAction":[{"@type":"ReadAction","target":["https:\/\/www.incaudavenenum.org\/cut.the.crap\/monarchie\/"]}]},{"@type":"BreadcrumbList","@id":"https:\/\/www.incaudavenenum.org\/cut.the.crap\/monarchie\/#breadcrumb","itemListElement":[{"@type":"ListItem","position":1,"name":"Accueil","item":"https:\/\/www.incaudavenenum.org\/cut.the.crap\/"},{"@type":"ListItem","position":2,"name":"Monarchie"}]},{"@type":"WebSite","@id":"https:\/\/www.incaudavenenum.org\/cut.the.crap\/#website","url":"https:\/\/www.incaudavenenum.org\/cut.the.crap\/","name":"Cut The Crap","description":"Blog de gauche","publisher":{"@id":"https:\/\/www.incaudavenenum.org\/cut.the.crap\/#organization"},"potentialAction":[{"@type":"SearchAction","target":{"@type":"EntryPoint","urlTemplate":"https:\/\/www.incaudavenenum.org\/cut.the.crap\/?s={search_term_string}"},"query-input":{"@type":"PropertyValueSpecification","valueRequired":true,"valueName":"search_term_string"}}],"inLanguage":"fr-FR"},{"@type":"Organization","@id":"https:\/\/www.incaudavenenum.org\/cut.the.crap\/#organization","name":"Cut The Crap","url":"https:\/\/www.incaudavenenum.org\/cut.the.crap\/","logo":{"@type":"ImageObject","inLanguage":"fr-FR","@id":"https:\/\/www.incaudavenenum.org\/cut.the.crap\/#\/schema\/logo\/image\/","url":"https:\/\/i1.wp.com\/www.incaudavenenum.org\/cut.the.crap\/wp-content\/uploads\/2018\/01\/cTc.png?fit=100%2C95","contentUrl":"https:\/\/i1.wp.com\/www.incaudavenenum.org\/cut.the.crap\/wp-content\/uploads\/2018\/01\/cTc.png?fit=100%2C95","width":100,"height":95,"caption":"Cut The Crap"},"image":{"@id":"https:\/\/www.incaudavenenum.org\/cut.the.crap\/#\/schema\/logo\/image\/"},"sameAs":["https:\/\/www.facebook.com\/Cut-the-Crap-239882412697830\/","https:\/\/x.com\/cutzecrap"]},{"@type":"Person","@id":"https:\/\/www.incaudavenenum.org\/cut.the.crap\/#\/schema\/person\/39fa901f2f251d6be7e35d8d58a8d1b4","name":"Serge Victor","image":{"@type":"ImageObject","inLanguage":"fr-FR","@id":"https:\/\/secure.gravatar.com\/avatar\/1e2fd85bc69a7e81bf6242704119d1669b9a3ab337deeaf0e9141b764210481a?s=96&d=mm&r=g","url":"https:\/\/secure.gravatar.com\/avatar\/1e2fd85bc69a7e81bf6242704119d1669b9a3ab337deeaf0e9141b764210481a?s=96&d=mm&r=g","contentUrl":"https:\/\/secure.gravatar.com\/avatar\/1e2fd85bc69a7e81bf6242704119d1669b9a3ab337deeaf0e9141b764210481a?s=96&d=mm&r=g","caption":"Serge Victor"},"description":"Militant de gauche, \u00e9cosocialiste, f\u00e9ministe, autogestionnaire","sameAs":["https:\/\/www.incaudavenenum.org\/cut.the.crap\/","https:\/\/www.facebook.com\/cut.the.crap.free.fr","https:\/\/x.com\/cutzecrap"],"url":"https:\/\/www.incaudavenenum.org\/cut.the.crap\/author\/sergevictor\/"}]}},"jetpack_publicize_connections":[],"jetpack_featured_media_url":"","jetpack_shortlink":"https:\/\/wp.me\/p9z98q-o1","jetpack_likes_enabled":true,"jetpack-related-posts":[{"id":1682,"url":"https:\/\/www.incaudavenenum.org\/cut.the.crap\/corruption\/","url_meta":{"origin":1489,"position":0},"title":"Corruption","author":"Serge Victor","date":"30 mai 2019","format":"quote","excerpt":"\"L'affairisme du chef de l'Etat et sa tol\u00e9rance \u00e0 la corruption sont pr\u00e9cis\u00e9ment r\u00e9v\u00e9l\u00e9s par l'enqu\u00eate au long cours de Mediapart sur Alexandre Benalla, entre autres [...]. Je souhaite juste ajouter cette confidence d'Aleph : \u201cBenalla est 'en main' des services de renseignement fran\u00e7ais, plus pr\u00e9cis\u00e9ment d'une sous-direction de l'un\u2026","rel":"","context":"Dans &quot;Citations&quot;","block_context":{"text":"Citations","link":"https:\/\/www.incaudavenenum.org\/cut.the.crap\/category\/lectures\/citations\/"},"img":{"alt_text":"","src":"","width":0,"height":0},"classes":[]},{"id":436,"url":"https:\/\/www.incaudavenenum.org\/cut.the.crap\/a-mes-camarades-qui-nont-pas-encore-decide-de-voter-pour-melenchon\/","url_meta":{"origin":1489,"position":1},"title":"A mes camarades qui n&rsquo;ont pas encore d\u00e9cid\u00e9 de voter pour M\u00e9lenchon","author":"Pierre-Joseph de Stal","date":"16 avril 2012","format":false,"excerpt":"A mes camarades du peuple de gauche : Camarades anarchistes, communistes libertaires, gauchistes, conseillistes, n\u00e9o-situationnistes, autonomes, A vous qui \u00eates souvent adeptes de l'abstention r\u00e9volutionnaire, \u00e0 vous qui pensez que la d\u00e9mocratie bourgeoise est une mascarade, qu'aucun candidat \u00e0 une \u00e9lection ne vous repr\u00e9sentera jamais, que les \u00e9lections sont un\u2026","rel":"","context":"Dans &quot;R\u00e9sistance&quot;","block_context":{"text":"R\u00e9sistance","link":"https:\/\/www.incaudavenenum.org\/cut.the.crap\/category\/resistance\/"},"img":{"alt_text":"","src":"","width":0,"height":0},"classes":[]},{"id":912,"url":"https:\/\/www.incaudavenenum.org\/cut.the.crap\/lettre-ouverte-a-dominique-vidal-au-sujet-de-melenchon-de-la-syrie-et-de-quelques-calomnies-emises-a-mon-sujet\/","url_meta":{"origin":1489,"position":2},"title":"Lettre ouverte \u00e0 Dominique Vidal au sujet de M\u00e9lenchon, de la Syrie et de quelques calomnies \u00e9mises \u00e0 mon sujet","author":"Serge Victor","date":"13 f\u00e9vrier 2017","format":"chat","excerpt":"Cher Dominique Vidal, Je vous ai souvent lu avec int\u00e9r\u00eat dans les colonnes du Monde Diplomatique, journal qui n'a pas \u00e9t\u00e9 pour rien dans mon \u00e9ducation politique. Je vous ai \u00e9cout\u00e9 tr\u00e8s r\u00e9guli\u00e8rement aussi dans l'\u00e9mission L\u00e0-bas si j'y suis de Daniel Mermet, qui n'a pas peu jou\u00e9 non plus\u2026","rel":"","context":"Dans &quot;R\u00e9sistance&quot;","block_context":{"text":"R\u00e9sistance","link":"https:\/\/www.incaudavenenum.org\/cut.the.crap\/category\/resistance\/"},"img":{"alt_text":"capture-decran-2017-02-08-a-15-16-35","src":"https:\/\/i0.wp.com\/cut.the.crap.free.fr\/wp-content\/uploads\/Capture-d%E2%80%99e%CC%81cran-2017-02-08-a%CC%80-15.16.35-300x288.png?resize=350%2C200","width":350,"height":200},"classes":[]},{"id":1640,"url":"https:\/\/www.incaudavenenum.org\/cut.the.crap\/gerbe\/","url_meta":{"origin":1489,"position":3},"title":"Gerbe","author":"Serge Victor","date":"23 avril 2019","format":"quote","excerpt":"\u00ab Monsieur le Pr\u00e9sident. Je vous gratte le cul, tr\u00e8s fort, avec une fourchette. Je vous crache dans les yeux. Je mords jusqu\u2019au sang vos mollets de coq. Je vous r\u00e2pe le nez jusqu\u2019\u00e0 ce que vous ayez l\u2019air d\u2019un l\u00e9preux. Je vous pends par les couilles. Je d\u00e9vore votre\u2026","rel":"","context":"Dans &quot;Citations&quot;","block_context":{"text":"Citations","link":"https:\/\/www.incaudavenenum.org\/cut.the.crap\/category\/lectures\/citations\/"},"img":{"alt_text":"","src":"https:\/\/i0.wp.com\/img.youtube.com\/vi\/2uJ1xCwCspk\/0.jpg?resize=350%2C200","width":350,"height":200},"classes":[]},{"id":606,"url":"https:\/\/www.incaudavenenum.org\/cut.the.crap\/quand-melenchon-refonde-la-gauche\/","url_meta":{"origin":1489,"position":4},"title":"Quand M\u00e9lenchon refonde la gauche","author":"\u1d10T\u1d04","date":"19 septembre 2012","format":false,"excerpt":"En l'espace de quelques minutes d'un discours tenu \u00e0 la f\u00eate de l'Humanit\u00e9, Jean-Luc M\u00e9lenchon, expliquant l'air de rien que la r\u00e9volution est \"n\u00e9cessairement permanente et continue\", s'est permis de refonder philosophiquement la gauche en \u00e9tablissant des liens raisonn\u00e9s entre l'humanisme, le communisme, le socialisme, l'\u00e9cologie politique, le f\u00e9minisme, la\u2026","rel":"","context":"Dans &quot;R\u00e9sistance&quot;","block_context":{"text":"R\u00e9sistance","link":"https:\/\/www.incaudavenenum.org\/cut.the.crap\/category\/resistance\/"},"img":{"alt_text":"","src":"","width":0,"height":0},"classes":[]},{"id":1288,"url":"https:\/\/www.incaudavenenum.org\/cut.the.crap\/paie-t-on-trop-dimpots-en-france\/","url_meta":{"origin":1489,"position":5},"title":"Paie-t-on trop d&rsquo;imp\u00f4ts en France ?","author":"Serge Victor","date":"22 mars 2018","format":"quote","excerpt":"\"Paie-t-on trop d'imp\u00f4ts en France ? L'instrument \u00e0 utiliser pour r\u00e9pondre est le taux des pr\u00e9l\u00e8vements obligatoires. Il mesure le pourcentage de la richesse cr\u00e9\u00e9e par le pays en une ann\u00e9e, et qui part en recettes fiscales. Ces recettes incluent tous les pr\u00e9l\u00e8vements obligatoires, sans exception : aussi bien les\u2026","rel":"","context":"Dans &quot;Antisocial&quot;","block_context":{"text":"Antisocial","link":"https:\/\/www.incaudavenenum.org\/cut.the.crap\/category\/antisocial\/"},"img":{"alt_text":"","src":"","width":0,"height":0},"classes":[]}],"jetpack_sharing_enabled":true,"_links":{"self":[{"href":"https:\/\/www.incaudavenenum.org\/cut.the.crap\/wp-json\/wp\/v2\/posts\/1489","targetHints":{"allow":["GET"]}}],"collection":[{"href":"https:\/\/www.incaudavenenum.org\/cut.the.crap\/wp-json\/wp\/v2\/posts"}],"about":[{"href":"https:\/\/www.incaudavenenum.org\/cut.the.crap\/wp-json\/wp\/v2\/types\/post"}],"author":[{"embeddable":true,"href":"https:\/\/www.incaudavenenum.org\/cut.the.crap\/wp-json\/wp\/v2\/users\/1"}],"replies":[{"embeddable":true,"href":"https:\/\/www.incaudavenenum.org\/cut.the.crap\/wp-json\/wp\/v2\/comments?post=1489"}],"version-history":[{"count":1,"href":"https:\/\/www.incaudavenenum.org\/cut.the.crap\/wp-json\/wp\/v2\/posts\/1489\/revisions"}],"predecessor-version":[{"id":1491,"href":"https:\/\/www.incaudavenenum.org\/cut.the.crap\/wp-json\/wp\/v2\/posts\/1489\/revisions\/1491"}],"wp:attachment":[{"href":"https:\/\/www.incaudavenenum.org\/cut.the.crap\/wp-json\/wp\/v2\/media?parent=1489"}],"wp:term":[{"taxonomy":"category","embeddable":true,"href":"https:\/\/www.incaudavenenum.org\/cut.the.crap\/wp-json\/wp\/v2\/categories?post=1489"},{"taxonomy":"post_tag","embeddable":true,"href":"https:\/\/www.incaudavenenum.org\/cut.the.crap\/wp-json\/wp\/v2\/tags?post=1489"}],"curies":[{"name":"wp","href":"https:\/\/api.w.org\/{rel}","templated":true}]}}