{"id":1493,"date":"2019-02-15T15:18:10","date_gmt":"2019-02-15T14:18:10","guid":{"rendered":"http:\/\/www.incaudavenenum.org\/cut.the.crap\/?p=1493"},"modified":"2019-02-15T15:18:16","modified_gmt":"2019-02-15T14:18:16","slug":"guerre-civile","status":"publish","type":"post","link":"https:\/\/www.incaudavenenum.org\/cut.the.crap\/guerre-civile\/","title":{"rendered":"Guerre civile"},"content":{"rendered":"\n<p>\u00ab\u00a0Il est piquant de voir d&rsquo;anciens dirigeants vedettes de Mai 68, ayant par exemple \u00e9crit en 1969 \u201cVers la guerre civile\u201d ou fantasm\u00e9 sur la lutte arm\u00e9e comparer la douceur quasi \u00e9vang\u00e9lique de Mai \u00e0 la brutalit\u00e9 des manifestants (non d\u00e9clar\u00e9s en pr\u00e9fecture\u00a0!) cinquante ans plus tard.\u00a0\u00bb<\/p>\n\n\n\n<p style=\"text-align:right\">Fran\u00e7ois-Bernard Huyghe, Xavier Desmaison et Damien Liccia, <br><em>Dans la t\u00eate des Gilets Jaunes<\/em>, V.A. \u00e9ditions, 2018 <\/p>\n","protected":false},"excerpt":{"rendered":"<p>\u00ab\u00a0Il est piquant de voir d&rsquo;anciens dirigeants vedettes de Mai 68, ayant par exemple \u00e9crit en 1969 \u201cVers la guerre civile\u201d ou fantasm\u00e9 sur la lutte arm\u00e9e comparer la douceur quasi \u00e9vang\u00e9lique de Mai \u00e0 la brutalit\u00e9 des manifestants (non d\u00e9clar\u00e9s en pr\u00e9fecture\u00a0!) cinquante ans plus tard.\u00a0\u00bb Fran\u00e7ois-Bernard Huyghe, Xavier Desmaison et Damien Liccia, Dans &hellip; <a href=\"https:\/\/www.incaudavenenum.org\/cut.the.crap\/guerre-civile\/\" class=\"more-link\">Continuer la lecture<span class=\"screen-reader-text\"> de &laquo;&nbsp;Guerre civile&nbsp;&raquo;<\/span><\/a><\/p>\n","protected":false},"author":1,"featured_media":0,"comment_status":"open","ping_status":"open","sticky":false,"template":"","format":"quote","meta":{"jetpack_post_was_ever_published":false,"_jetpack_newsletter_access":"","_jetpack_dont_email_post_to_subs":false,"_jetpack_newsletter_tier_id":0,"_jetpack_memberships_contains_paywalled_content":false,"_jetpack_memberships_contains_paid_content":false,"footnotes":"","jetpack_publicize_message":"","jetpack_publicize_feature_enabled":true,"jetpack_social_post_already_shared":true,"jetpack_social_options":{"image_generator_settings":{"template":"highway","default_image_id":0,"font":"","enabled":false},"version":2}},"categories":[361,4],"tags":[494],"class_list":["post-1493","post","type-post","status-publish","format-quote","hentry","category-citations","category-lectures","tag-gilets-jaunes","post_format-post-format-quote"],"yoast_head":"<!-- This site is optimized with the Yoast SEO plugin v27.4 - https:\/\/yoast.com\/product\/yoast-seo-wordpress\/ -->\n<title>Guerre civile - Cut The Crap<\/title>\n<meta name=\"robots\" content=\"index, follow, max-snippet:-1, max-image-preview:large, max-video-preview:-1\" \/>\n<link rel=\"canonical\" href=\"https:\/\/www.incaudavenenum.org\/cut.the.crap\/guerre-civile\/\" \/>\n<meta property=\"og:locale\" content=\"fr_FR\" \/>\n<meta property=\"og:type\" content=\"article\" \/>\n<meta property=\"og:title\" content=\"Guerre civile - Cut The Crap\" \/>\n<meta property=\"og:description\" content=\"\u00ab\u00a0Il est piquant de voir d&rsquo;anciens dirigeants vedettes de Mai 68, ayant par exemple \u00e9crit en 1969 \u201cVers la guerre civile\u201d ou fantasm\u00e9 sur la lutte arm\u00e9e comparer la douceur quasi \u00e9vang\u00e9lique de Mai \u00e0 la brutalit\u00e9 des manifestants (non d\u00e9clar\u00e9s en pr\u00e9fecture\u00a0!) cinquante ans plus tard.\u00a0\u00bb Fran\u00e7ois-Bernard Huyghe, Xavier Desmaison et Damien Liccia, Dans &hellip; Continuer la lecture de &laquo;&nbsp;Guerre civile&nbsp;&raquo;\" \/>\n<meta property=\"og:url\" content=\"https:\/\/www.incaudavenenum.org\/cut.the.crap\/guerre-civile\/\" \/>\n<meta property=\"og:site_name\" content=\"Cut The Crap\" \/>\n<meta property=\"article:publisher\" content=\"https:\/\/www.facebook.com\/Cut-the-Crap-239882412697830\/\" \/>\n<meta property=\"article:author\" content=\"https:\/\/www.facebook.com\/cut.the.crap.free.fr\" \/>\n<meta property=\"article:published_time\" content=\"2019-02-15T14:18:10+00:00\" \/>\n<meta property=\"article:modified_time\" content=\"2019-02-15T14:18:16+00:00\" \/>\n<meta property=\"og:image\" content=\"https:\/\/i2.wp.com\/www.incaudavenenum.org\/cut.the.crap\/wp-content\/uploads\/2019\/02\/guerre-civile.jpg?fit=340%2C499&ssl=1\" \/>\n\t<meta property=\"og:image:width\" content=\"340\" \/>\n\t<meta property=\"og:image:height\" content=\"499\" \/>\n\t<meta property=\"og:image:type\" content=\"image\/jpeg\" \/>\n<meta name=\"author\" content=\"Serge Victor\" \/>\n<meta name=\"twitter:card\" content=\"summary_large_image\" \/>\n<meta name=\"twitter:image\" content=\"https:\/\/i0.wp.com\/www.incaudavenenum.org\/cut.the.crap\/wp-content\/uploads\/2019\/02\/guerre-civile.jpg?fit=340%2C499&ssl=1\" \/>\n<meta name=\"twitter:creator\" content=\"@cutzecrap\" \/>\n<meta name=\"twitter:site\" content=\"@cutzecrap\" \/>\n<meta name=\"twitter:label1\" content=\"\u00c9crit par\" \/>\n\t<meta name=\"twitter:data1\" content=\"Serge Victor\" \/>\n<script type=\"application\/ld+json\" class=\"yoast-schema-graph\">{\"@context\":\"https:\\\/\\\/schema.org\",\"@graph\":[{\"@type\":\"Article\",\"@id\":\"https:\\\/\\\/www.incaudavenenum.org\\\/cut.the.crap\\\/guerre-civile\\\/#article\",\"isPartOf\":{\"@id\":\"https:\\\/\\\/www.incaudavenenum.org\\\/cut.the.crap\\\/guerre-civile\\\/\"},\"author\":{\"name\":\"Serge Victor\",\"@id\":\"https:\\\/\\\/www.incaudavenenum.org\\\/cut.the.crap\\\/#\\\/schema\\\/person\\\/39fa901f2f251d6be7e35d8d58a8d1b4\"},\"headline\":\"Guerre civile\",\"datePublished\":\"2019-02-15T14:18:10+00:00\",\"dateModified\":\"2019-02-15T14:18:16+00:00\",\"mainEntityOfPage\":{\"@id\":\"https:\\\/\\\/www.incaudavenenum.org\\\/cut.the.crap\\\/guerre-civile\\\/\"},\"wordCount\":70,\"commentCount\":0,\"publisher\":{\"@id\":\"https:\\\/\\\/www.incaudavenenum.org\\\/cut.the.crap\\\/#organization\"},\"keywords\":[\"Gilets Jaunes\"],\"articleSection\":[\"Citations\",\"Lectures\"],\"inLanguage\":\"fr-FR\",\"potentialAction\":[{\"@type\":\"CommentAction\",\"name\":\"Comment\",\"target\":[\"https:\\\/\\\/www.incaudavenenum.org\\\/cut.the.crap\\\/guerre-civile\\\/#respond\"]}]},{\"@type\":\"WebPage\",\"@id\":\"https:\\\/\\\/www.incaudavenenum.org\\\/cut.the.crap\\\/guerre-civile\\\/\",\"url\":\"https:\\\/\\\/www.incaudavenenum.org\\\/cut.the.crap\\\/guerre-civile\\\/\",\"name\":\"Guerre civile - Cut The Crap\",\"isPartOf\":{\"@id\":\"https:\\\/\\\/www.incaudavenenum.org\\\/cut.the.crap\\\/#website\"},\"datePublished\":\"2019-02-15T14:18:10+00:00\",\"dateModified\":\"2019-02-15T14:18:16+00:00\",\"breadcrumb\":{\"@id\":\"https:\\\/\\\/www.incaudavenenum.org\\\/cut.the.crap\\\/guerre-civile\\\/#breadcrumb\"},\"inLanguage\":\"fr-FR\",\"potentialAction\":[{\"@type\":\"ReadAction\",\"target\":[\"https:\\\/\\\/www.incaudavenenum.org\\\/cut.the.crap\\\/guerre-civile\\\/\"]}]},{\"@type\":\"BreadcrumbList\",\"@id\":\"https:\\\/\\\/www.incaudavenenum.org\\\/cut.the.crap\\\/guerre-civile\\\/#breadcrumb\",\"itemListElement\":[{\"@type\":\"ListItem\",\"position\":1,\"name\":\"Accueil\",\"item\":\"https:\\\/\\\/www.incaudavenenum.org\\\/cut.the.crap\\\/\"},{\"@type\":\"ListItem\",\"position\":2,\"name\":\"Guerre civile\"}]},{\"@type\":\"WebSite\",\"@id\":\"https:\\\/\\\/www.incaudavenenum.org\\\/cut.the.crap\\\/#website\",\"url\":\"https:\\\/\\\/www.incaudavenenum.org\\\/cut.the.crap\\\/\",\"name\":\"Cut The Crap\",\"description\":\"Blog de gauche\",\"publisher\":{\"@id\":\"https:\\\/\\\/www.incaudavenenum.org\\\/cut.the.crap\\\/#organization\"},\"potentialAction\":[{\"@type\":\"SearchAction\",\"target\":{\"@type\":\"EntryPoint\",\"urlTemplate\":\"https:\\\/\\\/www.incaudavenenum.org\\\/cut.the.crap\\\/?s={search_term_string}\"},\"query-input\":{\"@type\":\"PropertyValueSpecification\",\"valueRequired\":true,\"valueName\":\"search_term_string\"}}],\"inLanguage\":\"fr-FR\"},{\"@type\":\"Organization\",\"@id\":\"https:\\\/\\\/www.incaudavenenum.org\\\/cut.the.crap\\\/#organization\",\"name\":\"Cut The Crap\",\"url\":\"https:\\\/\\\/www.incaudavenenum.org\\\/cut.the.crap\\\/\",\"logo\":{\"@type\":\"ImageObject\",\"inLanguage\":\"fr-FR\",\"@id\":\"https:\\\/\\\/www.incaudavenenum.org\\\/cut.the.crap\\\/#\\\/schema\\\/logo\\\/image\\\/\",\"url\":\"https:\\\/\\\/i1.wp.com\\\/www.incaudavenenum.org\\\/cut.the.crap\\\/wp-content\\\/uploads\\\/2018\\\/01\\\/cTc.png?fit=100%2C95\",\"contentUrl\":\"https:\\\/\\\/i1.wp.com\\\/www.incaudavenenum.org\\\/cut.the.crap\\\/wp-content\\\/uploads\\\/2018\\\/01\\\/cTc.png?fit=100%2C95\",\"width\":100,\"height\":95,\"caption\":\"Cut The Crap\"},\"image\":{\"@id\":\"https:\\\/\\\/www.incaudavenenum.org\\\/cut.the.crap\\\/#\\\/schema\\\/logo\\\/image\\\/\"},\"sameAs\":[\"https:\\\/\\\/www.facebook.com\\\/Cut-the-Crap-239882412697830\\\/\",\"https:\\\/\\\/x.com\\\/cutzecrap\"]},{\"@type\":\"Person\",\"@id\":\"https:\\\/\\\/www.incaudavenenum.org\\\/cut.the.crap\\\/#\\\/schema\\\/person\\\/39fa901f2f251d6be7e35d8d58a8d1b4\",\"name\":\"Serge Victor\",\"image\":{\"@type\":\"ImageObject\",\"inLanguage\":\"fr-FR\",\"@id\":\"https:\\\/\\\/secure.gravatar.com\\\/avatar\\\/1e2fd85bc69a7e81bf6242704119d1669b9a3ab337deeaf0e9141b764210481a?s=96&d=mm&r=g\",\"url\":\"https:\\\/\\\/secure.gravatar.com\\\/avatar\\\/1e2fd85bc69a7e81bf6242704119d1669b9a3ab337deeaf0e9141b764210481a?s=96&d=mm&r=g\",\"contentUrl\":\"https:\\\/\\\/secure.gravatar.com\\\/avatar\\\/1e2fd85bc69a7e81bf6242704119d1669b9a3ab337deeaf0e9141b764210481a?s=96&d=mm&r=g\",\"caption\":\"Serge Victor\"},\"description\":\"Militant de gauche, \u00e9cosocialiste, f\u00e9ministe, autogestionnaire\",\"sameAs\":[\"https:\\\/\\\/www.incaudavenenum.org\\\/cut.the.crap\\\/\",\"https:\\\/\\\/www.facebook.com\\\/cut.the.crap.free.fr\",\"https:\\\/\\\/x.com\\\/cutzecrap\"],\"url\":\"https:\\\/\\\/www.incaudavenenum.org\\\/cut.the.crap\\\/author\\\/sergevictor\\\/\"}]}<\/script>\n<!-- \/ Yoast SEO plugin. -->","yoast_head_json":{"title":"Guerre civile - Cut The Crap","robots":{"index":"index","follow":"follow","max-snippet":"max-snippet:-1","max-image-preview":"max-image-preview:large","max-video-preview":"max-video-preview:-1"},"canonical":"https:\/\/www.incaudavenenum.org\/cut.the.crap\/guerre-civile\/","og_locale":"fr_FR","og_type":"article","og_title":"Guerre civile - Cut The Crap","og_description":"\u00ab\u00a0Il est piquant de voir d&rsquo;anciens dirigeants vedettes de Mai 68, ayant par exemple \u00e9crit en 1969 \u201cVers la guerre civile\u201d ou fantasm\u00e9 sur la lutte arm\u00e9e comparer la douceur quasi \u00e9vang\u00e9lique de Mai \u00e0 la brutalit\u00e9 des manifestants (non d\u00e9clar\u00e9s en pr\u00e9fecture\u00a0!) cinquante ans plus tard.\u00a0\u00bb Fran\u00e7ois-Bernard Huyghe, Xavier Desmaison et Damien Liccia, Dans &hellip; Continuer la lecture de &laquo;&nbsp;Guerre civile&nbsp;&raquo;","og_url":"https:\/\/www.incaudavenenum.org\/cut.the.crap\/guerre-civile\/","og_site_name":"Cut The Crap","article_publisher":"https:\/\/www.facebook.com\/Cut-the-Crap-239882412697830\/","article_author":"https:\/\/www.facebook.com\/cut.the.crap.free.fr","article_published_time":"2019-02-15T14:18:10+00:00","article_modified_time":"2019-02-15T14:18:16+00:00","og_image":[{"width":340,"height":499,"url":"https:\/\/i2.wp.com\/www.incaudavenenum.org\/cut.the.crap\/wp-content\/uploads\/2019\/02\/guerre-civile.jpg?fit=340%2C499&ssl=1","type":"image\/jpeg"}],"author":"Serge Victor","twitter_card":"summary_large_image","twitter_image":"https:\/\/i0.wp.com\/www.incaudavenenum.org\/cut.the.crap\/wp-content\/uploads\/2019\/02\/guerre-civile.jpg?fit=340%2C499&ssl=1","twitter_creator":"@cutzecrap","twitter_site":"@cutzecrap","twitter_misc":{"\u00c9crit par":"Serge Victor"},"schema":{"@context":"https:\/\/schema.org","@graph":[{"@type":"Article","@id":"https:\/\/www.incaudavenenum.org\/cut.the.crap\/guerre-civile\/#article","isPartOf":{"@id":"https:\/\/www.incaudavenenum.org\/cut.the.crap\/guerre-civile\/"},"author":{"name":"Serge Victor","@id":"https:\/\/www.incaudavenenum.org\/cut.the.crap\/#\/schema\/person\/39fa901f2f251d6be7e35d8d58a8d1b4"},"headline":"Guerre civile","datePublished":"2019-02-15T14:18:10+00:00","dateModified":"2019-02-15T14:18:16+00:00","mainEntityOfPage":{"@id":"https:\/\/www.incaudavenenum.org\/cut.the.crap\/guerre-civile\/"},"wordCount":70,"commentCount":0,"publisher":{"@id":"https:\/\/www.incaudavenenum.org\/cut.the.crap\/#organization"},"keywords":["Gilets Jaunes"],"articleSection":["Citations","Lectures"],"inLanguage":"fr-FR","potentialAction":[{"@type":"CommentAction","name":"Comment","target":["https:\/\/www.incaudavenenum.org\/cut.the.crap\/guerre-civile\/#respond"]}]},{"@type":"WebPage","@id":"https:\/\/www.incaudavenenum.org\/cut.the.crap\/guerre-civile\/","url":"https:\/\/www.incaudavenenum.org\/cut.the.crap\/guerre-civile\/","name":"Guerre civile - Cut The Crap","isPartOf":{"@id":"https:\/\/www.incaudavenenum.org\/cut.the.crap\/#website"},"datePublished":"2019-02-15T14:18:10+00:00","dateModified":"2019-02-15T14:18:16+00:00","breadcrumb":{"@id":"https:\/\/www.incaudavenenum.org\/cut.the.crap\/guerre-civile\/#breadcrumb"},"inLanguage":"fr-FR","potentialAction":[{"@type":"ReadAction","target":["https:\/\/www.incaudavenenum.org\/cut.the.crap\/guerre-civile\/"]}]},{"@type":"BreadcrumbList","@id":"https:\/\/www.incaudavenenum.org\/cut.the.crap\/guerre-civile\/#breadcrumb","itemListElement":[{"@type":"ListItem","position":1,"name":"Accueil","item":"https:\/\/www.incaudavenenum.org\/cut.the.crap\/"},{"@type":"ListItem","position":2,"name":"Guerre civile"}]},{"@type":"WebSite","@id":"https:\/\/www.incaudavenenum.org\/cut.the.crap\/#website","url":"https:\/\/www.incaudavenenum.org\/cut.the.crap\/","name":"Cut The Crap","description":"Blog de gauche","publisher":{"@id":"https:\/\/www.incaudavenenum.org\/cut.the.crap\/#organization"},"potentialAction":[{"@type":"SearchAction","target":{"@type":"EntryPoint","urlTemplate":"https:\/\/www.incaudavenenum.org\/cut.the.crap\/?s={search_term_string}"},"query-input":{"@type":"PropertyValueSpecification","valueRequired":true,"valueName":"search_term_string"}}],"inLanguage":"fr-FR"},{"@type":"Organization","@id":"https:\/\/www.incaudavenenum.org\/cut.the.crap\/#organization","name":"Cut The Crap","url":"https:\/\/www.incaudavenenum.org\/cut.the.crap\/","logo":{"@type":"ImageObject","inLanguage":"fr-FR","@id":"https:\/\/www.incaudavenenum.org\/cut.the.crap\/#\/schema\/logo\/image\/","url":"https:\/\/i1.wp.com\/www.incaudavenenum.org\/cut.the.crap\/wp-content\/uploads\/2018\/01\/cTc.png?fit=100%2C95","contentUrl":"https:\/\/i1.wp.com\/www.incaudavenenum.org\/cut.the.crap\/wp-content\/uploads\/2018\/01\/cTc.png?fit=100%2C95","width":100,"height":95,"caption":"Cut The Crap"},"image":{"@id":"https:\/\/www.incaudavenenum.org\/cut.the.crap\/#\/schema\/logo\/image\/"},"sameAs":["https:\/\/www.facebook.com\/Cut-the-Crap-239882412697830\/","https:\/\/x.com\/cutzecrap"]},{"@type":"Person","@id":"https:\/\/www.incaudavenenum.org\/cut.the.crap\/#\/schema\/person\/39fa901f2f251d6be7e35d8d58a8d1b4","name":"Serge Victor","image":{"@type":"ImageObject","inLanguage":"fr-FR","@id":"https:\/\/secure.gravatar.com\/avatar\/1e2fd85bc69a7e81bf6242704119d1669b9a3ab337deeaf0e9141b764210481a?s=96&d=mm&r=g","url":"https:\/\/secure.gravatar.com\/avatar\/1e2fd85bc69a7e81bf6242704119d1669b9a3ab337deeaf0e9141b764210481a?s=96&d=mm&r=g","contentUrl":"https:\/\/secure.gravatar.com\/avatar\/1e2fd85bc69a7e81bf6242704119d1669b9a3ab337deeaf0e9141b764210481a?s=96&d=mm&r=g","caption":"Serge Victor"},"description":"Militant de gauche, \u00e9cosocialiste, f\u00e9ministe, autogestionnaire","sameAs":["https:\/\/www.incaudavenenum.org\/cut.the.crap\/","https:\/\/www.facebook.com\/cut.the.crap.free.fr","https:\/\/x.com\/cutzecrap"],"url":"https:\/\/www.incaudavenenum.org\/cut.the.crap\/author\/sergevictor\/"}]}},"jetpack_publicize_connections":[],"jetpack_featured_media_url":"","jetpack_shortlink":"https:\/\/wp.me\/p9z98q-o5","jetpack_likes_enabled":true,"jetpack-related-posts":[{"id":1591,"url":"https:\/\/www.incaudavenenum.org\/cut.the.crap\/macron-donne-sa-vision-des-gilets-jaunes-aux-enfants\/","url_meta":{"origin":1493,"position":0},"title":"Macron donne sa vision des Gilets jaunes aux enfants","author":"Serge Victor","date":"29 mars 2019","format":false,"excerpt":"L'original https:\/\/youtu.be\/saDh1q-RWCU La copie source : Huffington Post","rel":"","context":"Dans &quot;Chim\u00e8res&quot;","block_context":{"text":"Chim\u00e8res","link":"https:\/\/www.incaudavenenum.org\/cut.the.crap\/category\/chimeres\/"},"img":{"alt_text":"","src":"https:\/\/i0.wp.com\/www.incaudavenenum.org\/cut.the.crap\/wp-content\/uploads\/2019\/03\/hitlermacron.jpg?resize=350%2C200&ssl=1","width":350,"height":200,"srcset":"https:\/\/i0.wp.com\/www.incaudavenenum.org\/cut.the.crap\/wp-content\/uploads\/2019\/03\/hitlermacron.jpg?resize=350%2C200&ssl=1 1x, https:\/\/i0.wp.com\/www.incaudavenenum.org\/cut.the.crap\/wp-content\/uploads\/2019\/03\/hitlermacron.jpg?resize=525%2C300&ssl=1 1.5x, https:\/\/i0.wp.com\/www.incaudavenenum.org\/cut.the.crap\/wp-content\/uploads\/2019\/03\/hitlermacron.jpg?resize=700%2C400&ssl=1 2x, https:\/\/i0.wp.com\/www.incaudavenenum.org\/cut.the.crap\/wp-content\/uploads\/2019\/03\/hitlermacron.jpg?resize=1050%2C600&ssl=1 3x"},"classes":[]},{"id":1560,"url":"https:\/\/www.incaudavenenum.org\/cut.the.crap\/noyau-dur\/","url_meta":{"origin":1493,"position":1},"title":"Noyau dur","author":"Serge Victor","date":"19 mars 2019","format":false,"excerpt":"Quand le ministre Nunez annonce \"10000 manifestants violents\" (voir article d'Arr\u00eat sur Images) alors que la pr\u00e9fecture chiffrait \u00e0 10000 le nombre de Gilets Jaunes manifestant (voir article de La Croix), on peut en conclure ou bien que tous les Gilets Jaunes sont violents, ou bien que les Gilets Jaunes\u2026","rel":"","context":"Dans &quot;Antisocial&quot;","block_context":{"text":"Antisocial","link":"https:\/\/www.incaudavenenum.org\/cut.the.crap\/category\/antisocial\/"},"img":{"alt_text":"","src":"https:\/\/i0.wp.com\/www.incaudavenenum.org\/cut.the.crap\/wp-content\/uploads\/2019\/03\/manif16-e1552988895382.jpg?fit=900%2C1200&ssl=1&resize=350%2C200","width":350,"height":200,"srcset":"https:\/\/i0.wp.com\/www.incaudavenenum.org\/cut.the.crap\/wp-content\/uploads\/2019\/03\/manif16-e1552988895382.jpg?fit=900%2C1200&ssl=1&resize=350%2C200 1x, https:\/\/i0.wp.com\/www.incaudavenenum.org\/cut.the.crap\/wp-content\/uploads\/2019\/03\/manif16-e1552988895382.jpg?fit=900%2C1200&ssl=1&resize=525%2C300 1.5x, https:\/\/i0.wp.com\/www.incaudavenenum.org\/cut.the.crap\/wp-content\/uploads\/2019\/03\/manif16-e1552988895382.jpg?fit=900%2C1200&ssl=1&resize=700%2C400 2x"},"classes":[]},{"id":1484,"url":"https:\/\/www.incaudavenenum.org\/cut.the.crap\/acte-x-texte-salutaire\/","url_meta":{"origin":1493,"position":2},"title":"Acte X, texte salutaire","author":"Serge Victor","date":"19 janvier 2019","format":"image","excerpt":"Tract distribu\u00e9 lors de la manifestation des Gilets Jaunes du 19 janvier 2019 \u00e0 Paris","rel":"","context":"Dans &quot;Antiracisme&quot;","block_context":{"text":"Antiracisme","link":"https:\/\/www.incaudavenenum.org\/cut.the.crap\/category\/antiracisme\/"},"img":{"alt_text":"","src":"https:\/\/i0.wp.com\/www.incaudavenenum.org\/cut.the.crap\/wp-content\/uploads\/2019\/01\/GJIdF-e1547912008661.jpg?resize=350%2C200&ssl=1","width":350,"height":200,"srcset":"https:\/\/i0.wp.com\/www.incaudavenenum.org\/cut.the.crap\/wp-content\/uploads\/2019\/01\/GJIdF-e1547912008661.jpg?resize=350%2C200&ssl=1 1x, https:\/\/i0.wp.com\/www.incaudavenenum.org\/cut.the.crap\/wp-content\/uploads\/2019\/01\/GJIdF-e1547912008661.jpg?resize=525%2C300&ssl=1 1.5x, https:\/\/i0.wp.com\/www.incaudavenenum.org\/cut.the.crap\/wp-content\/uploads\/2019\/01\/GJIdF-e1547912008661.jpg?resize=700%2C400&ssl=1 2x, https:\/\/i0.wp.com\/www.incaudavenenum.org\/cut.the.crap\/wp-content\/uploads\/2019\/01\/GJIdF-e1547912008661.jpg?resize=1050%2C600&ssl=1 3x, https:\/\/i0.wp.com\/www.incaudavenenum.org\/cut.the.crap\/wp-content\/uploads\/2019\/01\/GJIdF-e1547912008661.jpg?resize=1400%2C800&ssl=1 4x"},"classes":[]},{"id":1860,"url":"https:\/\/www.incaudavenenum.org\/cut.the.crap\/du-macronisme-au-fascisme\/","url_meta":{"origin":1493,"position":3},"title":"Du macronisme au fascisme","author":"Serge Victor","date":"15 d\u00e9cembre 2019","format":false,"excerpt":"Cela faisait un moment que la d\u00e9rive autoritaire du capitalisme n\u00e9olib\u00e9ral \u00e9tait visible, notamment par la violence de la r\u00e9pression contre les Gilets Jaunes ou le mouvement social de d\u00e9fense des retraites. Ugo Palheta, par exemple, a bien analys\u00e9 cette \"possibilit\u00e9 du fascisme\". https:\/\/youtu.be\/-6lMYt24yMI https:\/\/youtu.be\/QaHHjK8RQqM Mais les trolls macronards commencent\u2026","rel":"","context":"Dans &quot;Antisocial&quot;","block_context":{"text":"Antisocial","link":"https:\/\/www.incaudavenenum.org\/cut.the.crap\/category\/antisocial\/"},"img":{"alt_text":"","src":"https:\/\/i0.wp.com\/www.incaudavenenum.org\/cut.the.crap\/wp-content\/uploads\/2019\/12\/Capture-d%E2%80%99e%CC%81cran-2019-12-15-a%CC%80-11.31.54.png?resize=350%2C200&ssl=1","width":350,"height":200,"srcset":"https:\/\/i0.wp.com\/www.incaudavenenum.org\/cut.the.crap\/wp-content\/uploads\/2019\/12\/Capture-d%E2%80%99e%CC%81cran-2019-12-15-a%CC%80-11.31.54.png?resize=350%2C200&ssl=1 1x, https:\/\/i0.wp.com\/www.incaudavenenum.org\/cut.the.crap\/wp-content\/uploads\/2019\/12\/Capture-d%E2%80%99e%CC%81cran-2019-12-15-a%CC%80-11.31.54.png?resize=525%2C300&ssl=1 1.5x, https:\/\/i0.wp.com\/www.incaudavenenum.org\/cut.the.crap\/wp-content\/uploads\/2019\/12\/Capture-d%E2%80%99e%CC%81cran-2019-12-15-a%CC%80-11.31.54.png?resize=700%2C400&ssl=1 2x"},"classes":[]},{"id":1476,"url":"https:\/\/www.incaudavenenum.org\/cut.the.crap\/purete-2\/","url_meta":{"origin":1493,"position":4},"title":"Puret\u00e9 (2)","author":"Serge Victor","date":"15 janvier 2019","format":false,"excerpt":"","rel":"","context":"Dans &quot;Chim\u00e8res&quot;","block_context":{"text":"Chim\u00e8res","link":"https:\/\/www.incaudavenenum.org\/cut.the.crap\/category\/chimeres\/"},"img":{"alt_text":"","src":"https:\/\/i0.wp.com\/www.incaudavenenum.org\/cut.the.crap\/wp-content\/uploads\/2019\/01\/le%CC%81nineFB.jpg?resize=350%2C200&ssl=1","width":350,"height":200,"srcset":"https:\/\/i0.wp.com\/www.incaudavenenum.org\/cut.the.crap\/wp-content\/uploads\/2019\/01\/le%CC%81nineFB.jpg?resize=350%2C200&ssl=1 1x, https:\/\/i0.wp.com\/www.incaudavenenum.org\/cut.the.crap\/wp-content\/uploads\/2019\/01\/le%CC%81nineFB.jpg?resize=525%2C300&ssl=1 1.5x, https:\/\/i0.wp.com\/www.incaudavenenum.org\/cut.the.crap\/wp-content\/uploads\/2019\/01\/le%CC%81nineFB.jpg?resize=700%2C400&ssl=1 2x, https:\/\/i0.wp.com\/www.incaudavenenum.org\/cut.the.crap\/wp-content\/uploads\/2019\/01\/le%CC%81nineFB.jpg?resize=1050%2C600&ssl=1 3x"},"classes":[]},{"id":1714,"url":"https:\/\/www.incaudavenenum.org\/cut.the.crap\/spectacle-2\/","url_meta":{"origin":1493,"position":5},"title":"Spectacle","author":"Serge Victor","date":"2 juin 2019","format":"quote","excerpt":"\"Je pense que nous assistons aujourd'hui \u00e0 un nouvel \u00e9pisode dans la lutte d\u00e9j\u00e0 ancienne que se livrent les politiciens et les journalistes pour appara\u00eetre comme les v\u00e9ritables repr\u00e9sentants du peuple. En diffusant en boucle les propos des manifestants affirmant leur refus d'\u00eatre \u201cr\u00e9cup\u00e9r\u00e9s\u201d par les syndicats et les partis,\u2026","rel":"","context":"Dans &quot;Citations&quot;","block_context":{"text":"Citations","link":"https:\/\/www.incaudavenenum.org\/cut.the.crap\/category\/lectures\/citations\/"},"img":{"alt_text":"","src":"","width":0,"height":0},"classes":[]}],"jetpack_sharing_enabled":true,"_links":{"self":[{"href":"https:\/\/www.incaudavenenum.org\/cut.the.crap\/wp-json\/wp\/v2\/posts\/1493","targetHints":{"allow":["GET"]}}],"collection":[{"href":"https:\/\/www.incaudavenenum.org\/cut.the.crap\/wp-json\/wp\/v2\/posts"}],"about":[{"href":"https:\/\/www.incaudavenenum.org\/cut.the.crap\/wp-json\/wp\/v2\/types\/post"}],"author":[{"embeddable":true,"href":"https:\/\/www.incaudavenenum.org\/cut.the.crap\/wp-json\/wp\/v2\/users\/1"}],"replies":[{"embeddable":true,"href":"https:\/\/www.incaudavenenum.org\/cut.the.crap\/wp-json\/wp\/v2\/comments?post=1493"}],"version-history":[{"count":1,"href":"https:\/\/www.incaudavenenum.org\/cut.the.crap\/wp-json\/wp\/v2\/posts\/1493\/revisions"}],"predecessor-version":[{"id":1495,"href":"https:\/\/www.incaudavenenum.org\/cut.the.crap\/wp-json\/wp\/v2\/posts\/1493\/revisions\/1495"}],"wp:attachment":[{"href":"https:\/\/www.incaudavenenum.org\/cut.the.crap\/wp-json\/wp\/v2\/media?parent=1493"}],"wp:term":[{"taxonomy":"category","embeddable":true,"href":"https:\/\/www.incaudavenenum.org\/cut.the.crap\/wp-json\/wp\/v2\/categories?post=1493"},{"taxonomy":"post_tag","embeddable":true,"href":"https:\/\/www.incaudavenenum.org\/cut.the.crap\/wp-json\/wp\/v2\/tags?post=1493"}],"curies":[{"name":"wp","href":"https:\/\/api.w.org\/{rel}","templated":true}]}}