{"id":1502,"date":"2019-02-24T23:08:51","date_gmt":"2019-02-24T22:08:51","guid":{"rendered":"http:\/\/www.incaudavenenum.org\/cut.the.crap\/?p=1502"},"modified":"2019-02-24T23:14:48","modified_gmt":"2019-02-24T22:14:48","slug":"president","status":"publish","type":"post","link":"https:\/\/www.incaudavenenum.org\/cut.the.crap\/president\/","title":{"rendered":"Pr\u00e9sident"},"content":{"rendered":"\n<p>\u00ab\u00a0Je ne vous veux plus comme pr\u00e9sident, c&rsquo;est \u00e9vident. Mais je ne veux plus de pr\u00e9sident, tout court, plus de pr\u00e9sident-soleil, astre autour duquel la vie tourne, avec sa cour et ses d\u00e9put\u00e9s-toutous, pr\u00e9sident qui concentre en lui (presque) tous les pouvoirs, plus intelligent que soixante millions d&rsquo;habitants, et qui se prend tant\u00f4t pour \u201cla figure du roi absent\u201d, tant\u00f4t pour \u201cquelque chose de napol\u00e9onien\u201d, le pr\u00e9sident-despote, comme Montesquieu d\u00e9finissait le despotisme : ce \u201cr\u00e9gime o\u00f9 un seul entra\u00eene tout par sa volont\u00e9 et par ses caprices\u201d. Un pr\u00e9sident pour les 14 juillet et les 11 novembre, \u00e7a, je veux bien, un pr\u00e9sident pour les flonflons et les inaugurations. Mais c&rsquo;est une folie, sinon, le mesurez-vous ?<\/p>\n\n\n\n<!--more-->\n\n\n\n<p>Je me suis retrouv\u00e9, moi aussi, pris dans ce d\u00e9lire : j&rsquo;\u00e9tais \u00e0 peine \u00e9lu, et d\u00e8s septembre 2017, les journalistes m&rsquo;interrogeaient d\u00e9j\u00e0 sur 2022 ! Cinq annn\u00e9es \u00e0 l&rsquo;avance ! La d\u00e9mocratie r\u00e9duite \u00e0 une date, \u00e0 un homme, \u00e0 un rendez-vous. Cette \u00e9lection pervertit tout, et je le sens jusqu&rsquo;en moi-m\u00eame : \u00e7a vous effleure, \u00e7a grossit en vous comme une tumeur, ce \u201cpourquoi pas moi ?\u201d. Les m\u00e9dias, les sondages, les coll\u00e8gues vous farcissent d&rsquo;une ambition qui n&rsquo;est pas la v\u00f4tre. Il faut y r\u00e9sister, alors, \u00e0 la pr\u00e9sidentielle, sans quoi on glisse dedans comme sur un toboggan, saisi par un tourbillon. \u00catre fid\u00e8le \u00e0 soi-m\u00eame, s&rsquo;inventer un r\u00f4le personnel, \u201cfeu follet de la R\u00e9publique\u201d, ranimant la flamme du peuple.\u00a0\u00bb<\/p>\n\n\n\n<p style=\"text-align:right\">Fran\u00e7ois Ruffin, <em>Ce pays que tu ne connais pas<\/em>, Les ar\u00e8nes, 2019, p.176<\/p>\n","protected":false},"excerpt":{"rendered":"<p>\u00ab\u00a0Je ne vous veux plus comme pr\u00e9sident, c&rsquo;est \u00e9vident. Mais je ne veux plus de pr\u00e9sident, tout court, plus de pr\u00e9sident-soleil, astre autour duquel la vie tourne, avec sa cour et ses d\u00e9put\u00e9s-toutous, pr\u00e9sident qui concentre en lui (presque) tous les pouvoirs, plus intelligent que soixante millions d&rsquo;habitants, et qui se prend tant\u00f4t pour \u201cla &hellip; <a href=\"https:\/\/www.incaudavenenum.org\/cut.the.crap\/president\/\" class=\"more-link\">Continuer la lecture<span class=\"screen-reader-text\"> de &laquo;&nbsp;Pr\u00e9sident&nbsp;&raquo;<\/span><\/a><\/p>\n","protected":false},"author":1,"featured_media":0,"comment_status":"open","ping_status":"open","sticky":false,"template":"","format":"quote","meta":{"jetpack_post_was_ever_published":false,"_jetpack_newsletter_access":"","_jetpack_dont_email_post_to_subs":false,"_jetpack_newsletter_tier_id":0,"_jetpack_memberships_contains_paywalled_content":false,"_jetpack_memberships_contains_paid_content":false,"footnotes":"","jetpack_publicize_message":"","jetpack_publicize_feature_enabled":true,"jetpack_social_post_already_shared":true,"jetpack_social_options":{"image_generator_settings":{"template":"highway","default_image_id":0,"font":"","enabled":false},"version":2}},"categories":[361,4],"tags":[401,493],"class_list":["post-1502","post","type-post","status-publish","format-quote","hentry","category-citations","category-lectures","tag-emmanuel-macron","tag-francois-ruffin","post_format-post-format-quote"],"yoast_head":"<!-- This site is optimized with the Yoast SEO plugin v27.4 - https:\/\/yoast.com\/product\/yoast-seo-wordpress\/ -->\n<title>Pr\u00e9sident - Cut The Crap<\/title>\n<meta name=\"robots\" content=\"index, follow, max-snippet:-1, max-image-preview:large, max-video-preview:-1\" \/>\n<link rel=\"canonical\" href=\"https:\/\/www.incaudavenenum.org\/cut.the.crap\/president\/\" \/>\n<meta property=\"og:locale\" content=\"fr_FR\" \/>\n<meta property=\"og:type\" content=\"article\" \/>\n<meta property=\"og:title\" content=\"Pr\u00e9sident - Cut The Crap\" \/>\n<meta property=\"og:description\" content=\"\u00ab\u00a0Je ne vous veux plus comme pr\u00e9sident, c&rsquo;est \u00e9vident. Mais je ne veux plus de pr\u00e9sident, tout court, plus de pr\u00e9sident-soleil, astre autour duquel la vie tourne, avec sa cour et ses d\u00e9put\u00e9s-toutous, pr\u00e9sident qui concentre en lui (presque) tous les pouvoirs, plus intelligent que soixante millions d&rsquo;habitants, et qui se prend tant\u00f4t pour \u201cla &hellip; Continuer la lecture de &laquo;&nbsp;Pr\u00e9sident&nbsp;&raquo;\" \/>\n<meta property=\"og:url\" content=\"https:\/\/www.incaudavenenum.org\/cut.the.crap\/president\/\" \/>\n<meta property=\"og:site_name\" content=\"Cut The Crap\" \/>\n<meta property=\"article:publisher\" content=\"https:\/\/www.facebook.com\/Cut-the-Crap-239882412697830\/\" \/>\n<meta property=\"article:author\" content=\"https:\/\/www.facebook.com\/cut.the.crap.free.fr\" \/>\n<meta property=\"article:published_time\" content=\"2019-02-24T22:08:51+00:00\" \/>\n<meta property=\"article:modified_time\" content=\"2019-02-24T22:14:48+00:00\" \/>\n<meta property=\"og:image\" content=\"https:\/\/i2.wp.com\/www.incaudavenenum.org\/cut.the.crap\/wp-content\/uploads\/2019\/02\/ruffin.jpg?fit=326%2C499&ssl=1\" \/>\n\t<meta property=\"og:image:width\" content=\"326\" \/>\n\t<meta property=\"og:image:height\" content=\"499\" \/>\n\t<meta property=\"og:image:type\" content=\"image\/jpeg\" \/>\n<meta name=\"author\" content=\"Serge Victor\" \/>\n<meta name=\"twitter:card\" content=\"summary_large_image\" \/>\n<meta name=\"twitter:image\" content=\"https:\/\/i0.wp.com\/www.incaudavenenum.org\/cut.the.crap\/wp-content\/uploads\/2019\/02\/ruffin.jpg?fit=326%2C499&ssl=1\" \/>\n<meta name=\"twitter:creator\" content=\"@cutzecrap\" \/>\n<meta name=\"twitter:site\" content=\"@cutzecrap\" \/>\n<meta name=\"twitter:label1\" content=\"\u00c9crit par\" \/>\n\t<meta name=\"twitter:data1\" content=\"Serge Victor\" \/>\n\t<meta name=\"twitter:label2\" content=\"Dur\u00e9e de lecture estim\u00e9e\" \/>\n\t<meta name=\"twitter:data2\" content=\"1 minute\" \/>\n<script type=\"application\/ld+json\" class=\"yoast-schema-graph\">{\"@context\":\"https:\\\/\\\/schema.org\",\"@graph\":[{\"@type\":\"Article\",\"@id\":\"https:\\\/\\\/www.incaudavenenum.org\\\/cut.the.crap\\\/president\\\/#article\",\"isPartOf\":{\"@id\":\"https:\\\/\\\/www.incaudavenenum.org\\\/cut.the.crap\\\/president\\\/\"},\"author\":{\"name\":\"Serge Victor\",\"@id\":\"https:\\\/\\\/www.incaudavenenum.org\\\/cut.the.crap\\\/#\\\/schema\\\/person\\\/39fa901f2f251d6be7e35d8d58a8d1b4\"},\"headline\":\"Pr\u00e9sident\",\"datePublished\":\"2019-02-24T22:08:51+00:00\",\"dateModified\":\"2019-02-24T22:14:48+00:00\",\"mainEntityOfPage\":{\"@id\":\"https:\\\/\\\/www.incaudavenenum.org\\\/cut.the.crap\\\/president\\\/\"},\"wordCount\":279,\"commentCount\":0,\"publisher\":{\"@id\":\"https:\\\/\\\/www.incaudavenenum.org\\\/cut.the.crap\\\/#organization\"},\"keywords\":[\"Emmanuel Macron\",\"Fran\u00e7ois Ruffin\"],\"articleSection\":[\"Citations\",\"Lectures\"],\"inLanguage\":\"fr-FR\",\"potentialAction\":[{\"@type\":\"CommentAction\",\"name\":\"Comment\",\"target\":[\"https:\\\/\\\/www.incaudavenenum.org\\\/cut.the.crap\\\/president\\\/#respond\"]}]},{\"@type\":\"WebPage\",\"@id\":\"https:\\\/\\\/www.incaudavenenum.org\\\/cut.the.crap\\\/president\\\/\",\"url\":\"https:\\\/\\\/www.incaudavenenum.org\\\/cut.the.crap\\\/president\\\/\",\"name\":\"Pr\u00e9sident - Cut The Crap\",\"isPartOf\":{\"@id\":\"https:\\\/\\\/www.incaudavenenum.org\\\/cut.the.crap\\\/#website\"},\"datePublished\":\"2019-02-24T22:08:51+00:00\",\"dateModified\":\"2019-02-24T22:14:48+00:00\",\"breadcrumb\":{\"@id\":\"https:\\\/\\\/www.incaudavenenum.org\\\/cut.the.crap\\\/president\\\/#breadcrumb\"},\"inLanguage\":\"fr-FR\",\"potentialAction\":[{\"@type\":\"ReadAction\",\"target\":[\"https:\\\/\\\/www.incaudavenenum.org\\\/cut.the.crap\\\/president\\\/\"]}]},{\"@type\":\"BreadcrumbList\",\"@id\":\"https:\\\/\\\/www.incaudavenenum.org\\\/cut.the.crap\\\/president\\\/#breadcrumb\",\"itemListElement\":[{\"@type\":\"ListItem\",\"position\":1,\"name\":\"Accueil\",\"item\":\"https:\\\/\\\/www.incaudavenenum.org\\\/cut.the.crap\\\/\"},{\"@type\":\"ListItem\",\"position\":2,\"name\":\"Pr\u00e9sident\"}]},{\"@type\":\"WebSite\",\"@id\":\"https:\\\/\\\/www.incaudavenenum.org\\\/cut.the.crap\\\/#website\",\"url\":\"https:\\\/\\\/www.incaudavenenum.org\\\/cut.the.crap\\\/\",\"name\":\"Cut The Crap\",\"description\":\"Blog de gauche\",\"publisher\":{\"@id\":\"https:\\\/\\\/www.incaudavenenum.org\\\/cut.the.crap\\\/#organization\"},\"potentialAction\":[{\"@type\":\"SearchAction\",\"target\":{\"@type\":\"EntryPoint\",\"urlTemplate\":\"https:\\\/\\\/www.incaudavenenum.org\\\/cut.the.crap\\\/?s={search_term_string}\"},\"query-input\":{\"@type\":\"PropertyValueSpecification\",\"valueRequired\":true,\"valueName\":\"search_term_string\"}}],\"inLanguage\":\"fr-FR\"},{\"@type\":\"Organization\",\"@id\":\"https:\\\/\\\/www.incaudavenenum.org\\\/cut.the.crap\\\/#organization\",\"name\":\"Cut The Crap\",\"url\":\"https:\\\/\\\/www.incaudavenenum.org\\\/cut.the.crap\\\/\",\"logo\":{\"@type\":\"ImageObject\",\"inLanguage\":\"fr-FR\",\"@id\":\"https:\\\/\\\/www.incaudavenenum.org\\\/cut.the.crap\\\/#\\\/schema\\\/logo\\\/image\\\/\",\"url\":\"https:\\\/\\\/i1.wp.com\\\/www.incaudavenenum.org\\\/cut.the.crap\\\/wp-content\\\/uploads\\\/2018\\\/01\\\/cTc.png?fit=100%2C95\",\"contentUrl\":\"https:\\\/\\\/i1.wp.com\\\/www.incaudavenenum.org\\\/cut.the.crap\\\/wp-content\\\/uploads\\\/2018\\\/01\\\/cTc.png?fit=100%2C95\",\"width\":100,\"height\":95,\"caption\":\"Cut The Crap\"},\"image\":{\"@id\":\"https:\\\/\\\/www.incaudavenenum.org\\\/cut.the.crap\\\/#\\\/schema\\\/logo\\\/image\\\/\"},\"sameAs\":[\"https:\\\/\\\/www.facebook.com\\\/Cut-the-Crap-239882412697830\\\/\",\"https:\\\/\\\/x.com\\\/cutzecrap\"]},{\"@type\":\"Person\",\"@id\":\"https:\\\/\\\/www.incaudavenenum.org\\\/cut.the.crap\\\/#\\\/schema\\\/person\\\/39fa901f2f251d6be7e35d8d58a8d1b4\",\"name\":\"Serge Victor\",\"image\":{\"@type\":\"ImageObject\",\"inLanguage\":\"fr-FR\",\"@id\":\"https:\\\/\\\/secure.gravatar.com\\\/avatar\\\/1e2fd85bc69a7e81bf6242704119d1669b9a3ab337deeaf0e9141b764210481a?s=96&d=mm&r=g\",\"url\":\"https:\\\/\\\/secure.gravatar.com\\\/avatar\\\/1e2fd85bc69a7e81bf6242704119d1669b9a3ab337deeaf0e9141b764210481a?s=96&d=mm&r=g\",\"contentUrl\":\"https:\\\/\\\/secure.gravatar.com\\\/avatar\\\/1e2fd85bc69a7e81bf6242704119d1669b9a3ab337deeaf0e9141b764210481a?s=96&d=mm&r=g\",\"caption\":\"Serge Victor\"},\"description\":\"Militant de gauche, \u00e9cosocialiste, f\u00e9ministe, autogestionnaire\",\"sameAs\":[\"https:\\\/\\\/www.incaudavenenum.org\\\/cut.the.crap\\\/\",\"https:\\\/\\\/www.facebook.com\\\/cut.the.crap.free.fr\",\"https:\\\/\\\/x.com\\\/cutzecrap\"],\"url\":\"https:\\\/\\\/www.incaudavenenum.org\\\/cut.the.crap\\\/author\\\/sergevictor\\\/\"}]}<\/script>\n<!-- \/ Yoast SEO plugin. -->","yoast_head_json":{"title":"Pr\u00e9sident - Cut The Crap","robots":{"index":"index","follow":"follow","max-snippet":"max-snippet:-1","max-image-preview":"max-image-preview:large","max-video-preview":"max-video-preview:-1"},"canonical":"https:\/\/www.incaudavenenum.org\/cut.the.crap\/president\/","og_locale":"fr_FR","og_type":"article","og_title":"Pr\u00e9sident - Cut The Crap","og_description":"\u00ab\u00a0Je ne vous veux plus comme pr\u00e9sident, c&rsquo;est \u00e9vident. Mais je ne veux plus de pr\u00e9sident, tout court, plus de pr\u00e9sident-soleil, astre autour duquel la vie tourne, avec sa cour et ses d\u00e9put\u00e9s-toutous, pr\u00e9sident qui concentre en lui (presque) tous les pouvoirs, plus intelligent que soixante millions d&rsquo;habitants, et qui se prend tant\u00f4t pour \u201cla &hellip; Continuer la lecture de &laquo;&nbsp;Pr\u00e9sident&nbsp;&raquo;","og_url":"https:\/\/www.incaudavenenum.org\/cut.the.crap\/president\/","og_site_name":"Cut The Crap","article_publisher":"https:\/\/www.facebook.com\/Cut-the-Crap-239882412697830\/","article_author":"https:\/\/www.facebook.com\/cut.the.crap.free.fr","article_published_time":"2019-02-24T22:08:51+00:00","article_modified_time":"2019-02-24T22:14:48+00:00","og_image":[{"width":326,"height":499,"url":"https:\/\/i2.wp.com\/www.incaudavenenum.org\/cut.the.crap\/wp-content\/uploads\/2019\/02\/ruffin.jpg?fit=326%2C499&ssl=1","type":"image\/jpeg"}],"author":"Serge Victor","twitter_card":"summary_large_image","twitter_image":"https:\/\/i0.wp.com\/www.incaudavenenum.org\/cut.the.crap\/wp-content\/uploads\/2019\/02\/ruffin.jpg?fit=326%2C499&ssl=1","twitter_creator":"@cutzecrap","twitter_site":"@cutzecrap","twitter_misc":{"\u00c9crit par":"Serge Victor","Dur\u00e9e de lecture estim\u00e9e":"1 minute"},"schema":{"@context":"https:\/\/schema.org","@graph":[{"@type":"Article","@id":"https:\/\/www.incaudavenenum.org\/cut.the.crap\/president\/#article","isPartOf":{"@id":"https:\/\/www.incaudavenenum.org\/cut.the.crap\/president\/"},"author":{"name":"Serge Victor","@id":"https:\/\/www.incaudavenenum.org\/cut.the.crap\/#\/schema\/person\/39fa901f2f251d6be7e35d8d58a8d1b4"},"headline":"Pr\u00e9sident","datePublished":"2019-02-24T22:08:51+00:00","dateModified":"2019-02-24T22:14:48+00:00","mainEntityOfPage":{"@id":"https:\/\/www.incaudavenenum.org\/cut.the.crap\/president\/"},"wordCount":279,"commentCount":0,"publisher":{"@id":"https:\/\/www.incaudavenenum.org\/cut.the.crap\/#organization"},"keywords":["Emmanuel Macron","Fran\u00e7ois Ruffin"],"articleSection":["Citations","Lectures"],"inLanguage":"fr-FR","potentialAction":[{"@type":"CommentAction","name":"Comment","target":["https:\/\/www.incaudavenenum.org\/cut.the.crap\/president\/#respond"]}]},{"@type":"WebPage","@id":"https:\/\/www.incaudavenenum.org\/cut.the.crap\/president\/","url":"https:\/\/www.incaudavenenum.org\/cut.the.crap\/president\/","name":"Pr\u00e9sident - Cut The Crap","isPartOf":{"@id":"https:\/\/www.incaudavenenum.org\/cut.the.crap\/#website"},"datePublished":"2019-02-24T22:08:51+00:00","dateModified":"2019-02-24T22:14:48+00:00","breadcrumb":{"@id":"https:\/\/www.incaudavenenum.org\/cut.the.crap\/president\/#breadcrumb"},"inLanguage":"fr-FR","potentialAction":[{"@type":"ReadAction","target":["https:\/\/www.incaudavenenum.org\/cut.the.crap\/president\/"]}]},{"@type":"BreadcrumbList","@id":"https:\/\/www.incaudavenenum.org\/cut.the.crap\/president\/#breadcrumb","itemListElement":[{"@type":"ListItem","position":1,"name":"Accueil","item":"https:\/\/www.incaudavenenum.org\/cut.the.crap\/"},{"@type":"ListItem","position":2,"name":"Pr\u00e9sident"}]},{"@type":"WebSite","@id":"https:\/\/www.incaudavenenum.org\/cut.the.crap\/#website","url":"https:\/\/www.incaudavenenum.org\/cut.the.crap\/","name":"Cut The Crap","description":"Blog de gauche","publisher":{"@id":"https:\/\/www.incaudavenenum.org\/cut.the.crap\/#organization"},"potentialAction":[{"@type":"SearchAction","target":{"@type":"EntryPoint","urlTemplate":"https:\/\/www.incaudavenenum.org\/cut.the.crap\/?s={search_term_string}"},"query-input":{"@type":"PropertyValueSpecification","valueRequired":true,"valueName":"search_term_string"}}],"inLanguage":"fr-FR"},{"@type":"Organization","@id":"https:\/\/www.incaudavenenum.org\/cut.the.crap\/#organization","name":"Cut The Crap","url":"https:\/\/www.incaudavenenum.org\/cut.the.crap\/","logo":{"@type":"ImageObject","inLanguage":"fr-FR","@id":"https:\/\/www.incaudavenenum.org\/cut.the.crap\/#\/schema\/logo\/image\/","url":"https:\/\/i1.wp.com\/www.incaudavenenum.org\/cut.the.crap\/wp-content\/uploads\/2018\/01\/cTc.png?fit=100%2C95","contentUrl":"https:\/\/i1.wp.com\/www.incaudavenenum.org\/cut.the.crap\/wp-content\/uploads\/2018\/01\/cTc.png?fit=100%2C95","width":100,"height":95,"caption":"Cut The Crap"},"image":{"@id":"https:\/\/www.incaudavenenum.org\/cut.the.crap\/#\/schema\/logo\/image\/"},"sameAs":["https:\/\/www.facebook.com\/Cut-the-Crap-239882412697830\/","https:\/\/x.com\/cutzecrap"]},{"@type":"Person","@id":"https:\/\/www.incaudavenenum.org\/cut.the.crap\/#\/schema\/person\/39fa901f2f251d6be7e35d8d58a8d1b4","name":"Serge Victor","image":{"@type":"ImageObject","inLanguage":"fr-FR","@id":"https:\/\/secure.gravatar.com\/avatar\/1e2fd85bc69a7e81bf6242704119d1669b9a3ab337deeaf0e9141b764210481a?s=96&d=mm&r=g","url":"https:\/\/secure.gravatar.com\/avatar\/1e2fd85bc69a7e81bf6242704119d1669b9a3ab337deeaf0e9141b764210481a?s=96&d=mm&r=g","contentUrl":"https:\/\/secure.gravatar.com\/avatar\/1e2fd85bc69a7e81bf6242704119d1669b9a3ab337deeaf0e9141b764210481a?s=96&d=mm&r=g","caption":"Serge Victor"},"description":"Militant de gauche, \u00e9cosocialiste, f\u00e9ministe, autogestionnaire","sameAs":["https:\/\/www.incaudavenenum.org\/cut.the.crap\/","https:\/\/www.facebook.com\/cut.the.crap.free.fr","https:\/\/x.com\/cutzecrap"],"url":"https:\/\/www.incaudavenenum.org\/cut.the.crap\/author\/sergevictor\/"}]}},"jetpack_publicize_connections":[],"jetpack_featured_media_url":"","jetpack_shortlink":"https:\/\/wp.me\/p9z98q-oe","jetpack_likes_enabled":true,"jetpack-related-posts":[{"id":1786,"url":"https:\/\/www.incaudavenenum.org\/cut.the.crap\/prof\/","url_meta":{"origin":1502,"position":0},"title":"Prof","author":"Serge Victor","date":"12 octobre 2019","format":false,"excerpt":"Aujourd'hui, j'ai appris que le petit Jim avait foutu une baffe \u00e0 une surveillante. Du coup, il va passer en conseil de discipline... Cela me d\u00e9sole d'autant plus que je sentais depuis plusieurs jours qu'il commen\u00e7ait \u00e0 saturer, que le bruit des autres le g\u00eanait, qu'il se mettait \u00e0 interpr\u00e9ter\u2026","rel":"","context":"Dans &quot;Antisocial&quot;","block_context":{"text":"Antisocial","link":"https:\/\/www.incaudavenenum.org\/cut.the.crap\/category\/antisocial\/"},"img":{"alt_text":"","src":"","width":0,"height":0},"classes":[]},{"id":912,"url":"https:\/\/www.incaudavenenum.org\/cut.the.crap\/lettre-ouverte-a-dominique-vidal-au-sujet-de-melenchon-de-la-syrie-et-de-quelques-calomnies-emises-a-mon-sujet\/","url_meta":{"origin":1502,"position":1},"title":"Lettre ouverte \u00e0 Dominique Vidal au sujet de M\u00e9lenchon, de la Syrie et de quelques calomnies \u00e9mises \u00e0 mon sujet","author":"Serge Victor","date":"13 f\u00e9vrier 2017","format":"chat","excerpt":"Cher Dominique Vidal, Je vous ai souvent lu avec int\u00e9r\u00eat dans les colonnes du Monde Diplomatique, journal qui n'a pas \u00e9t\u00e9 pour rien dans mon \u00e9ducation politique. Je vous ai \u00e9cout\u00e9 tr\u00e8s r\u00e9guli\u00e8rement aussi dans l'\u00e9mission L\u00e0-bas si j'y suis de Daniel Mermet, qui n'a pas peu jou\u00e9 non plus\u2026","rel":"","context":"Dans &quot;R\u00e9sistance&quot;","block_context":{"text":"R\u00e9sistance","link":"https:\/\/www.incaudavenenum.org\/cut.the.crap\/category\/resistance\/"},"img":{"alt_text":"capture-decran-2017-02-08-a-15-16-35","src":"https:\/\/i0.wp.com\/cut.the.crap.free.fr\/wp-content\/uploads\/Capture-d%E2%80%99e%CC%81cran-2017-02-08-a%CC%80-15.16.35-300x288.png?resize=350%2C200","width":350,"height":200},"classes":[]},{"id":2034,"url":"https:\/\/www.incaudavenenum.org\/cut.the.crap\/le-droit-au-repos\/","url_meta":{"origin":1502,"position":2},"title":"Le droit au repos","author":"Serge Victor","date":"8 octobre 2022","format":"quote","excerpt":"\"C'est le droit au repos qui est rogn\u00e9. Au nom du travail, de la \u201cvaleur travail\u201d, de \u201cl'amour du travail\u201d, il faudrait travailler sans cesse, sans r\u00e9pit. (...) La dignit\u00e9 du travail, c'est aussi, c'est surtout le repos. Et c'est leur bataille, aujourd'hui, \u00e0 nos dirigeants, au nom de la\u2026","rel":"","context":"Dans &quot;Citations&quot;","block_context":{"text":"Citations","link":"https:\/\/www.incaudavenenum.org\/cut.the.crap\/category\/lectures\/citations\/"},"img":{"alt_text":"","src":"","width":0,"height":0},"classes":[]},{"id":1331,"url":"https:\/\/www.incaudavenenum.org\/cut.the.crap\/confusions-autour-dun-voile\/","url_meta":{"origin":1502,"position":3},"title":"Confusions autour d&rsquo;un voile","author":"Serge Victor","date":"23 mai 2018","format":false,"excerpt":"En plein mouvement social contre Macron et son monde, le voile islamique port\u00e9 par Maryam Pougetoux, repr\u00e9sentante du syndicat \u00e9tudiant UNEF \u00e0 l'universit\u00e9 Paris IV, d\u00e9clenche des r\u00e9actions peu surprenantes (mais n\u00e9anmoins sid\u00e9rantes) \u00e0 droite (notamment de la part du sinistre G\u00e9rard Collomb) et divise, h\u00e9las, \u00e9galement \u00e0 gauche, \u00e9clipsant\u2026","rel":"","context":"Dans &quot;Antiracisme&quot;","block_context":{"text":"Antiracisme","link":"https:\/\/www.incaudavenenum.org\/cut.the.crap\/category\/antiracisme\/"},"img":{"alt_text":"","src":"https:\/\/i0.wp.com\/www.incaudavenenum.org\/cut.the.crap\/wp-content\/uploads\/2018\/05\/soeurs-vatican-jpg_5054159_660x281.jpg?resize=350%2C200&ssl=1","width":350,"height":200,"srcset":"https:\/\/i0.wp.com\/www.incaudavenenum.org\/cut.the.crap\/wp-content\/uploads\/2018\/05\/soeurs-vatican-jpg_5054159_660x281.jpg?resize=350%2C200&ssl=1 1x, https:\/\/i0.wp.com\/www.incaudavenenum.org\/cut.the.crap\/wp-content\/uploads\/2018\/05\/soeurs-vatican-jpg_5054159_660x281.jpg?resize=525%2C300&ssl=1 1.5x"},"classes":[]},{"id":2230,"url":"https:\/\/www.incaudavenenum.org\/cut.the.crap\/les-chroniques-de-le-banni-de-le-media-episode-1\/","url_meta":{"origin":1502,"position":4},"title":"Les chroniques de Le Banni (de Le M\u00e9dia), \u00e9pisode 1","author":"Serge Victor","date":"7 d\u00e9cembre 2023","format":false,"excerpt":"C'est officiel : je suis \"banni de Le M\u00e9dia\", avis re\u00e7u par mail en provenance de l'adresse forum@lemediatv.fr le 24 novembre 2023. Voici ma r\u00e9ponse, adress\u00e9e le jour m\u00eame aux trois membres de Le Directoire et \u00e0 Le Conseil de surveillance de la Soci\u00e9t\u00e9 Coop\u00e9rative d'Int\u00e9r\u00eat Collectif de Le M\u00e9dia\u2026","rel":"","context":"Dans &quot;Le Banni&quot;","block_context":{"text":"Le Banni","link":"https:\/\/www.incaudavenenum.org\/cut.the.crap\/category\/le-banni\/"},"img":{"alt_text":"","src":"https:\/\/i0.wp.com\/www.incaudavenenum.org\/cut.the.crap\/wp-content\/uploads\/2023\/12\/bannicouv03.jpg?resize=350%2C200&ssl=1","width":350,"height":200},"classes":[]},{"id":779,"url":"https:\/\/www.incaudavenenum.org\/cut.the.crap\/lettre-ouverte-a-stephane-guillon\/","url_meta":{"origin":1502,"position":5},"title":"Lettre ouverte \u00e0 St\u00e9phane Guillon","author":"Serge Victor","date":"11 d\u00e9cembre 2013","format":false,"excerpt":"Monsieur Guillon, Ayant banni de chez moi la t\u00e9l\u00e9vision il y a d\u00e9j\u00e0 pas mal d'ann\u00e9es, je n'ai pas eu l'occasion de suivre votre carri\u00e8re en d\u00e9tails. Je me souviens avoir vu \u00e0 la fin des ann\u00e9es 2000 sur internet des extraits de certaines de vos prestations t\u00e9l\u00e9vis\u00e9es durant lesquelles\u2026","rel":"","context":"Dans &quot;Novlangue&quot;","block_context":{"text":"Novlangue","link":"https:\/\/www.incaudavenenum.org\/cut.the.crap\/category\/novlangue-2\/"},"img":{"alt_text":"M\u00e9lenchon seul","src":"https:\/\/i0.wp.com\/cut.the.crap.free.fr\/wp-content\/uploads\/melenchon-seul-300x225.jpg?resize=350%2C200","width":350,"height":200},"classes":[]}],"jetpack_sharing_enabled":true,"_links":{"self":[{"href":"https:\/\/www.incaudavenenum.org\/cut.the.crap\/wp-json\/wp\/v2\/posts\/1502","targetHints":{"allow":["GET"]}}],"collection":[{"href":"https:\/\/www.incaudavenenum.org\/cut.the.crap\/wp-json\/wp\/v2\/posts"}],"about":[{"href":"https:\/\/www.incaudavenenum.org\/cut.the.crap\/wp-json\/wp\/v2\/types\/post"}],"author":[{"embeddable":true,"href":"https:\/\/www.incaudavenenum.org\/cut.the.crap\/wp-json\/wp\/v2\/users\/1"}],"replies":[{"embeddable":true,"href":"https:\/\/www.incaudavenenum.org\/cut.the.crap\/wp-json\/wp\/v2\/comments?post=1502"}],"version-history":[{"count":2,"href":"https:\/\/www.incaudavenenum.org\/cut.the.crap\/wp-json\/wp\/v2\/posts\/1502\/revisions"}],"predecessor-version":[{"id":1506,"href":"https:\/\/www.incaudavenenum.org\/cut.the.crap\/wp-json\/wp\/v2\/posts\/1502\/revisions\/1506"}],"wp:attachment":[{"href":"https:\/\/www.incaudavenenum.org\/cut.the.crap\/wp-json\/wp\/v2\/media?parent=1502"}],"wp:term":[{"taxonomy":"category","embeddable":true,"href":"https:\/\/www.incaudavenenum.org\/cut.the.crap\/wp-json\/wp\/v2\/categories?post=1502"},{"taxonomy":"post_tag","embeddable":true,"href":"https:\/\/www.incaudavenenum.org\/cut.the.crap\/wp-json\/wp\/v2\/tags?post=1502"}],"curies":[{"name":"wp","href":"https:\/\/api.w.org\/{rel}","templated":true}]}}