{"id":1545,"date":"2019-03-13T20:13:15","date_gmt":"2019-03-13T19:13:15","guid":{"rendered":"http:\/\/www.incaudavenenum.org\/cut.the.crap\/?p=1545"},"modified":"2019-03-13T20:13:25","modified_gmt":"2019-03-13T19:13:25","slug":"le-droit-a-la-paresse","status":"publish","type":"post","link":"https:\/\/www.incaudavenenum.org\/cut.the.crap\/le-droit-a-la-paresse\/","title":{"rendered":"Le droit \u00e0 la paresse"},"content":{"rendered":"\n<blockquote style=\"text-align:left\" class=\"wp-block-quote is-layout-flow wp-block-quote-is-layout-flow\"><p>Une \u00e9trange folie poss\u00e8de les classes ouvri\u00e8res des nations o\u00f9 r\u00e8gne la civilisation capitaliste. Cette folie tra\u00eene \u00e0 sa suite des mis\u00e8res individuelles et sociales qui, depuis deux si\u00e8cles, torturent la triste humanit\u00e9. Cette folie est l&rsquo;amour du travail, la passion furibonde du travail, pouss\u00e9e jusqu&rsquo;\u00e0 l&rsquo;\u00e9puisement des forces vitales de l&rsquo;individu et de sa prog\u00e9niture.<\/p><cite>Paul Lafargue, <em>Le droit \u00e0 la paresse<\/em>, 1883<\/cite><\/blockquote>\n\n\n\n<p>Le camarade Fran\u00e7ois Ruffin, p\u00e8re de 2 enfants, non seulement d\u00e9put\u00e9 tr\u00e8s actif, mais aussi toujours directeur du journal <em><a rel=\"noreferrer noopener\" aria-label=\"Fakir (opens in a new tab)\" href=\"https:\/\/www.fakirpresse.info\/\" target=\"_blank\">Fakir<\/a><\/em>, vient de sortir un livre (<em>Cette France que tu ne connais pas<\/em>) \u2014 dont je recommande la lecture \u2014 et \u00e9cume les salles de cin\u00e9ma pour pr\u00e9senter en avant-premi\u00e8re son nouveau film, <em>J&rsquo;veux du soleil<\/em>. Il semble aussi \u00eatre un grand lecteur et est \u00e9galement un passionn\u00e9 de foot.<\/p>\n\n\n\n<!--more-->\n\n\n\n<figure class=\"wp-block-image\"><img data-recalc-dims=\"1\" loading=\"lazy\" decoding=\"async\" width=\"768\" height=\"1024\" data-attachment-id=\"1553\" data-permalink=\"https:\/\/www.incaudavenenum.org\/cut.the.crap\/le-droit-a-la-paresse\/soleil\/\" data-orig-file=\"https:\/\/i0.wp.com\/www.incaudavenenum.org\/cut.the.crap\/wp-content\/uploads\/2019\/03\/soleil.jpg?fit=1200%2C1600&amp;ssl=1\" data-orig-size=\"1200,1600\" data-comments-opened=\"1\" data-image-meta=\"{&quot;aperture&quot;:&quot;0&quot;,&quot;credit&quot;:&quot;&quot;,&quot;camera&quot;:&quot;&quot;,&quot;caption&quot;:&quot;&quot;,&quot;created_timestamp&quot;:&quot;0&quot;,&quot;copyright&quot;:&quot;&quot;,&quot;focal_length&quot;:&quot;0&quot;,&quot;iso&quot;:&quot;0&quot;,&quot;shutter_speed&quot;:&quot;0&quot;,&quot;title&quot;:&quot;&quot;,&quot;orientation&quot;:&quot;0&quot;}\" data-image-title=\"soleil\" data-image-description=\"\" data-image-caption=\"\" data-large-file=\"https:\/\/i0.wp.com\/www.incaudavenenum.org\/cut.the.crap\/wp-content\/uploads\/2019\/03\/soleil.jpg?fit=768%2C1024&amp;ssl=1\" src=\"https:\/\/i0.wp.com\/www.incaudavenenum.org\/cut.the.crap\/wp-content\/uploads\/2019\/03\/soleil.jpg?resize=768%2C1024&#038;ssl=1\" alt=\"\" class=\"wp-image-1553\" srcset=\"https:\/\/i0.wp.com\/www.incaudavenenum.org\/cut.the.crap\/wp-content\/uploads\/2019\/03\/soleil.jpg?resize=768%2C1024&amp;ssl=1 768w, https:\/\/i0.wp.com\/www.incaudavenenum.org\/cut.the.crap\/wp-content\/uploads\/2019\/03\/soleil.jpg?resize=225%2C300&amp;ssl=1 225w, https:\/\/i0.wp.com\/www.incaudavenenum.org\/cut.the.crap\/wp-content\/uploads\/2019\/03\/soleil.jpg?w=1200&amp;ssl=1 1200w\" sizes=\"auto, (max-width: 709px) 85vw, (max-width: 909px) 67vw, (max-width: 984px) 61vw, (max-width: 1362px) 45vw, 600px\" \/><\/figure>\n\n\n\n<div class=\"wp-block-image\"><figure class=\"alignleft\"><img data-recalc-dims=\"1\" loading=\"lazy\" decoding=\"async\" width=\"326\" height=\"499\" data-attachment-id=\"1503\" data-permalink=\"https:\/\/www.incaudavenenum.org\/cut.the.crap\/president\/ruffin\/\" data-orig-file=\"https:\/\/i0.wp.com\/www.incaudavenenum.org\/cut.the.crap\/wp-content\/uploads\/2019\/02\/ruffin.jpg?fit=326%2C499&amp;ssl=1\" data-orig-size=\"326,499\" data-comments-opened=\"1\" data-image-meta=\"{&quot;aperture&quot;:&quot;0&quot;,&quot;credit&quot;:&quot;&quot;,&quot;camera&quot;:&quot;&quot;,&quot;caption&quot;:&quot;&quot;,&quot;created_timestamp&quot;:&quot;0&quot;,&quot;copyright&quot;:&quot;&quot;,&quot;focal_length&quot;:&quot;0&quot;,&quot;iso&quot;:&quot;0&quot;,&quot;shutter_speed&quot;:&quot;0&quot;,&quot;title&quot;:&quot;&quot;,&quot;orientation&quot;:&quot;0&quot;}\" data-image-title=\"ruffin\" data-image-description=\"\" data-image-caption=\"\" data-large-file=\"https:\/\/i0.wp.com\/www.incaudavenenum.org\/cut.the.crap\/wp-content\/uploads\/2019\/02\/ruffin.jpg?fit=326%2C499&amp;ssl=1\" src=\"https:\/\/i0.wp.com\/www.incaudavenenum.org\/cut.the.crap\/wp-content\/uploads\/2019\/02\/ruffin.jpg?resize=326%2C499&#038;ssl=1\" alt=\"\" class=\"wp-image-1503\" srcset=\"https:\/\/i0.wp.com\/www.incaudavenenum.org\/cut.the.crap\/wp-content\/uploads\/2019\/02\/ruffin.jpg?w=326&amp;ssl=1 326w, https:\/\/i0.wp.com\/www.incaudavenenum.org\/cut.the.crap\/wp-content\/uploads\/2019\/02\/ruffin.jpg?resize=196%2C300&amp;ssl=1 196w\" sizes=\"auto, (max-width: 326px) 85vw, 326px\" \/><\/figure><\/div>\n\n\n\n<p>Du coup, je me pose la question : il dort quand, l&rsquo;ami Ruffin ? Il s&rsquo;occupe quand de ses m\u00f4mes et quand-est-ce qu&rsquo;il fait le m\u00e9nage ?<\/p>\n\n\n\n<p>Parce que moi qui ne suis pas d\u00e9put\u00e9, entre le boulot, les enfants, le linge propre \u00e0 ranger, l&rsquo;aspirateur, etc. c&rsquo;est d\u00e9j\u00e0 un miracle si je parviens \u00e0 lire un bouquin et que je trouve encore la force d&rsquo;aller tracter ou passer des heures en AG.<\/p>\n\n\n\n<p>Mais Ruffin n&rsquo;est pas le seul. A pr\u00e8s de 68 ans, M\u00e9lenchon court toujours de meetings en meetings, de plateaux t\u00e9l\u00e9 en plateaux t\u00e9l\u00e9, enchaine les discours \u00e0 l&rsquo;Assembl\u00e9e nationale, pr\u00e9side le groupe parlementaire de la FI, produit chaque semaine vid\u00e9os et billets de blog&#8230; <\/p>\n\n\n\n<p>Quant \u00e0 Manuel Bompard, le directeur des campagnes de la France Insoumise, <a rel=\"noreferrer noopener\" aria-label=\"Slate (opens in a new tab)\" href=\"https:\/\/www.slate.fr\/story\/139136\/manuel-bompard-supercalculateur-melenchon?fbclid=IwAR2LxmGfLUtr9d_OG_i8M5Uxnnm98QpMQbo8IIdfErFS7nAlPaNiu3rIanw\" target=\"_blank\"><em>Slate<\/em><\/a> nous apprenait il y a deux ans que c&rsquo;\u00e9tait un \u00ab\u00a0bourreau de travail\u00a0\u00bb, un \u00ab\u00a0bosseur\u00a0\u00bb, qui \u00ab\u00a0abat une masse de travail colossale\u00a0\u00bb et \u00ab\u00a0dort trois heures par nuit\u00a0\u00bb, un \u00ab\u00a0hyperactif\u00a0\u00bb qui, \u00ab\u00a0dans une journ\u00e9e de dix heures\u00a0\u00bb, \u00ab\u00a0est deux fois plus productif que n\u2019importe qui\u00a0\u00bb mais n&rsquo;h\u00e9site pas \u00e0 jouer \u00ab\u00a0au foot et \u00e0 la playstation\u00a0\u00bb avec ses camarades et consacre tout de m\u00eame du temps \u00e0 la lecture (\u00ab\u00a0plut\u00f4t philo et histoire\u00a0\u00bb). <\/p>\n\n\n\n<p>Avant Bompard, c&rsquo;est feu Fran\u00e7ois Delapierre qui fut le bras droit de M\u00e9lenchon. \u00ab\u00a0En un souvenir, son \u00e9pouse, Charlotte Girard, r\u00e9sume tout [dans <a rel=\"noreferrer noopener\" aria-label=\"le JDD (opens in a new tab)\" href=\"https:\/\/www.lejdd.fr\/Politique\/Delapierre-le-dernier-hommage-au-fils-spirituel-de-Melenchon-739330?fbclid=IwAR1sv_meysrn1ahmc3wlF81VgswLLz_gPimUi943pYfn76IW3rPP3yBAo-w\" target=\"_blank\"><em>le JDD<\/em><\/a>]. Cette volont\u00e9 qu&rsquo;ils avaient de ne pas avoir d&rsquo;enfants car ils n&rsquo;avaient \u201cpas le temps\u201d. Militer aux c\u00f4t\u00e9s de M\u00e9lenchon est un plein-temps. Mais un jour vient o\u00f9 le d\u00e9sir d&rsquo;enfant prime. Et Delapierre, qui aimait par dessus tout contr\u00f4ler et planifier, a sorti son agenda pour proposer des dates \u00e0 sa femme, des dates que l&rsquo;on imagine volontiers \u00e9loign\u00e9es des grandes batailles \u00e9lectorales.\u00a0\u00bb<\/p>\n\n\n\n<p>Et voici venir Manon Aubry, jeune t\u00eate de liste de la France Insoumise pour les \u00e9lections europ\u00e9ennes de 2019. L\u00e0, on va peut-\u00eatre se calmer ? Penses-tu. Selon <em><a rel=\"noreferrer noopener\" aria-label=\"Lib\u00e9ration (opens in a new tab)\" href=\"https:\/\/www.liberation.fr\/france\/2018\/12\/09\/manon-aubry-dans-le-bain-politique-jusqu-a-la-tete-de-liste_1696941?fbclid=IwAR2Dc07d4Jc7tWEpRTgCqNmqgXvaTfQw26rVBUPO1DD9jmMCfiNBtZv7B8c\" target=\"_blank\">Lib\u00e9ration<\/a><\/em>, \u00ab\u00a0Manon Aubry a toujours \u00e9t\u00e9 dans l\u2019action\u00a0\u00bb. \u00ab\u00a0Hyperactive, qui dort tr\u00e8s peu\u00a0\u00bb, elle \u00ab\u00a0esp\u00e8re conserver quelques habitudes. Le sport, notamment. L\u2019ancienne championne de natation joue au water-polo dans un club du XVIIIe arrondissement de la capitale\u00a0\u00bb. <\/p>\n\n\n\n<p>Ceci constat\u00e9, je comprends mieux pourquoi la France Insoumise d\u00e9veloppe, selon <a rel=\"noreferrer noopener\" aria-label=\"LVSL (opens in a new tab)\" href=\"https:\/\/lvsl.fr\/la-france-insoumise-du-parti-au-mouvement?fbclid=IwAR2nAHok65jjHomJKm1ZgpLvhvKpkdYZ7LUeek61qap4HFgUOayW7xrbtHQ\" target=\"_blank\"><em>LVSL<\/em><\/a>, une \u00ab\u00a0d\u00e9mocratie de l&rsquo;action\u00a0\u00bb au d\u00e9triment de toute d\u00e9mocratie interne dans le mouvement. Si la \u00ab\u00a0d\u00e9mocratie de l&rsquo;action\u00a0\u00bb peut sembler plus s\u00e9duisante que les votes pour des virgules dans des congr\u00e8s interminables, je pense que c&rsquo;est aussi une impasse, car elle promeut des profils \u00ab\u00a0hyper-actifs\u00a0\u00bb d\u00e9j\u00e0 valoris\u00e9s socialement dans le monde capitaliste au d\u00e9triment des \u00ab\u00a0contemplatifs\u00a0\u00bb qui ont pourtant aussi un r\u00f4le \u00e0 jouer, ne serait-ce que pour prendre du recul voire \u00ab\u00a0faire un pas de c\u00f4t\u00e9\u00a0\u00bb, comme disait G\u00e9b\u00e9. Et parce que \u00e7a m&rsquo;arrange.<\/p>\n\n\n\n<figure class=\"wp-block-embed-dailymotion wp-block-embed is-type-video is-provider-dailymotion wp-embed-aspect-4-3 wp-has-aspect-ratio\"><div class=\"wp-block-embed__wrapper\">\n<iframe loading=\"lazy\" frameborder=\"0\" width=\"840\" height=\"546\" src=\"https:\/\/www.dailymotion.com\/embed\/video\/x3pxjs\" allowfullscreen allow=\"autoplay\"><\/iframe>\n<\/div><\/figure>\n\n\n\n<p>Et pendant que la camarade St\u00e9phanie m&rsquo;explique que son compagnon \u00ab\u00a0a arr\u00eat\u00e9 la politique quand il s&rsquo;est rendu compte qu&rsquo;il ne pouvait pas tenir des nuits enti\u00e8res d&rsquo;AG, qu&rsquo;il allait se coucher pendant que les plus excit\u00e9s en profitaient pour faire passer leurs motions en douce\u00a0\u00bb, la camarade Nad\u00e8ge, l&rsquo;as du m\u00e9gaphone, toujours \u00e0 fond sur tous les fronts, me rappelle qu&rsquo;elle esp\u00e8re me voir aux groupes de travail, aux distributions de tracts ou sessions de collage, ainsi bien s\u00fbr qu&rsquo;\u00e0 la prochaine AG hebdomadaire de notre collectif local des Gilets Jaunes, avant une projection militante au cin\u00e9ma de quartier vendredi soir et bien s\u00fbr la manif de samedi, etc.<\/p>\n\n\n\n<p>Entre 150 messages par mail, par Telegram, par Whatsapp, par Facebook, par Twitter, je re\u00e7ois \u00e9videmment aussi des appels syndicaux, et moult messages de boulot, me sommant de remplir telle ou telle paperasse, m&rsquo;invitant avec insistance \u00e0 m&rsquo;inscrire avant-hier au plus tard dans tel ou tel PROJET. <\/p>\n\n\n\n<figure class=\"wp-block-embed-youtube wp-block-embed is-type-video is-provider-youtube wp-embed-aspect-16-9 wp-has-aspect-ratio\"><div class=\"wp-block-embed__wrapper\">\n<span class=\"embed-youtube\" style=\"text-align:center; display: block;\"><iframe loading=\"lazy\" class=\"youtube-player\" width=\"840\" height=\"473\" src=\"https:\/\/www.youtube.com\/embed\/lyKI7Oix-T4?version=3&#038;rel=1&#038;showsearch=0&#038;showinfo=1&#038;iv_load_policy=1&#038;fs=1&#038;hl=fr-FR&#038;autohide=2&#038;wmode=transparent\" allowfullscreen=\"true\" style=\"border:0;\" sandbox=\"allow-scripts allow-same-origin allow-popups allow-presentation allow-popups-to-escape-sandbox\"><\/iframe><\/span>\n<\/div><\/figure>\n\n\n\n<p>C&rsquo;est alors que je repense \u00e0 tous ces dimanche o\u00f9, ne trouvant pas le courage d&rsquo;aller tracter au march\u00e9 ni de faire du <em>jogging<\/em>, je traine au lit, essayant p\u00e9niblement d&rsquo;ing\u00e9rer un caf\u00e9 tandis que la petite derni\u00e8re me saute dessus et que j&rsquo;aper\u00e7ois les voisins par la fen\u00eatre, tout fringants et d\u00e9j\u00e0 \u00e9quip\u00e9s de pied en cap avec toute leur marmaille pour une exp\u00e9dition en v\u00e9lo. Me viennent alors des envies d&rsquo;abandonner toute activit\u00e9 politique et de faire comme <em>Alexandre le bienheureux<\/em>.<\/p>\n\n\n\n<figure class=\"wp-block-embed-youtube wp-block-embed is-type-video is-provider-youtube wp-embed-aspect-16-9 wp-has-aspect-ratio\"><div class=\"wp-block-embed__wrapper\">\n<span class=\"embed-youtube\" style=\"text-align:center; display: block;\"><iframe loading=\"lazy\" class=\"youtube-player\" width=\"840\" height=\"473\" src=\"https:\/\/www.youtube.com\/embed\/FWKcFjNDDRI?version=3&#038;rel=1&#038;showsearch=0&#038;showinfo=1&#038;iv_load_policy=1&#038;fs=1&#038;hl=fr-FR&#038;autohide=2&#038;wmode=transparent\" allowfullscreen=\"true\" style=\"border:0;\" sandbox=\"allow-scripts allow-same-origin allow-popups allow-presentation allow-popups-to-escape-sandbox\"><\/iframe><\/span>\n<\/div><\/figure>\n\n\n\n<div class=\"wp-block-image\"><figure class=\"alignright is-resized\"><img data-recalc-dims=\"1\" loading=\"lazy\" decoding=\"async\" data-attachment-id=\"1554\" data-permalink=\"https:\/\/www.incaudavenenum.org\/cut.the.crap\/le-droit-a-la-paresse\/arbeit\/\" data-orig-file=\"https:\/\/i0.wp.com\/www.incaudavenenum.org\/cut.the.crap\/wp-content\/uploads\/2019\/03\/arbeit-e1552502263555.jpg?fit=400%2C266&amp;ssl=1\" data-orig-size=\"400,266\" data-comments-opened=\"1\" data-image-meta=\"{&quot;aperture&quot;:&quot;0&quot;,&quot;credit&quot;:&quot;&quot;,&quot;camera&quot;:&quot;&quot;,&quot;caption&quot;:&quot;&quot;,&quot;created_timestamp&quot;:&quot;0&quot;,&quot;copyright&quot;:&quot;&quot;,&quot;focal_length&quot;:&quot;0&quot;,&quot;iso&quot;:&quot;0&quot;,&quot;shutter_speed&quot;:&quot;0&quot;,&quot;title&quot;:&quot;&quot;,&quot;orientation&quot;:&quot;0&quot;}\" data-image-title=\"arbeit\" data-image-description=\"\" data-image-caption=\"\" data-large-file=\"https:\/\/i0.wp.com\/www.incaudavenenum.org\/cut.the.crap\/wp-content\/uploads\/2019\/03\/arbeit-e1552502263555.jpg?fit=400%2C266&amp;ssl=1\" src=\"https:\/\/i0.wp.com\/www.incaudavenenum.org\/cut.the.crap\/wp-content\/uploads\/2019\/03\/arbeit.jpg?resize=225%2C150&#038;ssl=1\" alt=\"\" class=\"wp-image-1554\" width=\"225\" height=\"150\"\/><\/figure><\/div>\n\n\n\n<p>Pas question pour autant de passer dans le camp de l&rsquo;ennemi de classe : <a rel=\"noreferrer noopener\" aria-label=\"Macron n'est-il pas r\u00e9put\u00e9 lui aussi pour ne dormir que trois ou quatre heures par nuit (opens in a new tab)\" href=\"https:\/\/www.marianne.net\/politique\/interview-de-macron-chez-delahousse-n-pas-besoin-de-sommeil-ce-mythe-malsain-pour-la-sante?fbclid=IwAR1sv_meysrn1ahmc3wlF81VgswLLz_gPimUi943pYfn76IW3rPP3yBAo-w\" target=\"_blank\">Macron n&rsquo;est-il pas r\u00e9put\u00e9 lui aussi pour ne dormir que trois ou quatre heures par nuit<\/a> ? Et quand j&rsquo;entends les odes au travail de la droite en g\u00e9n\u00e9ral et des macronistes en particulier, j&rsquo;ai des envies de franchir le point Godwin. Mais je me retiens. <\/p>\n\n\n\n<p>Me revient aussi en m\u00e9moire cette chanson que j&rsquo;avais \u00e9crite autrefois pour le groupe Black Noddles (il faudrait que je trouve le courage de l&rsquo;enregistrer avec la musique, mais faudrait brancher tout le bordel, r\u00e9gler les sons&#8230; tu parles d&rsquo;une chierie) :<\/p>\n\n\n\n<pre class=\"wp-block-verse\">Il est un droit sacr\u00e9<br>Que trop souvent l'on me conteste<br>Et que je veux revendiquer<br>C'est le droit \u00e0 la paresse<br>Non je n'veux pas travailler<br>Aucun boulot ne me pla\u00eet<br>A quoi bon m'\u00e9reinter<br>Pour une poign\u00e9e de billets<br>Je ne veux pas bosser<br>Pas question de trimer<br>I'm so lazy<\/pre>\n\n\n\n<pre class=\"wp-block-verse\">Je n'ai pas d'admiration<br>Pour le mod\u00e8le japonais<br>Quand on me charge d'une mission<br>Je m'enfuis vite fait bien fait<br>L'effort de la fornication<br>Est le seul que je connaisse<br>C'est bien la seule exception<br>Qui peut me faire remuer les fesses<br>Je ne sais rien faire<br>Et parfois j'en suis fier<br>I'm so lazy<\/pre>\n\n\n\n<pre class=\"wp-block-verse\">Travail famille patrie<br>Depuis le temps que ces mots durent<br>Mais selon l'\u00e9tymologie<br>Travail signifie torture<br>Ni ma\u00eetre ni esclave<br>Je ne fais de tort \u00e0 personne<br>Et je n'ai qu'une angoisse<br>C'est que mon r\u00e9veil sonne<br>Je n'suis qu'un bon \u00e0 rien<br>Mais au moins je me sens bien<br>I'm so lazy<br>I'm a lazy cow. <\/pre>\n\n\n\n<p>Alors quoi ? Nous les feignasses, les mous du genou, les faiblards, les poils-dans-la-main, les fragiles, les nonchalants, les <em>dilettante<\/em>, les gros dormeurs, les pannes de r\u00e9veil, les contemplatifs, les 2 -de-tension, les fatigu\u00e9s-de-naissance, les procrastinateurs, les l\u00e8ve-tard, combien de temps allons-nous encore supporter la tyrannie des hyperactifs, des besogneux, des b\u00fbcheurs, des <em>\u00dcbermenschen<\/em> qui nous imposent ce rythme d&rsquo;enfer ? <br><\/p>\n\n\n\n<h2 class=\"wp-block-heading\">TOUT LE POUVOIR AUX MAUVIETTES !<\/h2>\n\n\n\n<p>Camarades flemmards, groupons-nous et DEMAIN&#8230;<\/p>\n\n\n\n<div class=\"wp-block-image\"><figure class=\"aligncenter\"><img data-recalc-dims=\"1\" loading=\"lazy\" decoding=\"async\" width=\"500\" height=\"600\" data-attachment-id=\"1551\" data-permalink=\"https:\/\/www.incaudavenenum.org\/cut.the.crap\/le-droit-a-la-paresse\/procratinators\/\" data-orig-file=\"https:\/\/i0.wp.com\/www.incaudavenenum.org\/cut.the.crap\/wp-content\/uploads\/2019\/03\/procratinators.jpg?fit=500%2C600&amp;ssl=1\" data-orig-size=\"500,600\" data-comments-opened=\"1\" data-image-meta=\"{&quot;aperture&quot;:&quot;0&quot;,&quot;credit&quot;:&quot;&quot;,&quot;camera&quot;:&quot;&quot;,&quot;caption&quot;:&quot;&quot;,&quot;created_timestamp&quot;:&quot;0&quot;,&quot;copyright&quot;:&quot;&quot;,&quot;focal_length&quot;:&quot;0&quot;,&quot;iso&quot;:&quot;0&quot;,&quot;shutter_speed&quot;:&quot;0&quot;,&quot;title&quot;:&quot;&quot;,&quot;orientation&quot;:&quot;0&quot;}\" data-image-title=\"procratinators\" data-image-description=\"\" data-image-caption=\"\" data-large-file=\"https:\/\/i0.wp.com\/www.incaudavenenum.org\/cut.the.crap\/wp-content\/uploads\/2019\/03\/procratinators.jpg?fit=500%2C600&amp;ssl=1\" src=\"https:\/\/i0.wp.com\/www.incaudavenenum.org\/cut.the.crap\/wp-content\/uploads\/2019\/03\/procratinators.jpg?resize=500%2C600&#038;ssl=1\" alt=\"\" class=\"wp-image-1551\" srcset=\"https:\/\/i0.wp.com\/www.incaudavenenum.org\/cut.the.crap\/wp-content\/uploads\/2019\/03\/procratinators.jpg?w=500&amp;ssl=1 500w, https:\/\/i0.wp.com\/www.incaudavenenum.org\/cut.the.crap\/wp-content\/uploads\/2019\/03\/procratinators.jpg?resize=250%2C300&amp;ssl=1 250w\" sizes=\"auto, (max-width: 500px) 85vw, 500px\" \/><\/figure><\/div>\n\n\n\n<figure class=\"wp-block-embed-youtube wp-block-embed is-type-video is-provider-youtube wp-embed-aspect-4-3 wp-has-aspect-ratio\"><div class=\"wp-block-embed__wrapper\">\n<span class=\"embed-youtube\" style=\"text-align:center; display: block;\"><iframe loading=\"lazy\" class=\"youtube-player\" width=\"840\" height=\"473\" src=\"https:\/\/www.youtube.com\/embed\/xZ7YHmrFKXE?version=3&#038;rel=1&#038;showsearch=0&#038;showinfo=1&#038;iv_load_policy=1&#038;fs=1&#038;hl=fr-FR&#038;autohide=2&#038;wmode=transparent\" allowfullscreen=\"true\" style=\"border:0;\" sandbox=\"allow-scripts allow-same-origin allow-popups allow-presentation allow-popups-to-escape-sandbox\"><\/iframe><\/span>\n<\/div><\/figure>\n","protected":false},"excerpt":{"rendered":"<p>Une \u00e9trange folie poss\u00e8de les classes ouvri\u00e8res des nations o\u00f9 r\u00e8gne la civilisation capitaliste. Cette folie tra\u00eene \u00e0 sa suite des mis\u00e8res individuelles et sociales qui, depuis deux si\u00e8cles, torturent la triste humanit\u00e9. Cette folie est l&rsquo;amour du travail, la passion furibonde du travail, pouss\u00e9e jusqu&rsquo;\u00e0 l&rsquo;\u00e9puisement des forces vitales de l&rsquo;individu et de sa &hellip; <a href=\"https:\/\/www.incaudavenenum.org\/cut.the.crap\/le-droit-a-la-paresse\/\" class=\"more-link\">Continuer la lecture<span class=\"screen-reader-text\"> de &laquo;&nbsp;Le droit \u00e0 la paresse&nbsp;&raquo;<\/span><\/a><\/p>\n","protected":false},"author":1,"featured_media":0,"comment_status":"open","ping_status":"open","sticky":false,"template":"","format":"standard","meta":{"jetpack_post_was_ever_published":false,"_jetpack_newsletter_access":"","_jetpack_dont_email_post_to_subs":false,"_jetpack_newsletter_tier_id":0,"_jetpack_memberships_contains_paywalled_content":false,"_jetpack_memberships_contains_paid_content":false,"footnotes":"","jetpack_publicize_message":"","jetpack_publicize_feature_enabled":true,"jetpack_social_post_already_shared":true,"jetpack_social_options":{"image_generator_settings":{"template":"highway","default_image_id":0,"font":"","enabled":false},"version":2}},"categories":[7],"tags":[525,401,118,122,493,494,523,524,526],"class_list":["post-1545","post","type-post","status-publish","format-standard","hentry","category-resistance","tag-charlotte-girard","tag-emmanuel-macron","tag-france-insoumise","tag-francois-delapierre","tag-francois-ruffin","tag-gilets-jaunes","tag-manon-aubry","tag-manuel-bompard","tag-paul-lafargue"],"yoast_head":"<!-- This site is optimized with the Yoast SEO plugin v27.4 - https:\/\/yoast.com\/product\/yoast-seo-wordpress\/ -->\n<title>Le droit \u00e0 la paresse - Cut The Crap<\/title>\n<meta name=\"robots\" content=\"index, follow, max-snippet:-1, max-image-preview:large, max-video-preview:-1\" \/>\n<link rel=\"canonical\" href=\"https:\/\/www.incaudavenenum.org\/cut.the.crap\/le-droit-a-la-paresse\/\" \/>\n<meta property=\"og:locale\" content=\"fr_FR\" \/>\n<meta property=\"og:type\" content=\"article\" \/>\n<meta property=\"og:title\" content=\"Le droit \u00e0 la paresse - Cut The Crap\" \/>\n<meta property=\"og:description\" content=\"Une \u00e9trange folie poss\u00e8de les classes ouvri\u00e8res des nations o\u00f9 r\u00e8gne la civilisation capitaliste. Cette folie tra\u00eene \u00e0 sa suite des mis\u00e8res individuelles et sociales qui, depuis deux si\u00e8cles, torturent la triste humanit\u00e9. Cette folie est l&rsquo;amour du travail, la passion furibonde du travail, pouss\u00e9e jusqu&rsquo;\u00e0 l&rsquo;\u00e9puisement des forces vitales de l&rsquo;individu et de sa &hellip; Continuer la lecture de &laquo;&nbsp;Le droit \u00e0 la paresse&nbsp;&raquo;\" \/>\n<meta property=\"og:url\" content=\"https:\/\/www.incaudavenenum.org\/cut.the.crap\/le-droit-a-la-paresse\/\" \/>\n<meta property=\"og:site_name\" content=\"Cut The Crap\" \/>\n<meta property=\"article:publisher\" content=\"https:\/\/www.facebook.com\/Cut-the-Crap-239882412697830\/\" \/>\n<meta property=\"article:author\" content=\"https:\/\/www.facebook.com\/cut.the.crap.free.fr\" \/>\n<meta property=\"article:published_time\" content=\"2019-03-13T19:13:15+00:00\" \/>\n<meta property=\"article:modified_time\" content=\"2019-03-13T19:13:25+00:00\" \/>\n<meta property=\"og:image\" content=\"https:\/\/i1.wp.com\/www.incaudavenenum.org\/cut.the.crap\/wp-content\/uploads\/2019\/03\/procratinators.jpg?fit=500%2C600&ssl=1\" \/>\n\t<meta property=\"og:image:width\" content=\"500\" \/>\n\t<meta property=\"og:image:height\" content=\"600\" \/>\n\t<meta property=\"og:image:type\" content=\"image\/jpeg\" \/>\n<meta name=\"author\" content=\"Serge Victor\" \/>\n<meta name=\"twitter:card\" content=\"summary_large_image\" \/>\n<meta name=\"twitter:image\" content=\"https:\/\/i0.wp.com\/www.incaudavenenum.org\/cut.the.crap\/wp-content\/uploads\/2019\/03\/procratinators.jpg?fit=500%2C600&ssl=1\" \/>\n<meta name=\"twitter:creator\" content=\"@cutzecrap\" \/>\n<meta name=\"twitter:site\" content=\"@cutzecrap\" \/>\n<meta name=\"twitter:label1\" content=\"\u00c9crit par\" \/>\n\t<meta name=\"twitter:data1\" content=\"Serge Victor\" \/>\n\t<meta name=\"twitter:label2\" content=\"Dur\u00e9e de lecture estim\u00e9e\" \/>\n\t<meta name=\"twitter:data2\" content=\"6 minutes\" \/>\n<script type=\"application\/ld+json\" class=\"yoast-schema-graph\">{\"@context\":\"https:\\\/\\\/schema.org\",\"@graph\":[{\"@type\":\"Article\",\"@id\":\"https:\\\/\\\/www.incaudavenenum.org\\\/cut.the.crap\\\/le-droit-a-la-paresse\\\/#article\",\"isPartOf\":{\"@id\":\"https:\\\/\\\/www.incaudavenenum.org\\\/cut.the.crap\\\/le-droit-a-la-paresse\\\/\"},\"author\":{\"name\":\"Serge Victor\",\"@id\":\"https:\\\/\\\/www.incaudavenenum.org\\\/cut.the.crap\\\/#\\\/schema\\\/person\\\/39fa901f2f251d6be7e35d8d58a8d1b4\"},\"headline\":\"Le droit \u00e0 la paresse\",\"datePublished\":\"2019-03-13T19:13:15+00:00\",\"dateModified\":\"2019-03-13T19:13:25+00:00\",\"mainEntityOfPage\":{\"@id\":\"https:\\\/\\\/www.incaudavenenum.org\\\/cut.the.crap\\\/le-droit-a-la-paresse\\\/\"},\"wordCount\":1131,\"commentCount\":1,\"publisher\":{\"@id\":\"https:\\\/\\\/www.incaudavenenum.org\\\/cut.the.crap\\\/#organization\"},\"image\":{\"@id\":\"https:\\\/\\\/www.incaudavenenum.org\\\/cut.the.crap\\\/le-droit-a-la-paresse\\\/#primaryimage\"},\"thumbnailUrl\":\"https:\\\/\\\/www.incaudavenenum.org\\\/cut.the.crap\\\/wp-content\\\/uploads\\\/2019\\\/03\\\/soleil-768x1024.jpg\",\"keywords\":[\"Charlotte Girard\",\"Emmanuel Macron\",\"France Insoumise\",\"Fran\u00e7ois Delapierre\",\"Fran\u00e7ois Ruffin\",\"Gilets Jaunes\",\"Manon Aubry\",\"Manuel Bompard\",\"Paul Lafargue\"],\"articleSection\":[\"R\u00e9sistance\"],\"inLanguage\":\"fr-FR\",\"potentialAction\":[{\"@type\":\"CommentAction\",\"name\":\"Comment\",\"target\":[\"https:\\\/\\\/www.incaudavenenum.org\\\/cut.the.crap\\\/le-droit-a-la-paresse\\\/#respond\"]}]},{\"@type\":\"WebPage\",\"@id\":\"https:\\\/\\\/www.incaudavenenum.org\\\/cut.the.crap\\\/le-droit-a-la-paresse\\\/\",\"url\":\"https:\\\/\\\/www.incaudavenenum.org\\\/cut.the.crap\\\/le-droit-a-la-paresse\\\/\",\"name\":\"Le droit \u00e0 la paresse - Cut The Crap\",\"isPartOf\":{\"@id\":\"https:\\\/\\\/www.incaudavenenum.org\\\/cut.the.crap\\\/#website\"},\"primaryImageOfPage\":{\"@id\":\"https:\\\/\\\/www.incaudavenenum.org\\\/cut.the.crap\\\/le-droit-a-la-paresse\\\/#primaryimage\"},\"image\":{\"@id\":\"https:\\\/\\\/www.incaudavenenum.org\\\/cut.the.crap\\\/le-droit-a-la-paresse\\\/#primaryimage\"},\"thumbnailUrl\":\"https:\\\/\\\/www.incaudavenenum.org\\\/cut.the.crap\\\/wp-content\\\/uploads\\\/2019\\\/03\\\/soleil-768x1024.jpg\",\"datePublished\":\"2019-03-13T19:13:15+00:00\",\"dateModified\":\"2019-03-13T19:13:25+00:00\",\"breadcrumb\":{\"@id\":\"https:\\\/\\\/www.incaudavenenum.org\\\/cut.the.crap\\\/le-droit-a-la-paresse\\\/#breadcrumb\"},\"inLanguage\":\"fr-FR\",\"potentialAction\":[{\"@type\":\"ReadAction\",\"target\":[\"https:\\\/\\\/www.incaudavenenum.org\\\/cut.the.crap\\\/le-droit-a-la-paresse\\\/\"]}]},{\"@type\":\"ImageObject\",\"inLanguage\":\"fr-FR\",\"@id\":\"https:\\\/\\\/www.incaudavenenum.org\\\/cut.the.crap\\\/le-droit-a-la-paresse\\\/#primaryimage\",\"url\":\"https:\\\/\\\/i0.wp.com\\\/www.incaudavenenum.org\\\/cut.the.crap\\\/wp-content\\\/uploads\\\/2019\\\/03\\\/soleil.jpg?fit=1200%2C1600&ssl=1\",\"contentUrl\":\"https:\\\/\\\/i0.wp.com\\\/www.incaudavenenum.org\\\/cut.the.crap\\\/wp-content\\\/uploads\\\/2019\\\/03\\\/soleil.jpg?fit=1200%2C1600&ssl=1\",\"width\":1200,\"height\":1600},{\"@type\":\"BreadcrumbList\",\"@id\":\"https:\\\/\\\/www.incaudavenenum.org\\\/cut.the.crap\\\/le-droit-a-la-paresse\\\/#breadcrumb\",\"itemListElement\":[{\"@type\":\"ListItem\",\"position\":1,\"name\":\"Accueil\",\"item\":\"https:\\\/\\\/www.incaudavenenum.org\\\/cut.the.crap\\\/\"},{\"@type\":\"ListItem\",\"position\":2,\"name\":\"Le droit \u00e0 la paresse\"}]},{\"@type\":\"WebSite\",\"@id\":\"https:\\\/\\\/www.incaudavenenum.org\\\/cut.the.crap\\\/#website\",\"url\":\"https:\\\/\\\/www.incaudavenenum.org\\\/cut.the.crap\\\/\",\"name\":\"Cut The Crap\",\"description\":\"Blog de gauche\",\"publisher\":{\"@id\":\"https:\\\/\\\/www.incaudavenenum.org\\\/cut.the.crap\\\/#organization\"},\"potentialAction\":[{\"@type\":\"SearchAction\",\"target\":{\"@type\":\"EntryPoint\",\"urlTemplate\":\"https:\\\/\\\/www.incaudavenenum.org\\\/cut.the.crap\\\/?s={search_term_string}\"},\"query-input\":{\"@type\":\"PropertyValueSpecification\",\"valueRequired\":true,\"valueName\":\"search_term_string\"}}],\"inLanguage\":\"fr-FR\"},{\"@type\":\"Organization\",\"@id\":\"https:\\\/\\\/www.incaudavenenum.org\\\/cut.the.crap\\\/#organization\",\"name\":\"Cut The Crap\",\"url\":\"https:\\\/\\\/www.incaudavenenum.org\\\/cut.the.crap\\\/\",\"logo\":{\"@type\":\"ImageObject\",\"inLanguage\":\"fr-FR\",\"@id\":\"https:\\\/\\\/www.incaudavenenum.org\\\/cut.the.crap\\\/#\\\/schema\\\/logo\\\/image\\\/\",\"url\":\"https:\\\/\\\/i1.wp.com\\\/www.incaudavenenum.org\\\/cut.the.crap\\\/wp-content\\\/uploads\\\/2018\\\/01\\\/cTc.png?fit=100%2C95\",\"contentUrl\":\"https:\\\/\\\/i1.wp.com\\\/www.incaudavenenum.org\\\/cut.the.crap\\\/wp-content\\\/uploads\\\/2018\\\/01\\\/cTc.png?fit=100%2C95\",\"width\":100,\"height\":95,\"caption\":\"Cut The Crap\"},\"image\":{\"@id\":\"https:\\\/\\\/www.incaudavenenum.org\\\/cut.the.crap\\\/#\\\/schema\\\/logo\\\/image\\\/\"},\"sameAs\":[\"https:\\\/\\\/www.facebook.com\\\/Cut-the-Crap-239882412697830\\\/\",\"https:\\\/\\\/x.com\\\/cutzecrap\"]},{\"@type\":\"Person\",\"@id\":\"https:\\\/\\\/www.incaudavenenum.org\\\/cut.the.crap\\\/#\\\/schema\\\/person\\\/39fa901f2f251d6be7e35d8d58a8d1b4\",\"name\":\"Serge Victor\",\"image\":{\"@type\":\"ImageObject\",\"inLanguage\":\"fr-FR\",\"@id\":\"https:\\\/\\\/secure.gravatar.com\\\/avatar\\\/1e2fd85bc69a7e81bf6242704119d1669b9a3ab337deeaf0e9141b764210481a?s=96&d=mm&r=g\",\"url\":\"https:\\\/\\\/secure.gravatar.com\\\/avatar\\\/1e2fd85bc69a7e81bf6242704119d1669b9a3ab337deeaf0e9141b764210481a?s=96&d=mm&r=g\",\"contentUrl\":\"https:\\\/\\\/secure.gravatar.com\\\/avatar\\\/1e2fd85bc69a7e81bf6242704119d1669b9a3ab337deeaf0e9141b764210481a?s=96&d=mm&r=g\",\"caption\":\"Serge Victor\"},\"description\":\"Militant de gauche, \u00e9cosocialiste, f\u00e9ministe, autogestionnaire\",\"sameAs\":[\"https:\\\/\\\/www.incaudavenenum.org\\\/cut.the.crap\\\/\",\"https:\\\/\\\/www.facebook.com\\\/cut.the.crap.free.fr\",\"https:\\\/\\\/x.com\\\/cutzecrap\"],\"url\":\"https:\\\/\\\/www.incaudavenenum.org\\\/cut.the.crap\\\/author\\\/sergevictor\\\/\"}]}<\/script>\n<!-- \/ Yoast SEO plugin. -->","yoast_head_json":{"title":"Le droit \u00e0 la paresse - Cut The Crap","robots":{"index":"index","follow":"follow","max-snippet":"max-snippet:-1","max-image-preview":"max-image-preview:large","max-video-preview":"max-video-preview:-1"},"canonical":"https:\/\/www.incaudavenenum.org\/cut.the.crap\/le-droit-a-la-paresse\/","og_locale":"fr_FR","og_type":"article","og_title":"Le droit \u00e0 la paresse - Cut The Crap","og_description":"Une \u00e9trange folie poss\u00e8de les classes ouvri\u00e8res des nations o\u00f9 r\u00e8gne la civilisation capitaliste. Cette folie tra\u00eene \u00e0 sa suite des mis\u00e8res individuelles et sociales qui, depuis deux si\u00e8cles, torturent la triste humanit\u00e9. Cette folie est l&rsquo;amour du travail, la passion furibonde du travail, pouss\u00e9e jusqu&rsquo;\u00e0 l&rsquo;\u00e9puisement des forces vitales de l&rsquo;individu et de sa &hellip; Continuer la lecture de &laquo;&nbsp;Le droit \u00e0 la paresse&nbsp;&raquo;","og_url":"https:\/\/www.incaudavenenum.org\/cut.the.crap\/le-droit-a-la-paresse\/","og_site_name":"Cut The Crap","article_publisher":"https:\/\/www.facebook.com\/Cut-the-Crap-239882412697830\/","article_author":"https:\/\/www.facebook.com\/cut.the.crap.free.fr","article_published_time":"2019-03-13T19:13:15+00:00","article_modified_time":"2019-03-13T19:13:25+00:00","og_image":[{"width":500,"height":600,"url":"https:\/\/i1.wp.com\/www.incaudavenenum.org\/cut.the.crap\/wp-content\/uploads\/2019\/03\/procratinators.jpg?fit=500%2C600&ssl=1","type":"image\/jpeg"}],"author":"Serge Victor","twitter_card":"summary_large_image","twitter_image":"https:\/\/i0.wp.com\/www.incaudavenenum.org\/cut.the.crap\/wp-content\/uploads\/2019\/03\/procratinators.jpg?fit=500%2C600&ssl=1","twitter_creator":"@cutzecrap","twitter_site":"@cutzecrap","twitter_misc":{"\u00c9crit par":"Serge Victor","Dur\u00e9e de lecture estim\u00e9e":"6 minutes"},"schema":{"@context":"https:\/\/schema.org","@graph":[{"@type":"Article","@id":"https:\/\/www.incaudavenenum.org\/cut.the.crap\/le-droit-a-la-paresse\/#article","isPartOf":{"@id":"https:\/\/www.incaudavenenum.org\/cut.the.crap\/le-droit-a-la-paresse\/"},"author":{"name":"Serge Victor","@id":"https:\/\/www.incaudavenenum.org\/cut.the.crap\/#\/schema\/person\/39fa901f2f251d6be7e35d8d58a8d1b4"},"headline":"Le droit \u00e0 la paresse","datePublished":"2019-03-13T19:13:15+00:00","dateModified":"2019-03-13T19:13:25+00:00","mainEntityOfPage":{"@id":"https:\/\/www.incaudavenenum.org\/cut.the.crap\/le-droit-a-la-paresse\/"},"wordCount":1131,"commentCount":1,"publisher":{"@id":"https:\/\/www.incaudavenenum.org\/cut.the.crap\/#organization"},"image":{"@id":"https:\/\/www.incaudavenenum.org\/cut.the.crap\/le-droit-a-la-paresse\/#primaryimage"},"thumbnailUrl":"https:\/\/www.incaudavenenum.org\/cut.the.crap\/wp-content\/uploads\/2019\/03\/soleil-768x1024.jpg","keywords":["Charlotte Girard","Emmanuel Macron","France Insoumise","Fran\u00e7ois Delapierre","Fran\u00e7ois Ruffin","Gilets Jaunes","Manon Aubry","Manuel Bompard","Paul Lafargue"],"articleSection":["R\u00e9sistance"],"inLanguage":"fr-FR","potentialAction":[{"@type":"CommentAction","name":"Comment","target":["https:\/\/www.incaudavenenum.org\/cut.the.crap\/le-droit-a-la-paresse\/#respond"]}]},{"@type":"WebPage","@id":"https:\/\/www.incaudavenenum.org\/cut.the.crap\/le-droit-a-la-paresse\/","url":"https:\/\/www.incaudavenenum.org\/cut.the.crap\/le-droit-a-la-paresse\/","name":"Le droit \u00e0 la paresse - Cut The Crap","isPartOf":{"@id":"https:\/\/www.incaudavenenum.org\/cut.the.crap\/#website"},"primaryImageOfPage":{"@id":"https:\/\/www.incaudavenenum.org\/cut.the.crap\/le-droit-a-la-paresse\/#primaryimage"},"image":{"@id":"https:\/\/www.incaudavenenum.org\/cut.the.crap\/le-droit-a-la-paresse\/#primaryimage"},"thumbnailUrl":"https:\/\/www.incaudavenenum.org\/cut.the.crap\/wp-content\/uploads\/2019\/03\/soleil-768x1024.jpg","datePublished":"2019-03-13T19:13:15+00:00","dateModified":"2019-03-13T19:13:25+00:00","breadcrumb":{"@id":"https:\/\/www.incaudavenenum.org\/cut.the.crap\/le-droit-a-la-paresse\/#breadcrumb"},"inLanguage":"fr-FR","potentialAction":[{"@type":"ReadAction","target":["https:\/\/www.incaudavenenum.org\/cut.the.crap\/le-droit-a-la-paresse\/"]}]},{"@type":"ImageObject","inLanguage":"fr-FR","@id":"https:\/\/www.incaudavenenum.org\/cut.the.crap\/le-droit-a-la-paresse\/#primaryimage","url":"https:\/\/i0.wp.com\/www.incaudavenenum.org\/cut.the.crap\/wp-content\/uploads\/2019\/03\/soleil.jpg?fit=1200%2C1600&ssl=1","contentUrl":"https:\/\/i0.wp.com\/www.incaudavenenum.org\/cut.the.crap\/wp-content\/uploads\/2019\/03\/soleil.jpg?fit=1200%2C1600&ssl=1","width":1200,"height":1600},{"@type":"BreadcrumbList","@id":"https:\/\/www.incaudavenenum.org\/cut.the.crap\/le-droit-a-la-paresse\/#breadcrumb","itemListElement":[{"@type":"ListItem","position":1,"name":"Accueil","item":"https:\/\/www.incaudavenenum.org\/cut.the.crap\/"},{"@type":"ListItem","position":2,"name":"Le droit \u00e0 la paresse"}]},{"@type":"WebSite","@id":"https:\/\/www.incaudavenenum.org\/cut.the.crap\/#website","url":"https:\/\/www.incaudavenenum.org\/cut.the.crap\/","name":"Cut The Crap","description":"Blog de gauche","publisher":{"@id":"https:\/\/www.incaudavenenum.org\/cut.the.crap\/#organization"},"potentialAction":[{"@type":"SearchAction","target":{"@type":"EntryPoint","urlTemplate":"https:\/\/www.incaudavenenum.org\/cut.the.crap\/?s={search_term_string}"},"query-input":{"@type":"PropertyValueSpecification","valueRequired":true,"valueName":"search_term_string"}}],"inLanguage":"fr-FR"},{"@type":"Organization","@id":"https:\/\/www.incaudavenenum.org\/cut.the.crap\/#organization","name":"Cut The Crap","url":"https:\/\/www.incaudavenenum.org\/cut.the.crap\/","logo":{"@type":"ImageObject","inLanguage":"fr-FR","@id":"https:\/\/www.incaudavenenum.org\/cut.the.crap\/#\/schema\/logo\/image\/","url":"https:\/\/i1.wp.com\/www.incaudavenenum.org\/cut.the.crap\/wp-content\/uploads\/2018\/01\/cTc.png?fit=100%2C95","contentUrl":"https:\/\/i1.wp.com\/www.incaudavenenum.org\/cut.the.crap\/wp-content\/uploads\/2018\/01\/cTc.png?fit=100%2C95","width":100,"height":95,"caption":"Cut The Crap"},"image":{"@id":"https:\/\/www.incaudavenenum.org\/cut.the.crap\/#\/schema\/logo\/image\/"},"sameAs":["https:\/\/www.facebook.com\/Cut-the-Crap-239882412697830\/","https:\/\/x.com\/cutzecrap"]},{"@type":"Person","@id":"https:\/\/www.incaudavenenum.org\/cut.the.crap\/#\/schema\/person\/39fa901f2f251d6be7e35d8d58a8d1b4","name":"Serge Victor","image":{"@type":"ImageObject","inLanguage":"fr-FR","@id":"https:\/\/secure.gravatar.com\/avatar\/1e2fd85bc69a7e81bf6242704119d1669b9a3ab337deeaf0e9141b764210481a?s=96&d=mm&r=g","url":"https:\/\/secure.gravatar.com\/avatar\/1e2fd85bc69a7e81bf6242704119d1669b9a3ab337deeaf0e9141b764210481a?s=96&d=mm&r=g","contentUrl":"https:\/\/secure.gravatar.com\/avatar\/1e2fd85bc69a7e81bf6242704119d1669b9a3ab337deeaf0e9141b764210481a?s=96&d=mm&r=g","caption":"Serge Victor"},"description":"Militant de gauche, \u00e9cosocialiste, f\u00e9ministe, autogestionnaire","sameAs":["https:\/\/www.incaudavenenum.org\/cut.the.crap\/","https:\/\/www.facebook.com\/cut.the.crap.free.fr","https:\/\/x.com\/cutzecrap"],"url":"https:\/\/www.incaudavenenum.org\/cut.the.crap\/author\/sergevictor\/"}]}},"jetpack_publicize_connections":[],"jetpack_featured_media_url":"","jetpack_shortlink":"https:\/\/wp.me\/p9z98q-oV","jetpack_likes_enabled":true,"jetpack-related-posts":[{"id":2034,"url":"https:\/\/www.incaudavenenum.org\/cut.the.crap\/le-droit-au-repos\/","url_meta":{"origin":1545,"position":0},"title":"Le droit au repos","author":"Serge Victor","date":"8 octobre 2022","format":"quote","excerpt":"\"C'est le droit au repos qui est rogn\u00e9. Au nom du travail, de la \u201cvaleur travail\u201d, de \u201cl'amour du travail\u201d, il faudrait travailler sans cesse, sans r\u00e9pit. (...) La dignit\u00e9 du travail, c'est aussi, c'est surtout le repos. Et c'est leur bataille, aujourd'hui, \u00e0 nos dirigeants, au nom de la\u2026","rel":"","context":"Dans &quot;Citations&quot;","block_context":{"text":"Citations","link":"https:\/\/www.incaudavenenum.org\/cut.the.crap\/category\/lectures\/citations\/"},"img":{"alt_text":"","src":"","width":0,"height":0},"classes":[]},{"id":1547,"url":"https:\/\/www.incaudavenenum.org\/cut.the.crap\/droit\/","url_meta":{"origin":1545,"position":1},"title":"Droit","author":"Serge Victor","date":"18 mars 2019","format":"quote","excerpt":"\"L'un des aspects les plus remarquables du processus de fragmentation en cours est qu'il touche cela m\u00eame qui jusque-l\u00e0 devait assurer le maintien de l'unit\u00e9 sociale : le Droit. L\u00e9gislations antiterroristes d'exception, mise en pi\u00e8ces du droit du travail, sp\u00e9cialisation croissante des juridictions et des parquets, le Droit n'existe plus.\u2026","rel":"","context":"Dans &quot;Citations&quot;","block_context":{"text":"Citations","link":"https:\/\/www.incaudavenenum.org\/cut.the.crap\/category\/lectures\/citations\/"},"img":{"alt_text":"","src":"","width":0,"height":0},"classes":[]},{"id":28,"url":"https:\/\/www.incaudavenenum.org\/cut.the.crap\/du-goudron-et-des-plumes-pour-les-jaunes-orange\/","url_meta":{"origin":1545,"position":2},"title":"Du goudron et des plumes pour les jaunes orange !","author":"\u1d10T\u1d04","date":"26 octobre 2010","format":false,"excerpt":"Au d\u00e9but du XXe si\u00e8cle, les briseurs de gr\u00e8ve se d\u00e9signaient eux-m\u00eames comme des \"jaunes\" (couleur papale), s'opposant aux \"rouges\". Des syndicats jaunes furent m\u00eame cr\u00e9\u00e9s en France et ailleurs (comme les Yellow Unions en Angleterre) : manipul\u00e9s voire cr\u00e9\u00e9s de toute pi\u00e8ce par les patrons, ils s'opposaient aux gr\u00e8ves\u2026","rel":"","context":"Dans &quot;Antisocial&quot;","block_context":{"text":"Antisocial","link":"https:\/\/www.incaudavenenum.org\/cut.the.crap\/category\/antisocial\/"},"img":{"alt_text":"","src":"","width":0,"height":0},"classes":[]},{"id":1502,"url":"https:\/\/www.incaudavenenum.org\/cut.the.crap\/president\/","url_meta":{"origin":1545,"position":3},"title":"Pr\u00e9sident","author":"Serge Victor","date":"24 f\u00e9vrier 2019","format":"quote","excerpt":"\"Je ne vous veux plus comme pr\u00e9sident, c'est \u00e9vident. Mais je ne veux plus de pr\u00e9sident, tout court, plus de pr\u00e9sident-soleil, astre autour duquel la vie tourne, avec sa cour et ses d\u00e9put\u00e9s-toutous, pr\u00e9sident qui concentre en lui (presque) tous les pouvoirs, plus intelligent que soixante millions d'habitants, et qui\u2026","rel":"","context":"Dans &quot;Citations&quot;","block_context":{"text":"Citations","link":"https:\/\/www.incaudavenenum.org\/cut.the.crap\/category\/lectures\/citations\/"},"img":{"alt_text":"","src":"","width":0,"height":0},"classes":[]},{"id":1897,"url":"https:\/\/www.incaudavenenum.org\/cut.the.crap\/taudis\/","url_meta":{"origin":1545,"position":4},"title":"Taudis","author":"Serge Victor","date":"10 juillet 2020","format":"quote","excerpt":"\"Le XIXe si\u00e8cle a promu jusqu'\u00e0 la caricature le crit\u00e8re que l'on appellera, pour faire bref, les \u201cr\u00e9sultats financiers\u201d comme test permettant de d\u00e9terminer si une politique doit \u00eatre recommand\u00e9e. Le destin personnel s'est transform\u00e9 en une parodie du cauchemar d'un comptable. Au lieu d'utiliser leurs ressources techniques et mat\u00e9rielles,\u2026","rel":"","context":"Dans &quot;Citations&quot;","block_context":{"text":"Citations","link":"https:\/\/www.incaudavenenum.org\/cut.the.crap\/category\/lectures\/citations\/"},"img":{"alt_text":"","src":"","width":0,"height":0},"classes":[]},{"id":1449,"url":"https:\/\/www.incaudavenenum.org\/cut.the.crap\/la-licra-passerelle-vers-la-droite\/","url_meta":{"origin":1545,"position":5},"title":"La LICRA, passerelle vers la droite ?","author":"Serge Victor","date":"2 janvier 2019","format":false,"excerpt":"Le 20 d\u00e9cembre 2018, la LICRA (Ligue Internationale Contre le Racisme et l'Antis\u00e9mitisme) publiait un communiqu\u00e9 attaquant violemment le d\u00e9put\u00e9 Fran\u00e7ois Ruffin : \u201cLe plus grave est en effet intervenu lorsqu\u2019il a exprim\u00e9, au sujet du r\u00e9f\u00e9rendum d\u2019initiative citoyenne, des remerciements inattendus : \u00ab Oh, il n\u2019a pas fleuri par\u2026","rel":"","context":"Dans &quot;Confusionnisme&quot;","block_context":{"text":"Confusionnisme","link":"https:\/\/www.incaudavenenum.org\/cut.the.crap\/category\/confusionnisme\/"},"img":{"alt_text":"","src":"","width":0,"height":0},"classes":[]}],"jetpack_sharing_enabled":true,"_links":{"self":[{"href":"https:\/\/www.incaudavenenum.org\/cut.the.crap\/wp-json\/wp\/v2\/posts\/1545","targetHints":{"allow":["GET"]}}],"collection":[{"href":"https:\/\/www.incaudavenenum.org\/cut.the.crap\/wp-json\/wp\/v2\/posts"}],"about":[{"href":"https:\/\/www.incaudavenenum.org\/cut.the.crap\/wp-json\/wp\/v2\/types\/post"}],"author":[{"embeddable":true,"href":"https:\/\/www.incaudavenenum.org\/cut.the.crap\/wp-json\/wp\/v2\/users\/1"}],"replies":[{"embeddable":true,"href":"https:\/\/www.incaudavenenum.org\/cut.the.crap\/wp-json\/wp\/v2\/comments?post=1545"}],"version-history":[{"count":2,"href":"https:\/\/www.incaudavenenum.org\/cut.the.crap\/wp-json\/wp\/v2\/posts\/1545\/revisions"}],"predecessor-version":[{"id":1555,"href":"https:\/\/www.incaudavenenum.org\/cut.the.crap\/wp-json\/wp\/v2\/posts\/1545\/revisions\/1555"}],"wp:attachment":[{"href":"https:\/\/www.incaudavenenum.org\/cut.the.crap\/wp-json\/wp\/v2\/media?parent=1545"}],"wp:term":[{"taxonomy":"category","embeddable":true,"href":"https:\/\/www.incaudavenenum.org\/cut.the.crap\/wp-json\/wp\/v2\/categories?post=1545"},{"taxonomy":"post_tag","embeddable":true,"href":"https:\/\/www.incaudavenenum.org\/cut.the.crap\/wp-json\/wp\/v2\/tags?post=1545"}],"curies":[{"name":"wp","href":"https:\/\/api.w.org\/{rel}","templated":true}]}}