{"id":1618,"date":"2019-04-06T15:35:43","date_gmt":"2019-04-06T14:35:43","guid":{"rendered":"http:\/\/www.incaudavenenum.org\/cut.the.crap\/?p=1618"},"modified":"2019-04-07T18:26:22","modified_gmt":"2019-04-07T16:26:22","slug":"cynisme","status":"publish","type":"post","link":"https:\/\/www.incaudavenenum.org\/cut.the.crap\/cynisme\/","title":{"rendered":"Cynisme"},"content":{"rendered":"\n<p>\u00ab\u00a0Christophe Barbier, l&rsquo;\u201c\u00e9ditocrate\u201d de <em>L&rsquo;Express<\/em>, s&rsquo;est fendu d&rsquo;une analyse cens\u00e9e mieux \u00e9clairer la strat\u00e9gie du pr\u00e9sident (&#8230;). Question du pr\u00e9sentateur, le 27 ao\u00fbt 2018 sur BFM TV : \u201cDes retrait\u00e9s en col\u00e8re, est-ce que \u00e7a peut \u00eatre dangereux pour Macron ?\u201d R\u00e9ponse : \u201cA long terme je ne crois pas. Pour plusieurs raisons. D&rsquo;ici la fin du quinquennat il y aura peut-\u00eatre l&rsquo;occasion de donner un petit peu aux retrait\u00e9s. [&#8230;] Ensuite, [&#8230;] sans tomber dans le cynisme, il y a beaucoup des plus \u00e2g\u00e9s de ce pays qui ne seront plus \u00e9lecteurs en 2022 parce qu&rsquo;ils seront morts. Et voil\u00e0 !\u201d Sans tomber dans le cynisme, donc. Toutefois, la col\u00e8re des \u201cgilets jaunes\u201d a fait reculer Emmanuel Macron, qui a annonc\u00e9 le 10 d\u00e9cembre 2018 que la hausse de la CSG ne concernerait au final que les retrait\u00e9s touchant plus de 2000 euros.\u00a0\u00bb<\/p>\n\n\n\n<p style=\"text-align:right\">Michel Pin\u00e7on et Monique Pin\u00e7on-Charlot, <br><em>Le pr\u00e9sident des ultra-riches, <\/em><br><em>Chronique du m\u00e9pris de classe dans la politique d&rsquo;Emmanuel Macron<\/em>, <br>La D\u00e9couverte, 2019<\/p>\n","protected":false},"excerpt":{"rendered":"<p>\u00ab\u00a0Christophe Barbier, l&rsquo;\u201c\u00e9ditocrate\u201d de L&rsquo;Express, s&rsquo;est fendu d&rsquo;une analyse cens\u00e9e mieux \u00e9clairer la strat\u00e9gie du pr\u00e9sident (&#8230;). Question du pr\u00e9sentateur, le 27 ao\u00fbt 2018 sur BFM TV : \u201cDes retrait\u00e9s en col\u00e8re, est-ce que \u00e7a peut \u00eatre dangereux pour Macron ?\u201d R\u00e9ponse : \u201cA long terme je ne crois pas. Pour plusieurs raisons. D&rsquo;ici la &hellip; <a href=\"https:\/\/www.incaudavenenum.org\/cut.the.crap\/cynisme\/\" class=\"more-link\">Continuer la lecture<span class=\"screen-reader-text\"> de &laquo;&nbsp;Cynisme&nbsp;&raquo;<\/span><\/a><\/p>\n","protected":false},"author":1,"featured_media":0,"comment_status":"open","ping_status":"open","sticky":false,"template":"","format":"quote","meta":{"jetpack_post_was_ever_published":false,"_jetpack_newsletter_access":"","_jetpack_dont_email_post_to_subs":false,"_jetpack_newsletter_tier_id":0,"_jetpack_memberships_contains_paywalled_content":false,"_jetpack_memberships_contains_paid_content":false,"footnotes":"","jetpack_publicize_message":"","jetpack_publicize_feature_enabled":true,"jetpack_social_post_already_shared":true,"jetpack_social_options":{"image_generator_settings":{"template":"highway","default_image_id":0,"font":"","enabled":false},"version":2}},"categories":[361,4],"tags":[545,401,494,232,240,300],"class_list":["post-1618","post","type-post","status-publish","format-quote","hentry","category-citations","category-lectures","tag-christophe-barbier","tag-emmanuel-macron","tag-gilets-jaunes","tag-michel-pincon","tag-monique-pincon-charlot","tag-retraites","post_format-post-format-quote"],"yoast_head":"<!-- This site is optimized with the Yoast SEO plugin v27.5 - https:\/\/yoast.com\/product\/yoast-seo-wordpress\/ -->\n<title>Cynisme - Cut The Crap<\/title>\n<meta name=\"robots\" content=\"index, follow, max-snippet:-1, max-image-preview:large, max-video-preview:-1\" \/>\n<link rel=\"canonical\" href=\"https:\/\/www.incaudavenenum.org\/cut.the.crap\/cynisme\/\" \/>\n<meta property=\"og:locale\" content=\"fr_FR\" \/>\n<meta property=\"og:type\" content=\"article\" \/>\n<meta property=\"og:title\" content=\"Cynisme - Cut The Crap\" \/>\n<meta property=\"og:description\" content=\"\u00ab\u00a0Christophe Barbier, l&rsquo;\u201c\u00e9ditocrate\u201d de L&rsquo;Express, s&rsquo;est fendu d&rsquo;une analyse cens\u00e9e mieux \u00e9clairer la strat\u00e9gie du pr\u00e9sident (&#8230;). Question du pr\u00e9sentateur, le 27 ao\u00fbt 2018 sur BFM TV : \u201cDes retrait\u00e9s en col\u00e8re, est-ce que \u00e7a peut \u00eatre dangereux pour Macron ?\u201d R\u00e9ponse : \u201cA long terme je ne crois pas. Pour plusieurs raisons. D&rsquo;ici la &hellip; Continuer la lecture de &laquo;&nbsp;Cynisme&nbsp;&raquo;\" \/>\n<meta property=\"og:url\" content=\"https:\/\/www.incaudavenenum.org\/cut.the.crap\/cynisme\/\" \/>\n<meta property=\"og:site_name\" content=\"Cut The Crap\" \/>\n<meta property=\"article:publisher\" content=\"https:\/\/www.facebook.com\/Cut-the-Crap-239882412697830\/\" \/>\n<meta property=\"article:author\" content=\"https:\/\/www.facebook.com\/cut.the.crap.free.fr\" \/>\n<meta property=\"article:published_time\" content=\"2019-04-06T14:35:43+00:00\" \/>\n<meta property=\"article:modified_time\" content=\"2019-04-07T16:26:22+00:00\" \/>\n<meta property=\"og:image\" content=\"https:\/\/i2.wp.com\/www.incaudavenenum.org\/cut.the.crap\/wp-content\/uploads\/2019\/04\/barbier.jpg?fit=950%2C619&ssl=1\" \/>\n\t<meta property=\"og:image:width\" content=\"950\" \/>\n\t<meta property=\"og:image:height\" content=\"619\" \/>\n\t<meta property=\"og:image:type\" content=\"image\/jpeg\" \/>\n<meta name=\"author\" content=\"Serge Victor\" \/>\n<meta name=\"twitter:card\" content=\"summary_large_image\" \/>\n<meta name=\"twitter:image\" content=\"https:\/\/i0.wp.com\/www.incaudavenenum.org\/cut.the.crap\/wp-content\/uploads\/2019\/04\/barbier.jpg?fit=950%2C619&ssl=1\" \/>\n<meta name=\"twitter:creator\" content=\"@cutzecrap\" \/>\n<meta name=\"twitter:site\" content=\"@cutzecrap\" \/>\n<meta name=\"twitter:label1\" content=\"\u00c9crit par\" \/>\n\t<meta name=\"twitter:data1\" content=\"Serge Victor\" \/>\n\t<meta name=\"twitter:label2\" content=\"Dur\u00e9e de lecture estim\u00e9e\" \/>\n\t<meta name=\"twitter:data2\" content=\"1 minute\" \/>\n<script type=\"application\/ld+json\" class=\"yoast-schema-graph\">{\"@context\":\"https:\\\/\\\/schema.org\",\"@graph\":[{\"@type\":\"Article\",\"@id\":\"https:\\\/\\\/www.incaudavenenum.org\\\/cut.the.crap\\\/cynisme\\\/#article\",\"isPartOf\":{\"@id\":\"https:\\\/\\\/www.incaudavenenum.org\\\/cut.the.crap\\\/cynisme\\\/\"},\"author\":{\"name\":\"Serge Victor\",\"@id\":\"https:\\\/\\\/www.incaudavenenum.org\\\/cut.the.crap\\\/#\\\/schema\\\/person\\\/39fa901f2f251d6be7e35d8d58a8d1b4\"},\"headline\":\"Cynisme\",\"datePublished\":\"2019-04-06T14:35:43+00:00\",\"dateModified\":\"2019-04-07T16:26:22+00:00\",\"mainEntityOfPage\":{\"@id\":\"https:\\\/\\\/www.incaudavenenum.org\\\/cut.the.crap\\\/cynisme\\\/\"},\"wordCount\":180,\"commentCount\":0,\"publisher\":{\"@id\":\"https:\\\/\\\/www.incaudavenenum.org\\\/cut.the.crap\\\/#organization\"},\"keywords\":[\"Christophe Barbier\",\"Emmanuel Macron\",\"Gilets Jaunes\",\"Michel Pin\u00e7on\",\"Monique Pin\u00e7on-Charlot\",\"retraites\"],\"articleSection\":[\"Citations\",\"Lectures\"],\"inLanguage\":\"fr-FR\",\"potentialAction\":[{\"@type\":\"CommentAction\",\"name\":\"Comment\",\"target\":[\"https:\\\/\\\/www.incaudavenenum.org\\\/cut.the.crap\\\/cynisme\\\/#respond\"]}]},{\"@type\":\"WebPage\",\"@id\":\"https:\\\/\\\/www.incaudavenenum.org\\\/cut.the.crap\\\/cynisme\\\/\",\"url\":\"https:\\\/\\\/www.incaudavenenum.org\\\/cut.the.crap\\\/cynisme\\\/\",\"name\":\"Cynisme - Cut The Crap\",\"isPartOf\":{\"@id\":\"https:\\\/\\\/www.incaudavenenum.org\\\/cut.the.crap\\\/#website\"},\"datePublished\":\"2019-04-06T14:35:43+00:00\",\"dateModified\":\"2019-04-07T16:26:22+00:00\",\"breadcrumb\":{\"@id\":\"https:\\\/\\\/www.incaudavenenum.org\\\/cut.the.crap\\\/cynisme\\\/#breadcrumb\"},\"inLanguage\":\"fr-FR\",\"potentialAction\":[{\"@type\":\"ReadAction\",\"target\":[\"https:\\\/\\\/www.incaudavenenum.org\\\/cut.the.crap\\\/cynisme\\\/\"]}]},{\"@type\":\"BreadcrumbList\",\"@id\":\"https:\\\/\\\/www.incaudavenenum.org\\\/cut.the.crap\\\/cynisme\\\/#breadcrumb\",\"itemListElement\":[{\"@type\":\"ListItem\",\"position\":1,\"name\":\"Accueil\",\"item\":\"https:\\\/\\\/www.incaudavenenum.org\\\/cut.the.crap\\\/\"},{\"@type\":\"ListItem\",\"position\":2,\"name\":\"Cynisme\"}]},{\"@type\":\"WebSite\",\"@id\":\"https:\\\/\\\/www.incaudavenenum.org\\\/cut.the.crap\\\/#website\",\"url\":\"https:\\\/\\\/www.incaudavenenum.org\\\/cut.the.crap\\\/\",\"name\":\"Cut The Crap\",\"description\":\"Blog de gauche\",\"publisher\":{\"@id\":\"https:\\\/\\\/www.incaudavenenum.org\\\/cut.the.crap\\\/#organization\"},\"potentialAction\":[{\"@type\":\"SearchAction\",\"target\":{\"@type\":\"EntryPoint\",\"urlTemplate\":\"https:\\\/\\\/www.incaudavenenum.org\\\/cut.the.crap\\\/?s={search_term_string}\"},\"query-input\":{\"@type\":\"PropertyValueSpecification\",\"valueRequired\":true,\"valueName\":\"search_term_string\"}}],\"inLanguage\":\"fr-FR\"},{\"@type\":\"Organization\",\"@id\":\"https:\\\/\\\/www.incaudavenenum.org\\\/cut.the.crap\\\/#organization\",\"name\":\"Cut The Crap\",\"url\":\"https:\\\/\\\/www.incaudavenenum.org\\\/cut.the.crap\\\/\",\"logo\":{\"@type\":\"ImageObject\",\"inLanguage\":\"fr-FR\",\"@id\":\"https:\\\/\\\/www.incaudavenenum.org\\\/cut.the.crap\\\/#\\\/schema\\\/logo\\\/image\\\/\",\"url\":\"https:\\\/\\\/i1.wp.com\\\/www.incaudavenenum.org\\\/cut.the.crap\\\/wp-content\\\/uploads\\\/2018\\\/01\\\/cTc.png?fit=100%2C95\",\"contentUrl\":\"https:\\\/\\\/i1.wp.com\\\/www.incaudavenenum.org\\\/cut.the.crap\\\/wp-content\\\/uploads\\\/2018\\\/01\\\/cTc.png?fit=100%2C95\",\"width\":100,\"height\":95,\"caption\":\"Cut The Crap\"},\"image\":{\"@id\":\"https:\\\/\\\/www.incaudavenenum.org\\\/cut.the.crap\\\/#\\\/schema\\\/logo\\\/image\\\/\"},\"sameAs\":[\"https:\\\/\\\/www.facebook.com\\\/Cut-the-Crap-239882412697830\\\/\",\"https:\\\/\\\/x.com\\\/cutzecrap\"]},{\"@type\":\"Person\",\"@id\":\"https:\\\/\\\/www.incaudavenenum.org\\\/cut.the.crap\\\/#\\\/schema\\\/person\\\/39fa901f2f251d6be7e35d8d58a8d1b4\",\"name\":\"Serge Victor\",\"image\":{\"@type\":\"ImageObject\",\"inLanguage\":\"fr-FR\",\"@id\":\"https:\\\/\\\/secure.gravatar.com\\\/avatar\\\/1e2fd85bc69a7e81bf6242704119d1669b9a3ab337deeaf0e9141b764210481a?s=96&d=mm&r=g\",\"url\":\"https:\\\/\\\/secure.gravatar.com\\\/avatar\\\/1e2fd85bc69a7e81bf6242704119d1669b9a3ab337deeaf0e9141b764210481a?s=96&d=mm&r=g\",\"contentUrl\":\"https:\\\/\\\/secure.gravatar.com\\\/avatar\\\/1e2fd85bc69a7e81bf6242704119d1669b9a3ab337deeaf0e9141b764210481a?s=96&d=mm&r=g\",\"caption\":\"Serge Victor\"},\"description\":\"Militant de gauche, \u00e9cosocialiste, f\u00e9ministe, autogestionnaire\",\"sameAs\":[\"https:\\\/\\\/www.incaudavenenum.org\\\/cut.the.crap\\\/\",\"https:\\\/\\\/www.facebook.com\\\/cut.the.crap.free.fr\",\"https:\\\/\\\/x.com\\\/cutzecrap\"],\"url\":\"https:\\\/\\\/www.incaudavenenum.org\\\/cut.the.crap\\\/author\\\/sergevictor\\\/\"}]}<\/script>\n<!-- \/ Yoast SEO plugin. -->","yoast_head_json":{"title":"Cynisme - Cut The Crap","robots":{"index":"index","follow":"follow","max-snippet":"max-snippet:-1","max-image-preview":"max-image-preview:large","max-video-preview":"max-video-preview:-1"},"canonical":"https:\/\/www.incaudavenenum.org\/cut.the.crap\/cynisme\/","og_locale":"fr_FR","og_type":"article","og_title":"Cynisme - Cut The Crap","og_description":"\u00ab\u00a0Christophe Barbier, l&rsquo;\u201c\u00e9ditocrate\u201d de L&rsquo;Express, s&rsquo;est fendu d&rsquo;une analyse cens\u00e9e mieux \u00e9clairer la strat\u00e9gie du pr\u00e9sident (&#8230;). Question du pr\u00e9sentateur, le 27 ao\u00fbt 2018 sur BFM TV : \u201cDes retrait\u00e9s en col\u00e8re, est-ce que \u00e7a peut \u00eatre dangereux pour Macron ?\u201d R\u00e9ponse : \u201cA long terme je ne crois pas. Pour plusieurs raisons. D&rsquo;ici la &hellip; Continuer la lecture de &laquo;&nbsp;Cynisme&nbsp;&raquo;","og_url":"https:\/\/www.incaudavenenum.org\/cut.the.crap\/cynisme\/","og_site_name":"Cut The Crap","article_publisher":"https:\/\/www.facebook.com\/Cut-the-Crap-239882412697830\/","article_author":"https:\/\/www.facebook.com\/cut.the.crap.free.fr","article_published_time":"2019-04-06T14:35:43+00:00","article_modified_time":"2019-04-07T16:26:22+00:00","og_image":[{"width":950,"height":619,"url":"https:\/\/i2.wp.com\/www.incaudavenenum.org\/cut.the.crap\/wp-content\/uploads\/2019\/04\/barbier.jpg?fit=950%2C619&ssl=1","type":"image\/jpeg"}],"author":"Serge Victor","twitter_card":"summary_large_image","twitter_image":"https:\/\/i0.wp.com\/www.incaudavenenum.org\/cut.the.crap\/wp-content\/uploads\/2019\/04\/barbier.jpg?fit=950%2C619&ssl=1","twitter_creator":"@cutzecrap","twitter_site":"@cutzecrap","twitter_misc":{"\u00c9crit par":"Serge Victor","Dur\u00e9e de lecture estim\u00e9e":"1 minute"},"schema":{"@context":"https:\/\/schema.org","@graph":[{"@type":"Article","@id":"https:\/\/www.incaudavenenum.org\/cut.the.crap\/cynisme\/#article","isPartOf":{"@id":"https:\/\/www.incaudavenenum.org\/cut.the.crap\/cynisme\/"},"author":{"name":"Serge Victor","@id":"https:\/\/www.incaudavenenum.org\/cut.the.crap\/#\/schema\/person\/39fa901f2f251d6be7e35d8d58a8d1b4"},"headline":"Cynisme","datePublished":"2019-04-06T14:35:43+00:00","dateModified":"2019-04-07T16:26:22+00:00","mainEntityOfPage":{"@id":"https:\/\/www.incaudavenenum.org\/cut.the.crap\/cynisme\/"},"wordCount":180,"commentCount":0,"publisher":{"@id":"https:\/\/www.incaudavenenum.org\/cut.the.crap\/#organization"},"keywords":["Christophe Barbier","Emmanuel Macron","Gilets Jaunes","Michel Pin\u00e7on","Monique Pin\u00e7on-Charlot","retraites"],"articleSection":["Citations","Lectures"],"inLanguage":"fr-FR","potentialAction":[{"@type":"CommentAction","name":"Comment","target":["https:\/\/www.incaudavenenum.org\/cut.the.crap\/cynisme\/#respond"]}]},{"@type":"WebPage","@id":"https:\/\/www.incaudavenenum.org\/cut.the.crap\/cynisme\/","url":"https:\/\/www.incaudavenenum.org\/cut.the.crap\/cynisme\/","name":"Cynisme - Cut The Crap","isPartOf":{"@id":"https:\/\/www.incaudavenenum.org\/cut.the.crap\/#website"},"datePublished":"2019-04-06T14:35:43+00:00","dateModified":"2019-04-07T16:26:22+00:00","breadcrumb":{"@id":"https:\/\/www.incaudavenenum.org\/cut.the.crap\/cynisme\/#breadcrumb"},"inLanguage":"fr-FR","potentialAction":[{"@type":"ReadAction","target":["https:\/\/www.incaudavenenum.org\/cut.the.crap\/cynisme\/"]}]},{"@type":"BreadcrumbList","@id":"https:\/\/www.incaudavenenum.org\/cut.the.crap\/cynisme\/#breadcrumb","itemListElement":[{"@type":"ListItem","position":1,"name":"Accueil","item":"https:\/\/www.incaudavenenum.org\/cut.the.crap\/"},{"@type":"ListItem","position":2,"name":"Cynisme"}]},{"@type":"WebSite","@id":"https:\/\/www.incaudavenenum.org\/cut.the.crap\/#website","url":"https:\/\/www.incaudavenenum.org\/cut.the.crap\/","name":"Cut The Crap","description":"Blog de gauche","publisher":{"@id":"https:\/\/www.incaudavenenum.org\/cut.the.crap\/#organization"},"potentialAction":[{"@type":"SearchAction","target":{"@type":"EntryPoint","urlTemplate":"https:\/\/www.incaudavenenum.org\/cut.the.crap\/?s={search_term_string}"},"query-input":{"@type":"PropertyValueSpecification","valueRequired":true,"valueName":"search_term_string"}}],"inLanguage":"fr-FR"},{"@type":"Organization","@id":"https:\/\/www.incaudavenenum.org\/cut.the.crap\/#organization","name":"Cut The Crap","url":"https:\/\/www.incaudavenenum.org\/cut.the.crap\/","logo":{"@type":"ImageObject","inLanguage":"fr-FR","@id":"https:\/\/www.incaudavenenum.org\/cut.the.crap\/#\/schema\/logo\/image\/","url":"https:\/\/i1.wp.com\/www.incaudavenenum.org\/cut.the.crap\/wp-content\/uploads\/2018\/01\/cTc.png?fit=100%2C95","contentUrl":"https:\/\/i1.wp.com\/www.incaudavenenum.org\/cut.the.crap\/wp-content\/uploads\/2018\/01\/cTc.png?fit=100%2C95","width":100,"height":95,"caption":"Cut The Crap"},"image":{"@id":"https:\/\/www.incaudavenenum.org\/cut.the.crap\/#\/schema\/logo\/image\/"},"sameAs":["https:\/\/www.facebook.com\/Cut-the-Crap-239882412697830\/","https:\/\/x.com\/cutzecrap"]},{"@type":"Person","@id":"https:\/\/www.incaudavenenum.org\/cut.the.crap\/#\/schema\/person\/39fa901f2f251d6be7e35d8d58a8d1b4","name":"Serge Victor","image":{"@type":"ImageObject","inLanguage":"fr-FR","@id":"https:\/\/secure.gravatar.com\/avatar\/1e2fd85bc69a7e81bf6242704119d1669b9a3ab337deeaf0e9141b764210481a?s=96&d=mm&r=g","url":"https:\/\/secure.gravatar.com\/avatar\/1e2fd85bc69a7e81bf6242704119d1669b9a3ab337deeaf0e9141b764210481a?s=96&d=mm&r=g","contentUrl":"https:\/\/secure.gravatar.com\/avatar\/1e2fd85bc69a7e81bf6242704119d1669b9a3ab337deeaf0e9141b764210481a?s=96&d=mm&r=g","caption":"Serge Victor"},"description":"Militant de gauche, \u00e9cosocialiste, f\u00e9ministe, autogestionnaire","sameAs":["https:\/\/www.incaudavenenum.org\/cut.the.crap\/","https:\/\/www.facebook.com\/cut.the.crap.free.fr","https:\/\/x.com\/cutzecrap"],"url":"https:\/\/www.incaudavenenum.org\/cut.the.crap\/author\/sergevictor\/"}]}},"jetpack_publicize_connections":[],"jetpack_featured_media_url":"","jetpack_shortlink":"https:\/\/wp.me\/s9z98q-cynisme","jetpack_likes_enabled":true,"jetpack-related-posts":[{"id":1628,"url":"https:\/\/www.incaudavenenum.org\/cut.the.crap\/minorite-de-casseurs\/","url_meta":{"origin":1618,"position":0},"title":"Minorit\u00e9 de casseurs","author":"Serge Victor","date":"9 avril 2019","format":"quote","excerpt":"\"Christophe Castaner d\u00e9clarait, le 7 d\u00e9cembre 2018, qu'\u201cenviron 10000 \u2018gilets jaunes\u2019 dans toute la France, ce n'est pas le peuple, ce n'est pas la France, c'est une petite minorit\u00e9\u201d. Le prenant au mot, nous lui r\u00e9pondons ceci : quelques milliers d'ultra-riches en \u201ccostard sombre\u201d ce n'est pas le peuple, ce\u2026","rel":"","context":"Dans &quot;Citations&quot;","block_context":{"text":"Citations","link":"https:\/\/www.incaudavenenum.org\/cut.the.crap\/category\/lectures\/citations\/"},"img":{"alt_text":"","src":"","width":0,"height":0},"classes":[]},{"id":1625,"url":"https:\/\/www.incaudavenenum.org\/cut.the.crap\/risque\/","url_meta":{"origin":1618,"position":1},"title":"Risque","author":"Serge Victor","date":"8 avril 2019","format":"quote","excerpt":"\"Richard Ferrand, pr\u00e9sident du groupe En marche ! \u00e0 l'Assembl\u00e9e nationale, eut un jour une formule involontairement proph\u00e9tique : \u201cEmmanuel Macron, d\u00e9clarait-il en octobre 2017, n'est pas le pr\u00e9sident des riches, c'est le pr\u00e9sident du risque.\u201d Ce qu'il voulait dire par l\u00e0, en bonne novlangue n\u00e9olib\u00e9rale, c'est qu'il \u00e9tait le\u2026","rel":"","context":"Dans &quot;Citations&quot;","block_context":{"text":"Citations","link":"https:\/\/www.incaudavenenum.org\/cut.the.crap\/category\/lectures\/citations\/"},"img":{"alt_text":"","src":"","width":0,"height":0},"classes":[]},{"id":1591,"url":"https:\/\/www.incaudavenenum.org\/cut.the.crap\/macron-donne-sa-vision-des-gilets-jaunes-aux-enfants\/","url_meta":{"origin":1618,"position":2},"title":"Macron donne sa vision des Gilets jaunes aux enfants","author":"Serge Victor","date":"29 mars 2019","format":false,"excerpt":"L'original https:\/\/youtu.be\/saDh1q-RWCU La copie source : Huffington Post","rel":"","context":"Dans &quot;Chim\u00e8res&quot;","block_context":{"text":"Chim\u00e8res","link":"https:\/\/www.incaudavenenum.org\/cut.the.crap\/category\/chimeres\/"},"img":{"alt_text":"","src":"https:\/\/i0.wp.com\/www.incaudavenenum.org\/cut.the.crap\/wp-content\/uploads\/2019\/03\/hitlermacron.jpg?resize=350%2C200&ssl=1","width":350,"height":200,"srcset":"https:\/\/i0.wp.com\/www.incaudavenenum.org\/cut.the.crap\/wp-content\/uploads\/2019\/03\/hitlermacron.jpg?resize=350%2C200&ssl=1 1x, https:\/\/i0.wp.com\/www.incaudavenenum.org\/cut.the.crap\/wp-content\/uploads\/2019\/03\/hitlermacron.jpg?resize=525%2C300&ssl=1 1.5x, https:\/\/i0.wp.com\/www.incaudavenenum.org\/cut.the.crap\/wp-content\/uploads\/2019\/03\/hitlermacron.jpg?resize=700%2C400&ssl=1 2x, https:\/\/i0.wp.com\/www.incaudavenenum.org\/cut.the.crap\/wp-content\/uploads\/2019\/03\/hitlermacron.jpg?resize=1050%2C600&ssl=1 3x"},"classes":[]},{"id":1560,"url":"https:\/\/www.incaudavenenum.org\/cut.the.crap\/noyau-dur\/","url_meta":{"origin":1618,"position":3},"title":"Noyau dur","author":"Serge Victor","date":"19 mars 2019","format":false,"excerpt":"Quand le ministre Nunez annonce \"10000 manifestants violents\" (voir article d'Arr\u00eat sur Images) alors que la pr\u00e9fecture chiffrait \u00e0 10000 le nombre de Gilets Jaunes manifestant (voir article de La Croix), on peut en conclure ou bien que tous les Gilets Jaunes sont violents, ou bien que les Gilets Jaunes\u2026","rel":"","context":"Dans &quot;Antisocial&quot;","block_context":{"text":"Antisocial","link":"https:\/\/www.incaudavenenum.org\/cut.the.crap\/category\/antisocial\/"},"img":{"alt_text":"","src":"https:\/\/i0.wp.com\/www.incaudavenenum.org\/cut.the.crap\/wp-content\/uploads\/2019\/03\/manif16-e1552988895382.jpg?fit=900%2C1200&ssl=1&resize=350%2C200","width":350,"height":200,"srcset":"https:\/\/i0.wp.com\/www.incaudavenenum.org\/cut.the.crap\/wp-content\/uploads\/2019\/03\/manif16-e1552988895382.jpg?fit=900%2C1200&ssl=1&resize=350%2C200 1x, https:\/\/i0.wp.com\/www.incaudavenenum.org\/cut.the.crap\/wp-content\/uploads\/2019\/03\/manif16-e1552988895382.jpg?fit=900%2C1200&ssl=1&resize=525%2C300 1.5x, https:\/\/i0.wp.com\/www.incaudavenenum.org\/cut.the.crap\/wp-content\/uploads\/2019\/03\/manif16-e1552988895382.jpg?fit=900%2C1200&ssl=1&resize=700%2C400 2x"},"classes":[]},{"id":1702,"url":"https:\/\/www.incaudavenenum.org\/cut.the.crap\/democratie-du-public\/","url_meta":{"origin":1618,"position":4},"title":"D\u00e9mocratie du public","author":"Serge Victor","date":"31 mai 2019","format":"quote","excerpt":"\"Les journ\u00e9es d'action du 17 et du 24 novembre ont \u00e9t\u00e9 suivies par les cha\u00eenes d'information en continu d\u00e8s leur commencement, minute par minute, \u201cen direct\u201d (terme qui est devenu d\u00e9sormais un \u00e9quivalent de communication \u00e0 distance d'\u00e9v\u00e9nements en train de se produire). le samedi 24 novembre au matin, les\u2026","rel":"","context":"Dans &quot;Citations&quot;","block_context":{"text":"Citations","link":"https:\/\/www.incaudavenenum.org\/cut.the.crap\/category\/lectures\/citations\/"},"img":{"alt_text":"","src":"","width":0,"height":0},"classes":[]},{"id":1606,"url":"https:\/\/www.incaudavenenum.org\/cut.the.crap\/sale-petit-con\/","url_meta":{"origin":1618,"position":5},"title":"Sale petit con","author":"Serge Victor","date":"4 avril 2019","format":"quote","excerpt":"\"Une employ\u00e9e de ce centre tennistique, situ\u00e9 \u00e0 400 m\u00e8tres de la villa Mon\u00e9jean, que nous avons rencontr\u00e9e dans la navette qui relie la gare de la ville tr\u00e8s populaire d'Etaples au Touquet, regrette le surtravail qu'exige la pr\u00e9sence du pr\u00e9sident de la R\u00e9publique sur les courts de tennis car\u2026","rel":"","context":"Dans &quot;Citations&quot;","block_context":{"text":"Citations","link":"https:\/\/www.incaudavenenum.org\/cut.the.crap\/category\/lectures\/citations\/"},"img":{"alt_text":"","src":"","width":0,"height":0},"classes":[]}],"jetpack_sharing_enabled":true,"_links":{"self":[{"href":"https:\/\/www.incaudavenenum.org\/cut.the.crap\/wp-json\/wp\/v2\/posts\/1618","targetHints":{"allow":["GET"]}}],"collection":[{"href":"https:\/\/www.incaudavenenum.org\/cut.the.crap\/wp-json\/wp\/v2\/posts"}],"about":[{"href":"https:\/\/www.incaudavenenum.org\/cut.the.crap\/wp-json\/wp\/v2\/types\/post"}],"author":[{"embeddable":true,"href":"https:\/\/www.incaudavenenum.org\/cut.the.crap\/wp-json\/wp\/v2\/users\/1"}],"replies":[{"embeddable":true,"href":"https:\/\/www.incaudavenenum.org\/cut.the.crap\/wp-json\/wp\/v2\/comments?post=1618"}],"version-history":[{"count":1,"href":"https:\/\/www.incaudavenenum.org\/cut.the.crap\/wp-json\/wp\/v2\/posts\/1618\/revisions"}],"predecessor-version":[{"id":1620,"href":"https:\/\/www.incaudavenenum.org\/cut.the.crap\/wp-json\/wp\/v2\/posts\/1618\/revisions\/1620"}],"wp:attachment":[{"href":"https:\/\/www.incaudavenenum.org\/cut.the.crap\/wp-json\/wp\/v2\/media?parent=1618"}],"wp:term":[{"taxonomy":"category","embeddable":true,"href":"https:\/\/www.incaudavenenum.org\/cut.the.crap\/wp-json\/wp\/v2\/categories?post=1618"},{"taxonomy":"post_tag","embeddable":true,"href":"https:\/\/www.incaudavenenum.org\/cut.the.crap\/wp-json\/wp\/v2\/tags?post=1618"}],"curies":[{"name":"wp","href":"https:\/\/api.w.org\/{rel}","templated":true}]}}