{"id":1621,"date":"2019-04-07T08:48:06","date_gmt":"2019-04-07T06:48:06","guid":{"rendered":"http:\/\/www.incaudavenenum.org\/cut.the.crap\/?p=1621"},"modified":"2019-04-07T10:02:51","modified_gmt":"2019-04-07T08:02:51","slug":"intellectuel","status":"publish","type":"post","link":"https:\/\/www.incaudavenenum.org\/cut.the.crap\/intellectuel\/","title":{"rendered":"Intellectuel"},"content":{"rendered":"\n<p>\u00ab\u00a0Emmanuel est le roi du karaok\u00e9. Il a une connaissance encyclop\u00e9dique de la chanson fran\u00e7aise. Et il n&rsquo;est pas le dernier \u00e0 d\u00e9conner.\u00a0\u00bb<\/p>\n\n\n\n<p style=\"text-align:right\">Mathias Vicherat, <em>Paris Match<\/em>, 11 mai 2007<\/p>\n\n\n\n<p>\u00ab\u00a0Avec Manu, on faisait la bringue ensemble. [&#8230;] Il connaissait par coeur Stone et Charden, G\u00e9rard Lenorman aussi.\u00a0\u00bb<\/p>\n\n\n\n<p style=\"text-align:right\">Mathias Vicherat, <em>Lib\u00e9ration<\/em>, 8 mai 2007<\/p>\n\n\n\n<p style=\"text-align:right\"><em>in<\/em> Michel Pin\u00e7on et Monique Pin\u00e7on-Charlot, <br><em>Le pr\u00e9sident des ultra-riches, <\/em><br><em>Chronique du m\u00e9pris de classe dans la politique d&rsquo;Emmanuel Macron<\/em>, <br>La D\u00e9couverte, 2019<\/p>\n","protected":false},"excerpt":{"rendered":"<p>\u00ab\u00a0Emmanuel est le roi du karaok\u00e9. Il a une connaissance encyclop\u00e9dique de la chanson fran\u00e7aise. Et il n&rsquo;est pas le dernier \u00e0 d\u00e9conner.\u00a0\u00bb Mathias Vicherat, Paris Match, 11 mai 2007 \u00ab\u00a0Avec Manu, on faisait la bringue ensemble. [&#8230;] Il connaissait par coeur Stone et Charden, G\u00e9rard Lenorman aussi.\u00a0\u00bb Mathias Vicherat, Lib\u00e9ration, 8 mai 2007 in &hellip; <a href=\"https:\/\/www.incaudavenenum.org\/cut.the.crap\/intellectuel\/\" class=\"more-link\">Continuer la lecture<span class=\"screen-reader-text\"> de &laquo;&nbsp;Intellectuel&nbsp;&raquo;<\/span><\/a><\/p>\n","protected":false},"author":1,"featured_media":0,"comment_status":"open","ping_status":"open","sticky":false,"template":"","format":"quote","meta":{"jetpack_post_was_ever_published":false,"_jetpack_newsletter_access":"","_jetpack_dont_email_post_to_subs":false,"_jetpack_newsletter_tier_id":0,"_jetpack_memberships_contains_paywalled_content":false,"_jetpack_memberships_contains_paid_content":false,"footnotes":"","jetpack_publicize_message":"","jetpack_publicize_feature_enabled":true,"jetpack_social_post_already_shared":true,"jetpack_social_options":{"image_generator_settings":{"template":"highway","default_image_id":0,"font":"","enabled":false},"version":2}},"categories":[361,4],"tags":[401,232,240],"class_list":["post-1621","post","type-post","status-publish","format-quote","hentry","category-citations","category-lectures","tag-emmanuel-macron","tag-michel-pincon","tag-monique-pincon-charlot","post_format-post-format-quote"],"yoast_head":"<!-- This site is optimized with the Yoast SEO plugin v27.5 - https:\/\/yoast.com\/product\/yoast-seo-wordpress\/ -->\n<title>Intellectuel - Cut The Crap<\/title>\n<meta name=\"robots\" content=\"index, follow, max-snippet:-1, max-image-preview:large, max-video-preview:-1\" \/>\n<link rel=\"canonical\" href=\"https:\/\/www.incaudavenenum.org\/cut.the.crap\/intellectuel\/\" \/>\n<meta property=\"og:locale\" content=\"fr_FR\" \/>\n<meta property=\"og:type\" content=\"article\" \/>\n<meta property=\"og:title\" content=\"Intellectuel - Cut The Crap\" \/>\n<meta property=\"og:description\" content=\"\u00ab\u00a0Emmanuel est le roi du karaok\u00e9. Il a une connaissance encyclop\u00e9dique de la chanson fran\u00e7aise. Et il n&rsquo;est pas le dernier \u00e0 d\u00e9conner.\u00a0\u00bb Mathias Vicherat, Paris Match, 11 mai 2007 \u00ab\u00a0Avec Manu, on faisait la bringue ensemble. [&#8230;] Il connaissait par coeur Stone et Charden, G\u00e9rard Lenorman aussi.\u00a0\u00bb Mathias Vicherat, Lib\u00e9ration, 8 mai 2007 in &hellip; Continuer la lecture de &laquo;&nbsp;Intellectuel&nbsp;&raquo;\" \/>\n<meta property=\"og:url\" content=\"https:\/\/www.incaudavenenum.org\/cut.the.crap\/intellectuel\/\" \/>\n<meta property=\"og:site_name\" content=\"Cut The Crap\" \/>\n<meta property=\"article:publisher\" content=\"https:\/\/www.facebook.com\/Cut-the-Crap-239882412697830\/\" \/>\n<meta property=\"article:author\" content=\"https:\/\/www.facebook.com\/cut.the.crap.free.fr\" \/>\n<meta property=\"article:published_time\" content=\"2019-04-07T06:48:06+00:00\" \/>\n<meta property=\"article:modified_time\" content=\"2019-04-07T08:02:51+00:00\" \/>\n<meta property=\"og:image\" content=\"https:\/\/i2.wp.com\/www.incaudavenenum.org\/cut.the.crap\/wp-content\/uploads\/2019\/04\/lenorman.jpg?fit=1024%2C1024&ssl=1\" \/>\n\t<meta property=\"og:image:width\" content=\"1024\" \/>\n\t<meta property=\"og:image:height\" content=\"1024\" \/>\n\t<meta property=\"og:image:type\" content=\"image\/jpeg\" \/>\n<meta name=\"author\" content=\"Serge Victor\" \/>\n<meta name=\"twitter:card\" content=\"summary_large_image\" \/>\n<meta name=\"twitter:image\" content=\"https:\/\/i0.wp.com\/www.incaudavenenum.org\/cut.the.crap\/wp-content\/uploads\/2019\/04\/lenorman.jpg?fit=1024%2C1024&ssl=1\" \/>\n<meta name=\"twitter:creator\" content=\"@cutzecrap\" \/>\n<meta name=\"twitter:site\" content=\"@cutzecrap\" \/>\n<meta name=\"twitter:label1\" content=\"\u00c9crit par\" \/>\n\t<meta name=\"twitter:data1\" content=\"Serge Victor\" \/>\n<script type=\"application\/ld+json\" class=\"yoast-schema-graph\">{\"@context\":\"https:\\\/\\\/schema.org\",\"@graph\":[{\"@type\":\"Article\",\"@id\":\"https:\\\/\\\/www.incaudavenenum.org\\\/cut.the.crap\\\/intellectuel\\\/#article\",\"isPartOf\":{\"@id\":\"https:\\\/\\\/www.incaudavenenum.org\\\/cut.the.crap\\\/intellectuel\\\/\"},\"author\":{\"name\":\"Serge Victor\",\"@id\":\"https:\\\/\\\/www.incaudavenenum.org\\\/cut.the.crap\\\/#\\\/schema\\\/person\\\/39fa901f2f251d6be7e35d8d58a8d1b4\"},\"headline\":\"Intellectuel\",\"datePublished\":\"2019-04-07T06:48:06+00:00\",\"dateModified\":\"2019-04-07T08:02:51+00:00\",\"mainEntityOfPage\":{\"@id\":\"https:\\\/\\\/www.incaudavenenum.org\\\/cut.the.crap\\\/intellectuel\\\/\"},\"wordCount\":83,\"commentCount\":0,\"publisher\":{\"@id\":\"https:\\\/\\\/www.incaudavenenum.org\\\/cut.the.crap\\\/#organization\"},\"keywords\":[\"Emmanuel Macron\",\"Michel Pin\u00e7on\",\"Monique Pin\u00e7on-Charlot\"],\"articleSection\":[\"Citations\",\"Lectures\"],\"inLanguage\":\"fr-FR\",\"potentialAction\":[{\"@type\":\"CommentAction\",\"name\":\"Comment\",\"target\":[\"https:\\\/\\\/www.incaudavenenum.org\\\/cut.the.crap\\\/intellectuel\\\/#respond\"]}]},{\"@type\":\"WebPage\",\"@id\":\"https:\\\/\\\/www.incaudavenenum.org\\\/cut.the.crap\\\/intellectuel\\\/\",\"url\":\"https:\\\/\\\/www.incaudavenenum.org\\\/cut.the.crap\\\/intellectuel\\\/\",\"name\":\"Intellectuel - Cut The Crap\",\"isPartOf\":{\"@id\":\"https:\\\/\\\/www.incaudavenenum.org\\\/cut.the.crap\\\/#website\"},\"datePublished\":\"2019-04-07T06:48:06+00:00\",\"dateModified\":\"2019-04-07T08:02:51+00:00\",\"breadcrumb\":{\"@id\":\"https:\\\/\\\/www.incaudavenenum.org\\\/cut.the.crap\\\/intellectuel\\\/#breadcrumb\"},\"inLanguage\":\"fr-FR\",\"potentialAction\":[{\"@type\":\"ReadAction\",\"target\":[\"https:\\\/\\\/www.incaudavenenum.org\\\/cut.the.crap\\\/intellectuel\\\/\"]}]},{\"@type\":\"BreadcrumbList\",\"@id\":\"https:\\\/\\\/www.incaudavenenum.org\\\/cut.the.crap\\\/intellectuel\\\/#breadcrumb\",\"itemListElement\":[{\"@type\":\"ListItem\",\"position\":1,\"name\":\"Accueil\",\"item\":\"https:\\\/\\\/www.incaudavenenum.org\\\/cut.the.crap\\\/\"},{\"@type\":\"ListItem\",\"position\":2,\"name\":\"Intellectuel\"}]},{\"@type\":\"WebSite\",\"@id\":\"https:\\\/\\\/www.incaudavenenum.org\\\/cut.the.crap\\\/#website\",\"url\":\"https:\\\/\\\/www.incaudavenenum.org\\\/cut.the.crap\\\/\",\"name\":\"Cut The Crap\",\"description\":\"Blog de gauche\",\"publisher\":{\"@id\":\"https:\\\/\\\/www.incaudavenenum.org\\\/cut.the.crap\\\/#organization\"},\"potentialAction\":[{\"@type\":\"SearchAction\",\"target\":{\"@type\":\"EntryPoint\",\"urlTemplate\":\"https:\\\/\\\/www.incaudavenenum.org\\\/cut.the.crap\\\/?s={search_term_string}\"},\"query-input\":{\"@type\":\"PropertyValueSpecification\",\"valueRequired\":true,\"valueName\":\"search_term_string\"}}],\"inLanguage\":\"fr-FR\"},{\"@type\":\"Organization\",\"@id\":\"https:\\\/\\\/www.incaudavenenum.org\\\/cut.the.crap\\\/#organization\",\"name\":\"Cut The Crap\",\"url\":\"https:\\\/\\\/www.incaudavenenum.org\\\/cut.the.crap\\\/\",\"logo\":{\"@type\":\"ImageObject\",\"inLanguage\":\"fr-FR\",\"@id\":\"https:\\\/\\\/www.incaudavenenum.org\\\/cut.the.crap\\\/#\\\/schema\\\/logo\\\/image\\\/\",\"url\":\"https:\\\/\\\/i1.wp.com\\\/www.incaudavenenum.org\\\/cut.the.crap\\\/wp-content\\\/uploads\\\/2018\\\/01\\\/cTc.png?fit=100%2C95\",\"contentUrl\":\"https:\\\/\\\/i1.wp.com\\\/www.incaudavenenum.org\\\/cut.the.crap\\\/wp-content\\\/uploads\\\/2018\\\/01\\\/cTc.png?fit=100%2C95\",\"width\":100,\"height\":95,\"caption\":\"Cut The Crap\"},\"image\":{\"@id\":\"https:\\\/\\\/www.incaudavenenum.org\\\/cut.the.crap\\\/#\\\/schema\\\/logo\\\/image\\\/\"},\"sameAs\":[\"https:\\\/\\\/www.facebook.com\\\/Cut-the-Crap-239882412697830\\\/\",\"https:\\\/\\\/x.com\\\/cutzecrap\"]},{\"@type\":\"Person\",\"@id\":\"https:\\\/\\\/www.incaudavenenum.org\\\/cut.the.crap\\\/#\\\/schema\\\/person\\\/39fa901f2f251d6be7e35d8d58a8d1b4\",\"name\":\"Serge Victor\",\"image\":{\"@type\":\"ImageObject\",\"inLanguage\":\"fr-FR\",\"@id\":\"https:\\\/\\\/secure.gravatar.com\\\/avatar\\\/1e2fd85bc69a7e81bf6242704119d1669b9a3ab337deeaf0e9141b764210481a?s=96&d=mm&r=g\",\"url\":\"https:\\\/\\\/secure.gravatar.com\\\/avatar\\\/1e2fd85bc69a7e81bf6242704119d1669b9a3ab337deeaf0e9141b764210481a?s=96&d=mm&r=g\",\"contentUrl\":\"https:\\\/\\\/secure.gravatar.com\\\/avatar\\\/1e2fd85bc69a7e81bf6242704119d1669b9a3ab337deeaf0e9141b764210481a?s=96&d=mm&r=g\",\"caption\":\"Serge Victor\"},\"description\":\"Militant de gauche, \u00e9cosocialiste, f\u00e9ministe, autogestionnaire\",\"sameAs\":[\"https:\\\/\\\/www.incaudavenenum.org\\\/cut.the.crap\\\/\",\"https:\\\/\\\/www.facebook.com\\\/cut.the.crap.free.fr\",\"https:\\\/\\\/x.com\\\/cutzecrap\"],\"url\":\"https:\\\/\\\/www.incaudavenenum.org\\\/cut.the.crap\\\/author\\\/sergevictor\\\/\"}]}<\/script>\n<!-- \/ Yoast SEO plugin. -->","yoast_head_json":{"title":"Intellectuel - Cut The Crap","robots":{"index":"index","follow":"follow","max-snippet":"max-snippet:-1","max-image-preview":"max-image-preview:large","max-video-preview":"max-video-preview:-1"},"canonical":"https:\/\/www.incaudavenenum.org\/cut.the.crap\/intellectuel\/","og_locale":"fr_FR","og_type":"article","og_title":"Intellectuel - Cut The Crap","og_description":"\u00ab\u00a0Emmanuel est le roi du karaok\u00e9. Il a une connaissance encyclop\u00e9dique de la chanson fran\u00e7aise. Et il n&rsquo;est pas le dernier \u00e0 d\u00e9conner.\u00a0\u00bb Mathias Vicherat, Paris Match, 11 mai 2007 \u00ab\u00a0Avec Manu, on faisait la bringue ensemble. [&#8230;] Il connaissait par coeur Stone et Charden, G\u00e9rard Lenorman aussi.\u00a0\u00bb Mathias Vicherat, Lib\u00e9ration, 8 mai 2007 in &hellip; Continuer la lecture de &laquo;&nbsp;Intellectuel&nbsp;&raquo;","og_url":"https:\/\/www.incaudavenenum.org\/cut.the.crap\/intellectuel\/","og_site_name":"Cut The Crap","article_publisher":"https:\/\/www.facebook.com\/Cut-the-Crap-239882412697830\/","article_author":"https:\/\/www.facebook.com\/cut.the.crap.free.fr","article_published_time":"2019-04-07T06:48:06+00:00","article_modified_time":"2019-04-07T08:02:51+00:00","og_image":[{"width":1024,"height":1024,"url":"https:\/\/i2.wp.com\/www.incaudavenenum.org\/cut.the.crap\/wp-content\/uploads\/2019\/04\/lenorman.jpg?fit=1024%2C1024&ssl=1","type":"image\/jpeg"}],"author":"Serge Victor","twitter_card":"summary_large_image","twitter_image":"https:\/\/i0.wp.com\/www.incaudavenenum.org\/cut.the.crap\/wp-content\/uploads\/2019\/04\/lenorman.jpg?fit=1024%2C1024&ssl=1","twitter_creator":"@cutzecrap","twitter_site":"@cutzecrap","twitter_misc":{"\u00c9crit par":"Serge Victor"},"schema":{"@context":"https:\/\/schema.org","@graph":[{"@type":"Article","@id":"https:\/\/www.incaudavenenum.org\/cut.the.crap\/intellectuel\/#article","isPartOf":{"@id":"https:\/\/www.incaudavenenum.org\/cut.the.crap\/intellectuel\/"},"author":{"name":"Serge Victor","@id":"https:\/\/www.incaudavenenum.org\/cut.the.crap\/#\/schema\/person\/39fa901f2f251d6be7e35d8d58a8d1b4"},"headline":"Intellectuel","datePublished":"2019-04-07T06:48:06+00:00","dateModified":"2019-04-07T08:02:51+00:00","mainEntityOfPage":{"@id":"https:\/\/www.incaudavenenum.org\/cut.the.crap\/intellectuel\/"},"wordCount":83,"commentCount":0,"publisher":{"@id":"https:\/\/www.incaudavenenum.org\/cut.the.crap\/#organization"},"keywords":["Emmanuel Macron","Michel Pin\u00e7on","Monique Pin\u00e7on-Charlot"],"articleSection":["Citations","Lectures"],"inLanguage":"fr-FR","potentialAction":[{"@type":"CommentAction","name":"Comment","target":["https:\/\/www.incaudavenenum.org\/cut.the.crap\/intellectuel\/#respond"]}]},{"@type":"WebPage","@id":"https:\/\/www.incaudavenenum.org\/cut.the.crap\/intellectuel\/","url":"https:\/\/www.incaudavenenum.org\/cut.the.crap\/intellectuel\/","name":"Intellectuel - Cut The Crap","isPartOf":{"@id":"https:\/\/www.incaudavenenum.org\/cut.the.crap\/#website"},"datePublished":"2019-04-07T06:48:06+00:00","dateModified":"2019-04-07T08:02:51+00:00","breadcrumb":{"@id":"https:\/\/www.incaudavenenum.org\/cut.the.crap\/intellectuel\/#breadcrumb"},"inLanguage":"fr-FR","potentialAction":[{"@type":"ReadAction","target":["https:\/\/www.incaudavenenum.org\/cut.the.crap\/intellectuel\/"]}]},{"@type":"BreadcrumbList","@id":"https:\/\/www.incaudavenenum.org\/cut.the.crap\/intellectuel\/#breadcrumb","itemListElement":[{"@type":"ListItem","position":1,"name":"Accueil","item":"https:\/\/www.incaudavenenum.org\/cut.the.crap\/"},{"@type":"ListItem","position":2,"name":"Intellectuel"}]},{"@type":"WebSite","@id":"https:\/\/www.incaudavenenum.org\/cut.the.crap\/#website","url":"https:\/\/www.incaudavenenum.org\/cut.the.crap\/","name":"Cut The Crap","description":"Blog de gauche","publisher":{"@id":"https:\/\/www.incaudavenenum.org\/cut.the.crap\/#organization"},"potentialAction":[{"@type":"SearchAction","target":{"@type":"EntryPoint","urlTemplate":"https:\/\/www.incaudavenenum.org\/cut.the.crap\/?s={search_term_string}"},"query-input":{"@type":"PropertyValueSpecification","valueRequired":true,"valueName":"search_term_string"}}],"inLanguage":"fr-FR"},{"@type":"Organization","@id":"https:\/\/www.incaudavenenum.org\/cut.the.crap\/#organization","name":"Cut The Crap","url":"https:\/\/www.incaudavenenum.org\/cut.the.crap\/","logo":{"@type":"ImageObject","inLanguage":"fr-FR","@id":"https:\/\/www.incaudavenenum.org\/cut.the.crap\/#\/schema\/logo\/image\/","url":"https:\/\/i1.wp.com\/www.incaudavenenum.org\/cut.the.crap\/wp-content\/uploads\/2018\/01\/cTc.png?fit=100%2C95","contentUrl":"https:\/\/i1.wp.com\/www.incaudavenenum.org\/cut.the.crap\/wp-content\/uploads\/2018\/01\/cTc.png?fit=100%2C95","width":100,"height":95,"caption":"Cut The Crap"},"image":{"@id":"https:\/\/www.incaudavenenum.org\/cut.the.crap\/#\/schema\/logo\/image\/"},"sameAs":["https:\/\/www.facebook.com\/Cut-the-Crap-239882412697830\/","https:\/\/x.com\/cutzecrap"]},{"@type":"Person","@id":"https:\/\/www.incaudavenenum.org\/cut.the.crap\/#\/schema\/person\/39fa901f2f251d6be7e35d8d58a8d1b4","name":"Serge Victor","image":{"@type":"ImageObject","inLanguage":"fr-FR","@id":"https:\/\/secure.gravatar.com\/avatar\/1e2fd85bc69a7e81bf6242704119d1669b9a3ab337deeaf0e9141b764210481a?s=96&d=mm&r=g","url":"https:\/\/secure.gravatar.com\/avatar\/1e2fd85bc69a7e81bf6242704119d1669b9a3ab337deeaf0e9141b764210481a?s=96&d=mm&r=g","contentUrl":"https:\/\/secure.gravatar.com\/avatar\/1e2fd85bc69a7e81bf6242704119d1669b9a3ab337deeaf0e9141b764210481a?s=96&d=mm&r=g","caption":"Serge Victor"},"description":"Militant de gauche, \u00e9cosocialiste, f\u00e9ministe, autogestionnaire","sameAs":["https:\/\/www.incaudavenenum.org\/cut.the.crap\/","https:\/\/www.facebook.com\/cut.the.crap.free.fr","https:\/\/x.com\/cutzecrap"],"url":"https:\/\/www.incaudavenenum.org\/cut.the.crap\/author\/sergevictor\/"}]}},"jetpack_publicize_connections":[],"jetpack_featured_media_url":"","jetpack_shortlink":"https:\/\/wp.me\/p9z98q-q9","jetpack_likes_enabled":true,"jetpack-related-posts":[{"id":1606,"url":"https:\/\/www.incaudavenenum.org\/cut.the.crap\/sale-petit-con\/","url_meta":{"origin":1621,"position":0},"title":"Sale petit con","author":"Serge Victor","date":"4 avril 2019","format":"quote","excerpt":"\"Une employ\u00e9e de ce centre tennistique, situ\u00e9 \u00e0 400 m\u00e8tres de la villa Mon\u00e9jean, que nous avons rencontr\u00e9e dans la navette qui relie la gare de la ville tr\u00e8s populaire d'Etaples au Touquet, regrette le surtravail qu'exige la pr\u00e9sence du pr\u00e9sident de la R\u00e9publique sur les courts de tennis car\u2026","rel":"","context":"Dans &quot;Citations&quot;","block_context":{"text":"Citations","link":"https:\/\/www.incaudavenenum.org\/cut.the.crap\/category\/lectures\/citations\/"},"img":{"alt_text":"","src":"","width":0,"height":0},"classes":[]},{"id":1625,"url":"https:\/\/www.incaudavenenum.org\/cut.the.crap\/risque\/","url_meta":{"origin":1621,"position":1},"title":"Risque","author":"Serge Victor","date":"8 avril 2019","format":"quote","excerpt":"\"Richard Ferrand, pr\u00e9sident du groupe En marche ! \u00e0 l'Assembl\u00e9e nationale, eut un jour une formule involontairement proph\u00e9tique : \u201cEmmanuel Macron, d\u00e9clarait-il en octobre 2017, n'est pas le pr\u00e9sident des riches, c'est le pr\u00e9sident du risque.\u201d Ce qu'il voulait dire par l\u00e0, en bonne novlangue n\u00e9olib\u00e9rale, c'est qu'il \u00e9tait le\u2026","rel":"","context":"Dans &quot;Citations&quot;","block_context":{"text":"Citations","link":"https:\/\/www.incaudavenenum.org\/cut.the.crap\/category\/lectures\/citations\/"},"img":{"alt_text":"","src":"","width":0,"height":0},"classes":[]},{"id":1618,"url":"https:\/\/www.incaudavenenum.org\/cut.the.crap\/cynisme\/","url_meta":{"origin":1621,"position":2},"title":"Cynisme","author":"Serge Victor","date":"6 avril 2019","format":"quote","excerpt":"\"Christophe Barbier, l'\u201c\u00e9ditocrate\u201d de L'Express, s'est fendu d'une analyse cens\u00e9e mieux \u00e9clairer la strat\u00e9gie du pr\u00e9sident (...). Question du pr\u00e9sentateur, le 27 ao\u00fbt 2018 sur BFM TV : \u201cDes retrait\u00e9s en col\u00e8re, est-ce que \u00e7a peut \u00eatre dangereux pour Macron ?\u201d R\u00e9ponse : \u201cA long terme je ne crois pas.\u2026","rel":"","context":"Dans &quot;Citations&quot;","block_context":{"text":"Citations","link":"https:\/\/www.incaudavenenum.org\/cut.the.crap\/category\/lectures\/citations\/"},"img":{"alt_text":"","src":"","width":0,"height":0},"classes":[]},{"id":1628,"url":"https:\/\/www.incaudavenenum.org\/cut.the.crap\/minorite-de-casseurs\/","url_meta":{"origin":1621,"position":3},"title":"Minorit\u00e9 de casseurs","author":"Serge Victor","date":"9 avril 2019","format":"quote","excerpt":"\"Christophe Castaner d\u00e9clarait, le 7 d\u00e9cembre 2018, qu'\u201cenviron 10000 \u2018gilets jaunes\u2019 dans toute la France, ce n'est pas le peuple, ce n'est pas la France, c'est une petite minorit\u00e9\u201d. Le prenant au mot, nous lui r\u00e9pondons ceci : quelques milliers d'ultra-riches en \u201ccostard sombre\u201d ce n'est pas le peuple, ce\u2026","rel":"","context":"Dans &quot;Citations&quot;","block_context":{"text":"Citations","link":"https:\/\/www.incaudavenenum.org\/cut.the.crap\/category\/lectures\/citations\/"},"img":{"alt_text":"","src":"","width":0,"height":0},"classes":[]},{"id":180,"url":"https:\/\/www.incaudavenenum.org\/cut.the.crap\/demandons-le-protectorat-tunisien\/","url_meta":{"origin":1621,"position":4},"title":"Demandons le protectorat tunisien","author":"\u1d10T\u1d04","date":"20 f\u00e9vrier 2011","format":false,"excerpt":"La Tunisie fit longtemps partie de l'empire colonial fran\u00e7ais en tant que protectorat. En 2011, le peuple tunisien a chass\u00e9 le tyran Ben Ali et son clan, ouvrant la voie pour d'autres r\u00e9volutions, particuli\u00e8rement dans le monde arabe. Mais en France, c'est toujours une oligarchie qui confisque pouvoir et richesse.\u2026","rel":"","context":"Dans &quot;R\u00e9sistance&quot;","block_context":{"text":"R\u00e9sistance","link":"https:\/\/www.incaudavenenum.org\/cut.the.crap\/category\/resistance\/"},"img":{"alt_text":"","src":"","width":0,"height":0},"classes":[]},{"id":634,"url":"https:\/\/www.incaudavenenum.org\/cut.the.crap\/crise-doleances-revolution\/","url_meta":{"origin":1621,"position":5},"title":"Crise, dol\u00e9ances, et r\u00e9volution","author":"\u1d10T\u1d04","date":"10 f\u00e9vrier 2013","format":false,"excerpt":"Dans\u00a0L'argent sans foi ni loi, Michel Pin\u00e7on et Monique Pin\u00e7on-Charlot montrent \u00e0 quel point le r\u00e8gne de l'oligarchie financi\u00e8re est contraire \u00e0 l'id\u00e9al r\u00e9publicain. Les deux sociologues y citent \"ce que nous disait en 1802 le troisi\u00e8me pr\u00e9sident des Etats-Unis, Thomas Jefferson, que l'on ne peut pas consid\u00e9rer comme ayant\u2026","rel":"","context":"Dans &quot;Lectures&quot;","block_context":{"text":"Lectures","link":"https:\/\/www.incaudavenenum.org\/cut.the.crap\/category\/lectures\/"},"img":{"alt_text":"","src":"","width":0,"height":0},"classes":[]}],"jetpack_sharing_enabled":true,"_links":{"self":[{"href":"https:\/\/www.incaudavenenum.org\/cut.the.crap\/wp-json\/wp\/v2\/posts\/1621","targetHints":{"allow":["GET"]}}],"collection":[{"href":"https:\/\/www.incaudavenenum.org\/cut.the.crap\/wp-json\/wp\/v2\/posts"}],"about":[{"href":"https:\/\/www.incaudavenenum.org\/cut.the.crap\/wp-json\/wp\/v2\/types\/post"}],"author":[{"embeddable":true,"href":"https:\/\/www.incaudavenenum.org\/cut.the.crap\/wp-json\/wp\/v2\/users\/1"}],"replies":[{"embeddable":true,"href":"https:\/\/www.incaudavenenum.org\/cut.the.crap\/wp-json\/wp\/v2\/comments?post=1621"}],"version-history":[{"count":1,"href":"https:\/\/www.incaudavenenum.org\/cut.the.crap\/wp-json\/wp\/v2\/posts\/1621\/revisions"}],"predecessor-version":[{"id":1623,"href":"https:\/\/www.incaudavenenum.org\/cut.the.crap\/wp-json\/wp\/v2\/posts\/1621\/revisions\/1623"}],"wp:attachment":[{"href":"https:\/\/www.incaudavenenum.org\/cut.the.crap\/wp-json\/wp\/v2\/media?parent=1621"}],"wp:term":[{"taxonomy":"category","embeddable":true,"href":"https:\/\/www.incaudavenenum.org\/cut.the.crap\/wp-json\/wp\/v2\/categories?post=1621"},{"taxonomy":"post_tag","embeddable":true,"href":"https:\/\/www.incaudavenenum.org\/cut.the.crap\/wp-json\/wp\/v2\/tags?post=1621"}],"curies":[{"name":"wp","href":"https:\/\/api.w.org\/{rel}","templated":true}]}}