{"id":1685,"date":"2019-05-30T18:43:24","date_gmt":"2019-05-30T16:43:24","guid":{"rendered":"http:\/\/www.incaudavenenum.org\/cut.the.crap\/?p=1685"},"modified":"2019-05-31T11:49:15","modified_gmt":"2019-05-31T09:49:15","slug":"coming-out-monarchiste","status":"publish","type":"post","link":"https:\/\/www.incaudavenenum.org\/cut.the.crap\/coming-out-monarchiste\/","title":{"rendered":"Coming out monarchiste"},"content":{"rendered":"\n<p>\u00ab\u00a0Un \u00e9pisode peu connu du d\u00e9but de son r\u00e8gne nous le raconte de fa\u00e7on crypt\u00e9e. Le 5 avril 2018, Emmanuel Macron s&rsquo;est offert une visite nocturne de la basilique des rois de France, \u00e0 Saint-Denis [&#8230;]. Le chef de l&rsquo;Etat s&rsquo;est alors attard\u00e9 sur les s\u00e9pultures des rois Dagobert, premier monarque \u00e0 \u00eatre enterr\u00e9 l\u00e0, Fran\u00e7ois Ier et Henri II.<\/p>\n\n\n\n<p>[&#8230;] La basilique royale de Saint-Denis rec\u00e8le encore d&rsquo;autres myst\u00e8res pr\u00e9sidentiels.<br>Elle est effectivement au coeur des activit\u00e9s de lobbying de l&rsquo;obscure association \u201cPour le retour \u00e0 Saint-Denis de Charles X et des derniers Bourbons\u201d. [&#8230;]<br>Or, le 20 avril 2018, quelques jours \u00e0 peine apr\u00e8s la visite nocturne d&rsquo;Emmanuel Macron aux gisants, l&rsquo;association publiait ce communiqu\u00e9 intriguant : \u201cL&rsquo;association \u2018Pour le retour \u00e0 Saint-Denis de Charles X et des derniers Bourbons\u2019 a le plaisir d&rsquo;informer ses nombreux soutiens et sympathisants qu&rsquo;elle vient d&rsquo;adresser un dossier complet, conjointement au pr\u00e9sident de la R\u00e9publique, M.Emmanuel Macron, et \u00e0 M. Sylvain Fort, son conseiller charg\u00e9 des discours et de la m\u00e9moire, suite \u00e0 la demande formul\u00e9e par celui-ci, lors de son entretien du 10 janvier dernier avec le pr\u00e9sident d&rsquo;honneur de l&rsquo;association, Philippe Delorme. [&#8230;] L&rsquo;association vous informe \u00e9galement qu&rsquo;une demande officielle de restitution du coeur du dernier roi de France devrait pouvoir \u00eatre prochainement soumise au gouvernement de la R\u00e9publique de Slov\u00e9nie et au couvent de Kostanjevica. [&#8230;]\u201d<\/p>\n\n\n\n<p>Diagnostiquant le bonapartisme d&rsquo;Emmanuel Macron, Laurent Mauduit, cofondateur de <em>Mediapart<\/em>, a lui aussi fait le rapprochement entre l&rsquo;actuel pr\u00e9sident de la R\u00e9publique et Charles X, pointant du stylo le recours antid\u00e9mocratique aux ordonnances, aux d\u00e9crets, aux votes express, sans d\u00e9bat, de la majorit\u00e9 LaREM \u00e0 l&rsquo;Assembl\u00e9e nationale. [&#8230;]<\/p>\n\n\n\n<p>La cause est entendue : Emmanuel Macron aime invoquer la m\u00e9moire des rois de France, se servant par trois fois en un an du ch\u00e2teau de Versailles, pour recevoir Vladimir Poutine, s&rsquo;exprimer devant le Congr\u00e8s ou y organiser le sommet \u201cChoose France\u201d en pr\u00e9sence d&rsquo;une foule de patrons de multinationales, de m\u00eame qu&rsquo;il a r\u00e9tabli le domaine et le ch\u00e2teau de Chambord (Loir-et-Cher) comme outil diplomatique du rayonnement de la France, chasses pr\u00e9sidentielles \u00e0 la cl\u00e9.<\/p>\n\n\n\n<!--more-->\n\n\n\n<p>La figure manquante du roi dans la R\u00e9publique fran\u00e7aise a m\u00eame \u00e9t\u00e9 th\u00e9oris\u00e9e par Emmanuel Macron, alors ministre de l&rsquo;Economie, dans un entretien sid\u00e9rant publi\u00e9 par <em>Le 1<\/em>, le 8 juillet 2015\u00a0: \u201cLa d\u00e9mocratie comporte toujours une forme d&rsquo;incompl\u00e9tude, car elle ne se suffit pas \u00e0 elle-m\u00eame. [&#8230;] Il y a dans le processus d\u00e9mocratique et dans son fonctionnement un absent. Dans la politique fran\u00e7aise, cet absent est la figure du roi, dont je pense fondamentalement que le peuple fran\u00e7ais n&rsquo;a pas voulu la mort. La Terreur a creus\u00e9 un vide \u00e9motionnel, imaginaire, collectif\u00a0: le roi n&rsquo;est plus l\u00e0\u00a0! On a essay\u00e9 ensuite de r\u00e9investir ce vide, d&rsquo;y placer d&rsquo;autres figures\u00a0: ce sont les moments napol\u00e9onien et gaulliste, notamment. le reste du temps, la d\u00e9mocratie fran\u00e7aise en remplit pas l&rsquo;espace. On le voit bien avec l&rsquo;interrogation permanente sur la figure pr\u00e9sidentielle, qui vaut depuis le d\u00e9part du g\u00e9n\u00e9ral de Gaulle. Apr\u00e8s lui, la normalisation de la figure pr\u00e9sidentielle a r\u00e9install\u00e9 un si\u00e8ge vide au coeur de la vie politique. Pourtant, ce qu&rsquo;on attend du pr\u00e9sident de la R\u00e9publique, c&rsquo;est qu&rsquo;il occupe cette fonction [du roi]. Tout s&rsquo;est construit sur ce malentendu.\u201d<\/p>\n\n\n\n<p><em>Malentendu<\/em>&nbsp;?<br>Les royalistes de France ne s&rsquo;y sont pas tromp\u00e9s, qui se r\u00e9jouirent du \u201c<em><a rel=\"noreferrer noopener\" aria-label=\"coming out monarchiste d'Emmanuel Macron (opens in a new tab)\" href=\"http:\/\/www.allianceroyale.fr\/le-coming-out-monarchiste-demmanuel-macron\/\" target=\"_blank\">coming out<\/a><\/em><a rel=\"noreferrer noopener\" aria-label=\"coming out monarchiste d'Emmanuel Macron (opens in a new tab)\" href=\"http:\/\/www.allianceroyale.fr\/le-coming-out-monarchiste-demmanuel-macron\/\" target=\"_blank\"> monarchiste d&rsquo;Emmanuel Macron<\/a>\u201d. Ils ont bien entendu le message. Lequel trouva sa spectaculaire confirmation, d\u00e8s la soir\u00e9e du dimanche 7 mai 2017, dans la cour Napol\u00e9on du Carroussel du Louvre, o\u00f9, dos \u00e0 la pyramide du Louvre, \u00e0 droite de la statue \u00e9questre de Louis XIV, le nouveau pr\u00e9sident de la R\u00e9publique s&rsquo;est fait acclamer.\u00a0\u00bb<\/p>\n\n\n\n<p style=\"text-align:right\">Antoine Peillon, <em>Coeur de boxeur<\/em>, Les liens qui lib\u00e8rent, 2019<\/p>\n","protected":false},"excerpt":{"rendered":"<p>\u00ab\u00a0Un \u00e9pisode peu connu du d\u00e9but de son r\u00e8gne nous le raconte de fa\u00e7on crypt\u00e9e. Le 5 avril 2018, Emmanuel Macron s&rsquo;est offert une visite nocturne de la basilique des rois de France, \u00e0 Saint-Denis [&#8230;]. Le chef de l&rsquo;Etat s&rsquo;est alors attard\u00e9 sur les s\u00e9pultures des rois Dagobert, premier monarque \u00e0 \u00eatre enterr\u00e9 l\u00e0, &hellip; <a href=\"https:\/\/www.incaudavenenum.org\/cut.the.crap\/coming-out-monarchiste\/\" class=\"more-link\">Continuer la lecture<span class=\"screen-reader-text\"> de &laquo;&nbsp;Coming out monarchiste&nbsp;&raquo;<\/span><\/a><\/p>\n","protected":false},"author":1,"featured_media":0,"comment_status":"open","ping_status":"open","sticky":false,"template":"","format":"quote","meta":{"jetpack_post_was_ever_published":false,"_jetpack_newsletter_access":"","_jetpack_dont_email_post_to_subs":false,"_jetpack_newsletter_tier_id":0,"_jetpack_memberships_contains_paywalled_content":false,"_jetpack_memberships_contains_paid_content":false,"footnotes":"","jetpack_publicize_message":"","jetpack_publicize_feature_enabled":true,"jetpack_social_post_already_shared":true,"jetpack_social_options":{"image_generator_settings":{"template":"highway","default_image_id":0,"font":"","enabled":false},"version":2}},"categories":[361,4],"tags":[557,401],"class_list":["post-1685","post","type-post","status-publish","format-quote","hentry","category-citations","category-lectures","tag-antoine-peillon","tag-emmanuel-macron","post_format-post-format-quote"],"yoast_head":"<!-- This site is optimized with the Yoast SEO plugin v27.4 - https:\/\/yoast.com\/product\/yoast-seo-wordpress\/ -->\n<title>Coming out monarchiste - Cut The Crap<\/title>\n<meta name=\"robots\" content=\"index, follow, max-snippet:-1, max-image-preview:large, max-video-preview:-1\" \/>\n<link rel=\"canonical\" href=\"https:\/\/www.incaudavenenum.org\/cut.the.crap\/coming-out-monarchiste\/\" \/>\n<meta property=\"og:locale\" content=\"fr_FR\" \/>\n<meta property=\"og:type\" content=\"article\" \/>\n<meta property=\"og:title\" content=\"Coming out monarchiste - Cut The Crap\" \/>\n<meta property=\"og:description\" content=\"\u00ab\u00a0Un \u00e9pisode peu connu du d\u00e9but de son r\u00e8gne nous le raconte de fa\u00e7on crypt\u00e9e. Le 5 avril 2018, Emmanuel Macron s&rsquo;est offert une visite nocturne de la basilique des rois de France, \u00e0 Saint-Denis [&#8230;]. Le chef de l&rsquo;Etat s&rsquo;est alors attard\u00e9 sur les s\u00e9pultures des rois Dagobert, premier monarque \u00e0 \u00eatre enterr\u00e9 l\u00e0, &hellip; Continuer la lecture de &laquo;&nbsp;Coming out monarchiste&nbsp;&raquo;\" \/>\n<meta property=\"og:url\" content=\"https:\/\/www.incaudavenenum.org\/cut.the.crap\/coming-out-monarchiste\/\" \/>\n<meta property=\"og:site_name\" content=\"Cut The Crap\" \/>\n<meta property=\"article:publisher\" content=\"https:\/\/www.facebook.com\/Cut-the-Crap-239882412697830\/\" \/>\n<meta property=\"article:author\" content=\"https:\/\/www.facebook.com\/cut.the.crap.free.fr\" \/>\n<meta property=\"article:published_time\" content=\"2019-05-30T16:43:24+00:00\" \/>\n<meta property=\"article:modified_time\" content=\"2019-05-31T09:49:15+00:00\" \/>\n<meta property=\"og:image\" content=\"https:\/\/i1.wp.com\/www.incaudavenenum.org\/cut.the.crap\/wp-content\/uploads\/2019\/05\/roi.jpg?fit=600%2C464&ssl=1\" \/>\n\t<meta property=\"og:image:width\" content=\"600\" \/>\n\t<meta property=\"og:image:height\" content=\"464\" \/>\n\t<meta property=\"og:image:type\" content=\"image\/jpeg\" \/>\n<meta name=\"author\" content=\"Serge Victor\" \/>\n<meta name=\"twitter:card\" content=\"summary_large_image\" \/>\n<meta name=\"twitter:image\" content=\"https:\/\/i0.wp.com\/www.incaudavenenum.org\/cut.the.crap\/wp-content\/uploads\/2019\/05\/roi.jpg?fit=600%2C464&ssl=1\" \/>\n<meta name=\"twitter:creator\" content=\"@cutzecrap\" \/>\n<meta name=\"twitter:site\" content=\"@cutzecrap\" \/>\n<meta name=\"twitter:label1\" content=\"\u00c9crit par\" \/>\n\t<meta name=\"twitter:data1\" content=\"Serge Victor\" \/>\n\t<meta name=\"twitter:label2\" content=\"Dur\u00e9e de lecture estim\u00e9e\" \/>\n\t<meta name=\"twitter:data2\" content=\"3 minutes\" \/>\n<script type=\"application\/ld+json\" class=\"yoast-schema-graph\">{\"@context\":\"https:\\\/\\\/schema.org\",\"@graph\":[{\"@type\":\"Article\",\"@id\":\"https:\\\/\\\/www.incaudavenenum.org\\\/cut.the.crap\\\/coming-out-monarchiste\\\/#article\",\"isPartOf\":{\"@id\":\"https:\\\/\\\/www.incaudavenenum.org\\\/cut.the.crap\\\/coming-out-monarchiste\\\/\"},\"author\":{\"name\":\"Serge Victor\",\"@id\":\"https:\\\/\\\/www.incaudavenenum.org\\\/cut.the.crap\\\/#\\\/schema\\\/person\\\/39fa901f2f251d6be7e35d8d58a8d1b4\"},\"headline\":\"Coming out monarchiste\",\"datePublished\":\"2019-05-30T16:43:24+00:00\",\"dateModified\":\"2019-05-31T09:49:15+00:00\",\"mainEntityOfPage\":{\"@id\":\"https:\\\/\\\/www.incaudavenenum.org\\\/cut.the.crap\\\/coming-out-monarchiste\\\/\"},\"wordCount\":698,\"commentCount\":1,\"publisher\":{\"@id\":\"https:\\\/\\\/www.incaudavenenum.org\\\/cut.the.crap\\\/#organization\"},\"keywords\":[\"Antoine Peillon\",\"Emmanuel Macron\"],\"articleSection\":[\"Citations\",\"Lectures\"],\"inLanguage\":\"fr-FR\",\"potentialAction\":[{\"@type\":\"CommentAction\",\"name\":\"Comment\",\"target\":[\"https:\\\/\\\/www.incaudavenenum.org\\\/cut.the.crap\\\/coming-out-monarchiste\\\/#respond\"]}]},{\"@type\":\"WebPage\",\"@id\":\"https:\\\/\\\/www.incaudavenenum.org\\\/cut.the.crap\\\/coming-out-monarchiste\\\/\",\"url\":\"https:\\\/\\\/www.incaudavenenum.org\\\/cut.the.crap\\\/coming-out-monarchiste\\\/\",\"name\":\"Coming out monarchiste - Cut The Crap\",\"isPartOf\":{\"@id\":\"https:\\\/\\\/www.incaudavenenum.org\\\/cut.the.crap\\\/#website\"},\"datePublished\":\"2019-05-30T16:43:24+00:00\",\"dateModified\":\"2019-05-31T09:49:15+00:00\",\"breadcrumb\":{\"@id\":\"https:\\\/\\\/www.incaudavenenum.org\\\/cut.the.crap\\\/coming-out-monarchiste\\\/#breadcrumb\"},\"inLanguage\":\"fr-FR\",\"potentialAction\":[{\"@type\":\"ReadAction\",\"target\":[\"https:\\\/\\\/www.incaudavenenum.org\\\/cut.the.crap\\\/coming-out-monarchiste\\\/\"]}]},{\"@type\":\"BreadcrumbList\",\"@id\":\"https:\\\/\\\/www.incaudavenenum.org\\\/cut.the.crap\\\/coming-out-monarchiste\\\/#breadcrumb\",\"itemListElement\":[{\"@type\":\"ListItem\",\"position\":1,\"name\":\"Accueil\",\"item\":\"https:\\\/\\\/www.incaudavenenum.org\\\/cut.the.crap\\\/\"},{\"@type\":\"ListItem\",\"position\":2,\"name\":\"Coming out monarchiste\"}]},{\"@type\":\"WebSite\",\"@id\":\"https:\\\/\\\/www.incaudavenenum.org\\\/cut.the.crap\\\/#website\",\"url\":\"https:\\\/\\\/www.incaudavenenum.org\\\/cut.the.crap\\\/\",\"name\":\"Cut The Crap\",\"description\":\"Blog de gauche\",\"publisher\":{\"@id\":\"https:\\\/\\\/www.incaudavenenum.org\\\/cut.the.crap\\\/#organization\"},\"potentialAction\":[{\"@type\":\"SearchAction\",\"target\":{\"@type\":\"EntryPoint\",\"urlTemplate\":\"https:\\\/\\\/www.incaudavenenum.org\\\/cut.the.crap\\\/?s={search_term_string}\"},\"query-input\":{\"@type\":\"PropertyValueSpecification\",\"valueRequired\":true,\"valueName\":\"search_term_string\"}}],\"inLanguage\":\"fr-FR\"},{\"@type\":\"Organization\",\"@id\":\"https:\\\/\\\/www.incaudavenenum.org\\\/cut.the.crap\\\/#organization\",\"name\":\"Cut The Crap\",\"url\":\"https:\\\/\\\/www.incaudavenenum.org\\\/cut.the.crap\\\/\",\"logo\":{\"@type\":\"ImageObject\",\"inLanguage\":\"fr-FR\",\"@id\":\"https:\\\/\\\/www.incaudavenenum.org\\\/cut.the.crap\\\/#\\\/schema\\\/logo\\\/image\\\/\",\"url\":\"https:\\\/\\\/i1.wp.com\\\/www.incaudavenenum.org\\\/cut.the.crap\\\/wp-content\\\/uploads\\\/2018\\\/01\\\/cTc.png?fit=100%2C95\",\"contentUrl\":\"https:\\\/\\\/i1.wp.com\\\/www.incaudavenenum.org\\\/cut.the.crap\\\/wp-content\\\/uploads\\\/2018\\\/01\\\/cTc.png?fit=100%2C95\",\"width\":100,\"height\":95,\"caption\":\"Cut The Crap\"},\"image\":{\"@id\":\"https:\\\/\\\/www.incaudavenenum.org\\\/cut.the.crap\\\/#\\\/schema\\\/logo\\\/image\\\/\"},\"sameAs\":[\"https:\\\/\\\/www.facebook.com\\\/Cut-the-Crap-239882412697830\\\/\",\"https:\\\/\\\/x.com\\\/cutzecrap\"]},{\"@type\":\"Person\",\"@id\":\"https:\\\/\\\/www.incaudavenenum.org\\\/cut.the.crap\\\/#\\\/schema\\\/person\\\/39fa901f2f251d6be7e35d8d58a8d1b4\",\"name\":\"Serge Victor\",\"image\":{\"@type\":\"ImageObject\",\"inLanguage\":\"fr-FR\",\"@id\":\"https:\\\/\\\/secure.gravatar.com\\\/avatar\\\/1e2fd85bc69a7e81bf6242704119d1669b9a3ab337deeaf0e9141b764210481a?s=96&d=mm&r=g\",\"url\":\"https:\\\/\\\/secure.gravatar.com\\\/avatar\\\/1e2fd85bc69a7e81bf6242704119d1669b9a3ab337deeaf0e9141b764210481a?s=96&d=mm&r=g\",\"contentUrl\":\"https:\\\/\\\/secure.gravatar.com\\\/avatar\\\/1e2fd85bc69a7e81bf6242704119d1669b9a3ab337deeaf0e9141b764210481a?s=96&d=mm&r=g\",\"caption\":\"Serge Victor\"},\"description\":\"Militant de gauche, \u00e9cosocialiste, f\u00e9ministe, autogestionnaire\",\"sameAs\":[\"https:\\\/\\\/www.incaudavenenum.org\\\/cut.the.crap\\\/\",\"https:\\\/\\\/www.facebook.com\\\/cut.the.crap.free.fr\",\"https:\\\/\\\/x.com\\\/cutzecrap\"],\"url\":\"https:\\\/\\\/www.incaudavenenum.org\\\/cut.the.crap\\\/author\\\/sergevictor\\\/\"}]}<\/script>\n<!-- \/ Yoast SEO plugin. -->","yoast_head_json":{"title":"Coming out monarchiste - Cut The Crap","robots":{"index":"index","follow":"follow","max-snippet":"max-snippet:-1","max-image-preview":"max-image-preview:large","max-video-preview":"max-video-preview:-1"},"canonical":"https:\/\/www.incaudavenenum.org\/cut.the.crap\/coming-out-monarchiste\/","og_locale":"fr_FR","og_type":"article","og_title":"Coming out monarchiste - Cut The Crap","og_description":"\u00ab\u00a0Un \u00e9pisode peu connu du d\u00e9but de son r\u00e8gne nous le raconte de fa\u00e7on crypt\u00e9e. Le 5 avril 2018, Emmanuel Macron s&rsquo;est offert une visite nocturne de la basilique des rois de France, \u00e0 Saint-Denis [&#8230;]. Le chef de l&rsquo;Etat s&rsquo;est alors attard\u00e9 sur les s\u00e9pultures des rois Dagobert, premier monarque \u00e0 \u00eatre enterr\u00e9 l\u00e0, &hellip; Continuer la lecture de &laquo;&nbsp;Coming out monarchiste&nbsp;&raquo;","og_url":"https:\/\/www.incaudavenenum.org\/cut.the.crap\/coming-out-monarchiste\/","og_site_name":"Cut The Crap","article_publisher":"https:\/\/www.facebook.com\/Cut-the-Crap-239882412697830\/","article_author":"https:\/\/www.facebook.com\/cut.the.crap.free.fr","article_published_time":"2019-05-30T16:43:24+00:00","article_modified_time":"2019-05-31T09:49:15+00:00","og_image":[{"width":600,"height":464,"url":"https:\/\/i1.wp.com\/www.incaudavenenum.org\/cut.the.crap\/wp-content\/uploads\/2019\/05\/roi.jpg?fit=600%2C464&ssl=1","type":"image\/jpeg"}],"author":"Serge Victor","twitter_card":"summary_large_image","twitter_image":"https:\/\/i0.wp.com\/www.incaudavenenum.org\/cut.the.crap\/wp-content\/uploads\/2019\/05\/roi.jpg?fit=600%2C464&ssl=1","twitter_creator":"@cutzecrap","twitter_site":"@cutzecrap","twitter_misc":{"\u00c9crit par":"Serge Victor","Dur\u00e9e de lecture estim\u00e9e":"3 minutes"},"schema":{"@context":"https:\/\/schema.org","@graph":[{"@type":"Article","@id":"https:\/\/www.incaudavenenum.org\/cut.the.crap\/coming-out-monarchiste\/#article","isPartOf":{"@id":"https:\/\/www.incaudavenenum.org\/cut.the.crap\/coming-out-monarchiste\/"},"author":{"name":"Serge Victor","@id":"https:\/\/www.incaudavenenum.org\/cut.the.crap\/#\/schema\/person\/39fa901f2f251d6be7e35d8d58a8d1b4"},"headline":"Coming out monarchiste","datePublished":"2019-05-30T16:43:24+00:00","dateModified":"2019-05-31T09:49:15+00:00","mainEntityOfPage":{"@id":"https:\/\/www.incaudavenenum.org\/cut.the.crap\/coming-out-monarchiste\/"},"wordCount":698,"commentCount":1,"publisher":{"@id":"https:\/\/www.incaudavenenum.org\/cut.the.crap\/#organization"},"keywords":["Antoine Peillon","Emmanuel Macron"],"articleSection":["Citations","Lectures"],"inLanguage":"fr-FR","potentialAction":[{"@type":"CommentAction","name":"Comment","target":["https:\/\/www.incaudavenenum.org\/cut.the.crap\/coming-out-monarchiste\/#respond"]}]},{"@type":"WebPage","@id":"https:\/\/www.incaudavenenum.org\/cut.the.crap\/coming-out-monarchiste\/","url":"https:\/\/www.incaudavenenum.org\/cut.the.crap\/coming-out-monarchiste\/","name":"Coming out monarchiste - Cut The Crap","isPartOf":{"@id":"https:\/\/www.incaudavenenum.org\/cut.the.crap\/#website"},"datePublished":"2019-05-30T16:43:24+00:00","dateModified":"2019-05-31T09:49:15+00:00","breadcrumb":{"@id":"https:\/\/www.incaudavenenum.org\/cut.the.crap\/coming-out-monarchiste\/#breadcrumb"},"inLanguage":"fr-FR","potentialAction":[{"@type":"ReadAction","target":["https:\/\/www.incaudavenenum.org\/cut.the.crap\/coming-out-monarchiste\/"]}]},{"@type":"BreadcrumbList","@id":"https:\/\/www.incaudavenenum.org\/cut.the.crap\/coming-out-monarchiste\/#breadcrumb","itemListElement":[{"@type":"ListItem","position":1,"name":"Accueil","item":"https:\/\/www.incaudavenenum.org\/cut.the.crap\/"},{"@type":"ListItem","position":2,"name":"Coming out monarchiste"}]},{"@type":"WebSite","@id":"https:\/\/www.incaudavenenum.org\/cut.the.crap\/#website","url":"https:\/\/www.incaudavenenum.org\/cut.the.crap\/","name":"Cut The Crap","description":"Blog de gauche","publisher":{"@id":"https:\/\/www.incaudavenenum.org\/cut.the.crap\/#organization"},"potentialAction":[{"@type":"SearchAction","target":{"@type":"EntryPoint","urlTemplate":"https:\/\/www.incaudavenenum.org\/cut.the.crap\/?s={search_term_string}"},"query-input":{"@type":"PropertyValueSpecification","valueRequired":true,"valueName":"search_term_string"}}],"inLanguage":"fr-FR"},{"@type":"Organization","@id":"https:\/\/www.incaudavenenum.org\/cut.the.crap\/#organization","name":"Cut The Crap","url":"https:\/\/www.incaudavenenum.org\/cut.the.crap\/","logo":{"@type":"ImageObject","inLanguage":"fr-FR","@id":"https:\/\/www.incaudavenenum.org\/cut.the.crap\/#\/schema\/logo\/image\/","url":"https:\/\/i1.wp.com\/www.incaudavenenum.org\/cut.the.crap\/wp-content\/uploads\/2018\/01\/cTc.png?fit=100%2C95","contentUrl":"https:\/\/i1.wp.com\/www.incaudavenenum.org\/cut.the.crap\/wp-content\/uploads\/2018\/01\/cTc.png?fit=100%2C95","width":100,"height":95,"caption":"Cut The Crap"},"image":{"@id":"https:\/\/www.incaudavenenum.org\/cut.the.crap\/#\/schema\/logo\/image\/"},"sameAs":["https:\/\/www.facebook.com\/Cut-the-Crap-239882412697830\/","https:\/\/x.com\/cutzecrap"]},{"@type":"Person","@id":"https:\/\/www.incaudavenenum.org\/cut.the.crap\/#\/schema\/person\/39fa901f2f251d6be7e35d8d58a8d1b4","name":"Serge Victor","image":{"@type":"ImageObject","inLanguage":"fr-FR","@id":"https:\/\/secure.gravatar.com\/avatar\/1e2fd85bc69a7e81bf6242704119d1669b9a3ab337deeaf0e9141b764210481a?s=96&d=mm&r=g","url":"https:\/\/secure.gravatar.com\/avatar\/1e2fd85bc69a7e81bf6242704119d1669b9a3ab337deeaf0e9141b764210481a?s=96&d=mm&r=g","contentUrl":"https:\/\/secure.gravatar.com\/avatar\/1e2fd85bc69a7e81bf6242704119d1669b9a3ab337deeaf0e9141b764210481a?s=96&d=mm&r=g","caption":"Serge Victor"},"description":"Militant de gauche, \u00e9cosocialiste, f\u00e9ministe, autogestionnaire","sameAs":["https:\/\/www.incaudavenenum.org\/cut.the.crap\/","https:\/\/www.facebook.com\/cut.the.crap.free.fr","https:\/\/x.com\/cutzecrap"],"url":"https:\/\/www.incaudavenenum.org\/cut.the.crap\/author\/sergevictor\/"}]}},"jetpack_publicize_connections":[],"jetpack_featured_media_url":"","jetpack_shortlink":"https:\/\/wp.me\/p9z98q-rb","jetpack_likes_enabled":true,"jetpack-related-posts":[{"id":1618,"url":"https:\/\/www.incaudavenenum.org\/cut.the.crap\/cynisme\/","url_meta":{"origin":1685,"position":0},"title":"Cynisme","author":"Serge Victor","date":"6 avril 2019","format":"quote","excerpt":"\"Christophe Barbier, l'\u201c\u00e9ditocrate\u201d de L'Express, s'est fendu d'une analyse cens\u00e9e mieux \u00e9clairer la strat\u00e9gie du pr\u00e9sident (...). Question du pr\u00e9sentateur, le 27 ao\u00fbt 2018 sur BFM TV : \u201cDes retrait\u00e9s en col\u00e8re, est-ce que \u00e7a peut \u00eatre dangereux pour Macron ?\u201d R\u00e9ponse : \u201cA long terme je ne crois pas.\u2026","rel":"","context":"Dans &quot;Citations&quot;","block_context":{"text":"Citations","link":"https:\/\/www.incaudavenenum.org\/cut.the.crap\/category\/lectures\/citations\/"},"img":{"alt_text":"","src":"","width":0,"height":0},"classes":[]},{"id":1688,"url":"https:\/\/www.incaudavenenum.org\/cut.the.crap\/tyran\/","url_meta":{"origin":1685,"position":1},"title":"Tyran","author":"Serge Victor","date":"30 mai 2019","format":"quote","excerpt":"\"Se r\u00e9jouir du coming out monarchiste d'Emmanuel Macron, c'\u00e9tait, comme \u00e0 chaque moment de Restauration et de contre-r\u00e9volution de l'histoire de France, applaudir \u00e0 l'affichage id\u00e9ologique d'un tyran. Je n'\u00e9cris pas \u201ctyran\u201d \u00e0 la l\u00e9g\u00e8re.Le mot nous vient du grec \u03a4\u03cd\u03c1\u03b1\u03bd\u03bd\u03bf\u03c2 (turannos) qui d\u00e9signe, dans l'Antiquit\u00e9, un homme abusant d'un\u2026","rel":"","context":"Dans &quot;Citations&quot;","block_context":{"text":"Citations","link":"https:\/\/www.incaudavenenum.org\/cut.the.crap\/category\/lectures\/citations\/"},"img":{"alt_text":"","src":"","width":0,"height":0},"classes":[]},{"id":1925,"url":"https:\/\/www.incaudavenenum.org\/cut.the.crap\/soutien-au-media-face-aux-rageux\/","url_meta":{"origin":1685,"position":2},"title":"Soutien au M\u00e9dia face aux rageux","author":"Serge Victor","date":"10 janvier 2021","format":false,"excerpt":"Des ex-socios du M\u00e9dia ont publi\u00e9 une vid\u00e9o pour nuire au M\u00e9dia et pousser les socios \u00e0 rejoindre le nouveau m\u00e9dia concurrent de Denis Robert. Le texte de cette vid\u00e9o est mensonger sur bien des points. Si j'\u00e9tais d\u00e9\u00e7u par Le M\u00e9dia au point de cesser d'\u00eatre socio, je m'en\u2026","rel":"","context":"Dans &quot;R\u00e9sistance&quot;","block_context":{"text":"R\u00e9sistance","link":"https:\/\/www.incaudavenenum.org\/cut.the.crap\/category\/resistance\/"},"img":{"alt_text":"","src":"https:\/\/i0.wp.com\/www.incaudavenenum.org\/cut.the.crap\/wp-content\/uploads\/2021\/01\/Capture-de%CC%81cran-2021-01-10-a%CC%80-00.31.33.png?resize=350%2C200&ssl=1","width":350,"height":200,"srcset":"https:\/\/i0.wp.com\/www.incaudavenenum.org\/cut.the.crap\/wp-content\/uploads\/2021\/01\/Capture-de%CC%81cran-2021-01-10-a%CC%80-00.31.33.png?resize=350%2C200&ssl=1 1x, https:\/\/i0.wp.com\/www.incaudavenenum.org\/cut.the.crap\/wp-content\/uploads\/2021\/01\/Capture-de%CC%81cran-2021-01-10-a%CC%80-00.31.33.png?resize=525%2C300&ssl=1 1.5x, https:\/\/i0.wp.com\/www.incaudavenenum.org\/cut.the.crap\/wp-content\/uploads\/2021\/01\/Capture-de%CC%81cran-2021-01-10-a%CC%80-00.31.33.png?resize=700%2C400&ssl=1 2x"},"classes":[]},{"id":1856,"url":"https:\/\/www.incaudavenenum.org\/cut.the.crap\/deficitaire-le-regime-de-retraite-des-cheminots\/","url_meta":{"origin":1685,"position":3},"title":"D\u00e9ficitaire, le r\u00e9gime de retraite des cheminots ?","author":"Serge Victor","date":"7 d\u00e9cembre 2019","format":false,"excerpt":"Le r\u00e9gime sp\u00e9cial de retraite des cheminots serait d\u00e9ficitaire, hurlent les psychopathes macronards pour justifier la casse de TOUS les r\u00e9gimes de retraite par la contre-r\u00e9forme de Macron. Mais si ce r\u00e9gime est d\u00e9ficitaire, obligeant l'Etat \u00e0 mettre la main \u00e0 la poche pour combler le trou (3,3 milliards en\u2026","rel":"","context":"Dans &quot;Novlangue&quot;","block_context":{"text":"Novlangue","link":"https:\/\/www.incaudavenenum.org\/cut.the.crap\/category\/novlangue-2\/"},"img":{"alt_text":"","src":"","width":0,"height":0},"classes":[]},{"id":1259,"url":"https:\/\/www.incaudavenenum.org\/cut.the.crap\/pas-fute\/","url_meta":{"origin":1685,"position":4},"title":"Pas fute fute","author":"Serge Victor","date":"26 janvier 2018","format":"quote","excerpt":"\"Moi je trouve qu'il [Macron] est pas bien fute fute comme mec. (...) J'ai des arguments. Par exemple je suis persuad\u00e9 qu'il ne comprend pas l'\u00e9conomie et que c'est lui, l'homme du pass\u00e9. En fait, il dit des trucs... \u2014 enfin, moi j'\u00e9tais aux premi\u00e8res loges pour voir la r\u00e9volution\u2026","rel":"","context":"Dans &quot;Citations&quot;","block_context":{"text":"Citations","link":"https:\/\/www.incaudavenenum.org\/cut.the.crap\/category\/lectures\/citations\/"},"img":{"alt_text":"","src":"","width":0,"height":0},"classes":[]},{"id":1625,"url":"https:\/\/www.incaudavenenum.org\/cut.the.crap\/risque\/","url_meta":{"origin":1685,"position":5},"title":"Risque","author":"Serge Victor","date":"8 avril 2019","format":"quote","excerpt":"\"Richard Ferrand, pr\u00e9sident du groupe En marche ! \u00e0 l'Assembl\u00e9e nationale, eut un jour une formule involontairement proph\u00e9tique : \u201cEmmanuel Macron, d\u00e9clarait-il en octobre 2017, n'est pas le pr\u00e9sident des riches, c'est le pr\u00e9sident du risque.\u201d Ce qu'il voulait dire par l\u00e0, en bonne novlangue n\u00e9olib\u00e9rale, c'est qu'il \u00e9tait le\u2026","rel":"","context":"Dans &quot;Citations&quot;","block_context":{"text":"Citations","link":"https:\/\/www.incaudavenenum.org\/cut.the.crap\/category\/lectures\/citations\/"},"img":{"alt_text":"","src":"","width":0,"height":0},"classes":[]}],"jetpack_sharing_enabled":true,"_links":{"self":[{"href":"https:\/\/www.incaudavenenum.org\/cut.the.crap\/wp-json\/wp\/v2\/posts\/1685","targetHints":{"allow":["GET"]}}],"collection":[{"href":"https:\/\/www.incaudavenenum.org\/cut.the.crap\/wp-json\/wp\/v2\/posts"}],"about":[{"href":"https:\/\/www.incaudavenenum.org\/cut.the.crap\/wp-json\/wp\/v2\/types\/post"}],"author":[{"embeddable":true,"href":"https:\/\/www.incaudavenenum.org\/cut.the.crap\/wp-json\/wp\/v2\/users\/1"}],"replies":[{"embeddable":true,"href":"https:\/\/www.incaudavenenum.org\/cut.the.crap\/wp-json\/wp\/v2\/comments?post=1685"}],"version-history":[{"count":4,"href":"https:\/\/www.incaudavenenum.org\/cut.the.crap\/wp-json\/wp\/v2\/posts\/1685\/revisions"}],"predecessor-version":[{"id":1694,"href":"https:\/\/www.incaudavenenum.org\/cut.the.crap\/wp-json\/wp\/v2\/posts\/1685\/revisions\/1694"}],"wp:attachment":[{"href":"https:\/\/www.incaudavenenum.org\/cut.the.crap\/wp-json\/wp\/v2\/media?parent=1685"}],"wp:term":[{"taxonomy":"category","embeddable":true,"href":"https:\/\/www.incaudavenenum.org\/cut.the.crap\/wp-json\/wp\/v2\/categories?post=1685"},{"taxonomy":"post_tag","embeddable":true,"href":"https:\/\/www.incaudavenenum.org\/cut.the.crap\/wp-json\/wp\/v2\/tags?post=1685"}],"curies":[{"name":"wp","href":"https:\/\/api.w.org\/{rel}","templated":true}]}}