{"id":1688,"date":"2019-05-30T19:34:10","date_gmt":"2019-05-30T17:34:10","guid":{"rendered":"http:\/\/www.incaudavenenum.org\/cut.the.crap\/?p=1688"},"modified":"2019-06-01T11:18:46","modified_gmt":"2019-06-01T09:18:46","slug":"tyran","status":"publish","type":"post","link":"https:\/\/www.incaudavenenum.org\/cut.the.crap\/tyran\/","title":{"rendered":"Tyran"},"content":{"rendered":"\n<p>\u00ab\u00a0Se r\u00e9jouir du <a href=\"https:\/\/www.incaudavenenum.org\/cut.the.crap\/coming-out-monarchiste\/\">coming out monarchiste<\/a> d&rsquo;Emmanuel Macron, c&rsquo;\u00e9tait, comme \u00e0 chaque moment de Restauration et de contre-r\u00e9volution de l&rsquo;histoire de France, applaudir \u00e0 l&rsquo;affichage id\u00e9ologique d&rsquo;un tyran. <br>Je n&rsquo;\u00e9cris pas \u201ctyran\u201d \u00e0 la l\u00e9g\u00e8re.<br>Le mot nous vient du grec \u03a4\u03cd\u03c1\u03b1\u03bd\u03bd\u03bf\u03c2 (turannos) qui d\u00e9signe, dans l&rsquo;Antiquit\u00e9, un homme abusant d&rsquo;un pouvoir absolu, selon Aristote entre autres. Le tyran, sans abolir les lois, se place au-dessus d&rsquo;elles. Et, aujourd&rsquo;hui les transgresse&nbsp;\u2014&nbsp;notamment dans le domaine du maintien de l&rsquo;ordre.<\/p>\n\n\n\n<p>Aristote (<em>Les Politiques<\/em>), encore, observe que la plupart des tyrans sont issus des d\u00e9magogues et que \u201cla tyrannie cumule les vices de la d\u00e9mocratie et ceux de l&rsquo;oligarchie\u201d, du fait de l&rsquo;amour du roi pour les richesses et de son hostilit\u00e9 \u00e0 l&rsquo;\u00e9gard du peuple qu&rsquo;il d\u00e9sarme et asservit. la gen\u00e8se de la tyrannie se trouve dans la corruption des constitutions politiques et, surtout, dans l&rsquo;exasp\u00e9ration des conflits entre riches et pauvres, minorit\u00e9 et majorit\u00e9, parce que le l\u00e9gislateur n&rsquo;institue plus le juste \u00e9quilibre entre les uns et les autres. Pour le tyran, il existe deux fa\u00e7ons de maintenir le r\u00e9gime&nbsp;: d&rsquo;une part, il doit renforcer la r\u00e9pression de toute contestation, en d\u00e9veloppant le contr\u00f4le de la police sur les citoyens&nbsp;; d&rsquo;autre part, en utilisant la corruption et en appauvrissant son peuple, afin que \u201cles sujets, occup\u00e9s \u00e0 gagner leur vie de chaque jour, ne trouvent pas le temps de conspirer\u201d. Toute ressemblance&#8230;<\/p>\n\n\n\n<!--more-->\n\n\n\n<p>De fa\u00e7on plus actuelle, les philosophes Walter Benjamin et Giorgio Agamben ont d\u00e9masqu\u00e9 la tyrannie sous l&rsquo;\u00e9tat d&rsquo;exception qui s&rsquo;impose \u00e0 nous depuis 2015 et qui a \u00e9t\u00e9 institu\u00e9 dans le droit commun par Emmanuel Macron.<\/p>\n\n\n\n<p>De fait, en \u00e0 peine deux ans de r\u00e8gne, Emmanuel Macron s&rsquo;est attaqu\u00e9 \u00e0 tous les contre-pouvoirs cens\u00e9s contr\u00f4ler et contenir, en r\u00e9publique, la puissance de l&rsquo;ex\u00e9cutif. Le haut fonctionnaire <a href=\"https:\/\/aoc.media\/opinion\/2019\/03\/18\/contre-pouvoirs-macronie\/\" target=\"_blank\" rel=\"noreferrer noopener\" aria-label=\"Olivier Sanchez (opens in a new tab)\">Olivier Sanchez<\/a> a fait la revue d\u00e9taill\u00e9e de ce coup d&rsquo;Etat d&rsquo;une rare brutalit\u00e9&nbsp;: \u201cVolont\u00e9 de ma\u00eetriser la presse, r\u00e9duction du temps d&rsquo;examen des projets de loi par les parlementaires, recours accru aux ordonnances, projet de r\u00e9duction du nombre de parlementaires, voire de suppression du S\u00e9nat, interdiction des dissensions au sein du parti majoritaire, m\u00e9pris des \u00e9lus locaux, nominations politiques au Conseil constitutionnel, ing\u00e9rences dans le fonctionnement des autorit\u00e9s administratives ind\u00e9pendantes, projet de r\u00e9forme qui supprimerait in\u00e9vitablement l&rsquo;ind\u00e9pendance des magistrats de la Cour des comptes, politisation des directeurs d&rsquo;administration centrale et recours accru au contrat dans la haute fonction publique, instrumentalisation du parquet de Paris, p\u00e9rennisation de l&rsquo;\u00e9tat d&rsquo;urgence, r\u00e9pression des manifestants et restrictions l\u00e9gislatives au droit de manifester&#8230;\u201d Avant de commenter : \u201cLe m\u00e9pris de l&rsquo;ex\u00e9cutif macronien \u00e0 l&rsquo;\u00e9gard de tous les contre-pouvoirs fragilise dangereusement la R\u00e9publique\u201d.\u00a0\u00bb<\/p>\n\n\n\n<p style=\"text-align:right\">Antoine Peillon, <em>Coeur de boxeur<\/em>, Les liens qui lib\u00e8rent, 2019<\/p>\n","protected":false},"excerpt":{"rendered":"<p>\u00ab\u00a0Se r\u00e9jouir du coming out monarchiste d&rsquo;Emmanuel Macron, c&rsquo;\u00e9tait, comme \u00e0 chaque moment de Restauration et de contre-r\u00e9volution de l&rsquo;histoire de France, applaudir \u00e0 l&rsquo;affichage id\u00e9ologique d&rsquo;un tyran. Je n&rsquo;\u00e9cris pas \u201ctyran\u201d \u00e0 la l\u00e9g\u00e8re.Le mot nous vient du grec \u03a4\u03cd\u03c1\u03b1\u03bd\u03bd\u03bf\u03c2 (turannos) qui d\u00e9signe, dans l&rsquo;Antiquit\u00e9, un homme abusant d&rsquo;un pouvoir absolu, selon Aristote entre &hellip; <a href=\"https:\/\/www.incaudavenenum.org\/cut.the.crap\/tyran\/\" class=\"more-link\">Continuer la lecture<span class=\"screen-reader-text\"> de &laquo;&nbsp;Tyran&nbsp;&raquo;<\/span><\/a><\/p>\n","protected":false},"author":1,"featured_media":0,"comment_status":"open","ping_status":"open","sticky":false,"template":"","format":"quote","meta":{"jetpack_post_was_ever_published":false,"_jetpack_newsletter_access":"","_jetpack_dont_email_post_to_subs":false,"_jetpack_newsletter_tier_id":0,"_jetpack_memberships_contains_paywalled_content":false,"_jetpack_memberships_contains_paid_content":false,"footnotes":"","jetpack_publicize_message":"","jetpack_publicize_feature_enabled":true,"jetpack_social_post_already_shared":true,"jetpack_social_options":{"image_generator_settings":{"template":"highway","default_image_id":0,"font":"","enabled":false},"version":2}},"categories":[361,4],"tags":[557,558,401,559],"class_list":["post-1688","post","type-post","status-publish","format-quote","hentry","category-citations","category-lectures","tag-antoine-peillon","tag-aristote","tag-emmanuel-macron","tag-olivier-sanchez","post_format-post-format-quote"],"yoast_head":"<!-- This site is optimized with the Yoast SEO plugin v27.4 - https:\/\/yoast.com\/product\/yoast-seo-wordpress\/ -->\n<title>Tyran - Cut The Crap<\/title>\n<meta name=\"robots\" content=\"index, follow, max-snippet:-1, max-image-preview:large, max-video-preview:-1\" \/>\n<link rel=\"canonical\" href=\"https:\/\/www.incaudavenenum.org\/cut.the.crap\/tyran\/\" \/>\n<meta property=\"og:locale\" content=\"fr_FR\" \/>\n<meta property=\"og:type\" content=\"article\" \/>\n<meta property=\"og:title\" content=\"Tyran - Cut The Crap\" \/>\n<meta property=\"og:description\" content=\"\u00ab\u00a0Se r\u00e9jouir du coming out monarchiste d&rsquo;Emmanuel Macron, c&rsquo;\u00e9tait, comme \u00e0 chaque moment de Restauration et de contre-r\u00e9volution de l&rsquo;histoire de France, applaudir \u00e0 l&rsquo;affichage id\u00e9ologique d&rsquo;un tyran. Je n&rsquo;\u00e9cris pas \u201ctyran\u201d \u00e0 la l\u00e9g\u00e8re.Le mot nous vient du grec \u03a4\u03cd\u03c1\u03b1\u03bd\u03bd\u03bf\u03c2 (turannos) qui d\u00e9signe, dans l&rsquo;Antiquit\u00e9, un homme abusant d&rsquo;un pouvoir absolu, selon Aristote entre &hellip; Continuer la lecture de &laquo;&nbsp;Tyran&nbsp;&raquo;\" \/>\n<meta property=\"og:url\" content=\"https:\/\/www.incaudavenenum.org\/cut.the.crap\/tyran\/\" \/>\n<meta property=\"og:site_name\" content=\"Cut The Crap\" \/>\n<meta property=\"article:publisher\" content=\"https:\/\/www.facebook.com\/Cut-the-Crap-239882412697830\/\" \/>\n<meta property=\"article:author\" content=\"https:\/\/www.facebook.com\/cut.the.crap.free.fr\" \/>\n<meta property=\"article:published_time\" content=\"2019-05-30T17:34:10+00:00\" \/>\n<meta property=\"article:modified_time\" content=\"2019-06-01T09:18:46+00:00\" \/>\n<meta property=\"og:image\" content=\"https:\/\/i0.wp.com\/www.incaudavenenum.org\/cut.the.crap\/wp-content\/uploads\/2019\/03\/46043956_1988188427944407_4204797004536086528_n.jpg?fit=669%2C552&ssl=1\" \/>\n\t<meta property=\"og:image:width\" content=\"669\" \/>\n\t<meta property=\"og:image:height\" content=\"552\" \/>\n\t<meta property=\"og:image:type\" content=\"image\/jpeg\" \/>\n<meta name=\"author\" content=\"Serge Victor\" \/>\n<meta name=\"twitter:card\" content=\"summary_large_image\" \/>\n<meta name=\"twitter:image\" content=\"https:\/\/i0.wp.com\/www.incaudavenenum.org\/cut.the.crap\/wp-content\/uploads\/2019\/03\/46043956_1988188427944407_4204797004536086528_n.jpg?fit=669%2C552&ssl=1\" \/>\n<meta name=\"twitter:creator\" content=\"@cutzecrap\" \/>\n<meta name=\"twitter:site\" content=\"@cutzecrap\" \/>\n<meta name=\"twitter:label1\" content=\"\u00c9crit par\" \/>\n\t<meta name=\"twitter:data1\" content=\"Serge Victor\" \/>\n\t<meta name=\"twitter:label2\" content=\"Dur\u00e9e de lecture estim\u00e9e\" \/>\n\t<meta name=\"twitter:data2\" content=\"2 minutes\" \/>\n<script type=\"application\/ld+json\" class=\"yoast-schema-graph\">{\"@context\":\"https:\\\/\\\/schema.org\",\"@graph\":[{\"@type\":\"Article\",\"@id\":\"https:\\\/\\\/www.incaudavenenum.org\\\/cut.the.crap\\\/tyran\\\/#article\",\"isPartOf\":{\"@id\":\"https:\\\/\\\/www.incaudavenenum.org\\\/cut.the.crap\\\/tyran\\\/\"},\"author\":{\"name\":\"Serge Victor\",\"@id\":\"https:\\\/\\\/www.incaudavenenum.org\\\/cut.the.crap\\\/#\\\/schema\\\/person\\\/39fa901f2f251d6be7e35d8d58a8d1b4\"},\"headline\":\"Tyran\",\"datePublished\":\"2019-05-30T17:34:10+00:00\",\"dateModified\":\"2019-06-01T09:18:46+00:00\",\"mainEntityOfPage\":{\"@id\":\"https:\\\/\\\/www.incaudavenenum.org\\\/cut.the.crap\\\/tyran\\\/\"},\"wordCount\":517,\"commentCount\":0,\"publisher\":{\"@id\":\"https:\\\/\\\/www.incaudavenenum.org\\\/cut.the.crap\\\/#organization\"},\"keywords\":[\"Antoine Peillon\",\"Aristote\",\"Emmanuel Macron\",\"Olivier Sanchez\"],\"articleSection\":[\"Citations\",\"Lectures\"],\"inLanguage\":\"fr-FR\",\"potentialAction\":[{\"@type\":\"CommentAction\",\"name\":\"Comment\",\"target\":[\"https:\\\/\\\/www.incaudavenenum.org\\\/cut.the.crap\\\/tyran\\\/#respond\"]}]},{\"@type\":\"WebPage\",\"@id\":\"https:\\\/\\\/www.incaudavenenum.org\\\/cut.the.crap\\\/tyran\\\/\",\"url\":\"https:\\\/\\\/www.incaudavenenum.org\\\/cut.the.crap\\\/tyran\\\/\",\"name\":\"Tyran - Cut The Crap\",\"isPartOf\":{\"@id\":\"https:\\\/\\\/www.incaudavenenum.org\\\/cut.the.crap\\\/#website\"},\"datePublished\":\"2019-05-30T17:34:10+00:00\",\"dateModified\":\"2019-06-01T09:18:46+00:00\",\"breadcrumb\":{\"@id\":\"https:\\\/\\\/www.incaudavenenum.org\\\/cut.the.crap\\\/tyran\\\/#breadcrumb\"},\"inLanguage\":\"fr-FR\",\"potentialAction\":[{\"@type\":\"ReadAction\",\"target\":[\"https:\\\/\\\/www.incaudavenenum.org\\\/cut.the.crap\\\/tyran\\\/\"]}]},{\"@type\":\"BreadcrumbList\",\"@id\":\"https:\\\/\\\/www.incaudavenenum.org\\\/cut.the.crap\\\/tyran\\\/#breadcrumb\",\"itemListElement\":[{\"@type\":\"ListItem\",\"position\":1,\"name\":\"Accueil\",\"item\":\"https:\\\/\\\/www.incaudavenenum.org\\\/cut.the.crap\\\/\"},{\"@type\":\"ListItem\",\"position\":2,\"name\":\"Tyran\"}]},{\"@type\":\"WebSite\",\"@id\":\"https:\\\/\\\/www.incaudavenenum.org\\\/cut.the.crap\\\/#website\",\"url\":\"https:\\\/\\\/www.incaudavenenum.org\\\/cut.the.crap\\\/\",\"name\":\"Cut The Crap\",\"description\":\"Blog de gauche\",\"publisher\":{\"@id\":\"https:\\\/\\\/www.incaudavenenum.org\\\/cut.the.crap\\\/#organization\"},\"potentialAction\":[{\"@type\":\"SearchAction\",\"target\":{\"@type\":\"EntryPoint\",\"urlTemplate\":\"https:\\\/\\\/www.incaudavenenum.org\\\/cut.the.crap\\\/?s={search_term_string}\"},\"query-input\":{\"@type\":\"PropertyValueSpecification\",\"valueRequired\":true,\"valueName\":\"search_term_string\"}}],\"inLanguage\":\"fr-FR\"},{\"@type\":\"Organization\",\"@id\":\"https:\\\/\\\/www.incaudavenenum.org\\\/cut.the.crap\\\/#organization\",\"name\":\"Cut The Crap\",\"url\":\"https:\\\/\\\/www.incaudavenenum.org\\\/cut.the.crap\\\/\",\"logo\":{\"@type\":\"ImageObject\",\"inLanguage\":\"fr-FR\",\"@id\":\"https:\\\/\\\/www.incaudavenenum.org\\\/cut.the.crap\\\/#\\\/schema\\\/logo\\\/image\\\/\",\"url\":\"https:\\\/\\\/i1.wp.com\\\/www.incaudavenenum.org\\\/cut.the.crap\\\/wp-content\\\/uploads\\\/2018\\\/01\\\/cTc.png?fit=100%2C95\",\"contentUrl\":\"https:\\\/\\\/i1.wp.com\\\/www.incaudavenenum.org\\\/cut.the.crap\\\/wp-content\\\/uploads\\\/2018\\\/01\\\/cTc.png?fit=100%2C95\",\"width\":100,\"height\":95,\"caption\":\"Cut The Crap\"},\"image\":{\"@id\":\"https:\\\/\\\/www.incaudavenenum.org\\\/cut.the.crap\\\/#\\\/schema\\\/logo\\\/image\\\/\"},\"sameAs\":[\"https:\\\/\\\/www.facebook.com\\\/Cut-the-Crap-239882412697830\\\/\",\"https:\\\/\\\/x.com\\\/cutzecrap\"]},{\"@type\":\"Person\",\"@id\":\"https:\\\/\\\/www.incaudavenenum.org\\\/cut.the.crap\\\/#\\\/schema\\\/person\\\/39fa901f2f251d6be7e35d8d58a8d1b4\",\"name\":\"Serge Victor\",\"image\":{\"@type\":\"ImageObject\",\"inLanguage\":\"fr-FR\",\"@id\":\"https:\\\/\\\/secure.gravatar.com\\\/avatar\\\/1e2fd85bc69a7e81bf6242704119d1669b9a3ab337deeaf0e9141b764210481a?s=96&d=mm&r=g\",\"url\":\"https:\\\/\\\/secure.gravatar.com\\\/avatar\\\/1e2fd85bc69a7e81bf6242704119d1669b9a3ab337deeaf0e9141b764210481a?s=96&d=mm&r=g\",\"contentUrl\":\"https:\\\/\\\/secure.gravatar.com\\\/avatar\\\/1e2fd85bc69a7e81bf6242704119d1669b9a3ab337deeaf0e9141b764210481a?s=96&d=mm&r=g\",\"caption\":\"Serge Victor\"},\"description\":\"Militant de gauche, \u00e9cosocialiste, f\u00e9ministe, autogestionnaire\",\"sameAs\":[\"https:\\\/\\\/www.incaudavenenum.org\\\/cut.the.crap\\\/\",\"https:\\\/\\\/www.facebook.com\\\/cut.the.crap.free.fr\",\"https:\\\/\\\/x.com\\\/cutzecrap\"],\"url\":\"https:\\\/\\\/www.incaudavenenum.org\\\/cut.the.crap\\\/author\\\/sergevictor\\\/\"}]}<\/script>\n<!-- \/ Yoast SEO plugin. -->","yoast_head_json":{"title":"Tyran - Cut The Crap","robots":{"index":"index","follow":"follow","max-snippet":"max-snippet:-1","max-image-preview":"max-image-preview:large","max-video-preview":"max-video-preview:-1"},"canonical":"https:\/\/www.incaudavenenum.org\/cut.the.crap\/tyran\/","og_locale":"fr_FR","og_type":"article","og_title":"Tyran - Cut The Crap","og_description":"\u00ab\u00a0Se r\u00e9jouir du coming out monarchiste d&rsquo;Emmanuel Macron, c&rsquo;\u00e9tait, comme \u00e0 chaque moment de Restauration et de contre-r\u00e9volution de l&rsquo;histoire de France, applaudir \u00e0 l&rsquo;affichage id\u00e9ologique d&rsquo;un tyran. Je n&rsquo;\u00e9cris pas \u201ctyran\u201d \u00e0 la l\u00e9g\u00e8re.Le mot nous vient du grec \u03a4\u03cd\u03c1\u03b1\u03bd\u03bd\u03bf\u03c2 (turannos) qui d\u00e9signe, dans l&rsquo;Antiquit\u00e9, un homme abusant d&rsquo;un pouvoir absolu, selon Aristote entre &hellip; Continuer la lecture de &laquo;&nbsp;Tyran&nbsp;&raquo;","og_url":"https:\/\/www.incaudavenenum.org\/cut.the.crap\/tyran\/","og_site_name":"Cut The Crap","article_publisher":"https:\/\/www.facebook.com\/Cut-the-Crap-239882412697830\/","article_author":"https:\/\/www.facebook.com\/cut.the.crap.free.fr","article_published_time":"2019-05-30T17:34:10+00:00","article_modified_time":"2019-06-01T09:18:46+00:00","og_image":[{"width":669,"height":552,"url":"https:\/\/i0.wp.com\/www.incaudavenenum.org\/cut.the.crap\/wp-content\/uploads\/2019\/03\/46043956_1988188427944407_4204797004536086528_n.jpg?fit=669%2C552&ssl=1","type":"image\/jpeg"}],"author":"Serge Victor","twitter_card":"summary_large_image","twitter_image":"https:\/\/i0.wp.com\/www.incaudavenenum.org\/cut.the.crap\/wp-content\/uploads\/2019\/03\/46043956_1988188427944407_4204797004536086528_n.jpg?fit=669%2C552&ssl=1","twitter_creator":"@cutzecrap","twitter_site":"@cutzecrap","twitter_misc":{"\u00c9crit par":"Serge Victor","Dur\u00e9e de lecture estim\u00e9e":"2 minutes"},"schema":{"@context":"https:\/\/schema.org","@graph":[{"@type":"Article","@id":"https:\/\/www.incaudavenenum.org\/cut.the.crap\/tyran\/#article","isPartOf":{"@id":"https:\/\/www.incaudavenenum.org\/cut.the.crap\/tyran\/"},"author":{"name":"Serge Victor","@id":"https:\/\/www.incaudavenenum.org\/cut.the.crap\/#\/schema\/person\/39fa901f2f251d6be7e35d8d58a8d1b4"},"headline":"Tyran","datePublished":"2019-05-30T17:34:10+00:00","dateModified":"2019-06-01T09:18:46+00:00","mainEntityOfPage":{"@id":"https:\/\/www.incaudavenenum.org\/cut.the.crap\/tyran\/"},"wordCount":517,"commentCount":0,"publisher":{"@id":"https:\/\/www.incaudavenenum.org\/cut.the.crap\/#organization"},"keywords":["Antoine Peillon","Aristote","Emmanuel Macron","Olivier Sanchez"],"articleSection":["Citations","Lectures"],"inLanguage":"fr-FR","potentialAction":[{"@type":"CommentAction","name":"Comment","target":["https:\/\/www.incaudavenenum.org\/cut.the.crap\/tyran\/#respond"]}]},{"@type":"WebPage","@id":"https:\/\/www.incaudavenenum.org\/cut.the.crap\/tyran\/","url":"https:\/\/www.incaudavenenum.org\/cut.the.crap\/tyran\/","name":"Tyran - Cut The Crap","isPartOf":{"@id":"https:\/\/www.incaudavenenum.org\/cut.the.crap\/#website"},"datePublished":"2019-05-30T17:34:10+00:00","dateModified":"2019-06-01T09:18:46+00:00","breadcrumb":{"@id":"https:\/\/www.incaudavenenum.org\/cut.the.crap\/tyran\/#breadcrumb"},"inLanguage":"fr-FR","potentialAction":[{"@type":"ReadAction","target":["https:\/\/www.incaudavenenum.org\/cut.the.crap\/tyran\/"]}]},{"@type":"BreadcrumbList","@id":"https:\/\/www.incaudavenenum.org\/cut.the.crap\/tyran\/#breadcrumb","itemListElement":[{"@type":"ListItem","position":1,"name":"Accueil","item":"https:\/\/www.incaudavenenum.org\/cut.the.crap\/"},{"@type":"ListItem","position":2,"name":"Tyran"}]},{"@type":"WebSite","@id":"https:\/\/www.incaudavenenum.org\/cut.the.crap\/#website","url":"https:\/\/www.incaudavenenum.org\/cut.the.crap\/","name":"Cut The Crap","description":"Blog de gauche","publisher":{"@id":"https:\/\/www.incaudavenenum.org\/cut.the.crap\/#organization"},"potentialAction":[{"@type":"SearchAction","target":{"@type":"EntryPoint","urlTemplate":"https:\/\/www.incaudavenenum.org\/cut.the.crap\/?s={search_term_string}"},"query-input":{"@type":"PropertyValueSpecification","valueRequired":true,"valueName":"search_term_string"}}],"inLanguage":"fr-FR"},{"@type":"Organization","@id":"https:\/\/www.incaudavenenum.org\/cut.the.crap\/#organization","name":"Cut The Crap","url":"https:\/\/www.incaudavenenum.org\/cut.the.crap\/","logo":{"@type":"ImageObject","inLanguage":"fr-FR","@id":"https:\/\/www.incaudavenenum.org\/cut.the.crap\/#\/schema\/logo\/image\/","url":"https:\/\/i1.wp.com\/www.incaudavenenum.org\/cut.the.crap\/wp-content\/uploads\/2018\/01\/cTc.png?fit=100%2C95","contentUrl":"https:\/\/i1.wp.com\/www.incaudavenenum.org\/cut.the.crap\/wp-content\/uploads\/2018\/01\/cTc.png?fit=100%2C95","width":100,"height":95,"caption":"Cut The Crap"},"image":{"@id":"https:\/\/www.incaudavenenum.org\/cut.the.crap\/#\/schema\/logo\/image\/"},"sameAs":["https:\/\/www.facebook.com\/Cut-the-Crap-239882412697830\/","https:\/\/x.com\/cutzecrap"]},{"@type":"Person","@id":"https:\/\/www.incaudavenenum.org\/cut.the.crap\/#\/schema\/person\/39fa901f2f251d6be7e35d8d58a8d1b4","name":"Serge Victor","image":{"@type":"ImageObject","inLanguage":"fr-FR","@id":"https:\/\/secure.gravatar.com\/avatar\/1e2fd85bc69a7e81bf6242704119d1669b9a3ab337deeaf0e9141b764210481a?s=96&d=mm&r=g","url":"https:\/\/secure.gravatar.com\/avatar\/1e2fd85bc69a7e81bf6242704119d1669b9a3ab337deeaf0e9141b764210481a?s=96&d=mm&r=g","contentUrl":"https:\/\/secure.gravatar.com\/avatar\/1e2fd85bc69a7e81bf6242704119d1669b9a3ab337deeaf0e9141b764210481a?s=96&d=mm&r=g","caption":"Serge Victor"},"description":"Militant de gauche, \u00e9cosocialiste, f\u00e9ministe, autogestionnaire","sameAs":["https:\/\/www.incaudavenenum.org\/cut.the.crap\/","https:\/\/www.facebook.com\/cut.the.crap.free.fr","https:\/\/x.com\/cutzecrap"],"url":"https:\/\/www.incaudavenenum.org\/cut.the.crap\/author\/sergevictor\/"}]}},"jetpack_publicize_connections":[],"jetpack_featured_media_url":"","jetpack_shortlink":"https:\/\/wp.me\/s9z98q-tyran","jetpack_likes_enabled":true,"jetpack-related-posts":[{"id":1702,"url":"https:\/\/www.incaudavenenum.org\/cut.the.crap\/democratie-du-public\/","url_meta":{"origin":1688,"position":0},"title":"D\u00e9mocratie du public","author":"Serge Victor","date":"31 mai 2019","format":"quote","excerpt":"\"Les journ\u00e9es d'action du 17 et du 24 novembre ont \u00e9t\u00e9 suivies par les cha\u00eenes d'information en continu d\u00e8s leur commencement, minute par minute, \u201cen direct\u201d (terme qui est devenu d\u00e9sormais un \u00e9quivalent de communication \u00e0 distance d'\u00e9v\u00e9nements en train de se produire). le samedi 24 novembre au matin, les\u2026","rel":"","context":"Dans &quot;Citations&quot;","block_context":{"text":"Citations","link":"https:\/\/www.incaudavenenum.org\/cut.the.crap\/category\/lectures\/citations\/"},"img":{"alt_text":"","src":"","width":0,"height":0},"classes":[]},{"id":233,"url":"https:\/\/www.incaudavenenum.org\/cut.the.crap\/profs-ouvriers-suicides-meme-combat\/","url_meta":{"origin":1688,"position":1},"title":"L&rsquo;Homme sans Qualit\u00e9","author":"\u1d10T\u1d04","date":"3 juin 2011","format":false,"excerpt":"Dans Le Monde du 30 mai 2011, Miguel Benassayag d\u00e9nonce les m\u00e9faits du \"n\u00e9omanagement\". En r\u00e9f\u00e9rence \u00e0 l'oeuvre de Robert Musil*, il d\u00e9peint les nouveaux gestionnaires et autres managers comme des \"hommes sans qualit\u00e9s\", \"agents de la tristesse\", \"petits hommes gris\" qui s\u00e9vissent \u00e0 pr\u00e9sent jusque dans l'\u00e9ducation et la\u2026","rel":"","context":"Dans &quot;R\u00e9sistance&quot;","block_context":{"text":"R\u00e9sistance","link":"https:\/\/www.incaudavenenum.org\/cut.the.crap\/category\/resistance\/"},"img":{"alt_text":"LPC","src":"https:\/\/retraitbaseeleves.files.wordpress.com\/2010\/12\/lpc-pour-les-nuls2010.png?w=350&h=200&crop=1","width":350,"height":200},"classes":[]},{"id":1984,"url":"https:\/\/www.incaudavenenum.org\/cut.the.crap\/on-ne-combat-pas-le-majordome-du-capital-en-votant-pour-le-chien-de-garde-du-capital\/","url_meta":{"origin":1688,"position":2},"title":"ON NE COMBAT PAS LE MAJORDOME DU CAPITAL EN VOTANT POUR LE CHIEN DE GARDE DU CAPITAL","author":"Serge Victor","date":"12 avril 2022","format":false,"excerpt":"La question du vote du second tour \u00e0 l'\u00e9lection pr\u00e9sidentielle 2022 apr\u00e8s l'\u00e9limination de justesse de la gauche va susciter sans doute des d\u00e9bats jusqu\u2019au 24 avril. Ces d\u00e9bats sont douloureux et l\u00e9gitimes. Mais il convient de rappeler que les organisations de gauche (au sens large) tiennent des positions qui\u2026","rel":"","context":"Dans &quot;R\u00e9sistance&quot;","block_context":{"text":"R\u00e9sistance","link":"https:\/\/www.incaudavenenum.org\/cut.the.crap\/category\/resistance\/"},"img":{"alt_text":"","src":"https:\/\/i0.wp.com\/www.incaudavenenum.org\/cut.the.crap\/wp-content\/uploads\/2022\/04\/MagnumCapital-1.jpg?fit=1200%2C586&ssl=1&resize=350%2C200","width":350,"height":200,"srcset":"https:\/\/i0.wp.com\/www.incaudavenenum.org\/cut.the.crap\/wp-content\/uploads\/2022\/04\/MagnumCapital-1.jpg?fit=1200%2C586&ssl=1&resize=350%2C200 1x, https:\/\/i0.wp.com\/www.incaudavenenum.org\/cut.the.crap\/wp-content\/uploads\/2022\/04\/MagnumCapital-1.jpg?fit=1200%2C586&ssl=1&resize=525%2C300 1.5x, https:\/\/i0.wp.com\/www.incaudavenenum.org\/cut.the.crap\/wp-content\/uploads\/2022\/04\/MagnumCapital-1.jpg?fit=1200%2C586&ssl=1&resize=700%2C400 2x, https:\/\/i0.wp.com\/www.incaudavenenum.org\/cut.the.crap\/wp-content\/uploads\/2022\/04\/MagnumCapital-1.jpg?fit=1200%2C586&ssl=1&resize=1050%2C600 3x"},"classes":[]},{"id":1496,"url":"https:\/\/www.incaudavenenum.org\/cut.the.crap\/fake-news\/","url_meta":{"origin":1688,"position":3},"title":"Fake news","author":"Serge Victor","date":"16 f\u00e9vrier 2019","format":"quote","excerpt":"\"(...) les fake news viennent aussi bien de la population, de la soci\u00e9t\u00e9 civile, que du gouvernement. Du c\u00f4t\u00e9 des autorit\u00e9s, des ministres et des d\u00e9put\u00e9s, on voit partir des fausses nouvelles comme la l\u00e9gende de la personne effectuant un salut nazi sur les Champs-Elys\u00e9es, d\u00e9montrant ainsi par l'image que\u2026","rel":"","context":"Dans &quot;Citations&quot;","block_context":{"text":"Citations","link":"https:\/\/www.incaudavenenum.org\/cut.the.crap\/category\/lectures\/citations\/"},"img":{"alt_text":"","src":"","width":0,"height":0},"classes":[]},{"id":2261,"url":"https:\/\/www.incaudavenenum.org\/cut.the.crap\/les-chroniques-de-le-banni-de-le-media-episode-3\/","url_meta":{"origin":1688,"position":4},"title":"Les chroniques de Le Banni (de Le M\u00e9dia), \u00e9pisode 3","author":"Serge Victor","date":"21 d\u00e9cembre 2023","format":false,"excerpt":"R\u00e9sum\u00e9 de l'\u00e9pisode pr\u00e9c\u00e9dent : B\u00e9n\u00e9vh\u00f4l, le guerrier de Kohop, a \u00e9t\u00e9 banni de Lm\u00e9di\u00e2h par la sinistre triade Khakobb. D\u00e9sormais, il parcourt steppes arides et mar\u00e9cages boueux pour rassembler r\u00e9prouv\u00e9s et Soci\u00f4hs \u00e9pars, afin de leur r\u00e9v\u00e9ler le terrible secret du Fh\u00f4reuhm, dans le but de ramener un jour\u2026","rel":"","context":"Dans &quot;Le Banni&quot;","block_context":{"text":"Le Banni","link":"https:\/\/www.incaudavenenum.org\/cut.the.crap\/category\/le-banni\/"},"img":{"alt_text":"","src":"https:\/\/i0.wp.com\/www.incaudavenenum.org\/cut.the.crap\/wp-content\/uploads\/2023\/12\/Screenshot_2023-11-23_at_17-14-44_Equipe_de_moderation.webp?resize=350%2C200&ssl=1","width":350,"height":200,"srcset":"https:\/\/i0.wp.com\/www.incaudavenenum.org\/cut.the.crap\/wp-content\/uploads\/2023\/12\/Screenshot_2023-11-23_at_17-14-44_Equipe_de_moderation.webp?resize=350%2C200&ssl=1 1x, https:\/\/i0.wp.com\/www.incaudavenenum.org\/cut.the.crap\/wp-content\/uploads\/2023\/12\/Screenshot_2023-11-23_at_17-14-44_Equipe_de_moderation.webp?resize=525%2C300&ssl=1 1.5x, https:\/\/i0.wp.com\/www.incaudavenenum.org\/cut.the.crap\/wp-content\/uploads\/2023\/12\/Screenshot_2023-11-23_at_17-14-44_Equipe_de_moderation.webp?resize=700%2C400&ssl=1 2x"},"classes":[]},{"id":1906,"url":"https:\/\/www.incaudavenenum.org\/cut.the.crap\/porte-ton-masque-et-arrete-tes-conneries\/","url_meta":{"origin":1688,"position":5},"title":"Porte ton masque et arr\u00eate tes conneries","author":"Serge Victor","date":"27 juillet 2020","format":false,"excerpt":"On se souvient des mensonges du pouvoir macroniste au d\u00e9but de l'\u00e9pid\u00e9mie de covid 19 sur les masques qui \"ne servaient \u00e0 rien\" (et en plus cette cruche de Sibeth ne savait pas les mettre). https:\/\/youtu.be\/zpRTpA2sRz0 On les a r\u00e9clam\u00e9s, ces masques, y compris avec les Gilets Jaunes de Pantin,\u2026","rel":"","context":"Dans &quot;Antisocial&quot;","block_context":{"text":"Antisocial","link":"https:\/\/www.incaudavenenum.org\/cut.the.crap\/category\/antisocial\/"},"img":{"alt_text":"","src":"https:\/\/i0.wp.com\/www.incaudavenenum.org\/cut.the.crap\/wp-content\/uploads\/2020\/07\/masque.png?fit=583%2C315&ssl=1&resize=350%2C200","width":350,"height":200,"srcset":"https:\/\/i0.wp.com\/www.incaudavenenum.org\/cut.the.crap\/wp-content\/uploads\/2020\/07\/masque.png?fit=583%2C315&ssl=1&resize=350%2C200 1x, https:\/\/i0.wp.com\/www.incaudavenenum.org\/cut.the.crap\/wp-content\/uploads\/2020\/07\/masque.png?fit=583%2C315&ssl=1&resize=525%2C300 1.5x"},"classes":[]}],"jetpack_sharing_enabled":true,"_links":{"self":[{"href":"https:\/\/www.incaudavenenum.org\/cut.the.crap\/wp-json\/wp\/v2\/posts\/1688","targetHints":{"allow":["GET"]}}],"collection":[{"href":"https:\/\/www.incaudavenenum.org\/cut.the.crap\/wp-json\/wp\/v2\/posts"}],"about":[{"href":"https:\/\/www.incaudavenenum.org\/cut.the.crap\/wp-json\/wp\/v2\/types\/post"}],"author":[{"embeddable":true,"href":"https:\/\/www.incaudavenenum.org\/cut.the.crap\/wp-json\/wp\/v2\/users\/1"}],"replies":[{"embeddable":true,"href":"https:\/\/www.incaudavenenum.org\/cut.the.crap\/wp-json\/wp\/v2\/comments?post=1688"}],"version-history":[{"count":2,"href":"https:\/\/www.incaudavenenum.org\/cut.the.crap\/wp-json\/wp\/v2\/posts\/1688\/revisions"}],"predecessor-version":[{"id":1692,"href":"https:\/\/www.incaudavenenum.org\/cut.the.crap\/wp-json\/wp\/v2\/posts\/1688\/revisions\/1692"}],"wp:attachment":[{"href":"https:\/\/www.incaudavenenum.org\/cut.the.crap\/wp-json\/wp\/v2\/media?parent=1688"}],"wp:term":[{"taxonomy":"category","embeddable":true,"href":"https:\/\/www.incaudavenenum.org\/cut.the.crap\/wp-json\/wp\/v2\/categories?post=1688"},{"taxonomy":"post_tag","embeddable":true,"href":"https:\/\/www.incaudavenenum.org\/cut.the.crap\/wp-json\/wp\/v2\/tags?post=1688"}],"curies":[{"name":"wp","href":"https:\/\/api.w.org\/{rel}","templated":true}]}}