{"id":1752,"date":"2019-08-03T14:55:57","date_gmt":"2019-08-03T12:55:57","guid":{"rendered":"http:\/\/www.incaudavenenum.org\/cut.the.crap\/?p=1752"},"modified":"2019-08-03T15:00:32","modified_gmt":"2019-08-03T13:00:32","slug":"jacobinisme","status":"publish","type":"post","link":"https:\/\/www.incaudavenenum.org\/cut.the.crap\/jacobinisme\/","title":{"rendered":"Jacobinisme"},"content":{"rendered":"\n<p>\u00ab\u00a0Le \u201cgouvernement r\u00e9volutionnaire\u201d m\u00e8ne une guerre int\u00e9rieure et ext\u00e9rieure, prenant des mesures que les contemporains appellent \u201cr\u00e9volutionnaires\u201d \u2014\u00a0fonder la R\u00e9publique \u201cn&rsquo;est point un jeu d&rsquo;enfant\u201d rappelle Robespierre\u00a0\u2014, ce qui n&rsquo;en fait pas pour autant une \u201cdictature\u201d. Le r\u00e9cit standard de la R\u00e9volution fran\u00e7aise a longtemps repr\u00e9sent\u00e9 le Comit\u00e9 de Salut public comme une sorte de gouvernement omnipotent confondu avec le pouvoir ex\u00e9cutif. Or cette guerre est l&rsquo;une des rares dans l&rsquo;histoire de France \u00e0 ne pas avoir \u00e9t\u00e9 conduite dans le secret du pouvoir ex\u00e9cutif mais au contraire par le pouvoir l\u00e9gislatif dont les actes, y compris la r\u00e9pression, sont mis en visibilit\u00e9 dans l&rsquo;espace public. Les membres du Comit\u00e9 de Salut public, qui est un organe de l&rsquo;Assembl\u00e9e, donc du pouvoir l\u00e9gislatif, doivent tous les mois rendre des comptes et \u00eatre r\u00e9investis par la Convention. La \u201ccentralit\u00e9 l\u00e9gislative\u201d exerc\u00e9e par la Convention est au coeur du dispositif, mais celle-ci n&rsquo;a rien de commun avec une centralisation administrative sous contr\u00f4le du pouvoir ex\u00e9cutif telle que nous la comprenons aujourd&rsquo;hui. le lieu commun d\u00e9signant un \u201cjacobinisme centralisateur\u201d qui serait dans la continuit\u00e9 de la centralisation monarchique et pr\u00e9figurerait la napol\u00e9onienne est donc un contresens. Le Comit\u00e9 de Salut public n&rsquo;est pas un minist\u00e8re. Lorsque certains conventionnels envisagent cette possibilit\u00e9, leur proposition est imm\u00e9diatement contest\u00e9e et mise en minorit\u00e9. En revanche, la loi du 14 frimaire qui institue le gouvernement r\u00e9volutionnaire attribue l&rsquo;ex\u00e9cution des lois r\u00e9volutionnaires, en particulier celles qui concernent le contr\u00f4le de l&rsquo;\u00e9conomie \u2014 la loi dite du \u201cmaximum\u201d qui fixe un prix maximum pour les denr\u00e9es et les mati\u00e8res premi\u00e8res \u2014, aux comit\u00e9s r\u00e9volutionnaires (ou de surveillance) \u00e9lus localement et aux municipalit\u00e9s, donc \u00e0 l&rsquo;\u00e9chelon administratif le plus proche de la population et non \u00e0 une administration centralis\u00e9e. On notera enfin que les Comit\u00e9s de Salut public et de S\u00fbret\u00e9 g\u00e9n\u00e9rale ont \u00e9t\u00e9 cr\u00e9\u00e9s sous la Convention girondine, le 6 avril 1793 pour le premier, afin de faire face aux d\u00e9faites militaires, et le 2 octobre 1792 pour le second, qui est en fait l&rsquo;h\u00e9ritier du Comit\u00e9 des recherches de la Constituante. Le Tribunal r\u00e9volutionnaire n&rsquo;est pas plus un produit du gouvernement r\u00e9volutionnaire puisqu&rsquo;il est institu\u00e9 le 10 mars 1793, \u00e9galement sous la Convention girondine. Ces institutions fonctionnent donc avant et continueront \u00e0 fonctionner apr\u00e8s ce que les \u201cthermidoriens\u201d appelleront \u201cla Terreur\u201d.\u00a0\u00bb<\/p>\n\n\n\n<p style=\"text-align:right\">Marc Belissa et Yannick Bosc, <em>Le Directoire, <br>La R\u00e9publique sans la d\u00e9mocratie<\/em>, La Fabrique, 2018<\/p>\n","protected":false},"excerpt":{"rendered":"<p>\u00ab\u00a0Le \u201cgouvernement r\u00e9volutionnaire\u201d m\u00e8ne une guerre int\u00e9rieure et ext\u00e9rieure, prenant des mesures que les contemporains appellent \u201cr\u00e9volutionnaires\u201d \u2014\u00a0fonder la R\u00e9publique \u201cn&rsquo;est point un jeu d&rsquo;enfant\u201d rappelle Robespierre\u00a0\u2014, ce qui n&rsquo;en fait pas pour autant une \u201cdictature\u201d. Le r\u00e9cit standard de la R\u00e9volution fran\u00e7aise a longtemps repr\u00e9sent\u00e9 le Comit\u00e9 de Salut public comme une sorte de &hellip; <a href=\"https:\/\/www.incaudavenenum.org\/cut.the.crap\/jacobinisme\/\" class=\"more-link\">Continuer la lecture<span class=\"screen-reader-text\"> de &laquo;&nbsp;Jacobinisme&nbsp;&raquo;<\/span><\/a><\/p>\n","protected":false},"author":1,"featured_media":0,"comment_status":"open","ping_status":"open","sticky":false,"template":"","format":"quote","meta":{"jetpack_post_was_ever_published":false,"_jetpack_newsletter_access":"","_jetpack_dont_email_post_to_subs":false,"_jetpack_newsletter_tier_id":0,"_jetpack_memberships_contains_paywalled_content":false,"_jetpack_memberships_contains_paid_content":false,"footnotes":"","jetpack_publicize_message":"","jetpack_publicize_feature_enabled":true,"jetpack_social_post_already_shared":true,"jetpack_social_options":{"image_generator_settings":{"template":"highway","default_image_id":0,"font":"","enabled":false},"version":2}},"categories":[361,4],"tags":[568,301,302,569],"class_list":["post-1752","post","type-post","status-publish","format-quote","hentry","category-citations","category-lectures","tag-marc-belissa","tag-revolution","tag-robespierre","tag-yannick-bosc","post_format-post-format-quote"],"yoast_head":"<!-- This site is optimized with the Yoast SEO plugin v27.5 - https:\/\/yoast.com\/product\/yoast-seo-wordpress\/ -->\n<title>Jacobinisme - Cut The Crap<\/title>\n<meta name=\"robots\" content=\"index, follow, max-snippet:-1, max-image-preview:large, max-video-preview:-1\" \/>\n<link rel=\"canonical\" href=\"https:\/\/www.incaudavenenum.org\/cut.the.crap\/jacobinisme\/\" \/>\n<meta property=\"og:locale\" content=\"fr_FR\" \/>\n<meta property=\"og:type\" content=\"article\" \/>\n<meta property=\"og:title\" content=\"Jacobinisme - Cut The Crap\" \/>\n<meta property=\"og:description\" content=\"\u00ab\u00a0Le \u201cgouvernement r\u00e9volutionnaire\u201d m\u00e8ne une guerre int\u00e9rieure et ext\u00e9rieure, prenant des mesures que les contemporains appellent \u201cr\u00e9volutionnaires\u201d \u2014\u00a0fonder la R\u00e9publique \u201cn&rsquo;est point un jeu d&rsquo;enfant\u201d rappelle Robespierre\u00a0\u2014, ce qui n&rsquo;en fait pas pour autant une \u201cdictature\u201d. Le r\u00e9cit standard de la R\u00e9volution fran\u00e7aise a longtemps repr\u00e9sent\u00e9 le Comit\u00e9 de Salut public comme une sorte de &hellip; Continuer la lecture de &laquo;&nbsp;Jacobinisme&nbsp;&raquo;\" \/>\n<meta property=\"og:url\" content=\"https:\/\/www.incaudavenenum.org\/cut.the.crap\/jacobinisme\/\" \/>\n<meta property=\"og:site_name\" content=\"Cut The Crap\" \/>\n<meta property=\"article:publisher\" content=\"https:\/\/www.facebook.com\/Cut-the-Crap-239882412697830\/\" \/>\n<meta property=\"article:author\" content=\"https:\/\/www.facebook.com\/cut.the.crap.free.fr\" \/>\n<meta property=\"article:published_time\" content=\"2019-08-03T12:55:57+00:00\" \/>\n<meta property=\"article:modified_time\" content=\"2019-08-03T13:00:32+00:00\" \/>\n<meta property=\"og:image\" content=\"https:\/\/i1.wp.com\/www.incaudavenenum.org\/cut.the.crap\/wp-content\/uploads\/2019\/08\/robespierre.jpg?fit=1060%2C523&ssl=1\" \/>\n\t<meta property=\"og:image:width\" content=\"1060\" \/>\n\t<meta property=\"og:image:height\" content=\"523\" \/>\n\t<meta property=\"og:image:type\" content=\"image\/jpeg\" \/>\n<meta name=\"author\" content=\"Serge Victor\" \/>\n<meta name=\"twitter:card\" content=\"summary_large_image\" \/>\n<meta name=\"twitter:image\" content=\"https:\/\/i0.wp.com\/www.incaudavenenum.org\/cut.the.crap\/wp-content\/uploads\/2019\/08\/robespierre.jpg?fit=1060%2C523&ssl=1\" \/>\n<meta name=\"twitter:creator\" content=\"@cutzecrap\" \/>\n<meta name=\"twitter:site\" content=\"@cutzecrap\" \/>\n<meta name=\"twitter:label1\" content=\"\u00c9crit par\" \/>\n\t<meta name=\"twitter:data1\" content=\"Serge Victor\" \/>\n\t<meta name=\"twitter:label2\" content=\"Dur\u00e9e de lecture estim\u00e9e\" \/>\n\t<meta name=\"twitter:data2\" content=\"2 minutes\" \/>\n<script type=\"application\/ld+json\" class=\"yoast-schema-graph\">{\"@context\":\"https:\\\/\\\/schema.org\",\"@graph\":[{\"@type\":\"Article\",\"@id\":\"https:\\\/\\\/www.incaudavenenum.org\\\/cut.the.crap\\\/jacobinisme\\\/#article\",\"isPartOf\":{\"@id\":\"https:\\\/\\\/www.incaudavenenum.org\\\/cut.the.crap\\\/jacobinisme\\\/\"},\"author\":{\"name\":\"Serge Victor\",\"@id\":\"https:\\\/\\\/www.incaudavenenum.org\\\/cut.the.crap\\\/#\\\/schema\\\/person\\\/39fa901f2f251d6be7e35d8d58a8d1b4\"},\"headline\":\"Jacobinisme\",\"datePublished\":\"2019-08-03T12:55:57+00:00\",\"dateModified\":\"2019-08-03T13:00:32+00:00\",\"mainEntityOfPage\":{\"@id\":\"https:\\\/\\\/www.incaudavenenum.org\\\/cut.the.crap\\\/jacobinisme\\\/\"},\"wordCount\":451,\"commentCount\":0,\"publisher\":{\"@id\":\"https:\\\/\\\/www.incaudavenenum.org\\\/cut.the.crap\\\/#organization\"},\"keywords\":[\"Marc Belissa\",\"r\u00e9volution\",\"Robespierre\",\"Yannick Bosc\"],\"articleSection\":[\"Citations\",\"Lectures\"],\"inLanguage\":\"fr-FR\",\"potentialAction\":[{\"@type\":\"CommentAction\",\"name\":\"Comment\",\"target\":[\"https:\\\/\\\/www.incaudavenenum.org\\\/cut.the.crap\\\/jacobinisme\\\/#respond\"]}]},{\"@type\":\"WebPage\",\"@id\":\"https:\\\/\\\/www.incaudavenenum.org\\\/cut.the.crap\\\/jacobinisme\\\/\",\"url\":\"https:\\\/\\\/www.incaudavenenum.org\\\/cut.the.crap\\\/jacobinisme\\\/\",\"name\":\"Jacobinisme - Cut The Crap\",\"isPartOf\":{\"@id\":\"https:\\\/\\\/www.incaudavenenum.org\\\/cut.the.crap\\\/#website\"},\"datePublished\":\"2019-08-03T12:55:57+00:00\",\"dateModified\":\"2019-08-03T13:00:32+00:00\",\"breadcrumb\":{\"@id\":\"https:\\\/\\\/www.incaudavenenum.org\\\/cut.the.crap\\\/jacobinisme\\\/#breadcrumb\"},\"inLanguage\":\"fr-FR\",\"potentialAction\":[{\"@type\":\"ReadAction\",\"target\":[\"https:\\\/\\\/www.incaudavenenum.org\\\/cut.the.crap\\\/jacobinisme\\\/\"]}]},{\"@type\":\"BreadcrumbList\",\"@id\":\"https:\\\/\\\/www.incaudavenenum.org\\\/cut.the.crap\\\/jacobinisme\\\/#breadcrumb\",\"itemListElement\":[{\"@type\":\"ListItem\",\"position\":1,\"name\":\"Accueil\",\"item\":\"https:\\\/\\\/www.incaudavenenum.org\\\/cut.the.crap\\\/\"},{\"@type\":\"ListItem\",\"position\":2,\"name\":\"Jacobinisme\"}]},{\"@type\":\"WebSite\",\"@id\":\"https:\\\/\\\/www.incaudavenenum.org\\\/cut.the.crap\\\/#website\",\"url\":\"https:\\\/\\\/www.incaudavenenum.org\\\/cut.the.crap\\\/\",\"name\":\"Cut The Crap\",\"description\":\"Blog de gauche\",\"publisher\":{\"@id\":\"https:\\\/\\\/www.incaudavenenum.org\\\/cut.the.crap\\\/#organization\"},\"potentialAction\":[{\"@type\":\"SearchAction\",\"target\":{\"@type\":\"EntryPoint\",\"urlTemplate\":\"https:\\\/\\\/www.incaudavenenum.org\\\/cut.the.crap\\\/?s={search_term_string}\"},\"query-input\":{\"@type\":\"PropertyValueSpecification\",\"valueRequired\":true,\"valueName\":\"search_term_string\"}}],\"inLanguage\":\"fr-FR\"},{\"@type\":\"Organization\",\"@id\":\"https:\\\/\\\/www.incaudavenenum.org\\\/cut.the.crap\\\/#organization\",\"name\":\"Cut The Crap\",\"url\":\"https:\\\/\\\/www.incaudavenenum.org\\\/cut.the.crap\\\/\",\"logo\":{\"@type\":\"ImageObject\",\"inLanguage\":\"fr-FR\",\"@id\":\"https:\\\/\\\/www.incaudavenenum.org\\\/cut.the.crap\\\/#\\\/schema\\\/logo\\\/image\\\/\",\"url\":\"https:\\\/\\\/i1.wp.com\\\/www.incaudavenenum.org\\\/cut.the.crap\\\/wp-content\\\/uploads\\\/2018\\\/01\\\/cTc.png?fit=100%2C95\",\"contentUrl\":\"https:\\\/\\\/i1.wp.com\\\/www.incaudavenenum.org\\\/cut.the.crap\\\/wp-content\\\/uploads\\\/2018\\\/01\\\/cTc.png?fit=100%2C95\",\"width\":100,\"height\":95,\"caption\":\"Cut The Crap\"},\"image\":{\"@id\":\"https:\\\/\\\/www.incaudavenenum.org\\\/cut.the.crap\\\/#\\\/schema\\\/logo\\\/image\\\/\"},\"sameAs\":[\"https:\\\/\\\/www.facebook.com\\\/Cut-the-Crap-239882412697830\\\/\",\"https:\\\/\\\/x.com\\\/cutzecrap\"]},{\"@type\":\"Person\",\"@id\":\"https:\\\/\\\/www.incaudavenenum.org\\\/cut.the.crap\\\/#\\\/schema\\\/person\\\/39fa901f2f251d6be7e35d8d58a8d1b4\",\"name\":\"Serge Victor\",\"image\":{\"@type\":\"ImageObject\",\"inLanguage\":\"fr-FR\",\"@id\":\"https:\\\/\\\/secure.gravatar.com\\\/avatar\\\/1e2fd85bc69a7e81bf6242704119d1669b9a3ab337deeaf0e9141b764210481a?s=96&d=mm&r=g\",\"url\":\"https:\\\/\\\/secure.gravatar.com\\\/avatar\\\/1e2fd85bc69a7e81bf6242704119d1669b9a3ab337deeaf0e9141b764210481a?s=96&d=mm&r=g\",\"contentUrl\":\"https:\\\/\\\/secure.gravatar.com\\\/avatar\\\/1e2fd85bc69a7e81bf6242704119d1669b9a3ab337deeaf0e9141b764210481a?s=96&d=mm&r=g\",\"caption\":\"Serge Victor\"},\"description\":\"Militant de gauche, \u00e9cosocialiste, f\u00e9ministe, autogestionnaire\",\"sameAs\":[\"https:\\\/\\\/www.incaudavenenum.org\\\/cut.the.crap\\\/\",\"https:\\\/\\\/www.facebook.com\\\/cut.the.crap.free.fr\",\"https:\\\/\\\/x.com\\\/cutzecrap\"],\"url\":\"https:\\\/\\\/www.incaudavenenum.org\\\/cut.the.crap\\\/author\\\/sergevictor\\\/\"}]}<\/script>\n<!-- \/ Yoast SEO plugin. -->","yoast_head_json":{"title":"Jacobinisme - Cut The Crap","robots":{"index":"index","follow":"follow","max-snippet":"max-snippet:-1","max-image-preview":"max-image-preview:large","max-video-preview":"max-video-preview:-1"},"canonical":"https:\/\/www.incaudavenenum.org\/cut.the.crap\/jacobinisme\/","og_locale":"fr_FR","og_type":"article","og_title":"Jacobinisme - Cut The Crap","og_description":"\u00ab\u00a0Le \u201cgouvernement r\u00e9volutionnaire\u201d m\u00e8ne une guerre int\u00e9rieure et ext\u00e9rieure, prenant des mesures que les contemporains appellent \u201cr\u00e9volutionnaires\u201d \u2014\u00a0fonder la R\u00e9publique \u201cn&rsquo;est point un jeu d&rsquo;enfant\u201d rappelle Robespierre\u00a0\u2014, ce qui n&rsquo;en fait pas pour autant une \u201cdictature\u201d. Le r\u00e9cit standard de la R\u00e9volution fran\u00e7aise a longtemps repr\u00e9sent\u00e9 le Comit\u00e9 de Salut public comme une sorte de &hellip; Continuer la lecture de &laquo;&nbsp;Jacobinisme&nbsp;&raquo;","og_url":"https:\/\/www.incaudavenenum.org\/cut.the.crap\/jacobinisme\/","og_site_name":"Cut The Crap","article_publisher":"https:\/\/www.facebook.com\/Cut-the-Crap-239882412697830\/","article_author":"https:\/\/www.facebook.com\/cut.the.crap.free.fr","article_published_time":"2019-08-03T12:55:57+00:00","article_modified_time":"2019-08-03T13:00:32+00:00","og_image":[{"width":1060,"height":523,"url":"https:\/\/i1.wp.com\/www.incaudavenenum.org\/cut.the.crap\/wp-content\/uploads\/2019\/08\/robespierre.jpg?fit=1060%2C523&ssl=1","type":"image\/jpeg"}],"author":"Serge Victor","twitter_card":"summary_large_image","twitter_image":"https:\/\/i0.wp.com\/www.incaudavenenum.org\/cut.the.crap\/wp-content\/uploads\/2019\/08\/robespierre.jpg?fit=1060%2C523&ssl=1","twitter_creator":"@cutzecrap","twitter_site":"@cutzecrap","twitter_misc":{"\u00c9crit par":"Serge Victor","Dur\u00e9e de lecture estim\u00e9e":"2 minutes"},"schema":{"@context":"https:\/\/schema.org","@graph":[{"@type":"Article","@id":"https:\/\/www.incaudavenenum.org\/cut.the.crap\/jacobinisme\/#article","isPartOf":{"@id":"https:\/\/www.incaudavenenum.org\/cut.the.crap\/jacobinisme\/"},"author":{"name":"Serge Victor","@id":"https:\/\/www.incaudavenenum.org\/cut.the.crap\/#\/schema\/person\/39fa901f2f251d6be7e35d8d58a8d1b4"},"headline":"Jacobinisme","datePublished":"2019-08-03T12:55:57+00:00","dateModified":"2019-08-03T13:00:32+00:00","mainEntityOfPage":{"@id":"https:\/\/www.incaudavenenum.org\/cut.the.crap\/jacobinisme\/"},"wordCount":451,"commentCount":0,"publisher":{"@id":"https:\/\/www.incaudavenenum.org\/cut.the.crap\/#organization"},"keywords":["Marc Belissa","r\u00e9volution","Robespierre","Yannick Bosc"],"articleSection":["Citations","Lectures"],"inLanguage":"fr-FR","potentialAction":[{"@type":"CommentAction","name":"Comment","target":["https:\/\/www.incaudavenenum.org\/cut.the.crap\/jacobinisme\/#respond"]}]},{"@type":"WebPage","@id":"https:\/\/www.incaudavenenum.org\/cut.the.crap\/jacobinisme\/","url":"https:\/\/www.incaudavenenum.org\/cut.the.crap\/jacobinisme\/","name":"Jacobinisme - Cut The Crap","isPartOf":{"@id":"https:\/\/www.incaudavenenum.org\/cut.the.crap\/#website"},"datePublished":"2019-08-03T12:55:57+00:00","dateModified":"2019-08-03T13:00:32+00:00","breadcrumb":{"@id":"https:\/\/www.incaudavenenum.org\/cut.the.crap\/jacobinisme\/#breadcrumb"},"inLanguage":"fr-FR","potentialAction":[{"@type":"ReadAction","target":["https:\/\/www.incaudavenenum.org\/cut.the.crap\/jacobinisme\/"]}]},{"@type":"BreadcrumbList","@id":"https:\/\/www.incaudavenenum.org\/cut.the.crap\/jacobinisme\/#breadcrumb","itemListElement":[{"@type":"ListItem","position":1,"name":"Accueil","item":"https:\/\/www.incaudavenenum.org\/cut.the.crap\/"},{"@type":"ListItem","position":2,"name":"Jacobinisme"}]},{"@type":"WebSite","@id":"https:\/\/www.incaudavenenum.org\/cut.the.crap\/#website","url":"https:\/\/www.incaudavenenum.org\/cut.the.crap\/","name":"Cut The Crap","description":"Blog de gauche","publisher":{"@id":"https:\/\/www.incaudavenenum.org\/cut.the.crap\/#organization"},"potentialAction":[{"@type":"SearchAction","target":{"@type":"EntryPoint","urlTemplate":"https:\/\/www.incaudavenenum.org\/cut.the.crap\/?s={search_term_string}"},"query-input":{"@type":"PropertyValueSpecification","valueRequired":true,"valueName":"search_term_string"}}],"inLanguage":"fr-FR"},{"@type":"Organization","@id":"https:\/\/www.incaudavenenum.org\/cut.the.crap\/#organization","name":"Cut The Crap","url":"https:\/\/www.incaudavenenum.org\/cut.the.crap\/","logo":{"@type":"ImageObject","inLanguage":"fr-FR","@id":"https:\/\/www.incaudavenenum.org\/cut.the.crap\/#\/schema\/logo\/image\/","url":"https:\/\/i1.wp.com\/www.incaudavenenum.org\/cut.the.crap\/wp-content\/uploads\/2018\/01\/cTc.png?fit=100%2C95","contentUrl":"https:\/\/i1.wp.com\/www.incaudavenenum.org\/cut.the.crap\/wp-content\/uploads\/2018\/01\/cTc.png?fit=100%2C95","width":100,"height":95,"caption":"Cut The Crap"},"image":{"@id":"https:\/\/www.incaudavenenum.org\/cut.the.crap\/#\/schema\/logo\/image\/"},"sameAs":["https:\/\/www.facebook.com\/Cut-the-Crap-239882412697830\/","https:\/\/x.com\/cutzecrap"]},{"@type":"Person","@id":"https:\/\/www.incaudavenenum.org\/cut.the.crap\/#\/schema\/person\/39fa901f2f251d6be7e35d8d58a8d1b4","name":"Serge Victor","image":{"@type":"ImageObject","inLanguage":"fr-FR","@id":"https:\/\/secure.gravatar.com\/avatar\/1e2fd85bc69a7e81bf6242704119d1669b9a3ab337deeaf0e9141b764210481a?s=96&d=mm&r=g","url":"https:\/\/secure.gravatar.com\/avatar\/1e2fd85bc69a7e81bf6242704119d1669b9a3ab337deeaf0e9141b764210481a?s=96&d=mm&r=g","contentUrl":"https:\/\/secure.gravatar.com\/avatar\/1e2fd85bc69a7e81bf6242704119d1669b9a3ab337deeaf0e9141b764210481a?s=96&d=mm&r=g","caption":"Serge Victor"},"description":"Militant de gauche, \u00e9cosocialiste, f\u00e9ministe, autogestionnaire","sameAs":["https:\/\/www.incaudavenenum.org\/cut.the.crap\/","https:\/\/www.facebook.com\/cut.the.crap.free.fr","https:\/\/x.com\/cutzecrap"],"url":"https:\/\/www.incaudavenenum.org\/cut.the.crap\/author\/sergevictor\/"}]}},"jetpack_publicize_connections":[],"jetpack_featured_media_url":"","jetpack_shortlink":"https:\/\/wp.me\/p9z98q-sg","jetpack_likes_enabled":true,"jetpack-related-posts":[{"id":2111,"url":"https:\/\/www.incaudavenenum.org\/cut.the.crap\/un-grand-pouvoir-des-retraites-implique-la-retraite-du-pouvoir\/","url_meta":{"origin":1752,"position":0},"title":"Un grand pouvoir des retraites implique la retraite du pouvoir","author":"Serge Victor","date":"30 mars 2023","format":"quote","excerpt":"\"La retraite est une r\u00e9alit\u00e9 in\u00e9dite dans sa signification de fond. Nous savons tous que la pension rel\u00e8ve du droit du travail\u00a0: elle n'est ni un patrimoine relevant du droit de propri\u00e9t\u00e9, ni une allocation relevant du droit de l'aide sociale. Or, aucune autre ressource li\u00e9e au travail de la\u2026","rel":"","context":"Dans &quot;Citations&quot;","block_context":{"text":"Citations","link":"https:\/\/www.incaudavenenum.org\/cut.the.crap\/category\/lectures\/citations\/"},"img":{"alt_text":"","src":"","width":0,"height":0},"classes":[]},{"id":1820,"url":"https:\/\/www.incaudavenenum.org\/cut.the.crap\/enfer\/","url_meta":{"origin":1752,"position":1},"title":"Enfer","author":"Serge Victor","date":"31 octobre 2019","format":"quote","excerpt":"\"Il n'est pas n\u00e9cessaire d'avoir pass\u00e9 beaucoup de temps dans les institutions-organisations pour s'apercevoir que les enjeux de pouvoir y perturbent sans cesse les enjeux fonctionnels, c'est m\u00eame presque enfoncer une porte ouverte. Certains universitaires, on voit tr\u00e8s vite lesquels, se prennent de passion pour une direction d'UFR, puis de\u2026","rel":"","context":"Dans &quot;Citations&quot;","block_context":{"text":"Citations","link":"https:\/\/www.incaudavenenum.org\/cut.the.crap\/category\/lectures\/citations\/"},"img":{"alt_text":"","src":"","width":0,"height":0},"classes":[]},{"id":1542,"url":"https:\/\/www.incaudavenenum.org\/cut.the.crap\/nasse\/","url_meta":{"origin":1752,"position":2},"title":"Nasse","author":"Serge Victor","date":"17 mars 2019","format":"quote","excerpt":"\"La nasse ne constitue pas seulement une technique de guerre psychologique que le maintien de l'ordre fran\u00e7ais a tardivement import\u00e9e d'Angleterre. La nasse est une image dialectique du pouvoir pr\u00e9sent. C'est la figure d'un pouvoir m\u00e9pris\u00e9, honni, et qui ne fait plus que retenir la population dans ses filets. C'est\u2026","rel":"","context":"Dans &quot;Citations&quot;","block_context":{"text":"Citations","link":"https:\/\/www.incaudavenenum.org\/cut.the.crap\/category\/lectures\/citations\/"},"img":{"alt_text":"","src":"","width":0,"height":0},"classes":[]},{"id":2753,"url":"https:\/\/www.incaudavenenum.org\/cut.the.crap\/faut-il-separer-le-nazi-de-lautiste\/","url_meta":{"origin":1752,"position":3},"title":"Faut-il s\u00e9parer le nazi de l&rsquo;autiste ?","author":"Serge Victor","date":"21 janvier 2025","format":false,"excerpt":"Il para\u00eet qu\u2019Elon Musk, lundi 20 janvier 2025, n\u2019a pas fait un salut nazi mais a envoy\u00e9 des petits c\u0153urs \u00e0 ses fans, dans un geste qu\u2019il faut voir comme une maladresse li\u00e9e peut-\u00eatre \u00e0 son trouble autistique. Elon Musk faisant un salut nazi Moi qui bosse avec pas mal\u2026","rel":"","context":"Dans &quot;Novlangue&quot;","block_context":{"text":"Novlangue","link":"https:\/\/www.incaudavenenum.org\/cut.the.crap\/category\/novlangue-2\/"},"img":{"alt_text":"","src":"https:\/\/i0.wp.com\/www.incaudavenenum.org\/cut.the.crap\/wp-content\/uploads\/2025\/01\/IMG_6768.jpg?resize=350%2C200&ssl=1","width":350,"height":200,"srcset":"https:\/\/i0.wp.com\/www.incaudavenenum.org\/cut.the.crap\/wp-content\/uploads\/2025\/01\/IMG_6768.jpg?resize=350%2C200&ssl=1 1x, https:\/\/i0.wp.com\/www.incaudavenenum.org\/cut.the.crap\/wp-content\/uploads\/2025\/01\/IMG_6768.jpg?resize=525%2C300&ssl=1 1.5x, https:\/\/i0.wp.com\/www.incaudavenenum.org\/cut.the.crap\/wp-content\/uploads\/2025\/01\/IMG_6768.jpg?resize=700%2C400&ssl=1 2x"},"classes":[]},{"id":2226,"url":"https:\/\/www.incaudavenenum.org\/cut.the.crap\/cessons-les-querelles-semantiques-a-la-con\/","url_meta":{"origin":1752,"position":4},"title":"Cessons les querelles s\u00e9mantiques \u00e0 la con","author":"Serge Victor","date":"11 novembre 2023","format":false,"excerpt":"Le colonialisme isra\u00e9lien, n\u00e9 de la transposition chez les Juifs pers\u00e9cut\u00e9s en Europe du colonialisme blanc, et qui g\u00e9n\u00e8re \u00e0 son tour apartheid, crimes de guerre et crimes contre l'humanit\u00e9 visant le peuple palestinien, suscite une l\u00e9gitime r\u00e9sistance depuis 75 ans. Le Hamas est un organe islamiste r\u00e9actionnaire et antis\u00e9mite\u2026","rel":"","context":"Dans &quot;R\u00e9sistance&quot;","block_context":{"text":"R\u00e9sistance","link":"https:\/\/www.incaudavenenum.org\/cut.the.crap\/category\/resistance\/"},"img":{"alt_text":"","src":"","width":0,"height":0},"classes":[]},{"id":1938,"url":"https:\/\/www.incaudavenenum.org\/cut.the.crap\/presse-libre\/","url_meta":{"origin":1752,"position":5},"title":"Presse libre","author":"Serge Victor","date":"27 mars 2021","format":false,"excerpt":"\"Que les capitalistes investissant dans la presse l\u00e2chent la rentabilit\u00e9 financi\u00e8re, \u00e7a n'\u00e9tait pas tr\u00e8s difficile \u00e0 comprendre\u00a0: le pouvoir d'influence vaut bien quelques fonds perdus, il r\u00e9sulte que les propri\u00e9taires seront d'autant moins enclins \u00e0 partager le pouvoir qu'il leur reste\u00a0\u2014 le pouvoir de la ligne. Ou alors il\u2026","rel":"","context":"Dans &quot;Citations&quot;","block_context":{"text":"Citations","link":"https:\/\/www.incaudavenenum.org\/cut.the.crap\/category\/lectures\/citations\/"},"img":{"alt_text":"","src":"","width":0,"height":0},"classes":[]}],"jetpack_sharing_enabled":true,"_links":{"self":[{"href":"https:\/\/www.incaudavenenum.org\/cut.the.crap\/wp-json\/wp\/v2\/posts\/1752","targetHints":{"allow":["GET"]}}],"collection":[{"href":"https:\/\/www.incaudavenenum.org\/cut.the.crap\/wp-json\/wp\/v2\/posts"}],"about":[{"href":"https:\/\/www.incaudavenenum.org\/cut.the.crap\/wp-json\/wp\/v2\/types\/post"}],"author":[{"embeddable":true,"href":"https:\/\/www.incaudavenenum.org\/cut.the.crap\/wp-json\/wp\/v2\/users\/1"}],"replies":[{"embeddable":true,"href":"https:\/\/www.incaudavenenum.org\/cut.the.crap\/wp-json\/wp\/v2\/comments?post=1752"}],"version-history":[{"count":2,"href":"https:\/\/www.incaudavenenum.org\/cut.the.crap\/wp-json\/wp\/v2\/posts\/1752\/revisions"}],"predecessor-version":[{"id":1755,"href":"https:\/\/www.incaudavenenum.org\/cut.the.crap\/wp-json\/wp\/v2\/posts\/1752\/revisions\/1755"}],"wp:attachment":[{"href":"https:\/\/www.incaudavenenum.org\/cut.the.crap\/wp-json\/wp\/v2\/media?parent=1752"}],"wp:term":[{"taxonomy":"category","embeddable":true,"href":"https:\/\/www.incaudavenenum.org\/cut.the.crap\/wp-json\/wp\/v2\/categories?post=1752"},{"taxonomy":"post_tag","embeddable":true,"href":"https:\/\/www.incaudavenenum.org\/cut.the.crap\/wp-json\/wp\/v2\/tags?post=1752"}],"curies":[{"name":"wp","href":"https:\/\/api.w.org\/{rel}","templated":true}]}}