{"id":1834,"date":"2019-11-17T13:53:47","date_gmt":"2019-11-17T11:53:47","guid":{"rendered":"http:\/\/www.incaudavenenum.org\/cut.the.crap\/?p=1834"},"modified":"2019-11-17T13:53:49","modified_gmt":"2019-11-17T11:53:49","slug":"etat-democratique","status":"publish","type":"post","link":"https:\/\/www.incaudavenenum.org\/cut.the.crap\/etat-democratique\/","title":{"rendered":"Etat d\u00e9mocratique"},"content":{"rendered":"\n<p>\u00ab\u00a0L&rsquo;Etat nouveau, l&rsquo;Etat d\u00e9mocratique ne se r\u00e9clame plus d&rsquo;un principe traditionnel, il ne se r\u00e9clame plus d&rsquo;une cons\u00e9cration surnaturelle ou d&rsquo;une l\u00e9gitimit\u00e9 historique\u00a0; il ne se l\u00e9gitime lui-m\u00eame, il ne se justifie lui-m\u00eame que par le droit des individus garanti par lui\u00a0; il se d\u00e9finit lui-m\u00eame comme le contrat implicite des volont\u00e9s libres et \u00e9gales, cherchant dans sa souverainet\u00e9 la garantie de leur libre d\u00e9veloppement.\u00a0\u00bb<\/p>\n\n\n\n<p class=\"has-text-align-right\">Jean Jaur\u00e8s, Discours \u00e0 la chambre des d\u00e9put\u00e9s,<br>S\u00e9ance du jeudi 3 mars 1904,<br>in\u00a0<em>L\u2019Eglise et la la\u00efcit\u00e9<\/em>, Spartacus, 1946<\/p>\n\n\n\n<p><\/p>\n","protected":false},"excerpt":{"rendered":"<p>\u00ab\u00a0L&rsquo;Etat nouveau, l&rsquo;Etat d\u00e9mocratique ne se r\u00e9clame plus d&rsquo;un principe traditionnel, il ne se r\u00e9clame plus d&rsquo;une cons\u00e9cration surnaturelle ou d&rsquo;une l\u00e9gitimit\u00e9 historique\u00a0; il ne se l\u00e9gitime lui-m\u00eame, il ne se justifie lui-m\u00eame que par le droit des individus garanti par lui\u00a0; il se d\u00e9finit lui-m\u00eame comme le contrat implicite des volont\u00e9s libres et \u00e9gales, &hellip; <a href=\"https:\/\/www.incaudavenenum.org\/cut.the.crap\/etat-democratique\/\" class=\"more-link\">Continuer la lecture<span class=\"screen-reader-text\"> de &laquo;&nbsp;Etat d\u00e9mocratique&nbsp;&raquo;<\/span><\/a><\/p>\n","protected":false},"author":1,"featured_media":0,"comment_status":"open","ping_status":"open","sticky":false,"template":"","format":"quote","meta":{"jetpack_post_was_ever_published":false,"_jetpack_newsletter_access":"","_jetpack_dont_email_post_to_subs":false,"_jetpack_newsletter_tier_id":0,"_jetpack_memberships_contains_paywalled_content":false,"_jetpack_memberships_contains_paid_content":false,"footnotes":"","jetpack_publicize_message":"","jetpack_publicize_feature_enabled":true,"jetpack_social_post_already_shared":true,"jetpack_social_options":{"image_generator_settings":{"template":"highway","default_image_id":0,"font":"","enabled":false},"version":2}},"categories":[361,4],"tags":[81,603,475],"class_list":["post-1834","post","type-post","status-publish","format-quote","hentry","category-citations","category-lectures","tag-democratie","tag-etat","tag-jean-jaures","post_format-post-format-quote"],"yoast_head":"<!-- This site is optimized with the Yoast SEO plugin v27.5 - https:\/\/yoast.com\/product\/yoast-seo-wordpress\/ -->\n<title>Etat d\u00e9mocratique - Cut The Crap<\/title>\n<meta name=\"robots\" content=\"index, follow, max-snippet:-1, max-image-preview:large, max-video-preview:-1\" \/>\n<link rel=\"canonical\" href=\"https:\/\/www.incaudavenenum.org\/cut.the.crap\/etat-democratique\/\" \/>\n<meta property=\"og:locale\" content=\"fr_FR\" \/>\n<meta property=\"og:type\" content=\"article\" \/>\n<meta property=\"og:title\" content=\"Etat d\u00e9mocratique - Cut The Crap\" \/>\n<meta property=\"og:description\" content=\"\u00ab\u00a0L&rsquo;Etat nouveau, l&rsquo;Etat d\u00e9mocratique ne se r\u00e9clame plus d&rsquo;un principe traditionnel, il ne se r\u00e9clame plus d&rsquo;une cons\u00e9cration surnaturelle ou d&rsquo;une l\u00e9gitimit\u00e9 historique\u00a0; il ne se l\u00e9gitime lui-m\u00eame, il ne se justifie lui-m\u00eame que par le droit des individus garanti par lui\u00a0; il se d\u00e9finit lui-m\u00eame comme le contrat implicite des volont\u00e9s libres et \u00e9gales, &hellip; Continuer la lecture de &laquo;&nbsp;Etat d\u00e9mocratique&nbsp;&raquo;\" \/>\n<meta property=\"og:url\" content=\"https:\/\/www.incaudavenenum.org\/cut.the.crap\/etat-democratique\/\" \/>\n<meta property=\"og:site_name\" content=\"Cut The Crap\" \/>\n<meta property=\"article:publisher\" content=\"https:\/\/www.facebook.com\/Cut-the-Crap-239882412697830\/\" \/>\n<meta property=\"article:author\" content=\"https:\/\/www.facebook.com\/cut.the.crap.free.fr\" \/>\n<meta property=\"article:published_time\" content=\"2019-11-17T11:53:47+00:00\" \/>\n<meta property=\"article:modified_time\" content=\"2019-11-17T11:53:49+00:00\" \/>\n<meta property=\"og:image\" content=\"https:\/\/i2.wp.com\/www.incaudavenenum.org\/cut.the.crap\/wp-content\/uploads\/2019\/11\/jaure\u0300s.jpg?fit=368%2C499&ssl=1\" \/>\n\t<meta property=\"og:image:width\" content=\"368\" \/>\n\t<meta property=\"og:image:height\" content=\"499\" \/>\n\t<meta property=\"og:image:type\" content=\"image\/jpeg\" \/>\n<meta name=\"author\" content=\"Serge Victor\" \/>\n<meta name=\"twitter:card\" content=\"summary_large_image\" \/>\n<meta name=\"twitter:image\" content=\"https:\/\/i0.wp.com\/www.incaudavenenum.org\/cut.the.crap\/wp-content\/uploads\/2019\/11\/jaure%CC%80s.jpg?fit=368%2C499&ssl=1\" \/>\n<meta name=\"twitter:creator\" content=\"@cutzecrap\" \/>\n<meta name=\"twitter:site\" content=\"@cutzecrap\" \/>\n<meta name=\"twitter:label1\" content=\"\u00c9crit par\" \/>\n\t<meta name=\"twitter:data1\" content=\"Serge Victor\" \/>\n\t<meta name=\"twitter:label2\" content=\"Dur\u00e9e de lecture estim\u00e9e\" \/>\n\t<meta name=\"twitter:data2\" content=\"1 minute\" \/>\n<script type=\"application\/ld+json\" class=\"yoast-schema-graph\">{\"@context\":\"https:\\\/\\\/schema.org\",\"@graph\":[{\"@type\":\"Article\",\"@id\":\"https:\\\/\\\/www.incaudavenenum.org\\\/cut.the.crap\\\/etat-democratique\\\/#article\",\"isPartOf\":{\"@id\":\"https:\\\/\\\/www.incaudavenenum.org\\\/cut.the.crap\\\/etat-democratique\\\/\"},\"author\":{\"name\":\"Serge Victor\",\"@id\":\"https:\\\/\\\/www.incaudavenenum.org\\\/cut.the.crap\\\/#\\\/schema\\\/person\\\/39fa901f2f251d6be7e35d8d58a8d1b4\"},\"headline\":\"Etat d\u00e9mocratique\",\"datePublished\":\"2019-11-17T11:53:47+00:00\",\"dateModified\":\"2019-11-17T11:53:49+00:00\",\"mainEntityOfPage\":{\"@id\":\"https:\\\/\\\/www.incaudavenenum.org\\\/cut.the.crap\\\/etat-democratique\\\/\"},\"wordCount\":108,\"commentCount\":0,\"publisher\":{\"@id\":\"https:\\\/\\\/www.incaudavenenum.org\\\/cut.the.crap\\\/#organization\"},\"keywords\":[\"d\u00e9mocratie\",\"Etat\",\"Jean Jaur\u00e8s\"],\"articleSection\":[\"Citations\",\"Lectures\"],\"inLanguage\":\"fr-FR\",\"potentialAction\":[{\"@type\":\"CommentAction\",\"name\":\"Comment\",\"target\":[\"https:\\\/\\\/www.incaudavenenum.org\\\/cut.the.crap\\\/etat-democratique\\\/#respond\"]}]},{\"@type\":\"WebPage\",\"@id\":\"https:\\\/\\\/www.incaudavenenum.org\\\/cut.the.crap\\\/etat-democratique\\\/\",\"url\":\"https:\\\/\\\/www.incaudavenenum.org\\\/cut.the.crap\\\/etat-democratique\\\/\",\"name\":\"Etat d\u00e9mocratique - Cut The Crap\",\"isPartOf\":{\"@id\":\"https:\\\/\\\/www.incaudavenenum.org\\\/cut.the.crap\\\/#website\"},\"datePublished\":\"2019-11-17T11:53:47+00:00\",\"dateModified\":\"2019-11-17T11:53:49+00:00\",\"breadcrumb\":{\"@id\":\"https:\\\/\\\/www.incaudavenenum.org\\\/cut.the.crap\\\/etat-democratique\\\/#breadcrumb\"},\"inLanguage\":\"fr-FR\",\"potentialAction\":[{\"@type\":\"ReadAction\",\"target\":[\"https:\\\/\\\/www.incaudavenenum.org\\\/cut.the.crap\\\/etat-democratique\\\/\"]}]},{\"@type\":\"BreadcrumbList\",\"@id\":\"https:\\\/\\\/www.incaudavenenum.org\\\/cut.the.crap\\\/etat-democratique\\\/#breadcrumb\",\"itemListElement\":[{\"@type\":\"ListItem\",\"position\":1,\"name\":\"Accueil\",\"item\":\"https:\\\/\\\/www.incaudavenenum.org\\\/cut.the.crap\\\/\"},{\"@type\":\"ListItem\",\"position\":2,\"name\":\"Etat d\u00e9mocratique\"}]},{\"@type\":\"WebSite\",\"@id\":\"https:\\\/\\\/www.incaudavenenum.org\\\/cut.the.crap\\\/#website\",\"url\":\"https:\\\/\\\/www.incaudavenenum.org\\\/cut.the.crap\\\/\",\"name\":\"Cut The Crap\",\"description\":\"Blog de gauche\",\"publisher\":{\"@id\":\"https:\\\/\\\/www.incaudavenenum.org\\\/cut.the.crap\\\/#organization\"},\"potentialAction\":[{\"@type\":\"SearchAction\",\"target\":{\"@type\":\"EntryPoint\",\"urlTemplate\":\"https:\\\/\\\/www.incaudavenenum.org\\\/cut.the.crap\\\/?s={search_term_string}\"},\"query-input\":{\"@type\":\"PropertyValueSpecification\",\"valueRequired\":true,\"valueName\":\"search_term_string\"}}],\"inLanguage\":\"fr-FR\"},{\"@type\":\"Organization\",\"@id\":\"https:\\\/\\\/www.incaudavenenum.org\\\/cut.the.crap\\\/#organization\",\"name\":\"Cut The Crap\",\"url\":\"https:\\\/\\\/www.incaudavenenum.org\\\/cut.the.crap\\\/\",\"logo\":{\"@type\":\"ImageObject\",\"inLanguage\":\"fr-FR\",\"@id\":\"https:\\\/\\\/www.incaudavenenum.org\\\/cut.the.crap\\\/#\\\/schema\\\/logo\\\/image\\\/\",\"url\":\"https:\\\/\\\/i1.wp.com\\\/www.incaudavenenum.org\\\/cut.the.crap\\\/wp-content\\\/uploads\\\/2018\\\/01\\\/cTc.png?fit=100%2C95\",\"contentUrl\":\"https:\\\/\\\/i1.wp.com\\\/www.incaudavenenum.org\\\/cut.the.crap\\\/wp-content\\\/uploads\\\/2018\\\/01\\\/cTc.png?fit=100%2C95\",\"width\":100,\"height\":95,\"caption\":\"Cut The Crap\"},\"image\":{\"@id\":\"https:\\\/\\\/www.incaudavenenum.org\\\/cut.the.crap\\\/#\\\/schema\\\/logo\\\/image\\\/\"},\"sameAs\":[\"https:\\\/\\\/www.facebook.com\\\/Cut-the-Crap-239882412697830\\\/\",\"https:\\\/\\\/x.com\\\/cutzecrap\"]},{\"@type\":\"Person\",\"@id\":\"https:\\\/\\\/www.incaudavenenum.org\\\/cut.the.crap\\\/#\\\/schema\\\/person\\\/39fa901f2f251d6be7e35d8d58a8d1b4\",\"name\":\"Serge Victor\",\"image\":{\"@type\":\"ImageObject\",\"inLanguage\":\"fr-FR\",\"@id\":\"https:\\\/\\\/secure.gravatar.com\\\/avatar\\\/1e2fd85bc69a7e81bf6242704119d1669b9a3ab337deeaf0e9141b764210481a?s=96&d=mm&r=g\",\"url\":\"https:\\\/\\\/secure.gravatar.com\\\/avatar\\\/1e2fd85bc69a7e81bf6242704119d1669b9a3ab337deeaf0e9141b764210481a?s=96&d=mm&r=g\",\"contentUrl\":\"https:\\\/\\\/secure.gravatar.com\\\/avatar\\\/1e2fd85bc69a7e81bf6242704119d1669b9a3ab337deeaf0e9141b764210481a?s=96&d=mm&r=g\",\"caption\":\"Serge Victor\"},\"description\":\"Militant de gauche, \u00e9cosocialiste, f\u00e9ministe, autogestionnaire\",\"sameAs\":[\"https:\\\/\\\/www.incaudavenenum.org\\\/cut.the.crap\\\/\",\"https:\\\/\\\/www.facebook.com\\\/cut.the.crap.free.fr\",\"https:\\\/\\\/x.com\\\/cutzecrap\"],\"url\":\"https:\\\/\\\/www.incaudavenenum.org\\\/cut.the.crap\\\/author\\\/sergevictor\\\/\"}]}<\/script>\n<!-- \/ Yoast SEO plugin. -->","yoast_head_json":{"title":"Etat d\u00e9mocratique - Cut The Crap","robots":{"index":"index","follow":"follow","max-snippet":"max-snippet:-1","max-image-preview":"max-image-preview:large","max-video-preview":"max-video-preview:-1"},"canonical":"https:\/\/www.incaudavenenum.org\/cut.the.crap\/etat-democratique\/","og_locale":"fr_FR","og_type":"article","og_title":"Etat d\u00e9mocratique - Cut The Crap","og_description":"\u00ab\u00a0L&rsquo;Etat nouveau, l&rsquo;Etat d\u00e9mocratique ne se r\u00e9clame plus d&rsquo;un principe traditionnel, il ne se r\u00e9clame plus d&rsquo;une cons\u00e9cration surnaturelle ou d&rsquo;une l\u00e9gitimit\u00e9 historique\u00a0; il ne se l\u00e9gitime lui-m\u00eame, il ne se justifie lui-m\u00eame que par le droit des individus garanti par lui\u00a0; il se d\u00e9finit lui-m\u00eame comme le contrat implicite des volont\u00e9s libres et \u00e9gales, &hellip; Continuer la lecture de &laquo;&nbsp;Etat d\u00e9mocratique&nbsp;&raquo;","og_url":"https:\/\/www.incaudavenenum.org\/cut.the.crap\/etat-democratique\/","og_site_name":"Cut The Crap","article_publisher":"https:\/\/www.facebook.com\/Cut-the-Crap-239882412697830\/","article_author":"https:\/\/www.facebook.com\/cut.the.crap.free.fr","article_published_time":"2019-11-17T11:53:47+00:00","article_modified_time":"2019-11-17T11:53:49+00:00","og_image":[{"width":368,"height":499,"url":"https:\/\/i2.wp.com\/www.incaudavenenum.org\/cut.the.crap\/wp-content\/uploads\/2019\/11\/jaure\u0300s.jpg?fit=368%2C499&ssl=1","type":"image\/jpeg"}],"author":"Serge Victor","twitter_card":"summary_large_image","twitter_image":"https:\/\/i0.wp.com\/www.incaudavenenum.org\/cut.the.crap\/wp-content\/uploads\/2019\/11\/jaure%CC%80s.jpg?fit=368%2C499&ssl=1","twitter_creator":"@cutzecrap","twitter_site":"@cutzecrap","twitter_misc":{"\u00c9crit par":"Serge Victor","Dur\u00e9e de lecture estim\u00e9e":"1 minute"},"schema":{"@context":"https:\/\/schema.org","@graph":[{"@type":"Article","@id":"https:\/\/www.incaudavenenum.org\/cut.the.crap\/etat-democratique\/#article","isPartOf":{"@id":"https:\/\/www.incaudavenenum.org\/cut.the.crap\/etat-democratique\/"},"author":{"name":"Serge Victor","@id":"https:\/\/www.incaudavenenum.org\/cut.the.crap\/#\/schema\/person\/39fa901f2f251d6be7e35d8d58a8d1b4"},"headline":"Etat d\u00e9mocratique","datePublished":"2019-11-17T11:53:47+00:00","dateModified":"2019-11-17T11:53:49+00:00","mainEntityOfPage":{"@id":"https:\/\/www.incaudavenenum.org\/cut.the.crap\/etat-democratique\/"},"wordCount":108,"commentCount":0,"publisher":{"@id":"https:\/\/www.incaudavenenum.org\/cut.the.crap\/#organization"},"keywords":["d\u00e9mocratie","Etat","Jean Jaur\u00e8s"],"articleSection":["Citations","Lectures"],"inLanguage":"fr-FR","potentialAction":[{"@type":"CommentAction","name":"Comment","target":["https:\/\/www.incaudavenenum.org\/cut.the.crap\/etat-democratique\/#respond"]}]},{"@type":"WebPage","@id":"https:\/\/www.incaudavenenum.org\/cut.the.crap\/etat-democratique\/","url":"https:\/\/www.incaudavenenum.org\/cut.the.crap\/etat-democratique\/","name":"Etat d\u00e9mocratique - Cut The Crap","isPartOf":{"@id":"https:\/\/www.incaudavenenum.org\/cut.the.crap\/#website"},"datePublished":"2019-11-17T11:53:47+00:00","dateModified":"2019-11-17T11:53:49+00:00","breadcrumb":{"@id":"https:\/\/www.incaudavenenum.org\/cut.the.crap\/etat-democratique\/#breadcrumb"},"inLanguage":"fr-FR","potentialAction":[{"@type":"ReadAction","target":["https:\/\/www.incaudavenenum.org\/cut.the.crap\/etat-democratique\/"]}]},{"@type":"BreadcrumbList","@id":"https:\/\/www.incaudavenenum.org\/cut.the.crap\/etat-democratique\/#breadcrumb","itemListElement":[{"@type":"ListItem","position":1,"name":"Accueil","item":"https:\/\/www.incaudavenenum.org\/cut.the.crap\/"},{"@type":"ListItem","position":2,"name":"Etat d\u00e9mocratique"}]},{"@type":"WebSite","@id":"https:\/\/www.incaudavenenum.org\/cut.the.crap\/#website","url":"https:\/\/www.incaudavenenum.org\/cut.the.crap\/","name":"Cut The Crap","description":"Blog de gauche","publisher":{"@id":"https:\/\/www.incaudavenenum.org\/cut.the.crap\/#organization"},"potentialAction":[{"@type":"SearchAction","target":{"@type":"EntryPoint","urlTemplate":"https:\/\/www.incaudavenenum.org\/cut.the.crap\/?s={search_term_string}"},"query-input":{"@type":"PropertyValueSpecification","valueRequired":true,"valueName":"search_term_string"}}],"inLanguage":"fr-FR"},{"@type":"Organization","@id":"https:\/\/www.incaudavenenum.org\/cut.the.crap\/#organization","name":"Cut The Crap","url":"https:\/\/www.incaudavenenum.org\/cut.the.crap\/","logo":{"@type":"ImageObject","inLanguage":"fr-FR","@id":"https:\/\/www.incaudavenenum.org\/cut.the.crap\/#\/schema\/logo\/image\/","url":"https:\/\/i1.wp.com\/www.incaudavenenum.org\/cut.the.crap\/wp-content\/uploads\/2018\/01\/cTc.png?fit=100%2C95","contentUrl":"https:\/\/i1.wp.com\/www.incaudavenenum.org\/cut.the.crap\/wp-content\/uploads\/2018\/01\/cTc.png?fit=100%2C95","width":100,"height":95,"caption":"Cut The Crap"},"image":{"@id":"https:\/\/www.incaudavenenum.org\/cut.the.crap\/#\/schema\/logo\/image\/"},"sameAs":["https:\/\/www.facebook.com\/Cut-the-Crap-239882412697830\/","https:\/\/x.com\/cutzecrap"]},{"@type":"Person","@id":"https:\/\/www.incaudavenenum.org\/cut.the.crap\/#\/schema\/person\/39fa901f2f251d6be7e35d8d58a8d1b4","name":"Serge Victor","image":{"@type":"ImageObject","inLanguage":"fr-FR","@id":"https:\/\/secure.gravatar.com\/avatar\/1e2fd85bc69a7e81bf6242704119d1669b9a3ab337deeaf0e9141b764210481a?s=96&d=mm&r=g","url":"https:\/\/secure.gravatar.com\/avatar\/1e2fd85bc69a7e81bf6242704119d1669b9a3ab337deeaf0e9141b764210481a?s=96&d=mm&r=g","contentUrl":"https:\/\/secure.gravatar.com\/avatar\/1e2fd85bc69a7e81bf6242704119d1669b9a3ab337deeaf0e9141b764210481a?s=96&d=mm&r=g","caption":"Serge Victor"},"description":"Militant de gauche, \u00e9cosocialiste, f\u00e9ministe, autogestionnaire","sameAs":["https:\/\/www.incaudavenenum.org\/cut.the.crap\/","https:\/\/www.facebook.com\/cut.the.crap.free.fr","https:\/\/x.com\/cutzecrap"],"url":"https:\/\/www.incaudavenenum.org\/cut.the.crap\/author\/sergevictor\/"}]}},"jetpack_publicize_connections":[],"jetpack_featured_media_url":"","jetpack_shortlink":"https:\/\/wp.me\/p9z98q-tA","jetpack_likes_enabled":true,"jetpack-related-posts":[{"id":1030,"url":"https:\/\/www.incaudavenenum.org\/cut.the.crap\/balancetonbrighelli\/","url_meta":{"origin":1834,"position":0},"title":"#balancetonbrighelli","author":"Serge Victor","date":"18 novembre 2017","format":"aside","excerpt":"Une camarade m'a fait parvenir r\u00e9cemment un article de la revue Causeur (qui ne fait pas partie habituellement de mes lectures), me le pr\u00e9sentant comme \"int\u00e9ressant\" et me demandant mon avis dessus. \"Int\u00e9ressant\", cet article l'est effectivement \u00e0 plus d'un titre, par le c\u00f4t\u00e9 abjectement r\u00e9actionnaire et phallocrate de la\u2026","rel":"","context":"Dans &quot;Phallocratie&quot;","block_context":{"text":"Phallocratie","link":"https:\/\/www.incaudavenenum.org\/cut.the.crap\/category\/phallocratie\/"},"img":{"alt_text":"","src":"https:\/\/i0.wp.com\/cut.the.crap.free.fr\/wp-content\/uploads\/1064436-giulia-300x118.jpg?resize=350%2C200","width":350,"height":200},"classes":[]},{"id":624,"url":"https:\/\/www.incaudavenenum.org\/cut.the.crap\/merci-pour-le-rapport-de-force\/","url_meta":{"origin":1834,"position":1},"title":"Merci pour le rapport de force","author":"\u1d10T\u1d04","date":"4 d\u00e9cembre 2012","format":false,"excerpt":"Arnaud Montebourg, l'ex-chantre de la d\u00e9mondialisation, a eu beau dire, l'Etat ne nationalisera pas Florange, m\u00eame pas provisoirement, et laissera donc Mittal continuer \u00e0 mentir et \u00e0 sp\u00e9culer avec Goldman Sachs sur le dos des ouvriers. L'ex-presse a promptement glos\u00e9 sur l'humiliation subie par Montebourg, publiquement d\u00e9savou\u00e9 par son premier\u2026","rel":"","context":"Dans &quot;Novlangue&quot;","block_context":{"text":"Novlangue","link":"https:\/\/www.incaudavenenum.org\/cut.the.crap\/category\/novlangue-2\/"},"img":{"alt_text":"","src":"","width":0,"height":0},"classes":[]},{"id":1650,"url":"https:\/\/www.incaudavenenum.org\/cut.the.crap\/ad-hominem\/","url_meta":{"origin":1834,"position":2},"title":"Ad hominem","author":"Serge Victor","date":"26 avril 2019","format":"quote","excerpt":"\"Il est \u00e9vident que l'arme de la critique ne saurait remplacer la critique des armes\u00a0; la force mat\u00e9rielle ne peut \u00eatre abattue que par la force mat\u00e9rielle\u00a0; mais la th\u00e9orie se change, elle aussi, en force mat\u00e9rielle, d\u00e8s qu'elle p\u00e9n\u00e8tre les masses.\u00a0La th\u00e9orie est capable de p\u00e9n\u00e9trer les masses d\u00e8s\u2026","rel":"","context":"Dans &quot;Citations&quot;","block_context":{"text":"Citations","link":"https:\/\/www.incaudavenenum.org\/cut.the.crap\/category\/lectures\/citations\/"},"img":{"alt_text":"","src":"https:\/\/i0.wp.com\/www.incaudavenenum.org\/cut.the.crap\/wp-content\/uploads\/2019\/04\/adhominem.png?resize=350%2C200&ssl=1","width":350,"height":200,"srcset":"https:\/\/i0.wp.com\/www.incaudavenenum.org\/cut.the.crap\/wp-content\/uploads\/2019\/04\/adhominem.png?resize=350%2C200&ssl=1 1x, https:\/\/i0.wp.com\/www.incaudavenenum.org\/cut.the.crap\/wp-content\/uploads\/2019\/04\/adhominem.png?resize=525%2C300&ssl=1 1.5x"},"classes":[]},{"id":557,"url":"https:\/\/www.incaudavenenum.org\/cut.the.crap\/lettre-ouverte-a-un-camarade-de-lo\/","url_meta":{"origin":1834,"position":3},"title":"Lettre ouverte \u00e0 un camarade de LO","author":"Pierre-Joseph de Stal","date":"25 ao\u00fbt 2012","format":false,"excerpt":"Mon dernier billet, qui ironisait sans trop de d\u00e9licatesse sur les accusations port\u00e9es de fa\u00e7on r\u00e9currente par Lutte Ouvri\u00e8re contre le Front de Gauche et contre Jean-Luc M\u00e9lenchon, a suscit\u00e9 un int\u00e9ressant commentaire de Recriweb, militant de LO avec qui j'ai d\u00e9j\u00e0 eu l'occasion de d\u00e9battre bri\u00e8vement (nombre limit\u00e9 de\u2026","rel":"","context":"Dans &quot;Antisocial&quot;","block_context":{"text":"Antisocial","link":"https:\/\/www.incaudavenenum.org\/cut.the.crap\/category\/antisocial\/"},"img":{"alt_text":"","src":"","width":0,"height":0},"classes":[]},{"id":1236,"url":"https:\/\/www.incaudavenenum.org\/cut.the.crap\/postures-impostures-antiracistes\/","url_meta":{"origin":1834,"position":4},"title":"Postures et impostures antiracistes","author":"Serge Victor","date":"17 janvier 2018","format":"aside","excerpt":"Sur le site de la revue lundimatin (hebdomadaire qui publie r\u00e9guli\u00e8rement les pamphlets d'Eric Hazan et dont les Inrocks \u00e9voquent la proximit\u00e9 avec \"Le Comit\u00e9 Invisible\", qui fait publier par ailleurs ses oeuvres par les \u00e9ditions \"La Fabrique\" du m\u00eame Eric Hazan), un texte sign\u00e9 par des personnes se revendiquant\u2026","rel":"","context":"Dans &quot;Antiracisme&quot;","block_context":{"text":"Antiracisme","link":"https:\/\/www.incaudavenenum.org\/cut.the.crap\/category\/antiracisme\/"},"img":{"alt_text":"","src":"","width":0,"height":0},"classes":[]},{"id":1831,"url":"https:\/\/www.incaudavenenum.org\/cut.the.crap\/laicite-2\/","url_meta":{"origin":1834,"position":5},"title":"La\u00efcit\u00e9","author":"Serge Victor","date":"17 novembre 2019","format":"quote","excerpt":"\"C'est l'id\u00e9e du droit que je veux invoquer mais non pas sous sa forme abstraite. Le droit ne peut \u00eatre s\u00e9par\u00e9 du mouvement social, et je veux rechercher comment, depuis un si\u00e8cle, depuis la R\u00e9volution, s'est nou\u00e9 le probl\u00e8me et comment nous pourrons et nous devrons le d\u00e9nouer dans une\u2026","rel":"","context":"Dans &quot;Citations&quot;","block_context":{"text":"Citations","link":"https:\/\/www.incaudavenenum.org\/cut.the.crap\/category\/lectures\/citations\/"},"img":{"alt_text":"","src":"","width":0,"height":0},"classes":[]}],"jetpack_sharing_enabled":true,"_links":{"self":[{"href":"https:\/\/www.incaudavenenum.org\/cut.the.crap\/wp-json\/wp\/v2\/posts\/1834","targetHints":{"allow":["GET"]}}],"collection":[{"href":"https:\/\/www.incaudavenenum.org\/cut.the.crap\/wp-json\/wp\/v2\/posts"}],"about":[{"href":"https:\/\/www.incaudavenenum.org\/cut.the.crap\/wp-json\/wp\/v2\/types\/post"}],"author":[{"embeddable":true,"href":"https:\/\/www.incaudavenenum.org\/cut.the.crap\/wp-json\/wp\/v2\/users\/1"}],"replies":[{"embeddable":true,"href":"https:\/\/www.incaudavenenum.org\/cut.the.crap\/wp-json\/wp\/v2\/comments?post=1834"}],"version-history":[{"count":1,"href":"https:\/\/www.incaudavenenum.org\/cut.the.crap\/wp-json\/wp\/v2\/posts\/1834\/revisions"}],"predecessor-version":[{"id":1835,"href":"https:\/\/www.incaudavenenum.org\/cut.the.crap\/wp-json\/wp\/v2\/posts\/1834\/revisions\/1835"}],"wp:attachment":[{"href":"https:\/\/www.incaudavenenum.org\/cut.the.crap\/wp-json\/wp\/v2\/media?parent=1834"}],"wp:term":[{"taxonomy":"category","embeddable":true,"href":"https:\/\/www.incaudavenenum.org\/cut.the.crap\/wp-json\/wp\/v2\/categories?post=1834"},{"taxonomy":"post_tag","embeddable":true,"href":"https:\/\/www.incaudavenenum.org\/cut.the.crap\/wp-json\/wp\/v2\/tags?post=1834"}],"curies":[{"name":"wp","href":"https:\/\/api.w.org\/{rel}","templated":true}]}}