{"id":1853,"date":"2019-12-02T00:21:41","date_gmt":"2019-12-01T22:21:41","guid":{"rendered":"http:\/\/www.incaudavenenum.org\/cut.the.crap\/?p=1853"},"modified":"2019-12-02T00:21:42","modified_gmt":"2019-12-01T22:21:42","slug":"le-5-decembre-en-greve-jusqua-la-retraite","status":"publish","type":"post","link":"https:\/\/www.incaudavenenum.org\/cut.the.crap\/le-5-decembre-en-greve-jusqua-la-retraite\/","title":{"rendered":"Le 5 d\u00e9cembre\u00a0: en gr\u00e8ve jusqu&rsquo;\u00e0 la retraite\u00a0!"},"content":{"rendered":"\n<figure class=\"wp-block-image size-large\"><img data-recalc-dims=\"1\" loading=\"lazy\" decoding=\"async\" width=\"800\" height=\"574\" data-attachment-id=\"1854\" data-permalink=\"https:\/\/www.incaudavenenum.org\/cut.the.crap\/le-5-decembre-en-greve-jusqua-la-retraite\/greve-retraite\/\" data-orig-file=\"https:\/\/i0.wp.com\/www.incaudavenenum.org\/cut.the.crap\/wp-content\/uploads\/2019\/12\/greve-retraite.jpg?fit=800%2C574&amp;ssl=1\" data-orig-size=\"800,574\" data-comments-opened=\"1\" data-image-meta=\"{&quot;aperture&quot;:&quot;0&quot;,&quot;credit&quot;:&quot;&quot;,&quot;camera&quot;:&quot;&quot;,&quot;caption&quot;:&quot;&quot;,&quot;created_timestamp&quot;:&quot;0&quot;,&quot;copyright&quot;:&quot;&quot;,&quot;focal_length&quot;:&quot;0&quot;,&quot;iso&quot;:&quot;0&quot;,&quot;shutter_speed&quot;:&quot;0&quot;,&quot;title&quot;:&quot;&quot;,&quot;orientation&quot;:&quot;0&quot;}\" data-image-title=\"greve-retraite\" data-image-description=\"\" data-image-caption=\"\" data-large-file=\"https:\/\/i0.wp.com\/www.incaudavenenum.org\/cut.the.crap\/wp-content\/uploads\/2019\/12\/greve-retraite.jpg?fit=800%2C574&amp;ssl=1\" src=\"https:\/\/i0.wp.com\/www.incaudavenenum.org\/cut.the.crap\/wp-content\/uploads\/2019\/12\/greve-retraite.jpg?resize=800%2C574&#038;ssl=1\" alt=\"\" class=\"wp-image-1854\" srcset=\"https:\/\/i0.wp.com\/www.incaudavenenum.org\/cut.the.crap\/wp-content\/uploads\/2019\/12\/greve-retraite.jpg?w=800&amp;ssl=1 800w, https:\/\/i0.wp.com\/www.incaudavenenum.org\/cut.the.crap\/wp-content\/uploads\/2019\/12\/greve-retraite.jpg?resize=300%2C215&amp;ssl=1 300w, https:\/\/i0.wp.com\/www.incaudavenenum.org\/cut.the.crap\/wp-content\/uploads\/2019\/12\/greve-retraite.jpg?resize=768%2C551&amp;ssl=1 768w\" sizes=\"auto, (max-width: 709px) 85vw, (max-width: 909px) 67vw, (max-width: 984px) 61vw, (max-width: 1362px) 45vw, 600px\" \/><figcaption>journal distribu\u00e9 en manif en 2010<\/figcaption><\/figure>\n","protected":false},"excerpt":{"rendered":"","protected":false},"author":1,"featured_media":0,"comment_status":"open","ping_status":"open","sticky":false,"template":"","format":"image","meta":{"jetpack_post_was_ever_published":false,"_jetpack_newsletter_access":"","_jetpack_dont_email_post_to_subs":false,"_jetpack_newsletter_tier_id":0,"_jetpack_memberships_contains_paywalled_content":false,"_jetpack_memberships_contains_paid_content":false,"footnotes":"","jetpack_publicize_message":"","jetpack_publicize_feature_enabled":true,"jetpack_social_post_already_shared":true,"jetpack_social_options":{"image_generator_settings":{"template":"highway","default_image_id":0,"font":"","enabled":false},"version":2}},"categories":[7],"tags":[144,300],"class_list":["post-1853","post","type-post","status-publish","format-image","hentry","category-resistance","tag-greve","tag-retraites","post_format-post-format-image"],"yoast_head":"<!-- This site is optimized with the Yoast SEO plugin v27.5 - https:\/\/yoast.com\/product\/yoast-seo-wordpress\/ -->\n<title>Le 5 d\u00e9cembre\u00a0: en gr\u00e8ve jusqu&#039;\u00e0 la retraite\u00a0! - Cut The Crap<\/title>\n<meta name=\"robots\" content=\"index, follow, max-snippet:-1, max-image-preview:large, max-video-preview:-1\" \/>\n<link rel=\"canonical\" href=\"https:\/\/www.incaudavenenum.org\/cut.the.crap\/le-5-decembre-en-greve-jusqua-la-retraite\/\" \/>\n<meta property=\"og:locale\" content=\"fr_FR\" \/>\n<meta property=\"og:type\" content=\"article\" \/>\n<meta property=\"og:title\" content=\"Le 5 d\u00e9cembre\u00a0: en gr\u00e8ve jusqu&#039;\u00e0 la retraite\u00a0! - Cut The Crap\" \/>\n<meta property=\"og:url\" content=\"https:\/\/www.incaudavenenum.org\/cut.the.crap\/le-5-decembre-en-greve-jusqua-la-retraite\/\" \/>\n<meta property=\"og:site_name\" content=\"Cut The Crap\" \/>\n<meta property=\"article:publisher\" content=\"https:\/\/www.facebook.com\/Cut-the-Crap-239882412697830\/\" \/>\n<meta property=\"article:author\" content=\"https:\/\/www.facebook.com\/cut.the.crap.free.fr\" \/>\n<meta property=\"article:published_time\" content=\"2019-12-01T22:21:41+00:00\" \/>\n<meta property=\"article:modified_time\" content=\"2019-12-01T22:21:42+00:00\" \/>\n<meta property=\"og:image\" content=\"https:\/\/i2.wp.com\/www.incaudavenenum.org\/cut.the.crap\/wp-content\/uploads\/2019\/12\/greve-retraite.jpg?fit=800%2C574&ssl=1\" \/>\n\t<meta property=\"og:image:width\" content=\"800\" \/>\n\t<meta property=\"og:image:height\" content=\"574\" \/>\n\t<meta property=\"og:image:type\" content=\"image\/jpeg\" \/>\n<meta name=\"author\" content=\"Serge Victor\" \/>\n<meta name=\"twitter:card\" content=\"summary_large_image\" \/>\n<meta name=\"twitter:image\" content=\"https:\/\/i0.wp.com\/www.incaudavenenum.org\/cut.the.crap\/wp-content\/uploads\/2019\/12\/greve-retraite.jpg?fit=800%2C574&ssl=1\" \/>\n<meta name=\"twitter:creator\" content=\"@cutzecrap\" \/>\n<meta name=\"twitter:site\" content=\"@cutzecrap\" \/>\n<meta name=\"twitter:label1\" content=\"\u00c9crit par\" \/>\n\t<meta name=\"twitter:data1\" content=\"Serge Victor\" \/>\n<script type=\"application\/ld+json\" class=\"yoast-schema-graph\">{\"@context\":\"https:\\\/\\\/schema.org\",\"@graph\":[{\"@type\":\"Article\",\"@id\":\"https:\\\/\\\/www.incaudavenenum.org\\\/cut.the.crap\\\/le-5-decembre-en-greve-jusqua-la-retraite\\\/#article\",\"isPartOf\":{\"@id\":\"https:\\\/\\\/www.incaudavenenum.org\\\/cut.the.crap\\\/le-5-decembre-en-greve-jusqua-la-retraite\\\/\"},\"author\":{\"name\":\"Serge Victor\",\"@id\":\"https:\\\/\\\/www.incaudavenenum.org\\\/cut.the.crap\\\/#\\\/schema\\\/person\\\/39fa901f2f251d6be7e35d8d58a8d1b4\"},\"headline\":\"Le 5 d\u00e9cembre\u00a0: en gr\u00e8ve jusqu&rsquo;\u00e0 la retraite\u00a0!\",\"datePublished\":\"2019-12-01T22:21:41+00:00\",\"dateModified\":\"2019-12-01T22:21:42+00:00\",\"mainEntityOfPage\":{\"@id\":\"https:\\\/\\\/www.incaudavenenum.org\\\/cut.the.crap\\\/le-5-decembre-en-greve-jusqua-la-retraite\\\/\"},\"wordCount\":14,\"commentCount\":0,\"publisher\":{\"@id\":\"https:\\\/\\\/www.incaudavenenum.org\\\/cut.the.crap\\\/#organization\"},\"image\":{\"@id\":\"https:\\\/\\\/www.incaudavenenum.org\\\/cut.the.crap\\\/le-5-decembre-en-greve-jusqua-la-retraite\\\/#primaryimage\"},\"thumbnailUrl\":\"https:\\\/\\\/www.incaudavenenum.org\\\/cut.the.crap\\\/wp-content\\\/uploads\\\/2019\\\/12\\\/greve-retraite.jpg\",\"keywords\":[\"gr\u00e8ve\",\"retraites\"],\"articleSection\":[\"R\u00e9sistance\"],\"inLanguage\":\"fr-FR\",\"potentialAction\":[{\"@type\":\"CommentAction\",\"name\":\"Comment\",\"target\":[\"https:\\\/\\\/www.incaudavenenum.org\\\/cut.the.crap\\\/le-5-decembre-en-greve-jusqua-la-retraite\\\/#respond\"]}]},{\"@type\":\"WebPage\",\"@id\":\"https:\\\/\\\/www.incaudavenenum.org\\\/cut.the.crap\\\/le-5-decembre-en-greve-jusqua-la-retraite\\\/\",\"url\":\"https:\\\/\\\/www.incaudavenenum.org\\\/cut.the.crap\\\/le-5-decembre-en-greve-jusqua-la-retraite\\\/\",\"name\":\"Le 5 d\u00e9cembre\u00a0: en gr\u00e8ve jusqu'\u00e0 la retraite\u00a0! - Cut The Crap\",\"isPartOf\":{\"@id\":\"https:\\\/\\\/www.incaudavenenum.org\\\/cut.the.crap\\\/#website\"},\"primaryImageOfPage\":{\"@id\":\"https:\\\/\\\/www.incaudavenenum.org\\\/cut.the.crap\\\/le-5-decembre-en-greve-jusqua-la-retraite\\\/#primaryimage\"},\"image\":{\"@id\":\"https:\\\/\\\/www.incaudavenenum.org\\\/cut.the.crap\\\/le-5-decembre-en-greve-jusqua-la-retraite\\\/#primaryimage\"},\"thumbnailUrl\":\"https:\\\/\\\/www.incaudavenenum.org\\\/cut.the.crap\\\/wp-content\\\/uploads\\\/2019\\\/12\\\/greve-retraite.jpg\",\"datePublished\":\"2019-12-01T22:21:41+00:00\",\"dateModified\":\"2019-12-01T22:21:42+00:00\",\"breadcrumb\":{\"@id\":\"https:\\\/\\\/www.incaudavenenum.org\\\/cut.the.crap\\\/le-5-decembre-en-greve-jusqua-la-retraite\\\/#breadcrumb\"},\"inLanguage\":\"fr-FR\",\"potentialAction\":[{\"@type\":\"ReadAction\",\"target\":[\"https:\\\/\\\/www.incaudavenenum.org\\\/cut.the.crap\\\/le-5-decembre-en-greve-jusqua-la-retraite\\\/\"]}]},{\"@type\":\"ImageObject\",\"inLanguage\":\"fr-FR\",\"@id\":\"https:\\\/\\\/www.incaudavenenum.org\\\/cut.the.crap\\\/le-5-decembre-en-greve-jusqua-la-retraite\\\/#primaryimage\",\"url\":\"https:\\\/\\\/i0.wp.com\\\/www.incaudavenenum.org\\\/cut.the.crap\\\/wp-content\\\/uploads\\\/2019\\\/12\\\/greve-retraite.jpg?fit=800%2C574&ssl=1\",\"contentUrl\":\"https:\\\/\\\/i0.wp.com\\\/www.incaudavenenum.org\\\/cut.the.crap\\\/wp-content\\\/uploads\\\/2019\\\/12\\\/greve-retraite.jpg?fit=800%2C574&ssl=1\",\"width\":800,\"height\":574},{\"@type\":\"BreadcrumbList\",\"@id\":\"https:\\\/\\\/www.incaudavenenum.org\\\/cut.the.crap\\\/le-5-decembre-en-greve-jusqua-la-retraite\\\/#breadcrumb\",\"itemListElement\":[{\"@type\":\"ListItem\",\"position\":1,\"name\":\"Accueil\",\"item\":\"https:\\\/\\\/www.incaudavenenum.org\\\/cut.the.crap\\\/\"},{\"@type\":\"ListItem\",\"position\":2,\"name\":\"Le 5 d\u00e9cembre\u00a0: en gr\u00e8ve jusqu&rsquo;\u00e0 la retraite\u00a0!\"}]},{\"@type\":\"WebSite\",\"@id\":\"https:\\\/\\\/www.incaudavenenum.org\\\/cut.the.crap\\\/#website\",\"url\":\"https:\\\/\\\/www.incaudavenenum.org\\\/cut.the.crap\\\/\",\"name\":\"Cut The Crap\",\"description\":\"Blog de gauche\",\"publisher\":{\"@id\":\"https:\\\/\\\/www.incaudavenenum.org\\\/cut.the.crap\\\/#organization\"},\"potentialAction\":[{\"@type\":\"SearchAction\",\"target\":{\"@type\":\"EntryPoint\",\"urlTemplate\":\"https:\\\/\\\/www.incaudavenenum.org\\\/cut.the.crap\\\/?s={search_term_string}\"},\"query-input\":{\"@type\":\"PropertyValueSpecification\",\"valueRequired\":true,\"valueName\":\"search_term_string\"}}],\"inLanguage\":\"fr-FR\"},{\"@type\":\"Organization\",\"@id\":\"https:\\\/\\\/www.incaudavenenum.org\\\/cut.the.crap\\\/#organization\",\"name\":\"Cut The Crap\",\"url\":\"https:\\\/\\\/www.incaudavenenum.org\\\/cut.the.crap\\\/\",\"logo\":{\"@type\":\"ImageObject\",\"inLanguage\":\"fr-FR\",\"@id\":\"https:\\\/\\\/www.incaudavenenum.org\\\/cut.the.crap\\\/#\\\/schema\\\/logo\\\/image\\\/\",\"url\":\"https:\\\/\\\/i1.wp.com\\\/www.incaudavenenum.org\\\/cut.the.crap\\\/wp-content\\\/uploads\\\/2018\\\/01\\\/cTc.png?fit=100%2C95\",\"contentUrl\":\"https:\\\/\\\/i1.wp.com\\\/www.incaudavenenum.org\\\/cut.the.crap\\\/wp-content\\\/uploads\\\/2018\\\/01\\\/cTc.png?fit=100%2C95\",\"width\":100,\"height\":95,\"caption\":\"Cut The Crap\"},\"image\":{\"@id\":\"https:\\\/\\\/www.incaudavenenum.org\\\/cut.the.crap\\\/#\\\/schema\\\/logo\\\/image\\\/\"},\"sameAs\":[\"https:\\\/\\\/www.facebook.com\\\/Cut-the-Crap-239882412697830\\\/\",\"https:\\\/\\\/x.com\\\/cutzecrap\"]},{\"@type\":\"Person\",\"@id\":\"https:\\\/\\\/www.incaudavenenum.org\\\/cut.the.crap\\\/#\\\/schema\\\/person\\\/39fa901f2f251d6be7e35d8d58a8d1b4\",\"name\":\"Serge Victor\",\"image\":{\"@type\":\"ImageObject\",\"inLanguage\":\"fr-FR\",\"@id\":\"https:\\\/\\\/secure.gravatar.com\\\/avatar\\\/1e2fd85bc69a7e81bf6242704119d1669b9a3ab337deeaf0e9141b764210481a?s=96&d=mm&r=g\",\"url\":\"https:\\\/\\\/secure.gravatar.com\\\/avatar\\\/1e2fd85bc69a7e81bf6242704119d1669b9a3ab337deeaf0e9141b764210481a?s=96&d=mm&r=g\",\"contentUrl\":\"https:\\\/\\\/secure.gravatar.com\\\/avatar\\\/1e2fd85bc69a7e81bf6242704119d1669b9a3ab337deeaf0e9141b764210481a?s=96&d=mm&r=g\",\"caption\":\"Serge Victor\"},\"description\":\"Militant de gauche, \u00e9cosocialiste, f\u00e9ministe, autogestionnaire\",\"sameAs\":[\"https:\\\/\\\/www.incaudavenenum.org\\\/cut.the.crap\\\/\",\"https:\\\/\\\/www.facebook.com\\\/cut.the.crap.free.fr\",\"https:\\\/\\\/x.com\\\/cutzecrap\"],\"url\":\"https:\\\/\\\/www.incaudavenenum.org\\\/cut.the.crap\\\/author\\\/sergevictor\\\/\"}]}<\/script>\n<!-- \/ Yoast SEO plugin. -->","yoast_head_json":{"title":"Le 5 d\u00e9cembre\u00a0: en gr\u00e8ve jusqu'\u00e0 la retraite\u00a0! - Cut The Crap","robots":{"index":"index","follow":"follow","max-snippet":"max-snippet:-1","max-image-preview":"max-image-preview:large","max-video-preview":"max-video-preview:-1"},"canonical":"https:\/\/www.incaudavenenum.org\/cut.the.crap\/le-5-decembre-en-greve-jusqua-la-retraite\/","og_locale":"fr_FR","og_type":"article","og_title":"Le 5 d\u00e9cembre\u00a0: en gr\u00e8ve jusqu'\u00e0 la retraite\u00a0! - Cut The Crap","og_url":"https:\/\/www.incaudavenenum.org\/cut.the.crap\/le-5-decembre-en-greve-jusqua-la-retraite\/","og_site_name":"Cut The Crap","article_publisher":"https:\/\/www.facebook.com\/Cut-the-Crap-239882412697830\/","article_author":"https:\/\/www.facebook.com\/cut.the.crap.free.fr","article_published_time":"2019-12-01T22:21:41+00:00","article_modified_time":"2019-12-01T22:21:42+00:00","og_image":[{"width":800,"height":574,"url":"https:\/\/i2.wp.com\/www.incaudavenenum.org\/cut.the.crap\/wp-content\/uploads\/2019\/12\/greve-retraite.jpg?fit=800%2C574&ssl=1","type":"image\/jpeg"}],"author":"Serge Victor","twitter_card":"summary_large_image","twitter_image":"https:\/\/i0.wp.com\/www.incaudavenenum.org\/cut.the.crap\/wp-content\/uploads\/2019\/12\/greve-retraite.jpg?fit=800%2C574&ssl=1","twitter_creator":"@cutzecrap","twitter_site":"@cutzecrap","twitter_misc":{"\u00c9crit par":"Serge Victor"},"schema":{"@context":"https:\/\/schema.org","@graph":[{"@type":"Article","@id":"https:\/\/www.incaudavenenum.org\/cut.the.crap\/le-5-decembre-en-greve-jusqua-la-retraite\/#article","isPartOf":{"@id":"https:\/\/www.incaudavenenum.org\/cut.the.crap\/le-5-decembre-en-greve-jusqua-la-retraite\/"},"author":{"name":"Serge Victor","@id":"https:\/\/www.incaudavenenum.org\/cut.the.crap\/#\/schema\/person\/39fa901f2f251d6be7e35d8d58a8d1b4"},"headline":"Le 5 d\u00e9cembre\u00a0: en gr\u00e8ve jusqu&rsquo;\u00e0 la retraite\u00a0!","datePublished":"2019-12-01T22:21:41+00:00","dateModified":"2019-12-01T22:21:42+00:00","mainEntityOfPage":{"@id":"https:\/\/www.incaudavenenum.org\/cut.the.crap\/le-5-decembre-en-greve-jusqua-la-retraite\/"},"wordCount":14,"commentCount":0,"publisher":{"@id":"https:\/\/www.incaudavenenum.org\/cut.the.crap\/#organization"},"image":{"@id":"https:\/\/www.incaudavenenum.org\/cut.the.crap\/le-5-decembre-en-greve-jusqua-la-retraite\/#primaryimage"},"thumbnailUrl":"https:\/\/www.incaudavenenum.org\/cut.the.crap\/wp-content\/uploads\/2019\/12\/greve-retraite.jpg","keywords":["gr\u00e8ve","retraites"],"articleSection":["R\u00e9sistance"],"inLanguage":"fr-FR","potentialAction":[{"@type":"CommentAction","name":"Comment","target":["https:\/\/www.incaudavenenum.org\/cut.the.crap\/le-5-decembre-en-greve-jusqua-la-retraite\/#respond"]}]},{"@type":"WebPage","@id":"https:\/\/www.incaudavenenum.org\/cut.the.crap\/le-5-decembre-en-greve-jusqua-la-retraite\/","url":"https:\/\/www.incaudavenenum.org\/cut.the.crap\/le-5-decembre-en-greve-jusqua-la-retraite\/","name":"Le 5 d\u00e9cembre\u00a0: en gr\u00e8ve jusqu'\u00e0 la retraite\u00a0! - Cut The Crap","isPartOf":{"@id":"https:\/\/www.incaudavenenum.org\/cut.the.crap\/#website"},"primaryImageOfPage":{"@id":"https:\/\/www.incaudavenenum.org\/cut.the.crap\/le-5-decembre-en-greve-jusqua-la-retraite\/#primaryimage"},"image":{"@id":"https:\/\/www.incaudavenenum.org\/cut.the.crap\/le-5-decembre-en-greve-jusqua-la-retraite\/#primaryimage"},"thumbnailUrl":"https:\/\/www.incaudavenenum.org\/cut.the.crap\/wp-content\/uploads\/2019\/12\/greve-retraite.jpg","datePublished":"2019-12-01T22:21:41+00:00","dateModified":"2019-12-01T22:21:42+00:00","breadcrumb":{"@id":"https:\/\/www.incaudavenenum.org\/cut.the.crap\/le-5-decembre-en-greve-jusqua-la-retraite\/#breadcrumb"},"inLanguage":"fr-FR","potentialAction":[{"@type":"ReadAction","target":["https:\/\/www.incaudavenenum.org\/cut.the.crap\/le-5-decembre-en-greve-jusqua-la-retraite\/"]}]},{"@type":"ImageObject","inLanguage":"fr-FR","@id":"https:\/\/www.incaudavenenum.org\/cut.the.crap\/le-5-decembre-en-greve-jusqua-la-retraite\/#primaryimage","url":"https:\/\/i0.wp.com\/www.incaudavenenum.org\/cut.the.crap\/wp-content\/uploads\/2019\/12\/greve-retraite.jpg?fit=800%2C574&ssl=1","contentUrl":"https:\/\/i0.wp.com\/www.incaudavenenum.org\/cut.the.crap\/wp-content\/uploads\/2019\/12\/greve-retraite.jpg?fit=800%2C574&ssl=1","width":800,"height":574},{"@type":"BreadcrumbList","@id":"https:\/\/www.incaudavenenum.org\/cut.the.crap\/le-5-decembre-en-greve-jusqua-la-retraite\/#breadcrumb","itemListElement":[{"@type":"ListItem","position":1,"name":"Accueil","item":"https:\/\/www.incaudavenenum.org\/cut.the.crap\/"},{"@type":"ListItem","position":2,"name":"Le 5 d\u00e9cembre\u00a0: en gr\u00e8ve jusqu&rsquo;\u00e0 la retraite\u00a0!"}]},{"@type":"WebSite","@id":"https:\/\/www.incaudavenenum.org\/cut.the.crap\/#website","url":"https:\/\/www.incaudavenenum.org\/cut.the.crap\/","name":"Cut The Crap","description":"Blog de gauche","publisher":{"@id":"https:\/\/www.incaudavenenum.org\/cut.the.crap\/#organization"},"potentialAction":[{"@type":"SearchAction","target":{"@type":"EntryPoint","urlTemplate":"https:\/\/www.incaudavenenum.org\/cut.the.crap\/?s={search_term_string}"},"query-input":{"@type":"PropertyValueSpecification","valueRequired":true,"valueName":"search_term_string"}}],"inLanguage":"fr-FR"},{"@type":"Organization","@id":"https:\/\/www.incaudavenenum.org\/cut.the.crap\/#organization","name":"Cut The Crap","url":"https:\/\/www.incaudavenenum.org\/cut.the.crap\/","logo":{"@type":"ImageObject","inLanguage":"fr-FR","@id":"https:\/\/www.incaudavenenum.org\/cut.the.crap\/#\/schema\/logo\/image\/","url":"https:\/\/i1.wp.com\/www.incaudavenenum.org\/cut.the.crap\/wp-content\/uploads\/2018\/01\/cTc.png?fit=100%2C95","contentUrl":"https:\/\/i1.wp.com\/www.incaudavenenum.org\/cut.the.crap\/wp-content\/uploads\/2018\/01\/cTc.png?fit=100%2C95","width":100,"height":95,"caption":"Cut The Crap"},"image":{"@id":"https:\/\/www.incaudavenenum.org\/cut.the.crap\/#\/schema\/logo\/image\/"},"sameAs":["https:\/\/www.facebook.com\/Cut-the-Crap-239882412697830\/","https:\/\/x.com\/cutzecrap"]},{"@type":"Person","@id":"https:\/\/www.incaudavenenum.org\/cut.the.crap\/#\/schema\/person\/39fa901f2f251d6be7e35d8d58a8d1b4","name":"Serge Victor","image":{"@type":"ImageObject","inLanguage":"fr-FR","@id":"https:\/\/secure.gravatar.com\/avatar\/1e2fd85bc69a7e81bf6242704119d1669b9a3ab337deeaf0e9141b764210481a?s=96&d=mm&r=g","url":"https:\/\/secure.gravatar.com\/avatar\/1e2fd85bc69a7e81bf6242704119d1669b9a3ab337deeaf0e9141b764210481a?s=96&d=mm&r=g","contentUrl":"https:\/\/secure.gravatar.com\/avatar\/1e2fd85bc69a7e81bf6242704119d1669b9a3ab337deeaf0e9141b764210481a?s=96&d=mm&r=g","caption":"Serge Victor"},"description":"Militant de gauche, \u00e9cosocialiste, f\u00e9ministe, autogestionnaire","sameAs":["https:\/\/www.incaudavenenum.org\/cut.the.crap\/","https:\/\/www.facebook.com\/cut.the.crap.free.fr","https:\/\/x.com\/cutzecrap"],"url":"https:\/\/www.incaudavenenum.org\/cut.the.crap\/author\/sergevictor\/"}]}},"jetpack_publicize_connections":[],"jetpack_featured_media_url":"","jetpack_shortlink":"https:\/\/wp.me\/p9z98q-tT","jetpack_likes_enabled":true,"jetpack-related-posts":[{"id":111,"url":"https:\/\/www.incaudavenenum.org\/cut.the.crap\/en-greve-jusqua-la-retraite\/","url_meta":{"origin":1853,"position":0},"title":"En gr\u00e8ve jusqu&rsquo;\u00e0 la retraite\u00a0!","author":"\u1d10T\u1d04","date":"6 novembre 2010","format":false,"excerpt":"L'ex-presse peut bien jacasser \u00e0 nouveau sur les chiffres \"en baisse\" de la mobilisation apr\u00e8s la manifestation du 6 novembre 2010. La Une de ce journal largement distribu\u00e9 aupr\u00e8s des manifestants parisiens sera toujours plus belle que les images montr\u00e9es par les m\u00e9dias inf\u00e9od\u00e9s au pouvoir national-sarkozyste. Ce n'est qu'un\u2026","rel":"","context":"Dans &quot;R\u00e9sistance&quot;","block_context":{"text":"R\u00e9sistance","link":"https:\/\/www.incaudavenenum.org\/cut.the.crap\/category\/resistance\/"},"img":{"alt_text":"gr\u00e8ve jusqu'\u00e0 la retraite","src":"https:\/\/i0.wp.com\/cut.the.crap.free.fr\/wp-content\/uploads\/greve-retraite.jpg?resize=350%2C200","width":350,"height":200,"srcset":"https:\/\/i0.wp.com\/cut.the.crap.free.fr\/wp-content\/uploads\/greve-retraite.jpg?resize=350%2C200 1x, https:\/\/i0.wp.com\/cut.the.crap.free.fr\/wp-content\/uploads\/greve-retraite.jpg?resize=525%2C300 1.5x, https:\/\/i0.wp.com\/cut.the.crap.free.fr\/wp-content\/uploads\/greve-retraite.jpg?resize=700%2C400 2x"},"classes":[]},{"id":1856,"url":"https:\/\/www.incaudavenenum.org\/cut.the.crap\/deficitaire-le-regime-de-retraite-des-cheminots\/","url_meta":{"origin":1853,"position":1},"title":"D\u00e9ficitaire, le r\u00e9gime de retraite des cheminots ?","author":"Serge Victor","date":"7 d\u00e9cembre 2019","format":false,"excerpt":"Le r\u00e9gime sp\u00e9cial de retraite des cheminots serait d\u00e9ficitaire, hurlent les psychopathes macronards pour justifier la casse de TOUS les r\u00e9gimes de retraite par la contre-r\u00e9forme de Macron. Mais si ce r\u00e9gime est d\u00e9ficitaire, obligeant l'Etat \u00e0 mettre la main \u00e0 la poche pour combler le trou (3,3 milliards en\u2026","rel":"","context":"Dans &quot;Novlangue&quot;","block_context":{"text":"Novlangue","link":"https:\/\/www.incaudavenenum.org\/cut.the.crap\/category\/novlangue-2\/"},"img":{"alt_text":"","src":"","width":0,"height":0},"classes":[]},{"id":33,"url":"https:\/\/www.incaudavenenum.org\/cut.the.crap\/stop-la-connerie\/","url_meta":{"origin":1853,"position":2},"title":"STOP la connerie","author":"\u1d10T\u1d04","date":"26 octobre 2010","format":false,"excerpt":"Dans le domaine de la connerie r\u00e9actionnaire antisociale, un \"collectif\" brille particuli\u00e8rement : il s'appelle \"Stop la gr\u00e8ve\" et a m\u00eame son site internet, sur lequel on peut lire ceci : Stop la gr\u00e8ve est un collectif qui d\u00e9fend le droit pour chacun de ne pas \u00eatre pris en otage\u2026","rel":"","context":"Dans &quot;Antisocial&quot;","block_context":{"text":"Antisocial","link":"https:\/\/www.incaudavenenum.org\/cut.the.crap\/category\/antisocial\/"},"img":{"alt_text":"","src":"","width":0,"height":0},"classes":[]},{"id":28,"url":"https:\/\/www.incaudavenenum.org\/cut.the.crap\/du-goudron-et-des-plumes-pour-les-jaunes-orange\/","url_meta":{"origin":1853,"position":3},"title":"Du goudron et des plumes pour les jaunes orange !","author":"\u1d10T\u1d04","date":"26 octobre 2010","format":false,"excerpt":"Au d\u00e9but du XXe si\u00e8cle, les briseurs de gr\u00e8ve se d\u00e9signaient eux-m\u00eames comme des \"jaunes\" (couleur papale), s'opposant aux \"rouges\". Des syndicats jaunes furent m\u00eame cr\u00e9\u00e9s en France et ailleurs (comme les Yellow Unions en Angleterre) : manipul\u00e9s voire cr\u00e9\u00e9s de toute pi\u00e8ce par les patrons, ils s'opposaient aux gr\u00e8ves\u2026","rel":"","context":"Dans &quot;Antisocial&quot;","block_context":{"text":"Antisocial","link":"https:\/\/www.incaudavenenum.org\/cut.the.crap\/category\/antisocial\/"},"img":{"alt_text":"","src":"","width":0,"height":0},"classes":[]},{"id":14,"url":"https:\/\/www.incaudavenenum.org\/cut.the.crap\/les-lieux-communs-de-la-droite-reactionnaire\/","url_meta":{"origin":1853,"position":4},"title":"Les mensonges grossiers de la droite r\u00e9actionnaire","author":"\u1d10T\u1d04","date":"25 octobre 2010","format":false,"excerpt":"Automne 2010 : le peuple fran\u00e7ais se mobilise contre le projet de loi qui vise \u00e0 reculer l'\u00e2ge de la retraite. Pourtant, la \"droite la plus b\u00eate du monde\" (dixit Guy Mollet) s'obstine dans ses mensonges dont les \u00e9chos se r\u00e9p\u00e8tent \u00e0 l'infini dans la bouche des rentiers haineux comme\u2026","rel":"","context":"Dans &quot;Novlangue&quot;","block_context":{"text":"Novlangue","link":"https:\/\/www.incaudavenenum.org\/cut.the.crap\/category\/novlangue-2\/"},"img":{"alt_text":"","src":"","width":0,"height":0},"classes":[]},{"id":876,"url":"https:\/\/www.incaudavenenum.org\/cut.the.crap\/apres-le-succes-du-31-mars-luttons-jusquau-retrait-de-la-loi-travail\/","url_meta":{"origin":1853,"position":5},"title":"Apr\u00e8s le succ\u00e8s du 31 mars, luttons jusqu&rsquo;au retrait de la loi travail\u00a0!","author":"\u1d10T\u1d04","date":"2 avril 2016","format":false,"excerpt":"","rel":"","context":"Dans &quot;R\u00e9sistance&quot;","block_context":{"text":"R\u00e9sistance","link":"https:\/\/www.incaudavenenum.org\/cut.the.crap\/category\/resistance\/"},"img":{"alt_text":"","src":"","width":0,"height":0},"classes":[]}],"jetpack_sharing_enabled":true,"_links":{"self":[{"href":"https:\/\/www.incaudavenenum.org\/cut.the.crap\/wp-json\/wp\/v2\/posts\/1853","targetHints":{"allow":["GET"]}}],"collection":[{"href":"https:\/\/www.incaudavenenum.org\/cut.the.crap\/wp-json\/wp\/v2\/posts"}],"about":[{"href":"https:\/\/www.incaudavenenum.org\/cut.the.crap\/wp-json\/wp\/v2\/types\/post"}],"author":[{"embeddable":true,"href":"https:\/\/www.incaudavenenum.org\/cut.the.crap\/wp-json\/wp\/v2\/users\/1"}],"replies":[{"embeddable":true,"href":"https:\/\/www.incaudavenenum.org\/cut.the.crap\/wp-json\/wp\/v2\/comments?post=1853"}],"version-history":[{"count":1,"href":"https:\/\/www.incaudavenenum.org\/cut.the.crap\/wp-json\/wp\/v2\/posts\/1853\/revisions"}],"predecessor-version":[{"id":1855,"href":"https:\/\/www.incaudavenenum.org\/cut.the.crap\/wp-json\/wp\/v2\/posts\/1853\/revisions\/1855"}],"wp:attachment":[{"href":"https:\/\/www.incaudavenenum.org\/cut.the.crap\/wp-json\/wp\/v2\/media?parent=1853"}],"wp:term":[{"taxonomy":"category","embeddable":true,"href":"https:\/\/www.incaudavenenum.org\/cut.the.crap\/wp-json\/wp\/v2\/categories?post=1853"},{"taxonomy":"post_tag","embeddable":true,"href":"https:\/\/www.incaudavenenum.org\/cut.the.crap\/wp-json\/wp\/v2\/tags?post=1853"}],"curies":[{"name":"wp","href":"https:\/\/api.w.org\/{rel}","templated":true}]}}