{"id":1856,"date":"2019-12-07T22:49:18","date_gmt":"2019-12-07T20:49:18","guid":{"rendered":"http:\/\/www.incaudavenenum.org\/cut.the.crap\/?p=1856"},"modified":"2019-12-08T14:05:18","modified_gmt":"2019-12-08T12:05:18","slug":"deficitaire-le-regime-de-retraite-des-cheminots","status":"publish","type":"post","link":"https:\/\/www.incaudavenenum.org\/cut.the.crap\/deficitaire-le-regime-de-retraite-des-cheminots\/","title":{"rendered":"D\u00e9ficitaire, le r\u00e9gime de retraite des cheminots ?"},"content":{"rendered":"\n<p>Le r\u00e9gime sp\u00e9cial de retraite des cheminots serait <a rel=\"noreferrer noopener\" aria-label=\"d\u00e9ficitaire (s\u2019ouvre dans un nouvel onglet)\" href=\"https:\/\/www.lemonde.fr\/les-decodeurs\/article\/2018\/03\/16\/la-retraite-des-cheminots-un-regime-special-largement-deficitaire_5272123_4355770.html\" target=\"_blank\">d\u00e9ficitaire<\/a>, hurlent les psychopathes macronards pour justifier la casse de TOUS les r\u00e9gimes de retraite par la contre-r\u00e9forme de Macron. Mais si ce r\u00e9gime est d\u00e9ficitaire, obligeant l&rsquo;Etat \u00e0 mettre la main \u00e0 la poche pour combler le trou (3,3 milliards en 2016, ce qui correspond d&rsquo;ailleurs \u00e0 ce que l&rsquo;Etat a c\u00e9d\u00e9 aux riches en rempla\u00e7ant l&rsquo;ISF par l&rsquo;IFI), c&rsquo;est uniquement parce que des postes de cheminots ont \u00e9t\u00e9 supprim\u00e9s et le statut gel\u00e9 pendant que l&rsquo;Etat embauchait des contractuels et sous-traitait au priv\u00e9. Du coup, les cheminots \u00e9tant moins nombreux, leurs cotisations ne suffisent plus \u00e0 \u00e9quilibrer les pensions des cheminots \u00e0 la retraite. A cause de cette politique idiote de lib\u00e9ralisation (qui nuit \u00e0 la s\u00e9curit\u00e9 et \u00e0 la qualit\u00e9 du service, comme l&rsquo;ont prouv\u00e9 le terrible <a rel=\"noreferrer noopener\" aria-label=\"accident de Br\u00e9tigny (s\u2019ouvre dans un nouvel onglet)\" href=\"http:\/\/www.leparisien.fr\/faits-divers\/accident-de-bretigny-des-documents-accablants-pour-la-sncf-01-04-2019-8044185.php\" target=\"_blank\">accident de Br\u00e9tigny<\/a>, ou plus r\u00e9cemment <a rel=\"noreferrer noopener\" aria-label=\"celui des Ardennes (s\u2019ouvre dans un nouvel onglet)\" href=\"https:\/\/www.nouvelobs.com\/social\/20191020.OBS20052\/perturbations-sncf-retour-sur-cet-accident-qui-a-decide-les-cheminots-a-exercer-leur-droit-de-retrait.html\" target=\"_blank\">celui des Ardennes<\/a>), le nombre d&rsquo;agents de la SNCF est pass\u00e9 de 303000 en 1970 \u00e0 150000 aujourd&rsquo;hui, soit deux fois moins d&rsquo;agents, qui doivent encore cotiser pour les pensions de 260000 retrait\u00e9s. S&rsquo;il y avait toujours 300000 et quelque agents \u00e0 la SNCF, leur r\u00e9gime de retraite ne serait pas d\u00e9ficitaire\u00a0!<br><br>C&rsquo;est donc l&rsquo;Etat lui-m\u00eame qui a rendu ce r\u00e9gime d\u00e9ficitaire. Pour retrouver l&rsquo;\u00e9quilibre, il suffirait de mettre fin \u00e0 l&rsquo;imb\u00e9cile <a rel=\"noreferrer noopener\" aria-label=\"ouverture \u00e0 la concurrence (s\u2019ouvre dans un nouvel onglet)\" href=\"https:\/\/www.lemonde.fr\/economie\/article\/2019\/12\/03\/sncf-le-vrai-faux-depart-de-l-ouverture-a-la-concurrence_6021448_3234.html\" target=\"_blank\">ouverture \u00e0 la concurrence<\/a> et de recruter de nouveaux cheminots. On en a besoin pour avoir un service public efficace et s\u00e9curis\u00e9. En attendant, il suffirait dans tous les cas de r\u00e9tablir l&rsquo;ISF pour financer l&rsquo;aide d&rsquo;Etat au r\u00e9gime de retraite des cheminots.<\/p>\n\n\n\n<p>Lorsque les cheminots d\u00e9fendent leur statut, ils d\u00e9fendent l&rsquo;int\u00e9r\u00eat g\u00e9n\u00e9ral. Lorsqu&rsquo;ils d\u00e9fendent leur r\u00e9gime de retraite, ils d\u00e9fendent la justice sociale, et leur gr\u00e8ve actuelle est un instrument essentiel pour tous les salari\u00e9s eux aussi en gr\u00e8ve pour d\u00e9fendre leurs retraites contre le projet antisocial de retraite \u00e0 points de Macron.<\/p>\n","protected":false},"excerpt":{"rendered":"<p>Le r\u00e9gime sp\u00e9cial de retraite des cheminots serait d\u00e9ficitaire, hurlent les psychopathes macronards pour justifier la casse de TOUS les r\u00e9gimes de retraite par la contre-r\u00e9forme de Macron. Mais si ce r\u00e9gime est d\u00e9ficitaire, obligeant l&rsquo;Etat \u00e0 mettre la main \u00e0 la poche pour combler le trou (3,3 milliards en 2016, ce qui correspond d&rsquo;ailleurs &hellip; <a href=\"https:\/\/www.incaudavenenum.org\/cut.the.crap\/deficitaire-le-regime-de-retraite-des-cheminots\/\" class=\"more-link\">Continuer la lecture<span class=\"screen-reader-text\"> de &laquo;&nbsp;D\u00e9ficitaire, le r\u00e9gime de retraite des cheminots ?&nbsp;&raquo;<\/span><\/a><\/p>\n","protected":false},"author":1,"featured_media":0,"comment_status":"open","ping_status":"open","sticky":false,"template":"","format":"standard","meta":{"jetpack_post_was_ever_published":false,"_jetpack_newsletter_access":"","_jetpack_dont_email_post_to_subs":false,"_jetpack_newsletter_tier_id":0,"_jetpack_memberships_contains_paywalled_content":false,"_jetpack_memberships_contains_paid_content":false,"footnotes":"","jetpack_publicize_message":"","jetpack_publicize_feature_enabled":true,"jetpack_social_post_already_shared":true,"jetpack_social_options":{"image_generator_settings":{"template":"highway","default_image_id":0,"font":"","enabled":false},"version":2}},"categories":[5,7],"tags":[606,401,144,300,605],"class_list":["post-1856","post","type-post","status-publish","format-standard","hentry","category-novlangue-2","category-resistance","tag-cheminots","tag-emmanuel-macron","tag-greve","tag-retraites","tag-sncf"],"yoast_head":"<!-- This site is optimized with the Yoast SEO plugin v27.5 - https:\/\/yoast.com\/product\/yoast-seo-wordpress\/ -->\n<title>D\u00e9ficitaire, le r\u00e9gime de retraite des cheminots ? - Cut The Crap<\/title>\n<meta name=\"robots\" content=\"index, follow, max-snippet:-1, max-image-preview:large, max-video-preview:-1\" \/>\n<link rel=\"canonical\" href=\"https:\/\/www.incaudavenenum.org\/cut.the.crap\/deficitaire-le-regime-de-retraite-des-cheminots\/\" \/>\n<meta property=\"og:locale\" content=\"fr_FR\" \/>\n<meta property=\"og:type\" content=\"article\" \/>\n<meta property=\"og:title\" content=\"D\u00e9ficitaire, le r\u00e9gime de retraite des cheminots ? - Cut The Crap\" \/>\n<meta property=\"og:description\" content=\"Le r\u00e9gime sp\u00e9cial de retraite des cheminots serait d\u00e9ficitaire, hurlent les psychopathes macronards pour justifier la casse de TOUS les r\u00e9gimes de retraite par la contre-r\u00e9forme de Macron. Mais si ce r\u00e9gime est d\u00e9ficitaire, obligeant l&rsquo;Etat \u00e0 mettre la main \u00e0 la poche pour combler le trou (3,3 milliards en 2016, ce qui correspond d&rsquo;ailleurs &hellip; Continuer la lecture de &laquo;&nbsp;D\u00e9ficitaire, le r\u00e9gime de retraite des cheminots ?&nbsp;&raquo;\" \/>\n<meta property=\"og:url\" content=\"https:\/\/www.incaudavenenum.org\/cut.the.crap\/deficitaire-le-regime-de-retraite-des-cheminots\/\" \/>\n<meta property=\"og:site_name\" content=\"Cut The Crap\" \/>\n<meta property=\"article:publisher\" content=\"https:\/\/www.facebook.com\/Cut-the-Crap-239882412697830\/\" \/>\n<meta property=\"article:author\" content=\"https:\/\/www.facebook.com\/cut.the.crap.free.fr\" \/>\n<meta property=\"article:published_time\" content=\"2019-12-07T20:49:18+00:00\" \/>\n<meta property=\"article:modified_time\" content=\"2019-12-08T12:05:18+00:00\" \/>\n<meta property=\"og:image\" content=\"https:\/\/i0.wp.com\/www.incaudavenenum.org\/cut.the.crap\/wp-content\/uploads\/2019\/12\/Capture-d\u2019e\u0301cran-2019-12-07-a\u0300-21.37.36.png?fit=1740%2C856&ssl=1\" \/>\n\t<meta property=\"og:image:width\" content=\"1740\" \/>\n\t<meta property=\"og:image:height\" content=\"856\" \/>\n\t<meta property=\"og:image:type\" content=\"image\/png\" \/>\n<meta name=\"author\" content=\"Serge Victor\" \/>\n<meta name=\"twitter:card\" content=\"summary_large_image\" \/>\n<meta name=\"twitter:image\" content=\"https:\/\/i0.wp.com\/www.incaudavenenum.org\/cut.the.crap\/wp-content\/uploads\/2019\/12\/Capture-d%E2%80%99e%CC%81cran-2019-12-07-a%CC%80-21.37.36.png?fit=1740%2C856&ssl=1\" \/>\n<meta name=\"twitter:creator\" content=\"@cutzecrap\" \/>\n<meta name=\"twitter:site\" content=\"@cutzecrap\" \/>\n<meta name=\"twitter:label1\" content=\"\u00c9crit par\" \/>\n\t<meta name=\"twitter:data1\" content=\"Serge Victor\" \/>\n\t<meta name=\"twitter:label2\" content=\"Dur\u00e9e de lecture estim\u00e9e\" \/>\n\t<meta name=\"twitter:data2\" content=\"2 minutes\" \/>\n<script type=\"application\/ld+json\" class=\"yoast-schema-graph\">{\"@context\":\"https:\\\/\\\/schema.org\",\"@graph\":[{\"@type\":\"Article\",\"@id\":\"https:\\\/\\\/www.incaudavenenum.org\\\/cut.the.crap\\\/deficitaire-le-regime-de-retraite-des-cheminots\\\/#article\",\"isPartOf\":{\"@id\":\"https:\\\/\\\/www.incaudavenenum.org\\\/cut.the.crap\\\/deficitaire-le-regime-de-retraite-des-cheminots\\\/\"},\"author\":{\"name\":\"Serge Victor\",\"@id\":\"https:\\\/\\\/www.incaudavenenum.org\\\/cut.the.crap\\\/#\\\/schema\\\/person\\\/39fa901f2f251d6be7e35d8d58a8d1b4\"},\"headline\":\"D\u00e9ficitaire, le r\u00e9gime de retraite des cheminots ?\",\"datePublished\":\"2019-12-07T20:49:18+00:00\",\"dateModified\":\"2019-12-08T12:05:18+00:00\",\"mainEntityOfPage\":{\"@id\":\"https:\\\/\\\/www.incaudavenenum.org\\\/cut.the.crap\\\/deficitaire-le-regime-de-retraite-des-cheminots\\\/\"},\"wordCount\":358,\"commentCount\":0,\"publisher\":{\"@id\":\"https:\\\/\\\/www.incaudavenenum.org\\\/cut.the.crap\\\/#organization\"},\"keywords\":[\"cheminots\",\"Emmanuel Macron\",\"gr\u00e8ve\",\"retraites\",\"SNCF\"],\"articleSection\":[\"Novlangue\",\"R\u00e9sistance\"],\"inLanguage\":\"fr-FR\",\"potentialAction\":[{\"@type\":\"CommentAction\",\"name\":\"Comment\",\"target\":[\"https:\\\/\\\/www.incaudavenenum.org\\\/cut.the.crap\\\/deficitaire-le-regime-de-retraite-des-cheminots\\\/#respond\"]}]},{\"@type\":\"WebPage\",\"@id\":\"https:\\\/\\\/www.incaudavenenum.org\\\/cut.the.crap\\\/deficitaire-le-regime-de-retraite-des-cheminots\\\/\",\"url\":\"https:\\\/\\\/www.incaudavenenum.org\\\/cut.the.crap\\\/deficitaire-le-regime-de-retraite-des-cheminots\\\/\",\"name\":\"D\u00e9ficitaire, le r\u00e9gime de retraite des cheminots ? - Cut The Crap\",\"isPartOf\":{\"@id\":\"https:\\\/\\\/www.incaudavenenum.org\\\/cut.the.crap\\\/#website\"},\"datePublished\":\"2019-12-07T20:49:18+00:00\",\"dateModified\":\"2019-12-08T12:05:18+00:00\",\"breadcrumb\":{\"@id\":\"https:\\\/\\\/www.incaudavenenum.org\\\/cut.the.crap\\\/deficitaire-le-regime-de-retraite-des-cheminots\\\/#breadcrumb\"},\"inLanguage\":\"fr-FR\",\"potentialAction\":[{\"@type\":\"ReadAction\",\"target\":[\"https:\\\/\\\/www.incaudavenenum.org\\\/cut.the.crap\\\/deficitaire-le-regime-de-retraite-des-cheminots\\\/\"]}]},{\"@type\":\"BreadcrumbList\",\"@id\":\"https:\\\/\\\/www.incaudavenenum.org\\\/cut.the.crap\\\/deficitaire-le-regime-de-retraite-des-cheminots\\\/#breadcrumb\",\"itemListElement\":[{\"@type\":\"ListItem\",\"position\":1,\"name\":\"Accueil\",\"item\":\"https:\\\/\\\/www.incaudavenenum.org\\\/cut.the.crap\\\/\"},{\"@type\":\"ListItem\",\"position\":2,\"name\":\"D\u00e9ficitaire, le r\u00e9gime de retraite des cheminots ?\"}]},{\"@type\":\"WebSite\",\"@id\":\"https:\\\/\\\/www.incaudavenenum.org\\\/cut.the.crap\\\/#website\",\"url\":\"https:\\\/\\\/www.incaudavenenum.org\\\/cut.the.crap\\\/\",\"name\":\"Cut The Crap\",\"description\":\"Blog de gauche\",\"publisher\":{\"@id\":\"https:\\\/\\\/www.incaudavenenum.org\\\/cut.the.crap\\\/#organization\"},\"potentialAction\":[{\"@type\":\"SearchAction\",\"target\":{\"@type\":\"EntryPoint\",\"urlTemplate\":\"https:\\\/\\\/www.incaudavenenum.org\\\/cut.the.crap\\\/?s={search_term_string}\"},\"query-input\":{\"@type\":\"PropertyValueSpecification\",\"valueRequired\":true,\"valueName\":\"search_term_string\"}}],\"inLanguage\":\"fr-FR\"},{\"@type\":\"Organization\",\"@id\":\"https:\\\/\\\/www.incaudavenenum.org\\\/cut.the.crap\\\/#organization\",\"name\":\"Cut The Crap\",\"url\":\"https:\\\/\\\/www.incaudavenenum.org\\\/cut.the.crap\\\/\",\"logo\":{\"@type\":\"ImageObject\",\"inLanguage\":\"fr-FR\",\"@id\":\"https:\\\/\\\/www.incaudavenenum.org\\\/cut.the.crap\\\/#\\\/schema\\\/logo\\\/image\\\/\",\"url\":\"https:\\\/\\\/i1.wp.com\\\/www.incaudavenenum.org\\\/cut.the.crap\\\/wp-content\\\/uploads\\\/2018\\\/01\\\/cTc.png?fit=100%2C95\",\"contentUrl\":\"https:\\\/\\\/i1.wp.com\\\/www.incaudavenenum.org\\\/cut.the.crap\\\/wp-content\\\/uploads\\\/2018\\\/01\\\/cTc.png?fit=100%2C95\",\"width\":100,\"height\":95,\"caption\":\"Cut The Crap\"},\"image\":{\"@id\":\"https:\\\/\\\/www.incaudavenenum.org\\\/cut.the.crap\\\/#\\\/schema\\\/logo\\\/image\\\/\"},\"sameAs\":[\"https:\\\/\\\/www.facebook.com\\\/Cut-the-Crap-239882412697830\\\/\",\"https:\\\/\\\/x.com\\\/cutzecrap\"]},{\"@type\":\"Person\",\"@id\":\"https:\\\/\\\/www.incaudavenenum.org\\\/cut.the.crap\\\/#\\\/schema\\\/person\\\/39fa901f2f251d6be7e35d8d58a8d1b4\",\"name\":\"Serge Victor\",\"image\":{\"@type\":\"ImageObject\",\"inLanguage\":\"fr-FR\",\"@id\":\"https:\\\/\\\/secure.gravatar.com\\\/avatar\\\/1e2fd85bc69a7e81bf6242704119d1669b9a3ab337deeaf0e9141b764210481a?s=96&d=mm&r=g\",\"url\":\"https:\\\/\\\/secure.gravatar.com\\\/avatar\\\/1e2fd85bc69a7e81bf6242704119d1669b9a3ab337deeaf0e9141b764210481a?s=96&d=mm&r=g\",\"contentUrl\":\"https:\\\/\\\/secure.gravatar.com\\\/avatar\\\/1e2fd85bc69a7e81bf6242704119d1669b9a3ab337deeaf0e9141b764210481a?s=96&d=mm&r=g\",\"caption\":\"Serge Victor\"},\"description\":\"Militant de gauche, \u00e9cosocialiste, f\u00e9ministe, autogestionnaire\",\"sameAs\":[\"https:\\\/\\\/www.incaudavenenum.org\\\/cut.the.crap\\\/\",\"https:\\\/\\\/www.facebook.com\\\/cut.the.crap.free.fr\",\"https:\\\/\\\/x.com\\\/cutzecrap\"],\"url\":\"https:\\\/\\\/www.incaudavenenum.org\\\/cut.the.crap\\\/author\\\/sergevictor\\\/\"}]}<\/script>\n<!-- \/ Yoast SEO plugin. -->","yoast_head_json":{"title":"D\u00e9ficitaire, le r\u00e9gime de retraite des cheminots ? - Cut The Crap","robots":{"index":"index","follow":"follow","max-snippet":"max-snippet:-1","max-image-preview":"max-image-preview:large","max-video-preview":"max-video-preview:-1"},"canonical":"https:\/\/www.incaudavenenum.org\/cut.the.crap\/deficitaire-le-regime-de-retraite-des-cheminots\/","og_locale":"fr_FR","og_type":"article","og_title":"D\u00e9ficitaire, le r\u00e9gime de retraite des cheminots ? - Cut The Crap","og_description":"Le r\u00e9gime sp\u00e9cial de retraite des cheminots serait d\u00e9ficitaire, hurlent les psychopathes macronards pour justifier la casse de TOUS les r\u00e9gimes de retraite par la contre-r\u00e9forme de Macron. Mais si ce r\u00e9gime est d\u00e9ficitaire, obligeant l&rsquo;Etat \u00e0 mettre la main \u00e0 la poche pour combler le trou (3,3 milliards en 2016, ce qui correspond d&rsquo;ailleurs &hellip; Continuer la lecture de &laquo;&nbsp;D\u00e9ficitaire, le r\u00e9gime de retraite des cheminots ?&nbsp;&raquo;","og_url":"https:\/\/www.incaudavenenum.org\/cut.the.crap\/deficitaire-le-regime-de-retraite-des-cheminots\/","og_site_name":"Cut The Crap","article_publisher":"https:\/\/www.facebook.com\/Cut-the-Crap-239882412697830\/","article_author":"https:\/\/www.facebook.com\/cut.the.crap.free.fr","article_published_time":"2019-12-07T20:49:18+00:00","article_modified_time":"2019-12-08T12:05:18+00:00","og_image":[{"width":1740,"height":856,"url":"https:\/\/i0.wp.com\/www.incaudavenenum.org\/cut.the.crap\/wp-content\/uploads\/2019\/12\/Capture-d\u2019e\u0301cran-2019-12-07-a\u0300-21.37.36.png?fit=1740%2C856&ssl=1","type":"image\/png"}],"author":"Serge Victor","twitter_card":"summary_large_image","twitter_image":"https:\/\/i0.wp.com\/www.incaudavenenum.org\/cut.the.crap\/wp-content\/uploads\/2019\/12\/Capture-d%E2%80%99e%CC%81cran-2019-12-07-a%CC%80-21.37.36.png?fit=1740%2C856&ssl=1","twitter_creator":"@cutzecrap","twitter_site":"@cutzecrap","twitter_misc":{"\u00c9crit par":"Serge Victor","Dur\u00e9e de lecture estim\u00e9e":"2 minutes"},"schema":{"@context":"https:\/\/schema.org","@graph":[{"@type":"Article","@id":"https:\/\/www.incaudavenenum.org\/cut.the.crap\/deficitaire-le-regime-de-retraite-des-cheminots\/#article","isPartOf":{"@id":"https:\/\/www.incaudavenenum.org\/cut.the.crap\/deficitaire-le-regime-de-retraite-des-cheminots\/"},"author":{"name":"Serge Victor","@id":"https:\/\/www.incaudavenenum.org\/cut.the.crap\/#\/schema\/person\/39fa901f2f251d6be7e35d8d58a8d1b4"},"headline":"D\u00e9ficitaire, le r\u00e9gime de retraite des cheminots ?","datePublished":"2019-12-07T20:49:18+00:00","dateModified":"2019-12-08T12:05:18+00:00","mainEntityOfPage":{"@id":"https:\/\/www.incaudavenenum.org\/cut.the.crap\/deficitaire-le-regime-de-retraite-des-cheminots\/"},"wordCount":358,"commentCount":0,"publisher":{"@id":"https:\/\/www.incaudavenenum.org\/cut.the.crap\/#organization"},"keywords":["cheminots","Emmanuel Macron","gr\u00e8ve","retraites","SNCF"],"articleSection":["Novlangue","R\u00e9sistance"],"inLanguage":"fr-FR","potentialAction":[{"@type":"CommentAction","name":"Comment","target":["https:\/\/www.incaudavenenum.org\/cut.the.crap\/deficitaire-le-regime-de-retraite-des-cheminots\/#respond"]}]},{"@type":"WebPage","@id":"https:\/\/www.incaudavenenum.org\/cut.the.crap\/deficitaire-le-regime-de-retraite-des-cheminots\/","url":"https:\/\/www.incaudavenenum.org\/cut.the.crap\/deficitaire-le-regime-de-retraite-des-cheminots\/","name":"D\u00e9ficitaire, le r\u00e9gime de retraite des cheminots ? - Cut The Crap","isPartOf":{"@id":"https:\/\/www.incaudavenenum.org\/cut.the.crap\/#website"},"datePublished":"2019-12-07T20:49:18+00:00","dateModified":"2019-12-08T12:05:18+00:00","breadcrumb":{"@id":"https:\/\/www.incaudavenenum.org\/cut.the.crap\/deficitaire-le-regime-de-retraite-des-cheminots\/#breadcrumb"},"inLanguage":"fr-FR","potentialAction":[{"@type":"ReadAction","target":["https:\/\/www.incaudavenenum.org\/cut.the.crap\/deficitaire-le-regime-de-retraite-des-cheminots\/"]}]},{"@type":"BreadcrumbList","@id":"https:\/\/www.incaudavenenum.org\/cut.the.crap\/deficitaire-le-regime-de-retraite-des-cheminots\/#breadcrumb","itemListElement":[{"@type":"ListItem","position":1,"name":"Accueil","item":"https:\/\/www.incaudavenenum.org\/cut.the.crap\/"},{"@type":"ListItem","position":2,"name":"D\u00e9ficitaire, le r\u00e9gime de retraite des cheminots ?"}]},{"@type":"WebSite","@id":"https:\/\/www.incaudavenenum.org\/cut.the.crap\/#website","url":"https:\/\/www.incaudavenenum.org\/cut.the.crap\/","name":"Cut The Crap","description":"Blog de gauche","publisher":{"@id":"https:\/\/www.incaudavenenum.org\/cut.the.crap\/#organization"},"potentialAction":[{"@type":"SearchAction","target":{"@type":"EntryPoint","urlTemplate":"https:\/\/www.incaudavenenum.org\/cut.the.crap\/?s={search_term_string}"},"query-input":{"@type":"PropertyValueSpecification","valueRequired":true,"valueName":"search_term_string"}}],"inLanguage":"fr-FR"},{"@type":"Organization","@id":"https:\/\/www.incaudavenenum.org\/cut.the.crap\/#organization","name":"Cut The Crap","url":"https:\/\/www.incaudavenenum.org\/cut.the.crap\/","logo":{"@type":"ImageObject","inLanguage":"fr-FR","@id":"https:\/\/www.incaudavenenum.org\/cut.the.crap\/#\/schema\/logo\/image\/","url":"https:\/\/i1.wp.com\/www.incaudavenenum.org\/cut.the.crap\/wp-content\/uploads\/2018\/01\/cTc.png?fit=100%2C95","contentUrl":"https:\/\/i1.wp.com\/www.incaudavenenum.org\/cut.the.crap\/wp-content\/uploads\/2018\/01\/cTc.png?fit=100%2C95","width":100,"height":95,"caption":"Cut The Crap"},"image":{"@id":"https:\/\/www.incaudavenenum.org\/cut.the.crap\/#\/schema\/logo\/image\/"},"sameAs":["https:\/\/www.facebook.com\/Cut-the-Crap-239882412697830\/","https:\/\/x.com\/cutzecrap"]},{"@type":"Person","@id":"https:\/\/www.incaudavenenum.org\/cut.the.crap\/#\/schema\/person\/39fa901f2f251d6be7e35d8d58a8d1b4","name":"Serge Victor","image":{"@type":"ImageObject","inLanguage":"fr-FR","@id":"https:\/\/secure.gravatar.com\/avatar\/1e2fd85bc69a7e81bf6242704119d1669b9a3ab337deeaf0e9141b764210481a?s=96&d=mm&r=g","url":"https:\/\/secure.gravatar.com\/avatar\/1e2fd85bc69a7e81bf6242704119d1669b9a3ab337deeaf0e9141b764210481a?s=96&d=mm&r=g","contentUrl":"https:\/\/secure.gravatar.com\/avatar\/1e2fd85bc69a7e81bf6242704119d1669b9a3ab337deeaf0e9141b764210481a?s=96&d=mm&r=g","caption":"Serge Victor"},"description":"Militant de gauche, \u00e9cosocialiste, f\u00e9ministe, autogestionnaire","sameAs":["https:\/\/www.incaudavenenum.org\/cut.the.crap\/","https:\/\/www.facebook.com\/cut.the.crap.free.fr","https:\/\/x.com\/cutzecrap"],"url":"https:\/\/www.incaudavenenum.org\/cut.the.crap\/author\/sergevictor\/"}]}},"jetpack_publicize_connections":[],"jetpack_featured_media_url":"","jetpack_shortlink":"https:\/\/wp.me\/p9z98q-tW","jetpack_likes_enabled":true,"jetpack-related-posts":[{"id":14,"url":"https:\/\/www.incaudavenenum.org\/cut.the.crap\/les-lieux-communs-de-la-droite-reactionnaire\/","url_meta":{"origin":1856,"position":0},"title":"Les mensonges grossiers de la droite r\u00e9actionnaire","author":"\u1d10T\u1d04","date":"25 octobre 2010","format":false,"excerpt":"Automne 2010 : le peuple fran\u00e7ais se mobilise contre le projet de loi qui vise \u00e0 reculer l'\u00e2ge de la retraite. Pourtant, la \"droite la plus b\u00eate du monde\" (dixit Guy Mollet) s'obstine dans ses mensonges dont les \u00e9chos se r\u00e9p\u00e8tent \u00e0 l'infini dans la bouche des rentiers haineux comme\u2026","rel":"","context":"Dans &quot;Novlangue&quot;","block_context":{"text":"Novlangue","link":"https:\/\/www.incaudavenenum.org\/cut.the.crap\/category\/novlangue-2\/"},"img":{"alt_text":"","src":"","width":0,"height":0},"classes":[]},{"id":111,"url":"https:\/\/www.incaudavenenum.org\/cut.the.crap\/en-greve-jusqua-la-retraite\/","url_meta":{"origin":1856,"position":1},"title":"En gr\u00e8ve jusqu&rsquo;\u00e0 la retraite\u00a0!","author":"\u1d10T\u1d04","date":"6 novembre 2010","format":false,"excerpt":"L'ex-presse peut bien jacasser \u00e0 nouveau sur les chiffres \"en baisse\" de la mobilisation apr\u00e8s la manifestation du 6 novembre 2010. La Une de ce journal largement distribu\u00e9 aupr\u00e8s des manifestants parisiens sera toujours plus belle que les images montr\u00e9es par les m\u00e9dias inf\u00e9od\u00e9s au pouvoir national-sarkozyste. Ce n'est qu'un\u2026","rel":"","context":"Dans &quot;R\u00e9sistance&quot;","block_context":{"text":"R\u00e9sistance","link":"https:\/\/www.incaudavenenum.org\/cut.the.crap\/category\/resistance\/"},"img":{"alt_text":"gr\u00e8ve jusqu'\u00e0 la retraite","src":"https:\/\/i0.wp.com\/cut.the.crap.free.fr\/wp-content\/uploads\/greve-retraite.jpg?resize=350%2C200","width":350,"height":200,"srcset":"https:\/\/i0.wp.com\/cut.the.crap.free.fr\/wp-content\/uploads\/greve-retraite.jpg?resize=350%2C200 1x, https:\/\/i0.wp.com\/cut.the.crap.free.fr\/wp-content\/uploads\/greve-retraite.jpg?resize=525%2C300 1.5x, https:\/\/i0.wp.com\/cut.the.crap.free.fr\/wp-content\/uploads\/greve-retraite.jpg?resize=700%2C400 2x"},"classes":[]},{"id":2111,"url":"https:\/\/www.incaudavenenum.org\/cut.the.crap\/un-grand-pouvoir-des-retraites-implique-la-retraite-du-pouvoir\/","url_meta":{"origin":1856,"position":2},"title":"Un grand pouvoir des retraites implique la retraite du pouvoir","author":"Serge Victor","date":"30 mars 2023","format":"quote","excerpt":"\"La retraite est une r\u00e9alit\u00e9 in\u00e9dite dans sa signification de fond. Nous savons tous que la pension rel\u00e8ve du droit du travail\u00a0: elle n'est ni un patrimoine relevant du droit de propri\u00e9t\u00e9, ni une allocation relevant du droit de l'aide sociale. Or, aucune autre ressource li\u00e9e au travail de la\u2026","rel":"","context":"Dans &quot;Citations&quot;","block_context":{"text":"Citations","link":"https:\/\/www.incaudavenenum.org\/cut.the.crap\/category\/lectures\/citations\/"},"img":{"alt_text":"","src":"","width":0,"height":0},"classes":[]},{"id":1702,"url":"https:\/\/www.incaudavenenum.org\/cut.the.crap\/democratie-du-public\/","url_meta":{"origin":1856,"position":3},"title":"D\u00e9mocratie du public","author":"Serge Victor","date":"31 mai 2019","format":"quote","excerpt":"\"Les journ\u00e9es d'action du 17 et du 24 novembre ont \u00e9t\u00e9 suivies par les cha\u00eenes d'information en continu d\u00e8s leur commencement, minute par minute, \u201cen direct\u201d (terme qui est devenu d\u00e9sormais un \u00e9quivalent de communication \u00e0 distance d'\u00e9v\u00e9nements en train de se produire). le samedi 24 novembre au matin, les\u2026","rel":"","context":"Dans &quot;Citations&quot;","block_context":{"text":"Citations","link":"https:\/\/www.incaudavenenum.org\/cut.the.crap\/category\/lectures\/citations\/"},"img":{"alt_text":"","src":"","width":0,"height":0},"classes":[]},{"id":1688,"url":"https:\/\/www.incaudavenenum.org\/cut.the.crap\/tyran\/","url_meta":{"origin":1856,"position":4},"title":"Tyran","author":"Serge Victor","date":"30 mai 2019","format":"quote","excerpt":"\"Se r\u00e9jouir du coming out monarchiste d'Emmanuel Macron, c'\u00e9tait, comme \u00e0 chaque moment de Restauration et de contre-r\u00e9volution de l'histoire de France, applaudir \u00e0 l'affichage id\u00e9ologique d'un tyran. Je n'\u00e9cris pas \u201ctyran\u201d \u00e0 la l\u00e9g\u00e8re.Le mot nous vient du grec \u03a4\u03cd\u03c1\u03b1\u03bd\u03bd\u03bf\u03c2 (turannos) qui d\u00e9signe, dans l'Antiquit\u00e9, un homme abusant d'un\u2026","rel":"","context":"Dans &quot;Citations&quot;","block_context":{"text":"Citations","link":"https:\/\/www.incaudavenenum.org\/cut.the.crap\/category\/lectures\/citations\/"},"img":{"alt_text":"","src":"","width":0,"height":0},"classes":[]},{"id":2545,"url":"https:\/\/www.incaudavenenum.org\/cut.the.crap\/prenons-macron-au-mot\/","url_meta":{"origin":1856,"position":5},"title":"Prenons Macron au mot : exigeons le respect des urnes !","author":"Serge Victor","date":"11 juillet 2024","format":false,"excerpt":"Le 10 juillet 2024, le forcen\u00e9 de l'Elys\u00e9e, refusant de reconna\u00eetre la victoire du Nouveau Front Populaire, arriv\u00e9 en t\u00eate des \u00e9lections l\u00e9gislatives anticip\u00e9es, envoyait une \"lettre aux Fran\u00e7ais\" compl\u00e8tement hors-sol, affirmant que \"personne ne l'a emport\u00e9\", qu'\u00a0\"aucune force politique n'obtient seule une majorit\u00e9 suffisante\" et que \"les blocs ou\u2026","rel":"","context":"Dans &quot;R\u00e9sistance&quot;","block_context":{"text":"R\u00e9sistance","link":"https:\/\/www.incaudavenenum.org\/cut.the.crap\/category\/resistance\/"},"img":{"alt_text":"","src":"https:\/\/i0.wp.com\/www.incaudavenenum.org\/cut.the.crap\/wp-content\/uploads\/2024\/07\/20240710_TRACT_appel_20240718.jpg?resize=350%2C200&ssl=1","width":350,"height":200,"srcset":"https:\/\/i0.wp.com\/www.incaudavenenum.org\/cut.the.crap\/wp-content\/uploads\/2024\/07\/20240710_TRACT_appel_20240718.jpg?resize=350%2C200&ssl=1 1x, https:\/\/i0.wp.com\/www.incaudavenenum.org\/cut.the.crap\/wp-content\/uploads\/2024\/07\/20240710_TRACT_appel_20240718.jpg?resize=525%2C300&ssl=1 1.5x"},"classes":[]}],"jetpack_sharing_enabled":true,"_links":{"self":[{"href":"https:\/\/www.incaudavenenum.org\/cut.the.crap\/wp-json\/wp\/v2\/posts\/1856","targetHints":{"allow":["GET"]}}],"collection":[{"href":"https:\/\/www.incaudavenenum.org\/cut.the.crap\/wp-json\/wp\/v2\/posts"}],"about":[{"href":"https:\/\/www.incaudavenenum.org\/cut.the.crap\/wp-json\/wp\/v2\/types\/post"}],"author":[{"embeddable":true,"href":"https:\/\/www.incaudavenenum.org\/cut.the.crap\/wp-json\/wp\/v2\/users\/1"}],"replies":[{"embeddable":true,"href":"https:\/\/www.incaudavenenum.org\/cut.the.crap\/wp-json\/wp\/v2\/comments?post=1856"}],"version-history":[{"count":2,"href":"https:\/\/www.incaudavenenum.org\/cut.the.crap\/wp-json\/wp\/v2\/posts\/1856\/revisions"}],"predecessor-version":[{"id":1859,"href":"https:\/\/www.incaudavenenum.org\/cut.the.crap\/wp-json\/wp\/v2\/posts\/1856\/revisions\/1859"}],"wp:attachment":[{"href":"https:\/\/www.incaudavenenum.org\/cut.the.crap\/wp-json\/wp\/v2\/media?parent=1856"}],"wp:term":[{"taxonomy":"category","embeddable":true,"href":"https:\/\/www.incaudavenenum.org\/cut.the.crap\/wp-json\/wp\/v2\/categories?post=1856"},{"taxonomy":"post_tag","embeddable":true,"href":"https:\/\/www.incaudavenenum.org\/cut.the.crap\/wp-json\/wp\/v2\/tags?post=1856"}],"curies":[{"name":"wp","href":"https:\/\/api.w.org\/{rel}","templated":true}]}}