{"id":1860,"date":"2019-12-15T12:37:19","date_gmt":"2019-12-15T10:37:19","guid":{"rendered":"http:\/\/www.incaudavenenum.org\/cut.the.crap\/?p=1860"},"modified":"2019-12-15T12:37:20","modified_gmt":"2019-12-15T10:37:20","slug":"du-macronisme-au-fascisme","status":"publish","type":"post","link":"https:\/\/www.incaudavenenum.org\/cut.the.crap\/du-macronisme-au-fascisme\/","title":{"rendered":"Du macronisme au fascisme"},"content":{"rendered":"\n<p>Cela faisait un moment que la d\u00e9rive autoritaire du capitalisme n\u00e9olib\u00e9ral \u00e9tait visible, notamment par la violence de la <a href=\"https:\/\/twitter.com\/davduf?ref_src=twsrc%5Egoogle%7Ctwcamp%5Eserp%7Ctwgr%5Eauthor\" target=\"_blank\" rel=\"noreferrer noopener\" aria-label=\"r\u00e9pression (s\u2019ouvre dans un nouvel onglet)\">r\u00e9pression<\/a> contre les Gilets Jaunes ou le mouvement social de d\u00e9fense des retraites. Ugo Palheta, par exemple, a bien analys\u00e9 cette \u00ab\u00a0<a href=\"https:\/\/ugopalheta.wordpress.com\/danger-fasciste\/\" target=\"_blank\" rel=\"noreferrer noopener\" aria-label=\"possibilit\u00e9 du fascisme (s\u2019ouvre dans un nouvel onglet)\">possibilit\u00e9 du fascisme<\/a>\u00ab\u00a0.<\/p>\n\n\n\n<figure class=\"wp-block-embed-youtube wp-block-embed is-type-video is-provider-youtube wp-embed-aspect-16-9 wp-has-aspect-ratio\"><div class=\"wp-block-embed__wrapper\">\n<span class=\"embed-youtube\" style=\"text-align:center; display: block;\"><iframe loading=\"lazy\" class=\"youtube-player\" width=\"840\" height=\"473\" src=\"https:\/\/www.youtube.com\/embed\/-6lMYt24yMI?version=3&#038;rel=1&#038;showsearch=0&#038;showinfo=1&#038;iv_load_policy=1&#038;fs=1&#038;hl=fr-FR&#038;autohide=2&#038;wmode=transparent\" allowfullscreen=\"true\" style=\"border:0;\" sandbox=\"allow-scripts allow-same-origin allow-popups allow-presentation allow-popups-to-escape-sandbox\"><\/iframe><\/span>\n<\/div><\/figure>\n\n\n\n<figure class=\"wp-block-embed-youtube wp-block-embed is-type-video is-provider-youtube wp-embed-aspect-16-9 wp-has-aspect-ratio\"><div class=\"wp-block-embed__wrapper\">\n<span class=\"embed-youtube\" style=\"text-align:center; display: block;\"><iframe loading=\"lazy\" class=\"youtube-player\" width=\"840\" height=\"473\" src=\"https:\/\/www.youtube.com\/embed\/QaHHjK8RQqM?version=3&#038;rel=1&#038;showsearch=0&#038;showinfo=1&#038;iv_load_policy=1&#038;fs=1&#038;hl=fr-FR&#038;autohide=2&#038;wmode=transparent\" allowfullscreen=\"true\" style=\"border:0;\" sandbox=\"allow-scripts allow-same-origin allow-popups allow-presentation allow-popups-to-escape-sandbox\"><\/iframe><\/span>\n<\/div><\/figure>\n\n\n\n<p>Mais les trolls macronards commencent \u00e0 faire \u00e0 pr\u00e9sent leur <em>coming out<\/em> fasciste sur les r\u00e9seaux <em>antisociaux<\/em>. <\/p>\n\n\n\n<p>Exemple ici avec le troll Fran\u00e7ois Noez, membre de LREM et des ridicules foulards bourges anti-Gilets jaunes :<\/p>\n\n\n\n<figure class=\"wp-block-image size-large\"><img data-recalc-dims=\"1\" loading=\"lazy\" decoding=\"async\" width=\"840\" height=\"686\" data-attachment-id=\"1861\" data-permalink=\"https:\/\/www.incaudavenenum.org\/cut.the.crap\/du-macronisme-au-fascisme\/capture-decran-2019-12-15-a-11-17-17\/\" data-orig-file=\"https:\/\/i0.wp.com\/www.incaudavenenum.org\/cut.the.crap\/wp-content\/uploads\/2019\/12\/Capture-d%E2%80%99e%CC%81cran-2019-12-15-a%CC%80-11.17.17.png?fit=1016%2C830&amp;ssl=1\" data-orig-size=\"1016,830\" data-comments-opened=\"1\" data-image-meta=\"{&quot;aperture&quot;:&quot;0&quot;,&quot;credit&quot;:&quot;&quot;,&quot;camera&quot;:&quot;&quot;,&quot;caption&quot;:&quot;&quot;,&quot;created_timestamp&quot;:&quot;0&quot;,&quot;copyright&quot;:&quot;&quot;,&quot;focal_length&quot;:&quot;0&quot;,&quot;iso&quot;:&quot;0&quot;,&quot;shutter_speed&quot;:&quot;0&quot;,&quot;title&quot;:&quot;&quot;,&quot;orientation&quot;:&quot;0&quot;}\" data-image-title=\"Capture-d\u2019e\u0301cran-2019-12-15-a\u0300-11.17.17\" data-image-description=\"\" data-image-caption=\"\" data-large-file=\"https:\/\/i0.wp.com\/www.incaudavenenum.org\/cut.the.crap\/wp-content\/uploads\/2019\/12\/Capture-d%E2%80%99e%CC%81cran-2019-12-15-a%CC%80-11.17.17.png?fit=840%2C686&amp;ssl=1\" src=\"https:\/\/i0.wp.com\/www.incaudavenenum.org\/cut.the.crap\/wp-content\/uploads\/2019\/12\/Capture-d%E2%80%99e%CC%81cran-2019-12-15-a%CC%80-11.17.17.png?resize=840%2C686&#038;ssl=1\" alt=\"\" class=\"wp-image-1861\" srcset=\"https:\/\/i0.wp.com\/www.incaudavenenum.org\/cut.the.crap\/wp-content\/uploads\/2019\/12\/Capture-d%E2%80%99e%CC%81cran-2019-12-15-a%CC%80-11.17.17.png?w=1016&amp;ssl=1 1016w, https:\/\/i0.wp.com\/www.incaudavenenum.org\/cut.the.crap\/wp-content\/uploads\/2019\/12\/Capture-d%E2%80%99e%CC%81cran-2019-12-15-a%CC%80-11.17.17.png?resize=300%2C245&amp;ssl=1 300w, https:\/\/i0.wp.com\/www.incaudavenenum.org\/cut.the.crap\/wp-content\/uploads\/2019\/12\/Capture-d%E2%80%99e%CC%81cran-2019-12-15-a%CC%80-11.17.17.png?resize=768%2C627&amp;ssl=1 768w\" sizes=\"auto, (max-width: 709px) 85vw, (max-width: 909px) 67vw, (max-width: 1362px) 62vw, 840px\" \/><\/figure>\n\n\n\n<figure class=\"wp-block-image size-large is-resized\"><img data-recalc-dims=\"1\" loading=\"lazy\" decoding=\"async\" data-attachment-id=\"1862\" data-permalink=\"https:\/\/www.incaudavenenum.org\/cut.the.crap\/du-macronisme-au-fascisme\/79355651_1232234136986717_1327253896439005184_n\/\" data-orig-file=\"https:\/\/i0.wp.com\/www.incaudavenenum.org\/cut.the.crap\/wp-content\/uploads\/2019\/12\/79355651_1232234136986717_1327253896439005184_n.jpg?fit=720%2C660&amp;ssl=1\" data-orig-size=\"720,660\" data-comments-opened=\"1\" data-image-meta=\"{&quot;aperture&quot;:&quot;0&quot;,&quot;credit&quot;:&quot;&quot;,&quot;camera&quot;:&quot;&quot;,&quot;caption&quot;:&quot;&quot;,&quot;created_timestamp&quot;:&quot;0&quot;,&quot;copyright&quot;:&quot;&quot;,&quot;focal_length&quot;:&quot;0&quot;,&quot;iso&quot;:&quot;0&quot;,&quot;shutter_speed&quot;:&quot;0&quot;,&quot;title&quot;:&quot;&quot;,&quot;orientation&quot;:&quot;0&quot;}\" data-image-title=\"79355651_1232234136986717_1327253896439005184_n\" data-image-description=\"\" data-image-caption=\"\" data-large-file=\"https:\/\/i0.wp.com\/www.incaudavenenum.org\/cut.the.crap\/wp-content\/uploads\/2019\/12\/79355651_1232234136986717_1327253896439005184_n.jpg?fit=720%2C660&amp;ssl=1\" src=\"https:\/\/i0.wp.com\/www.incaudavenenum.org\/cut.the.crap\/wp-content\/uploads\/2019\/12\/79355651_1232234136986717_1327253896439005184_n.jpg?resize=600%2C550&#038;ssl=1\" alt=\"\" class=\"wp-image-1862\" width=\"600\" height=\"550\" srcset=\"https:\/\/i0.wp.com\/www.incaudavenenum.org\/cut.the.crap\/wp-content\/uploads\/2019\/12\/79355651_1232234136986717_1327253896439005184_n.jpg?w=720&amp;ssl=1 720w, https:\/\/i0.wp.com\/www.incaudavenenum.org\/cut.the.crap\/wp-content\/uploads\/2019\/12\/79355651_1232234136986717_1327253896439005184_n.jpg?resize=300%2C275&amp;ssl=1 300w\" sizes=\"auto, (max-width: 709px) 85vw, (max-width: 909px) 67vw, (max-width: 984px) 61vw, (max-width: 1362px) 45vw, 600px\" \/><\/figure>\n\n\n\n<figure class=\"wp-block-image size-large\"><img data-recalc-dims=\"1\" loading=\"lazy\" decoding=\"async\" width=\"840\" height=\"789\" data-attachment-id=\"1863\" data-permalink=\"https:\/\/www.incaudavenenum.org\/cut.the.crap\/du-macronisme-au-fascisme\/capture-decran-2019-12-15-a-11-31-54\/\" data-orig-file=\"https:\/\/i0.wp.com\/www.incaudavenenum.org\/cut.the.crap\/wp-content\/uploads\/2019\/12\/Capture-d%E2%80%99e%CC%81cran-2019-12-15-a%CC%80-11.31.54.png?fit=1018%2C956&amp;ssl=1\" data-orig-size=\"1018,956\" data-comments-opened=\"1\" data-image-meta=\"{&quot;aperture&quot;:&quot;0&quot;,&quot;credit&quot;:&quot;&quot;,&quot;camera&quot;:&quot;&quot;,&quot;caption&quot;:&quot;&quot;,&quot;created_timestamp&quot;:&quot;0&quot;,&quot;copyright&quot;:&quot;&quot;,&quot;focal_length&quot;:&quot;0&quot;,&quot;iso&quot;:&quot;0&quot;,&quot;shutter_speed&quot;:&quot;0&quot;,&quot;title&quot;:&quot;&quot;,&quot;orientation&quot;:&quot;0&quot;}\" data-image-title=\"Capture-d\u2019e\u0301cran-2019-12-15-a\u0300-11.31.54\" data-image-description=\"\" data-image-caption=\"\" data-large-file=\"https:\/\/i0.wp.com\/www.incaudavenenum.org\/cut.the.crap\/wp-content\/uploads\/2019\/12\/Capture-d%E2%80%99e%CC%81cran-2019-12-15-a%CC%80-11.31.54.png?fit=840%2C789&amp;ssl=1\" src=\"https:\/\/i0.wp.com\/www.incaudavenenum.org\/cut.the.crap\/wp-content\/uploads\/2019\/12\/Capture-d%E2%80%99e%CC%81cran-2019-12-15-a%CC%80-11.31.54.png?resize=840%2C789&#038;ssl=1\" alt=\"\" class=\"wp-image-1863\" srcset=\"https:\/\/i0.wp.com\/www.incaudavenenum.org\/cut.the.crap\/wp-content\/uploads\/2019\/12\/Capture-d%E2%80%99e%CC%81cran-2019-12-15-a%CC%80-11.31.54.png?w=1018&amp;ssl=1 1018w, https:\/\/i0.wp.com\/www.incaudavenenum.org\/cut.the.crap\/wp-content\/uploads\/2019\/12\/Capture-d%E2%80%99e%CC%81cran-2019-12-15-a%CC%80-11.31.54.png?resize=300%2C282&amp;ssl=1 300w, https:\/\/i0.wp.com\/www.incaudavenenum.org\/cut.the.crap\/wp-content\/uploads\/2019\/12\/Capture-d%E2%80%99e%CC%81cran-2019-12-15-a%CC%80-11.31.54.png?resize=768%2C721&amp;ssl=1 768w\" sizes=\"auto, (max-width: 709px) 85vw, (max-width: 909px) 67vw, (max-width: 1362px) 62vw, 840px\" \/><\/figure>\n\n\n\n<p>\u00c7a a le m\u00e9rite d&rsquo;\u00eatre clair, non ?<\/p>\n\n\n\n<p>No Pasaran !<\/p>\n","protected":false},"excerpt":{"rendered":"<p>Cela faisait un moment que la d\u00e9rive autoritaire du capitalisme n\u00e9olib\u00e9ral \u00e9tait visible, notamment par la violence de la r\u00e9pression contre les Gilets Jaunes ou le mouvement social de d\u00e9fense des retraites. Ugo Palheta, par exemple, a bien analys\u00e9 cette \u00ab\u00a0possibilit\u00e9 du fascisme\u00ab\u00a0. Mais les trolls macronards commencent \u00e0 faire \u00e0 pr\u00e9sent leur coming out &hellip; <a href=\"https:\/\/www.incaudavenenum.org\/cut.the.crap\/du-macronisme-au-fascisme\/\" class=\"more-link\">Continuer la lecture<span class=\"screen-reader-text\"> de &laquo;&nbsp;Du macronisme au fascisme&nbsp;&raquo;<\/span><\/a><\/p>\n","protected":false},"author":1,"featured_media":0,"comment_status":"open","ping_status":"open","sticky":false,"template":"","format":"standard","meta":{"jetpack_post_was_ever_published":false,"_jetpack_newsletter_access":"","_jetpack_dont_email_post_to_subs":false,"_jetpack_newsletter_tier_id":0,"_jetpack_memberships_contains_paywalled_content":false,"_jetpack_memberships_contains_paid_content":false,"footnotes":"","jetpack_publicize_message":"","jetpack_publicize_feature_enabled":true,"jetpack_social_post_already_shared":true,"jetpack_social_options":{"image_generator_settings":{"template":"highway","default_image_id":0,"font":"","enabled":false},"version":2}},"categories":[2],"tags":[453,555,494,607,536],"class_list":["post-1860","post","type-post","status-publish","format-standard","hentry","category-antisocial","tag-fascisme","tag-francois-noez","tag-gilets-jaunes","tag-lrem","tag-troll"],"yoast_head":"<!-- This site is optimized with the Yoast SEO plugin v27.5 - https:\/\/yoast.com\/product\/yoast-seo-wordpress\/ -->\n<title>Du macronisme au fascisme - Cut The Crap<\/title>\n<meta name=\"robots\" content=\"index, follow, max-snippet:-1, max-image-preview:large, max-video-preview:-1\" \/>\n<link rel=\"canonical\" href=\"https:\/\/www.incaudavenenum.org\/cut.the.crap\/du-macronisme-au-fascisme\/\" \/>\n<meta property=\"og:locale\" content=\"fr_FR\" \/>\n<meta property=\"og:type\" content=\"article\" \/>\n<meta property=\"og:title\" content=\"Du macronisme au fascisme - Cut The Crap\" \/>\n<meta property=\"og:description\" content=\"Cela faisait un moment que la d\u00e9rive autoritaire du capitalisme n\u00e9olib\u00e9ral \u00e9tait visible, notamment par la violence de la r\u00e9pression contre les Gilets Jaunes ou le mouvement social de d\u00e9fense des retraites. Ugo Palheta, par exemple, a bien analys\u00e9 cette \u00ab\u00a0possibilit\u00e9 du fascisme\u00ab\u00a0. Mais les trolls macronards commencent \u00e0 faire \u00e0 pr\u00e9sent leur coming out &hellip; Continuer la lecture de &laquo;&nbsp;Du macronisme au fascisme&nbsp;&raquo;\" \/>\n<meta property=\"og:url\" content=\"https:\/\/www.incaudavenenum.org\/cut.the.crap\/du-macronisme-au-fascisme\/\" \/>\n<meta property=\"og:site_name\" content=\"Cut The Crap\" \/>\n<meta property=\"article:publisher\" content=\"https:\/\/www.facebook.com\/Cut-the-Crap-239882412697830\/\" \/>\n<meta property=\"article:author\" content=\"https:\/\/www.facebook.com\/cut.the.crap.free.fr\" \/>\n<meta property=\"article:published_time\" content=\"2019-12-15T10:37:19+00:00\" \/>\n<meta property=\"article:modified_time\" content=\"2019-12-15T10:37:20+00:00\" \/>\n<meta property=\"og:image\" content=\"https:\/\/i1.wp.com\/www.incaudavenenum.org\/cut.the.crap\/wp-content\/uploads\/2019\/12\/79355651_1232234136986717_1327253896439005184_n.jpg?fit=720%2C660&ssl=1\" \/>\n\t<meta property=\"og:image:width\" content=\"720\" \/>\n\t<meta property=\"og:image:height\" content=\"660\" \/>\n\t<meta property=\"og:image:type\" content=\"image\/jpeg\" \/>\n<meta name=\"author\" content=\"Serge Victor\" \/>\n<meta name=\"twitter:card\" content=\"summary_large_image\" \/>\n<meta name=\"twitter:image\" content=\"https:\/\/i0.wp.com\/www.incaudavenenum.org\/cut.the.crap\/wp-content\/uploads\/2019\/12\/79355651_1232234136986717_1327253896439005184_n.jpg?fit=720%2C660&ssl=1\" \/>\n<meta name=\"twitter:creator\" content=\"@cutzecrap\" \/>\n<meta name=\"twitter:site\" content=\"@cutzecrap\" \/>\n<meta name=\"twitter:label1\" content=\"\u00c9crit par\" \/>\n\t<meta name=\"twitter:data1\" content=\"Serge Victor\" \/>\n\t<meta name=\"twitter:label2\" content=\"Dur\u00e9e de lecture estim\u00e9e\" \/>\n\t<meta name=\"twitter:data2\" content=\"1 minute\" \/>\n<script type=\"application\/ld+json\" class=\"yoast-schema-graph\">{\"@context\":\"https:\\\/\\\/schema.org\",\"@graph\":[{\"@type\":\"Article\",\"@id\":\"https:\\\/\\\/www.incaudavenenum.org\\\/cut.the.crap\\\/du-macronisme-au-fascisme\\\/#article\",\"isPartOf\":{\"@id\":\"https:\\\/\\\/www.incaudavenenum.org\\\/cut.the.crap\\\/du-macronisme-au-fascisme\\\/\"},\"author\":{\"name\":\"Serge Victor\",\"@id\":\"https:\\\/\\\/www.incaudavenenum.org\\\/cut.the.crap\\\/#\\\/schema\\\/person\\\/39fa901f2f251d6be7e35d8d58a8d1b4\"},\"headline\":\"Du macronisme au fascisme\",\"datePublished\":\"2019-12-15T10:37:19+00:00\",\"dateModified\":\"2019-12-15T10:37:20+00:00\",\"mainEntityOfPage\":{\"@id\":\"https:\\\/\\\/www.incaudavenenum.org\\\/cut.the.crap\\\/du-macronisme-au-fascisme\\\/\"},\"wordCount\":109,\"commentCount\":0,\"publisher\":{\"@id\":\"https:\\\/\\\/www.incaudavenenum.org\\\/cut.the.crap\\\/#organization\"},\"image\":{\"@id\":\"https:\\\/\\\/www.incaudavenenum.org\\\/cut.the.crap\\\/du-macronisme-au-fascisme\\\/#primaryimage\"},\"thumbnailUrl\":\"https:\\\/\\\/www.incaudavenenum.org\\\/cut.the.crap\\\/wp-content\\\/uploads\\\/2019\\\/12\\\/79355651_1232234136986717_1327253896439005184_n.jpg\",\"keywords\":[\"fascisme\",\"Fran\u00e7ois Noez\",\"Gilets Jaunes\",\"LREM\",\"troll\"],\"articleSection\":[\"Antisocial\"],\"inLanguage\":\"fr-FR\",\"potentialAction\":[{\"@type\":\"CommentAction\",\"name\":\"Comment\",\"target\":[\"https:\\\/\\\/www.incaudavenenum.org\\\/cut.the.crap\\\/du-macronisme-au-fascisme\\\/#respond\"]}]},{\"@type\":\"WebPage\",\"@id\":\"https:\\\/\\\/www.incaudavenenum.org\\\/cut.the.crap\\\/du-macronisme-au-fascisme\\\/\",\"url\":\"https:\\\/\\\/www.incaudavenenum.org\\\/cut.the.crap\\\/du-macronisme-au-fascisme\\\/\",\"name\":\"Du macronisme au fascisme - Cut The Crap\",\"isPartOf\":{\"@id\":\"https:\\\/\\\/www.incaudavenenum.org\\\/cut.the.crap\\\/#website\"},\"primaryImageOfPage\":{\"@id\":\"https:\\\/\\\/www.incaudavenenum.org\\\/cut.the.crap\\\/du-macronisme-au-fascisme\\\/#primaryimage\"},\"image\":{\"@id\":\"https:\\\/\\\/www.incaudavenenum.org\\\/cut.the.crap\\\/du-macronisme-au-fascisme\\\/#primaryimage\"},\"thumbnailUrl\":\"https:\\\/\\\/www.incaudavenenum.org\\\/cut.the.crap\\\/wp-content\\\/uploads\\\/2019\\\/12\\\/79355651_1232234136986717_1327253896439005184_n.jpg\",\"datePublished\":\"2019-12-15T10:37:19+00:00\",\"dateModified\":\"2019-12-15T10:37:20+00:00\",\"breadcrumb\":{\"@id\":\"https:\\\/\\\/www.incaudavenenum.org\\\/cut.the.crap\\\/du-macronisme-au-fascisme\\\/#breadcrumb\"},\"inLanguage\":\"fr-FR\",\"potentialAction\":[{\"@type\":\"ReadAction\",\"target\":[\"https:\\\/\\\/www.incaudavenenum.org\\\/cut.the.crap\\\/du-macronisme-au-fascisme\\\/\"]}]},{\"@type\":\"ImageObject\",\"inLanguage\":\"fr-FR\",\"@id\":\"https:\\\/\\\/www.incaudavenenum.org\\\/cut.the.crap\\\/du-macronisme-au-fascisme\\\/#primaryimage\",\"url\":\"https:\\\/\\\/i0.wp.com\\\/www.incaudavenenum.org\\\/cut.the.crap\\\/wp-content\\\/uploads\\\/2019\\\/12\\\/79355651_1232234136986717_1327253896439005184_n.jpg?fit=720%2C660&ssl=1\",\"contentUrl\":\"https:\\\/\\\/i0.wp.com\\\/www.incaudavenenum.org\\\/cut.the.crap\\\/wp-content\\\/uploads\\\/2019\\\/12\\\/79355651_1232234136986717_1327253896439005184_n.jpg?fit=720%2C660&ssl=1\",\"width\":720,\"height\":660},{\"@type\":\"BreadcrumbList\",\"@id\":\"https:\\\/\\\/www.incaudavenenum.org\\\/cut.the.crap\\\/du-macronisme-au-fascisme\\\/#breadcrumb\",\"itemListElement\":[{\"@type\":\"ListItem\",\"position\":1,\"name\":\"Accueil\",\"item\":\"https:\\\/\\\/www.incaudavenenum.org\\\/cut.the.crap\\\/\"},{\"@type\":\"ListItem\",\"position\":2,\"name\":\"Du macronisme au fascisme\"}]},{\"@type\":\"WebSite\",\"@id\":\"https:\\\/\\\/www.incaudavenenum.org\\\/cut.the.crap\\\/#website\",\"url\":\"https:\\\/\\\/www.incaudavenenum.org\\\/cut.the.crap\\\/\",\"name\":\"Cut The Crap\",\"description\":\"Blog de gauche\",\"publisher\":{\"@id\":\"https:\\\/\\\/www.incaudavenenum.org\\\/cut.the.crap\\\/#organization\"},\"potentialAction\":[{\"@type\":\"SearchAction\",\"target\":{\"@type\":\"EntryPoint\",\"urlTemplate\":\"https:\\\/\\\/www.incaudavenenum.org\\\/cut.the.crap\\\/?s={search_term_string}\"},\"query-input\":{\"@type\":\"PropertyValueSpecification\",\"valueRequired\":true,\"valueName\":\"search_term_string\"}}],\"inLanguage\":\"fr-FR\"},{\"@type\":\"Organization\",\"@id\":\"https:\\\/\\\/www.incaudavenenum.org\\\/cut.the.crap\\\/#organization\",\"name\":\"Cut The Crap\",\"url\":\"https:\\\/\\\/www.incaudavenenum.org\\\/cut.the.crap\\\/\",\"logo\":{\"@type\":\"ImageObject\",\"inLanguage\":\"fr-FR\",\"@id\":\"https:\\\/\\\/www.incaudavenenum.org\\\/cut.the.crap\\\/#\\\/schema\\\/logo\\\/image\\\/\",\"url\":\"https:\\\/\\\/i1.wp.com\\\/www.incaudavenenum.org\\\/cut.the.crap\\\/wp-content\\\/uploads\\\/2018\\\/01\\\/cTc.png?fit=100%2C95\",\"contentUrl\":\"https:\\\/\\\/i1.wp.com\\\/www.incaudavenenum.org\\\/cut.the.crap\\\/wp-content\\\/uploads\\\/2018\\\/01\\\/cTc.png?fit=100%2C95\",\"width\":100,\"height\":95,\"caption\":\"Cut The Crap\"},\"image\":{\"@id\":\"https:\\\/\\\/www.incaudavenenum.org\\\/cut.the.crap\\\/#\\\/schema\\\/logo\\\/image\\\/\"},\"sameAs\":[\"https:\\\/\\\/www.facebook.com\\\/Cut-the-Crap-239882412697830\\\/\",\"https:\\\/\\\/x.com\\\/cutzecrap\"]},{\"@type\":\"Person\",\"@id\":\"https:\\\/\\\/www.incaudavenenum.org\\\/cut.the.crap\\\/#\\\/schema\\\/person\\\/39fa901f2f251d6be7e35d8d58a8d1b4\",\"name\":\"Serge Victor\",\"image\":{\"@type\":\"ImageObject\",\"inLanguage\":\"fr-FR\",\"@id\":\"https:\\\/\\\/secure.gravatar.com\\\/avatar\\\/1e2fd85bc69a7e81bf6242704119d1669b9a3ab337deeaf0e9141b764210481a?s=96&d=mm&r=g\",\"url\":\"https:\\\/\\\/secure.gravatar.com\\\/avatar\\\/1e2fd85bc69a7e81bf6242704119d1669b9a3ab337deeaf0e9141b764210481a?s=96&d=mm&r=g\",\"contentUrl\":\"https:\\\/\\\/secure.gravatar.com\\\/avatar\\\/1e2fd85bc69a7e81bf6242704119d1669b9a3ab337deeaf0e9141b764210481a?s=96&d=mm&r=g\",\"caption\":\"Serge Victor\"},\"description\":\"Militant de gauche, \u00e9cosocialiste, f\u00e9ministe, autogestionnaire\",\"sameAs\":[\"https:\\\/\\\/www.incaudavenenum.org\\\/cut.the.crap\\\/\",\"https:\\\/\\\/www.facebook.com\\\/cut.the.crap.free.fr\",\"https:\\\/\\\/x.com\\\/cutzecrap\"],\"url\":\"https:\\\/\\\/www.incaudavenenum.org\\\/cut.the.crap\\\/author\\\/sergevictor\\\/\"}]}<\/script>\n<!-- \/ Yoast SEO plugin. -->","yoast_head_json":{"title":"Du macronisme au fascisme - Cut The Crap","robots":{"index":"index","follow":"follow","max-snippet":"max-snippet:-1","max-image-preview":"max-image-preview:large","max-video-preview":"max-video-preview:-1"},"canonical":"https:\/\/www.incaudavenenum.org\/cut.the.crap\/du-macronisme-au-fascisme\/","og_locale":"fr_FR","og_type":"article","og_title":"Du macronisme au fascisme - Cut The Crap","og_description":"Cela faisait un moment que la d\u00e9rive autoritaire du capitalisme n\u00e9olib\u00e9ral \u00e9tait visible, notamment par la violence de la r\u00e9pression contre les Gilets Jaunes ou le mouvement social de d\u00e9fense des retraites. Ugo Palheta, par exemple, a bien analys\u00e9 cette \u00ab\u00a0possibilit\u00e9 du fascisme\u00ab\u00a0. Mais les trolls macronards commencent \u00e0 faire \u00e0 pr\u00e9sent leur coming out &hellip; Continuer la lecture de &laquo;&nbsp;Du macronisme au fascisme&nbsp;&raquo;","og_url":"https:\/\/www.incaudavenenum.org\/cut.the.crap\/du-macronisme-au-fascisme\/","og_site_name":"Cut The Crap","article_publisher":"https:\/\/www.facebook.com\/Cut-the-Crap-239882412697830\/","article_author":"https:\/\/www.facebook.com\/cut.the.crap.free.fr","article_published_time":"2019-12-15T10:37:19+00:00","article_modified_time":"2019-12-15T10:37:20+00:00","og_image":[{"width":720,"height":660,"url":"https:\/\/i1.wp.com\/www.incaudavenenum.org\/cut.the.crap\/wp-content\/uploads\/2019\/12\/79355651_1232234136986717_1327253896439005184_n.jpg?fit=720%2C660&ssl=1","type":"image\/jpeg"}],"author":"Serge Victor","twitter_card":"summary_large_image","twitter_image":"https:\/\/i0.wp.com\/www.incaudavenenum.org\/cut.the.crap\/wp-content\/uploads\/2019\/12\/79355651_1232234136986717_1327253896439005184_n.jpg?fit=720%2C660&ssl=1","twitter_creator":"@cutzecrap","twitter_site":"@cutzecrap","twitter_misc":{"\u00c9crit par":"Serge Victor","Dur\u00e9e de lecture estim\u00e9e":"1 minute"},"schema":{"@context":"https:\/\/schema.org","@graph":[{"@type":"Article","@id":"https:\/\/www.incaudavenenum.org\/cut.the.crap\/du-macronisme-au-fascisme\/#article","isPartOf":{"@id":"https:\/\/www.incaudavenenum.org\/cut.the.crap\/du-macronisme-au-fascisme\/"},"author":{"name":"Serge Victor","@id":"https:\/\/www.incaudavenenum.org\/cut.the.crap\/#\/schema\/person\/39fa901f2f251d6be7e35d8d58a8d1b4"},"headline":"Du macronisme au fascisme","datePublished":"2019-12-15T10:37:19+00:00","dateModified":"2019-12-15T10:37:20+00:00","mainEntityOfPage":{"@id":"https:\/\/www.incaudavenenum.org\/cut.the.crap\/du-macronisme-au-fascisme\/"},"wordCount":109,"commentCount":0,"publisher":{"@id":"https:\/\/www.incaudavenenum.org\/cut.the.crap\/#organization"},"image":{"@id":"https:\/\/www.incaudavenenum.org\/cut.the.crap\/du-macronisme-au-fascisme\/#primaryimage"},"thumbnailUrl":"https:\/\/www.incaudavenenum.org\/cut.the.crap\/wp-content\/uploads\/2019\/12\/79355651_1232234136986717_1327253896439005184_n.jpg","keywords":["fascisme","Fran\u00e7ois Noez","Gilets Jaunes","LREM","troll"],"articleSection":["Antisocial"],"inLanguage":"fr-FR","potentialAction":[{"@type":"CommentAction","name":"Comment","target":["https:\/\/www.incaudavenenum.org\/cut.the.crap\/du-macronisme-au-fascisme\/#respond"]}]},{"@type":"WebPage","@id":"https:\/\/www.incaudavenenum.org\/cut.the.crap\/du-macronisme-au-fascisme\/","url":"https:\/\/www.incaudavenenum.org\/cut.the.crap\/du-macronisme-au-fascisme\/","name":"Du macronisme au fascisme - Cut The Crap","isPartOf":{"@id":"https:\/\/www.incaudavenenum.org\/cut.the.crap\/#website"},"primaryImageOfPage":{"@id":"https:\/\/www.incaudavenenum.org\/cut.the.crap\/du-macronisme-au-fascisme\/#primaryimage"},"image":{"@id":"https:\/\/www.incaudavenenum.org\/cut.the.crap\/du-macronisme-au-fascisme\/#primaryimage"},"thumbnailUrl":"https:\/\/www.incaudavenenum.org\/cut.the.crap\/wp-content\/uploads\/2019\/12\/79355651_1232234136986717_1327253896439005184_n.jpg","datePublished":"2019-12-15T10:37:19+00:00","dateModified":"2019-12-15T10:37:20+00:00","breadcrumb":{"@id":"https:\/\/www.incaudavenenum.org\/cut.the.crap\/du-macronisme-au-fascisme\/#breadcrumb"},"inLanguage":"fr-FR","potentialAction":[{"@type":"ReadAction","target":["https:\/\/www.incaudavenenum.org\/cut.the.crap\/du-macronisme-au-fascisme\/"]}]},{"@type":"ImageObject","inLanguage":"fr-FR","@id":"https:\/\/www.incaudavenenum.org\/cut.the.crap\/du-macronisme-au-fascisme\/#primaryimage","url":"https:\/\/i0.wp.com\/www.incaudavenenum.org\/cut.the.crap\/wp-content\/uploads\/2019\/12\/79355651_1232234136986717_1327253896439005184_n.jpg?fit=720%2C660&ssl=1","contentUrl":"https:\/\/i0.wp.com\/www.incaudavenenum.org\/cut.the.crap\/wp-content\/uploads\/2019\/12\/79355651_1232234136986717_1327253896439005184_n.jpg?fit=720%2C660&ssl=1","width":720,"height":660},{"@type":"BreadcrumbList","@id":"https:\/\/www.incaudavenenum.org\/cut.the.crap\/du-macronisme-au-fascisme\/#breadcrumb","itemListElement":[{"@type":"ListItem","position":1,"name":"Accueil","item":"https:\/\/www.incaudavenenum.org\/cut.the.crap\/"},{"@type":"ListItem","position":2,"name":"Du macronisme au fascisme"}]},{"@type":"WebSite","@id":"https:\/\/www.incaudavenenum.org\/cut.the.crap\/#website","url":"https:\/\/www.incaudavenenum.org\/cut.the.crap\/","name":"Cut The Crap","description":"Blog de gauche","publisher":{"@id":"https:\/\/www.incaudavenenum.org\/cut.the.crap\/#organization"},"potentialAction":[{"@type":"SearchAction","target":{"@type":"EntryPoint","urlTemplate":"https:\/\/www.incaudavenenum.org\/cut.the.crap\/?s={search_term_string}"},"query-input":{"@type":"PropertyValueSpecification","valueRequired":true,"valueName":"search_term_string"}}],"inLanguage":"fr-FR"},{"@type":"Organization","@id":"https:\/\/www.incaudavenenum.org\/cut.the.crap\/#organization","name":"Cut The Crap","url":"https:\/\/www.incaudavenenum.org\/cut.the.crap\/","logo":{"@type":"ImageObject","inLanguage":"fr-FR","@id":"https:\/\/www.incaudavenenum.org\/cut.the.crap\/#\/schema\/logo\/image\/","url":"https:\/\/i1.wp.com\/www.incaudavenenum.org\/cut.the.crap\/wp-content\/uploads\/2018\/01\/cTc.png?fit=100%2C95","contentUrl":"https:\/\/i1.wp.com\/www.incaudavenenum.org\/cut.the.crap\/wp-content\/uploads\/2018\/01\/cTc.png?fit=100%2C95","width":100,"height":95,"caption":"Cut The Crap"},"image":{"@id":"https:\/\/www.incaudavenenum.org\/cut.the.crap\/#\/schema\/logo\/image\/"},"sameAs":["https:\/\/www.facebook.com\/Cut-the-Crap-239882412697830\/","https:\/\/x.com\/cutzecrap"]},{"@type":"Person","@id":"https:\/\/www.incaudavenenum.org\/cut.the.crap\/#\/schema\/person\/39fa901f2f251d6be7e35d8d58a8d1b4","name":"Serge Victor","image":{"@type":"ImageObject","inLanguage":"fr-FR","@id":"https:\/\/secure.gravatar.com\/avatar\/1e2fd85bc69a7e81bf6242704119d1669b9a3ab337deeaf0e9141b764210481a?s=96&d=mm&r=g","url":"https:\/\/secure.gravatar.com\/avatar\/1e2fd85bc69a7e81bf6242704119d1669b9a3ab337deeaf0e9141b764210481a?s=96&d=mm&r=g","contentUrl":"https:\/\/secure.gravatar.com\/avatar\/1e2fd85bc69a7e81bf6242704119d1669b9a3ab337deeaf0e9141b764210481a?s=96&d=mm&r=g","caption":"Serge Victor"},"description":"Militant de gauche, \u00e9cosocialiste, f\u00e9ministe, autogestionnaire","sameAs":["https:\/\/www.incaudavenenum.org\/cut.the.crap\/","https:\/\/www.facebook.com\/cut.the.crap.free.fr","https:\/\/x.com\/cutzecrap"],"url":"https:\/\/www.incaudavenenum.org\/cut.the.crap\/author\/sergevictor\/"}]}},"jetpack_publicize_connections":[],"jetpack_featured_media_url":"","jetpack_shortlink":"https:\/\/wp.me\/p9z98q-u0","jetpack_likes_enabled":true,"jetpack-related-posts":[{"id":1805,"url":"https:\/\/www.incaudavenenum.org\/cut.the.crap\/la-possibilite-du-fascisme\/","url_meta":{"origin":1860,"position":0},"title":"La possibilit\u00e9 du fascisme","author":"Serge Victor","date":"24 octobre 2019","format":false,"excerpt":"Sur le r\u00e9seau antisocial Facebook, j'ai trouv\u00e9 ce document publi\u00e9 par un camarade qui s'appuie sur une source gouvernementale : No comment.","rel":"","context":"Dans &quot;Antisocial&quot;","block_context":{"text":"Antisocial","link":"https:\/\/www.incaudavenenum.org\/cut.the.crap\/category\/antisocial\/"},"img":{"alt_text":"","src":"https:\/\/i0.wp.com\/www.incaudavenenum.org\/cut.the.crap\/wp-content\/uploads\/2019\/10\/73253283_10156985473237013_5373516124707094528_n.jpg?resize=350%2C200&ssl=1","width":350,"height":200,"srcset":"https:\/\/i0.wp.com\/www.incaudavenenum.org\/cut.the.crap\/wp-content\/uploads\/2019\/10\/73253283_10156985473237013_5373516124707094528_n.jpg?resize=350%2C200&ssl=1 1x, https:\/\/i0.wp.com\/www.incaudavenenum.org\/cut.the.crap\/wp-content\/uploads\/2019\/10\/73253283_10156985473237013_5373516124707094528_n.jpg?resize=525%2C300&ssl=1 1.5x"},"classes":[]},{"id":1591,"url":"https:\/\/www.incaudavenenum.org\/cut.the.crap\/macron-donne-sa-vision-des-gilets-jaunes-aux-enfants\/","url_meta":{"origin":1860,"position":1},"title":"Macron donne sa vision des Gilets jaunes aux enfants","author":"Serge Victor","date":"29 mars 2019","format":false,"excerpt":"L'original https:\/\/youtu.be\/saDh1q-RWCU La copie source : Huffington Post","rel":"","context":"Dans &quot;Chim\u00e8res&quot;","block_context":{"text":"Chim\u00e8res","link":"https:\/\/www.incaudavenenum.org\/cut.the.crap\/category\/chimeres\/"},"img":{"alt_text":"","src":"https:\/\/i0.wp.com\/www.incaudavenenum.org\/cut.the.crap\/wp-content\/uploads\/2019\/03\/hitlermacron.jpg?resize=350%2C200&ssl=1","width":350,"height":200,"srcset":"https:\/\/i0.wp.com\/www.incaudavenenum.org\/cut.the.crap\/wp-content\/uploads\/2019\/03\/hitlermacron.jpg?resize=350%2C200&ssl=1 1x, https:\/\/i0.wp.com\/www.incaudavenenum.org\/cut.the.crap\/wp-content\/uploads\/2019\/03\/hitlermacron.jpg?resize=525%2C300&ssl=1 1.5x, https:\/\/i0.wp.com\/www.incaudavenenum.org\/cut.the.crap\/wp-content\/uploads\/2019\/03\/hitlermacron.jpg?resize=700%2C400&ssl=1 2x, https:\/\/i0.wp.com\/www.incaudavenenum.org\/cut.the.crap\/wp-content\/uploads\/2019\/03\/hitlermacron.jpg?resize=1050%2C600&ssl=1 3x"},"classes":[]},{"id":1933,"url":"https:\/\/www.incaudavenenum.org\/cut.the.crap\/fascisme\/","url_meta":{"origin":1860,"position":2},"title":"Fascisme","author":"Serge Victor","date":"22 f\u00e9vrier 2021","format":false,"excerpt":"\"Dire que le danger est \u00e0 venir constitue une fa\u00e7on d'\u00e9viter de dire qu'il est d\u00e9j\u00e0 l\u00e0. Or le fascisme est actuel, quotidien, banal. Il se d\u00e9cline au jour le jour, intervient et structure la soci\u00e9t\u00e9, dans les institutions et jusque dans nos propres luttes. Que dire d'un Etat dont\u2026","rel":"","context":"Dans &quot;Citations&quot;","block_context":{"text":"Citations","link":"https:\/\/www.incaudavenenum.org\/cut.the.crap\/category\/lectures\/citations\/"},"img":{"alt_text":"","src":"","width":0,"height":0},"classes":[]},{"id":1484,"url":"https:\/\/www.incaudavenenum.org\/cut.the.crap\/acte-x-texte-salutaire\/","url_meta":{"origin":1860,"position":3},"title":"Acte X, texte salutaire","author":"Serge Victor","date":"19 janvier 2019","format":"image","excerpt":"Tract distribu\u00e9 lors de la manifestation des Gilets Jaunes du 19 janvier 2019 \u00e0 Paris","rel":"","context":"Dans &quot;Antiracisme&quot;","block_context":{"text":"Antiracisme","link":"https:\/\/www.incaudavenenum.org\/cut.the.crap\/category\/antiracisme\/"},"img":{"alt_text":"","src":"https:\/\/i0.wp.com\/www.incaudavenenum.org\/cut.the.crap\/wp-content\/uploads\/2019\/01\/GJIdF-e1547912008661.jpg?resize=350%2C200&ssl=1","width":350,"height":200,"srcset":"https:\/\/i0.wp.com\/www.incaudavenenum.org\/cut.the.crap\/wp-content\/uploads\/2019\/01\/GJIdF-e1547912008661.jpg?resize=350%2C200&ssl=1 1x, https:\/\/i0.wp.com\/www.incaudavenenum.org\/cut.the.crap\/wp-content\/uploads\/2019\/01\/GJIdF-e1547912008661.jpg?resize=525%2C300&ssl=1 1.5x, https:\/\/i0.wp.com\/www.incaudavenenum.org\/cut.the.crap\/wp-content\/uploads\/2019\/01\/GJIdF-e1547912008661.jpg?resize=700%2C400&ssl=1 2x, https:\/\/i0.wp.com\/www.incaudavenenum.org\/cut.the.crap\/wp-content\/uploads\/2019\/01\/GJIdF-e1547912008661.jpg?resize=1050%2C600&ssl=1 3x, https:\/\/i0.wp.com\/www.incaudavenenum.org\/cut.the.crap\/wp-content\/uploads\/2019\/01\/GJIdF-e1547912008661.jpg?resize=1400%2C800&ssl=1 4x"},"classes":[]},{"id":1560,"url":"https:\/\/www.incaudavenenum.org\/cut.the.crap\/noyau-dur\/","url_meta":{"origin":1860,"position":4},"title":"Noyau dur","author":"Serge Victor","date":"19 mars 2019","format":false,"excerpt":"Quand le ministre Nunez annonce \"10000 manifestants violents\" (voir article d'Arr\u00eat sur Images) alors que la pr\u00e9fecture chiffrait \u00e0 10000 le nombre de Gilets Jaunes manifestant (voir article de La Croix), on peut en conclure ou bien que tous les Gilets Jaunes sont violents, ou bien que les Gilets Jaunes\u2026","rel":"","context":"Dans &quot;Antisocial&quot;","block_context":{"text":"Antisocial","link":"https:\/\/www.incaudavenenum.org\/cut.the.crap\/category\/antisocial\/"},"img":{"alt_text":"","src":"https:\/\/i0.wp.com\/www.incaudavenenum.org\/cut.the.crap\/wp-content\/uploads\/2019\/03\/manif16-e1552988895382.jpg?fit=900%2C1200&ssl=1&resize=350%2C200","width":350,"height":200,"srcset":"https:\/\/i0.wp.com\/www.incaudavenenum.org\/cut.the.crap\/wp-content\/uploads\/2019\/03\/manif16-e1552988895382.jpg?fit=900%2C1200&ssl=1&resize=350%2C200 1x, https:\/\/i0.wp.com\/www.incaudavenenum.org\/cut.the.crap\/wp-content\/uploads\/2019\/03\/manif16-e1552988895382.jpg?fit=900%2C1200&ssl=1&resize=525%2C300 1.5x, https:\/\/i0.wp.com\/www.incaudavenenum.org\/cut.the.crap\/wp-content\/uploads\/2019\/03\/manif16-e1552988895382.jpg?fit=900%2C1200&ssl=1&resize=700%2C400 2x"},"classes":[]},{"id":1714,"url":"https:\/\/www.incaudavenenum.org\/cut.the.crap\/spectacle-2\/","url_meta":{"origin":1860,"position":5},"title":"Spectacle","author":"Serge Victor","date":"2 juin 2019","format":"quote","excerpt":"\"Je pense que nous assistons aujourd'hui \u00e0 un nouvel \u00e9pisode dans la lutte d\u00e9j\u00e0 ancienne que se livrent les politiciens et les journalistes pour appara\u00eetre comme les v\u00e9ritables repr\u00e9sentants du peuple. En diffusant en boucle les propos des manifestants affirmant leur refus d'\u00eatre \u201cr\u00e9cup\u00e9r\u00e9s\u201d par les syndicats et les partis,\u2026","rel":"","context":"Dans &quot;Citations&quot;","block_context":{"text":"Citations","link":"https:\/\/www.incaudavenenum.org\/cut.the.crap\/category\/lectures\/citations\/"},"img":{"alt_text":"","src":"","width":0,"height":0},"classes":[]}],"jetpack_sharing_enabled":true,"_links":{"self":[{"href":"https:\/\/www.incaudavenenum.org\/cut.the.crap\/wp-json\/wp\/v2\/posts\/1860","targetHints":{"allow":["GET"]}}],"collection":[{"href":"https:\/\/www.incaudavenenum.org\/cut.the.crap\/wp-json\/wp\/v2\/posts"}],"about":[{"href":"https:\/\/www.incaudavenenum.org\/cut.the.crap\/wp-json\/wp\/v2\/types\/post"}],"author":[{"embeddable":true,"href":"https:\/\/www.incaudavenenum.org\/cut.the.crap\/wp-json\/wp\/v2\/users\/1"}],"replies":[{"embeddable":true,"href":"https:\/\/www.incaudavenenum.org\/cut.the.crap\/wp-json\/wp\/v2\/comments?post=1860"}],"version-history":[{"count":1,"href":"https:\/\/www.incaudavenenum.org\/cut.the.crap\/wp-json\/wp\/v2\/posts\/1860\/revisions"}],"predecessor-version":[{"id":1864,"href":"https:\/\/www.incaudavenenum.org\/cut.the.crap\/wp-json\/wp\/v2\/posts\/1860\/revisions\/1864"}],"wp:attachment":[{"href":"https:\/\/www.incaudavenenum.org\/cut.the.crap\/wp-json\/wp\/v2\/media?parent=1860"}],"wp:term":[{"taxonomy":"category","embeddable":true,"href":"https:\/\/www.incaudavenenum.org\/cut.the.crap\/wp-json\/wp\/v2\/categories?post=1860"},{"taxonomy":"post_tag","embeddable":true,"href":"https:\/\/www.incaudavenenum.org\/cut.the.crap\/wp-json\/wp\/v2\/tags?post=1860"}],"curies":[{"name":"wp","href":"https:\/\/api.w.org\/{rel}","templated":true}]}}