{"id":1876,"date":"2020-04-27T14:57:17","date_gmt":"2020-04-27T12:57:17","guid":{"rendered":"http:\/\/www.incaudavenenum.org\/cut.the.crap\/?p=1876"},"modified":"2020-04-27T19:21:18","modified_gmt":"2020-04-27T17:21:18","slug":"autonomie","status":"publish","type":"post","link":"https:\/\/www.incaudavenenum.org\/cut.the.crap\/autonomie\/","title":{"rendered":"Autonomie"},"content":{"rendered":"\n<p>\u00ab\u00a0(&#8230;) l&rsquo;autonomie, qu&rsquo;est-ce donc sinon pousser aussi loin que possible la ma\u00eetrise r\u00e9flexive de sa propre praxis&nbsp;? L&rsquo;un des acquis sans doute les plus pr\u00e9cieux de l&rsquo;oeuvre de Bourdieu, c&rsquo;est que tous les univers sociaux ont \u00e0 se r\u00e9fl\u00e9chir, et aussi \u00e0 \u00eatre r\u00e9fl\u00e9chis&nbsp;\u2014 du dehors. Du dehors, parce que les forces de la complaisance sont de redoutables ennemies de celles de la lucidit\u00e9, et que la r\u00e9flexivit\u00e9 s&rsquo;exerce toujours au risque du d\u00e9plaisir de ne pas se voir exactement conforme \u00e0 l&rsquo;id\u00e9e qu&rsquo;on se fait de soi-m\u00eame. Pour que les choses soient tout \u00e0 fait claires \u00e0 ce sujet, je pr\u00e9cise que l&rsquo;univers intellectuel, comme nous l&rsquo;a montr\u00e9 Bourdieu, n&rsquo;\u00e9chappe pas plus qu&rsquo;un autre \u00e0 ce devoir de r\u00e9flexivit\u00e9, ni \u00e0 ce risque du d\u00e9plaisir \u2014 on se souvient combien <em>Homo Academicus<\/em> avait fait scandale : parce qu&rsquo;il avait fait offense. L&rsquo;objectivateur n&rsquo;est donc exon\u00e9r\u00e9 de rien et, s&rsquo;il est bourdieusien, il sait qu&rsquo;il est expos\u00e9 \u00e0 tout moment \u00e0 ce qu&rsquo;on lui retourne ses propres proc\u00e9d\u00e9s, ceci d&rsquo;ailleurs le plus l\u00e9gitimement du monde. Moyennant quoi l&rsquo;exercice de l&rsquo;objectivation devrait, pour tout le monde, n&rsquo;\u00eatre regard\u00e9 que comme une hygi\u00e8ne intellectuelle, parfois m\u00eame politique, \u00e9l\u00e9mentaire, et n&rsquo;\u00eatre soumis qu&rsquo;aux crit\u00e8res intrins\u00e8ques de la qualit\u00e9 intellectuelle de l&rsquo;objectivation.\u00a0\u00bb<\/p>\n\n\n\n<p class=\"has-text-align-right\">Fr\u00e9d\u00e9ric Lordon, <em>Vivre sans ? <br>Institutions, police, travail, argent<\/em>&#8230;, La fabrique, 2019, p.157<\/p>\n","protected":false},"excerpt":{"rendered":"<p>\u00ab\u00a0(&#8230;) l&rsquo;autonomie, qu&rsquo;est-ce donc sinon pousser aussi loin que possible la ma\u00eetrise r\u00e9flexive de sa propre praxis&nbsp;? L&rsquo;un des acquis sans doute les plus pr\u00e9cieux de l&rsquo;oeuvre de Bourdieu, c&rsquo;est que tous les univers sociaux ont \u00e0 se r\u00e9fl\u00e9chir, et aussi \u00e0 \u00eatre r\u00e9fl\u00e9chis&nbsp;\u2014 du dehors. Du dehors, parce que les forces de la complaisance &hellip; <a href=\"https:\/\/www.incaudavenenum.org\/cut.the.crap\/autonomie\/\" class=\"more-link\">Continuer la lecture<span class=\"screen-reader-text\"> de &laquo;&nbsp;Autonomie&nbsp;&raquo;<\/span><\/a><\/p>\n","protected":false},"author":1,"featured_media":0,"comment_status":"open","ping_status":"open","sticky":false,"template":"","format":"quote","meta":{"jetpack_post_was_ever_published":false,"_jetpack_newsletter_access":"","_jetpack_dont_email_post_to_subs":false,"_jetpack_newsletter_tier_id":0,"_jetpack_memberships_contains_paywalled_content":false,"_jetpack_memberships_contains_paid_content":false,"footnotes":"","jetpack_publicize_message":"","jetpack_publicize_feature_enabled":true,"jetpack_social_post_already_shared":true,"jetpack_social_options":{"image_generator_settings":{"template":"highway","default_image_id":0,"font":"","enabled":false},"version":2}},"categories":[361,4],"tags":[613,128,276,612],"class_list":["post-1876","post","type-post","status-publish","format-quote","hentry","category-citations","category-lectures","tag-autonomie","tag-frederic-lordon","tag-pierre-bourdieu","tag-praxis","post_format-post-format-quote"],"yoast_head":"<!-- This site is optimized with the Yoast SEO plugin v27.5 - https:\/\/yoast.com\/product\/yoast-seo-wordpress\/ -->\n<title>Autonomie - Cut The Crap<\/title>\n<meta name=\"robots\" content=\"index, follow, max-snippet:-1, max-image-preview:large, max-video-preview:-1\" \/>\n<link rel=\"canonical\" href=\"https:\/\/www.incaudavenenum.org\/cut.the.crap\/autonomie\/\" \/>\n<meta property=\"og:locale\" content=\"fr_FR\" \/>\n<meta property=\"og:type\" content=\"article\" \/>\n<meta property=\"og:title\" content=\"Autonomie - Cut The Crap\" \/>\n<meta property=\"og:description\" content=\"\u00ab\u00a0(&#8230;) l&rsquo;autonomie, qu&rsquo;est-ce donc sinon pousser aussi loin que possible la ma\u00eetrise r\u00e9flexive de sa propre praxis&nbsp;? L&rsquo;un des acquis sans doute les plus pr\u00e9cieux de l&rsquo;oeuvre de Bourdieu, c&rsquo;est que tous les univers sociaux ont \u00e0 se r\u00e9fl\u00e9chir, et aussi \u00e0 \u00eatre r\u00e9fl\u00e9chis&nbsp;\u2014 du dehors. Du dehors, parce que les forces de la complaisance &hellip; Continuer la lecture de &laquo;&nbsp;Autonomie&nbsp;&raquo;\" \/>\n<meta property=\"og:url\" content=\"https:\/\/www.incaudavenenum.org\/cut.the.crap\/autonomie\/\" \/>\n<meta property=\"og:site_name\" content=\"Cut The Crap\" \/>\n<meta property=\"article:publisher\" content=\"https:\/\/www.facebook.com\/Cut-the-Crap-239882412697830\/\" \/>\n<meta property=\"article:author\" content=\"https:\/\/www.facebook.com\/cut.the.crap.free.fr\" \/>\n<meta property=\"article:published_time\" content=\"2020-04-27T12:57:17+00:00\" \/>\n<meta property=\"article:modified_time\" content=\"2020-04-27T17:21:18+00:00\" \/>\n<meta property=\"og:image\" content=\"https:\/\/i2.wp.com\/www.incaudavenenum.org\/cut.the.crap\/wp-content\/uploads\/2020\/04\/Lordon-Vivre-sans.jpeg?fit=1535%2C2362&ssl=1\" \/>\n\t<meta property=\"og:image:width\" content=\"1535\" \/>\n\t<meta property=\"og:image:height\" content=\"2362\" \/>\n\t<meta property=\"og:image:type\" content=\"image\/jpeg\" \/>\n<meta name=\"author\" content=\"Serge Victor\" \/>\n<meta name=\"twitter:card\" content=\"summary_large_image\" \/>\n<meta name=\"twitter:image\" content=\"https:\/\/i0.wp.com\/www.incaudavenenum.org\/cut.the.crap\/wp-content\/uploads\/2020\/04\/Lordon-Vivre-sans.jpeg?fit=1535%2C2362&ssl=1\" \/>\n<meta name=\"twitter:creator\" content=\"@cutzecrap\" \/>\n<meta name=\"twitter:site\" content=\"@cutzecrap\" \/>\n<meta name=\"twitter:label1\" content=\"\u00c9crit par\" \/>\n\t<meta name=\"twitter:data1\" content=\"Serge Victor\" \/>\n\t<meta name=\"twitter:label2\" content=\"Dur\u00e9e de lecture estim\u00e9e\" \/>\n\t<meta name=\"twitter:data2\" content=\"1 minute\" \/>\n<script type=\"application\/ld+json\" class=\"yoast-schema-graph\">{\"@context\":\"https:\\\/\\\/schema.org\",\"@graph\":[{\"@type\":\"Article\",\"@id\":\"https:\\\/\\\/www.incaudavenenum.org\\\/cut.the.crap\\\/autonomie\\\/#article\",\"isPartOf\":{\"@id\":\"https:\\\/\\\/www.incaudavenenum.org\\\/cut.the.crap\\\/autonomie\\\/\"},\"author\":{\"name\":\"Serge Victor\",\"@id\":\"https:\\\/\\\/www.incaudavenenum.org\\\/cut.the.crap\\\/#\\\/schema\\\/person\\\/39fa901f2f251d6be7e35d8d58a8d1b4\"},\"headline\":\"Autonomie\",\"datePublished\":\"2020-04-27T12:57:17+00:00\",\"dateModified\":\"2020-04-27T17:21:18+00:00\",\"mainEntityOfPage\":{\"@id\":\"https:\\\/\\\/www.incaudavenenum.org\\\/cut.the.crap\\\/autonomie\\\/\"},\"wordCount\":260,\"commentCount\":0,\"publisher\":{\"@id\":\"https:\\\/\\\/www.incaudavenenum.org\\\/cut.the.crap\\\/#organization\"},\"keywords\":[\"autonomie\",\"Fr\u00e9d\u00e9ric Lordon\",\"Pierre Bourdieu\",\"praxis\"],\"articleSection\":[\"Citations\",\"Lectures\"],\"inLanguage\":\"fr-FR\",\"potentialAction\":[{\"@type\":\"CommentAction\",\"name\":\"Comment\",\"target\":[\"https:\\\/\\\/www.incaudavenenum.org\\\/cut.the.crap\\\/autonomie\\\/#respond\"]}]},{\"@type\":\"WebPage\",\"@id\":\"https:\\\/\\\/www.incaudavenenum.org\\\/cut.the.crap\\\/autonomie\\\/\",\"url\":\"https:\\\/\\\/www.incaudavenenum.org\\\/cut.the.crap\\\/autonomie\\\/\",\"name\":\"Autonomie - Cut The Crap\",\"isPartOf\":{\"@id\":\"https:\\\/\\\/www.incaudavenenum.org\\\/cut.the.crap\\\/#website\"},\"datePublished\":\"2020-04-27T12:57:17+00:00\",\"dateModified\":\"2020-04-27T17:21:18+00:00\",\"breadcrumb\":{\"@id\":\"https:\\\/\\\/www.incaudavenenum.org\\\/cut.the.crap\\\/autonomie\\\/#breadcrumb\"},\"inLanguage\":\"fr-FR\",\"potentialAction\":[{\"@type\":\"ReadAction\",\"target\":[\"https:\\\/\\\/www.incaudavenenum.org\\\/cut.the.crap\\\/autonomie\\\/\"]}]},{\"@type\":\"BreadcrumbList\",\"@id\":\"https:\\\/\\\/www.incaudavenenum.org\\\/cut.the.crap\\\/autonomie\\\/#breadcrumb\",\"itemListElement\":[{\"@type\":\"ListItem\",\"position\":1,\"name\":\"Accueil\",\"item\":\"https:\\\/\\\/www.incaudavenenum.org\\\/cut.the.crap\\\/\"},{\"@type\":\"ListItem\",\"position\":2,\"name\":\"Autonomie\"}]},{\"@type\":\"WebSite\",\"@id\":\"https:\\\/\\\/www.incaudavenenum.org\\\/cut.the.crap\\\/#website\",\"url\":\"https:\\\/\\\/www.incaudavenenum.org\\\/cut.the.crap\\\/\",\"name\":\"Cut The Crap\",\"description\":\"Blog de gauche\",\"publisher\":{\"@id\":\"https:\\\/\\\/www.incaudavenenum.org\\\/cut.the.crap\\\/#organization\"},\"potentialAction\":[{\"@type\":\"SearchAction\",\"target\":{\"@type\":\"EntryPoint\",\"urlTemplate\":\"https:\\\/\\\/www.incaudavenenum.org\\\/cut.the.crap\\\/?s={search_term_string}\"},\"query-input\":{\"@type\":\"PropertyValueSpecification\",\"valueRequired\":true,\"valueName\":\"search_term_string\"}}],\"inLanguage\":\"fr-FR\"},{\"@type\":\"Organization\",\"@id\":\"https:\\\/\\\/www.incaudavenenum.org\\\/cut.the.crap\\\/#organization\",\"name\":\"Cut The Crap\",\"url\":\"https:\\\/\\\/www.incaudavenenum.org\\\/cut.the.crap\\\/\",\"logo\":{\"@type\":\"ImageObject\",\"inLanguage\":\"fr-FR\",\"@id\":\"https:\\\/\\\/www.incaudavenenum.org\\\/cut.the.crap\\\/#\\\/schema\\\/logo\\\/image\\\/\",\"url\":\"https:\\\/\\\/i1.wp.com\\\/www.incaudavenenum.org\\\/cut.the.crap\\\/wp-content\\\/uploads\\\/2018\\\/01\\\/cTc.png?fit=100%2C95\",\"contentUrl\":\"https:\\\/\\\/i1.wp.com\\\/www.incaudavenenum.org\\\/cut.the.crap\\\/wp-content\\\/uploads\\\/2018\\\/01\\\/cTc.png?fit=100%2C95\",\"width\":100,\"height\":95,\"caption\":\"Cut The Crap\"},\"image\":{\"@id\":\"https:\\\/\\\/www.incaudavenenum.org\\\/cut.the.crap\\\/#\\\/schema\\\/logo\\\/image\\\/\"},\"sameAs\":[\"https:\\\/\\\/www.facebook.com\\\/Cut-the-Crap-239882412697830\\\/\",\"https:\\\/\\\/x.com\\\/cutzecrap\"]},{\"@type\":\"Person\",\"@id\":\"https:\\\/\\\/www.incaudavenenum.org\\\/cut.the.crap\\\/#\\\/schema\\\/person\\\/39fa901f2f251d6be7e35d8d58a8d1b4\",\"name\":\"Serge Victor\",\"image\":{\"@type\":\"ImageObject\",\"inLanguage\":\"fr-FR\",\"@id\":\"https:\\\/\\\/secure.gravatar.com\\\/avatar\\\/1e2fd85bc69a7e81bf6242704119d1669b9a3ab337deeaf0e9141b764210481a?s=96&d=mm&r=g\",\"url\":\"https:\\\/\\\/secure.gravatar.com\\\/avatar\\\/1e2fd85bc69a7e81bf6242704119d1669b9a3ab337deeaf0e9141b764210481a?s=96&d=mm&r=g\",\"contentUrl\":\"https:\\\/\\\/secure.gravatar.com\\\/avatar\\\/1e2fd85bc69a7e81bf6242704119d1669b9a3ab337deeaf0e9141b764210481a?s=96&d=mm&r=g\",\"caption\":\"Serge Victor\"},\"description\":\"Militant de gauche, \u00e9cosocialiste, f\u00e9ministe, autogestionnaire\",\"sameAs\":[\"https:\\\/\\\/www.incaudavenenum.org\\\/cut.the.crap\\\/\",\"https:\\\/\\\/www.facebook.com\\\/cut.the.crap.free.fr\",\"https:\\\/\\\/x.com\\\/cutzecrap\"],\"url\":\"https:\\\/\\\/www.incaudavenenum.org\\\/cut.the.crap\\\/author\\\/sergevictor\\\/\"}]}<\/script>\n<!-- \/ Yoast SEO plugin. -->","yoast_head_json":{"title":"Autonomie - Cut The Crap","robots":{"index":"index","follow":"follow","max-snippet":"max-snippet:-1","max-image-preview":"max-image-preview:large","max-video-preview":"max-video-preview:-1"},"canonical":"https:\/\/www.incaudavenenum.org\/cut.the.crap\/autonomie\/","og_locale":"fr_FR","og_type":"article","og_title":"Autonomie - Cut The Crap","og_description":"\u00ab\u00a0(&#8230;) l&rsquo;autonomie, qu&rsquo;est-ce donc sinon pousser aussi loin que possible la ma\u00eetrise r\u00e9flexive de sa propre praxis&nbsp;? L&rsquo;un des acquis sans doute les plus pr\u00e9cieux de l&rsquo;oeuvre de Bourdieu, c&rsquo;est que tous les univers sociaux ont \u00e0 se r\u00e9fl\u00e9chir, et aussi \u00e0 \u00eatre r\u00e9fl\u00e9chis&nbsp;\u2014 du dehors. Du dehors, parce que les forces de la complaisance &hellip; Continuer la lecture de &laquo;&nbsp;Autonomie&nbsp;&raquo;","og_url":"https:\/\/www.incaudavenenum.org\/cut.the.crap\/autonomie\/","og_site_name":"Cut The Crap","article_publisher":"https:\/\/www.facebook.com\/Cut-the-Crap-239882412697830\/","article_author":"https:\/\/www.facebook.com\/cut.the.crap.free.fr","article_published_time":"2020-04-27T12:57:17+00:00","article_modified_time":"2020-04-27T17:21:18+00:00","og_image":[{"width":1535,"height":2362,"url":"https:\/\/i2.wp.com\/www.incaudavenenum.org\/cut.the.crap\/wp-content\/uploads\/2020\/04\/Lordon-Vivre-sans.jpeg?fit=1535%2C2362&ssl=1","type":"image\/jpeg"}],"author":"Serge Victor","twitter_card":"summary_large_image","twitter_image":"https:\/\/i0.wp.com\/www.incaudavenenum.org\/cut.the.crap\/wp-content\/uploads\/2020\/04\/Lordon-Vivre-sans.jpeg?fit=1535%2C2362&ssl=1","twitter_creator":"@cutzecrap","twitter_site":"@cutzecrap","twitter_misc":{"\u00c9crit par":"Serge Victor","Dur\u00e9e de lecture estim\u00e9e":"1 minute"},"schema":{"@context":"https:\/\/schema.org","@graph":[{"@type":"Article","@id":"https:\/\/www.incaudavenenum.org\/cut.the.crap\/autonomie\/#article","isPartOf":{"@id":"https:\/\/www.incaudavenenum.org\/cut.the.crap\/autonomie\/"},"author":{"name":"Serge Victor","@id":"https:\/\/www.incaudavenenum.org\/cut.the.crap\/#\/schema\/person\/39fa901f2f251d6be7e35d8d58a8d1b4"},"headline":"Autonomie","datePublished":"2020-04-27T12:57:17+00:00","dateModified":"2020-04-27T17:21:18+00:00","mainEntityOfPage":{"@id":"https:\/\/www.incaudavenenum.org\/cut.the.crap\/autonomie\/"},"wordCount":260,"commentCount":0,"publisher":{"@id":"https:\/\/www.incaudavenenum.org\/cut.the.crap\/#organization"},"keywords":["autonomie","Fr\u00e9d\u00e9ric Lordon","Pierre Bourdieu","praxis"],"articleSection":["Citations","Lectures"],"inLanguage":"fr-FR","potentialAction":[{"@type":"CommentAction","name":"Comment","target":["https:\/\/www.incaudavenenum.org\/cut.the.crap\/autonomie\/#respond"]}]},{"@type":"WebPage","@id":"https:\/\/www.incaudavenenum.org\/cut.the.crap\/autonomie\/","url":"https:\/\/www.incaudavenenum.org\/cut.the.crap\/autonomie\/","name":"Autonomie - Cut The Crap","isPartOf":{"@id":"https:\/\/www.incaudavenenum.org\/cut.the.crap\/#website"},"datePublished":"2020-04-27T12:57:17+00:00","dateModified":"2020-04-27T17:21:18+00:00","breadcrumb":{"@id":"https:\/\/www.incaudavenenum.org\/cut.the.crap\/autonomie\/#breadcrumb"},"inLanguage":"fr-FR","potentialAction":[{"@type":"ReadAction","target":["https:\/\/www.incaudavenenum.org\/cut.the.crap\/autonomie\/"]}]},{"@type":"BreadcrumbList","@id":"https:\/\/www.incaudavenenum.org\/cut.the.crap\/autonomie\/#breadcrumb","itemListElement":[{"@type":"ListItem","position":1,"name":"Accueil","item":"https:\/\/www.incaudavenenum.org\/cut.the.crap\/"},{"@type":"ListItem","position":2,"name":"Autonomie"}]},{"@type":"WebSite","@id":"https:\/\/www.incaudavenenum.org\/cut.the.crap\/#website","url":"https:\/\/www.incaudavenenum.org\/cut.the.crap\/","name":"Cut The Crap","description":"Blog de gauche","publisher":{"@id":"https:\/\/www.incaudavenenum.org\/cut.the.crap\/#organization"},"potentialAction":[{"@type":"SearchAction","target":{"@type":"EntryPoint","urlTemplate":"https:\/\/www.incaudavenenum.org\/cut.the.crap\/?s={search_term_string}"},"query-input":{"@type":"PropertyValueSpecification","valueRequired":true,"valueName":"search_term_string"}}],"inLanguage":"fr-FR"},{"@type":"Organization","@id":"https:\/\/www.incaudavenenum.org\/cut.the.crap\/#organization","name":"Cut The Crap","url":"https:\/\/www.incaudavenenum.org\/cut.the.crap\/","logo":{"@type":"ImageObject","inLanguage":"fr-FR","@id":"https:\/\/www.incaudavenenum.org\/cut.the.crap\/#\/schema\/logo\/image\/","url":"https:\/\/i1.wp.com\/www.incaudavenenum.org\/cut.the.crap\/wp-content\/uploads\/2018\/01\/cTc.png?fit=100%2C95","contentUrl":"https:\/\/i1.wp.com\/www.incaudavenenum.org\/cut.the.crap\/wp-content\/uploads\/2018\/01\/cTc.png?fit=100%2C95","width":100,"height":95,"caption":"Cut The Crap"},"image":{"@id":"https:\/\/www.incaudavenenum.org\/cut.the.crap\/#\/schema\/logo\/image\/"},"sameAs":["https:\/\/www.facebook.com\/Cut-the-Crap-239882412697830\/","https:\/\/x.com\/cutzecrap"]},{"@type":"Person","@id":"https:\/\/www.incaudavenenum.org\/cut.the.crap\/#\/schema\/person\/39fa901f2f251d6be7e35d8d58a8d1b4","name":"Serge Victor","image":{"@type":"ImageObject","inLanguage":"fr-FR","@id":"https:\/\/secure.gravatar.com\/avatar\/1e2fd85bc69a7e81bf6242704119d1669b9a3ab337deeaf0e9141b764210481a?s=96&d=mm&r=g","url":"https:\/\/secure.gravatar.com\/avatar\/1e2fd85bc69a7e81bf6242704119d1669b9a3ab337deeaf0e9141b764210481a?s=96&d=mm&r=g","contentUrl":"https:\/\/secure.gravatar.com\/avatar\/1e2fd85bc69a7e81bf6242704119d1669b9a3ab337deeaf0e9141b764210481a?s=96&d=mm&r=g","caption":"Serge Victor"},"description":"Militant de gauche, \u00e9cosocialiste, f\u00e9ministe, autogestionnaire","sameAs":["https:\/\/www.incaudavenenum.org\/cut.the.crap\/","https:\/\/www.facebook.com\/cut.the.crap.free.fr","https:\/\/x.com\/cutzecrap"],"url":"https:\/\/www.incaudavenenum.org\/cut.the.crap\/author\/sergevictor\/"}]}},"jetpack_publicize_connections":[],"jetpack_featured_media_url":"","jetpack_shortlink":"https:\/\/wp.me\/p9z98q-ug","jetpack_likes_enabled":true,"jetpack-related-posts":[{"id":1226,"url":"https:\/\/www.incaudavenenum.org\/cut.the.crap\/manifestations\/","url_meta":{"origin":1876,"position":0},"title":"Manifestations","author":"Serge Victor","date":"13 janvier 2018","format":"quote","excerpt":"\u00ab\u00a0Contrairement \u00e0 ce que dit la presse de droite, le fait que la France manifeste est un signe de bonne sant\u00e9 et de d\u00e9mocratie. Ce sont les pays qui ne manifestent pas qui sont imb\u00e9ciles, qui se laissent faire, peut-\u00eatre parce que leur go\u00fbt de la libert\u00e9 est \u00e9mouss\u00e9.\u00a0\u00bb Bernard\u2026","rel":"","context":"Dans &quot;Citations&quot;","block_context":{"text":"Citations","link":"https:\/\/www.incaudavenenum.org\/cut.the.crap\/category\/lectures\/citations\/"},"img":{"alt_text":"","src":"","width":0,"height":0},"classes":[]},{"id":1331,"url":"https:\/\/www.incaudavenenum.org\/cut.the.crap\/confusions-autour-dun-voile\/","url_meta":{"origin":1876,"position":1},"title":"Confusions autour d&rsquo;un voile","author":"Serge Victor","date":"23 mai 2018","format":false,"excerpt":"En plein mouvement social contre Macron et son monde, le voile islamique port\u00e9 par Maryam Pougetoux, repr\u00e9sentante du syndicat \u00e9tudiant UNEF \u00e0 l'universit\u00e9 Paris IV, d\u00e9clenche des r\u00e9actions peu surprenantes (mais n\u00e9anmoins sid\u00e9rantes) \u00e0 droite (notamment de la part du sinistre G\u00e9rard Collomb) et divise, h\u00e9las, \u00e9galement \u00e0 gauche, \u00e9clipsant\u2026","rel":"","context":"Dans &quot;Antiracisme&quot;","block_context":{"text":"Antiracisme","link":"https:\/\/www.incaudavenenum.org\/cut.the.crap\/category\/antiracisme\/"},"img":{"alt_text":"","src":"https:\/\/i0.wp.com\/www.incaudavenenum.org\/cut.the.crap\/wp-content\/uploads\/2018\/05\/soeurs-vatican-jpg_5054159_660x281.jpg?resize=350%2C200&ssl=1","width":350,"height":200,"srcset":"https:\/\/i0.wp.com\/www.incaudavenenum.org\/cut.the.crap\/wp-content\/uploads\/2018\/05\/soeurs-vatican-jpg_5054159_660x281.jpg?resize=350%2C200&ssl=1 1x, https:\/\/i0.wp.com\/www.incaudavenenum.org\/cut.the.crap\/wp-content\/uploads\/2018\/05\/soeurs-vatican-jpg_5054159_660x281.jpg?resize=525%2C300&ssl=1 1.5x"},"classes":[]},{"id":2393,"url":"https:\/\/www.incaudavenenum.org\/cut.the.crap\/les-chroniques-de-le-banni-de-le-media-episode-7\/","url_meta":{"origin":1876,"position":2},"title":"Les chroniques de Le Banni (de Le M\u00e9dia), \u00e9pisode 7","author":"Serge Victor","date":"4 f\u00e9vrier 2024","format":false,"excerpt":"R\u00e9sum\u00e9 de l'\u00e9pisode pr\u00e9c\u00e9dent : B\u00e9n\u00e9vh\u00f4l, le guerrier de Kohop, a \u00e9t\u00e9 banni de Lm\u00e9di\u00e2h par la sinistre triade Khakobb qui cherche \u00e0 le faire passer, lui et d'autres fid\u00e8les de Kohop, pour une poign\u00e9e de tra\u00eetres. Il parcourait steppes arides et mar\u00e9cages boueux pour rassembler r\u00e9prouv\u00e9s et Soci\u00f4hs \u00e9pars,\u2026","rel":"","context":"Dans &quot;Le Banni&quot;","block_context":{"text":"Le Banni","link":"https:\/\/www.incaudavenenum.org\/cut.the.crap\/category\/le-banni\/"},"img":{"alt_text":"","src":"https:\/\/i0.wp.com\/www.incaudavenenum.org\/cut.the.crap\/wp-content\/uploads\/2024\/02\/gotlib-Rubrique-a-brac-tome-1.jpg?resize=350%2C200&ssl=1","width":350,"height":200},"classes":[]},{"id":414,"url":"https:\/\/www.incaudavenenum.org\/cut.the.crap\/fait-divers-la-democratie-en-suspens\/","url_meta":{"origin":1876,"position":3},"title":"Fait-divers : la d\u00e9mocratie en suspens","author":"\u1d10T\u1d04","date":"20 mars 2012","format":false,"excerpt":"Nous l'\u00e9crivions le 15 janvier dernier : \"d\u2019ici l\u2019\u00e9lection pr\u00e9sidentielle d\u2019avril-mai 2012, on peut donc s\u2019attendre \u00e0 coup s\u00fbr \u00e0 ce que TF1, ou quelque autre m\u00e9dia national-sarkozyste, s\u2019efforce de cr\u00e9er dans l\u2019opinion, gr\u00e2ce \u00e0 un fait- divers opportun, le r\u00e9flexe de peur qui permettra \u00e0 Sarkozy de reconqu\u00e9rir son\u2026","rel":"","context":"Dans &quot;R\u00e9sistance&quot;","block_context":{"text":"R\u00e9sistance","link":"https:\/\/www.incaudavenenum.org\/cut.the.crap\/category\/resistance\/"},"img":{"alt_text":"","src":"","width":0,"height":0},"classes":[]},{"id":1786,"url":"https:\/\/www.incaudavenenum.org\/cut.the.crap\/prof\/","url_meta":{"origin":1876,"position":4},"title":"Prof","author":"Serge Victor","date":"12 octobre 2019","format":false,"excerpt":"Aujourd'hui, j'ai appris que le petit Jim avait foutu une baffe \u00e0 une surveillante. Du coup, il va passer en conseil de discipline... Cela me d\u00e9sole d'autant plus que je sentais depuis plusieurs jours qu'il commen\u00e7ait \u00e0 saturer, que le bruit des autres le g\u00eanait, qu'il se mettait \u00e0 interpr\u00e9ter\u2026","rel":"","context":"Dans &quot;Antisocial&quot;","block_context":{"text":"Antisocial","link":"https:\/\/www.incaudavenenum.org\/cut.the.crap\/category\/antisocial\/"},"img":{"alt_text":"","src":"","width":0,"height":0},"classes":[]},{"id":338,"url":"https:\/\/www.incaudavenenum.org\/cut.the.crap\/a-bas-charlie-hebdo-bravo-a-charia-hebdo\/","url_meta":{"origin":1876,"position":5},"title":"A bas Charlie Hebdo, vive Charia Hebdo\u00a0!","author":"Pierre-Joseph de Stal","date":"8 novembre 2011","format":false,"excerpt":"Les la\u00efcards anticl\u00e9ricaux sont-ils condamn\u00e9s \u00e0 \u00eatre les idiots utiles de La Pen (de mort) et \u00e0 finir en ap\u00f4tres islamophobes du \"choc des civilisations\" ? La gauche anticapitaliste et antiraciste est-elle condamn\u00e9e \u00e0 tol\u00e9rer l'int\u00e9grisme islamiste, voire \u00e0 s'acoquiner avec lui pour peu qu'il nuise \u00e0 \"l'Empire\" et aux\u2026","rel":"","context":"Dans &quot;Lectures&quot;","block_context":{"text":"Lectures","link":"https:\/\/www.incaudavenenum.org\/cut.the.crap\/category\/lectures\/"},"img":{"alt_text":"Charia Hebdo","src":"https:\/\/i0.wp.com\/cut.the.crap.free.fr\/wp-content\/uploads\/charia-hebdo-300x189.jpg?resize=350%2C200","width":350,"height":200},"classes":[]}],"jetpack_sharing_enabled":true,"_links":{"self":[{"href":"https:\/\/www.incaudavenenum.org\/cut.the.crap\/wp-json\/wp\/v2\/posts\/1876","targetHints":{"allow":["GET"]}}],"collection":[{"href":"https:\/\/www.incaudavenenum.org\/cut.the.crap\/wp-json\/wp\/v2\/posts"}],"about":[{"href":"https:\/\/www.incaudavenenum.org\/cut.the.crap\/wp-json\/wp\/v2\/types\/post"}],"author":[{"embeddable":true,"href":"https:\/\/www.incaudavenenum.org\/cut.the.crap\/wp-json\/wp\/v2\/users\/1"}],"replies":[{"embeddable":true,"href":"https:\/\/www.incaudavenenum.org\/cut.the.crap\/wp-json\/wp\/v2\/comments?post=1876"}],"version-history":[{"count":2,"href":"https:\/\/www.incaudavenenum.org\/cut.the.crap\/wp-json\/wp\/v2\/posts\/1876\/revisions"}],"predecessor-version":[{"id":1881,"href":"https:\/\/www.incaudavenenum.org\/cut.the.crap\/wp-json\/wp\/v2\/posts\/1876\/revisions\/1881"}],"wp:attachment":[{"href":"https:\/\/www.incaudavenenum.org\/cut.the.crap\/wp-json\/wp\/v2\/media?parent=1876"}],"wp:term":[{"taxonomy":"category","embeddable":true,"href":"https:\/\/www.incaudavenenum.org\/cut.the.crap\/wp-json\/wp\/v2\/categories?post=1876"},{"taxonomy":"post_tag","embeddable":true,"href":"https:\/\/www.incaudavenenum.org\/cut.the.crap\/wp-json\/wp\/v2\/tags?post=1876"}],"curies":[{"name":"wp","href":"https:\/\/api.w.org\/{rel}","templated":true}]}}