{"id":1998,"date":"2022-04-23T10:13:44","date_gmt":"2022-04-23T08:13:44","guid":{"rendered":"https:\/\/www.incaudavenenum.org\/cut.the.crap\/?p=1998"},"modified":"2022-04-23T10:13:45","modified_gmt":"2022-04-23T08:13:45","slug":"grogne","status":"publish","type":"post","link":"https:\/\/www.incaudavenenum.org\/cut.the.crap\/grogne\/","title":{"rendered":"Grogne"},"content":{"rendered":"\n<p>\u00ab\u00a0M\u00e9lenchon a raison de dire que certains f\u00e2ch\u00e9s ne sont pas fachos, en revanche 100% des fachos sont f\u00e2ch\u00e9s. J&rsquo;ai compt\u00e9.<\/p>\n\n\n\n<p>La col\u00e8re est peut-\u00eatre l&rsquo;affect-socle de l&rsquo;extr\u00eame-droite. Le facho n&rsquo;est pas seulement en col\u00e8re contre la lib\u00e9ration anticip\u00e9e d&rsquo;un violeur, il est en col\u00e8re contre tout. La col\u00e8re lui est un diapason r\u00e9gl\u00e9 d\u00e8s le matin, une disposition en attente d&rsquo;un contenu. Il lui reste \u00e0 pointer dans n&rsquo;importe quel objet le truc qui f\u00e2che, et \u00e0 toujours y revenir, et \u00e0 sembler tirer de ce ressassement une joie mauvaise. (&#8230;)<\/p>\n\n\n\n<p>L&rsquo;extr\u00eame-droite, c&rsquo;est peut-\u00eatre \u00e7a : une mauvaise humeur qui se prend pour un projet politique. Et l&rsquo;anar de droite ? Une pente contestataire que le passage aigre du temps d\u00e9grade en mauvais caract\u00e8re.<\/p>\n\n\n\n<p>La mauvaise humeur s&rsquo;autoalimente. Plus elle m&rsquo;envahit plus je l&rsquo;exprime, plus je l&rsquo;exprime plus elle m&rsquo;envahit.\u00a0\u00bb<\/p>\n\n\n\n<p class=\"has-text-align-right\">Fran\u00e7ois B\u00e9gaudeau, <em>Notre joie<\/em>, Pauvert, 2021<\/p>\n","protected":false},"excerpt":{"rendered":"<p>\u00ab\u00a0M\u00e9lenchon a raison de dire que certains f\u00e2ch\u00e9s ne sont pas fachos, en revanche 100% des fachos sont f\u00e2ch\u00e9s. J&rsquo;ai compt\u00e9. La col\u00e8re est peut-\u00eatre l&rsquo;affect-socle de l&rsquo;extr\u00eame-droite. Le facho n&rsquo;est pas seulement en col\u00e8re contre la lib\u00e9ration anticip\u00e9e d&rsquo;un violeur, il est en col\u00e8re contre tout. La col\u00e8re lui est un diapason r\u00e9gl\u00e9 d\u00e8s &hellip; <a href=\"https:\/\/www.incaudavenenum.org\/cut.the.crap\/grogne\/\" class=\"more-link\">Continuer la lecture<span class=\"screen-reader-text\"> de &laquo;&nbsp;Grogne&nbsp;&raquo;<\/span><\/a><\/p>\n","protected":false},"author":1,"featured_media":0,"comment_status":"open","ping_status":"open","sticky":false,"template":"","format":"quote","meta":{"jetpack_post_was_ever_published":false,"_jetpack_newsletter_access":"","_jetpack_dont_email_post_to_subs":false,"_jetpack_newsletter_tier_id":0,"_jetpack_memberships_contains_paywalled_content":false,"_jetpack_memberships_contains_paid_content":false,"footnotes":"","jetpack_publicize_message":"","jetpack_publicize_feature_enabled":true,"jetpack_social_post_already_shared":true,"jetpack_social_options":{"image_generator_settings":{"template":"highway","default_image_id":0,"font":"","enabled":false},"version":2}},"categories":[361,4],"tags":[395,513,228],"class_list":["post-1998","post","type-post","status-publish","format-quote","hentry","category-citations","category-lectures","tag-extreme-droite","tag-francois-begaudeau","tag-melenchon","post_format-post-format-quote"],"yoast_head":"<!-- This site is optimized with the Yoast SEO plugin v27.5 - https:\/\/yoast.com\/product\/yoast-seo-wordpress\/ -->\n<title>Grogne - Cut The Crap<\/title>\n<meta name=\"robots\" content=\"index, follow, max-snippet:-1, max-image-preview:large, max-video-preview:-1\" \/>\n<link rel=\"canonical\" href=\"https:\/\/www.incaudavenenum.org\/cut.the.crap\/grogne\/\" \/>\n<meta property=\"og:locale\" content=\"fr_FR\" \/>\n<meta property=\"og:type\" content=\"article\" \/>\n<meta property=\"og:title\" content=\"Grogne - Cut The Crap\" \/>\n<meta property=\"og:description\" content=\"\u00ab\u00a0M\u00e9lenchon a raison de dire que certains f\u00e2ch\u00e9s ne sont pas fachos, en revanche 100% des fachos sont f\u00e2ch\u00e9s. J&rsquo;ai compt\u00e9. La col\u00e8re est peut-\u00eatre l&rsquo;affect-socle de l&rsquo;extr\u00eame-droite. Le facho n&rsquo;est pas seulement en col\u00e8re contre la lib\u00e9ration anticip\u00e9e d&rsquo;un violeur, il est en col\u00e8re contre tout. La col\u00e8re lui est un diapason r\u00e9gl\u00e9 d\u00e8s &hellip; Continuer la lecture de &laquo;&nbsp;Grogne&nbsp;&raquo;\" \/>\n<meta property=\"og:url\" content=\"https:\/\/www.incaudavenenum.org\/cut.the.crap\/grogne\/\" \/>\n<meta property=\"og:site_name\" content=\"Cut The Crap\" \/>\n<meta property=\"article:publisher\" content=\"https:\/\/www.facebook.com\/Cut-the-Crap-239882412697830\/\" \/>\n<meta property=\"article:author\" content=\"https:\/\/www.facebook.com\/cut.the.crap.free.fr\" \/>\n<meta property=\"article:published_time\" content=\"2022-04-23T08:13:44+00:00\" \/>\n<meta property=\"article:modified_time\" content=\"2022-04-23T08:13:45+00:00\" \/>\n<meta property=\"og:image\" content=\"https:\/\/www.incaudavenenum.org\/cut.the.crap\/wp-content\/uploads\/2022\/04\/Capture-de\u0301cran-2022-04-23-a\u0300-10.11.59-1024x710.png\" \/>\n\t<meta property=\"og:image:width\" content=\"1024\" \/>\n\t<meta property=\"og:image:height\" content=\"710\" \/>\n\t<meta property=\"og:image:type\" content=\"image\/png\" \/>\n<meta name=\"author\" content=\"Serge Victor\" \/>\n<meta name=\"twitter:card\" content=\"summary_large_image\" \/>\n<meta name=\"twitter:image\" content=\"https:\/\/i0.wp.com\/www.incaudavenenum.org\/cut.the.crap\/wp-content\/uploads\/2022\/04\/Capture-de%CC%81cran-2022-04-23-a%CC%80-10.11.59.png?fit=1724%2C1196&ssl=1\" \/>\n<meta name=\"twitter:creator\" content=\"@cutzecrap\" \/>\n<meta name=\"twitter:site\" content=\"@cutzecrap\" \/>\n<meta name=\"twitter:label1\" content=\"\u00c9crit par\" \/>\n\t<meta name=\"twitter:data1\" content=\"Serge Victor\" \/>\n\t<meta name=\"twitter:label2\" content=\"Dur\u00e9e de lecture estim\u00e9e\" \/>\n\t<meta name=\"twitter:data2\" content=\"1 minute\" \/>\n<script type=\"application\/ld+json\" class=\"yoast-schema-graph\">{\"@context\":\"https:\\\/\\\/schema.org\",\"@graph\":[{\"@type\":\"Article\",\"@id\":\"https:\\\/\\\/www.incaudavenenum.org\\\/cut.the.crap\\\/grogne\\\/#article\",\"isPartOf\":{\"@id\":\"https:\\\/\\\/www.incaudavenenum.org\\\/cut.the.crap\\\/grogne\\\/\"},\"author\":{\"name\":\"Serge Victor\",\"@id\":\"https:\\\/\\\/www.incaudavenenum.org\\\/cut.the.crap\\\/#\\\/schema\\\/person\\\/39fa901f2f251d6be7e35d8d58a8d1b4\"},\"headline\":\"Grogne\",\"datePublished\":\"2022-04-23T08:13:44+00:00\",\"dateModified\":\"2022-04-23T08:13:45+00:00\",\"mainEntityOfPage\":{\"@id\":\"https:\\\/\\\/www.incaudavenenum.org\\\/cut.the.crap\\\/grogne\\\/\"},\"wordCount\":177,\"commentCount\":1,\"publisher\":{\"@id\":\"https:\\\/\\\/www.incaudavenenum.org\\\/cut.the.crap\\\/#organization\"},\"keywords\":[\"extr\u00eame-droite\",\"Fran\u00e7ois B\u00e9gaudeau\",\"M\u00e9lenchon\"],\"articleSection\":[\"Citations\",\"Lectures\"],\"inLanguage\":\"fr-FR\",\"potentialAction\":[{\"@type\":\"CommentAction\",\"name\":\"Comment\",\"target\":[\"https:\\\/\\\/www.incaudavenenum.org\\\/cut.the.crap\\\/grogne\\\/#respond\"]}]},{\"@type\":\"WebPage\",\"@id\":\"https:\\\/\\\/www.incaudavenenum.org\\\/cut.the.crap\\\/grogne\\\/\",\"url\":\"https:\\\/\\\/www.incaudavenenum.org\\\/cut.the.crap\\\/grogne\\\/\",\"name\":\"Grogne - Cut The Crap\",\"isPartOf\":{\"@id\":\"https:\\\/\\\/www.incaudavenenum.org\\\/cut.the.crap\\\/#website\"},\"datePublished\":\"2022-04-23T08:13:44+00:00\",\"dateModified\":\"2022-04-23T08:13:45+00:00\",\"breadcrumb\":{\"@id\":\"https:\\\/\\\/www.incaudavenenum.org\\\/cut.the.crap\\\/grogne\\\/#breadcrumb\"},\"inLanguage\":\"fr-FR\",\"potentialAction\":[{\"@type\":\"ReadAction\",\"target\":[\"https:\\\/\\\/www.incaudavenenum.org\\\/cut.the.crap\\\/grogne\\\/\"]}]},{\"@type\":\"BreadcrumbList\",\"@id\":\"https:\\\/\\\/www.incaudavenenum.org\\\/cut.the.crap\\\/grogne\\\/#breadcrumb\",\"itemListElement\":[{\"@type\":\"ListItem\",\"position\":1,\"name\":\"Accueil\",\"item\":\"https:\\\/\\\/www.incaudavenenum.org\\\/cut.the.crap\\\/\"},{\"@type\":\"ListItem\",\"position\":2,\"name\":\"Grogne\"}]},{\"@type\":\"WebSite\",\"@id\":\"https:\\\/\\\/www.incaudavenenum.org\\\/cut.the.crap\\\/#website\",\"url\":\"https:\\\/\\\/www.incaudavenenum.org\\\/cut.the.crap\\\/\",\"name\":\"Cut The Crap\",\"description\":\"Blog de gauche\",\"publisher\":{\"@id\":\"https:\\\/\\\/www.incaudavenenum.org\\\/cut.the.crap\\\/#organization\"},\"potentialAction\":[{\"@type\":\"SearchAction\",\"target\":{\"@type\":\"EntryPoint\",\"urlTemplate\":\"https:\\\/\\\/www.incaudavenenum.org\\\/cut.the.crap\\\/?s={search_term_string}\"},\"query-input\":{\"@type\":\"PropertyValueSpecification\",\"valueRequired\":true,\"valueName\":\"search_term_string\"}}],\"inLanguage\":\"fr-FR\"},{\"@type\":\"Organization\",\"@id\":\"https:\\\/\\\/www.incaudavenenum.org\\\/cut.the.crap\\\/#organization\",\"name\":\"Cut The Crap\",\"url\":\"https:\\\/\\\/www.incaudavenenum.org\\\/cut.the.crap\\\/\",\"logo\":{\"@type\":\"ImageObject\",\"inLanguage\":\"fr-FR\",\"@id\":\"https:\\\/\\\/www.incaudavenenum.org\\\/cut.the.crap\\\/#\\\/schema\\\/logo\\\/image\\\/\",\"url\":\"https:\\\/\\\/i1.wp.com\\\/www.incaudavenenum.org\\\/cut.the.crap\\\/wp-content\\\/uploads\\\/2018\\\/01\\\/cTc.png?fit=100%2C95\",\"contentUrl\":\"https:\\\/\\\/i1.wp.com\\\/www.incaudavenenum.org\\\/cut.the.crap\\\/wp-content\\\/uploads\\\/2018\\\/01\\\/cTc.png?fit=100%2C95\",\"width\":100,\"height\":95,\"caption\":\"Cut The Crap\"},\"image\":{\"@id\":\"https:\\\/\\\/www.incaudavenenum.org\\\/cut.the.crap\\\/#\\\/schema\\\/logo\\\/image\\\/\"},\"sameAs\":[\"https:\\\/\\\/www.facebook.com\\\/Cut-the-Crap-239882412697830\\\/\",\"https:\\\/\\\/x.com\\\/cutzecrap\"]},{\"@type\":\"Person\",\"@id\":\"https:\\\/\\\/www.incaudavenenum.org\\\/cut.the.crap\\\/#\\\/schema\\\/person\\\/39fa901f2f251d6be7e35d8d58a8d1b4\",\"name\":\"Serge Victor\",\"image\":{\"@type\":\"ImageObject\",\"inLanguage\":\"fr-FR\",\"@id\":\"https:\\\/\\\/secure.gravatar.com\\\/avatar\\\/1e2fd85bc69a7e81bf6242704119d1669b9a3ab337deeaf0e9141b764210481a?s=96&d=mm&r=g\",\"url\":\"https:\\\/\\\/secure.gravatar.com\\\/avatar\\\/1e2fd85bc69a7e81bf6242704119d1669b9a3ab337deeaf0e9141b764210481a?s=96&d=mm&r=g\",\"contentUrl\":\"https:\\\/\\\/secure.gravatar.com\\\/avatar\\\/1e2fd85bc69a7e81bf6242704119d1669b9a3ab337deeaf0e9141b764210481a?s=96&d=mm&r=g\",\"caption\":\"Serge Victor\"},\"description\":\"Militant de gauche, \u00e9cosocialiste, f\u00e9ministe, autogestionnaire\",\"sameAs\":[\"https:\\\/\\\/www.incaudavenenum.org\\\/cut.the.crap\\\/\",\"https:\\\/\\\/www.facebook.com\\\/cut.the.crap.free.fr\",\"https:\\\/\\\/x.com\\\/cutzecrap\"],\"url\":\"https:\\\/\\\/www.incaudavenenum.org\\\/cut.the.crap\\\/author\\\/sergevictor\\\/\"}]}<\/script>\n<!-- \/ Yoast SEO plugin. -->","yoast_head_json":{"title":"Grogne - Cut The Crap","robots":{"index":"index","follow":"follow","max-snippet":"max-snippet:-1","max-image-preview":"max-image-preview:large","max-video-preview":"max-video-preview:-1"},"canonical":"https:\/\/www.incaudavenenum.org\/cut.the.crap\/grogne\/","og_locale":"fr_FR","og_type":"article","og_title":"Grogne - Cut The Crap","og_description":"\u00ab\u00a0M\u00e9lenchon a raison de dire que certains f\u00e2ch\u00e9s ne sont pas fachos, en revanche 100% des fachos sont f\u00e2ch\u00e9s. J&rsquo;ai compt\u00e9. La col\u00e8re est peut-\u00eatre l&rsquo;affect-socle de l&rsquo;extr\u00eame-droite. Le facho n&rsquo;est pas seulement en col\u00e8re contre la lib\u00e9ration anticip\u00e9e d&rsquo;un violeur, il est en col\u00e8re contre tout. La col\u00e8re lui est un diapason r\u00e9gl\u00e9 d\u00e8s &hellip; Continuer la lecture de &laquo;&nbsp;Grogne&nbsp;&raquo;","og_url":"https:\/\/www.incaudavenenum.org\/cut.the.crap\/grogne\/","og_site_name":"Cut The Crap","article_publisher":"https:\/\/www.facebook.com\/Cut-the-Crap-239882412697830\/","article_author":"https:\/\/www.facebook.com\/cut.the.crap.free.fr","article_published_time":"2022-04-23T08:13:44+00:00","article_modified_time":"2022-04-23T08:13:45+00:00","og_image":[{"width":1024,"height":710,"url":"https:\/\/www.incaudavenenum.org\/cut.the.crap\/wp-content\/uploads\/2022\/04\/Capture-de\u0301cran-2022-04-23-a\u0300-10.11.59-1024x710.png","type":"image\/png"}],"author":"Serge Victor","twitter_card":"summary_large_image","twitter_image":"https:\/\/i0.wp.com\/www.incaudavenenum.org\/cut.the.crap\/wp-content\/uploads\/2022\/04\/Capture-de%CC%81cran-2022-04-23-a%CC%80-10.11.59.png?fit=1724%2C1196&ssl=1","twitter_creator":"@cutzecrap","twitter_site":"@cutzecrap","twitter_misc":{"\u00c9crit par":"Serge Victor","Dur\u00e9e de lecture estim\u00e9e":"1 minute"},"schema":{"@context":"https:\/\/schema.org","@graph":[{"@type":"Article","@id":"https:\/\/www.incaudavenenum.org\/cut.the.crap\/grogne\/#article","isPartOf":{"@id":"https:\/\/www.incaudavenenum.org\/cut.the.crap\/grogne\/"},"author":{"name":"Serge Victor","@id":"https:\/\/www.incaudavenenum.org\/cut.the.crap\/#\/schema\/person\/39fa901f2f251d6be7e35d8d58a8d1b4"},"headline":"Grogne","datePublished":"2022-04-23T08:13:44+00:00","dateModified":"2022-04-23T08:13:45+00:00","mainEntityOfPage":{"@id":"https:\/\/www.incaudavenenum.org\/cut.the.crap\/grogne\/"},"wordCount":177,"commentCount":1,"publisher":{"@id":"https:\/\/www.incaudavenenum.org\/cut.the.crap\/#organization"},"keywords":["extr\u00eame-droite","Fran\u00e7ois B\u00e9gaudeau","M\u00e9lenchon"],"articleSection":["Citations","Lectures"],"inLanguage":"fr-FR","potentialAction":[{"@type":"CommentAction","name":"Comment","target":["https:\/\/www.incaudavenenum.org\/cut.the.crap\/grogne\/#respond"]}]},{"@type":"WebPage","@id":"https:\/\/www.incaudavenenum.org\/cut.the.crap\/grogne\/","url":"https:\/\/www.incaudavenenum.org\/cut.the.crap\/grogne\/","name":"Grogne - Cut The Crap","isPartOf":{"@id":"https:\/\/www.incaudavenenum.org\/cut.the.crap\/#website"},"datePublished":"2022-04-23T08:13:44+00:00","dateModified":"2022-04-23T08:13:45+00:00","breadcrumb":{"@id":"https:\/\/www.incaudavenenum.org\/cut.the.crap\/grogne\/#breadcrumb"},"inLanguage":"fr-FR","potentialAction":[{"@type":"ReadAction","target":["https:\/\/www.incaudavenenum.org\/cut.the.crap\/grogne\/"]}]},{"@type":"BreadcrumbList","@id":"https:\/\/www.incaudavenenum.org\/cut.the.crap\/grogne\/#breadcrumb","itemListElement":[{"@type":"ListItem","position":1,"name":"Accueil","item":"https:\/\/www.incaudavenenum.org\/cut.the.crap\/"},{"@type":"ListItem","position":2,"name":"Grogne"}]},{"@type":"WebSite","@id":"https:\/\/www.incaudavenenum.org\/cut.the.crap\/#website","url":"https:\/\/www.incaudavenenum.org\/cut.the.crap\/","name":"Cut The Crap","description":"Blog de gauche","publisher":{"@id":"https:\/\/www.incaudavenenum.org\/cut.the.crap\/#organization"},"potentialAction":[{"@type":"SearchAction","target":{"@type":"EntryPoint","urlTemplate":"https:\/\/www.incaudavenenum.org\/cut.the.crap\/?s={search_term_string}"},"query-input":{"@type":"PropertyValueSpecification","valueRequired":true,"valueName":"search_term_string"}}],"inLanguage":"fr-FR"},{"@type":"Organization","@id":"https:\/\/www.incaudavenenum.org\/cut.the.crap\/#organization","name":"Cut The Crap","url":"https:\/\/www.incaudavenenum.org\/cut.the.crap\/","logo":{"@type":"ImageObject","inLanguage":"fr-FR","@id":"https:\/\/www.incaudavenenum.org\/cut.the.crap\/#\/schema\/logo\/image\/","url":"https:\/\/i1.wp.com\/www.incaudavenenum.org\/cut.the.crap\/wp-content\/uploads\/2018\/01\/cTc.png?fit=100%2C95","contentUrl":"https:\/\/i1.wp.com\/www.incaudavenenum.org\/cut.the.crap\/wp-content\/uploads\/2018\/01\/cTc.png?fit=100%2C95","width":100,"height":95,"caption":"Cut The Crap"},"image":{"@id":"https:\/\/www.incaudavenenum.org\/cut.the.crap\/#\/schema\/logo\/image\/"},"sameAs":["https:\/\/www.facebook.com\/Cut-the-Crap-239882412697830\/","https:\/\/x.com\/cutzecrap"]},{"@type":"Person","@id":"https:\/\/www.incaudavenenum.org\/cut.the.crap\/#\/schema\/person\/39fa901f2f251d6be7e35d8d58a8d1b4","name":"Serge Victor","image":{"@type":"ImageObject","inLanguage":"fr-FR","@id":"https:\/\/secure.gravatar.com\/avatar\/1e2fd85bc69a7e81bf6242704119d1669b9a3ab337deeaf0e9141b764210481a?s=96&d=mm&r=g","url":"https:\/\/secure.gravatar.com\/avatar\/1e2fd85bc69a7e81bf6242704119d1669b9a3ab337deeaf0e9141b764210481a?s=96&d=mm&r=g","contentUrl":"https:\/\/secure.gravatar.com\/avatar\/1e2fd85bc69a7e81bf6242704119d1669b9a3ab337deeaf0e9141b764210481a?s=96&d=mm&r=g","caption":"Serge Victor"},"description":"Militant de gauche, \u00e9cosocialiste, f\u00e9ministe, autogestionnaire","sameAs":["https:\/\/www.incaudavenenum.org\/cut.the.crap\/","https:\/\/www.facebook.com\/cut.the.crap.free.fr","https:\/\/x.com\/cutzecrap"],"url":"https:\/\/www.incaudavenenum.org\/cut.the.crap\/author\/sergevictor\/"}]}},"jetpack_publicize_connections":[],"jetpack_featured_media_url":"","jetpack_shortlink":"https:\/\/wp.me\/s9z98q-grogne","jetpack_likes_enabled":true,"jetpack-related-posts":[{"id":1955,"url":"https:\/\/www.incaudavenenum.org\/cut.the.crap\/faches-pas-fachos\/","url_meta":{"origin":1998,"position":0},"title":"F\u00e2ch\u00e9s&#8230; pas fachos ?","author":"Serge Victor","date":"12 septembre 2021","format":"quote","excerpt":"\"Les appels du pied aux \u201cf\u00e2ch\u00e9s pas fachos\u201d ont-ils port\u00e9 leurs fruits ? Non. Lorsque les populistes de gauche s'avancent sur le terrain des populistes de droite, les transferts de voix sont au mieux \u00e0 somme nulle, au pire au b\u00e9n\u00e9fice du Rassemblement national. Au premier tour de la pr\u00e9sidentielle\u2026","rel":"","context":"Dans &quot;Citations&quot;","block_context":{"text":"Citations","link":"https:\/\/www.incaudavenenum.org\/cut.the.crap\/category\/lectures\/citations\/"},"img":{"alt_text":"","src":"","width":0,"height":0},"classes":[]},{"id":1251,"url":"https:\/\/www.incaudavenenum.org\/cut.the.crap\/colere\/","url_meta":{"origin":1998,"position":1},"title":"Col\u00e8re","author":"Serge Victor","date":"23 janvier 2018","format":"quote","excerpt":"\"Ceux qui admettent qu'il existe bien une col\u00e8re de fond, une col\u00e8re politique et populaire, consid\u00e8rent qu'elle va dans le mauvais sens, celui du racisme, de l'antis\u00e9mitisme, de la qu\u00eate d'un pouvoir fort qui d\u00e9barrassera le plancher de toute la racaille. On en donne pour preuve le consid\u00e9rable succ\u00e8s des\u2026","rel":"","context":"Dans &quot;Citations&quot;","block_context":{"text":"Citations","link":"https:\/\/www.incaudavenenum.org\/cut.the.crap\/category\/lectures\/citations\/"},"img":{"alt_text":"","src":"","width":0,"height":0},"classes":[]},{"id":667,"url":"https:\/\/www.incaudavenenum.org\/cut.the.crap\/le-canard-caquette-avec-les-chiens-de-garde\/","url_meta":{"origin":1998,"position":2},"title":"Le Canard encha\u00een\u00e9 caquette avec les chiens de garde","author":"Pierre-Joseph de Stal","date":"28 mars 2013","format":false,"excerpt":"Le week-end dernier, lors du congr\u00e8s du Parti de Gauche, Fran\u00e7ois Delapierre et Jean-Luc M\u00e9lenchon ont d\u00e9clench\u00e9 les foudres de l'ex-presse et du Parti Solf\u00e9rinien pour avoir os\u00e9 affirmer que le ministre Pierre Moscovici, ne pensant plus \"en fran\u00e7ais\" mais \"dans la langue de la finance internationale\" faisait partie des\u2026","rel":"","context":"Dans &quot;Novlangue&quot;","block_context":{"text":"Novlangue","link":"https:\/\/www.incaudavenenum.org\/cut.the.crap\/category\/novlangue-2\/"},"img":{"alt_text":"","src":"","width":0,"height":0},"classes":[]},{"id":2071,"url":"https:\/\/www.incaudavenenum.org\/cut.the.crap\/le-mouvement-anti-pass-antichambre-de-lextreme-droite-libertarienne\/","url_meta":{"origin":1998,"position":3},"title":"Le mouvement anti-pass, antichambre de l&rsquo;extr\u00eame-droite libertarienne\u00a0?","author":"Serge Victor","date":"5 novembre 2022","format":"quote","excerpt":"Am\u00e9lie Jeammet : \"Et comment lisez-vous le r\u00e9cent mouvement \u201canti-pass sanitaire\u201d\u00a0? Vous semble-t-il identique \u00e0 celui des Gilets jaunes au sens o\u00f9 il serait l'expression d'une partie des classes populaires et moyennes d\u00e9laiss\u00e9es par le bloc bourgeois ?\" (...) Stefano Palombarini : \"En Italie, c'est comme en Allemagne, c'est un\u2026","rel":"","context":"Dans &quot;Citations&quot;","block_context":{"text":"Citations","link":"https:\/\/www.incaudavenenum.org\/cut.the.crap\/category\/lectures\/citations\/"},"img":{"alt_text":"","src":"","width":0,"height":0},"classes":[]},{"id":1257,"url":"https:\/\/www.incaudavenenum.org\/cut.the.crap\/coming-out\/","url_meta":{"origin":1998,"position":4},"title":"Coming out","author":"Serge Victor","date":"26 janvier 2018","format":"quote","excerpt":"\"Ce qu'il [Emmanuel Macron] fait, c'est un peu le genre de politique de droite que faisaient les socialistes tout en se racontant qu'ils \u00e9taient socialistes et qu'ils \u00e9taient de gauche et qu'ils faisaient les choses, donc, un peu lentement. Donc il fait un peu plus que les socialistes des politiques\u2026","rel":"","context":"Dans &quot;Citations&quot;","block_context":{"text":"Citations","link":"https:\/\/www.incaudavenenum.org\/cut.the.crap\/category\/lectures\/citations\/"},"img":{"alt_text":"","src":"","width":0,"height":0},"classes":[]},{"id":1348,"url":"https:\/\/www.incaudavenenum.org\/cut.the.crap\/dominique-vidal-patauge-a-nouveau-dans-lanti-melenchonisme-primaire\/","url_meta":{"origin":1998,"position":5},"title":"Dominique Vidal patauge \u00e0 nouveau dans l&rsquo;anti-m\u00e9lenchonisme primaire","author":"Serge Victor","date":"18 juin 2018","format":false,"excerpt":"Il y a plus d'un an, je m'\u00e9tais d\u00e9j\u00e0 frott\u00e9 \u00e0 la mauvaise foi de Dominique Vidal sur le r\u00e9seau antisocial Facebook. Mais voici que cet \u00e9minent journaliste r\u00e9cidive. Ayant publiquement compar\u00e9 M\u00e9lenchon au n\u00e9o-fasciste italien Salvini, \u00e0 partir d'une phrase qu'il a lue de travers, et comme je lui\u2026","rel":"","context":"Dans &quot;R\u00e9sistance&quot;","block_context":{"text":"R\u00e9sistance","link":"https:\/\/www.incaudavenenum.org\/cut.the.crap\/category\/resistance\/"},"img":{"alt_text":"","src":"https:\/\/i0.wp.com\/www.incaudavenenum.org\/cut.the.crap\/wp-content\/uploads\/2018\/06\/Capture-d%E2%80%99e%CC%81cran-2018-06-18-a%CC%80-18.51.09-1024x922.png?resize=350%2C200&ssl=1","width":350,"height":200,"srcset":"https:\/\/i0.wp.com\/www.incaudavenenum.org\/cut.the.crap\/wp-content\/uploads\/2018\/06\/Capture-d%E2%80%99e%CC%81cran-2018-06-18-a%CC%80-18.51.09-1024x922.png?resize=350%2C200&ssl=1 1x, https:\/\/i0.wp.com\/www.incaudavenenum.org\/cut.the.crap\/wp-content\/uploads\/2018\/06\/Capture-d%E2%80%99e%CC%81cran-2018-06-18-a%CC%80-18.51.09-1024x922.png?resize=525%2C300&ssl=1 1.5x, https:\/\/i0.wp.com\/www.incaudavenenum.org\/cut.the.crap\/wp-content\/uploads\/2018\/06\/Capture-d%E2%80%99e%CC%81cran-2018-06-18-a%CC%80-18.51.09-1024x922.png?resize=700%2C400&ssl=1 2x"},"classes":[]}],"jetpack_sharing_enabled":true,"_links":{"self":[{"href":"https:\/\/www.incaudavenenum.org\/cut.the.crap\/wp-json\/wp\/v2\/posts\/1998","targetHints":{"allow":["GET"]}}],"collection":[{"href":"https:\/\/www.incaudavenenum.org\/cut.the.crap\/wp-json\/wp\/v2\/posts"}],"about":[{"href":"https:\/\/www.incaudavenenum.org\/cut.the.crap\/wp-json\/wp\/v2\/types\/post"}],"author":[{"embeddable":true,"href":"https:\/\/www.incaudavenenum.org\/cut.the.crap\/wp-json\/wp\/v2\/users\/1"}],"replies":[{"embeddable":true,"href":"https:\/\/www.incaudavenenum.org\/cut.the.crap\/wp-json\/wp\/v2\/comments?post=1998"}],"version-history":[{"count":1,"href":"https:\/\/www.incaudavenenum.org\/cut.the.crap\/wp-json\/wp\/v2\/posts\/1998\/revisions"}],"predecessor-version":[{"id":2000,"href":"https:\/\/www.incaudavenenum.org\/cut.the.crap\/wp-json\/wp\/v2\/posts\/1998\/revisions\/2000"}],"wp:attachment":[{"href":"https:\/\/www.incaudavenenum.org\/cut.the.crap\/wp-json\/wp\/v2\/media?parent=1998"}],"wp:term":[{"taxonomy":"category","embeddable":true,"href":"https:\/\/www.incaudavenenum.org\/cut.the.crap\/wp-json\/wp\/v2\/categories?post=1998"},{"taxonomy":"post_tag","embeddable":true,"href":"https:\/\/www.incaudavenenum.org\/cut.the.crap\/wp-json\/wp\/v2\/tags?post=1998"}],"curies":[{"name":"wp","href":"https:\/\/api.w.org\/{rel}","templated":true}]}}