{"id":2044,"date":"2022-10-26T00:06:12","date_gmt":"2022-10-25T22:06:12","guid":{"rendered":"https:\/\/www.incaudavenenum.org\/cut.the.crap\/?p=2044"},"modified":"2023-10-24T18:16:05","modified_gmt":"2023-10-24T16:16:05","slug":"non-conspiracy-watch-ce-nest-pas-la-fin-du-media","status":"publish","type":"post","link":"https:\/\/www.incaudavenenum.org\/cut.the.crap\/non-conspiracy-watch-ce-nest-pas-la-fin-du-media\/","title":{"rendered":"Non, Conspiracy Watch, ce n&rsquo;est pas la fin du M\u00e9dia !"},"content":{"rendered":"\n<p>Le 28 juillet dernier paraissait sur le site <em>Conspiracy Watch<\/em> un article sign\u00e9 Elie Guckert intitul\u00e9 \u00ab\u00a0<a href=\"https:\/\/www.conspiracywatch.info\/clap-de-fin-pour-le-media.html\" target=\"_blank\" rel=\"noreferrer noopener\">Clap de fin pour le <em>M\u00e9dia<\/em> ?<\/a>&nbsp;\u00ab\u00a0<\/p>\n\n\n\n<p>Etant soci\u00e9taire du <em>M\u00e9dia<\/em> et engag\u00e9 activement au sein de cette coop\u00e9rative de presse je n&rsquo;avais pas appr\u00e9ci\u00e9 le contenu de l&rsquo;article. J&rsquo;y avais relev\u00e9 quelques erreurs factuelles, comme le fait que Denis Robert y est pr\u00e9sent\u00e9 comme ayant \u00e9t\u00e9 \u00ab\u00a0remplac\u00e9 \u00e0 la r\u00e9daction en chef par&nbsp;Th\u00e9ophile Kouamouo\u00a0\u00bb. C&rsquo;est un peu anecdotique, mais en r\u00e9alit\u00e9, Th\u00e9ophile Kouamouo \u00e9tait d\u00e9j\u00e0 r\u00e9dacteur en chef au <em>M\u00e9dia<\/em> quand Denis Robert y travaillait, lequel Denis Robert n&rsquo;\u00e9tait pas r\u00e9dacteur en chef mais directeur de la r\u00e9daction. C&rsquo;est un d\u00e9tail qui a malgr\u00e9 tout son importance, car un lecteur non averti pourrait, en lisant l&rsquo;article de Guckert, s&rsquo;imaginer que Th\u00e9ophile Kouamouo aurait voulu prendre la place de Denis Robert alors que la r\u00e9daction a juste souhait\u00e9 remplacer le poste de directeur de la r\u00e9daction par un comit\u00e9 \u00e9ditorial. En tout cas, la remarque n&rsquo;a pas d\u00fb plaire \u00e0 Guckert car il m&rsquo;a aussit\u00f4t bloqu\u00e9 sur Twitter (j&rsquo;ai appris par la suite qu&rsquo;il avait \u00e9galement bloqu\u00e9 d&rsquo;autres socios et des salari\u00e9.e.s du <em>M\u00e9dia<\/em>), se privant ainsi de la possibilit\u00e9 de pouvoir recevoir des rectifications au contenu de son article.<\/p>\n\n\n\n<p>M&rsquo;\u00e9tant fait r\u00e9cemment \u00e0 nouveau exhiber cet article sur les r\u00e9seaux <em>antisociaux<\/em>, je me d\u00e9cide aujourd&rsquo;hui \u00e0 en faire une analyse critique. Mieux vaut tard que jamais.<\/p>\n\n\n\n<!--more-->\n\n\n\n<p>Comme il est toujours bon de savoir d&rsquo;o\u00f9 l&rsquo;on parle, je pr\u00e9cise que je suis moi-m\u00eame socio du <em>M\u00e9dia<\/em>, membre du collectif informel des <a href=\"https:\/\/www.youtube.com\/channel\/UCNNBjUpb3ybNUhX8r5nmZTQ\" target=\"_blank\" rel=\"noreferrer noopener\">Socios Engag\u00e9s<\/a> (merci aux camarades pour leur relecture de ce billet et leurs suggestions). Politiquement, je viens plut\u00f4t de la mouvance communiste libertaire et antifasciste. J&rsquo;ai ralli\u00e9 le Parti de Gauche en 2012, puis la France Insoumise en 2016, avant d&rsquo;\u00e9mettre des critiques sur le fonctionnement de celle-ci en 2017, de quitter le PG, de militer pour une liste locale municipaliste libertaire oppos\u00e9e \u00e0 la liste PS-EELV mais aussi \u00e0 la liste FI-PCF aux \u00e9lections municipales de 2020 dans ma commune. Je suis aussi syndiqu\u00e9 \u00e0 SUD Education. Je n&rsquo;ai aucune sympathie ni pour Poutine ni pour Bachar El Assad ni pour Maduro ni pour le r\u00e9gime iranien ni pour le r\u00e9gime chinois. Je soutiens \u00e9lectoralement la NUPES faute de mieux. Je suis pour l&rsquo;abolition de la propri\u00e9t\u00e9 lucrative et le salaire \u00e0 vie.<br>Je ne vais pas \u00e9plucher le CV du journaliste Elie Guckert dont je critique ici l&rsquo;article. Qu&rsquo;il collabore entre autres \u00e0 <em>Street Press<\/em> ou <em>M\u00e9diapart<\/em> m&rsquo;est plut\u00f4t sympathique <em>a priori<\/em> (et soit dit en passant, aux fachos et fans de Poutine qui viendraient \u00e0 lire ce billet et essaieraient d&rsquo;y trouver des raisons de harceler Guckert, je dis juste : <em>no pasaran<\/em> et allez manger vos morts).<br>Mais une information m\u00e9rite peut-\u00eatre d&rsquo;\u00eatre port\u00e9e \u00e0 la connaissance des lecteurs de son article sur le <em>M\u00e9dia<\/em> pour <em>Conspiracy Watch<\/em> : Elie Guckert affiche sur Twitter une proximit\u00e9 certaine avec Maud Le Rest et Elsa Margueritat, deux anciennes journalistes pigistes du M\u00e9dia, qui l&rsquo;ont quitt\u00e9 en 2021 en tr\u00e8s mauvais termes et se r\u00e9pandent volontiers depuis en sarcasmes sur les r\u00e9seaux contre leur ancien employeur. NB : Maud a depuis notamment publi\u00e9 un papier sur ASI, qui a ensuite publi\u00e9 un article \u00e0 charge contre <em>le M\u00e9dia<\/em> faisant la part belle aux rancoeurs de Maud et Elsa, article qui a d\u00fb \u00eatre corrig\u00e9 plusieurs fois en raison d&rsquo;erreurs factuelles point\u00e9es par <a href=\"https:\/\/kouamouo.medium.com\/arr%C3%AAt-sur-images-contre-le-m%C3%A9dia-pour-en-finir-avec-un-article-%C3%A0-charge-et-mensonger-ac8346be970\" target=\"_blank\" rel=\"noreferrer noopener\">le r\u00e9dacteur en chef du <em>M\u00e9dia<\/em><\/a> ; Elsa, de son c\u00f4t\u00e9, est all\u00e9e travailler pour <em>Marianne<\/em> puis <em>le Figaro<\/em> (sic).<\/p>\n\n\n\n<figure class=\"wp-block-image size-large\"><a href=\"https:\/\/i0.wp.com\/www.incaudavenenum.org\/cut.the.crap\/wp-content\/uploads\/2022\/10\/Capture-de%CC%81cran-2022-10-25-a%CC%80-21.57.12.png?ssl=1\"><img data-recalc-dims=\"1\" loading=\"lazy\" decoding=\"async\" width=\"840\" height=\"355\" data-attachment-id=\"2048\" data-permalink=\"https:\/\/www.incaudavenenum.org\/cut.the.crap\/non-conspiracy-watch-ce-nest-pas-la-fin-du-media\/capture-decran-2022-10-25-a-21-57-12\/\" data-orig-file=\"https:\/\/i0.wp.com\/www.incaudavenenum.org\/cut.the.crap\/wp-content\/uploads\/2022\/10\/Capture-de%CC%81cran-2022-10-25-a%CC%80-21.57.12.png?fit=1172%2C496&amp;ssl=1\" data-orig-size=\"1172,496\" data-comments-opened=\"1\" data-image-meta=\"{&quot;aperture&quot;:&quot;0&quot;,&quot;credit&quot;:&quot;&quot;,&quot;camera&quot;:&quot;&quot;,&quot;caption&quot;:&quot;&quot;,&quot;created_timestamp&quot;:&quot;0&quot;,&quot;copyright&quot;:&quot;&quot;,&quot;focal_length&quot;:&quot;0&quot;,&quot;iso&quot;:&quot;0&quot;,&quot;shutter_speed&quot;:&quot;0&quot;,&quot;title&quot;:&quot;&quot;,&quot;orientation&quot;:&quot;0&quot;}\" data-image-title=\"Capture-de\u0301cran-2022-10-25-a\u0300-21.57.12\" data-image-description=\"\" data-image-caption=\"\" data-large-file=\"https:\/\/i0.wp.com\/www.incaudavenenum.org\/cut.the.crap\/wp-content\/uploads\/2022\/10\/Capture-de%CC%81cran-2022-10-25-a%CC%80-21.57.12.png?fit=840%2C355&amp;ssl=1\" src=\"https:\/\/i0.wp.com\/www.incaudavenenum.org\/cut.the.crap\/wp-content\/uploads\/2022\/10\/Capture-de%CC%81cran-2022-10-25-a%CC%80-21.57.12.png?resize=840%2C355&#038;ssl=1\" alt=\"\" class=\"wp-image-2048\" srcset=\"https:\/\/i0.wp.com\/www.incaudavenenum.org\/cut.the.crap\/wp-content\/uploads\/2022\/10\/Capture-de%CC%81cran-2022-10-25-a%CC%80-21.57.12.png?resize=1024%2C433&amp;ssl=1 1024w, https:\/\/i0.wp.com\/www.incaudavenenum.org\/cut.the.crap\/wp-content\/uploads\/2022\/10\/Capture-de%CC%81cran-2022-10-25-a%CC%80-21.57.12.png?resize=300%2C127&amp;ssl=1 300w, https:\/\/i0.wp.com\/www.incaudavenenum.org\/cut.the.crap\/wp-content\/uploads\/2022\/10\/Capture-de%CC%81cran-2022-10-25-a%CC%80-21.57.12.png?resize=768%2C325&amp;ssl=1 768w, https:\/\/i0.wp.com\/www.incaudavenenum.org\/cut.the.crap\/wp-content\/uploads\/2022\/10\/Capture-de%CC%81cran-2022-10-25-a%CC%80-21.57.12.png?w=1172&amp;ssl=1 1172w\" sizes=\"auto, (max-width: 709px) 85vw, (max-width: 909px) 67vw, (max-width: 1362px) 62vw, 840px\" \/><\/a><\/figure>\n\n\n\n<figure class=\"wp-block-image size-large\"><a href=\"https:\/\/i0.wp.com\/www.incaudavenenum.org\/cut.the.crap\/wp-content\/uploads\/2022\/10\/Capture-de%CC%81cran-2022-10-25-a%CC%80-21.52.26.png?ssl=1\"><img data-recalc-dims=\"1\" loading=\"lazy\" decoding=\"async\" width=\"840\" height=\"190\" data-attachment-id=\"2049\" data-permalink=\"https:\/\/www.incaudavenenum.org\/cut.the.crap\/non-conspiracy-watch-ce-nest-pas-la-fin-du-media\/capture-decran-2022-10-25-a-21-52-26\/\" data-orig-file=\"https:\/\/i0.wp.com\/www.incaudavenenum.org\/cut.the.crap\/wp-content\/uploads\/2022\/10\/Capture-de%CC%81cran-2022-10-25-a%CC%80-21.52.26.png?fit=1176%2C266&amp;ssl=1\" data-orig-size=\"1176,266\" data-comments-opened=\"1\" data-image-meta=\"{&quot;aperture&quot;:&quot;0&quot;,&quot;credit&quot;:&quot;&quot;,&quot;camera&quot;:&quot;&quot;,&quot;caption&quot;:&quot;&quot;,&quot;created_timestamp&quot;:&quot;0&quot;,&quot;copyright&quot;:&quot;&quot;,&quot;focal_length&quot;:&quot;0&quot;,&quot;iso&quot;:&quot;0&quot;,&quot;shutter_speed&quot;:&quot;0&quot;,&quot;title&quot;:&quot;&quot;,&quot;orientation&quot;:&quot;0&quot;}\" data-image-title=\"Capture-de\u0301cran-2022-10-25-a\u0300-21.52.26\" data-image-description=\"\" data-image-caption=\"\" data-large-file=\"https:\/\/i0.wp.com\/www.incaudavenenum.org\/cut.the.crap\/wp-content\/uploads\/2022\/10\/Capture-de%CC%81cran-2022-10-25-a%CC%80-21.52.26.png?fit=840%2C190&amp;ssl=1\" src=\"https:\/\/i0.wp.com\/www.incaudavenenum.org\/cut.the.crap\/wp-content\/uploads\/2022\/10\/Capture-de%CC%81cran-2022-10-25-a%CC%80-21.52.26.png?resize=840%2C190&#038;ssl=1\" alt=\"\" class=\"wp-image-2049\" srcset=\"https:\/\/i0.wp.com\/www.incaudavenenum.org\/cut.the.crap\/wp-content\/uploads\/2022\/10\/Capture-de%CC%81cran-2022-10-25-a%CC%80-21.52.26.png?resize=1024%2C232&amp;ssl=1 1024w, https:\/\/i0.wp.com\/www.incaudavenenum.org\/cut.the.crap\/wp-content\/uploads\/2022\/10\/Capture-de%CC%81cran-2022-10-25-a%CC%80-21.52.26.png?resize=300%2C68&amp;ssl=1 300w, https:\/\/i0.wp.com\/www.incaudavenenum.org\/cut.the.crap\/wp-content\/uploads\/2022\/10\/Capture-de%CC%81cran-2022-10-25-a%CC%80-21.52.26.png?resize=768%2C174&amp;ssl=1 768w, https:\/\/i0.wp.com\/www.incaudavenenum.org\/cut.the.crap\/wp-content\/uploads\/2022\/10\/Capture-de%CC%81cran-2022-10-25-a%CC%80-21.52.26.png?w=1176&amp;ssl=1 1176w\" sizes=\"auto, (max-width: 709px) 85vw, (max-width: 909px) 67vw, (max-width: 1362px) 62vw, 840px\" \/><\/a><\/figure>\n\n\n\n<p><\/p>\n\n\n\n<p>Comme Guckert manie avec dext\u00e9rit\u00e9 la technique du d\u00e9shonneur par association (autrement dit le \u00ab\u00a0maraboutdficellisme\u00a0\u00bb), on est tent\u00e9 de lui retourner le proc\u00e9d\u00e9 : puisque lui-m\u00eame mentionne l&rsquo;air de rien que Th\u00e9ophile Kouamouo travaille parfois \u00e0 c\u00f4t\u00e9 du <em>M\u00e9dia<\/em> pour la cha\u00eene <em>Voxafrica<\/em> et pr\u00e9cise que la m\u00eame cha\u00eene emploie aussi le sulfureux \u00ab\u00a0influenceur pro-Poutine Kemi Seba\u00a0\u00bb (c&rsquo;est jet\u00e9 comme \u00e7a pour salir sans bien \u00e9videmment aucune preuve d&rsquo;un quelconque lien entre les deux hommes ni sans analyse de la structure ou de la ligne \u00e9ditoriale de <em>Voxafrica<\/em>), puisque Guckert tient aussi \u00e0 pr\u00e9ciser que le <em>M\u00e9dia<\/em> s&rsquo;est inspir\u00e9 de la cha\u00eene <em>The Young Turks<\/em> qui soutenait la campagne de Bernie Sanders aux Etats-Unis, et que cette cha\u00eene avait recrut\u00e9 comme chroniqueur un certain Jimmy Dore, \u00ab\u00a0conspirationniste r\u00e9compens\u00e9 par un lobby pro-Assad\u00a0\u00bb&#8230; puisque, donc, le <em>M\u00e9dia<\/em> est associ\u00e9 \u00e0 l&rsquo;homme qui a vu l&rsquo;homme qui a vu l&rsquo;homme qui a vu l&rsquo;ours qui a \u00e9t\u00e9 r\u00e9compens\u00e9 par Assad&#8230; alors, convenons-en, on peut remarquer d&rsquo;un air entendu (suivez mon regard) qu&rsquo;Elie Guckert \u00e9change des blagounettes sur Twitter avec des copines qui ont essay\u00e9 de d\u00e9crocher un CDI dans un m\u00e9dia complotiste poutinophile. <a href=\"https:\/\/twitter.com\/hashtag\/lesvraissachent\" target=\"_blank\" rel=\"noreferrer noopener\">#lesvraissachent<\/a>.<\/p>\n\n\n\n<p>Car l&rsquo;article commence tr\u00e8s fort d\u00e8s le titre : \u00ab\u00a0Clap de fin pour <em>le M\u00e9dia<\/em>&nbsp;?\u00a0\u00bb interroge Guckert, avant de montrer par son accroche qu&rsquo;il s&rsquo;en r\u00e9jouit d&rsquo;avance, la \u00ab\u00a0tr\u00e8s insoumise webt\u00e9l\u00e9 lanc\u00e9e en 2017\u00a0\u00bb \u00e9tant d&#8217;embl\u00e9e point\u00e9e pour ses \u00ab\u00a0accents complotistes et poutinophiles\u00a0\u00bb. Assur\u00e9ment, un tel m\u00e9dia m\u00e9riterait bien un clap de fin, non ? Sauf que cette accusation est plus que contestable, comme on le verra plus loin. D&rsquo;ores et d\u00e9j\u00e0, on peut s&rsquo;interroger sur l&rsquo;insistance \u00e0 qualifier le M\u00e9dia de \u00ab\u00a0tr\u00e8s insoumise webt\u00e9l\u00e9\u00a0\u00bb. Elie Guckert se pr\u00e9sente-t-il par exemple comme auteur pour le tr\u00e8s social-lib\u00e9ral et r\u00e9actionnaire (pour ne pas dire vallsiste) <em>Conspiracy Watch<\/em>&nbsp;? Car le fondateur du site, Rudy Reichstadt, vient du PS, a \u00e9t\u00e9 missionn\u00e9 en 2015 par Valls et a \u00e9t\u00e9 signataire en 2016 du manifeste du tr\u00e8s islamophobe et r\u00e9actionnaire \u00ab\u00a0Printemps r\u00e9publicain\u00a0\u00bb. <\/p>\n\n\n\n<p>Il est vrai que <em>le M\u00e9dia<\/em> a \u00e9t\u00e9 cr\u00e9\u00e9 par la directrice de communication de la campagne de M\u00e9lenchon en 2017, avec des militants de la FI, il est vrai \u00e9galement que l&rsquo;actuel d\u00e9put\u00e9 David Guiraud a \u00e9t\u00e9 chroniqueur de la Contre-Matinale du <em>M\u00e9dia<\/em> durant la saison 2021-2022 et que l&rsquo;ancien candidat de la FI Taha Bouhafs a \u00e9t\u00e9 journaliste au <em>M\u00e9dia<\/em>, mais le m\u00eame <em>M\u00e9dia<\/em> a aussi vir\u00e9 la directrice de communication de la FI (et depuis lors, Jean-Luc M\u00e9lenchon n&rsquo;a plus jamais daign\u00e9 \u00e9voquer <em>le M\u00e9dia<\/em> et encore moins y mettre les pieds, m\u00eame lorsqu&rsquo;invit\u00e9 comme d&rsquo;autres candidats de gauche durant la campagne pour l&rsquo;\u00e9lection pr\u00e9sidentielle de 2022), a \u00e9t\u00e9 <a href=\"https:\/\/www.radiofrance.fr\/franceinter\/plainte-contre-x-du-media-pour-vols-commis-lors-du-depart-de-sophia-chikirou-2667602\" target=\"_blank\" rel=\"noreferrer noopener\">en conflit juridique<\/a> avec elle, et plus r\u00e9cemment, n&rsquo;a pas h\u00e9sit\u00e9 \u00e0 <a href=\"https:\/\/www.lemediatv.fr\/emissions\/2022\/coupe-du-monde-au-qatar-les-vrais-scandales-qui-devraient-nous-indigner-Uar58RU3SeG2q11Yewf3kw\" target=\"_blank\" rel=\"noreferrer noopener\">critiquer la gestion de l&rsquo;affaire Quatennens par la FI<\/a>. Pourtant, la presse bourgeoise, lorsqu&rsquo;elle mentionne le <em>M\u00e9dia<\/em> (jamais pour relayer ses enqu\u00eates mais plut\u00f4t pour se d\u00e9lecter de ses crises internes), continue \u00e0 le pr\u00e9senter comme \u00ab\u00a0t\u00e9l\u00e9 insoumise\u00a0\u00bb ou \u00ab\u00a0t\u00e9l\u00e9 M\u00e9lenchon\u00a0\u00bb. Elie Guckert s&rsquo;inscrit donc ici tout \u00e0 fait dans le r\u00e9cit dominant, sourd \u00e0 la mainmise capitaliste et id\u00e9ologique de milliardaires de droite ou d&rsquo;extr\u00eame-droite sur les m\u00e9dias, mais goguenard (au mieux) ou indign\u00e9 (au pire) par les liens entre la mouvance insoumise (ou plus g\u00e9n\u00e9ralement la gauche radicale) et <em>le M\u00e9dia<\/em>. Au cas o\u00f9 le lecteur n&rsquo;aurait pas compris le message, Guckert va d&rsquo;ailleurs qualifier plus loin <em>le M\u00e9dia<\/em> de \u00ab\u00a0site proche de la France insoumise (LFI)\u00a0\u00bb. Plus loin encore, il mart\u00e8le : \u00ab\u00a0Malgr\u00e9 les nombreuses restructurations internes effectu\u00e9es depuis, cette cha\u00eene&nbsp;<em>\u00ab ind\u00e9pendante \u00bb<\/em>&nbsp;n\u2019a jamais vraiment rompu ses attaches avec le mouvement m\u00e9lenchoniste. Comme le rappelle&nbsp;<a href=\"https:\/\/www.arretsurimages.net\/articles\/denis-robert-fait-saisir-les-comptes-plus-de-salaires-au-media\"><em>Arr\u00eat sur Images<\/em><\/a>, l\u2019actuel pr\u00e9sident du directoire et directeur g\u00e9n\u00e9ral du&nbsp;<em>M\u00e9dia<\/em>,&nbsp;Thomas Dietrich, \u00e9tait d\u00e9crit en 2020 par&nbsp;<a href=\"https:\/\/www.africaintelligence.fr\/afrique-ouest\/2020\/12\/15\/comment-melenchon-veut-attaquer-macron-sur-son-flanc-africain,109627660-art\"><em>Africa Intelligence<\/em><\/a>&nbsp;comme un conseiller de Jean-Luc M\u00e9lenchon sur l\u2019Afrique.\u00a0\u00bb Le parti pris de Guckert est ici de mettre en doute l&rsquo;ind\u00e9pendance du <em>M\u00e9dia<\/em>, mentionn\u00e9e avec des guillemets ironiques. Il ne lui viendra pas \u00e0 l&rsquo;id\u00e9e que Thomas Dietrich puisse avoir conseill\u00e9 M\u00e9lenchon et n\u00e9anmoins \u00eatre ind\u00e9pendant, au point de critiquer ouvertement \u00e0 l&rsquo;antenne certaines prises de position de JLM. <\/p>\n\n\n\n<p>Guckert \u00e9num\u00e8re ensuite des cas selon lui r\u00e9dhibitoires de \u00ab\u00a0complotisme\u00a0\u00bb ou \u00ab\u00a0poutinophilie\u00a0\u00bb : un \u00e9dito sur la Syrie de Claude El Khal en 2018, une fausse information toujours en 2018 (l&rsquo;affaire Tolbiac), une interview de Chouard en 2019, Alain Corvez invit\u00e9 en avril et mai 2018 (sur la Syrie), un \u00e9dito d&rsquo;Alexis Poulin en avril 2018 (sur l&rsquo;affaire Skripal), une interview d&rsquo;Olivier Berruyer en d\u00e9cembre 2021 (sur les menaces de guerre entre la Russie et l&rsquo;Ukraine ; \u00e0 noter que dans ses interventions ult\u00e9rieures au M\u00e9dia, Berruyer n&rsquo;a parl\u00e9 que d&rsquo;inflation et d&rsquo;\u00e9conomie int\u00e9rieure et pas du tout de la Russie), une interview de Jacques Sapir en mars 2022 (sur la guerre en Ukraine), une interview de Jacques Baud en septembre 2020 (sur les <em>fake news<\/em>), une interview de Michel Collon en avril 2019 (sur les \u00ab\u00a0m\u00e9diamensonges\u00a0\u00bb), une interview de Judi Rever en novembre 2020 (sur le Rwanda).<\/p>\n\n\n\n<p>Ecartons d&#8217;embl\u00e9e \u00ab\u00a0l&rsquo;affaire Tolbiac\u00a0\u00bb. Il n&rsquo;y a l\u00e0 aucune trace de complotisme ni de poutinophilie. Rappelons les faits : lors de la r\u00e9pression par la police de l&rsquo;occupation de l&rsquo;universit\u00e9 de Tolbiac par des \u00e9tudiants, un t\u00e9moin a affirm\u00e9 avoir vu un mort. Ce t\u00e9moignage, plausible dans le contexte des violences polici\u00e8res de l&rsquo;\u00e9poque qui avait vu quantit\u00e9 de manifestants et m\u00eame de journalistes ou de simples passants tabass\u00e9s, bless\u00e9s ou \u00e9borgn\u00e9s, avait \u00e9t\u00e9 relay\u00e9s (au conditionnel) par plusieurs m\u00e9dias dont <em>Le M\u00e9dia<\/em> (mais aussi <em>Reporterre<\/em> ou <em>Marianne<\/em>) avant que <em>Lib\u00e9ration<\/em> puis <a href=\"https:\/\/reporterre.net\/Tolbiac-le-point-sur-l-affaire\" target=\"_blank\" rel=\"noreferrer noopener\"><em>Reporterre<\/em><\/a> ne r\u00e9v\u00e8lent que le t\u00e9moignage \u00e9tait faux. La r\u00e9daction du <em>M\u00e9dia<\/em>, comme celle des autres m\u00e9dias abus\u00e9s, avait convenu de son erreur, en publiant ce communiqu\u00e9 : \u00ab\u00a0Nous reconnaissons notre erreur, et nous pr\u00e9sentons nos excuses \u00e0 nos Socios ainsi qu\u2019\u00e0 ceux qui nous suivent. Nous veillerons \u00e0 ce que cela ne se reproduise plus et r\u00e9affirmons notre engagement autour des valeurs fondatrices du <em>M\u00e9dia<\/em>.\u00a0\u00bb&nbsp;<\/p>\n\n\n\n<p>Notons aussi que l&rsquo;interview de Chouard en 2019 a tourn\u00e9 nettement au d\u00e9savantage de celui-ci, qui s&rsquo;est enferr\u00e9 dans le n\u00e9gationnisme apr\u00e8s  une question de Denis Robert sur les chambres \u00e0 gaz, et qui s&rsquo;est retrouv\u00e9 coinc\u00e9 par les questions de Mathias Enthoven. Au point que <a href=\"https:\/\/twitter.com\/d_schneidermann\/status\/1138425999673233408?s=20&amp;t=cqkjSzWyacxjFk12f5p-dw\" target=\"_blank\" rel=\"noreferrer noopener\">Daniel Schneidermann<\/a> s&rsquo;est finalement f\u00e9licit\u00e9 de la s\u00e9quence. Personnellement, j&rsquo;\u00e9tais oppos\u00e9 au fait m\u00eame d&rsquo;inviter Chouard et en avais d\u00e9battu \u00e0 l&rsquo;\u00e9poque avec d&rsquo;autres socios et Mathias Enthoven. D&rsquo;ailleurs, Chouard avait d\u00e9j\u00e0 pu d\u00e9rouler son mielleux credo confusionniste lors d&rsquo;une \u00e9mission de d\u00e9bats du <em>M\u00e9dia<\/em>, toujours avec Denis Robert. Je veux bien donc accorder ce point \u00e0 Guckert. <\/p>\n\n\n\n<p>Convenons aussi qu&rsquo;Alain Corvez, invit\u00e9 2 fois au <em>M\u00e9dia<\/em> en 2018, est surtout un habitu\u00e9 de la chaine de propagande russe <em>RT<\/em>, de la chaine d&rsquo;extr\u00eame-droite <em>TV Libert\u00e9s<\/em> et de la secte larouchienne via Solidarit\u00e9s et Progr\u00e8s (repr\u00e9sent\u00e9e en France par Cheminade) ou le Schiller Institute. Pr\u00e9cisons tout de m\u00eame que Corvez a \u00e9t\u00e9 invit\u00e9 par le tr\u00e8s confusionniste Jacques Cotta (qui a quitt\u00e9 <em>le M\u00e9dia<\/em> d\u00e8s octobre 2018), d&rsquo;abord dans une \u00e9mission de d\u00e9bats, puis dans une autre \u00e9mission qui a \u00e9t\u00e9, elle, retir\u00e9e depuis, ce qui montre que le m\u00e9nage a \u00e9t\u00e9 fait (il \u00e9tait bien pr\u00e9cis\u00e9 le 15 avril 2021 dans un <a href=\"https:\/\/syriefactuel.medium.com\/alain-corvez-expert-de-la-guerre-civile-syrienne-pour-m%C3%A9dias-alternatifs-c2e27d1f3893\" target=\"_blank\" rel=\"noreferrer noopener\">article de <em>Syrie Factuel<\/em><\/a>, pour qui Guckert travaille aussi, que la vid\u00e9o \u00e9tait \u00ab\u00a0disparue du web\u00a0\u00bb, mais cette pr\u00e9cision a elle-m\u00eame \u00e9trangement <em>disparu<\/em> de son article \u00e0 charge de <em>Conspiracy Watch<\/em>, qui ne pr\u00e9cise pas non plus que Cotta a rompu avec le M\u00e9dia parce qu&rsquo;il ne pouvait y d\u00e9ployer sa vision confusionniste de la mont\u00e9e du fascisme en Italie). <\/p>\n\n\n\n<p>Convenons qu&rsquo;Alexis Poulin, rest\u00e9 fid\u00e8le \u00e0 Sophia Chikirou apr\u00e8s la premi\u00e8re crise du <em>M\u00e9dia<\/em>, coche toutes les cases du confusionnisme, interviewant complaisamment Asselineau, fr\u00e9quentant les m\u00e9dias d&rsquo;extr\u00eame-droite comme <em>Boulevard Voltaire<\/em> ou <em>Sud Radio<\/em>, la chaine poutinienne <em>RT<\/em>, et ayant sombr\u00e9 depuis la pand\u00e9mie dans les d\u00e9lires conspirationnistes antivax. De lui, Guckert nous dit bien qu&rsquo;il a quitt\u00e9 <em>le M\u00e9dia<\/em> \u00e0 l&rsquo;\u00e9t\u00e9 2018, d\u00e9non\u00e7ant sa \u00ab\u00a0d\u00e9rive\u00a0\u00bb, mais ne daigne pas nous expliquer que Poulin avait alors sign\u00e9 avec Serge Faubert, L\u00e9onard Vincent et Julie Maury un texte \u00e9voquant \u00ab\u00a0<em>des tentatives communautaires ou identitaires au sein de la r\u00e9daction<\/em>\u00a0\u00bb alors que la SDJ du <em>M\u00e9dia<\/em>, elle, signait un texte affirmant : \u00ab\u00a0<em>Nous aurions pu imaginer entendre cette position de la part d\u2019un journaliste de&nbsp;<\/em>Valeurs actuelles<em>, pas du&nbsp;<\/em>M\u00e9dia<em>, ce qui nous choque terriblement. La SDJ fera de la reconnaissance du pluralisme et de la diversit\u00e9 dans notre r\u00e9daction un combat et s\u2019oppose \u00e0 toute vell\u00e9it\u00e9 de les \u00e9touffer ou de les nier.&nbsp;<\/em>\u00a0\u00bb Bref, Guckert \u00e9num\u00e8re les probl\u00e8mes en se gardant \u00e0 chaque fois de pr\u00e9ciser qu&rsquo;ils ont donn\u00e9 lieu \u00e0 des conflits, des r\u00e9sistances de la part de l&rsquo;\u00e9quipe, et <em>in fine<\/em>, des correctifs ou des d\u00e9parts. Guckert, tout \u00e0 son r\u00e9cit du m\u00e9chant <em>M\u00e9dia<\/em> \u00ab\u00a0conspirationniste poutinophile\u00a0\u00bb, invisibilise les luttes internes contre les d\u00e9rives qu&rsquo;il d\u00e9nonce et la victoire, au bout du compte, de celles et ceux qui ont lutt\u00e9 contre ces d\u00e9rives.<\/p>\n\n\n\n<p>Convenons que l&rsquo;\u00e9conomiste Jacques Sapir a brill\u00e9 aussi par son confusionnisme (<a href=\"https:\/\/www.slate.fr\/story\/105895\/anachronique-irrationnel-appel-jacques-sapir\" target=\"_blank\" rel=\"noreferrer noopener\">appels \u00e0 l&rsquo;union de la gauche radicale avec le RN<\/a>) et son tropisme pro-russe. Lors de son passage au <em>M\u00e9dia<\/em>, pr\u00e9sent\u00e9 comme sp\u00e9cialiste de la Russie, il a trouv\u00e9 le moyen, bien que pr\u00e9tendant avoir quitt\u00e9 RT par refus de l&rsquo;invasion de l&rsquo;Ukraine par Poutine, de pr\u00e9dire une victoire russe et un effondrement de l&rsquo;arm\u00e9e ukrainienne sous quelques jours. On a vu depuis ce qu&rsquo;il en \u00e9tait, ce qui n&#8217;emp\u00eache pas ce proph\u00e8te mal inspir\u00e9 de continuer \u00e0 p\u00e9rorer au sujet de la puissance russe sur Twitter. Pr\u00e9cisons au passage que le <em>M\u00e9dia<\/em> ne s&rsquo;en est pas tenu \u00e0 ce discours hallucin\u00e9. <a href=\"https:\/\/www.lemediatv.fr\/emissions\/2022\/ukraine-poutine-va-t-il-perdre-la-guerre-ePt94vnYSG2jmuSaGFyG3w\" target=\"_blank\" rel=\"noreferrer noopener\">Thomas Dietrich a par exemple interview\u00e9 Emmanuel Dupuy<\/a>, pr\u00e9sident de l\u2019IPSE (Institut prospective et s\u00e9curit\u00e9 en Europe) au point de vue radicalement oppos\u00e9 \u00e0 celui de Sapir. Th\u00e9ophile Kouamouo, qui avait (h\u00e9las) interview\u00e9 Sapir, a de son c\u00f4t\u00e9 aussi interview\u00e9 <a href=\"https:\/\/youtu.be\/mM2d5qnZCz8\" target=\"_blank\" rel=\"noreferrer noopener\">le journaliste Fabien Lassalle-Dumez qui a \u00e9tudi\u00e9 le personnage du pr\u00e9sident ukrainien Zelensky<\/a>, et pr\u00e9sente lui aussi un point de vue tr\u00e8s diff\u00e9rent de celui de Sapir. Bref, Guckert, tout \u00e0 son r\u00e9cit du m\u00e9chant M\u00e9dia \u00ab\u00a0complotiste poutinophile\u00a0\u00bb invisibilise totalement les \u00e9missions du <em>M\u00e9dia<\/em> tr\u00e8s critiques des actions de Poutine. <\/p>\n\n\n\n<p>Convenons \u00e9galement que Jacques Baud est un habitu\u00e9 des m\u00e9dias d&rsquo;extr\u00eame-droite (<em>Valeurs Actuelles<\/em>, <em>Sud Radio<\/em>, <em>TV Libert\u00e9s<\/em>), m\u00eame s&rsquo;il a aussi \u00e9t\u00e9 invit\u00e9 sur la tr\u00e8s s\u00e9rieuse, tr\u00e8s <em>mainstream<\/em> et tr\u00e8s publique <a href=\"https:\/\/www.francetvinfo.fr\/replay-radio\/micro-europeen\/l-europe-face-a-la-guerre-on-est-dans-une-situation-ou-on-ne-veut-plus-perdre-la-face-selon-jacques-baud_5378542.html\" target=\"_blank\" rel=\"noreferrer noopener\">France Info<\/a>. Ne chipotons pas : le gars se r\u00e9pand partout en th\u00e9ories du complot pro-Poutine, c&rsquo;est un fait.<\/p>\n\n\n\n<p>Convenons aussi que Michel Collon est l&rsquo;arch\u00e9type de l&rsquo;activiste confusionniste rouge brun \u00e0 tendance conspi. Guckert est tout \u00e0 fait fond\u00e9 \u00e0 pointer comme une faute pour un m\u00e9dia de gauche le fait d&rsquo;inviter ce genre de lascar. Je peux tout de m\u00eame pr\u00e9ciser que j&rsquo;ai \u00e0 l&rsquo;\u00e9poque eu l&rsquo;occasion de dire ce que j&rsquo;en pensais. Je suppose que d&rsquo;autres, y compris au sein de la r\u00e9daction, ont argument\u00e9 aussi. Et le fait est que je n&rsquo;ai plus revu Collon \u00e0 l&rsquo;antenne du <em>M\u00e9dia<\/em> depuis ce 29 avril 2019.<\/p>\n\n\n\n<p>Et enfin, convenons que les th\u00e8ses de Judi Rever sur le Rwanda, visant \u00e0 mettre sur le m\u00eame plan les crimes du r\u00e9gime de Kagam\u00e9 et le g\u00e9nocide subi par les tutsis (th\u00e8se du \u00ab\u00a0double-g\u00e9nocide\u00a0\u00bb), voire \u00e0 exon\u00e9rer le pouvoir hutu de sa responsabilit\u00e9 dans le g\u00e9nocide pour en rejeter la faute sur Kagam\u00e9, rel\u00e8ve du n\u00e9gationnisme. Nous avons \u00e9t\u00e9 plusieurs \u00e0 nous en \u00e9mouvoir, parmi les socios et au sein de la r\u00e9daction. R\u00e9sultat : cette vid\u00e9o a \u00e9t\u00e9 retir\u00e9e. Ce que Guckert, tout \u00e0 son r\u00e9cit du m\u00e9chant <em>M\u00e9dia<\/em> \u00ab\u00a0conspirationniste poutinophile\u00a0\u00bb se garde bien de mentionner.<\/p>\n\n\n\n<p>D&rsquo;apr\u00e8s le propre d\u00e9compte de Guckert, il y a donc exactement 10 vid\u00e9os (si on \u00e9vacue \u00ab\u00a0l&rsquo;affaire Tolbiac\u00a0\u00bb qui est d&rsquo;un autre ordre et que Guckert mentionne juste par malveillance) accus\u00e9es de v\u00e9hiculer des th\u00e8ses complotistes ou poutinophiles. Renseignement pris, la chaine YouTube du <em>M\u00e9dia<\/em> compte actuellement environ 2200 vid\u00e9os (compte non tenu des vid\u00e9os retir\u00e9es par des malveillants qui avaient gard\u00e9 acc\u00e8s \u00e0 l&rsquo;interface apr\u00e8s le d\u00e9part de Sophia Chikirou, de celles retir\u00e9es sur injonction de Denis Robert, des podcasts ou des plus de 180 articles publi\u00e9s sur le site actuel ou ceux publi\u00e9s sur l&rsquo;ancien site). Si on part d&rsquo;une proportion de 10 vid\u00e9os au contenu contestable sur 2200 vid\u00e9os, on obtient donc un taux de 0,45%. Voil\u00e0 qui aurait d\u00fb pousser Guckert \u00e0 relativiser son analyse et \u00e0 renoncer \u00e0 tout le moins \u00e0 voir dans 0,45% d&rsquo;erreurs un probl\u00e8me syst\u00e9mique. <\/p>\n\n\n\n<p>Bien s\u00fbr, on peut dire que 0,45% d&rsquo;erreurs de casting, c&rsquo;est encore trop. Personnellement, en tant que soci\u00e9taire du M\u00e9dia, les s\u00e9quences \u00e9voqu\u00e9es ci-dessus m&rsquo;ont bien piqu\u00e9 les yeux et les oreilles, et j&rsquo;ai eu l&rsquo;occasion d&rsquo;exprimer mon d\u00e9saccord sur les supports de discussion internes (forum du <em>M\u00e9dia<\/em>, groupes Facebook, commentaires sur YouTube). Mais doit-on, comme Guckert, jeter le b\u00e9b\u00e9 avec l&rsquo;eau du bain ? Personnellement, je ne le pense pas.<\/p>\n\n\n\n<p>Guckert ne dit pas un mot de la particularit\u00e9 du <em>M\u00e9dia<\/em> : c&rsquo;est une coop\u00e9rative de presse, d&rsquo;un genre in\u00e9dit, qui a \u00e0 la fois vocation \u00e0 \u00eatre un m\u00e9dia de masse (dans un but clairement affich\u00e9 de contre-h\u00e9g\u00e9monie culturelle face aux m\u00e9dias dominants et \u00e0 la fachosph\u00e8re), de gauche (avec une ligne humaniste, progressiste, f\u00e9ministe, antiraciste et \u00e9cologiste inscrite dans son manifeste fondateur) et pluraliste. Ce dernier point m\u00e9rite commentaire : loin d&rsquo;\u00eatre le m\u00e9dia de la France Insoumise, <em>le M\u00e9dia<\/em> a affich\u00e9 d\u00e8s l&rsquo;origine l&rsquo;ambition de refl\u00e9ter diff\u00e9rentes tendances de la gauche ; on a ainsi vu en 2017 des figures d&rsquo;EELV ou de G\u00e9n\u00e9ration.s soutenir l&rsquo;initiative et y participer. Cela s&rsquo;est d\u00e9grad\u00e9 par la suite pour des raisons \u00e0 la fois externes (le rapprochement entre FI et d&rsquo;autres formations de gauche esquiss\u00e9 en 2017 ne s&rsquo;est pas concr\u00e9tis\u00e9) et internes (le management de Sophia Chikirou a fait fuir du <em>M\u00e9dia<\/em> les \u00ab\u00a0prises de guerre\u00a0\u00bb comme No\u00ebl Mam\u00e8re, Ga\u00ebl Brustier, etc.). Mais le principe de pluralisme est rest\u00e9, et <em>le M\u00e9dia<\/em> a continu\u00e9 \u00e0 inviter des gens repr\u00e9sentant diff\u00e9rents courants de la gauche, qui compte, qu&rsquo;on le veuille ou non, des composantes campiste, souverainiste&#8230; dont l&rsquo;anti-am\u00e9ricanisme et l&rsquo;anti-imp\u00e9rialisme peuvent offrir des prises \u00e0 des th\u00e9ories complotistes, particuli\u00e8rement sur les questions internationales, voire \u00e0 des compromissions avec la propagande de puissances r\u00e9put\u00e9es oppos\u00e9es \u00e0 \u00ab\u00a0l&rsquo;Occident\u00a0\u00bb, comme la Russie de Poutine. <\/p>\n\n\n\n<p>Notons que les chroniqueurs et journalistes du <em>M\u00e9dia<\/em> les plus compromis n&rsquo;y sont pas rest\u00e9s longtemps. Elie Guckert a beau jeu de rappeler que Sophia Chikirou avait d\u00e9fendu Claude El Khal apr\u00e8s sa chronique scandaleuse jetant le doute sur les crimes du r\u00e9gime de Bachar El Assad, mais il oublie de dire que Claude El Khal n&rsquo;a plus jamais retravaill\u00e9 pour <em>le M\u00e9dia<\/em>. C&rsquo;est dire que la r\u00e9daction, si ce n&rsquo;est Sophia Chikirou elle-m\u00eame, a pu mettre fin \u00e0 cette collaboration compromettante. Quant \u00e0 Alexis Poulin, il a suivi Sophia Chikirou lorsque celle-ci a quitt\u00e9 <em>le M\u00e9dia<\/em> et n&rsquo;a op\u00e9r\u00e9 qu&rsquo;un bref retour sous la direction de Denis Robert, non sans contestations internes, notamment de la part de socios sur les supports de discussion. Il est \u00e0 nouveau parti en 2020, en suivant cette fois Denis Robert. La capacit\u00e9 de nuisance de ces deux chroniqueurs aura vraiment \u00e9t\u00e9 de courte dur\u00e9e. Jacques Cotta, de son c\u00f4t\u00e9, ne sera rest\u00e9 que quelques mois, en 2018.<\/p>\n\n\n\n<p>Reste la question des invit\u00e9s. Elle est d\u00e9licate, car pour certains socios, <em>le M\u00e9dia<\/em>, s&rsquo;il est pluraliste, doit inviter aussi des gens de droite, voire pire, \u00e0 charge pour les intervieweurs, ou d&rsquo;autres invit\u00e9s, de montrer en paroles, par la magie du d\u00e9bat, les probl\u00e8mes que posent les id\u00e9es de droite. Personnellement, je trouve cette conception tr\u00e8s na\u00efve, et je m&rsquo;y oppose d\u00e8s que la question surgit (ce qui est r\u00e9current). Je ne remercierai par exemple jamais assez la r\u00e9daction du <em>M\u00e9dia<\/em> d&rsquo;avoir fait barrage aux projets de Denis Robert, qui r\u00eavait d&rsquo;organiser un d\u00e9bat entre le confusionniste narcissique Juan Branco et le nazi demi-mondain Alain Soral. On l&rsquo;a \u00e9chapp\u00e9 belle&nbsp;! Pour autant, il y a eu au <em>M\u00e9dia<\/em> des \u00e9missions de d\u00e9bat \u00e0 tr\u00e8s large spectre, anim\u00e9es par le d\u00e9j\u00e0 mentionn\u00e9 Jacques Cotta (dans l&rsquo;\u00e9mission \u00ab\u00a0Dans la gueule du loup\u00a0\u00bb, h\u00e9las tr\u00e8s appr\u00e9ci\u00e9e de nombreux socios), par Aude Lancelin (qui a ensuite sombr\u00e9 avec son propre m\u00e9dia <em>QG<\/em> dans le complotisme antivax de bas \u00e9tage) ou par Denis Robert (qui avait trouv\u00e9 le moyen de r\u00e9unir dans une m\u00eame \u00e9mission le confusionniste n\u00e9gationniste Chouard et le r\u00e9actionnaire macroniste pro-Raoult Muselier&nbsp;!). Depuis le d\u00e9part fracassant de Denis Robert, ce genre de <em>talk-show<\/em> fourre-tout a heureusement cess\u00e9, et la qualit\u00e9 des programmes du <em>M\u00e9dia<\/em> ne s&rsquo;en est trouv\u00e9e qu&rsquo;am\u00e9lior\u00e9e. Car, alors que Guckert fait mine de consid\u00e9rer le M\u00e9dia comme une entit\u00e9 immuable qui d\u00e9ciderait par nature de s&rsquo;adonner \u00e0 des penchants \u00ab\u00a0complotistes\u00a0\u00bb ou \u00ab\u00a0poutinophiles\u00a0\u00bb ainsi qu&rsquo;\u00e0 un management toxique, le M\u00e9dia est depuis sa naissance le lieu d&rsquo;\u00e2pres d\u00e9bats entre salari\u00e9.e.s, entre salari\u00e9.e.s et socios, entre socios&#8230; pour d\u00e9finir la ligne \u00e9ditoriale et construire la structure : en cinq ans, les choses ont consid\u00e9rablement \u00e9volu\u00e9. Alors que certain.e.s socios ont \u00e9t\u00e9 lass\u00e9.e.s par les \u00ab\u00a0crises\u00a0\u00bb, moqu\u00e9es avec mauvaise foi et joie mauvaise dans la presse bourgeoise (comme s&rsquo;il n&rsquo;y avait pas de conflits dans les m\u00e9dias du Capital&nbsp;!), je fais partie de celles et ceux qui ont vu dans ces crises des moments de clarification salutaire et des \u00e9tapes in\u00e9vitables dans la difficile construction d&rsquo;une coop\u00e9rative de presse non capitaliste. Dans l&rsquo;histoire de ces cinq premi\u00e8res ann\u00e9es du M\u00e9dia, je vois une \u00e9quipe de salari\u00e9.e.s qui a r\u00e9sist\u00e9 aux egos boursoufl\u00e9s, a construit un vrai collectif de travail, et s&rsquo;est empar\u00e9 avec les socios de la propri\u00e9t\u00e9 des moyens de production. Ce n&rsquo;est pas rien. Et c&rsquo;est au fil de l&rsquo;aventure et des diff\u00e9rentes crises, malgr\u00e9 parfois les difficult\u00e9s interpersonnelles, que la ligne \u00e9ditoriale s&rsquo;est affin\u00e9e, gr\u00e2ce \u00e0 des d\u00e9bats internes \u00e0 la r\u00e9daction mais aussi avec les socios. Je peux t\u00e9moigner par exemple que lorsque j&rsquo;ai \u00e9t\u00e9 en d\u00e9saccord avec le choix d&rsquo;inviter des personnes que je juge confusionnistes, j&rsquo;ai eu la possibilit\u00e9 de l&rsquo;exprimer et d&rsquo;entamer une discussion avec un ou des membres de l&rsquo;\u00e9quipe. Je ne dis pas que cela a forc\u00e9ment eu un effet imm\u00e9diat (je connais peu de gens qui disent d&#8217;embl\u00e9e dans une discussion id\u00e9ologique : \u00ab\u00a0mais bon sang, tu as raison, je n&rsquo;y avais pas pens\u00e9, j&rsquo;ai vraiment fait une erreur et je vais la corriger de ce pas\u00a0\u00bb), mais je sais que quelques interventions de socios, quelques d\u00e9bats en conf\u00e9rence de r\u00e9daction, peuvent, de fil en aiguille, permettre des r\u00e9sultats. Par exemple, l&rsquo;interview de Judi Rever a bel et bien \u00e9t\u00e9 retir\u00e9e.<\/p>\n\n\n\n<p>Cela dit, le M\u00e9dia continue \u00e9videmment \u00e0 mener des interviews, et la question du pluralisme dans le choix des invit\u00e9s continue donc \u00e0 se poser. A ce titre, il convient de restituer ici la mise au point faite le 24 octobre dernier par le responsable des relations avec les socios sur le forum du <em>M\u00e9dia<\/em> :<br>\u00ab\u00a0<em>Le M\u00e9dia<\/em> (la coop\u00e9rative, et donc tous ses membres) se positionne en effet favorablement&nbsp;sur&nbsp;des revendications historiques de la gauche fran\u00e7aise. Il faut cependant r\u00e9guli\u00e8rement rappeler que dans notre Manifeste nous appelons aussi \u00e0 une pluralit\u00e9 des points de vue. <em>Le M\u00e9dia<\/em> n&rsquo;est donc pas n\u00e9cessairement d&rsquo;accord avec les personnes invit\u00e9es sur son plateau. Nos journalistes (et l&rsquo;ensemble des membres de l&rsquo;\u00e9quipe NDLR)&nbsp;n&rsquo;ont pas vocation \u00e0 n&rsquo;inviter que des gens avec lesquels ielles seraient en phase \u00e0 100%.\u00a0\u00bb <\/p>\n\n\n\n<p><em>Le M\u00e9dia<\/em>, en fonction de l&rsquo;actualit\u00e9, donne la parole \u00e0 des militants en lutte (prioritairement), \u00e0 des syndicalistes, \u00e0 des auteurs dans les champs des sciences sociales, de l&rsquo;\u00e9conomie, de l&rsquo;histoire, de la litt\u00e9rature, \u00e0 des journalistes d&rsquo;autres m\u00e9dias (ind\u00e9pendants le plus souvent), \u00e0 des sp\u00e9cialistes (diplomates, experts, responsables politiques ou anciens militaires&#8230;). Les propos tenus par ces invit\u00e9s n&rsquo;engagent qu&rsquo;eux et ne refl\u00e8tent pas n\u00e9cessairement la ligne du <em>M\u00e9dia<\/em> ni la pens\u00e9e de l&rsquo;intervieweur. Il faut bien comprendre que <em>le M\u00e9dia<\/em> n&rsquo;a pas vocation \u00e0 \u00eatre un m\u00e9dia de niche, qui peut se concentrer sur un axe en particulier (comme <em>Reporterre<\/em> avec l&rsquo;\u00e9cologie, <em>Street Press<\/em> avec les violences polici\u00e8res et l&rsquo;antifascisme, <em>ASI<\/em> avec la critique des m\u00e9dias, <em>Syrie Factuel<\/em> sur la guerre en Syrie, etc.). A ce compte, 0,45% de d\u00e9chets, si on compare avec les cha\u00eenes du service public ou les chaines capitalistes, c&rsquo;est plus qu&rsquo;honorable. Et personnellement, je pr\u00e9f\u00e8re argumenter en interne quand un invit\u00e9 me semble probl\u00e9matique que hurler avec les loups de <em>Conspiracy Watch<\/em> contre la seule coop\u00e9rative de presse fran\u00e7aise vraiment ind\u00e9pendante, de gauche, et visant une diffusion de masse. Ayant notamment pass\u00e9 du temps sur le forum du <em>M\u00e9dia<\/em> \u00e0 <em>debunker<\/em> les conneries antivax et \u00e0 d\u00e9construire le culte de Raoult, je suis tr\u00e8s content que le M\u00e9dia n&rsquo;ait pas sombr\u00e9 dans cette fange, contrairement \u00e0 Aude Lancelin, et ait donn\u00e9 par exemple la parole \u00e0 <a href=\"https:\/\/www.lemediatv.fr\/emissions\/2021\/covid-19-guerre-des-vaccins-ce-quil-faut-savoir-h9SKmlxDQRuefE-dC4BnbA\" target=\"_blank\" rel=\"noreferrer noopener\">Nathan Pfeiffer-Smadja<\/a> au sujet du covid pendant que Lancelin invitait le grotesque <a href=\"https:\/\/twitter.com\/DrFranckClarot\/status\/1272907719356436491?s=20&amp;t=hMlmcD5OgugSLGigBY9nWw\" target=\"_blank\" rel=\"noreferrer noopener\">Perronne<\/a>, que Denis Robert donnait tribune \u00e0 <a href=\"https:\/\/twitter.com\/AlexSamTG\/status\/1446774781982953473?s=20&amp;t=BkhaCOpePj1oAGoHrZhpfA\" target=\"_blank\" rel=\"noreferrer noopener\">Brice Perrier<\/a>, que les m\u00e9dias capitalistes s&rsquo;arrachaient le mage Raoult et que la fachosph\u00e8re d\u00e9roulait le tapis rouge \u00e0 Fouch\u00e9, Wonner et autres guignols antivax.<\/p>\n\n\n\n<p>En cinq ans, une dizaine de personnalit\u00e9s probl\u00e9matiques ont prof\u00e9r\u00e9 des conneries complotistes ou plus ou moins poutinophiles sur 0,45% des programmes du <em>M\u00e9dia<\/em>. Mais pendant le m\u00eame temps, <em>le M\u00e9dia<\/em> a enqu\u00eat\u00e9 sur <a href=\"https:\/\/www.lemediatv.fr\/emissions\/2022\/revelations-largent-sale-qui-a-sauve-marine-le-pen-rnh2-vhPR3uK6Z3yhVwCFw\" target=\"_blank\" rel=\"noreferrer noopener\">les liens financiers du RN avec Poutine<\/a>, sur <a href=\"https:\/\/www.lemediatv.fr\/emissions\/2022\/revelations-repression-au-tchad-comment-la-france-et-ses-entreprises-vont-trop-loin-EfjnUDbjSfSm_Cz6XgHzSg\" target=\"_blank\" rel=\"noreferrer noopener\">les turpitudes de la Fran\u00e7afrique<\/a>, sur <a href=\"https:\/\/www.lemediatv.fr\/emissions\/2021\/violences-sexuelles-dans-les-auto-ecoles-balance-ton-moniteur-3mEwkjX3QiaSDIB5a-uX1A\" target=\"_blank\" rel=\"noreferrer noopener\">les violences sexuelles dans les auto-\u00e9coles<\/a>, sur <a href=\"https:\/\/www.lemediatv.fr\/emissions\/2020\/hadi-syrien-mutile-a-15-ans-par-la-police-francaise-m2gUeAmoRoyC4mo8O2foMg\" target=\"_blank\" rel=\"noreferrer noopener\">les violences polici\u00e8res<\/a> en France ou <a href=\"https:\/\/www.lemediatv.fr\/articles\/2021\/en-colombie-la-police-assassine-QptUPOvWTdyVOm5wOY93Uw\" target=\"_blank\" rel=\"noreferrer noopener\">en Colombie<\/a>, sur <a href=\"https:\/\/www.lemediatv.fr\/articles\/2020\/bolivie-retour-sur-un-putsch-uKOZhoppQ7ydHATA7Xo7yA\" target=\"_blank\" rel=\"noreferrer noopener\">le putsch en Bolivie<\/a>, sur <a href=\"https:\/\/www.lemediatv.fr\/articles\/2021\/en-armenie-le-desespoir-des-deplaces-du-karabakh-J2Kr9h-PSxKu9ljSRkLNwQ\" target=\"_blank\" rel=\"noreferrer noopener\">le conflit entre l&rsquo;Arm\u00e9nie et l&rsquo;Azerba\u00efdjan<\/a>, sur <a href=\"https:\/\/www.lemediatv.fr\/articles\/2021\/lexil-ou-la-prison-au-maroc-le-triste-anniversaire-du-20-fevrier-2011-UvLSNO7SSRGGXUhWCyTcQQ\" target=\"_blank\" rel=\"noreferrer noopener\">la r\u00e9pression au Maroc<\/a>, sur <a href=\"https:\/\/www.lemediatv.fr\/articles\/2022\/repression-et-crimes-contre-les-migrants-comment-leurope-finance-lhorreur-ANOhlo9fSZmmgmPiHJVezQ\" target=\"_blank\" rel=\"noreferrer noopener\">le sort des migrants<\/a>, sur <a href=\"https:\/\/www.lemediatv.fr\/emissions\/2019\/bfmtv-championne-de-levasion-fiscale-letat-complice-G60T-WteSIW-4C-rfwxpNQ\" target=\"_blank\" rel=\"noreferrer noopener\">l&rsquo;\u00e9vasion fiscale<\/a>, sur <a href=\"https:\/\/www.lemediatv.fr\/articles\/2022\/dans-les-deserts-medicaux-francais-1-4-ras-le-bol-des-villes-ras-le-bol-des-champs-S8qol0iaQwm8ycUzwoTPOg\" target=\"_blank\" rel=\"noreferrer noopener\">les d\u00e9serts m\u00e9dicaux<\/a>, sur le <a href=\"https:\/\/www.lemediatv.fr\/podcasts\/2020\/troubles-psychiques-en-finir-avec-les-discriminations-zXSTCLJkQAy8BHoMoLnYPA\" target=\"_blank\" rel=\"noreferrer noopener\">traitement des troubles psychiques<\/a>, sur <a href=\"https:\/\/www.lemediatv.fr\/articles\/2020\/chloroquine-la-molecule-qui-ma-rendu-fou-lagent-provocateur-1-9cOL7HrnQOuHQwrNKtaNYQ\" target=\"_blank\" rel=\"noreferrer noopener\">les impostures de Raoult<\/a>, sur <a href=\"https:\/\/www.lemediatv.fr\/articles\/2020\/data-les-morts-invisibles-du-coronavirus-la-verite-derriere-les-chiffres-officiels-SaYKcOT9RFaTkUMNO7HOYg\" target=\"_blank\" rel=\"noreferrer noopener\">les morts invisibles du coronavirus<\/a>, sur <a href=\"https:\/\/www.lemediatv.fr\/emissions\/2022\/a-bagnolet-la-bergerie-de-la-resistance-z_YYmb8HQNW-jXDvR5M0kg\" target=\"_blank\" rel=\"noreferrer noopener\">les luttes \u00e9cologistes<\/a>, sur des <a href=\"https:\/\/www.lemediatv.fr\/emissions\/2021\/securite-sociale-alimentaire-un-test-grandeur-nature-gl1LpVViQPCMJ3evA0I5xQ\" target=\"_blank\" rel=\"noreferrer noopener\">exp\u00e9riences de s\u00e9curit\u00e9 sociale alimentaire<\/a>, sur <a href=\"https:\/\/www.lemediatv.fr\/podcasts\/franquisme-chroniques-dune-impunite-BXRz3_srRUmQKgH6_6CRIA\" target=\"_blank\" rel=\"noreferrer noopener\">l&rsquo;impunit\u00e9 des franquistes en Espagne<\/a>, sur <a href=\"https:\/\/www.lemediatv.fr\/emissions\/2021\/anthony-22-ans-cheminot-mort-au-travail-s7T1wJzFTgSi_VSYRX-ZTg\" target=\"_blank\" rel=\"noreferrer noopener\">les morts au travail<\/a>, a produit ou diffus\u00e9 des documentaires sur la lutte f\u00e9ministe et municipaliste du <a href=\"https:\/\/www.lemediatv.fr\/emissions\/2020\/rojava-une-utopie-au-coeur-du-chaos-syrien-xW2JVQloQIWix7NBsvd4CQ\" target=\"_blank\" rel=\"noreferrer noopener\">Rojava<\/a>, <a href=\"https:\/\/www.lemediatv.fr\/emissions\/2019\/hong-kong-si-nous-brulons-vous-brulerez-avec-nous-2Y1h91iPTmKznlM8HSdZrA\" target=\"_blank\" rel=\"noreferrer noopener\">la r\u00e9volte \u00e0 Hong Kong<\/a>, <a href=\"https:\/\/www.lemediatv.fr\/emissions\/2020\/liban-apres-la-catastrophe-entre-colere-et-auto-organisation-1hkdxzY8TzCZCpc0p5p1fw\" target=\"_blank\" rel=\"noreferrer noopener\">la ruine du Liban<\/a>, ou <a href=\"https:\/\/www.lemediatv.fr\/emissions\/2021\/france-russie-guerre-froide-en-centrafrique-Af4ubRq1ReieVyE2ILz2rQ\" target=\"_blank\" rel=\"noreferrer noopener\">la guerre franco-russe en Centrafrique<\/a>, a donn\u00e9 la parole \u00e0 des intellectuels comme <a href=\"https:\/\/www.lemediatv.fr\/emissions\/2019\/en-route-vers-la-revolution-bernard-friot-aQRNUlnlQmSg5sZOdvkXxg\" target=\"_blank\" rel=\"noreferrer noopener\">Bernard Friot<\/a>, <a href=\"https:\/\/www.lemediatv.fr\/emissions\/2021\/le-communisme-le-vrai-ici-et-maintenant-PxUI_xrFQ72oJNlz5LABQg\" target=\"_blank\" rel=\"noreferrer noopener\">Fr\u00e9d\u00e9ric Lordon<\/a>, <a href=\"https:\/\/www.lemediatv.fr\/emissions\/2021\/jacques-ranciere-legalite-on-ny-arrive-pas-si-lon-nen-part-pas-Jgyr11N4TmCi4NmuAdig_Q\" target=\"_blank\" rel=\"noreferrer noopener\">Jacques Ranci\u00e8re<\/a>, <a href=\"https:\/\/www.lemediatv.fr\/emissions\/2019\/de-drumont-a-zemmour-le-venin-du-racisme-gerard-noiriel-HD3TMusET9eQhfyy6idChw\" target=\"_blank\" rel=\"noreferrer noopener\">G\u00e9rard Noiriel<\/a>, des \u00e9crivains comme <a href=\"https:\/\/www.lemediatv.fr\/articles\/2022\/pour-vous-combattre-la-litterature-la-politique-lhistoire-un-entretien-evenement-avec-joseph-andras-Qrq4NuszRe2G7D8DZBxXFA\" target=\"_blank\" rel=\"noreferrer noopener\">Joseph Andras<\/a>, \u00e0 des \u00e9conomistes comme <a href=\"https:\/\/www.lemediatv.fr\/emissions\/linstant-porcher-_uOl-DflTWy7jUeLy8Ertw\" target=\"_blank\" rel=\"noreferrer noopener\">Thomas Porcher<\/a>, \u00e0 des <a href=\"https:\/\/www.lemediatv.fr\/emissions\/2020\/rwanda-la-france-et-le-genocide-des-tutsi-stephane-audoin-rouzeau-helene-dumas-fR6qBjUySiK8Op54cS23dg\" target=\"_blank\" rel=\"noreferrer noopener\">sp\u00e9cialistes du g\u00e9nocide rwandais comme St\u00e9phane Audoin-Rouzeau et H\u00e9l\u00e8ne Dumas<\/a>, a suivi au plus pr\u00e8s les luttes (mouvement pour <a href=\"https:\/\/www.lemediatv.fr\/emissions\/2019\/reforme-des-retraites-la-resistance-sorganise-a0TLH5EBT8O9Wp8593ag0w\" target=\"_blank\" rel=\"noreferrer noopener\">les retraites<\/a> et <a href=\"https:\/\/www.lemediatv.fr\/emissions\/marche-ou-greve-Gm629fwcQzeoin6zTy5BjA\" target=\"_blank\" rel=\"noreferrer noopener\">gr\u00e8ves<\/a>, <a href=\"https:\/\/www.lemediatv.fr\/emissions\/2020\/gilets-jaunes-en-garde-a-vue-pour-une-pancarte-7FRK-QNlTJGdwt7PCM_YBg\" target=\"_blank\" rel=\"noreferrer noopener\">gilets jaunes<\/a>, <a href=\"https:\/\/www.lemediatv.fr\/emissions\/2020\/ratp-cheminots-pas-de-treve-pour-noel-vivZYAefQ_6YPuao3GFOdw\" target=\"_blank\" rel=\"noreferrer noopener\">cheminots<\/a>, <a href=\"https:\/\/www.lemediatv.fr\/emissions\/2020\/les-sans-papiers-en-marche-vers-lelysee-BOgFqC5yR--FFGPgCnj71Q\" target=\"_blank\" rel=\"noreferrer noopener\">sans papiers<\/a>&#8230;), les <a href=\"https:\/\/youtu.be\/GmyBDkNK4No\" target=\"_blank\" rel=\"noreferrer noopener\">d\u00e9bats \u00e0 l&rsquo;assembl\u00e9e<\/a>, les <a href=\"https:\/\/www.lemediatv.fr\/emissions\/2021\/amerique-latine-la-gauche-dans-limpasse-Xq7lfdQWSj6FmfLBhdi_Jw\" target=\"_blank\" rel=\"noreferrer noopener\">difficult\u00e9s de la gauche en Am\u00e9rique latine<\/a>, la <a href=\"https:\/\/www.lemediatv.fr\/emissions\/2021\/election-au-chili-le-retour-de-lextreme-droite-pinochiste-HAh0mW2kSQqizMx2nCj70Q\" target=\"_blank\" rel=\"noreferrer noopener\">situation politique au Chili<\/a> ou en <a href=\"https:\/\/www.lemediatv.fr\/emissions\/2021\/assassinat-du-president-de-la-republique-que-se-passe-t-il-en-haiti-WT3dTKxPQgqOoeNyjsTh6Q\" target=\"_blank\" rel=\"noreferrer noopener\">Ha\u00efti<\/a>, les d\u00e9bats autour de <a href=\"https:\/\/youtu.be\/UZdUJEu2iHU\" target=\"_blank\" rel=\"noreferrer noopener\">#meetoo<\/a>, a expos\u00e9 la r\u00e9alit\u00e9 du <a href=\"https:\/\/www.lemediatv.fr\/emissions\/2022\/17-octobre-1961-la-police-francaise-tue-des-algeriens-O56A-cXaTOqf2EPAdoNNUQ\" target=\"_blank\" rel=\"noreferrer noopener\">massacre du 17 octobre 1961<\/a>, de <a href=\"https:\/\/www.lemediatv.fr\/emissions\/2022\/lunion-europeenne-veut-elle-tuer-edf-JWNY--_DTQ-QY8LJjhNqIg\" target=\"_blank\" rel=\"noreferrer noopener\">la privatisation rampante d&rsquo;EDF<\/a>, a creus\u00e9 la question des origines du <a href=\"https:\/\/www.lemediatv.fr\/emissions\/2019\/aux-origines-du-capitalisme-patriarcal-silvia-federici-98F8PBMYQtWUbQLVIl6rpg\" target=\"_blank\" rel=\"noreferrer noopener\">capitalisme patriarcal<\/a>, a analys\u00e9 les <a href=\"https:\/\/www.lemediatv.fr\/emissions\/2022\/giec-au-coeur-de-la-catastrophe-climatique-K_aQfQmaQDu0G8R6k_u8jA\" target=\"_blank\" rel=\"noreferrer noopener\">rapports du GIEC sur la catastrophe climatique<\/a>, a <a href=\"https:\/\/www.lemediatv.fr\/emissions\/on-sort-les-dossiers-X3IJhIGKQueQfK9sLsKX-A\" target=\"_blank\" rel=\"noreferrer noopener\">d\u00e9construit les discours politiques et m\u00e9diatiques<\/a> en France, a explor\u00e9 les cons\u00e9quences sur les libert\u00e9s publiques du <a href=\"https:\/\/www.lemediatv.fr\/emissions\/2021\/facebook-leaks-menace-sur-la-democratie-SEAe2sCMR1iHUMkOESmecg\" target=\"_blank\" rel=\"noreferrer noopener\">poids des GAFAM<\/a>, a d\u00e9crypt\u00e9 les mensonges de la macronie et du patronat au sujet du <a href=\"https:\/\/www.lemediatv.fr\/emissions\/2022\/5000eur-pour-un-raffineur-comment-total-et-la-macronie-tentent-de-nous-manipuler-sUtPJm7LQLOPB0N_xQF6gA\" target=\"_blank\" rel=\"noreferrer noopener\">salaire des raffineurs<\/a>, a <a href=\"https:\/\/www.lemediatv.fr\/podcasts\/usa-make-elections-great-again-pylujOJiTlOmyzdO__DUmw\" target=\"_blank\" rel=\"noreferrer noopener\">suivi les \u00e9lections am\u00e9ricaines de 2020<\/a>, <a href=\"https:\/\/www.lemediatv.fr\/emissions\/face-aux-indes-5Oo3zNGsQEGLN8fbV5NvGg\" target=\"_blank\" rel=\"noreferrer noopener\">les \u00e9lections fran\u00e7aises de 2022 (en partenariat avec Street Press, Regards, Politis, Radio Parleur, le Bondy Blog)<\/a>, a soutenu confraternellement les enqu\u00eates de <em><a href=\"https:\/\/www.lemediatv.fr\/emissions\/2022\/campagne-de-macron-de-largent-liquide-venu-dalgerie-6oVB4HvhQgOart_gbPFWoQ\" target=\"_blank\" rel=\"noreferrer noopener\">Off Investigation<\/a><\/em> sur la macronie&#8230; <\/p>\n\n\n\n<p>Non, <em>le M\u00e9dia <\/em>n&rsquo;est pas une \u00ab\u00a0webt\u00e9l\u00e9 insoumise aux accents complotistes ou poutinophiles\u00a0\u00bb. C&rsquo;est une coop\u00e9rative de presse ind\u00e9pendante, de gauche, dont les programmes, \u00e0 0,45% d&rsquo;exceptions pr\u00e8s, sont d&rsquo;utilit\u00e9 publique et m\u00eame indispensables pour contrer l&rsquo;h\u00e9g\u00e9monie culturelle du bloc bourgeois et de la fachosph\u00e8re. Ajoutons que les quelques \u00e9carts (0,45% !) sont aussi le reflet de questions qui agitent la gauche dans sa pluralit\u00e9 en France, mais \u00e9galement des interrogations pos\u00e9es par un monde dont les m\u00e9dias franco-fran\u00e7ais oublient parfois qu&rsquo;il <a href=\"https:\/\/www.lemediatv.fr\/emissions\/le-monde-na-pas-de-centre-slejVZpuSm-S55C4ck1Duw\" target=\"_blank\" rel=\"noreferrer noopener\">n&rsquo;a pas de centre<\/a>. C&rsquo;est une chose (n\u00e9cessaire) que de reconna\u00eetre et d\u00e9crypter la propagande poutinienne (et je ne reproche certainement pas \u00e0 Guckert de s&rsquo;y coller), mais encore faut-il aussi essayer de comprendre pourquoi cette propagande complotiste et mensong\u00e8re trouve un tel \u00e9cho, notamment en Afrique. <em>Le M\u00e9dia<\/em> a par exemple \u00e9voqu\u00e9 la pr\u00e9sence des milices russes Wagner au <a href=\"https:\/\/www.lemediatv.fr\/emissions\/2020\/revolte-au-mali-la-chute-de-lempire-francais-OcGg-6qSRdWM2plCH-wXQQ\" target=\"_blank\" rel=\"noreferrer noopener\">Mali<\/a> ou en <a href=\"https:\/\/www.lemediatv.fr\/emissions\/2021\/guerre-civile-en-centrafrique-la-france-coupable-dPwHAQUDQd-LKOV4YQC5-w\" target=\"_blank\" rel=\"noreferrer noopener\">Centrafrique<\/a>, mais il ne s&rsquo;est pas content\u00e9 de la d\u00e9noncer, il a aussi analys\u00e9 les causes du d\u00e9saveu de la Fran\u00e7afrique qui laisse un boulevard aux manigances de Poutine. Une telle analyse est pr\u00e9cieuse, et elle n&rsquo;a rien de \u00ab\u00a0poutinophile\u00a0\u00bb.<\/p>\n\n\n\n<p>Pour conclure, signalons aussi \u00e0 Elie Guckert que le \u00ab\u00a0clap de fin\u00a0\u00bb n&rsquo;est pas \u00e0 l&rsquo;ordre du jour pour <em>le M\u00e9dia<\/em>, malgr\u00e9 les attaques devant les Prud&rsquo;hommes de Denis Robert. <em>Le M\u00e9dia<\/em> a en effet fait appel du jugement de premi\u00e8re instance qui lui \u00e9tait d\u00e9favorable, et les proc\u00e9dures sont loin d&rsquo;\u00eatre \u00e9puis\u00e9es. De nouveaux \u00e9l\u00e9ments peuvent \u00eatre vers\u00e9s au dossier. En tout \u00e9tat de cause, <em>le M\u00e9dia<\/em> a surv\u00e9cu \u00e0 la saisie demand\u00e9e par Denis Robert et est bien d\u00e9cid\u00e9 \u00e0 se d\u00e9fendre et \u00e0 contre-attaquer. L&rsquo;aventure est loin d&rsquo;\u00eatre termin\u00e9e.<\/p>\n\n\n\n<p><a href=\"https:\/\/www.lemediatv.fr\/soutien\" target=\"_blank\" rel=\"noreferrer noopener\">Soutenez <em>le M\u00e9dia<\/em> !<\/a><\/p>\n\n\n\n<figure class=\"wp-block-image size-full\"><a href=\"https:\/\/i0.wp.com\/www.incaudavenenum.org\/cut.the.crap\/wp-content\/uploads\/2021\/01\/Capture-de%CC%81cran-2021-01-10-a%CC%80-00.31.33.png?ssl=1\"><img data-recalc-dims=\"1\" loading=\"lazy\" decoding=\"async\" width=\"840\" height=\"756\" data-attachment-id=\"1926\" data-permalink=\"https:\/\/www.incaudavenenum.org\/cut.the.crap\/soutien-au-media-face-aux-rageux\/capture-decran-2021-01-10-a-00-31-33\/\" data-orig-file=\"https:\/\/i0.wp.com\/www.incaudavenenum.org\/cut.the.crap\/wp-content\/uploads\/2021\/01\/Capture-de%CC%81cran-2021-01-10-a%CC%80-00.31.33.png?fit=998%2C898&amp;ssl=1\" data-orig-size=\"998,898\" data-comments-opened=\"1\" data-image-meta=\"{&quot;aperture&quot;:&quot;0&quot;,&quot;credit&quot;:&quot;&quot;,&quot;camera&quot;:&quot;&quot;,&quot;caption&quot;:&quot;&quot;,&quot;created_timestamp&quot;:&quot;0&quot;,&quot;copyright&quot;:&quot;&quot;,&quot;focal_length&quot;:&quot;0&quot;,&quot;iso&quot;:&quot;0&quot;,&quot;shutter_speed&quot;:&quot;0&quot;,&quot;title&quot;:&quot;&quot;,&quot;orientation&quot;:&quot;0&quot;}\" data-image-title=\"Capture d\u2019e\u0301cran 2021-01-10 a\u0300 00.31.33\" data-image-description=\"\" data-image-caption=\"\" data-large-file=\"https:\/\/i0.wp.com\/www.incaudavenenum.org\/cut.the.crap\/wp-content\/uploads\/2021\/01\/Capture-de%CC%81cran-2021-01-10-a%CC%80-00.31.33.png?fit=840%2C756&amp;ssl=1\" src=\"https:\/\/i0.wp.com\/www.incaudavenenum.org\/cut.the.crap\/wp-content\/uploads\/2021\/01\/Capture-de%CC%81cran-2021-01-10-a%CC%80-00.31.33.png?resize=840%2C756&#038;ssl=1\" alt=\"\" class=\"wp-image-1926\" srcset=\"https:\/\/i0.wp.com\/www.incaudavenenum.org\/cut.the.crap\/wp-content\/uploads\/2021\/01\/Capture-de%CC%81cran-2021-01-10-a%CC%80-00.31.33.png?w=998&amp;ssl=1 998w, https:\/\/i0.wp.com\/www.incaudavenenum.org\/cut.the.crap\/wp-content\/uploads\/2021\/01\/Capture-de%CC%81cran-2021-01-10-a%CC%80-00.31.33.png?resize=300%2C270&amp;ssl=1 300w, https:\/\/i0.wp.com\/www.incaudavenenum.org\/cut.the.crap\/wp-content\/uploads\/2021\/01\/Capture-de%CC%81cran-2021-01-10-a%CC%80-00.31.33.png?resize=768%2C691&amp;ssl=1 768w\" sizes=\"auto, (max-width: 709px) 85vw, (max-width: 909px) 67vw, (max-width: 1362px) 62vw, 840px\" \/><\/a><figcaption class=\"wp-element-caption\"><a href=\"https:\/\/www.lemediatv.fr\/soutien\" target=\"_blank\" rel=\"noreferrer noopener\">https:\/\/www.lemediatv.fr\/soutien<\/a><\/figcaption><\/figure>\n","protected":false},"excerpt":{"rendered":"<p>Le 28 juillet dernier paraissait sur le site Conspiracy Watch un article sign\u00e9 Elie Guckert intitul\u00e9 \u00ab\u00a0Clap de fin pour le M\u00e9dia ?&nbsp;\u00ab\u00a0 Etant soci\u00e9taire du M\u00e9dia et engag\u00e9 activement au sein de cette coop\u00e9rative de presse je n&rsquo;avais pas appr\u00e9ci\u00e9 le contenu de l&rsquo;article. J&rsquo;y avais relev\u00e9 quelques erreurs factuelles, comme le fait que &hellip; <a href=\"https:\/\/www.incaudavenenum.org\/cut.the.crap\/non-conspiracy-watch-ce-nest-pas-la-fin-du-media\/\" class=\"more-link\">Continuer la lecture<span class=\"screen-reader-text\"> de &laquo;&nbsp;Non, Conspiracy Watch, ce n&rsquo;est pas la fin du M\u00e9dia !&nbsp;&raquo;<\/span><\/a><\/p>\n","protected":false},"author":1,"featured_media":0,"comment_status":"open","ping_status":"open","sticky":false,"template":"","format":"standard","meta":{"jetpack_post_was_ever_published":false,"_jetpack_newsletter_access":"","_jetpack_dont_email_post_to_subs":false,"_jetpack_newsletter_tier_id":0,"_jetpack_memberships_contains_paywalled_content":false,"_jetpack_memberships_contains_paid_content":false,"footnotes":"","jetpack_publicize_message":"","jetpack_publicize_feature_enabled":true,"jetpack_social_post_already_shared":true,"jetpack_social_options":{"image_generator_settings":{"template":"highway","default_image_id":0,"font":"","enabled":false},"version":2}},"categories":[3],"tags":[666,667,400],"class_list":["post-2044","post","type-post","status-publish","format-standard","hentry","category-confusionnisme","tag-conspiracy-watch","tag-elie-guckert","tag-le-media"],"yoast_head":"<!-- This site is optimized with the Yoast SEO plugin v27.5 - https:\/\/yoast.com\/product\/yoast-seo-wordpress\/ -->\n<title>Non, Conspiracy Watch, ce n&#039;est pas la fin du M\u00e9dia ! - Cut The Crap<\/title>\n<meta name=\"robots\" content=\"index, follow, max-snippet:-1, max-image-preview:large, max-video-preview:-1\" \/>\n<link rel=\"canonical\" href=\"https:\/\/www.incaudavenenum.org\/cut.the.crap\/non-conspiracy-watch-ce-nest-pas-la-fin-du-media\/\" \/>\n<meta property=\"og:locale\" content=\"fr_FR\" \/>\n<meta property=\"og:type\" content=\"article\" \/>\n<meta property=\"og:title\" content=\"Non, Conspiracy Watch, ce n&#039;est pas la fin du M\u00e9dia ! - Cut The Crap\" \/>\n<meta property=\"og:description\" content=\"Le 28 juillet dernier paraissait sur le site Conspiracy Watch un article sign\u00e9 Elie Guckert intitul\u00e9 \u00ab\u00a0Clap de fin pour le M\u00e9dia ?&nbsp;\u00ab\u00a0 Etant soci\u00e9taire du M\u00e9dia et engag\u00e9 activement au sein de cette coop\u00e9rative de presse je n&rsquo;avais pas appr\u00e9ci\u00e9 le contenu de l&rsquo;article. J&rsquo;y avais relev\u00e9 quelques erreurs factuelles, comme le fait que &hellip; Continuer la lecture de &laquo;&nbsp;Non, Conspiracy Watch, ce n&rsquo;est pas la fin du M\u00e9dia !&nbsp;&raquo;\" \/>\n<meta property=\"og:url\" content=\"https:\/\/www.incaudavenenum.org\/cut.the.crap\/non-conspiracy-watch-ce-nest-pas-la-fin-du-media\/\" \/>\n<meta property=\"og:site_name\" content=\"Cut The Crap\" \/>\n<meta property=\"article:publisher\" content=\"https:\/\/www.facebook.com\/Cut-the-Crap-239882412697830\/\" \/>\n<meta property=\"article:author\" content=\"https:\/\/www.facebook.com\/cut.the.crap.free.fr\" \/>\n<meta property=\"article:published_time\" content=\"2022-10-25T22:06:12+00:00\" \/>\n<meta property=\"article:modified_time\" content=\"2023-10-24T16:16:05+00:00\" \/>\n<meta property=\"og:image\" content=\"https:\/\/i0.wp.com\/www.incaudavenenum.org\/cut.the.crap\/wp-content\/uploads\/2018\/01\/marxengelsNB2.jpg?fit=940%2C198&ssl=1\" \/>\n\t<meta property=\"og:image:width\" content=\"940\" \/>\n\t<meta property=\"og:image:height\" content=\"198\" \/>\n\t<meta property=\"og:image:type\" content=\"image\/jpeg\" \/>\n<meta name=\"author\" content=\"Serge Victor\" \/>\n<meta name=\"twitter:card\" content=\"summary_large_image\" \/>\n<meta name=\"twitter:creator\" content=\"@cutzecrap\" \/>\n<meta name=\"twitter:site\" content=\"@cutzecrap\" \/>\n<meta name=\"twitter:label1\" content=\"\u00c9crit par\" \/>\n\t<meta name=\"twitter:data1\" content=\"Serge Victor\" \/>\n\t<meta name=\"twitter:label2\" content=\"Dur\u00e9e de lecture estim\u00e9e\" \/>\n\t<meta name=\"twitter:data2\" content=\"25 minutes\" \/>\n<script type=\"application\/ld+json\" class=\"yoast-schema-graph\">{\"@context\":\"https:\\\/\\\/schema.org\",\"@graph\":[{\"@type\":\"Article\",\"@id\":\"https:\\\/\\\/www.incaudavenenum.org\\\/cut.the.crap\\\/non-conspiracy-watch-ce-nest-pas-la-fin-du-media\\\/#article\",\"isPartOf\":{\"@id\":\"https:\\\/\\\/www.incaudavenenum.org\\\/cut.the.crap\\\/non-conspiracy-watch-ce-nest-pas-la-fin-du-media\\\/\"},\"author\":{\"name\":\"Serge Victor\",\"@id\":\"https:\\\/\\\/www.incaudavenenum.org\\\/cut.the.crap\\\/#\\\/schema\\\/person\\\/39fa901f2f251d6be7e35d8d58a8d1b4\"},\"headline\":\"Non, Conspiracy Watch, ce n&rsquo;est pas la fin du M\u00e9dia !\",\"datePublished\":\"2022-10-25T22:06:12+00:00\",\"dateModified\":\"2023-10-24T16:16:05+00:00\",\"mainEntityOfPage\":{\"@id\":\"https:\\\/\\\/www.incaudavenenum.org\\\/cut.the.crap\\\/non-conspiracy-watch-ce-nest-pas-la-fin-du-media\\\/\"},\"wordCount\":5382,\"commentCount\":2,\"publisher\":{\"@id\":\"https:\\\/\\\/www.incaudavenenum.org\\\/cut.the.crap\\\/#organization\"},\"keywords\":[\"Conspiracy Watch\",\"Elie Guckert\",\"Le M\u00e9dia\"],\"articleSection\":[\"Confusionnisme\"],\"inLanguage\":\"fr-FR\",\"potentialAction\":[{\"@type\":\"CommentAction\",\"name\":\"Comment\",\"target\":[\"https:\\\/\\\/www.incaudavenenum.org\\\/cut.the.crap\\\/non-conspiracy-watch-ce-nest-pas-la-fin-du-media\\\/#respond\"]}]},{\"@type\":\"WebPage\",\"@id\":\"https:\\\/\\\/www.incaudavenenum.org\\\/cut.the.crap\\\/non-conspiracy-watch-ce-nest-pas-la-fin-du-media\\\/\",\"url\":\"https:\\\/\\\/www.incaudavenenum.org\\\/cut.the.crap\\\/non-conspiracy-watch-ce-nest-pas-la-fin-du-media\\\/\",\"name\":\"Non, Conspiracy Watch, ce n'est pas la fin du M\u00e9dia ! - Cut The Crap\",\"isPartOf\":{\"@id\":\"https:\\\/\\\/www.incaudavenenum.org\\\/cut.the.crap\\\/#website\"},\"datePublished\":\"2022-10-25T22:06:12+00:00\",\"dateModified\":\"2023-10-24T16:16:05+00:00\",\"breadcrumb\":{\"@id\":\"https:\\\/\\\/www.incaudavenenum.org\\\/cut.the.crap\\\/non-conspiracy-watch-ce-nest-pas-la-fin-du-media\\\/#breadcrumb\"},\"inLanguage\":\"fr-FR\",\"potentialAction\":[{\"@type\":\"ReadAction\",\"target\":[\"https:\\\/\\\/www.incaudavenenum.org\\\/cut.the.crap\\\/non-conspiracy-watch-ce-nest-pas-la-fin-du-media\\\/\"]}]},{\"@type\":\"BreadcrumbList\",\"@id\":\"https:\\\/\\\/www.incaudavenenum.org\\\/cut.the.crap\\\/non-conspiracy-watch-ce-nest-pas-la-fin-du-media\\\/#breadcrumb\",\"itemListElement\":[{\"@type\":\"ListItem\",\"position\":1,\"name\":\"Accueil\",\"item\":\"https:\\\/\\\/www.incaudavenenum.org\\\/cut.the.crap\\\/\"},{\"@type\":\"ListItem\",\"position\":2,\"name\":\"Non, Conspiracy Watch, ce n&#8217;est pas la fin du M\u00e9dia !\"}]},{\"@type\":\"WebSite\",\"@id\":\"https:\\\/\\\/www.incaudavenenum.org\\\/cut.the.crap\\\/#website\",\"url\":\"https:\\\/\\\/www.incaudavenenum.org\\\/cut.the.crap\\\/\",\"name\":\"Cut The Crap\",\"description\":\"Blog de gauche\",\"publisher\":{\"@id\":\"https:\\\/\\\/www.incaudavenenum.org\\\/cut.the.crap\\\/#organization\"},\"potentialAction\":[{\"@type\":\"SearchAction\",\"target\":{\"@type\":\"EntryPoint\",\"urlTemplate\":\"https:\\\/\\\/www.incaudavenenum.org\\\/cut.the.crap\\\/?s={search_term_string}\"},\"query-input\":{\"@type\":\"PropertyValueSpecification\",\"valueRequired\":true,\"valueName\":\"search_term_string\"}}],\"inLanguage\":\"fr-FR\"},{\"@type\":\"Organization\",\"@id\":\"https:\\\/\\\/www.incaudavenenum.org\\\/cut.the.crap\\\/#organization\",\"name\":\"Cut The Crap\",\"url\":\"https:\\\/\\\/www.incaudavenenum.org\\\/cut.the.crap\\\/\",\"logo\":{\"@type\":\"ImageObject\",\"inLanguage\":\"fr-FR\",\"@id\":\"https:\\\/\\\/www.incaudavenenum.org\\\/cut.the.crap\\\/#\\\/schema\\\/logo\\\/image\\\/\",\"url\":\"https:\\\/\\\/i1.wp.com\\\/www.incaudavenenum.org\\\/cut.the.crap\\\/wp-content\\\/uploads\\\/2018\\\/01\\\/cTc.png?fit=100%2C95\",\"contentUrl\":\"https:\\\/\\\/i1.wp.com\\\/www.incaudavenenum.org\\\/cut.the.crap\\\/wp-content\\\/uploads\\\/2018\\\/01\\\/cTc.png?fit=100%2C95\",\"width\":100,\"height\":95,\"caption\":\"Cut The Crap\"},\"image\":{\"@id\":\"https:\\\/\\\/www.incaudavenenum.org\\\/cut.the.crap\\\/#\\\/schema\\\/logo\\\/image\\\/\"},\"sameAs\":[\"https:\\\/\\\/www.facebook.com\\\/Cut-the-Crap-239882412697830\\\/\",\"https:\\\/\\\/x.com\\\/cutzecrap\"]},{\"@type\":\"Person\",\"@id\":\"https:\\\/\\\/www.incaudavenenum.org\\\/cut.the.crap\\\/#\\\/schema\\\/person\\\/39fa901f2f251d6be7e35d8d58a8d1b4\",\"name\":\"Serge Victor\",\"image\":{\"@type\":\"ImageObject\",\"inLanguage\":\"fr-FR\",\"@id\":\"https:\\\/\\\/secure.gravatar.com\\\/avatar\\\/1e2fd85bc69a7e81bf6242704119d1669b9a3ab337deeaf0e9141b764210481a?s=96&d=mm&r=g\",\"url\":\"https:\\\/\\\/secure.gravatar.com\\\/avatar\\\/1e2fd85bc69a7e81bf6242704119d1669b9a3ab337deeaf0e9141b764210481a?s=96&d=mm&r=g\",\"contentUrl\":\"https:\\\/\\\/secure.gravatar.com\\\/avatar\\\/1e2fd85bc69a7e81bf6242704119d1669b9a3ab337deeaf0e9141b764210481a?s=96&d=mm&r=g\",\"caption\":\"Serge Victor\"},\"description\":\"Militant de gauche, \u00e9cosocialiste, f\u00e9ministe, autogestionnaire\",\"sameAs\":[\"https:\\\/\\\/www.incaudavenenum.org\\\/cut.the.crap\\\/\",\"https:\\\/\\\/www.facebook.com\\\/cut.the.crap.free.fr\",\"https:\\\/\\\/x.com\\\/cutzecrap\"],\"url\":\"https:\\\/\\\/www.incaudavenenum.org\\\/cut.the.crap\\\/author\\\/sergevictor\\\/\"}]}<\/script>\n<!-- \/ Yoast SEO plugin. -->","yoast_head_json":{"title":"Non, Conspiracy Watch, ce n'est pas la fin du M\u00e9dia ! - Cut The Crap","robots":{"index":"index","follow":"follow","max-snippet":"max-snippet:-1","max-image-preview":"max-image-preview:large","max-video-preview":"max-video-preview:-1"},"canonical":"https:\/\/www.incaudavenenum.org\/cut.the.crap\/non-conspiracy-watch-ce-nest-pas-la-fin-du-media\/","og_locale":"fr_FR","og_type":"article","og_title":"Non, Conspiracy Watch, ce n'est pas la fin du M\u00e9dia ! - Cut The Crap","og_description":"Le 28 juillet dernier paraissait sur le site Conspiracy Watch un article sign\u00e9 Elie Guckert intitul\u00e9 \u00ab\u00a0Clap de fin pour le M\u00e9dia ?&nbsp;\u00ab\u00a0 Etant soci\u00e9taire du M\u00e9dia et engag\u00e9 activement au sein de cette coop\u00e9rative de presse je n&rsquo;avais pas appr\u00e9ci\u00e9 le contenu de l&rsquo;article. J&rsquo;y avais relev\u00e9 quelques erreurs factuelles, comme le fait que &hellip; Continuer la lecture de &laquo;&nbsp;Non, Conspiracy Watch, ce n&rsquo;est pas la fin du M\u00e9dia !&nbsp;&raquo;","og_url":"https:\/\/www.incaudavenenum.org\/cut.the.crap\/non-conspiracy-watch-ce-nest-pas-la-fin-du-media\/","og_site_name":"Cut The Crap","article_publisher":"https:\/\/www.facebook.com\/Cut-the-Crap-239882412697830\/","article_author":"https:\/\/www.facebook.com\/cut.the.crap.free.fr","article_published_time":"2022-10-25T22:06:12+00:00","article_modified_time":"2023-10-24T16:16:05+00:00","og_image":[{"width":940,"height":198,"url":"https:\/\/i0.wp.com\/www.incaudavenenum.org\/cut.the.crap\/wp-content\/uploads\/2018\/01\/marxengelsNB2.jpg?fit=940%2C198&ssl=1","type":"image\/jpeg"}],"author":"Serge Victor","twitter_card":"summary_large_image","twitter_creator":"@cutzecrap","twitter_site":"@cutzecrap","twitter_misc":{"\u00c9crit par":"Serge Victor","Dur\u00e9e de lecture estim\u00e9e":"25 minutes"},"schema":{"@context":"https:\/\/schema.org","@graph":[{"@type":"Article","@id":"https:\/\/www.incaudavenenum.org\/cut.the.crap\/non-conspiracy-watch-ce-nest-pas-la-fin-du-media\/#article","isPartOf":{"@id":"https:\/\/www.incaudavenenum.org\/cut.the.crap\/non-conspiracy-watch-ce-nest-pas-la-fin-du-media\/"},"author":{"name":"Serge Victor","@id":"https:\/\/www.incaudavenenum.org\/cut.the.crap\/#\/schema\/person\/39fa901f2f251d6be7e35d8d58a8d1b4"},"headline":"Non, Conspiracy Watch, ce n&rsquo;est pas la fin du M\u00e9dia !","datePublished":"2022-10-25T22:06:12+00:00","dateModified":"2023-10-24T16:16:05+00:00","mainEntityOfPage":{"@id":"https:\/\/www.incaudavenenum.org\/cut.the.crap\/non-conspiracy-watch-ce-nest-pas-la-fin-du-media\/"},"wordCount":5382,"commentCount":2,"publisher":{"@id":"https:\/\/www.incaudavenenum.org\/cut.the.crap\/#organization"},"keywords":["Conspiracy Watch","Elie Guckert","Le M\u00e9dia"],"articleSection":["Confusionnisme"],"inLanguage":"fr-FR","potentialAction":[{"@type":"CommentAction","name":"Comment","target":["https:\/\/www.incaudavenenum.org\/cut.the.crap\/non-conspiracy-watch-ce-nest-pas-la-fin-du-media\/#respond"]}]},{"@type":"WebPage","@id":"https:\/\/www.incaudavenenum.org\/cut.the.crap\/non-conspiracy-watch-ce-nest-pas-la-fin-du-media\/","url":"https:\/\/www.incaudavenenum.org\/cut.the.crap\/non-conspiracy-watch-ce-nest-pas-la-fin-du-media\/","name":"Non, Conspiracy Watch, ce n'est pas la fin du M\u00e9dia ! - Cut The Crap","isPartOf":{"@id":"https:\/\/www.incaudavenenum.org\/cut.the.crap\/#website"},"datePublished":"2022-10-25T22:06:12+00:00","dateModified":"2023-10-24T16:16:05+00:00","breadcrumb":{"@id":"https:\/\/www.incaudavenenum.org\/cut.the.crap\/non-conspiracy-watch-ce-nest-pas-la-fin-du-media\/#breadcrumb"},"inLanguage":"fr-FR","potentialAction":[{"@type":"ReadAction","target":["https:\/\/www.incaudavenenum.org\/cut.the.crap\/non-conspiracy-watch-ce-nest-pas-la-fin-du-media\/"]}]},{"@type":"BreadcrumbList","@id":"https:\/\/www.incaudavenenum.org\/cut.the.crap\/non-conspiracy-watch-ce-nest-pas-la-fin-du-media\/#breadcrumb","itemListElement":[{"@type":"ListItem","position":1,"name":"Accueil","item":"https:\/\/www.incaudavenenum.org\/cut.the.crap\/"},{"@type":"ListItem","position":2,"name":"Non, Conspiracy Watch, ce n&#8217;est pas la fin du M\u00e9dia !"}]},{"@type":"WebSite","@id":"https:\/\/www.incaudavenenum.org\/cut.the.crap\/#website","url":"https:\/\/www.incaudavenenum.org\/cut.the.crap\/","name":"Cut The Crap","description":"Blog de gauche","publisher":{"@id":"https:\/\/www.incaudavenenum.org\/cut.the.crap\/#organization"},"potentialAction":[{"@type":"SearchAction","target":{"@type":"EntryPoint","urlTemplate":"https:\/\/www.incaudavenenum.org\/cut.the.crap\/?s={search_term_string}"},"query-input":{"@type":"PropertyValueSpecification","valueRequired":true,"valueName":"search_term_string"}}],"inLanguage":"fr-FR"},{"@type":"Organization","@id":"https:\/\/www.incaudavenenum.org\/cut.the.crap\/#organization","name":"Cut The Crap","url":"https:\/\/www.incaudavenenum.org\/cut.the.crap\/","logo":{"@type":"ImageObject","inLanguage":"fr-FR","@id":"https:\/\/www.incaudavenenum.org\/cut.the.crap\/#\/schema\/logo\/image\/","url":"https:\/\/i1.wp.com\/www.incaudavenenum.org\/cut.the.crap\/wp-content\/uploads\/2018\/01\/cTc.png?fit=100%2C95","contentUrl":"https:\/\/i1.wp.com\/www.incaudavenenum.org\/cut.the.crap\/wp-content\/uploads\/2018\/01\/cTc.png?fit=100%2C95","width":100,"height":95,"caption":"Cut The Crap"},"image":{"@id":"https:\/\/www.incaudavenenum.org\/cut.the.crap\/#\/schema\/logo\/image\/"},"sameAs":["https:\/\/www.facebook.com\/Cut-the-Crap-239882412697830\/","https:\/\/x.com\/cutzecrap"]},{"@type":"Person","@id":"https:\/\/www.incaudavenenum.org\/cut.the.crap\/#\/schema\/person\/39fa901f2f251d6be7e35d8d58a8d1b4","name":"Serge Victor","image":{"@type":"ImageObject","inLanguage":"fr-FR","@id":"https:\/\/secure.gravatar.com\/avatar\/1e2fd85bc69a7e81bf6242704119d1669b9a3ab337deeaf0e9141b764210481a?s=96&d=mm&r=g","url":"https:\/\/secure.gravatar.com\/avatar\/1e2fd85bc69a7e81bf6242704119d1669b9a3ab337deeaf0e9141b764210481a?s=96&d=mm&r=g","contentUrl":"https:\/\/secure.gravatar.com\/avatar\/1e2fd85bc69a7e81bf6242704119d1669b9a3ab337deeaf0e9141b764210481a?s=96&d=mm&r=g","caption":"Serge Victor"},"description":"Militant de gauche, \u00e9cosocialiste, f\u00e9ministe, autogestionnaire","sameAs":["https:\/\/www.incaudavenenum.org\/cut.the.crap\/","https:\/\/www.facebook.com\/cut.the.crap.free.fr","https:\/\/x.com\/cutzecrap"],"url":"https:\/\/www.incaudavenenum.org\/cut.the.crap\/author\/sergevictor\/"}]}},"jetpack_publicize_connections":[],"jetpack_featured_media_url":"","jetpack_shortlink":"https:\/\/wp.me\/p9z98q-wY","jetpack_likes_enabled":true,"jetpack-related-posts":[{"id":1925,"url":"https:\/\/www.incaudavenenum.org\/cut.the.crap\/soutien-au-media-face-aux-rageux\/","url_meta":{"origin":2044,"position":0},"title":"Soutien au M\u00e9dia face aux rageux","author":"Serge Victor","date":"10 janvier 2021","format":false,"excerpt":"Des ex-socios du M\u00e9dia ont publi\u00e9 une vid\u00e9o pour nuire au M\u00e9dia et pousser les socios \u00e0 rejoindre le nouveau m\u00e9dia concurrent de Denis Robert. Le texte de cette vid\u00e9o est mensonger sur bien des points. Si j'\u00e9tais d\u00e9\u00e7u par Le M\u00e9dia au point de cesser d'\u00eatre socio, je m'en\u2026","rel":"","context":"Dans &quot;R\u00e9sistance&quot;","block_context":{"text":"R\u00e9sistance","link":"https:\/\/www.incaudavenenum.org\/cut.the.crap\/category\/resistance\/"},"img":{"alt_text":"","src":"https:\/\/i0.wp.com\/www.incaudavenenum.org\/cut.the.crap\/wp-content\/uploads\/2021\/01\/Capture-de%CC%81cran-2021-01-10-a%CC%80-00.31.33.png?resize=350%2C200&ssl=1","width":350,"height":200,"srcset":"https:\/\/i0.wp.com\/www.incaudavenenum.org\/cut.the.crap\/wp-content\/uploads\/2021\/01\/Capture-de%CC%81cran-2021-01-10-a%CC%80-00.31.33.png?resize=350%2C200&ssl=1 1x, https:\/\/i0.wp.com\/www.incaudavenenum.org\/cut.the.crap\/wp-content\/uploads\/2021\/01\/Capture-de%CC%81cran-2021-01-10-a%CC%80-00.31.33.png?resize=525%2C300&ssl=1 1.5x, https:\/\/i0.wp.com\/www.incaudavenenum.org\/cut.the.crap\/wp-content\/uploads\/2021\/01\/Capture-de%CC%81cran-2021-01-10-a%CC%80-00.31.33.png?resize=700%2C400&ssl=1 2x"},"classes":[]},{"id":2247,"url":"https:\/\/www.incaudavenenum.org\/cut.the.crap\/les-chroniques-de-le-banni-de-le-media-episode-2\/","url_meta":{"origin":2044,"position":1},"title":"Les chroniques de Le Banni (de Le M\u00e9dia), \u00e9pisode 2","author":"Serge Victor","date":"13 d\u00e9cembre 2023","format":false,"excerpt":"R\u00e9sum\u00e9 de l'\u00e9pisode pr\u00e9c\u00e9dent : B\u00e9n\u00e9vh\u00f4l, le guerrier de Kohop, a \u00e9t\u00e9 banni de Lm\u00e9di\u00e2h par la sinistre triade Khakobb. D\u00e9sormais, il parcourt steppes arides et mar\u00e9cages boueux pour rassembler r\u00e9prouv\u00e9s et Soci\u00f4hs \u00e9pars dans le but de ramener un jour l'esprit de Kohop \u00e0 Lm\u00e9di\u00e2h. Il est : LE\u2026","rel":"","context":"Dans &quot;Le Banni&quot;","block_context":{"text":"Le Banni","link":"https:\/\/www.incaudavenenum.org\/cut.the.crap\/category\/le-banni\/"},"img":{"alt_text":"","src":"https:\/\/i0.wp.com\/www.incaudavenenum.org\/cut.the.crap\/wp-content\/uploads\/2023\/12\/craiyon_160831_hilarious_drawing_of_a_barbarian_getting_kicked_out_of_a_village.png?resize=350%2C200&ssl=1","width":350,"height":200},"classes":[]},{"id":2261,"url":"https:\/\/www.incaudavenenum.org\/cut.the.crap\/les-chroniques-de-le-banni-de-le-media-episode-3\/","url_meta":{"origin":2044,"position":2},"title":"Les chroniques de Le Banni (de Le M\u00e9dia), \u00e9pisode 3","author":"Serge Victor","date":"21 d\u00e9cembre 2023","format":false,"excerpt":"R\u00e9sum\u00e9 de l'\u00e9pisode pr\u00e9c\u00e9dent : B\u00e9n\u00e9vh\u00f4l, le guerrier de Kohop, a \u00e9t\u00e9 banni de Lm\u00e9di\u00e2h par la sinistre triade Khakobb. D\u00e9sormais, il parcourt steppes arides et mar\u00e9cages boueux pour rassembler r\u00e9prouv\u00e9s et Soci\u00f4hs \u00e9pars, afin de leur r\u00e9v\u00e9ler le terrible secret du Fh\u00f4reuhm, dans le but de ramener un jour\u2026","rel":"","context":"Dans &quot;Le Banni&quot;","block_context":{"text":"Le Banni","link":"https:\/\/www.incaudavenenum.org\/cut.the.crap\/category\/le-banni\/"},"img":{"alt_text":"","src":"https:\/\/i0.wp.com\/www.incaudavenenum.org\/cut.the.crap\/wp-content\/uploads\/2023\/12\/Screenshot_2023-11-23_at_17-14-44_Equipe_de_moderation.webp?resize=350%2C200&ssl=1","width":350,"height":200,"srcset":"https:\/\/i0.wp.com\/www.incaudavenenum.org\/cut.the.crap\/wp-content\/uploads\/2023\/12\/Screenshot_2023-11-23_at_17-14-44_Equipe_de_moderation.webp?resize=350%2C200&ssl=1 1x, https:\/\/i0.wp.com\/www.incaudavenenum.org\/cut.the.crap\/wp-content\/uploads\/2023\/12\/Screenshot_2023-11-23_at_17-14-44_Equipe_de_moderation.webp?resize=525%2C300&ssl=1 1.5x, https:\/\/i0.wp.com\/www.incaudavenenum.org\/cut.the.crap\/wp-content\/uploads\/2023\/12\/Screenshot_2023-11-23_at_17-14-44_Equipe_de_moderation.webp?resize=700%2C400&ssl=1 2x"},"classes":[]},{"id":2503,"url":"https:\/\/www.incaudavenenum.org\/cut.the.crap\/les-chroniques-de-le-banni-de-le-media-episode-10\/","url_meta":{"origin":2044,"position":3},"title":"Les chroniques de Le Banni (de Le M\u00e9dia), \u00e9pisode 10","author":"Serge Victor","date":"11 mai 2024","format":false,"excerpt":"R\u00e9sum\u00e9 de l'\u00e9pisode pr\u00e9c\u00e9dent : B\u00e9n\u00e9vh\u00f4l, le guerrier de Kohop, a \u00e9t\u00e9 banni de Lm\u00e9di\u00e2h par la triade Khakobb. Apr\u00e8s avoir parcouru steppes arides et mar\u00e9cages boueux pour rassembler r\u00e9prouv\u00e9s et Soci\u00f4hs \u00e9pars, il est de retour et trouve les portes du Fh\u00f4reuhm \u00e9trangement ouvertes. Mais l'endroit n'est plus que\u2026","rel":"","context":"Dans &quot;Le Banni&quot;","block_context":{"text":"Le Banni","link":"https:\/\/www.incaudavenenum.org\/cut.the.crap\/category\/le-banni\/"},"img":{"alt_text":"","src":"https:\/\/i0.wp.com\/www.incaudavenenum.org\/cut.the.crap\/wp-content\/uploads\/2024\/02\/Capture-decran-2024-05-10-a-23.18.41.png?fit=1000%2C437&ssl=1&resize=350%2C200","width":350,"height":200,"srcset":"https:\/\/i0.wp.com\/www.incaudavenenum.org\/cut.the.crap\/wp-content\/uploads\/2024\/02\/Capture-decran-2024-05-10-a-23.18.41.png?fit=1000%2C437&ssl=1&resize=350%2C200 1x, https:\/\/i0.wp.com\/www.incaudavenenum.org\/cut.the.crap\/wp-content\/uploads\/2024\/02\/Capture-decran-2024-05-10-a-23.18.41.png?fit=1000%2C437&ssl=1&resize=525%2C300 1.5x, https:\/\/i0.wp.com\/www.incaudavenenum.org\/cut.the.crap\/wp-content\/uploads\/2024\/02\/Capture-decran-2024-05-10-a-23.18.41.png?fit=1000%2C437&ssl=1&resize=700%2C400 2x"},"classes":[]},{"id":1259,"url":"https:\/\/www.incaudavenenum.org\/cut.the.crap\/pas-fute\/","url_meta":{"origin":2044,"position":4},"title":"Pas fute fute","author":"Serge Victor","date":"26 janvier 2018","format":"quote","excerpt":"\"Moi je trouve qu'il [Macron] est pas bien fute fute comme mec. (...) J'ai des arguments. Par exemple je suis persuad\u00e9 qu'il ne comprend pas l'\u00e9conomie et que c'est lui, l'homme du pass\u00e9. En fait, il dit des trucs... \u2014 enfin, moi j'\u00e9tais aux premi\u00e8res loges pour voir la r\u00e9volution\u2026","rel":"","context":"Dans &quot;Citations&quot;","block_context":{"text":"Citations","link":"https:\/\/www.incaudavenenum.org\/cut.the.crap\/category\/lectures\/citations\/"},"img":{"alt_text":"","src":"","width":0,"height":0},"classes":[]},{"id":2335,"url":"https:\/\/www.incaudavenenum.org\/cut.the.crap\/les-chroniques-de-le-banni-de-le-media-episode-4\/","url_meta":{"origin":2044,"position":5},"title":"Les chroniques de Le Banni (de Le M\u00e9dia), \u00e9pisode 4","author":"Serge Victor","date":"1 janvier 2024","format":false,"excerpt":"R\u00e9sum\u00e9 de l'\u00e9pisode pr\u00e9c\u00e9dent : B\u00e9n\u00e9vh\u00f4l, le guerrier de Kohop, a \u00e9t\u00e9 banni de Lm\u00e9di\u00e2h par la sinistre triade Khakobb qui cherche \u00e0 le faire passer pour un tra\u00eetre. D\u00e9sormais, il parcourt steppes arides et mar\u00e9cages boueux pour rassembler r\u00e9prouv\u00e9s et Soci\u00f4hs \u00e9pars, afin de leur r\u00e9v\u00e9ler le terrible secret\u2026","rel":"","context":"Dans &quot;Le Banni&quot;","block_context":{"text":"Le Banni","link":"https:\/\/www.incaudavenenum.org\/cut.the.crap\/category\/le-banni\/"},"img":{"alt_text":"","src":"https:\/\/i0.wp.com\/www.incaudavenenum.org\/cut.the.crap\/wp-content\/uploads\/2023\/12\/Capture-decran-2023-12-31-a-15.36.23.png?resize=350%2C200&ssl=1","width":350,"height":200,"srcset":"https:\/\/i0.wp.com\/www.incaudavenenum.org\/cut.the.crap\/wp-content\/uploads\/2023\/12\/Capture-decran-2023-12-31-a-15.36.23.png?resize=350%2C200&ssl=1 1x, https:\/\/i0.wp.com\/www.incaudavenenum.org\/cut.the.crap\/wp-content\/uploads\/2023\/12\/Capture-decran-2023-12-31-a-15.36.23.png?resize=525%2C300&ssl=1 1.5x, https:\/\/i0.wp.com\/www.incaudavenenum.org\/cut.the.crap\/wp-content\/uploads\/2023\/12\/Capture-decran-2023-12-31-a-15.36.23.png?resize=700%2C400&ssl=1 2x, https:\/\/i0.wp.com\/www.incaudavenenum.org\/cut.the.crap\/wp-content\/uploads\/2023\/12\/Capture-decran-2023-12-31-a-15.36.23.png?resize=1050%2C600&ssl=1 3x"},"classes":[]}],"jetpack_sharing_enabled":true,"_links":{"self":[{"href":"https:\/\/www.incaudavenenum.org\/cut.the.crap\/wp-json\/wp\/v2\/posts\/2044","targetHints":{"allow":["GET"]}}],"collection":[{"href":"https:\/\/www.incaudavenenum.org\/cut.the.crap\/wp-json\/wp\/v2\/posts"}],"about":[{"href":"https:\/\/www.incaudavenenum.org\/cut.the.crap\/wp-json\/wp\/v2\/types\/post"}],"author":[{"embeddable":true,"href":"https:\/\/www.incaudavenenum.org\/cut.the.crap\/wp-json\/wp\/v2\/users\/1"}],"replies":[{"embeddable":true,"href":"https:\/\/www.incaudavenenum.org\/cut.the.crap\/wp-json\/wp\/v2\/comments?post=2044"}],"version-history":[{"count":10,"href":"https:\/\/www.incaudavenenum.org\/cut.the.crap\/wp-json\/wp\/v2\/posts\/2044\/revisions"}],"predecessor-version":[{"id":2199,"href":"https:\/\/www.incaudavenenum.org\/cut.the.crap\/wp-json\/wp\/v2\/posts\/2044\/revisions\/2199"}],"wp:attachment":[{"href":"https:\/\/www.incaudavenenum.org\/cut.the.crap\/wp-json\/wp\/v2\/media?parent=2044"}],"wp:term":[{"taxonomy":"category","embeddable":true,"href":"https:\/\/www.incaudavenenum.org\/cut.the.crap\/wp-json\/wp\/v2\/categories?post=2044"},{"taxonomy":"post_tag","embeddable":true,"href":"https:\/\/www.incaudavenenum.org\/cut.the.crap\/wp-json\/wp\/v2\/tags?post=2044"}],"curies":[{"name":"wp","href":"https:\/\/api.w.org\/{rel}","templated":true}]}}