{"id":205,"date":"2011-05-03T19:04:06","date_gmt":"2011-05-03T18:04:06","guid":{"rendered":"http:\/\/cut.the.crap.free.fr\/?p=205"},"modified":"2011-05-03T19:04:06","modified_gmt":"2011-05-03T18:04:06","slug":"confiscations","status":"publish","type":"post","link":"https:\/\/www.incaudavenenum.org\/cut.the.crap\/confiscations\/","title":{"rendered":"Confiscations"},"content":{"rendered":"<p>Selon <a href=\"http:\/\/www.lefigaro.fr\/impots\/2011\/05\/03\/05003-20110503ARTFIG00321-le-bouclierfiscal-a-coute-591millions-d-euros-en-2010.php\" target=\"_blank\"><em>Le Figaro<\/em><\/a> (Beaumarchais, si tu savais&#8230; ), le bouclier fiscal aurait co\u00fbt\u00e9 591 millions d&rsquo;euros \u00e0 l&rsquo;Etat en 2010.<\/p>\n<p>Selon <a href=\"http:\/\/www.latribune.fr\/actualites\/economie\/france\/20110426trib000617823\/rentree-2011-luc-chatel-confirme-la-fermeture-de-1.500-classes-dans-le-primaire.html\" target=\"_blank\"><em>La Tribune<\/em><\/a>, le ministre de l&rsquo;Education-pour-les-riches-et-la-prison-pour-les-pauvres pr\u00e9voit de fermer 1.500 classes dans le primaire \u00e0 la rentr\u00e9e 2011 et de supprimer ce faisant 16.000 postes alors m\u00eame que le nombre d&rsquo;\u00e9l\u00e8ves est en augmentation. <span><span>\u00ab\u00a0Ce sont pas moins de 65.000 postes d&rsquo;enseignants qui auront disparu en cinq ans\u00a0\u00bb. Et de citer le petit pr\u00e9sident de l&rsquo;ex-R\u00e9publique : \u00ab\u00a0<\/span><\/span><span><span>compte tenu des d\u00e9ficits, des probl\u00e8mes que nous  avons, on ne peut pas faire le choix \u00e0 la fois d&rsquo;augmenter sans cesse le  nombre et en m\u00eame temps d&rsquo;augmenter la r\u00e9mun\u00e9ration des statuts\u00a0\u00bb. Les int\u00e9ress\u00e9s peinent sans doute, soit dit en passant, \u00e0 d\u00e9celer une quelconque augmentation de leur r\u00e9mun\u00e9ration.<br \/>\n<\/span><\/span><\/p>\n<p><span><span>Que pouvons-nous en conclure ?<\/span><\/span><\/p>\n<p><span><span>1) La lecture de l&rsquo;ex-presse d&rsquo;ultra-droite n\u00e9olib\u00e9rale conservatrice \u00e9quivaut \u00e0 un bon bourrage de cr\u00e2ne, certes, mais aussi \u00e0 un vrai lavage d&rsquo;estomac. Dans notre ex-R\u00e9publique nationale-sarkozyste, l&rsquo;ex-presse ne se lit plus, elle se vomit jusqu&rsquo;\u00e0 la bile.<br \/>\n<\/span><\/span><\/p>\n<p><span><span>2) Avec les 591 millions d&rsquo;euros rendus par l&rsquo;Etat \u00e0 ses petits prot\u00e9g\u00e9s, on aurait pu payer 16.000 profs toute une ann\u00e9e 3.078 euros par mois, soit un peu plus que le salaire mensuel net d&rsquo;un prof certifi\u00e9 \u00e0 l&rsquo;\u00e9chelon maximum d&rsquo;avancement apr\u00e8s 30 ans de carri\u00e8re (<a href=\"http:\/\/www.education.gouv.fr\/cid1058\/professeur-certifie.html\" target=\"_blank\">3.026 euros<\/a>). On mesure donc un peu mieux \u00e0 quoi auront servi pr\u00e9cis\u00e9ment ces 16.000 suppressions de postes, ce que n&rsquo;ont <\/span><\/span>\u00e9videmment <span><span>remarqu\u00e9 ni <em>La Tribune<\/em> ni <em>Le Figaro<\/em>. Ce dernier pr\u00e9cise n\u00e9anmoins :<br \/>\n<\/span><\/span><\/p>\n<blockquote><p>\u00ab\u00a0Les 925 m\u00e9nages ayant des revenus sup\u00e9rieurs \u00e0 44.980\u00a0euros par an et un  patrimoine sup\u00e9rieur \u00e0 16,5\u00a0millions ont capt\u00e9 60\u00a0% du co\u00fbt du  bouclier. Le fisc leur a rembours\u00e9 en moyenne 381.000\u00a0euros. Sans  bouclier, leur imp\u00f4t aurait \u00e9t\u00e9 confiscatoire. Voil\u00e0 pourquoi la fin du  bouclier ira de pair avec un all\u00e9gement de l&rsquo;ISF.\u00a0\u00bb<\/p><\/blockquote>\n<p>On sait donc tr\u00e8s pr\u00e9cis\u00e9ment \u00e0 quoi servira l&rsquo;all\u00e8gement de l&rsquo;ISF : \u00e0 \u00e9viter que l&rsquo;imp\u00f4t de ces gros cochons ne leur paraisse \u00ab\u00a0confiscatoire\u00a0\u00bb.<\/p>\n<p>Et on sait tr\u00e8s pr\u00e9cis\u00e9ment comment sera financ\u00e9 cet all\u00e8gement : en <em>confisquant<\/em> encore des milliers de postes \u00e0 l&rsquo;Education nationale en particulier, et \u00e0 la Fonction publique en g\u00e9n\u00e9ral.<\/p>\n<p><em>Cut the crap !<\/em><\/p>\n","protected":false},"excerpt":{"rendered":"<p>Selon Le Figaro (Beaumarchais, si tu savais&#8230; ), le bouclier fiscal aurait co\u00fbt\u00e9 591 millions d&rsquo;euros \u00e0 l&rsquo;Etat en 2010. Selon La Tribune, le ministre de l&rsquo;Education-pour-les-riches-et-la-prison-pour-les-pauvres pr\u00e9voit de fermer 1.500 classes dans le primaire \u00e0 la rentr\u00e9e 2011 et de supprimer ce faisant 16.000 postes alors m\u00eame que le nombre d&rsquo;\u00e9l\u00e8ves est en augmentation. &hellip; <a href=\"https:\/\/www.incaudavenenum.org\/cut.the.crap\/confiscations\/\" class=\"more-link\">Continuer la lecture<span class=\"screen-reader-text\"> de &laquo;&nbsp;Confiscations&nbsp;&raquo;<\/span><\/a><\/p>\n","protected":false},"author":6,"featured_media":0,"comment_status":"open","ping_status":"closed","sticky":false,"template":"","format":"standard","meta":{"jetpack_post_was_ever_published":false,"_jetpack_newsletter_access":"","_jetpack_dont_email_post_to_subs":false,"_jetpack_newsletter_tier_id":0,"_jetpack_memberships_contains_paywalled_content":false,"_jetpack_memberships_contains_paid_content":false,"footnotes":"","jetpack_publicize_message":"","jetpack_publicize_feature_enabled":true,"jetpack_social_post_already_shared":false,"jetpack_social_options":{"image_generator_settings":{"template":"highway","default_image_id":0,"font":"","enabled":false},"version":2}},"categories":[2],"tags":[37,92,157,180,187,328],"class_list":["post-205","post","type-post","status-publish","format-standard","hentry","category-antisocial","tag-bouclier-fiscal","tag-education-nationale","tag-impot","tag-la-tribune","tag-le-figaro","tag-suppression-de-postes"],"yoast_head":"<!-- This site is optimized with the Yoast SEO plugin v27.5 - https:\/\/yoast.com\/product\/yoast-seo-wordpress\/ -->\n<title>Confiscations - Cut The Crap<\/title>\n<meta name=\"robots\" content=\"index, follow, max-snippet:-1, max-image-preview:large, max-video-preview:-1\" \/>\n<link rel=\"canonical\" href=\"https:\/\/www.incaudavenenum.org\/cut.the.crap\/confiscations\/\" \/>\n<meta property=\"og:locale\" content=\"fr_FR\" \/>\n<meta property=\"og:type\" content=\"article\" \/>\n<meta property=\"og:title\" content=\"Confiscations - Cut The Crap\" \/>\n<meta property=\"og:description\" content=\"Selon Le Figaro (Beaumarchais, si tu savais&#8230; ), le bouclier fiscal aurait co\u00fbt\u00e9 591 millions d&rsquo;euros \u00e0 l&rsquo;Etat en 2010. Selon La Tribune, le ministre de l&rsquo;Education-pour-les-riches-et-la-prison-pour-les-pauvres pr\u00e9voit de fermer 1.500 classes dans le primaire \u00e0 la rentr\u00e9e 2011 et de supprimer ce faisant 16.000 postes alors m\u00eame que le nombre d&rsquo;\u00e9l\u00e8ves est en augmentation. &hellip; Continuer la lecture de &laquo;&nbsp;Confiscations&nbsp;&raquo;\" \/>\n<meta property=\"og:url\" content=\"https:\/\/www.incaudavenenum.org\/cut.the.crap\/confiscations\/\" \/>\n<meta property=\"og:site_name\" content=\"Cut The Crap\" \/>\n<meta property=\"article:publisher\" content=\"https:\/\/www.facebook.com\/Cut-the-Crap-239882412697830\/\" \/>\n<meta property=\"article:published_time\" content=\"2011-05-03T18:04:06+00:00\" \/>\n<meta property=\"og:image\" content=\"https:\/\/i0.wp.com\/www.incaudavenenum.org\/cut.the.crap\/wp-content\/uploads\/2018\/01\/marxengelsNB2.jpg?fit=940%2C198&ssl=1\" \/>\n\t<meta property=\"og:image:width\" content=\"940\" \/>\n\t<meta property=\"og:image:height\" content=\"198\" \/>\n\t<meta property=\"og:image:type\" content=\"image\/jpeg\" \/>\n<meta name=\"author\" content=\"\u1d10T\u1d04\" \/>\n<meta name=\"twitter:card\" content=\"summary_large_image\" \/>\n<meta name=\"twitter:creator\" content=\"@cutzecrap\" \/>\n<meta name=\"twitter:site\" content=\"@cutzecrap\" \/>\n<meta name=\"twitter:label1\" content=\"\u00c9crit par\" \/>\n\t<meta name=\"twitter:data1\" content=\"\u1d10T\u1d04\" \/>\n\t<meta name=\"twitter:label2\" content=\"Dur\u00e9e de lecture estim\u00e9e\" \/>\n\t<meta name=\"twitter:data2\" content=\"2 minutes\" \/>\n<script type=\"application\/ld+json\" class=\"yoast-schema-graph\">{\"@context\":\"https:\\\/\\\/schema.org\",\"@graph\":[{\"@type\":\"Article\",\"@id\":\"https:\\\/\\\/www.incaudavenenum.org\\\/cut.the.crap\\\/confiscations\\\/#article\",\"isPartOf\":{\"@id\":\"https:\\\/\\\/www.incaudavenenum.org\\\/cut.the.crap\\\/confiscations\\\/\"},\"author\":{\"name\":\"\u1d10T\u1d04\",\"@id\":\"https:\\\/\\\/www.incaudavenenum.org\\\/cut.the.crap\\\/#\\\/schema\\\/person\\\/eaf31c24c3305f6a141a521845cc9561\"},\"headline\":\"Confiscations\",\"datePublished\":\"2011-05-03T18:04:06+00:00\",\"mainEntityOfPage\":{\"@id\":\"https:\\\/\\\/www.incaudavenenum.org\\\/cut.the.crap\\\/confiscations\\\/\"},\"wordCount\":396,\"commentCount\":1,\"publisher\":{\"@id\":\"https:\\\/\\\/www.incaudavenenum.org\\\/cut.the.crap\\\/#organization\"},\"keywords\":[\"bouclier fiscal\",\"Education nationale\",\"imp\u00f4t\",\"La Tribune\",\"Le Figaro\",\"suppression de postes\"],\"articleSection\":[\"Antisocial\"],\"inLanguage\":\"fr-FR\",\"potentialAction\":[{\"@type\":\"CommentAction\",\"name\":\"Comment\",\"target\":[\"https:\\\/\\\/www.incaudavenenum.org\\\/cut.the.crap\\\/confiscations\\\/#respond\"]}]},{\"@type\":\"WebPage\",\"@id\":\"https:\\\/\\\/www.incaudavenenum.org\\\/cut.the.crap\\\/confiscations\\\/\",\"url\":\"https:\\\/\\\/www.incaudavenenum.org\\\/cut.the.crap\\\/confiscations\\\/\",\"name\":\"Confiscations - Cut The Crap\",\"isPartOf\":{\"@id\":\"https:\\\/\\\/www.incaudavenenum.org\\\/cut.the.crap\\\/#website\"},\"datePublished\":\"2011-05-03T18:04:06+00:00\",\"breadcrumb\":{\"@id\":\"https:\\\/\\\/www.incaudavenenum.org\\\/cut.the.crap\\\/confiscations\\\/#breadcrumb\"},\"inLanguage\":\"fr-FR\",\"potentialAction\":[{\"@type\":\"ReadAction\",\"target\":[\"https:\\\/\\\/www.incaudavenenum.org\\\/cut.the.crap\\\/confiscations\\\/\"]}]},{\"@type\":\"BreadcrumbList\",\"@id\":\"https:\\\/\\\/www.incaudavenenum.org\\\/cut.the.crap\\\/confiscations\\\/#breadcrumb\",\"itemListElement\":[{\"@type\":\"ListItem\",\"position\":1,\"name\":\"Accueil\",\"item\":\"https:\\\/\\\/www.incaudavenenum.org\\\/cut.the.crap\\\/\"},{\"@type\":\"ListItem\",\"position\":2,\"name\":\"Confiscations\"}]},{\"@type\":\"WebSite\",\"@id\":\"https:\\\/\\\/www.incaudavenenum.org\\\/cut.the.crap\\\/#website\",\"url\":\"https:\\\/\\\/www.incaudavenenum.org\\\/cut.the.crap\\\/\",\"name\":\"Cut The Crap\",\"description\":\"Blog de gauche\",\"publisher\":{\"@id\":\"https:\\\/\\\/www.incaudavenenum.org\\\/cut.the.crap\\\/#organization\"},\"potentialAction\":[{\"@type\":\"SearchAction\",\"target\":{\"@type\":\"EntryPoint\",\"urlTemplate\":\"https:\\\/\\\/www.incaudavenenum.org\\\/cut.the.crap\\\/?s={search_term_string}\"},\"query-input\":{\"@type\":\"PropertyValueSpecification\",\"valueRequired\":true,\"valueName\":\"search_term_string\"}}],\"inLanguage\":\"fr-FR\"},{\"@type\":\"Organization\",\"@id\":\"https:\\\/\\\/www.incaudavenenum.org\\\/cut.the.crap\\\/#organization\",\"name\":\"Cut The Crap\",\"url\":\"https:\\\/\\\/www.incaudavenenum.org\\\/cut.the.crap\\\/\",\"logo\":{\"@type\":\"ImageObject\",\"inLanguage\":\"fr-FR\",\"@id\":\"https:\\\/\\\/www.incaudavenenum.org\\\/cut.the.crap\\\/#\\\/schema\\\/logo\\\/image\\\/\",\"url\":\"https:\\\/\\\/i1.wp.com\\\/www.incaudavenenum.org\\\/cut.the.crap\\\/wp-content\\\/uploads\\\/2018\\\/01\\\/cTc.png?fit=100%2C95\",\"contentUrl\":\"https:\\\/\\\/i1.wp.com\\\/www.incaudavenenum.org\\\/cut.the.crap\\\/wp-content\\\/uploads\\\/2018\\\/01\\\/cTc.png?fit=100%2C95\",\"width\":100,\"height\":95,\"caption\":\"Cut The Crap\"},\"image\":{\"@id\":\"https:\\\/\\\/www.incaudavenenum.org\\\/cut.the.crap\\\/#\\\/schema\\\/logo\\\/image\\\/\"},\"sameAs\":[\"https:\\\/\\\/www.facebook.com\\\/Cut-the-Crap-239882412697830\\\/\",\"https:\\\/\\\/x.com\\\/cutzecrap\"]},{\"@type\":\"Person\",\"@id\":\"https:\\\/\\\/www.incaudavenenum.org\\\/cut.the.crap\\\/#\\\/schema\\\/person\\\/eaf31c24c3305f6a141a521845cc9561\",\"name\":\"\u1d10T\u1d04\",\"image\":{\"@type\":\"ImageObject\",\"inLanguage\":\"fr-FR\",\"@id\":\"https:\\\/\\\/secure.gravatar.com\\\/avatar\\\/bcb7ebb5cbee5342d0fa3e23aef3e05182efc0190ae68a6d9da7f1994c5fcbe0?s=96&d=mm&r=g\",\"url\":\"https:\\\/\\\/secure.gravatar.com\\\/avatar\\\/bcb7ebb5cbee5342d0fa3e23aef3e05182efc0190ae68a6d9da7f1994c5fcbe0?s=96&d=mm&r=g\",\"contentUrl\":\"https:\\\/\\\/secure.gravatar.com\\\/avatar\\\/bcb7ebb5cbee5342d0fa3e23aef3e05182efc0190ae68a6d9da7f1994c5fcbe0?s=96&d=mm&r=g\",\"caption\":\"\u1d10T\u1d04\"},\"url\":\"https:\\\/\\\/www.incaudavenenum.org\\\/cut.the.crap\\\/author\\\/zorblog\\\/\"}]}<\/script>\n<!-- \/ Yoast SEO plugin. -->","yoast_head_json":{"title":"Confiscations - Cut The Crap","robots":{"index":"index","follow":"follow","max-snippet":"max-snippet:-1","max-image-preview":"max-image-preview:large","max-video-preview":"max-video-preview:-1"},"canonical":"https:\/\/www.incaudavenenum.org\/cut.the.crap\/confiscations\/","og_locale":"fr_FR","og_type":"article","og_title":"Confiscations - Cut The Crap","og_description":"Selon Le Figaro (Beaumarchais, si tu savais&#8230; ), le bouclier fiscal aurait co\u00fbt\u00e9 591 millions d&rsquo;euros \u00e0 l&rsquo;Etat en 2010. Selon La Tribune, le ministre de l&rsquo;Education-pour-les-riches-et-la-prison-pour-les-pauvres pr\u00e9voit de fermer 1.500 classes dans le primaire \u00e0 la rentr\u00e9e 2011 et de supprimer ce faisant 16.000 postes alors m\u00eame que le nombre d&rsquo;\u00e9l\u00e8ves est en augmentation. &hellip; Continuer la lecture de &laquo;&nbsp;Confiscations&nbsp;&raquo;","og_url":"https:\/\/www.incaudavenenum.org\/cut.the.crap\/confiscations\/","og_site_name":"Cut The Crap","article_publisher":"https:\/\/www.facebook.com\/Cut-the-Crap-239882412697830\/","article_published_time":"2011-05-03T18:04:06+00:00","og_image":[{"width":940,"height":198,"url":"https:\/\/i0.wp.com\/www.incaudavenenum.org\/cut.the.crap\/wp-content\/uploads\/2018\/01\/marxengelsNB2.jpg?fit=940%2C198&ssl=1","type":"image\/jpeg"}],"author":"\u1d10T\u1d04","twitter_card":"summary_large_image","twitter_creator":"@cutzecrap","twitter_site":"@cutzecrap","twitter_misc":{"\u00c9crit par":"\u1d10T\u1d04","Dur\u00e9e de lecture estim\u00e9e":"2 minutes"},"schema":{"@context":"https:\/\/schema.org","@graph":[{"@type":"Article","@id":"https:\/\/www.incaudavenenum.org\/cut.the.crap\/confiscations\/#article","isPartOf":{"@id":"https:\/\/www.incaudavenenum.org\/cut.the.crap\/confiscations\/"},"author":{"name":"\u1d10T\u1d04","@id":"https:\/\/www.incaudavenenum.org\/cut.the.crap\/#\/schema\/person\/eaf31c24c3305f6a141a521845cc9561"},"headline":"Confiscations","datePublished":"2011-05-03T18:04:06+00:00","mainEntityOfPage":{"@id":"https:\/\/www.incaudavenenum.org\/cut.the.crap\/confiscations\/"},"wordCount":396,"commentCount":1,"publisher":{"@id":"https:\/\/www.incaudavenenum.org\/cut.the.crap\/#organization"},"keywords":["bouclier fiscal","Education nationale","imp\u00f4t","La Tribune","Le Figaro","suppression de postes"],"articleSection":["Antisocial"],"inLanguage":"fr-FR","potentialAction":[{"@type":"CommentAction","name":"Comment","target":["https:\/\/www.incaudavenenum.org\/cut.the.crap\/confiscations\/#respond"]}]},{"@type":"WebPage","@id":"https:\/\/www.incaudavenenum.org\/cut.the.crap\/confiscations\/","url":"https:\/\/www.incaudavenenum.org\/cut.the.crap\/confiscations\/","name":"Confiscations - Cut The Crap","isPartOf":{"@id":"https:\/\/www.incaudavenenum.org\/cut.the.crap\/#website"},"datePublished":"2011-05-03T18:04:06+00:00","breadcrumb":{"@id":"https:\/\/www.incaudavenenum.org\/cut.the.crap\/confiscations\/#breadcrumb"},"inLanguage":"fr-FR","potentialAction":[{"@type":"ReadAction","target":["https:\/\/www.incaudavenenum.org\/cut.the.crap\/confiscations\/"]}]},{"@type":"BreadcrumbList","@id":"https:\/\/www.incaudavenenum.org\/cut.the.crap\/confiscations\/#breadcrumb","itemListElement":[{"@type":"ListItem","position":1,"name":"Accueil","item":"https:\/\/www.incaudavenenum.org\/cut.the.crap\/"},{"@type":"ListItem","position":2,"name":"Confiscations"}]},{"@type":"WebSite","@id":"https:\/\/www.incaudavenenum.org\/cut.the.crap\/#website","url":"https:\/\/www.incaudavenenum.org\/cut.the.crap\/","name":"Cut The Crap","description":"Blog de gauche","publisher":{"@id":"https:\/\/www.incaudavenenum.org\/cut.the.crap\/#organization"},"potentialAction":[{"@type":"SearchAction","target":{"@type":"EntryPoint","urlTemplate":"https:\/\/www.incaudavenenum.org\/cut.the.crap\/?s={search_term_string}"},"query-input":{"@type":"PropertyValueSpecification","valueRequired":true,"valueName":"search_term_string"}}],"inLanguage":"fr-FR"},{"@type":"Organization","@id":"https:\/\/www.incaudavenenum.org\/cut.the.crap\/#organization","name":"Cut The Crap","url":"https:\/\/www.incaudavenenum.org\/cut.the.crap\/","logo":{"@type":"ImageObject","inLanguage":"fr-FR","@id":"https:\/\/www.incaudavenenum.org\/cut.the.crap\/#\/schema\/logo\/image\/","url":"https:\/\/i1.wp.com\/www.incaudavenenum.org\/cut.the.crap\/wp-content\/uploads\/2018\/01\/cTc.png?fit=100%2C95","contentUrl":"https:\/\/i1.wp.com\/www.incaudavenenum.org\/cut.the.crap\/wp-content\/uploads\/2018\/01\/cTc.png?fit=100%2C95","width":100,"height":95,"caption":"Cut The Crap"},"image":{"@id":"https:\/\/www.incaudavenenum.org\/cut.the.crap\/#\/schema\/logo\/image\/"},"sameAs":["https:\/\/www.facebook.com\/Cut-the-Crap-239882412697830\/","https:\/\/x.com\/cutzecrap"]},{"@type":"Person","@id":"https:\/\/www.incaudavenenum.org\/cut.the.crap\/#\/schema\/person\/eaf31c24c3305f6a141a521845cc9561","name":"\u1d10T\u1d04","image":{"@type":"ImageObject","inLanguage":"fr-FR","@id":"https:\/\/secure.gravatar.com\/avatar\/bcb7ebb5cbee5342d0fa3e23aef3e05182efc0190ae68a6d9da7f1994c5fcbe0?s=96&d=mm&r=g","url":"https:\/\/secure.gravatar.com\/avatar\/bcb7ebb5cbee5342d0fa3e23aef3e05182efc0190ae68a6d9da7f1994c5fcbe0?s=96&d=mm&r=g","contentUrl":"https:\/\/secure.gravatar.com\/avatar\/bcb7ebb5cbee5342d0fa3e23aef3e05182efc0190ae68a6d9da7f1994c5fcbe0?s=96&d=mm&r=g","caption":"\u1d10T\u1d04"},"url":"https:\/\/www.incaudavenenum.org\/cut.the.crap\/author\/zorblog\/"}]}},"jetpack_publicize_connections":[],"jetpack_featured_media_url":"","jetpack_shortlink":"https:\/\/wp.me\/p9z98q-3j","jetpack_likes_enabled":true,"jetpack-related-posts":[{"id":1856,"url":"https:\/\/www.incaudavenenum.org\/cut.the.crap\/deficitaire-le-regime-de-retraite-des-cheminots\/","url_meta":{"origin":205,"position":0},"title":"D\u00e9ficitaire, le r\u00e9gime de retraite des cheminots ?","author":"Serge Victor","date":"7 d\u00e9cembre 2019","format":false,"excerpt":"Le r\u00e9gime sp\u00e9cial de retraite des cheminots serait d\u00e9ficitaire, hurlent les psychopathes macronards pour justifier la casse de TOUS les r\u00e9gimes de retraite par la contre-r\u00e9forme de Macron. Mais si ce r\u00e9gime est d\u00e9ficitaire, obligeant l'Etat \u00e0 mettre la main \u00e0 la poche pour combler le trou (3,3 milliards en\u2026","rel":"","context":"Dans &quot;Novlangue&quot;","block_context":{"text":"Novlangue","link":"https:\/\/www.incaudavenenum.org\/cut.the.crap\/category\/novlangue-2\/"},"img":{"alt_text":"","src":"","width":0,"height":0},"classes":[]},{"id":361,"url":"https:\/\/www.incaudavenenum.org\/cut.the.crap\/non-au-management-de-leducation\/","url_meta":{"origin":205,"position":1},"title":"Non au management de l&rsquo;Education\u00a0!","author":"\u1d10T\u1d04","date":"8 janvier 2012","format":false,"excerpt":"Rien de tel que l'ex-presse national-sarkozyste pour r\u00e9sumer avec la finesse qui se doit les mesures antisociales pr\u00e9conis\u00e9es par le petit pr\u00e9sident de l'ex-R\u00e9publique en mati\u00e8re d'\u00e9ducation. Voici donc comment Le Figaro pr\u00e9sente les \"six piliers\" du \"projet de r\u00e9forme du syst\u00e8me \u00e9ducatif\", annonc\u00e9s \u00e0 l'occasion du bras d'honneur que\u2026","rel":"","context":"Dans &quot;Antisocial&quot;","block_context":{"text":"Antisocial","link":"https:\/\/www.incaudavenenum.org\/cut.the.crap\/category\/antisocial\/"},"img":{"alt_text":"","src":"","width":0,"height":0},"classes":[]},{"id":2372,"url":"https:\/\/www.incaudavenenum.org\/cut.the.crap\/les-chroniques-de-le-banni-de-le-media-episode-6\/","url_meta":{"origin":205,"position":2},"title":"Les chroniques de Le Banni (de Le M\u00e9dia), \u00e9pisode 6","author":"Serge Victor","date":"28 janvier 2024","format":false,"excerpt":"R\u00e9sum\u00e9 de l'\u00e9pisode pr\u00e9c\u00e9dent : B\u00e9n\u00e9vh\u00f4l, le guerrier de Kohop, a \u00e9t\u00e9 banni de Lm\u00e9di\u00e2h par la sinistre triade Khakobb qui cherche \u00e0 le faire passer, lui et d'autres fid\u00e8les de Kohop, pour une poign\u00e9e de tra\u00eetres. D\u00e9sormais, il parcourt steppes arides et mar\u00e9cages boueux pour rassembler r\u00e9prouv\u00e9s et Soci\u00f4hs\u2026","rel":"","context":"Dans &quot;Le Banni&quot;","block_context":{"text":"Le Banni","link":"https:\/\/www.incaudavenenum.org\/cut.the.crap\/category\/le-banni\/"},"img":{"alt_text":"","src":"https:\/\/i0.wp.com\/www.incaudavenenum.org\/cut.the.crap\/wp-content\/uploads\/2024\/01\/Capture-decran-2024-01-28-a-16.12.28.png?resize=350%2C200&ssl=1","width":350,"height":200,"srcset":"https:\/\/i0.wp.com\/www.incaudavenenum.org\/cut.the.crap\/wp-content\/uploads\/2024\/01\/Capture-decran-2024-01-28-a-16.12.28.png?resize=350%2C200&ssl=1 1x, https:\/\/i0.wp.com\/www.incaudavenenum.org\/cut.the.crap\/wp-content\/uploads\/2024\/01\/Capture-decran-2024-01-28-a-16.12.28.png?resize=525%2C300&ssl=1 1.5x, https:\/\/i0.wp.com\/www.incaudavenenum.org\/cut.the.crap\/wp-content\/uploads\/2024\/01\/Capture-decran-2024-01-28-a-16.12.28.png?resize=700%2C400&ssl=1 2x, https:\/\/i0.wp.com\/www.incaudavenenum.org\/cut.the.crap\/wp-content\/uploads\/2024\/01\/Capture-decran-2024-01-28-a-16.12.28.png?resize=1050%2C600&ssl=1 3x, https:\/\/i0.wp.com\/www.incaudavenenum.org\/cut.the.crap\/wp-content\/uploads\/2024\/01\/Capture-decran-2024-01-28-a-16.12.28.png?resize=1400%2C800&ssl=1 4x"},"classes":[]},{"id":2335,"url":"https:\/\/www.incaudavenenum.org\/cut.the.crap\/les-chroniques-de-le-banni-de-le-media-episode-4\/","url_meta":{"origin":205,"position":3},"title":"Les chroniques de Le Banni (de Le M\u00e9dia), \u00e9pisode 4","author":"Serge Victor","date":"1 janvier 2024","format":false,"excerpt":"R\u00e9sum\u00e9 de l'\u00e9pisode pr\u00e9c\u00e9dent : B\u00e9n\u00e9vh\u00f4l, le guerrier de Kohop, a \u00e9t\u00e9 banni de Lm\u00e9di\u00e2h par la sinistre triade Khakobb qui cherche \u00e0 le faire passer pour un tra\u00eetre. D\u00e9sormais, il parcourt steppes arides et mar\u00e9cages boueux pour rassembler r\u00e9prouv\u00e9s et Soci\u00f4hs \u00e9pars, afin de leur r\u00e9v\u00e9ler le terrible secret\u2026","rel":"","context":"Dans &quot;Le Banni&quot;","block_context":{"text":"Le Banni","link":"https:\/\/www.incaudavenenum.org\/cut.the.crap\/category\/le-banni\/"},"img":{"alt_text":"","src":"https:\/\/i0.wp.com\/www.incaudavenenum.org\/cut.the.crap\/wp-content\/uploads\/2023\/12\/Capture-decran-2023-12-31-a-15.36.23.png?resize=350%2C200&ssl=1","width":350,"height":200,"srcset":"https:\/\/i0.wp.com\/www.incaudavenenum.org\/cut.the.crap\/wp-content\/uploads\/2023\/12\/Capture-decran-2023-12-31-a-15.36.23.png?resize=350%2C200&ssl=1 1x, https:\/\/i0.wp.com\/www.incaudavenenum.org\/cut.the.crap\/wp-content\/uploads\/2023\/12\/Capture-decran-2023-12-31-a-15.36.23.png?resize=525%2C300&ssl=1 1.5x, https:\/\/i0.wp.com\/www.incaudavenenum.org\/cut.the.crap\/wp-content\/uploads\/2023\/12\/Capture-decran-2023-12-31-a-15.36.23.png?resize=700%2C400&ssl=1 2x, https:\/\/i0.wp.com\/www.incaudavenenum.org\/cut.the.crap\/wp-content\/uploads\/2023\/12\/Capture-decran-2023-12-31-a-15.36.23.png?resize=1050%2C600&ssl=1 3x"},"classes":[]},{"id":1378,"url":"https:\/\/www.incaudavenenum.org\/cut.the.crap\/en-meme-temps\/","url_meta":{"origin":205,"position":4},"title":"En m\u00eame temps","author":"Serge Victor","date":"12 septembre 2018","format":"quote","excerpt":"Nomm\u00e9 chef du gouvernement, [Manuel Valls] \u00e9tait (...) devenu l'un des plus stup\u00e9fiants praticiens de ce qu'Orwell avait jadis appel\u00e9 la \"double pens\u00e9e\" .\u00a0 Assurer deux choses totalement contradictoires, et croire en m\u00eame temps aux deux, avec la m\u00eame conviction. Ass\u00e9ner avec force une id\u00e9e, tout en appliquant exactement l'id\u00e9e\u2026","rel":"","context":"Dans &quot;Citations&quot;","block_context":{"text":"Citations","link":"https:\/\/www.incaudavenenum.org\/cut.the.crap\/category\/lectures\/citations\/"},"img":{"alt_text":"","src":"","width":0,"height":0},"classes":[]},{"id":2393,"url":"https:\/\/www.incaudavenenum.org\/cut.the.crap\/les-chroniques-de-le-banni-de-le-media-episode-7\/","url_meta":{"origin":205,"position":5},"title":"Les chroniques de Le Banni (de Le M\u00e9dia), \u00e9pisode 7","author":"Serge Victor","date":"4 f\u00e9vrier 2024","format":false,"excerpt":"R\u00e9sum\u00e9 de l'\u00e9pisode pr\u00e9c\u00e9dent : B\u00e9n\u00e9vh\u00f4l, le guerrier de Kohop, a \u00e9t\u00e9 banni de Lm\u00e9di\u00e2h par la sinistre triade Khakobb qui cherche \u00e0 le faire passer, lui et d'autres fid\u00e8les de Kohop, pour une poign\u00e9e de tra\u00eetres. Il parcourait steppes arides et mar\u00e9cages boueux pour rassembler r\u00e9prouv\u00e9s et Soci\u00f4hs \u00e9pars,\u2026","rel":"","context":"Dans &quot;Le Banni&quot;","block_context":{"text":"Le Banni","link":"https:\/\/www.incaudavenenum.org\/cut.the.crap\/category\/le-banni\/"},"img":{"alt_text":"","src":"https:\/\/i0.wp.com\/www.incaudavenenum.org\/cut.the.crap\/wp-content\/uploads\/2024\/02\/gotlib-Rubrique-a-brac-tome-1.jpg?resize=350%2C200&ssl=1","width":350,"height":200},"classes":[]}],"jetpack_sharing_enabled":true,"_links":{"self":[{"href":"https:\/\/www.incaudavenenum.org\/cut.the.crap\/wp-json\/wp\/v2\/posts\/205","targetHints":{"allow":["GET"]}}],"collection":[{"href":"https:\/\/www.incaudavenenum.org\/cut.the.crap\/wp-json\/wp\/v2\/posts"}],"about":[{"href":"https:\/\/www.incaudavenenum.org\/cut.the.crap\/wp-json\/wp\/v2\/types\/post"}],"author":[{"embeddable":true,"href":"https:\/\/www.incaudavenenum.org\/cut.the.crap\/wp-json\/wp\/v2\/users\/6"}],"replies":[{"embeddable":true,"href":"https:\/\/www.incaudavenenum.org\/cut.the.crap\/wp-json\/wp\/v2\/comments?post=205"}],"version-history":[{"count":0,"href":"https:\/\/www.incaudavenenum.org\/cut.the.crap\/wp-json\/wp\/v2\/posts\/205\/revisions"}],"wp:attachment":[{"href":"https:\/\/www.incaudavenenum.org\/cut.the.crap\/wp-json\/wp\/v2\/media?parent=205"}],"wp:term":[{"taxonomy":"category","embeddable":true,"href":"https:\/\/www.incaudavenenum.org\/cut.the.crap\/wp-json\/wp\/v2\/categories?post=205"},{"taxonomy":"post_tag","embeddable":true,"href":"https:\/\/www.incaudavenenum.org\/cut.the.crap\/wp-json\/wp\/v2\/tags?post=205"}],"curies":[{"name":"wp","href":"https:\/\/api.w.org\/{rel}","templated":true}]}}