{"id":2335,"date":"2024-01-01T13:48:41","date_gmt":"2024-01-01T11:48:41","guid":{"rendered":"https:\/\/www.incaudavenenum.org\/cut.the.crap\/?p=2335"},"modified":"2024-01-02T15:17:33","modified_gmt":"2024-01-02T13:17:33","slug":"les-chroniques-de-le-banni-de-le-media-episode-4","status":"publish","type":"post","link":"https:\/\/www.incaudavenenum.org\/cut.the.crap\/les-chroniques-de-le-banni-de-le-media-episode-4\/","title":{"rendered":"Les chroniques de Le Banni (de Le M\u00e9dia), \u00e9pisode 4"},"content":{"rendered":"\n<pre class=\"wp-block-verse\"><strong>R\u00e9sum\u00e9 de <a href=\"https:\/\/www.incaudavenenum.org\/cut.the.crap\/les-chroniques-de-le-banni-de-le-media-episode-3\/\">l'\u00e9pisode pr\u00e9c\u00e9dent<\/a> :<\/strong> B\u00e9n\u00e9vh\u00f4l, le guerrier de Kohop, a \u00e9t\u00e9 banni de Lm\u00e9di\u00e2h par la sinistre triade Khakobb qui cherche \u00e0 le faire passer pour un tra\u00eetre. D\u00e9sormais, il parcourt steppes arides et mar\u00e9cages boueux pour rassembler r\u00e9prouv\u00e9s et Soci\u00f4hs \u00e9pars, afin de leur r\u00e9v\u00e9ler le terrible secret du Fh\u00f4reuhm, dans le but de ramener un jour l'esprit de Kohop \u00e0 Lm\u00e9di\u00e2h. Il est : LE BANNI. <\/pre>\n\n\n\n<p>L&rsquo;ann\u00e9e 2023 s&rsquo;est achev\u00e9e avec un nouvel appel aux dons du M\u00e9dia qui a r\u00e9ussi \u00e0 r\u00e9colter environ 148000\u20ac. Bravo&#8230; mais il est \u00e0 noter que l&rsquo;ann\u00e9e derni\u00e8re, \u00e0 la m\u00eame \u00e9poque, le M\u00e9dia avait r\u00e9colt\u00e9 plus de 250000\u20ac. Promesse avait m\u00eame \u00e9t\u00e9 faite \u00e0 cette occasion que l&rsquo;argent servirait \u00e0 mettre au point une application mobile. <\/p>\n\n\n\n<figure class=\"wp-block-image size-large\"><a href=\"https:\/\/i0.wp.com\/www.incaudavenenum.org\/cut.the.crap\/wp-content\/uploads\/2023\/12\/Capture-decran-2023-12-31-a-15.36.23.png?ssl=1\"><img data-recalc-dims=\"1\" loading=\"lazy\" decoding=\"async\" width=\"840\" height=\"859\" data-attachment-id=\"2336\" data-permalink=\"https:\/\/www.incaudavenenum.org\/cut.the.crap\/les-chroniques-de-le-banni-de-le-media-episode-4\/capture-decran-2023-12-31-a-15-36-23\/\" data-orig-file=\"https:\/\/i0.wp.com\/www.incaudavenenum.org\/cut.the.crap\/wp-content\/uploads\/2023\/12\/Capture-decran-2023-12-31-a-15.36.23.png?fit=1236%2C1264&amp;ssl=1\" data-orig-size=\"1236,1264\" data-comments-opened=\"1\" data-image-meta=\"{&quot;aperture&quot;:&quot;0&quot;,&quot;credit&quot;:&quot;&quot;,&quot;camera&quot;:&quot;&quot;,&quot;caption&quot;:&quot;&quot;,&quot;created_timestamp&quot;:&quot;0&quot;,&quot;copyright&quot;:&quot;&quot;,&quot;focal_length&quot;:&quot;0&quot;,&quot;iso&quot;:&quot;0&quot;,&quot;shutter_speed&quot;:&quot;0&quot;,&quot;title&quot;:&quot;&quot;,&quot;orientation&quot;:&quot;0&quot;}\" data-image-title=\"Capture-decran-2023-12-31-a-15.36.23\" data-image-description=\"\" data-image-caption=\"\" data-large-file=\"https:\/\/i0.wp.com\/www.incaudavenenum.org\/cut.the.crap\/wp-content\/uploads\/2023\/12\/Capture-decran-2023-12-31-a-15.36.23.png?fit=840%2C859&amp;ssl=1\" src=\"https:\/\/i0.wp.com\/www.incaudavenenum.org\/cut.the.crap\/wp-content\/uploads\/2023\/12\/Capture-decran-2023-12-31-a-15.36.23.png?resize=840%2C859&#038;ssl=1\" alt=\"\" class=\"wp-image-2336\" srcset=\"https:\/\/i0.wp.com\/www.incaudavenenum.org\/cut.the.crap\/wp-content\/uploads\/2023\/12\/Capture-decran-2023-12-31-a-15.36.23.png?resize=1001%2C1024&amp;ssl=1 1001w, https:\/\/i0.wp.com\/www.incaudavenenum.org\/cut.the.crap\/wp-content\/uploads\/2023\/12\/Capture-decran-2023-12-31-a-15.36.23.png?resize=293%2C300&amp;ssl=1 293w, https:\/\/i0.wp.com\/www.incaudavenenum.org\/cut.the.crap\/wp-content\/uploads\/2023\/12\/Capture-decran-2023-12-31-a-15.36.23.png?resize=768%2C785&amp;ssl=1 768w, https:\/\/i0.wp.com\/www.incaudavenenum.org\/cut.the.crap\/wp-content\/uploads\/2023\/12\/Capture-decran-2023-12-31-a-15.36.23.png?resize=1200%2C1227&amp;ssl=1 1200w, https:\/\/i0.wp.com\/www.incaudavenenum.org\/cut.the.crap\/wp-content\/uploads\/2023\/12\/Capture-decran-2023-12-31-a-15.36.23.png?w=1236&amp;ssl=1 1236w\" sizes=\"auto, (max-width: 709px) 85vw, (max-width: 909px) 67vw, (max-width: 1362px) 62vw, 840px\" \/><\/a><figcaption class=\"wp-element-caption\"><a href=\"https:\/\/twitter.com\/lemediatv\/status\/1609104479395418118\" target=\"_blank\" rel=\"noreferrer noopener\">tweet<\/a> du 31 d\u00e9cembre 2022<\/figcaption><\/figure>\n\n\n\n<p>Un an plus tard, force est de constater que l&rsquo;application promise n&rsquo;a jamais vu le jour. Et de toute \u00e9vidence, cet argent n&rsquo;a pas servi non plus \u00e0 l&rsquo;actualisation et \u00e0 la maintenance du forum, officiellement <a href=\"https:\/\/www.facebook.com\/socios.engages\/posts\/pfbid0Z9pq3Vad4RBDtbMhVrEfEvQRveyit16cQYNCFWJYUUQjMCsTxw9STXY8GhS6AYdNl\" target=\"_blank\" rel=\"noreferrer noopener\">en panne depuis 110 jours<\/a> (m\u00eame si aucune communication officielle n&rsquo;a en r\u00e9alit\u00e9 \u00e9t\u00e9 faite aupr\u00e8s des socios, et si la th\u00e8se de la panne n&rsquo;est qu&rsquo;un gros mensonge, comme je l&rsquo;ai d\u00e9montr\u00e9 dans <a href=\"https:\/\/www.incaudavenenum.org\/cut.the.crap\/les-chroniques-de-le-banni-de-le-media-episode-3\/\">l&rsquo;\u00e9pisode pr\u00e9c\u00e9dent<\/a>). Sans s&rsquo;appuyer sur une communaut\u00e9 soud\u00e9e d&rsquo;abonn\u00e9\u00b7e\u00b7s, de soci\u00e9taires engag\u00e9\u00b7e\u00b7s et de b\u00e9n\u00e9voles investi\u00b7e\u00b7s dans des actions de soutien concr\u00e8tes, le M\u00e9dia est condamn\u00e9 \u00e0 combler son d\u00e9ficit structurel au coup par coup par des annonces de projets grandioses survendus, pour ne pas dire mensongers. A c\u00f4t\u00e9 de la vraie prouesse des directs quotidiens de \u00ab\u00a0la Contre-Matinale\u00a0\u00bb puis de \u00ab\u00a0Toujours Debout\u00a0\u00bb r\u00e9alis\u00e9s sans grands moyens (mais \u00e0 quel prix humain ?), les campagnes du M\u00e9dia ont en effet tendance \u00e0 promettre l&rsquo;impossible : une application mobile, comme on vient de le voir, mais aussi une diffusion sur la TNT et sur les box&#8230; projet qui a accouch\u00e9 d&rsquo;une diffusion sur les seules freebox pour un an, les autres op\u00e9rateurs ayant refus\u00e9 et l&rsquo;agr\u00e9ment pour la TNT \u00e9tant en r\u00e9alit\u00e9 financi\u00e8rement inaccessible (sans parler des obstacles techniques et politiques).<\/p>\n\n\n\n<!--more-->\n\n\n\n<p>Apr\u00e8s la derni\u00e8re lev\u00e9e de fonds (d\u00e9j\u00e0 d\u00e9cevante) de l&rsquo;automne, il y a donc des soucis \u00e0 se faire pour le financement du nouveau p\u00f4le enqu\u00eate (laiss\u00e9 en plan apr\u00e8s le d\u00e9part myst\u00e9rieux de Thomas Dietrich au printemps 2023, dans des circonstances rocambolesques qui pourraient alimenter plusieurs de ces chroniques \u00e0 elles toutes seules). Souhaitons de tout coeur \u00e0 la nouvelle recrue prometteuse, Nadia Sweeny, de ne pas conna\u00eetre les m\u00eames d\u00e9boires.<\/p>\n\n\n\n<figure class=\"wp-block-embed is-type-video is-provider-youtube wp-block-embed-youtube wp-embed-aspect-16-9 wp-has-aspect-ratio\"><div class=\"wp-block-embed__wrapper\">\n<span class=\"embed-youtube\" style=\"text-align:center; display: block;\"><iframe loading=\"lazy\" class=\"youtube-player\" width=\"840\" height=\"473\" src=\"https:\/\/www.youtube.com\/embed\/NMpUAKPL_Is?version=3&#038;rel=1&#038;showsearch=0&#038;showinfo=1&#038;iv_load_policy=1&#038;fs=1&#038;hl=fr-FR&#038;autohide=2&#038;wmode=transparent\" allowfullscreen=\"true\" style=\"border:0;\" sandbox=\"allow-scripts allow-same-origin allow-popups allow-presentation allow-popups-to-escape-sandbox\"><\/iframe><\/span>\n<\/div><\/figure>\n\n\n\n<p><\/p>\n\n\n\n<p>Quand on pense que 148000\u20ac, cela \u00e9quivaut \u00e0 peine \u00e0 un mois de d\u00e9penses du M\u00e9dia, on voit que cela laisse peu de marges pour d\u00e9velopper un vrai p\u00f4le enqu\u00eate. A ce sujet, quand un\u00b7e membre du Conseil de surveillance r\u00e9clame des rapports financiers ou des compte-rendus, la r\u00e9ponse du directoire est, dans le meilleur des cas : \u00ab\u00a0on peut le faire\u00a0\u00bb, comme le S\u00e2r Rabindranath Duval pouvait \u00ab\u00a0le dire\u00a0\u00bb dans le fameux sketch de Pierre Dac et Francis Blanche.<\/p>\n\n\n\n<figure class=\"wp-block-embed is-type-video is-provider-youtube wp-block-embed-youtube wp-embed-aspect-4-3 wp-has-aspect-ratio\"><div class=\"wp-block-embed__wrapper\">\n<span class=\"embed-youtube\" style=\"text-align:center; display: block;\"><iframe loading=\"lazy\" class=\"youtube-player\" width=\"840\" height=\"473\" src=\"https:\/\/www.youtube.com\/embed\/TMZFEUyCwwk?version=3&#038;rel=1&#038;showsearch=0&#038;showinfo=1&#038;iv_load_policy=1&#038;fs=1&#038;hl=fr-FR&#038;autohide=2&#038;start=214&#038;wmode=transparent\" allowfullscreen=\"true\" style=\"border:0;\" sandbox=\"allow-scripts allow-same-origin allow-popups allow-presentation allow-popups-to-escape-sandbox\"><\/iframe><\/span>\n<\/div><\/figure>\n\n\n\n<p><\/p>\n\n\n\n<p>Quant \u00e0 un budget pr\u00e9visionnel pour 2024, ne r\u00eavons pas. Selon le directoire, les rentr\u00e9es sont trop al\u00e9atoires pour en pr\u00e9voir, et quiconque oserait dire qu&rsquo;il doit bien \u00eatre envisageable de pr\u00e9voir des fourchettes hautes et basses se verrait traiter aussit\u00f4t de malveillant. De m\u00eame, le directoire ne fournit pas de liste \u00e0 jour du personnel sous pr\u00e9texte que \u00ab\u00a0c&rsquo;est amen\u00e9 \u00e0 changer\u00a0\u00bb. Un peu comme quand tes gosses te disent que cela ne sert \u00e0 rien de faire son lit le matin puisqu\u2019on va le re-d\u00e9faire le soir, me faisait observer ce matin-m\u00eame une camarade socio.<\/p>\n\n\n\n<p>Personnellement, je maintiens que traiter les socios et b\u00e9n\u00e9voles en ennemis, m\u00e9priser, museler, bannir et calomnier les plus fid\u00e8les soutiens de la coop\u00e9rative, n&rsquo;est pas la meilleure mani\u00e8re d&rsquo;assurer le financement durable de la structure et de ses projets par des abonnements p\u00e9rennes et des dons r\u00e9guliers. A ce sujet, je voudrais d&rsquo;ailleurs tordre le cou \u00e0 la rumeur que le directoire fait circuler : nous ne serions en effet qu&rsquo;une poign\u00e9e de malveillant\u00b7e\u00b7s occup\u00e9s \u00e0 d\u00e9nigrer le M\u00e9dia pour nuire \u00e0 sa campagne de dons. <\/p>\n\n\n\n<figure class=\"wp-block-image size-large\"><a href=\"https:\/\/i0.wp.com\/www.incaudavenenum.org\/cut.the.crap\/wp-content\/uploads\/2023\/12\/Capture-decran-2023-12-31-a-18.03.09.png?ssl=1\"><img data-recalc-dims=\"1\" loading=\"lazy\" decoding=\"async\" width=\"840\" height=\"302\" data-attachment-id=\"2337\" data-permalink=\"https:\/\/www.incaudavenenum.org\/cut.the.crap\/les-chroniques-de-le-banni-de-le-media-episode-4\/capture-decran-2023-12-31-a-18-03-09\/\" data-orig-file=\"https:\/\/i0.wp.com\/www.incaudavenenum.org\/cut.the.crap\/wp-content\/uploads\/2023\/12\/Capture-decran-2023-12-31-a-18.03.09.png?fit=1198%2C430&amp;ssl=1\" data-orig-size=\"1198,430\" data-comments-opened=\"1\" data-image-meta=\"{&quot;aperture&quot;:&quot;0&quot;,&quot;credit&quot;:&quot;&quot;,&quot;camera&quot;:&quot;&quot;,&quot;caption&quot;:&quot;&quot;,&quot;created_timestamp&quot;:&quot;0&quot;,&quot;copyright&quot;:&quot;&quot;,&quot;focal_length&quot;:&quot;0&quot;,&quot;iso&quot;:&quot;0&quot;,&quot;shutter_speed&quot;:&quot;0&quot;,&quot;title&quot;:&quot;&quot;,&quot;orientation&quot;:&quot;0&quot;}\" data-image-title=\"Capture-decran-2023-12-31-a-18.03.09\" data-image-description=\"\" data-image-caption=\"\" data-large-file=\"https:\/\/i0.wp.com\/www.incaudavenenum.org\/cut.the.crap\/wp-content\/uploads\/2023\/12\/Capture-decran-2023-12-31-a-18.03.09.png?fit=840%2C302&amp;ssl=1\" src=\"https:\/\/i0.wp.com\/www.incaudavenenum.org\/cut.the.crap\/wp-content\/uploads\/2023\/12\/Capture-decran-2023-12-31-a-18.03.09.png?resize=840%2C302&#038;ssl=1\" alt=\"\" class=\"wp-image-2337\" srcset=\"https:\/\/i0.wp.com\/www.incaudavenenum.org\/cut.the.crap\/wp-content\/uploads\/2023\/12\/Capture-decran-2023-12-31-a-18.03.09.png?resize=1024%2C368&amp;ssl=1 1024w, https:\/\/i0.wp.com\/www.incaudavenenum.org\/cut.the.crap\/wp-content\/uploads\/2023\/12\/Capture-decran-2023-12-31-a-18.03.09.png?resize=300%2C108&amp;ssl=1 300w, https:\/\/i0.wp.com\/www.incaudavenenum.org\/cut.the.crap\/wp-content\/uploads\/2023\/12\/Capture-decran-2023-12-31-a-18.03.09.png?resize=768%2C276&amp;ssl=1 768w, https:\/\/i0.wp.com\/www.incaudavenenum.org\/cut.the.crap\/wp-content\/uploads\/2023\/12\/Capture-decran-2023-12-31-a-18.03.09.png?w=1198&amp;ssl=1 1198w\" sizes=\"auto, (max-width: 709px) 85vw, (max-width: 909px) 67vw, (max-width: 1362px) 62vw, 840px\" \/><\/a><figcaption class=\"wp-element-caption\"><a href=\"https:\/\/x.com\/EspDomOnagrine\/status\/1740433925015822811?s=20\" target=\"_blank\" rel=\"noreferrer noopener\">tweet<\/a> d&rsquo;une socio visiblement contact\u00e9e en priv\u00e9 par le directoire<\/figcaption><\/figure>\n\n\n\n<p><\/p>\n\n\n\n<p>Notons d\u00e9j\u00e0 le paradoxe entre le fait que nous ne serions qu&rsquo;une poign\u00e9e et le fait que nous aurions une capacit\u00e9 de nuisance qui n\u00e9cessiterait d&rsquo;\u00eatre d\u00e9nonc\u00e9e en priv\u00e9 aupr\u00e8s de celles et ceux qui ont l&rsquo;audace de <em>liker<\/em> ou commenter les tweets ou autres posts des <a href=\"https:\/\/twitter.com\/SociosEngages\" target=\"_blank\" rel=\"noreferrer noopener\">Socios Engag\u00e9\u00b7e\u00b7s<\/a>. <\/p>\n\n\n\n<p>Que les choses soient claires : nous ne cherchons pas du tout \u00e0 nuire au M\u00e9dia, dont nous sommes bel et bien toujours soci\u00e9taires et dont nous appr\u00e9cions la majorit\u00e9 des programmes ; au contraire, nous cherchons \u00e0 le sauver, et ce sont bien les agissements et les fautes du directoire qui le mettent en danger. Nous sommes tout dispos\u00e9s \u00e0 en discuter en interne, \u00e0 chercher des compromis pour que les statuts soient respect\u00e9s et que les actuels dirigeant\u00b7e\u00b7s puissent exercer leur mandat dans ce cadre, \u00e0 mettre nos propositions en d\u00e9bat devant les socios et \u00e0 les soumettre \u00e0 l&rsquo;\u00e9preuve du vote d\u00e9mocratique, mais plus nous serons priv\u00e9s de nos droits de soci\u00e9taires et de toute possibilit\u00e9 de nous exprimer en interne plus nous serons contraints d&rsquo;\u00e9taler les probl\u00e8mes dont nous avons connaissance sur la place publique afin de toucher d&rsquo;autres socios (que nous n&rsquo;avons pas d&rsquo;autre moyen de joindre tant que le forum n&rsquo;est pas r\u00e9tabli et que nous y sommes censur\u00e9\u00b7e\u00b7s en dehors de toute r\u00e8gle). Plus nous nous heurterons \u00e0  une r\u00e9pression arbitraire ill\u00e9gitime et infond\u00e9e plus nous serons amen\u00e9s \u00e0 demander des comptes au directoire sur ses nombreux manquements et \u00e0 faire conna\u00eetre ceux-ci au grand public. Nous reprocher de nous exprimer en public quand on nous emp\u00eache autoritairement de le faire en interne est un sophisme hypocrite qui ne trompera, je l&rsquo;esp\u00e8re, personne.<\/p>\n\n\n\n<p>Mais en cette nouvelle ann\u00e9e 2024, je ne veux pas bouder mon plaisir : apr\u00e8s avoir assur\u00e9 le Conseil de surveillance que le forum \u00e9tait victime d&rsquo;un bug irr\u00e9parable en l&rsquo;\u00e9tat, le directoire semble maintenant faire courir la rumeur de sa r\u00e9ouverture en janvier. C&rsquo;est une bonne nouvelle&#8230; \u00e0 condition que ce ne soit pas un nouveau mensonge, et \u00e0 condition de r\u00e9int\u00e9grer \u00e0 cette occasion ceux qui, comme moi, en ont \u00e9t\u00e9 bannis sans aucun motif. Comme j&rsquo;ai de bonnes raisons d&rsquo;\u00eatre m\u00e9fiant, j&rsquo;invite sans plus attendre les socios, abonn\u00e9\u00b7e\u00b7s, donateur\u00b7ice\u00b7s et soutiens du M\u00e9dia, ainsi que les salari\u00e9\u00b7e\u00b7s de notre <a href=\"https:\/\/fr.wikipedia.org\/wiki\/Soci%C3%A9t%C3%A9_coop%C3%A9rative_d'int%C3%A9r%C3%AAt_collectif\" target=\"_blank\" rel=\"noreferrer noopener\">SCIC<\/a>, \u00e0 rejoindre le serveur Discord \u00ab\u00a0<a href=\"https:\/\/discord.gg\/stSdWY64\" target=\"_blank\" rel=\"noreferrer noopener\">Sauvons le M\u00e9dia<\/a>\u00a0\u00bb pour discuter ensemble librement de ce que nous pouvons faire pour assainir la structure et garantir son fonctionnement coop\u00e9ratif, conform\u00e9ment \u00e0 son <a href=\"https:\/\/www.lemediatv.fr\/annexes\/manifeste\" target=\"_blank\" rel=\"noreferrer noopener\">manifeste<\/a>, \u00e0 ses <a href=\"https:\/\/www.lemediatv.fr\/annexes\/statuts\" target=\"_blank\" rel=\"noreferrer noopener\">statuts<\/a> et \u00e0 son <a href=\"https:\/\/www.lemediatv.fr\/annexes\/reglement-interieur\" target=\"_blank\" rel=\"noreferrer noopener\">r\u00e8glement int\u00e9rieur<\/a>.<\/p>\n\n\n\n<p>A suivre&#8230;<\/p>\n\n\n\n<figure class=\"wp-block-embed is-type-video is-provider-youtube wp-block-embed-youtube wp-embed-aspect-16-9 wp-has-aspect-ratio\"><div class=\"wp-block-embed__wrapper\">\n<span class=\"embed-youtube\" style=\"text-align:center; display: block;\"><iframe loading=\"lazy\" class=\"youtube-player\" width=\"840\" height=\"473\" src=\"https:\/\/www.youtube.com\/embed\/u-aJAcChpxY?version=3&#038;rel=1&#038;showsearch=0&#038;showinfo=1&#038;iv_load_policy=1&#038;fs=1&#038;hl=fr-FR&#038;autohide=2&#038;wmode=transparent\" allowfullscreen=\"true\" style=\"border:0;\" sandbox=\"allow-scripts allow-same-origin allow-popups allow-presentation allow-popups-to-escape-sandbox\"><\/iframe><\/span>\n<\/div><figcaption class=\"wp-element-caption\">L&rsquo;aventure continue<\/figcaption><\/figure>\n\n\n\n<h2 class=\"wp-block-heading\">Autres \u00e9pisodes :<\/h2>\n\n\n<ul class=\"wp-block-latest-posts__list wp-block-latest-posts\"><li><a class=\"wp-block-latest-posts__post-title\" href=\"https:\/\/www.incaudavenenum.org\/cut.the.crap\/les-chroniques-de-le-banni-de-le-media-episode-11\/\">Les chroniques de Le Banni (de Le M\u00e9dia), \u00e9pisode 11<\/a><\/li>\n<li><a class=\"wp-block-latest-posts__post-title\" href=\"https:\/\/www.incaudavenenum.org\/cut.the.crap\/les-chroniques-de-le-banni-de-le-media-episode-10\/\">Les chroniques de Le Banni (de Le M\u00e9dia), \u00e9pisode 10<\/a><\/li>\n<li><a class=\"wp-block-latest-posts__post-title\" href=\"https:\/\/www.incaudavenenum.org\/cut.the.crap\/les-chroniques-de-le-banni-de-le-media-episode-9\/\">Les chroniques de Le Banni (de Le M\u00e9dia), \u00e9pisode 9<\/a><\/li>\n<li><a class=\"wp-block-latest-posts__post-title\" href=\"https:\/\/www.incaudavenenum.org\/cut.the.crap\/les-chroniques-de-le-banni-de-le-media-episode-8\/\">Les chroniques de Le Banni (de Le M\u00e9dia), \u00e9pisode 8<\/a><\/li>\n<li><a class=\"wp-block-latest-posts__post-title\" href=\"https:\/\/www.incaudavenenum.org\/cut.the.crap\/les-chroniques-de-le-banni-de-le-media-episode-7\/\">Les chroniques de Le Banni (de Le M\u00e9dia), \u00e9pisode 7<\/a><\/li>\n<li><a class=\"wp-block-latest-posts__post-title\" href=\"https:\/\/www.incaudavenenum.org\/cut.the.crap\/les-chroniques-de-le-banni-de-le-media-episode-6\/\">Les chroniques de Le Banni (de Le M\u00e9dia), \u00e9pisode 6<\/a><\/li>\n<li><a class=\"wp-block-latest-posts__post-title\" href=\"https:\/\/www.incaudavenenum.org\/cut.the.crap\/les-chroniques-de-le-banni-de-le-media-episode-5\/\">Les chroniques de Le Banni (de Le M\u00e9dia), \u00e9pisode 5<\/a><\/li>\n<li><a class=\"wp-block-latest-posts__post-title\" href=\"https:\/\/www.incaudavenenum.org\/cut.the.crap\/les-chroniques-de-le-banni-de-le-media-episode-4\/\">Les chroniques de Le Banni (de Le M\u00e9dia), \u00e9pisode 4<\/a><\/li>\n<li><a class=\"wp-block-latest-posts__post-title\" href=\"https:\/\/www.incaudavenenum.org\/cut.the.crap\/les-chroniques-de-le-banni-de-le-media-episode-3\/\">Les chroniques de Le Banni (de Le M\u00e9dia), \u00e9pisode 3<\/a><\/li>\n<li><a class=\"wp-block-latest-posts__post-title\" href=\"https:\/\/www.incaudavenenum.org\/cut.the.crap\/les-chroniques-de-le-banni-de-le-media-episode-2\/\">Les chroniques de Le Banni (de Le M\u00e9dia), \u00e9pisode 2<\/a><\/li>\n<li><a class=\"wp-block-latest-posts__post-title\" href=\"https:\/\/www.incaudavenenum.org\/cut.the.crap\/les-chroniques-de-le-banni-de-le-media-episode-1\/\">Les chroniques de Le Banni (de Le M\u00e9dia), \u00e9pisode 1<\/a><\/li>\n<\/ul>","protected":false},"excerpt":{"rendered":"<p>R\u00e9sum\u00e9 de l&rsquo;\u00e9pisode pr\u00e9c\u00e9dent : B\u00e9n\u00e9vh\u00f4l, le guerrier de Kohop, a \u00e9t\u00e9 banni de Lm\u00e9di\u00e2h par la sinistre triade Khakobb qui cherche \u00e0 le faire passer pour un tra\u00eetre. D\u00e9sormais, il parcourt steppes arides et mar\u00e9cages boueux pour rassembler r\u00e9prouv\u00e9s et Soci\u00f4hs \u00e9pars, afin de leur r\u00e9v\u00e9ler le terrible secret du Fh\u00f4reuhm, dans le but &hellip; <a href=\"https:\/\/www.incaudavenenum.org\/cut.the.crap\/les-chroniques-de-le-banni-de-le-media-episode-4\/\" class=\"more-link\">Continuer la lecture<span class=\"screen-reader-text\"> de &laquo;&nbsp;Les chroniques de Le Banni (de Le M\u00e9dia), \u00e9pisode 4&nbsp;&raquo;<\/span><\/a><\/p>\n","protected":false},"author":1,"featured_media":0,"comment_status":"open","ping_status":"open","sticky":false,"template":"","format":"standard","meta":{"jetpack_post_was_ever_published":false,"_jetpack_newsletter_access":"","_jetpack_dont_email_post_to_subs":false,"_jetpack_newsletter_tier_id":0,"_jetpack_memberships_contains_paywalled_content":false,"_jetpack_memberships_contains_paid_content":false,"footnotes":"","jetpack_publicize_message":"","jetpack_publicize_feature_enabled":true,"jetpack_social_post_already_shared":true,"jetpack_social_options":{"image_generator_settings":{"template":"highway","default_image_id":0,"font":"","enabled":false},"version":2}},"categories":[711,7],"tags":[712,705,400],"class_list":["post-2335","post","type-post","status-publish","format-standard","hentry","category-le-banni","category-resistance","tag-discord","tag-le-banni","tag-le-media"],"yoast_head":"<!-- This site is optimized with the Yoast SEO plugin v27.5 - https:\/\/yoast.com\/product\/yoast-seo-wordpress\/ -->\n<title>Les chroniques de Le Banni (de Le M\u00e9dia), \u00e9pisode 4 - Cut The Crap<\/title>\n<meta name=\"robots\" content=\"index, follow, max-snippet:-1, max-image-preview:large, max-video-preview:-1\" \/>\n<link rel=\"canonical\" href=\"https:\/\/www.incaudavenenum.org\/cut.the.crap\/les-chroniques-de-le-banni-de-le-media-episode-4\/\" \/>\n<meta property=\"og:locale\" content=\"fr_FR\" \/>\n<meta property=\"og:type\" content=\"article\" \/>\n<meta property=\"og:title\" content=\"Les chroniques de Le Banni (de Le M\u00e9dia), \u00e9pisode 4\" \/>\n<meta property=\"og:description\" content=\"Dans cet \u00e9pisode, le Banni explose le mythe des socios r\u00e2leurs et d\u00e9crypte le probl\u00e8me des campagnes de dons du M\u00e9dia.\" \/>\n<meta property=\"og:url\" content=\"https:\/\/www.incaudavenenum.org\/cut.the.crap\/les-chroniques-de-le-banni-de-le-media-episode-4\/\" \/>\n<meta property=\"og:site_name\" content=\"Cut The Crap\" \/>\n<meta property=\"article:publisher\" content=\"https:\/\/www.facebook.com\/Cut-the-Crap-239882412697830\/\" \/>\n<meta property=\"article:author\" content=\"https:\/\/www.facebook.com\/cut.the.crap.free.fr\" \/>\n<meta property=\"article:published_time\" content=\"2024-01-01T11:48:41+00:00\" \/>\n<meta property=\"article:modified_time\" content=\"2024-01-02T13:17:33+00:00\" \/>\n<meta property=\"og:image\" content=\"https:\/\/www.incaudavenenum.org\/cut.the.crap\/wp-content\/uploads\/2024\/01\/Capture-decran-2024-01-01-a-11.57.55.png\" \/>\n\t<meta property=\"og:image:width\" content=\"1122\" \/>\n\t<meta property=\"og:image:height\" content=\"538\" \/>\n\t<meta property=\"og:image:type\" content=\"image\/png\" \/>\n<meta name=\"author\" content=\"Serge Victor\" \/>\n<meta name=\"twitter:card\" content=\"summary_large_image\" \/>\n<meta name=\"twitter:title\" content=\"Les chroniques de Le Banni (de Le M\u00e9dia), \u00e9pisode 4\" \/>\n<meta name=\"twitter:description\" content=\"Dans cet \u00e9pisode, le Banni explose le mythe des socios r\u00e2leurs et d\u00e9crypte le probl\u00e8me des campagnes de dons du M\u00e9dia.\" \/>\n<meta name=\"twitter:image\" content=\"https:\/\/i0.wp.com\/www.incaudavenenum.org\/cut.the.crap\/wp-content\/uploads\/2024\/01\/Capture-decran-2024-01-01-a-11.57.55.png?fit=1122%2C538&ssl=1\" \/>\n<meta name=\"twitter:creator\" content=\"@cutzecrap\" \/>\n<meta name=\"twitter:site\" content=\"@cutzecrap\" \/>\n<meta name=\"twitter:label1\" content=\"\u00c9crit par\" \/>\n\t<meta name=\"twitter:data1\" content=\"Serge Victor\" \/>\n\t<meta name=\"twitter:label2\" content=\"Dur\u00e9e de lecture estim\u00e9e\" \/>\n\t<meta name=\"twitter:data2\" content=\"6 minutes\" \/>\n<script type=\"application\/ld+json\" class=\"yoast-schema-graph\">{\"@context\":\"https:\\\/\\\/schema.org\",\"@graph\":[{\"@type\":\"Article\",\"@id\":\"https:\\\/\\\/www.incaudavenenum.org\\\/cut.the.crap\\\/les-chroniques-de-le-banni-de-le-media-episode-4\\\/#article\",\"isPartOf\":{\"@id\":\"https:\\\/\\\/www.incaudavenenum.org\\\/cut.the.crap\\\/les-chroniques-de-le-banni-de-le-media-episode-4\\\/\"},\"author\":{\"name\":\"Serge Victor\",\"@id\":\"https:\\\/\\\/www.incaudavenenum.org\\\/cut.the.crap\\\/#\\\/schema\\\/person\\\/39fa901f2f251d6be7e35d8d58a8d1b4\"},\"headline\":\"Les chroniques de Le Banni (de Le M\u00e9dia), \u00e9pisode 4\",\"datePublished\":\"2024-01-01T11:48:41+00:00\",\"dateModified\":\"2024-01-02T13:17:33+00:00\",\"mainEntityOfPage\":{\"@id\":\"https:\\\/\\\/www.incaudavenenum.org\\\/cut.the.crap\\\/les-chroniques-de-le-banni-de-le-media-episode-4\\\/\"},\"wordCount\":1201,\"commentCount\":0,\"publisher\":{\"@id\":\"https:\\\/\\\/www.incaudavenenum.org\\\/cut.the.crap\\\/#organization\"},\"image\":{\"@id\":\"https:\\\/\\\/www.incaudavenenum.org\\\/cut.the.crap\\\/les-chroniques-de-le-banni-de-le-media-episode-4\\\/#primaryimage\"},\"thumbnailUrl\":\"https:\\\/\\\/www.incaudavenenum.org\\\/cut.the.crap\\\/wp-content\\\/uploads\\\/2023\\\/12\\\/Capture-decran-2023-12-31-a-15.36.23-1001x1024.png\",\"keywords\":[\"discord\",\"Le Banni\",\"Le M\u00e9dia\"],\"articleSection\":[\"Le Banni\",\"R\u00e9sistance\"],\"inLanguage\":\"fr-FR\",\"potentialAction\":[{\"@type\":\"CommentAction\",\"name\":\"Comment\",\"target\":[\"https:\\\/\\\/www.incaudavenenum.org\\\/cut.the.crap\\\/les-chroniques-de-le-banni-de-le-media-episode-4\\\/#respond\"]}]},{\"@type\":\"WebPage\",\"@id\":\"https:\\\/\\\/www.incaudavenenum.org\\\/cut.the.crap\\\/les-chroniques-de-le-banni-de-le-media-episode-4\\\/\",\"url\":\"https:\\\/\\\/www.incaudavenenum.org\\\/cut.the.crap\\\/les-chroniques-de-le-banni-de-le-media-episode-4\\\/\",\"name\":\"Les chroniques de Le Banni (de Le M\u00e9dia), \u00e9pisode 4 - Cut The Crap\",\"isPartOf\":{\"@id\":\"https:\\\/\\\/www.incaudavenenum.org\\\/cut.the.crap\\\/#website\"},\"primaryImageOfPage\":{\"@id\":\"https:\\\/\\\/www.incaudavenenum.org\\\/cut.the.crap\\\/les-chroniques-de-le-banni-de-le-media-episode-4\\\/#primaryimage\"},\"image\":{\"@id\":\"https:\\\/\\\/www.incaudavenenum.org\\\/cut.the.crap\\\/les-chroniques-de-le-banni-de-le-media-episode-4\\\/#primaryimage\"},\"thumbnailUrl\":\"https:\\\/\\\/www.incaudavenenum.org\\\/cut.the.crap\\\/wp-content\\\/uploads\\\/2023\\\/12\\\/Capture-decran-2023-12-31-a-15.36.23-1001x1024.png\",\"datePublished\":\"2024-01-01T11:48:41+00:00\",\"dateModified\":\"2024-01-02T13:17:33+00:00\",\"breadcrumb\":{\"@id\":\"https:\\\/\\\/www.incaudavenenum.org\\\/cut.the.crap\\\/les-chroniques-de-le-banni-de-le-media-episode-4\\\/#breadcrumb\"},\"inLanguage\":\"fr-FR\",\"potentialAction\":[{\"@type\":\"ReadAction\",\"target\":[\"https:\\\/\\\/www.incaudavenenum.org\\\/cut.the.crap\\\/les-chroniques-de-le-banni-de-le-media-episode-4\\\/\"]}]},{\"@type\":\"ImageObject\",\"inLanguage\":\"fr-FR\",\"@id\":\"https:\\\/\\\/www.incaudavenenum.org\\\/cut.the.crap\\\/les-chroniques-de-le-banni-de-le-media-episode-4\\\/#primaryimage\",\"url\":\"https:\\\/\\\/i0.wp.com\\\/www.incaudavenenum.org\\\/cut.the.crap\\\/wp-content\\\/uploads\\\/2023\\\/12\\\/Capture-decran-2023-12-31-a-15.36.23.png?fit=1236%2C1264&ssl=1\",\"contentUrl\":\"https:\\\/\\\/i0.wp.com\\\/www.incaudavenenum.org\\\/cut.the.crap\\\/wp-content\\\/uploads\\\/2023\\\/12\\\/Capture-decran-2023-12-31-a-15.36.23.png?fit=1236%2C1264&ssl=1\",\"width\":1236,\"height\":1264},{\"@type\":\"BreadcrumbList\",\"@id\":\"https:\\\/\\\/www.incaudavenenum.org\\\/cut.the.crap\\\/les-chroniques-de-le-banni-de-le-media-episode-4\\\/#breadcrumb\",\"itemListElement\":[{\"@type\":\"ListItem\",\"position\":1,\"name\":\"Accueil\",\"item\":\"https:\\\/\\\/www.incaudavenenum.org\\\/cut.the.crap\\\/\"},{\"@type\":\"ListItem\",\"position\":2,\"name\":\"Les chroniques de Le Banni (de Le M\u00e9dia), \u00e9pisode 4\"}]},{\"@type\":\"WebSite\",\"@id\":\"https:\\\/\\\/www.incaudavenenum.org\\\/cut.the.crap\\\/#website\",\"url\":\"https:\\\/\\\/www.incaudavenenum.org\\\/cut.the.crap\\\/\",\"name\":\"Cut The Crap\",\"description\":\"Blog de gauche\",\"publisher\":{\"@id\":\"https:\\\/\\\/www.incaudavenenum.org\\\/cut.the.crap\\\/#organization\"},\"potentialAction\":[{\"@type\":\"SearchAction\",\"target\":{\"@type\":\"EntryPoint\",\"urlTemplate\":\"https:\\\/\\\/www.incaudavenenum.org\\\/cut.the.crap\\\/?s={search_term_string}\"},\"query-input\":{\"@type\":\"PropertyValueSpecification\",\"valueRequired\":true,\"valueName\":\"search_term_string\"}}],\"inLanguage\":\"fr-FR\"},{\"@type\":\"Organization\",\"@id\":\"https:\\\/\\\/www.incaudavenenum.org\\\/cut.the.crap\\\/#organization\",\"name\":\"Cut The Crap\",\"url\":\"https:\\\/\\\/www.incaudavenenum.org\\\/cut.the.crap\\\/\",\"logo\":{\"@type\":\"ImageObject\",\"inLanguage\":\"fr-FR\",\"@id\":\"https:\\\/\\\/www.incaudavenenum.org\\\/cut.the.crap\\\/#\\\/schema\\\/logo\\\/image\\\/\",\"url\":\"https:\\\/\\\/i1.wp.com\\\/www.incaudavenenum.org\\\/cut.the.crap\\\/wp-content\\\/uploads\\\/2018\\\/01\\\/cTc.png?fit=100%2C95\",\"contentUrl\":\"https:\\\/\\\/i1.wp.com\\\/www.incaudavenenum.org\\\/cut.the.crap\\\/wp-content\\\/uploads\\\/2018\\\/01\\\/cTc.png?fit=100%2C95\",\"width\":100,\"height\":95,\"caption\":\"Cut The Crap\"},\"image\":{\"@id\":\"https:\\\/\\\/www.incaudavenenum.org\\\/cut.the.crap\\\/#\\\/schema\\\/logo\\\/image\\\/\"},\"sameAs\":[\"https:\\\/\\\/www.facebook.com\\\/Cut-the-Crap-239882412697830\\\/\",\"https:\\\/\\\/x.com\\\/cutzecrap\"]},{\"@type\":\"Person\",\"@id\":\"https:\\\/\\\/www.incaudavenenum.org\\\/cut.the.crap\\\/#\\\/schema\\\/person\\\/39fa901f2f251d6be7e35d8d58a8d1b4\",\"name\":\"Serge Victor\",\"image\":{\"@type\":\"ImageObject\",\"inLanguage\":\"fr-FR\",\"@id\":\"https:\\\/\\\/secure.gravatar.com\\\/avatar\\\/1e2fd85bc69a7e81bf6242704119d1669b9a3ab337deeaf0e9141b764210481a?s=96&d=mm&r=g\",\"url\":\"https:\\\/\\\/secure.gravatar.com\\\/avatar\\\/1e2fd85bc69a7e81bf6242704119d1669b9a3ab337deeaf0e9141b764210481a?s=96&d=mm&r=g\",\"contentUrl\":\"https:\\\/\\\/secure.gravatar.com\\\/avatar\\\/1e2fd85bc69a7e81bf6242704119d1669b9a3ab337deeaf0e9141b764210481a?s=96&d=mm&r=g\",\"caption\":\"Serge Victor\"},\"description\":\"Militant de gauche, \u00e9cosocialiste, f\u00e9ministe, autogestionnaire\",\"sameAs\":[\"https:\\\/\\\/www.incaudavenenum.org\\\/cut.the.crap\\\/\",\"https:\\\/\\\/www.facebook.com\\\/cut.the.crap.free.fr\",\"https:\\\/\\\/x.com\\\/cutzecrap\"],\"url\":\"https:\\\/\\\/www.incaudavenenum.org\\\/cut.the.crap\\\/author\\\/sergevictor\\\/\"}]}<\/script>\n<!-- \/ Yoast SEO plugin. -->","yoast_head_json":{"title":"Les chroniques de Le Banni (de Le M\u00e9dia), \u00e9pisode 4 - Cut The Crap","robots":{"index":"index","follow":"follow","max-snippet":"max-snippet:-1","max-image-preview":"max-image-preview:large","max-video-preview":"max-video-preview:-1"},"canonical":"https:\/\/www.incaudavenenum.org\/cut.the.crap\/les-chroniques-de-le-banni-de-le-media-episode-4\/","og_locale":"fr_FR","og_type":"article","og_title":"Les chroniques de Le Banni (de Le M\u00e9dia), \u00e9pisode 4","og_description":"Dans cet \u00e9pisode, le Banni explose le mythe des socios r\u00e2leurs et d\u00e9crypte le probl\u00e8me des campagnes de dons du M\u00e9dia.","og_url":"https:\/\/www.incaudavenenum.org\/cut.the.crap\/les-chroniques-de-le-banni-de-le-media-episode-4\/","og_site_name":"Cut The Crap","article_publisher":"https:\/\/www.facebook.com\/Cut-the-Crap-239882412697830\/","article_author":"https:\/\/www.facebook.com\/cut.the.crap.free.fr","article_published_time":"2024-01-01T11:48:41+00:00","article_modified_time":"2024-01-02T13:17:33+00:00","og_image":[{"width":1122,"height":538,"url":"https:\/\/www.incaudavenenum.org\/cut.the.crap\/wp-content\/uploads\/2024\/01\/Capture-decran-2024-01-01-a-11.57.55.png","type":"image\/png"}],"author":"Serge Victor","twitter_card":"summary_large_image","twitter_title":"Les chroniques de Le Banni (de Le M\u00e9dia), \u00e9pisode 4","twitter_description":"Dans cet \u00e9pisode, le Banni explose le mythe des socios r\u00e2leurs et d\u00e9crypte le probl\u00e8me des campagnes de dons du M\u00e9dia.","twitter_image":"https:\/\/i0.wp.com\/www.incaudavenenum.org\/cut.the.crap\/wp-content\/uploads\/2024\/01\/Capture-decran-2024-01-01-a-11.57.55.png?fit=1122%2C538&ssl=1","twitter_creator":"@cutzecrap","twitter_site":"@cutzecrap","twitter_misc":{"\u00c9crit par":"Serge Victor","Dur\u00e9e de lecture estim\u00e9e":"6 minutes"},"schema":{"@context":"https:\/\/schema.org","@graph":[{"@type":"Article","@id":"https:\/\/www.incaudavenenum.org\/cut.the.crap\/les-chroniques-de-le-banni-de-le-media-episode-4\/#article","isPartOf":{"@id":"https:\/\/www.incaudavenenum.org\/cut.the.crap\/les-chroniques-de-le-banni-de-le-media-episode-4\/"},"author":{"name":"Serge Victor","@id":"https:\/\/www.incaudavenenum.org\/cut.the.crap\/#\/schema\/person\/39fa901f2f251d6be7e35d8d58a8d1b4"},"headline":"Les chroniques de Le Banni (de Le M\u00e9dia), \u00e9pisode 4","datePublished":"2024-01-01T11:48:41+00:00","dateModified":"2024-01-02T13:17:33+00:00","mainEntityOfPage":{"@id":"https:\/\/www.incaudavenenum.org\/cut.the.crap\/les-chroniques-de-le-banni-de-le-media-episode-4\/"},"wordCount":1201,"commentCount":0,"publisher":{"@id":"https:\/\/www.incaudavenenum.org\/cut.the.crap\/#organization"},"image":{"@id":"https:\/\/www.incaudavenenum.org\/cut.the.crap\/les-chroniques-de-le-banni-de-le-media-episode-4\/#primaryimage"},"thumbnailUrl":"https:\/\/www.incaudavenenum.org\/cut.the.crap\/wp-content\/uploads\/2023\/12\/Capture-decran-2023-12-31-a-15.36.23-1001x1024.png","keywords":["discord","Le Banni","Le M\u00e9dia"],"articleSection":["Le Banni","R\u00e9sistance"],"inLanguage":"fr-FR","potentialAction":[{"@type":"CommentAction","name":"Comment","target":["https:\/\/www.incaudavenenum.org\/cut.the.crap\/les-chroniques-de-le-banni-de-le-media-episode-4\/#respond"]}]},{"@type":"WebPage","@id":"https:\/\/www.incaudavenenum.org\/cut.the.crap\/les-chroniques-de-le-banni-de-le-media-episode-4\/","url":"https:\/\/www.incaudavenenum.org\/cut.the.crap\/les-chroniques-de-le-banni-de-le-media-episode-4\/","name":"Les chroniques de Le Banni (de Le M\u00e9dia), \u00e9pisode 4 - Cut The Crap","isPartOf":{"@id":"https:\/\/www.incaudavenenum.org\/cut.the.crap\/#website"},"primaryImageOfPage":{"@id":"https:\/\/www.incaudavenenum.org\/cut.the.crap\/les-chroniques-de-le-banni-de-le-media-episode-4\/#primaryimage"},"image":{"@id":"https:\/\/www.incaudavenenum.org\/cut.the.crap\/les-chroniques-de-le-banni-de-le-media-episode-4\/#primaryimage"},"thumbnailUrl":"https:\/\/www.incaudavenenum.org\/cut.the.crap\/wp-content\/uploads\/2023\/12\/Capture-decran-2023-12-31-a-15.36.23-1001x1024.png","datePublished":"2024-01-01T11:48:41+00:00","dateModified":"2024-01-02T13:17:33+00:00","breadcrumb":{"@id":"https:\/\/www.incaudavenenum.org\/cut.the.crap\/les-chroniques-de-le-banni-de-le-media-episode-4\/#breadcrumb"},"inLanguage":"fr-FR","potentialAction":[{"@type":"ReadAction","target":["https:\/\/www.incaudavenenum.org\/cut.the.crap\/les-chroniques-de-le-banni-de-le-media-episode-4\/"]}]},{"@type":"ImageObject","inLanguage":"fr-FR","@id":"https:\/\/www.incaudavenenum.org\/cut.the.crap\/les-chroniques-de-le-banni-de-le-media-episode-4\/#primaryimage","url":"https:\/\/i0.wp.com\/www.incaudavenenum.org\/cut.the.crap\/wp-content\/uploads\/2023\/12\/Capture-decran-2023-12-31-a-15.36.23.png?fit=1236%2C1264&ssl=1","contentUrl":"https:\/\/i0.wp.com\/www.incaudavenenum.org\/cut.the.crap\/wp-content\/uploads\/2023\/12\/Capture-decran-2023-12-31-a-15.36.23.png?fit=1236%2C1264&ssl=1","width":1236,"height":1264},{"@type":"BreadcrumbList","@id":"https:\/\/www.incaudavenenum.org\/cut.the.crap\/les-chroniques-de-le-banni-de-le-media-episode-4\/#breadcrumb","itemListElement":[{"@type":"ListItem","position":1,"name":"Accueil","item":"https:\/\/www.incaudavenenum.org\/cut.the.crap\/"},{"@type":"ListItem","position":2,"name":"Les chroniques de Le Banni (de Le M\u00e9dia), \u00e9pisode 4"}]},{"@type":"WebSite","@id":"https:\/\/www.incaudavenenum.org\/cut.the.crap\/#website","url":"https:\/\/www.incaudavenenum.org\/cut.the.crap\/","name":"Cut The Crap","description":"Blog de gauche","publisher":{"@id":"https:\/\/www.incaudavenenum.org\/cut.the.crap\/#organization"},"potentialAction":[{"@type":"SearchAction","target":{"@type":"EntryPoint","urlTemplate":"https:\/\/www.incaudavenenum.org\/cut.the.crap\/?s={search_term_string}"},"query-input":{"@type":"PropertyValueSpecification","valueRequired":true,"valueName":"search_term_string"}}],"inLanguage":"fr-FR"},{"@type":"Organization","@id":"https:\/\/www.incaudavenenum.org\/cut.the.crap\/#organization","name":"Cut The Crap","url":"https:\/\/www.incaudavenenum.org\/cut.the.crap\/","logo":{"@type":"ImageObject","inLanguage":"fr-FR","@id":"https:\/\/www.incaudavenenum.org\/cut.the.crap\/#\/schema\/logo\/image\/","url":"https:\/\/i1.wp.com\/www.incaudavenenum.org\/cut.the.crap\/wp-content\/uploads\/2018\/01\/cTc.png?fit=100%2C95","contentUrl":"https:\/\/i1.wp.com\/www.incaudavenenum.org\/cut.the.crap\/wp-content\/uploads\/2018\/01\/cTc.png?fit=100%2C95","width":100,"height":95,"caption":"Cut The Crap"},"image":{"@id":"https:\/\/www.incaudavenenum.org\/cut.the.crap\/#\/schema\/logo\/image\/"},"sameAs":["https:\/\/www.facebook.com\/Cut-the-Crap-239882412697830\/","https:\/\/x.com\/cutzecrap"]},{"@type":"Person","@id":"https:\/\/www.incaudavenenum.org\/cut.the.crap\/#\/schema\/person\/39fa901f2f251d6be7e35d8d58a8d1b4","name":"Serge Victor","image":{"@type":"ImageObject","inLanguage":"fr-FR","@id":"https:\/\/secure.gravatar.com\/avatar\/1e2fd85bc69a7e81bf6242704119d1669b9a3ab337deeaf0e9141b764210481a?s=96&d=mm&r=g","url":"https:\/\/secure.gravatar.com\/avatar\/1e2fd85bc69a7e81bf6242704119d1669b9a3ab337deeaf0e9141b764210481a?s=96&d=mm&r=g","contentUrl":"https:\/\/secure.gravatar.com\/avatar\/1e2fd85bc69a7e81bf6242704119d1669b9a3ab337deeaf0e9141b764210481a?s=96&d=mm&r=g","caption":"Serge Victor"},"description":"Militant de gauche, \u00e9cosocialiste, f\u00e9ministe, autogestionnaire","sameAs":["https:\/\/www.incaudavenenum.org\/cut.the.crap\/","https:\/\/www.facebook.com\/cut.the.crap.free.fr","https:\/\/x.com\/cutzecrap"],"url":"https:\/\/www.incaudavenenum.org\/cut.the.crap\/author\/sergevictor\/"}]}},"jetpack_publicize_connections":[],"jetpack_featured_media_url":"","jetpack_shortlink":"https:\/\/wp.me\/p9z98q-BF","jetpack_likes_enabled":true,"jetpack-related-posts":[{"id":2372,"url":"https:\/\/www.incaudavenenum.org\/cut.the.crap\/les-chroniques-de-le-banni-de-le-media-episode-6\/","url_meta":{"origin":2335,"position":0},"title":"Les chroniques de Le Banni (de Le M\u00e9dia), \u00e9pisode 6","author":"Serge Victor","date":"28 janvier 2024","format":false,"excerpt":"R\u00e9sum\u00e9 de l'\u00e9pisode pr\u00e9c\u00e9dent : B\u00e9n\u00e9vh\u00f4l, le guerrier de Kohop, a \u00e9t\u00e9 banni de Lm\u00e9di\u00e2h par la sinistre triade Khakobb qui cherche \u00e0 le faire passer, lui et d'autres fid\u00e8les de Kohop, pour une poign\u00e9e de tra\u00eetres. D\u00e9sormais, il parcourt steppes arides et mar\u00e9cages boueux pour rassembler r\u00e9prouv\u00e9s et Soci\u00f4hs\u2026","rel":"","context":"Dans &quot;Le Banni&quot;","block_context":{"text":"Le Banni","link":"https:\/\/www.incaudavenenum.org\/cut.the.crap\/category\/le-banni\/"},"img":{"alt_text":"","src":"https:\/\/i0.wp.com\/www.incaudavenenum.org\/cut.the.crap\/wp-content\/uploads\/2024\/01\/Capture-decran-2024-01-28-a-16.12.28.png?resize=350%2C200&ssl=1","width":350,"height":200,"srcset":"https:\/\/i0.wp.com\/www.incaudavenenum.org\/cut.the.crap\/wp-content\/uploads\/2024\/01\/Capture-decran-2024-01-28-a-16.12.28.png?resize=350%2C200&ssl=1 1x, https:\/\/i0.wp.com\/www.incaudavenenum.org\/cut.the.crap\/wp-content\/uploads\/2024\/01\/Capture-decran-2024-01-28-a-16.12.28.png?resize=525%2C300&ssl=1 1.5x, https:\/\/i0.wp.com\/www.incaudavenenum.org\/cut.the.crap\/wp-content\/uploads\/2024\/01\/Capture-decran-2024-01-28-a-16.12.28.png?resize=700%2C400&ssl=1 2x, https:\/\/i0.wp.com\/www.incaudavenenum.org\/cut.the.crap\/wp-content\/uploads\/2024\/01\/Capture-decran-2024-01-28-a-16.12.28.png?resize=1050%2C600&ssl=1 3x, https:\/\/i0.wp.com\/www.incaudavenenum.org\/cut.the.crap\/wp-content\/uploads\/2024\/01\/Capture-decran-2024-01-28-a-16.12.28.png?resize=1400%2C800&ssl=1 4x"},"classes":[]},{"id":2247,"url":"https:\/\/www.incaudavenenum.org\/cut.the.crap\/les-chroniques-de-le-banni-de-le-media-episode-2\/","url_meta":{"origin":2335,"position":1},"title":"Les chroniques de Le Banni (de Le M\u00e9dia), \u00e9pisode 2","author":"Serge Victor","date":"13 d\u00e9cembre 2023","format":false,"excerpt":"R\u00e9sum\u00e9 de l'\u00e9pisode pr\u00e9c\u00e9dent : B\u00e9n\u00e9vh\u00f4l, le guerrier de Kohop, a \u00e9t\u00e9 banni de Lm\u00e9di\u00e2h par la sinistre triade Khakobb. D\u00e9sormais, il parcourt steppes arides et mar\u00e9cages boueux pour rassembler r\u00e9prouv\u00e9s et Soci\u00f4hs \u00e9pars dans le but de ramener un jour l'esprit de Kohop \u00e0 Lm\u00e9di\u00e2h. Il est : LE\u2026","rel":"","context":"Dans &quot;Le Banni&quot;","block_context":{"text":"Le Banni","link":"https:\/\/www.incaudavenenum.org\/cut.the.crap\/category\/le-banni\/"},"img":{"alt_text":"","src":"https:\/\/i0.wp.com\/www.incaudavenenum.org\/cut.the.crap\/wp-content\/uploads\/2023\/12\/craiyon_160831_hilarious_drawing_of_a_barbarian_getting_kicked_out_of_a_village.png?resize=350%2C200&ssl=1","width":350,"height":200},"classes":[]},{"id":2230,"url":"https:\/\/www.incaudavenenum.org\/cut.the.crap\/les-chroniques-de-le-banni-de-le-media-episode-1\/","url_meta":{"origin":2335,"position":2},"title":"Les chroniques de Le Banni (de Le M\u00e9dia), \u00e9pisode 1","author":"Serge Victor","date":"7 d\u00e9cembre 2023","format":false,"excerpt":"C'est officiel : je suis \"banni de Le M\u00e9dia\", avis re\u00e7u par mail en provenance de l'adresse forum@lemediatv.fr le 24 novembre 2023. Voici ma r\u00e9ponse, adress\u00e9e le jour m\u00eame aux trois membres de Le Directoire et \u00e0 Le Conseil de surveillance de la Soci\u00e9t\u00e9 Coop\u00e9rative d'Int\u00e9r\u00eat Collectif de Le M\u00e9dia\u2026","rel":"","context":"Dans &quot;Le Banni&quot;","block_context":{"text":"Le Banni","link":"https:\/\/www.incaudavenenum.org\/cut.the.crap\/category\/le-banni\/"},"img":{"alt_text":"","src":"https:\/\/i0.wp.com\/www.incaudavenenum.org\/cut.the.crap\/wp-content\/uploads\/2023\/12\/bannicouv03.jpg?resize=350%2C200&ssl=1","width":350,"height":200},"classes":[]},{"id":2503,"url":"https:\/\/www.incaudavenenum.org\/cut.the.crap\/les-chroniques-de-le-banni-de-le-media-episode-10\/","url_meta":{"origin":2335,"position":3},"title":"Les chroniques de Le Banni (de Le M\u00e9dia), \u00e9pisode 10","author":"Serge Victor","date":"11 mai 2024","format":false,"excerpt":"R\u00e9sum\u00e9 de l'\u00e9pisode pr\u00e9c\u00e9dent : B\u00e9n\u00e9vh\u00f4l, le guerrier de Kohop, a \u00e9t\u00e9 banni de Lm\u00e9di\u00e2h par la triade Khakobb. Apr\u00e8s avoir parcouru steppes arides et mar\u00e9cages boueux pour rassembler r\u00e9prouv\u00e9s et Soci\u00f4hs \u00e9pars, il est de retour et trouve les portes du Fh\u00f4reuhm \u00e9trangement ouvertes. Mais l'endroit n'est plus que\u2026","rel":"","context":"Dans &quot;Le Banni&quot;","block_context":{"text":"Le Banni","link":"https:\/\/www.incaudavenenum.org\/cut.the.crap\/category\/le-banni\/"},"img":{"alt_text":"","src":"https:\/\/i0.wp.com\/www.incaudavenenum.org\/cut.the.crap\/wp-content\/uploads\/2024\/02\/Capture-decran-2024-05-10-a-23.18.41.png?fit=1000%2C437&ssl=1&resize=350%2C200","width":350,"height":200,"srcset":"https:\/\/i0.wp.com\/www.incaudavenenum.org\/cut.the.crap\/wp-content\/uploads\/2024\/02\/Capture-decran-2024-05-10-a-23.18.41.png?fit=1000%2C437&ssl=1&resize=350%2C200 1x, https:\/\/i0.wp.com\/www.incaudavenenum.org\/cut.the.crap\/wp-content\/uploads\/2024\/02\/Capture-decran-2024-05-10-a-23.18.41.png?fit=1000%2C437&ssl=1&resize=525%2C300 1.5x, https:\/\/i0.wp.com\/www.incaudavenenum.org\/cut.the.crap\/wp-content\/uploads\/2024\/02\/Capture-decran-2024-05-10-a-23.18.41.png?fit=1000%2C437&ssl=1&resize=700%2C400 2x"},"classes":[]},{"id":2471,"url":"https:\/\/www.incaudavenenum.org\/cut.the.crap\/les-chroniques-de-le-banni-de-le-media-episode-9\/","url_meta":{"origin":2335,"position":4},"title":"Les chroniques de Le Banni (de Le M\u00e9dia), \u00e9pisode 9","author":"Serge Victor","date":"31 mars 2024","format":false,"excerpt":"R\u00e9sum\u00e9 de l'\u00e9pisode pr\u00e9c\u00e9dent : B\u00e9n\u00e9vh\u00f4l, le guerrier de Kohop, a \u00e9t\u00e9 banni de Lm\u00e9di\u00e2h par la triade Khakobb. Apr\u00e8s avoir parcouru steppes arides et mar\u00e9cages boueux pour rassembler r\u00e9prouv\u00e9s et Soci\u00f4hs \u00e9pars, il est de retour et trouve les portes du Fh\u00f4reuhm \u00e9trangement ouvertes. Mais l'endroit n'est plus que\u2026","rel":"","context":"Dans &quot;Le Banni&quot;","block_context":{"text":"Le Banni","link":"https:\/\/www.incaudavenenum.org\/cut.the.crap\/category\/le-banni\/"},"img":{"alt_text":"","src":"https:\/\/i0.wp.com\/www.incaudavenenum.org\/cut.the.crap\/wp-content\/uploads\/2024\/03\/Capture-decran-2024-03-31-a-20.06.18.png?resize=350%2C200&ssl=1","width":350,"height":200,"srcset":"https:\/\/i0.wp.com\/www.incaudavenenum.org\/cut.the.crap\/wp-content\/uploads\/2024\/03\/Capture-decran-2024-03-31-a-20.06.18.png?resize=350%2C200&ssl=1 1x, https:\/\/i0.wp.com\/www.incaudavenenum.org\/cut.the.crap\/wp-content\/uploads\/2024\/03\/Capture-decran-2024-03-31-a-20.06.18.png?resize=525%2C300&ssl=1 1.5x, https:\/\/i0.wp.com\/www.incaudavenenum.org\/cut.the.crap\/wp-content\/uploads\/2024\/03\/Capture-decran-2024-03-31-a-20.06.18.png?resize=700%2C400&ssl=1 2x, https:\/\/i0.wp.com\/www.incaudavenenum.org\/cut.the.crap\/wp-content\/uploads\/2024\/03\/Capture-decran-2024-03-31-a-20.06.18.png?resize=1050%2C600&ssl=1 3x, https:\/\/i0.wp.com\/www.incaudavenenum.org\/cut.the.crap\/wp-content\/uploads\/2024\/03\/Capture-decran-2024-03-31-a-20.06.18.png?resize=1400%2C800&ssl=1 4x"},"classes":[]},{"id":2448,"url":"https:\/\/www.incaudavenenum.org\/cut.the.crap\/les-chroniques-de-le-banni-de-le-media-episode-8\/","url_meta":{"origin":2335,"position":5},"title":"Les chroniques de Le Banni (de Le M\u00e9dia), \u00e9pisode 8","author":"Serge Victor","date":"14 f\u00e9vrier 2024","format":false,"excerpt":"R\u00e9sum\u00e9 de l'\u00e9pisode pr\u00e9c\u00e9dent : B\u00e9n\u00e9vh\u00f4l, le guerrier de Kohop, a \u00e9t\u00e9 banni de Lm\u00e9di\u00e2h par la triade Khakobb. Apr\u00e8s avoir parcouru steppes arides et mar\u00e9cages boueux pour rassembler r\u00e9prouv\u00e9s et Soci\u00f4hs \u00e9pars, il est de retour et trouve les portes du Fh\u00f4reuhm \u00e9trangement ouvertes. Est-ce bien toujours l\u00e0 le\u2026","rel":"","context":"Dans &quot;Le Banni&quot;","block_context":{"text":"Le Banni","link":"https:\/\/www.incaudavenenum.org\/cut.the.crap\/category\/le-banni\/"},"img":{"alt_text":"","src":"https:\/\/i0.wp.com\/www.incaudavenenum.org\/cut.the.crap\/wp-content\/uploads\/2024\/02\/IMG_1952-scaled.jpeg?resize=350%2C200&ssl=1","width":350,"height":200,"srcset":"https:\/\/i0.wp.com\/www.incaudavenenum.org\/cut.the.crap\/wp-content\/uploads\/2024\/02\/IMG_1952-scaled.jpeg?resize=350%2C200&ssl=1 1x, https:\/\/i0.wp.com\/www.incaudavenenum.org\/cut.the.crap\/wp-content\/uploads\/2024\/02\/IMG_1952-scaled.jpeg?resize=525%2C300&ssl=1 1.5x, https:\/\/i0.wp.com\/www.incaudavenenum.org\/cut.the.crap\/wp-content\/uploads\/2024\/02\/IMG_1952-scaled.jpeg?resize=700%2C400&ssl=1 2x, https:\/\/i0.wp.com\/www.incaudavenenum.org\/cut.the.crap\/wp-content\/uploads\/2024\/02\/IMG_1952-scaled.jpeg?resize=1050%2C600&ssl=1 3x, https:\/\/i0.wp.com\/www.incaudavenenum.org\/cut.the.crap\/wp-content\/uploads\/2024\/02\/IMG_1952-scaled.jpeg?resize=1400%2C800&ssl=1 4x"},"classes":[]}],"jetpack_sharing_enabled":true,"_links":{"self":[{"href":"https:\/\/www.incaudavenenum.org\/cut.the.crap\/wp-json\/wp\/v2\/posts\/2335","targetHints":{"allow":["GET"]}}],"collection":[{"href":"https:\/\/www.incaudavenenum.org\/cut.the.crap\/wp-json\/wp\/v2\/posts"}],"about":[{"href":"https:\/\/www.incaudavenenum.org\/cut.the.crap\/wp-json\/wp\/v2\/types\/post"}],"author":[{"embeddable":true,"href":"https:\/\/www.incaudavenenum.org\/cut.the.crap\/wp-json\/wp\/v2\/users\/1"}],"replies":[{"embeddable":true,"href":"https:\/\/www.incaudavenenum.org\/cut.the.crap\/wp-json\/wp\/v2\/comments?post=2335"}],"version-history":[{"count":7,"href":"https:\/\/www.incaudavenenum.org\/cut.the.crap\/wp-json\/wp\/v2\/posts\/2335\/revisions"}],"predecessor-version":[{"id":2353,"href":"https:\/\/www.incaudavenenum.org\/cut.the.crap\/wp-json\/wp\/v2\/posts\/2335\/revisions\/2353"}],"wp:attachment":[{"href":"https:\/\/www.incaudavenenum.org\/cut.the.crap\/wp-json\/wp\/v2\/media?parent=2335"}],"wp:term":[{"taxonomy":"category","embeddable":true,"href":"https:\/\/www.incaudavenenum.org\/cut.the.crap\/wp-json\/wp\/v2\/categories?post=2335"},{"taxonomy":"post_tag","embeddable":true,"href":"https:\/\/www.incaudavenenum.org\/cut.the.crap\/wp-json\/wp\/v2\/tags?post=2335"}],"curies":[{"name":"wp","href":"https:\/\/api.w.org\/{rel}","templated":true}]}}