{"id":2387,"date":"2024-02-01T13:20:37","date_gmt":"2024-02-01T11:20:37","guid":{"rendered":"https:\/\/www.incaudavenenum.org\/cut.the.crap\/?p=2387"},"modified":"2024-02-01T13:20:44","modified_gmt":"2024-02-01T11:20:44","slug":"revoltes-paysannes","status":"publish","type":"post","link":"https:\/\/www.incaudavenenum.org\/cut.the.crap\/revoltes-paysannes\/","title":{"rendered":"R\u00e9voltes paysannes"},"content":{"rendered":"\n<p>\u00ab\u00a0De fa\u00e7on g\u00e9n\u00e9rale, les r\u00e9voltes paysannes ont jou\u00e9 un r\u00f4le central au XVIII<sup>e<\/sup> si\u00e8cle dans le processus menant \u00e0 la R\u00e9volution fran\u00e7aise puis dans son d\u00e9roul\u00e9. L&rsquo;abolition des privil\u00e8ges d\u00e9cid\u00e9e par l&rsquo;Assembl\u00e9e nationale lors de la nuit du 4 ao\u00fbt doit beaucoup aux r\u00e9voltes paysannes de l&rsquo;\u00e9t\u00e9 1789, qui s&rsquo;en prirent aux seigneurs et aux ch\u00e2teaux et commenc\u00e8rent \u00e0 br\u00fbler les titres de propri\u00e9t\u00e9 qui s&rsquo;y trouvaient, ce qui finit par convaicnre les d\u00e9put\u00e9s r\u00e9unis \u00e0 Paris qu&rsquo;il falait agir au plus vite et mettre fin aux institutions honnies du f\u00e9odalisme. Ces r\u00e9voltes font elles-m\u00eames suite \u00e0 des d\u00e9cennies de r\u00e9bellions paysannes, que le pouvoir divis\u00e9 contr\u00f4le de moins en moins, en particulier au cours de l&rsquo;\u00e9t\u00e9 1788, quand se pose enfin clairement la question des modalit\u00e9s de l&rsquo;\u00e9lection aux Etats g\u00e9n\u00e9raux, dans une atmosph\u00e8re quasi insurectionnelle (occupations de parcelles et de biens communaux, violences antipropri\u00e9taires).<\/p>\n\n\n\n<p>Si tant de paysans tournent le dos \u00e0 la R\u00e9volution par la suite, ce n&rsquo;est pas parce qu&rsquo;ils seraient subitement devenus conservateurs. C&rsquo;est parce qu&rsquo;ils ont \u00e9t\u00e9 profond\u00e9ment d\u00e9\u00e7us dans leur espoir d&rsquo;acc\u00e9der \u00e0 la propri\u00e9t\u00e9 et de cesser de travailler pour les autres, et marqu\u00e9s par ce qu&rsquo;ils per\u00e7oivent comme une hypocrisie insupportable de la part des \u00e9lites urbaines soit-disant r\u00e9volutionnaires qui ont pris la t\u00eate des \u00e9v\u00e9nements. Cette d\u00e9ception fondatrice [&#8230;] est essentielle pour comprendre la formation initiale des structures partisanes et \u00e9lectorales et leurs \u00e9volutions ult\u00e9rieures. On notera aussi que l&rsquo;on observe dans plusieurs r\u00e9gions un fort vote rural socialiste et communiste aux XIX<sup>e<\/sup> et XX<sup>e<\/sup> si\u00e8cles, en particulier lors des l\u00e9gislatives de 1849 (vote rouge rural qui effraie beaucoup les propri\u00e9taires) puis dans l&rsquo;entre-deux-guerres et dans l&rsquo;apr\u00e8s-guerre avec le vote PCF. Cela rappelle que rien n&rsquo;est fig\u00e9 : tout d\u00e9pend de la fa\u00e7on dont les organisations politiques parviennent ou non \u00e0 mobiliser les \u00e9lectorats autour de projets collectifs. Nous verrons \u00e9galement que la participation \u00e9lectorale a \u00e9t\u00e9 structurellement plus forte dans le monde rural depuis deux si\u00e8cles, ph\u00e9nom\u00e8ne que l&rsquo;on observe d&rsquo;ailleurs d\u00e8s la p\u00e9riode r\u00e9volutionnaire, ce qui montre que la demande de d\u00e9mocratie n&rsquo;a jamais \u00e9t\u00e9 limit\u00e9e au monde des villes, bien au contraire.\u00a0\u00bb<\/p>\n\n\n\n<p class=\"has-text-align-right\">Julia Cag\u00e9 &amp; Thomas Piketty, <em>Une histoire du conflit politique, <\/em><br><em>Elections et in\u00e9galit\u00e9s sociales en France, 1789-2022<\/em>, Editions du Seuil, 2023<\/p>\n","protected":false},"excerpt":{"rendered":"<p>\u00ab\u00a0De fa\u00e7on g\u00e9n\u00e9rale, les r\u00e9voltes paysannes ont jou\u00e9 un r\u00f4le central au XVIIIe si\u00e8cle dans le processus menant \u00e0 la R\u00e9volution fran\u00e7aise puis dans son d\u00e9roul\u00e9. L&rsquo;abolition des privil\u00e8ges d\u00e9cid\u00e9e par l&rsquo;Assembl\u00e9e nationale lors de la nuit du 4 ao\u00fbt doit beaucoup aux r\u00e9voltes paysannes de l&rsquo;\u00e9t\u00e9 1789, qui s&rsquo;en prirent aux seigneurs et aux &hellip; <a href=\"https:\/\/www.incaudavenenum.org\/cut.the.crap\/revoltes-paysannes\/\" class=\"more-link\">Continuer la lecture<span class=\"screen-reader-text\"> de &laquo;&nbsp;R\u00e9voltes paysannes&nbsp;&raquo;<\/span><\/a><\/p>\n","protected":false},"author":1,"featured_media":0,"comment_status":"open","ping_status":"open","sticky":false,"template":"","format":"quote","meta":{"jetpack_post_was_ever_published":false,"_jetpack_newsletter_access":"","_jetpack_dont_email_post_to_subs":false,"_jetpack_newsletter_tier_id":0,"_jetpack_memberships_contains_paywalled_content":false,"_jetpack_memberships_contains_paid_content":false,"footnotes":"","jetpack_publicize_message":"","jetpack_publicize_feature_enabled":true,"jetpack_social_post_already_shared":true,"jetpack_social_options":{"image_generator_settings":{"template":"highway","default_image_id":0,"font":"","enabled":false},"version":2}},"categories":[361,4],"tags":[718,720,392,301,717,719],"class_list":["post-2387","post","type-post","status-publish","format-quote","hentry","category-citations","category-lectures","tag-julia-cage","tag-paysans","tag-revolte","tag-revolution","tag-thomas-piketty","tag-une-histoire-du-conflit-politique","post_format-post-format-quote"],"yoast_head":"<!-- This site is optimized with the Yoast SEO plugin v27.5 - https:\/\/yoast.com\/product\/yoast-seo-wordpress\/ -->\n<title>R\u00e9voltes paysannes - Cut The Crap<\/title>\n<meta name=\"robots\" content=\"index, follow, max-snippet:-1, max-image-preview:large, max-video-preview:-1\" \/>\n<link rel=\"canonical\" href=\"https:\/\/www.incaudavenenum.org\/cut.the.crap\/revoltes-paysannes\/\" \/>\n<meta property=\"og:locale\" content=\"fr_FR\" \/>\n<meta property=\"og:type\" content=\"article\" \/>\n<meta property=\"og:title\" content=\"R\u00e9voltes paysannes - Cut The Crap\" \/>\n<meta property=\"og:description\" content=\"\u00ab\u00a0De fa\u00e7on g\u00e9n\u00e9rale, les r\u00e9voltes paysannes ont jou\u00e9 un r\u00f4le central au XVIIIe si\u00e8cle dans le processus menant \u00e0 la R\u00e9volution fran\u00e7aise puis dans son d\u00e9roul\u00e9. L&rsquo;abolition des privil\u00e8ges d\u00e9cid\u00e9e par l&rsquo;Assembl\u00e9e nationale lors de la nuit du 4 ao\u00fbt doit beaucoup aux r\u00e9voltes paysannes de l&rsquo;\u00e9t\u00e9 1789, qui s&rsquo;en prirent aux seigneurs et aux &hellip; Continuer la lecture de &laquo;&nbsp;R\u00e9voltes paysannes&nbsp;&raquo;\" \/>\n<meta property=\"og:url\" content=\"https:\/\/www.incaudavenenum.org\/cut.the.crap\/revoltes-paysannes\/\" \/>\n<meta property=\"og:site_name\" content=\"Cut The Crap\" \/>\n<meta property=\"article:publisher\" content=\"https:\/\/www.facebook.com\/Cut-the-Crap-239882412697830\/\" \/>\n<meta property=\"article:author\" content=\"https:\/\/www.facebook.com\/cut.the.crap.free.fr\" \/>\n<meta property=\"article:published_time\" content=\"2024-02-01T11:20:37+00:00\" \/>\n<meta property=\"article:modified_time\" content=\"2024-02-01T11:20:44+00:00\" \/>\n<meta property=\"og:image\" content=\"https:\/\/www.incaudavenenum.org\/cut.the.crap\/wp-content\/uploads\/2024\/02\/la-grande-peur-gravure-18s-musee-carn.jpeg\" \/>\n\t<meta property=\"og:image:width\" content=\"1058\" \/>\n\t<meta property=\"og:image:height\" content=\"793\" \/>\n\t<meta property=\"og:image:type\" content=\"image\/jpeg\" \/>\n<meta name=\"author\" content=\"Serge Victor\" \/>\n<meta name=\"twitter:card\" content=\"summary_large_image\" \/>\n<meta name=\"twitter:image\" content=\"https:\/\/i0.wp.com\/www.incaudavenenum.org\/cut.the.crap\/wp-content\/uploads\/2024\/02\/la-grande-peur-gravure-18s-musee-carn.jpeg?fit=1058%2C793&ssl=1\" \/>\n<meta name=\"twitter:creator\" content=\"@cutzecrap\" \/>\n<meta name=\"twitter:site\" content=\"@cutzecrap\" \/>\n<meta name=\"twitter:label1\" content=\"\u00c9crit par\" \/>\n\t<meta name=\"twitter:data1\" content=\"Serge Victor\" \/>\n\t<meta name=\"twitter:label2\" content=\"Dur\u00e9e de lecture estim\u00e9e\" \/>\n\t<meta name=\"twitter:data2\" content=\"2 minutes\" \/>\n<script type=\"application\/ld+json\" class=\"yoast-schema-graph\">{\"@context\":\"https:\\\/\\\/schema.org\",\"@graph\":[{\"@type\":\"Article\",\"@id\":\"https:\\\/\\\/www.incaudavenenum.org\\\/cut.the.crap\\\/revoltes-paysannes\\\/#article\",\"isPartOf\":{\"@id\":\"https:\\\/\\\/www.incaudavenenum.org\\\/cut.the.crap\\\/revoltes-paysannes\\\/\"},\"author\":{\"name\":\"Serge Victor\",\"@id\":\"https:\\\/\\\/www.incaudavenenum.org\\\/cut.the.crap\\\/#\\\/schema\\\/person\\\/39fa901f2f251d6be7e35d8d58a8d1b4\"},\"headline\":\"R\u00e9voltes paysannes\",\"datePublished\":\"2024-02-01T11:20:37+00:00\",\"dateModified\":\"2024-02-01T11:20:44+00:00\",\"mainEntityOfPage\":{\"@id\":\"https:\\\/\\\/www.incaudavenenum.org\\\/cut.the.crap\\\/revoltes-paysannes\\\/\"},\"wordCount\":448,\"commentCount\":0,\"publisher\":{\"@id\":\"https:\\\/\\\/www.incaudavenenum.org\\\/cut.the.crap\\\/#organization\"},\"keywords\":[\"Julia Cag\u00e9\",\"paysans\",\"r\u00e9volte\",\"r\u00e9volution\",\"Thomas Piketty\",\"Une histoire du conflit politique\"],\"articleSection\":[\"Citations\",\"Lectures\"],\"inLanguage\":\"fr-FR\",\"potentialAction\":[{\"@type\":\"CommentAction\",\"name\":\"Comment\",\"target\":[\"https:\\\/\\\/www.incaudavenenum.org\\\/cut.the.crap\\\/revoltes-paysannes\\\/#respond\"]}]},{\"@type\":\"WebPage\",\"@id\":\"https:\\\/\\\/www.incaudavenenum.org\\\/cut.the.crap\\\/revoltes-paysannes\\\/\",\"url\":\"https:\\\/\\\/www.incaudavenenum.org\\\/cut.the.crap\\\/revoltes-paysannes\\\/\",\"name\":\"R\u00e9voltes paysannes - Cut The Crap\",\"isPartOf\":{\"@id\":\"https:\\\/\\\/www.incaudavenenum.org\\\/cut.the.crap\\\/#website\"},\"datePublished\":\"2024-02-01T11:20:37+00:00\",\"dateModified\":\"2024-02-01T11:20:44+00:00\",\"breadcrumb\":{\"@id\":\"https:\\\/\\\/www.incaudavenenum.org\\\/cut.the.crap\\\/revoltes-paysannes\\\/#breadcrumb\"},\"inLanguage\":\"fr-FR\",\"potentialAction\":[{\"@type\":\"ReadAction\",\"target\":[\"https:\\\/\\\/www.incaudavenenum.org\\\/cut.the.crap\\\/revoltes-paysannes\\\/\"]}]},{\"@type\":\"BreadcrumbList\",\"@id\":\"https:\\\/\\\/www.incaudavenenum.org\\\/cut.the.crap\\\/revoltes-paysannes\\\/#breadcrumb\",\"itemListElement\":[{\"@type\":\"ListItem\",\"position\":1,\"name\":\"Accueil\",\"item\":\"https:\\\/\\\/www.incaudavenenum.org\\\/cut.the.crap\\\/\"},{\"@type\":\"ListItem\",\"position\":2,\"name\":\"R\u00e9voltes paysannes\"}]},{\"@type\":\"WebSite\",\"@id\":\"https:\\\/\\\/www.incaudavenenum.org\\\/cut.the.crap\\\/#website\",\"url\":\"https:\\\/\\\/www.incaudavenenum.org\\\/cut.the.crap\\\/\",\"name\":\"Cut The Crap\",\"description\":\"Blog de gauche\",\"publisher\":{\"@id\":\"https:\\\/\\\/www.incaudavenenum.org\\\/cut.the.crap\\\/#organization\"},\"potentialAction\":[{\"@type\":\"SearchAction\",\"target\":{\"@type\":\"EntryPoint\",\"urlTemplate\":\"https:\\\/\\\/www.incaudavenenum.org\\\/cut.the.crap\\\/?s={search_term_string}\"},\"query-input\":{\"@type\":\"PropertyValueSpecification\",\"valueRequired\":true,\"valueName\":\"search_term_string\"}}],\"inLanguage\":\"fr-FR\"},{\"@type\":\"Organization\",\"@id\":\"https:\\\/\\\/www.incaudavenenum.org\\\/cut.the.crap\\\/#organization\",\"name\":\"Cut The Crap\",\"url\":\"https:\\\/\\\/www.incaudavenenum.org\\\/cut.the.crap\\\/\",\"logo\":{\"@type\":\"ImageObject\",\"inLanguage\":\"fr-FR\",\"@id\":\"https:\\\/\\\/www.incaudavenenum.org\\\/cut.the.crap\\\/#\\\/schema\\\/logo\\\/image\\\/\",\"url\":\"https:\\\/\\\/i1.wp.com\\\/www.incaudavenenum.org\\\/cut.the.crap\\\/wp-content\\\/uploads\\\/2018\\\/01\\\/cTc.png?fit=100%2C95\",\"contentUrl\":\"https:\\\/\\\/i1.wp.com\\\/www.incaudavenenum.org\\\/cut.the.crap\\\/wp-content\\\/uploads\\\/2018\\\/01\\\/cTc.png?fit=100%2C95\",\"width\":100,\"height\":95,\"caption\":\"Cut The Crap\"},\"image\":{\"@id\":\"https:\\\/\\\/www.incaudavenenum.org\\\/cut.the.crap\\\/#\\\/schema\\\/logo\\\/image\\\/\"},\"sameAs\":[\"https:\\\/\\\/www.facebook.com\\\/Cut-the-Crap-239882412697830\\\/\",\"https:\\\/\\\/x.com\\\/cutzecrap\"]},{\"@type\":\"Person\",\"@id\":\"https:\\\/\\\/www.incaudavenenum.org\\\/cut.the.crap\\\/#\\\/schema\\\/person\\\/39fa901f2f251d6be7e35d8d58a8d1b4\",\"name\":\"Serge Victor\",\"image\":{\"@type\":\"ImageObject\",\"inLanguage\":\"fr-FR\",\"@id\":\"https:\\\/\\\/secure.gravatar.com\\\/avatar\\\/1e2fd85bc69a7e81bf6242704119d1669b9a3ab337deeaf0e9141b764210481a?s=96&d=mm&r=g\",\"url\":\"https:\\\/\\\/secure.gravatar.com\\\/avatar\\\/1e2fd85bc69a7e81bf6242704119d1669b9a3ab337deeaf0e9141b764210481a?s=96&d=mm&r=g\",\"contentUrl\":\"https:\\\/\\\/secure.gravatar.com\\\/avatar\\\/1e2fd85bc69a7e81bf6242704119d1669b9a3ab337deeaf0e9141b764210481a?s=96&d=mm&r=g\",\"caption\":\"Serge Victor\"},\"description\":\"Militant de gauche, \u00e9cosocialiste, f\u00e9ministe, autogestionnaire\",\"sameAs\":[\"https:\\\/\\\/www.incaudavenenum.org\\\/cut.the.crap\\\/\",\"https:\\\/\\\/www.facebook.com\\\/cut.the.crap.free.fr\",\"https:\\\/\\\/x.com\\\/cutzecrap\"],\"url\":\"https:\\\/\\\/www.incaudavenenum.org\\\/cut.the.crap\\\/author\\\/sergevictor\\\/\"}]}<\/script>\n<!-- \/ Yoast SEO plugin. -->","yoast_head_json":{"title":"R\u00e9voltes paysannes - Cut The Crap","robots":{"index":"index","follow":"follow","max-snippet":"max-snippet:-1","max-image-preview":"max-image-preview:large","max-video-preview":"max-video-preview:-1"},"canonical":"https:\/\/www.incaudavenenum.org\/cut.the.crap\/revoltes-paysannes\/","og_locale":"fr_FR","og_type":"article","og_title":"R\u00e9voltes paysannes - Cut The Crap","og_description":"\u00ab\u00a0De fa\u00e7on g\u00e9n\u00e9rale, les r\u00e9voltes paysannes ont jou\u00e9 un r\u00f4le central au XVIIIe si\u00e8cle dans le processus menant \u00e0 la R\u00e9volution fran\u00e7aise puis dans son d\u00e9roul\u00e9. L&rsquo;abolition des privil\u00e8ges d\u00e9cid\u00e9e par l&rsquo;Assembl\u00e9e nationale lors de la nuit du 4 ao\u00fbt doit beaucoup aux r\u00e9voltes paysannes de l&rsquo;\u00e9t\u00e9 1789, qui s&rsquo;en prirent aux seigneurs et aux &hellip; Continuer la lecture de &laquo;&nbsp;R\u00e9voltes paysannes&nbsp;&raquo;","og_url":"https:\/\/www.incaudavenenum.org\/cut.the.crap\/revoltes-paysannes\/","og_site_name":"Cut The Crap","article_publisher":"https:\/\/www.facebook.com\/Cut-the-Crap-239882412697830\/","article_author":"https:\/\/www.facebook.com\/cut.the.crap.free.fr","article_published_time":"2024-02-01T11:20:37+00:00","article_modified_time":"2024-02-01T11:20:44+00:00","og_image":[{"width":1058,"height":793,"url":"https:\/\/www.incaudavenenum.org\/cut.the.crap\/wp-content\/uploads\/2024\/02\/la-grande-peur-gravure-18s-musee-carn.jpeg","type":"image\/jpeg"}],"author":"Serge Victor","twitter_card":"summary_large_image","twitter_image":"https:\/\/i0.wp.com\/www.incaudavenenum.org\/cut.the.crap\/wp-content\/uploads\/2024\/02\/la-grande-peur-gravure-18s-musee-carn.jpeg?fit=1058%2C793&ssl=1","twitter_creator":"@cutzecrap","twitter_site":"@cutzecrap","twitter_misc":{"\u00c9crit par":"Serge Victor","Dur\u00e9e de lecture estim\u00e9e":"2 minutes"},"schema":{"@context":"https:\/\/schema.org","@graph":[{"@type":"Article","@id":"https:\/\/www.incaudavenenum.org\/cut.the.crap\/revoltes-paysannes\/#article","isPartOf":{"@id":"https:\/\/www.incaudavenenum.org\/cut.the.crap\/revoltes-paysannes\/"},"author":{"name":"Serge Victor","@id":"https:\/\/www.incaudavenenum.org\/cut.the.crap\/#\/schema\/person\/39fa901f2f251d6be7e35d8d58a8d1b4"},"headline":"R\u00e9voltes paysannes","datePublished":"2024-02-01T11:20:37+00:00","dateModified":"2024-02-01T11:20:44+00:00","mainEntityOfPage":{"@id":"https:\/\/www.incaudavenenum.org\/cut.the.crap\/revoltes-paysannes\/"},"wordCount":448,"commentCount":0,"publisher":{"@id":"https:\/\/www.incaudavenenum.org\/cut.the.crap\/#organization"},"keywords":["Julia Cag\u00e9","paysans","r\u00e9volte","r\u00e9volution","Thomas Piketty","Une histoire du conflit politique"],"articleSection":["Citations","Lectures"],"inLanguage":"fr-FR","potentialAction":[{"@type":"CommentAction","name":"Comment","target":["https:\/\/www.incaudavenenum.org\/cut.the.crap\/revoltes-paysannes\/#respond"]}]},{"@type":"WebPage","@id":"https:\/\/www.incaudavenenum.org\/cut.the.crap\/revoltes-paysannes\/","url":"https:\/\/www.incaudavenenum.org\/cut.the.crap\/revoltes-paysannes\/","name":"R\u00e9voltes paysannes - Cut The Crap","isPartOf":{"@id":"https:\/\/www.incaudavenenum.org\/cut.the.crap\/#website"},"datePublished":"2024-02-01T11:20:37+00:00","dateModified":"2024-02-01T11:20:44+00:00","breadcrumb":{"@id":"https:\/\/www.incaudavenenum.org\/cut.the.crap\/revoltes-paysannes\/#breadcrumb"},"inLanguage":"fr-FR","potentialAction":[{"@type":"ReadAction","target":["https:\/\/www.incaudavenenum.org\/cut.the.crap\/revoltes-paysannes\/"]}]},{"@type":"BreadcrumbList","@id":"https:\/\/www.incaudavenenum.org\/cut.the.crap\/revoltes-paysannes\/#breadcrumb","itemListElement":[{"@type":"ListItem","position":1,"name":"Accueil","item":"https:\/\/www.incaudavenenum.org\/cut.the.crap\/"},{"@type":"ListItem","position":2,"name":"R\u00e9voltes paysannes"}]},{"@type":"WebSite","@id":"https:\/\/www.incaudavenenum.org\/cut.the.crap\/#website","url":"https:\/\/www.incaudavenenum.org\/cut.the.crap\/","name":"Cut The Crap","description":"Blog de gauche","publisher":{"@id":"https:\/\/www.incaudavenenum.org\/cut.the.crap\/#organization"},"potentialAction":[{"@type":"SearchAction","target":{"@type":"EntryPoint","urlTemplate":"https:\/\/www.incaudavenenum.org\/cut.the.crap\/?s={search_term_string}"},"query-input":{"@type":"PropertyValueSpecification","valueRequired":true,"valueName":"search_term_string"}}],"inLanguage":"fr-FR"},{"@type":"Organization","@id":"https:\/\/www.incaudavenenum.org\/cut.the.crap\/#organization","name":"Cut The Crap","url":"https:\/\/www.incaudavenenum.org\/cut.the.crap\/","logo":{"@type":"ImageObject","inLanguage":"fr-FR","@id":"https:\/\/www.incaudavenenum.org\/cut.the.crap\/#\/schema\/logo\/image\/","url":"https:\/\/i1.wp.com\/www.incaudavenenum.org\/cut.the.crap\/wp-content\/uploads\/2018\/01\/cTc.png?fit=100%2C95","contentUrl":"https:\/\/i1.wp.com\/www.incaudavenenum.org\/cut.the.crap\/wp-content\/uploads\/2018\/01\/cTc.png?fit=100%2C95","width":100,"height":95,"caption":"Cut The Crap"},"image":{"@id":"https:\/\/www.incaudavenenum.org\/cut.the.crap\/#\/schema\/logo\/image\/"},"sameAs":["https:\/\/www.facebook.com\/Cut-the-Crap-239882412697830\/","https:\/\/x.com\/cutzecrap"]},{"@type":"Person","@id":"https:\/\/www.incaudavenenum.org\/cut.the.crap\/#\/schema\/person\/39fa901f2f251d6be7e35d8d58a8d1b4","name":"Serge Victor","image":{"@type":"ImageObject","inLanguage":"fr-FR","@id":"https:\/\/secure.gravatar.com\/avatar\/1e2fd85bc69a7e81bf6242704119d1669b9a3ab337deeaf0e9141b764210481a?s=96&d=mm&r=g","url":"https:\/\/secure.gravatar.com\/avatar\/1e2fd85bc69a7e81bf6242704119d1669b9a3ab337deeaf0e9141b764210481a?s=96&d=mm&r=g","contentUrl":"https:\/\/secure.gravatar.com\/avatar\/1e2fd85bc69a7e81bf6242704119d1669b9a3ab337deeaf0e9141b764210481a?s=96&d=mm&r=g","caption":"Serge Victor"},"description":"Militant de gauche, \u00e9cosocialiste, f\u00e9ministe, autogestionnaire","sameAs":["https:\/\/www.incaudavenenum.org\/cut.the.crap\/","https:\/\/www.facebook.com\/cut.the.crap.free.fr","https:\/\/x.com\/cutzecrap"],"url":"https:\/\/www.incaudavenenum.org\/cut.the.crap\/author\/sergevictor\/"}]}},"jetpack_publicize_connections":[],"jetpack_featured_media_url":"","jetpack_shortlink":"https:\/\/wp.me\/p9z98q-Cv","jetpack_likes_enabled":true,"jetpack-related-posts":[{"id":1810,"url":"https:\/\/www.incaudavenenum.org\/cut.the.crap\/le-probleme-de-limmigration\/","url_meta":{"origin":2387,"position":0},"title":"Le \u00ab\u00a0probl\u00e8me de l&rsquo;immigration\u00a0\u00bb","author":"Serge Victor","date":"25 octobre 2019","format":"quote","excerpt":"\"Sur le plan politique, ce qu'il faut surtout retenir des mutations qui se sont produites depuis les ann\u00e9es 1980, c'est le d\u00e9calage croissant entre la mondialisation des \u00e9changes \u00e9conomiques, culturels, sportifs et l'ancrage toujours national de l'espace politique, en d\u00e9pit de l'int\u00e9gration europ\u00e9enne. La comp\u00e9tition qui oppose les politiciens entre\u2026","rel":"","context":"Dans &quot;Citations&quot;","block_context":{"text":"Citations","link":"https:\/\/www.incaudavenenum.org\/cut.the.crap\/category\/lectures\/citations\/"},"img":{"alt_text":"","src":"","width":0,"height":0},"classes":[]},{"id":28,"url":"https:\/\/www.incaudavenenum.org\/cut.the.crap\/du-goudron-et-des-plumes-pour-les-jaunes-orange\/","url_meta":{"origin":2387,"position":1},"title":"Du goudron et des plumes pour les jaunes orange !","author":"\u1d10T\u1d04","date":"26 octobre 2010","format":false,"excerpt":"Au d\u00e9but du XXe si\u00e8cle, les briseurs de gr\u00e8ve se d\u00e9signaient eux-m\u00eames comme des \"jaunes\" (couleur papale), s'opposant aux \"rouges\". Des syndicats jaunes furent m\u00eame cr\u00e9\u00e9s en France et ailleurs (comme les Yellow Unions en Angleterre) : manipul\u00e9s voire cr\u00e9\u00e9s de toute pi\u00e8ce par les patrons, ils s'opposaient aux gr\u00e8ves\u2026","rel":"","context":"Dans &quot;Antisocial&quot;","block_context":{"text":"Antisocial","link":"https:\/\/www.incaudavenenum.org\/cut.the.crap\/category\/antisocial\/"},"img":{"alt_text":"","src":"","width":0,"height":0},"classes":[]},{"id":1710,"url":"https:\/\/www.incaudavenenum.org\/cut.the.crap\/lutte\/","url_meta":{"origin":2387,"position":2},"title":"Lutte","author":"Serge Victor","date":"2 juin 2019","format":"quote","excerpt":"\"(...) M\u00eame quand une lutte populaire est vaincue, il en reste toujours quelque chose. Les aspirations \u00e0 la d\u00e9mocratie directe ont souvent \u00e9t\u00e9 relay\u00e9es par les \u00e9lites et traduites dans des dispositifs compatibles avec les principes de la d\u00e9mocratie repr\u00e9sentative. Le meilleur exemple est celui de la R\u00e9volution fran\u00e7aise qui\u2026","rel":"","context":"Dans &quot;Citations&quot;","block_context":{"text":"Citations","link":"https:\/\/www.incaudavenenum.org\/cut.the.crap\/category\/lectures\/citations\/"},"img":{"alt_text":"","src":"","width":0,"height":0},"classes":[]},{"id":1688,"url":"https:\/\/www.incaudavenenum.org\/cut.the.crap\/tyran\/","url_meta":{"origin":2387,"position":3},"title":"Tyran","author":"Serge Victor","date":"30 mai 2019","format":"quote","excerpt":"\"Se r\u00e9jouir du coming out monarchiste d'Emmanuel Macron, c'\u00e9tait, comme \u00e0 chaque moment de Restauration et de contre-r\u00e9volution de l'histoire de France, applaudir \u00e0 l'affichage id\u00e9ologique d'un tyran. Je n'\u00e9cris pas \u201ctyran\u201d \u00e0 la l\u00e9g\u00e8re.Le mot nous vient du grec \u03a4\u03cd\u03c1\u03b1\u03bd\u03bd\u03bf\u03c2 (turannos) qui d\u00e9signe, dans l'Antiquit\u00e9, un homme abusant d'un\u2026","rel":"","context":"Dans &quot;Citations&quot;","block_context":{"text":"Citations","link":"https:\/\/www.incaudavenenum.org\/cut.the.crap\/category\/lectures\/citations\/"},"img":{"alt_text":"","src":"","width":0,"height":0},"classes":[]},{"id":1411,"url":"https:\/\/www.incaudavenenum.org\/cut.the.crap\/populisme\/","url_meta":{"origin":2387,"position":4},"title":"Populisme","author":"Serge Victor","date":"18 novembre 2018","format":"quote","excerpt":"\"Le concept de \u201cpopulisme\u201d, si vague et si g\u00e9n\u00e9ral qu'il permet d'englober des courants que presque tout oppose (par exemple le Front national et la France insoumise actuellement en France), joue aujourd'hui un r\u00f4le de mise en \u00e9quivalence de l'extr\u00eame-droite et de la gauche radicale d\u00e9volu autrefois, au temps de\u2026","rel":"","context":"Dans &quot;Citations&quot;","block_context":{"text":"Citations","link":"https:\/\/www.incaudavenenum.org\/cut.the.crap\/category\/lectures\/citations\/"},"img":{"alt_text":"","src":"","width":0,"height":0},"classes":[]},{"id":2261,"url":"https:\/\/www.incaudavenenum.org\/cut.the.crap\/les-chroniques-de-le-banni-de-le-media-episode-3\/","url_meta":{"origin":2387,"position":5},"title":"Les chroniques de Le Banni (de Le M\u00e9dia), \u00e9pisode 3","author":"Serge Victor","date":"21 d\u00e9cembre 2023","format":false,"excerpt":"R\u00e9sum\u00e9 de l'\u00e9pisode pr\u00e9c\u00e9dent : B\u00e9n\u00e9vh\u00f4l, le guerrier de Kohop, a \u00e9t\u00e9 banni de Lm\u00e9di\u00e2h par la sinistre triade Khakobb. D\u00e9sormais, il parcourt steppes arides et mar\u00e9cages boueux pour rassembler r\u00e9prouv\u00e9s et Soci\u00f4hs \u00e9pars, afin de leur r\u00e9v\u00e9ler le terrible secret du Fh\u00f4reuhm, dans le but de ramener un jour\u2026","rel":"","context":"Dans &quot;Le Banni&quot;","block_context":{"text":"Le Banni","link":"https:\/\/www.incaudavenenum.org\/cut.the.crap\/category\/le-banni\/"},"img":{"alt_text":"","src":"https:\/\/i0.wp.com\/www.incaudavenenum.org\/cut.the.crap\/wp-content\/uploads\/2023\/12\/Screenshot_2023-11-23_at_17-14-44_Equipe_de_moderation.webp?resize=350%2C200&ssl=1","width":350,"height":200,"srcset":"https:\/\/i0.wp.com\/www.incaudavenenum.org\/cut.the.crap\/wp-content\/uploads\/2023\/12\/Screenshot_2023-11-23_at_17-14-44_Equipe_de_moderation.webp?resize=350%2C200&ssl=1 1x, https:\/\/i0.wp.com\/www.incaudavenenum.org\/cut.the.crap\/wp-content\/uploads\/2023\/12\/Screenshot_2023-11-23_at_17-14-44_Equipe_de_moderation.webp?resize=525%2C300&ssl=1 1.5x, https:\/\/i0.wp.com\/www.incaudavenenum.org\/cut.the.crap\/wp-content\/uploads\/2023\/12\/Screenshot_2023-11-23_at_17-14-44_Equipe_de_moderation.webp?resize=700%2C400&ssl=1 2x"},"classes":[]}],"jetpack_sharing_enabled":true,"_links":{"self":[{"href":"https:\/\/www.incaudavenenum.org\/cut.the.crap\/wp-json\/wp\/v2\/posts\/2387","targetHints":{"allow":["GET"]}}],"collection":[{"href":"https:\/\/www.incaudavenenum.org\/cut.the.crap\/wp-json\/wp\/v2\/posts"}],"about":[{"href":"https:\/\/www.incaudavenenum.org\/cut.the.crap\/wp-json\/wp\/v2\/types\/post"}],"author":[{"embeddable":true,"href":"https:\/\/www.incaudavenenum.org\/cut.the.crap\/wp-json\/wp\/v2\/users\/1"}],"replies":[{"embeddable":true,"href":"https:\/\/www.incaudavenenum.org\/cut.the.crap\/wp-json\/wp\/v2\/comments?post=2387"}],"version-history":[{"count":1,"href":"https:\/\/www.incaudavenenum.org\/cut.the.crap\/wp-json\/wp\/v2\/posts\/2387\/revisions"}],"predecessor-version":[{"id":2389,"href":"https:\/\/www.incaudavenenum.org\/cut.the.crap\/wp-json\/wp\/v2\/posts\/2387\/revisions\/2389"}],"wp:attachment":[{"href":"https:\/\/www.incaudavenenum.org\/cut.the.crap\/wp-json\/wp\/v2\/media?parent=2387"}],"wp:term":[{"taxonomy":"category","embeddable":true,"href":"https:\/\/www.incaudavenenum.org\/cut.the.crap\/wp-json\/wp\/v2\/categories?post=2387"},{"taxonomy":"post_tag","embeddable":true,"href":"https:\/\/www.incaudavenenum.org\/cut.the.crap\/wp-json\/wp\/v2\/tags?post=2387"}],"curies":[{"name":"wp","href":"https:\/\/api.w.org\/{rel}","templated":true}]}}