{"id":2393,"date":"2024-02-04T13:22:51","date_gmt":"2024-02-04T11:22:51","guid":{"rendered":"https:\/\/www.incaudavenenum.org\/cut.the.crap\/?p=2393"},"modified":"2024-03-31T19:13:08","modified_gmt":"2024-03-31T17:13:08","slug":"les-chroniques-de-le-banni-de-le-media-episode-7","status":"publish","type":"post","link":"https:\/\/www.incaudavenenum.org\/cut.the.crap\/les-chroniques-de-le-banni-de-le-media-episode-7\/","title":{"rendered":"Les chroniques de Le Banni (de Le M\u00e9dia), \u00e9pisode 7"},"content":{"rendered":"\n<pre class=\"wp-block-verse wp-embed-aspect-16-9 wp-has-aspect-ratio\"><strong>R\u00e9sum\u00e9 de <a href=\"https:\/\/www.incaudavenenum.org\/cut.the.crap\/les-chroniques-de-le-banni-de-le-media-episode-6\/\">l'\u00e9pisode pr\u00e9c\u00e9dent<\/a> :<\/strong> B\u00e9n\u00e9vh\u00f4l, le guerrier de Kohop, a \u00e9t\u00e9 banni de Lm\u00e9di\u00e2h par la sinistre triade Khakobb qui cherche \u00e0 le faire passer, lui et d'autres fid\u00e8les de Kohop, pour une poign\u00e9e de tra\u00eetres. \nIl parcourait steppes arides et mar\u00e9cages boueux pour rassembler r\u00e9prouv\u00e9s et Soci\u00f4hs \u00e9pars, afin de leur r\u00e9v\u00e9ler le terrible secret du Fh\u00f4reuhm, quand une myst\u00e9rieuse lumi\u00e8re le guida vers un conclave secret porteur d'espoir. Mais ce n'\u00e9tait qu'un traquenard tendu par la sinistre triade qui jeta contre lui ses mal\u00e9fices.\nApr\u00e8s une lutte acharn\u00e9e et \u00e9puisante, il est tout de m\u00eame sorti indemne de l'\u00e9preuve, plus que jamais d\u00e9cid\u00e9 \u00e0 ramener l'esprit de Kohop \u00e0 Lm\u00e9di\u00e2h. Il est : LE BANNI. <\/pre>\n\n\n\n<h2 class=\"wp-block-heading\">Travers\u00e9e du Mordor<\/h2>\n\n\n\n<p>L&#8217;embellie \u00e9voqu\u00e9e dans <a href=\"https:\/\/www.incaudavenenum.org\/cut.the.crap\/les-chroniques-de-le-banni-de-le-media-episode-6\/\">l&rsquo;\u00e9pisode pr\u00e9c\u00e9dent<\/a> aura \u00e9t\u00e9 de courte de dur\u00e9e. Mercredi 31 janvier 2024, en effet, j&rsquo;ai \u00e9t\u00e9 invit\u00e9 par le pr\u00e9sident du Conseil de surveillance du M\u00e9dia pour une discussion avec le Directoire. En deux heures \u00e9puisantes de r\u00e9union, j&rsquo;ai eu plus l&rsquo;impression d&rsquo;avoir travers\u00e9 le <a href=\"https:\/\/fr.wikipedia.org\/wiki\/Mordor\" target=\"_blank\" rel=\"noreferrer noopener\">Mordor<\/a> que d&rsquo;avoir suivi l&rsquo;ordre du jour. En r\u00e9alit\u00e9, les trois membres du directoire n&rsquo;avaient aucune intention de discuter ni d&rsquo;aboutir \u00e0 des solutions aux probl\u00e8mes pos\u00e9s. Ils \u00e9taient juste venus faire le proc\u00e8s des <a href=\"https:\/\/twitter.com\/SociosEngages\" target=\"_blank\" rel=\"noreferrer noopener\">Socios Engag\u00e9\u00b7e\u00b7s<\/a>. <\/p>\n\n\n\n<figure class=\"wp-block-image size-large\"><a href=\"https:\/\/i0.wp.com\/www.incaudavenenum.org\/cut.the.crap\/wp-content\/uploads\/2024\/02\/Capture-decran-2024-02-03-a-16.26.18.png?ssl=1\"><img data-recalc-dims=\"1\" loading=\"lazy\" decoding=\"async\" width=\"840\" height=\"522\" data-attachment-id=\"2394\" data-permalink=\"https:\/\/www.incaudavenenum.org\/cut.the.crap\/les-chroniques-de-le-banni-de-le-media-episode-7\/capture-decran-2024-02-03-a-16-26-18\/\" data-orig-file=\"https:\/\/i0.wp.com\/www.incaudavenenum.org\/cut.the.crap\/wp-content\/uploads\/2024\/02\/Capture-decran-2024-02-03-a-16.26.18.png?fit=1056%2C656&amp;ssl=1\" data-orig-size=\"1056,656\" data-comments-opened=\"1\" data-image-meta=\"{&quot;aperture&quot;:&quot;0&quot;,&quot;credit&quot;:&quot;&quot;,&quot;camera&quot;:&quot;&quot;,&quot;caption&quot;:&quot;&quot;,&quot;created_timestamp&quot;:&quot;0&quot;,&quot;copyright&quot;:&quot;&quot;,&quot;focal_length&quot;:&quot;0&quot;,&quot;iso&quot;:&quot;0&quot;,&quot;shutter_speed&quot;:&quot;0&quot;,&quot;title&quot;:&quot;&quot;,&quot;orientation&quot;:&quot;0&quot;}\" data-image-title=\"Capture-decran-2024-02-03-a-16.26.18\" data-image-description=\"\" data-image-caption=\"\" data-large-file=\"https:\/\/i0.wp.com\/www.incaudavenenum.org\/cut.the.crap\/wp-content\/uploads\/2024\/02\/Capture-decran-2024-02-03-a-16.26.18.png?fit=840%2C522&amp;ssl=1\" src=\"https:\/\/i0.wp.com\/www.incaudavenenum.org\/cut.the.crap\/wp-content\/uploads\/2024\/02\/Capture-decran-2024-02-03-a-16.26.18.png?resize=840%2C522&#038;ssl=1\" alt=\"\" class=\"wp-image-2394\" srcset=\"https:\/\/i0.wp.com\/www.incaudavenenum.org\/cut.the.crap\/wp-content\/uploads\/2024\/02\/Capture-decran-2024-02-03-a-16.26.18.png?resize=1024%2C636&amp;ssl=1 1024w, https:\/\/i0.wp.com\/www.incaudavenenum.org\/cut.the.crap\/wp-content\/uploads\/2024\/02\/Capture-decran-2024-02-03-a-16.26.18.png?resize=300%2C186&amp;ssl=1 300w, https:\/\/i0.wp.com\/www.incaudavenenum.org\/cut.the.crap\/wp-content\/uploads\/2024\/02\/Capture-decran-2024-02-03-a-16.26.18.png?resize=768%2C477&amp;ssl=1 768w, https:\/\/i0.wp.com\/www.incaudavenenum.org\/cut.the.crap\/wp-content\/uploads\/2024\/02\/Capture-decran-2024-02-03-a-16.26.18.png?w=1056&amp;ssl=1 1056w\" sizes=\"auto, (max-width: 709px) 85vw, (max-width: 909px) 67vw, (max-width: 1362px) 62vw, 840px\" \/><\/a><figcaption class=\"wp-element-caption\"><em>Ordre du jour de la r\u00e9union du 31 janvier 2023<\/em><\/figcaption><\/figure>\n\n\n\n<p><\/p>\n\n\n\n<figure class=\"wp-block-image size-large\"><a href=\"https:\/\/i0.wp.com\/www.incaudavenenum.org\/cut.the.crap\/wp-content\/uploads\/2024\/02\/ai-generated-7813974_1280.jpg?ssl=1\"><img data-recalc-dims=\"1\" loading=\"lazy\" decoding=\"async\" width=\"840\" height=\"840\" data-attachment-id=\"2395\" data-permalink=\"https:\/\/www.incaudavenenum.org\/cut.the.crap\/les-chroniques-de-le-banni-de-le-media-episode-7\/ai-generated-7813974_1280\/\" data-orig-file=\"https:\/\/i0.wp.com\/www.incaudavenenum.org\/cut.the.crap\/wp-content\/uploads\/2024\/02\/ai-generated-7813974_1280.jpg?fit=1280%2C1280&amp;ssl=1\" data-orig-size=\"1280,1280\" data-comments-opened=\"1\" data-image-meta=\"{&quot;aperture&quot;:&quot;0&quot;,&quot;credit&quot;:&quot;&quot;,&quot;camera&quot;:&quot;&quot;,&quot;caption&quot;:&quot;&quot;,&quot;created_timestamp&quot;:&quot;0&quot;,&quot;copyright&quot;:&quot;&quot;,&quot;focal_length&quot;:&quot;0&quot;,&quot;iso&quot;:&quot;0&quot;,&quot;shutter_speed&quot;:&quot;0&quot;,&quot;title&quot;:&quot;&quot;,&quot;orientation&quot;:&quot;0&quot;}\" data-image-title=\"ai-generated-7813974_1280\" data-image-description=\"\" data-image-caption=\"\" data-large-file=\"https:\/\/i0.wp.com\/www.incaudavenenum.org\/cut.the.crap\/wp-content\/uploads\/2024\/02\/ai-generated-7813974_1280.jpg?fit=840%2C840&amp;ssl=1\" src=\"https:\/\/i0.wp.com\/www.incaudavenenum.org\/cut.the.crap\/wp-content\/uploads\/2024\/02\/ai-generated-7813974_1280.jpg?resize=840%2C840&#038;ssl=1\" alt=\"\" class=\"wp-image-2395\" srcset=\"https:\/\/i0.wp.com\/www.incaudavenenum.org\/cut.the.crap\/wp-content\/uploads\/2024\/02\/ai-generated-7813974_1280.jpg?resize=1024%2C1024&amp;ssl=1 1024w, https:\/\/i0.wp.com\/www.incaudavenenum.org\/cut.the.crap\/wp-content\/uploads\/2024\/02\/ai-generated-7813974_1280.jpg?resize=300%2C300&amp;ssl=1 300w, https:\/\/i0.wp.com\/www.incaudavenenum.org\/cut.the.crap\/wp-content\/uploads\/2024\/02\/ai-generated-7813974_1280.jpg?resize=150%2C150&amp;ssl=1 150w, https:\/\/i0.wp.com\/www.incaudavenenum.org\/cut.the.crap\/wp-content\/uploads\/2024\/02\/ai-generated-7813974_1280.jpg?resize=768%2C768&amp;ssl=1 768w, https:\/\/i0.wp.com\/www.incaudavenenum.org\/cut.the.crap\/wp-content\/uploads\/2024\/02\/ai-generated-7813974_1280.jpg?resize=1200%2C1200&amp;ssl=1 1200w, https:\/\/i0.wp.com\/www.incaudavenenum.org\/cut.the.crap\/wp-content\/uploads\/2024\/02\/ai-generated-7813974_1280.jpg?w=1280&amp;ssl=1 1280w\" sizes=\"auto, (max-width: 709px) 85vw, (max-width: 909px) 67vw, (max-width: 1362px) 62vw, 840px\" \/><\/a><figcaption class=\"wp-element-caption\"><em>Image du Mordor cr\u00e9\u00e9e par IA sur Pixabay<\/em><\/figcaption><\/figure>\n\n\n\n<p><\/p>\n\n\n\n<p>Alors que j&rsquo;avais signifi\u00e9 clairement que je n&rsquo;\u00e9tais pas mandat\u00e9 pour repr\u00e9senter les <a href=\"https:\/\/www.youtube.com\/@SociosEngages\" target=\"_blank\" rel=\"noreferrer noopener\">Socios Engag\u00e9\u00b7e\u00b7s<\/a> mais pour repr\u00e9senter les b\u00e9n\u00e9voles du M\u00e9dia ayant contribu\u00e9 \u00e0 la r\u00e9daction du dernier rapport trimestriel du groupe de soutien coop\u00e9ratif aux b\u00e9n\u00e9voles (et bien s\u00fbr pour discuter des propositions concr\u00e8tes pos\u00e9es dans ce rapport), alors que le pr\u00e9sident du CS avait fix\u00e9 un ordre du jour et propos\u00e9 que la discussion se fasse principalement entre un des membres du directoire et moi, j&rsquo;ai eu droit \u00e0 deux heures de violence verbale, d&rsquo;accusations, d&rsquo;interruptions, d&rsquo;autoritarisme, d&rsquo;assignation au silence, par les trois membres du directoire, parlant parfois en m\u00eame temps, tournant en boucle sur leurs griefs fabriqu\u00e9s de toutes pi\u00e8ces, et refusant obstin\u00e9ment de revenir \u00e0 l&rsquo;ordre du jour. Lorsqu&rsquo;\u00e0 la fin de ce pugilat, j&rsquo;ai fait part de ma tristesse que rien n&rsquo;ait avanc\u00e9, un des membres du directoire m&rsquo;a r\u00e9torqu\u00e9 : \u00ab\u00a0Si, tu as \u00e9t\u00e9 inform\u00e9\u00a0\u00bb. <\/p>\n\n\n\n<p>Inform\u00e9 de quoi ? Que \u00ab\u00a0la suite se fera sans toi\u00a0\u00bb, <em>dixit<\/em> le m\u00eame directeur, et un de ses coll\u00e8gues de pr\u00e9ciser : \u00ab\u00a0on a accept\u00e9 de parler avec les <a href=\"https:\/\/www.facebook.com\/socios.engages\" target=\"_blank\" rel=\"noreferrer noopener\">Socios Engag\u00e9\u00b7e\u00b7s<\/a> uniquement pour leur expliquer pourquoi on n&rsquo;accepte pas les insultes et les d\u00e9nigrements. Ces gens jartent et ne reviendront pas.\u00a0\u00bb<\/p>\n\n\n\n<p>Je reviendrai dans un autre \u00e9pisode sur ces accusations compl\u00e8tement bidon de \u00ab\u00a0d\u00e9nigrement\u00a0\u00bb (quant aux insultes, il n&rsquo;y en a jamais eues, bien \u00e9videmment) et sur la fa\u00e7on tr\u00e8s probl\u00e9matique qu&rsquo;a ce directoire d&rsquo;inventer des r\u00e8gles non \u00e9crites en fonction de l&rsquo;humeur et de s&rsquo;asseoir quand cela l&rsquo;arrange sur les r\u00e8gles \u00e9crites existantes. <\/p>\n\n\n\n<!--more-->\n\n\n\n<p>Mais pour l&rsquo;heure, je veux d\u00e9gager ce qu&rsquo;il y a tout de m\u00eame de positif dans cette rencontre. D\u00e9j\u00e0, elle a eu lieu, alors m\u00eame qu&rsquo;un membre au moins du Directoire avait fait savoir en d&rsquo;autres occasions qu&rsquo;on n&rsquo;avait \u00ab\u00a0plus rien \u00e0 se dire\u00a0\u00bb. L\u00e0, il a eu plein de choses \u00e0 me dire, comme&nbsp;: \u00ab\u00a0tu ne peux pas parler, c&rsquo;est moi qui parle\u00a0\u00bb (le pr\u00e9sident du CS avait pourtant pr\u00e9conis\u00e9 que ce soit un de ses coll\u00e8gues qui parle)&nbsp;; et on peut m\u00eame dire que les trois membres du Directoire ont pu, deux heures durant, d\u00e9verser sans frein des \u00e9motions qu&rsquo;ils avaient visiblement grand besoin d&rsquo;ext\u00e9rioriser. J&rsquo;esp\u00e8re que cela les a soulag\u00e9\u00b7e\u00b7s, et m\u00eame si j&rsquo;ai eu l&rsquo;impression d&rsquo;avoir assist\u00e9 \u00e0 une th\u00e9rapie de groupe, je n&rsquo;aurai pas le mauvais go\u00fbt de leur facturer la s\u00e9ance. En mode lacanien, \u00e7a aurait pu me rapporter gros, cela dit.<\/p>\n\n\n<div class=\"wp-block-image\">\n<figure class=\"aligncenter size-full\"><a href=\"https:\/\/i0.wp.com\/www.incaudavenenum.org\/cut.the.crap\/wp-content\/uploads\/2024\/02\/gotlib-Rubrique-a-brac-tome-1.jpg?ssl=1\"><img data-recalc-dims=\"1\" loading=\"lazy\" decoding=\"async\" width=\"500\" height=\"470\" data-attachment-id=\"2401\" data-permalink=\"https:\/\/www.incaudavenenum.org\/cut.the.crap\/les-chroniques-de-le-banni-de-le-media-episode-7\/gotlib-rubrique-a-brac-tome-1\/\" data-orig-file=\"https:\/\/i0.wp.com\/www.incaudavenenum.org\/cut.the.crap\/wp-content\/uploads\/2024\/02\/gotlib-Rubrique-a-brac-tome-1.jpg?fit=500%2C470&amp;ssl=1\" data-orig-size=\"500,470\" data-comments-opened=\"1\" data-image-meta=\"{&quot;aperture&quot;:&quot;0&quot;,&quot;credit&quot;:&quot;&quot;,&quot;camera&quot;:&quot;&quot;,&quot;caption&quot;:&quot;&quot;,&quot;created_timestamp&quot;:&quot;0&quot;,&quot;copyright&quot;:&quot;&quot;,&quot;focal_length&quot;:&quot;0&quot;,&quot;iso&quot;:&quot;0&quot;,&quot;shutter_speed&quot;:&quot;0&quot;,&quot;title&quot;:&quot;&quot;,&quot;orientation&quot;:&quot;0&quot;}\" data-image-title=\"gotlib-Rubrique-a-brac-tome-1\" data-image-description=\"\" data-image-caption=\"\" data-large-file=\"https:\/\/i0.wp.com\/www.incaudavenenum.org\/cut.the.crap\/wp-content\/uploads\/2024\/02\/gotlib-Rubrique-a-brac-tome-1.jpg?fit=500%2C470&amp;ssl=1\" src=\"https:\/\/i0.wp.com\/www.incaudavenenum.org\/cut.the.crap\/wp-content\/uploads\/2024\/02\/gotlib-Rubrique-a-brac-tome-1.jpg?resize=500%2C470&#038;ssl=1\" alt=\"\" class=\"wp-image-2401\" srcset=\"https:\/\/i0.wp.com\/www.incaudavenenum.org\/cut.the.crap\/wp-content\/uploads\/2024\/02\/gotlib-Rubrique-a-brac-tome-1.jpg?w=500&amp;ssl=1 500w, https:\/\/i0.wp.com\/www.incaudavenenum.org\/cut.the.crap\/wp-content\/uploads\/2024\/02\/gotlib-Rubrique-a-brac-tome-1.jpg?resize=300%2C282&amp;ssl=1 300w\" sizes=\"auto, (max-width: 500px) 85vw, 500px\" \/><\/a><figcaption class=\"wp-element-caption\"><em>extrait de Gotlib : <\/em>Rubrique-\u00e0-brac<em> tome 1<\/em><\/figcaption><\/figure>\n<\/div>\n\n\n<p>Plus s\u00e9rieusement, on va dire que voir ce Directoire en roue libre accepter, m\u00eame si c&rsquo;est de mauvaise gr\u00e2ce, de participer \u00e0 une r\u00e9union provoqu\u00e9e par le Conseil de Surveillance est une reconnaissance de l&rsquo;autorit\u00e9 dudit Conseil. La chose a son importance car, contrairement par exemple \u00e0 ce qui m&rsquo;a \u00e9t\u00e9 dit lors de cette r\u00e9union, le Directoire n&rsquo;a pas le pouvoir de faire en sorte que \u00ab\u00a0la suite\u00a0\u00bb se fasse sans moi. Soci\u00e9taire je suis, soci\u00e9taire je reste, et seul le Conseil de surveillance a le pouvoir de me retirer cette qualit\u00e9. Je suis socio depuis 2017 et j&rsquo;entends bien le rester, et exercer tous mes droits de soci\u00e9taire. Le Directoire a le droit, certes, de ne pas renouveler mes conventions de b\u00e9n\u00e9volat, et il a la capacit\u00e9 technique de me bannir du forum et des autres supports de discussion du M\u00e9dia, mais j&rsquo;ai le droit de contester ces d\u00e9cisions arbitraires infond\u00e9es et de demander au Conseil de surveillance d&rsquo;exercer sa mission de contr\u00f4le sur le Directoire. En dernier ressort, il faut rappeler aussi que c&rsquo;est le Conseil de surveillance qui nomme le Directoire, et qui peut le r\u00e9voquer, ce que l&rsquo;Assembl\u00e9e G\u00e9n\u00e9rale des soci\u00e9taires a \u00e9galement le pouvoir de faire. Il y a des <a href=\"https:\/\/www.lemediatv.fr\/annexes\/statuts\" target=\"_blank\" rel=\"noreferrer noopener\">statuts<\/a>, et le Directoire n&rsquo;a pas le droit de faire n&rsquo;importe quoi ni d&rsquo;inventer des r\u00e8gles \u00e0 sa convenance. Concernant le forum, par exemple, je n&rsquo;ai jamais enfreint sa charte, et le Directoire n&rsquo;a donc aucune raison l\u00e9gitime de m&rsquo;en bannir \u2014 encore moins \u00ab\u00a0d\u00e9finitivement\u00a0\u00bb et sans m&rsquo;avoir inform\u00e9 \u00e0 ce jour, plus de deux mois apr\u00e8s la mise en place technique de ce bannissement, des faits pr\u00e9cis qui me seraient reproch\u00e9s. Le forum est un service d\u00fb aux abonn\u00e9\u00b7e\u00b7s et soci\u00e9taires. En me privant d&rsquo;acc\u00e8s \u00e0 ce support, mais en en privant aussi l&rsquo;ensemble des soci\u00e9taires et des abonn\u00e9\u00b7e\u00b7s depuis plusieurs mois, sans la moindre excuse fournie, le Directoire nous fait \u00e0 toutes et tous subir un pr\u00e9judice. Nous sommes en droit de nous en plaindre tant que nous n&rsquo;aurons pas obtenu r\u00e9paration de ce pr\u00e9judice.<\/p>\n\n\n\n<p>Un autre point positif de cette r\u00e9union est qu&rsquo;un membre du Directoire, apr\u00e8s avoir avou\u00e9 qu&rsquo;il \u00e9tait venu uniquement pour faire le proc\u00e8s des <a href=\"https:\/\/mamot.fr\/@sociosengages\" target=\"_blank\" rel=\"noreferrer noopener\">Socios Engag\u00e9\u00b7e\u00b7s<\/a>, a reconnu que le contenu du rapport (dont il a refus\u00e9 de discuter durant ces deux heures alors que son examen \u00e9tait \u00e0 l&rsquo;ordre du jour) \u00e9tait int\u00e9ressant et qu&rsquo;il en approuvait certaines propositions. Ainsi donc, tout n&rsquo;est pas perdu : ces propositions sont bien reconnues comme int\u00e9ressant la coop\u00e9rative, et je ne renonce donc pas \u00e0 les d\u00e9fendre et les expliquer. Je suis toujours disponible pour le faire, et j&rsquo;invite d&rsquo;autres socios \u00e0 s&rsquo;en emparer et \u00e0 les d\u00e9fendre aussi aupr\u00e8s des instances du M\u00e9dia. <\/p>\n\n\n\n<p>Pour que les choses soient claires, voici ce rapport (qui devrait \u00e0 mon avis \u00eatre transmis \u00e0 tous les soci\u00e9taires, et pas seulement aux instances dirigeantes, car il soul\u00e8ve des questions d&rsquo;int\u00e9r\u00eat pour toute notre <a href=\"https:\/\/fr.wikipedia.org\/wiki\/Soci%C3%A9t%C3%A9_coop%C3%A9rative_d'int%C3%A9r%C3%AAt_collectif\" target=\"_blank\" rel=\"noreferrer noopener\">SCIC<\/a>), sans le d\u00e9tail des noms (car il n&rsquo;est pas question de mettre en cause des personnes mais un fonctionnement) et avec quelques annotations ult\u00e9rieures pour en faciliter la compr\u00e9hension :<\/p>\n\n\n\n<h2 class=\"wp-block-heading has-yellow-background-color has-background\"><strong>Rapport d&rsquo;activit\u00e9 du groupe de soutien coop\u00e9ratif aux b\u00e9n\u00e9voles<\/strong><\/h2>\n\n\n\n<h3 class=\"wp-block-heading has-yellow-background-color has-background\"><strong>\u00e0 destination du Directoire du M\u00e9dia<\/strong> <strong>et du Conseil de Surveillance<\/strong><\/h3>\n\n\n\n<h4 class=\"wp-block-heading has-yellow-background-color has-background\">3\u00e8me trimestre 2023<\/h4>\n\n\n\n<p class=\"has-yellow-background-color has-background\">Rappel de nos missions et actions en cons\u00e9quence&nbsp;:<\/p>\n\n\n\n<p class=\"has-yellow-background-color has-background\"><strong>1- informer les soci\u00e9taires sur la possibilit\u00e9 de participer de mani\u00e8re concr\u00e8te au fonctionnement du M\u00e9dia<\/strong><\/p>\n\n\n\n<p class=\"has-yellow-background-color has-background\">Le travail sur les vid\u00e9os de promotion des b\u00e9n\u00e9voles du M\u00e9dia entrepris avec les Correspondant.e.s Citoyen.ne.s et les Mod\u00e9rateur\u00b7ice\u00b7s s&rsquo;est poursuivi pour le Sous-titrage, mais n&rsquo;a pu \u00eatre termin\u00e9 en raison de la d\u00e9mission de <em>[l&rsquo;un des sous-titreurs]<\/em>.<\/p>\n\n\n\n<p class=\"has-yellow-background-color has-background\">La vid\u00e9o comprenant la pr\u00e9sentation des CC et Mod\u00e9rateur\u00b7ice\u00b7s a \u00e9t\u00e9 diffus\u00e9e pour m\u00e9moire sur <a href=\"https:\/\/youtu.be\/c_ETraKTBP4\" target=\"_blank\" rel=\"noreferrer noopener\">la cha\u00eene YouTube des Socios Engag\u00e9.e.s<\/a>.&nbsp;<\/p>\n\n\n\n<p class=\"has-yellow-background-color has-background\"><strong>2- \u00e9tablir et tenir \u00e0 jour une liste des Socios b\u00e9n\u00e9voles et des comp\u00e9tences qu&rsquo;ils peuvent mettre \u00e0 disposition sur la base du volontariat<\/strong><\/p>\n\n\n\n<p class=\"has-yellow-background-color has-background\">A notre connaissance,<\/p>\n\n\n\n<ul class=\"wp-block-list\">\n<li><mark style=\"background-color:#ffef8e\" class=\"has-inline-color has-dark-gray-color\">le groupe des CC a connu plusieurs d\u00e9missions durant l&rsquo;\u00e9t\u00e9, avec le d\u00e9part de JB et celui de DB (qui n&rsquo;avait pas encore sign\u00e9 sa convention mais semble, en annon\u00e7ant sa d\u00e9mission, avoir renonc\u00e9 \u00e0 le faire). Les CC encore inscrits dans le salon Discord des CC sont SV, A, YL, SB, TD, CM, ME. La derni\u00e8re vid\u00e9o post\u00e9e par YL dans le groupe Telegram des CC date du 29 ao\u00fbt, et le r\u00e9f\u00e9rent des CC, (&#8230;) n&rsquo;a plus donn\u00e9 signe de vie sur cette boucle depuis le 9 ao\u00fbt <em>[NB : constat fait \u00e0 la date du 1er novembre 2023, date d&rsquo;envoi du rapport, sans pr\u00e9juger d&rsquo;activit\u00e9s ult\u00e9rieures qui n&rsquo;auraient pas \u00e9t\u00e9 port\u00e9es \u00e0 notre connaissance]<\/em>. Lors des mouvements sociaux de septembre et octobre, les CC n&rsquo;ont pas \u00e9t\u00e9 sollicit\u00e9.e.s. Lors des \u00e9missions de rentr\u00e9e, aucune r\u00e9f\u00e9rence n&rsquo;a \u00e9t\u00e9 faite aux CC.<\/mark><\/li>\n\n\n\n<li><mark style=\"background-color:#ffef8e\" class=\"has-inline-color has-dark-gray-color\">T a d\u00e9missionn\u00e9 du groupe des Mod\u00e9rateur\u00b7ice\u00b7s, au sein duquel il ne reste donc plus que M.<\/mark><\/li>\n\n\n\n<li><mark style=\"background-color:#ffef8e\" class=\"has-inline-color has-dark-gray-color\">C a d\u00e9missionn\u00e9 du groupe des Sous-Titreurs. MH n&rsquo;appara\u00eet plus non plus dans leur salon Discord o\u00f9 ne restent que CD et MD. CD semble \u00eatre le seul sous-titreur encore actif, mais <em>[le r\u00e9f\u00e9rent]<\/em> ne lui a plus transmis de vid\u00e9o \u00e0 sous-titrer depuis le 3 octobre.<\/mark><\/li>\n\n\n\n<li><mark style=\"background-color:#ffef8e\" class=\"has-inline-color has-dark-gray-color\">Le groupe Diffusion est vide. Malgr\u00e9 l&rsquo;arr\u00eat des diffusions de flashs sur Dailymotion, les Socios Engag\u00e9.e.s s&rsquo;\u00e9taient dits pr\u00eats \u00e0 poursuivre les diffusions sur leur chaine YouTube, mais <em>[le r\u00e9f\u00e9rent]<\/em> n&rsquo;a pas donn\u00e9 suite.<\/mark><\/li>\n\n\n\n<li><mark style=\"background-color:#ffef8e\" class=\"has-inline-color has-dark-gray-color\">JL, S et AD ont d\u00e9missionn\u00e9 du groupe de Soutien coop\u00e9ratif aux b\u00e9n\u00e9voles. Ne reste plus dans ce groupe que SV. Depuis le d\u00e9part de Thomas Dietrich, ce groupe n&rsquo;a plus de r\u00e9f\u00e9rent officiel. <em>[Le r\u00e9f\u00e9rent des autres groupes]<\/em> a dit avoir peut-\u00eatre une id\u00e9e mais n&rsquo;a plus donn\u00e9 suite.<\/mark><\/li>\n<\/ul>\n\n\n\n<p class=\"has-yellow-background-color has-background\">Dans les comp\u00e9tences connues de socios qui pourraient se porter volontaires pour des actions b\u00e9n\u00e9voles, il est \u00e0 noter que <mark style=\"background-color:rgba(0, 0, 0, 0)\" class=\"has-inline-color has-dark-red-color\">les Socios Engag\u00e9.e.s peuvent toujours oeuvrer \u00e0 la promotion du M\u00e9dia sur les r\u00e9seaux<\/mark>. <mark style=\"background-color:rgba(0, 0, 0, 0)\" class=\"has-inline-color has-dark-red-color\">Un socio d\u00e9veloppeur informatique s&rsquo;est signal\u00e9 sur le forum pour aider \u00e0 sa mise \u00e0 jour. M et SV se sont d\u00e9clar\u00e9.e.s (&#8230;) disponibles pour aider \u00e0 la r\u00e9flexion sur les partenaires et \u00e0 la recherche de ceux-ci<\/mark>. Aucune de ces propositions n&rsquo;a connu de suite, \u00e0 notre connaissance.<\/p>\n\n\n\n<p class=\"has-yellow-background-color has-background\"><strong>3- soutenir la relance des activit\u00e9s b\u00e9n\u00e9voles existantes en fonction des besoins exprim\u00e9s par les b\u00e9n\u00e9voles et les membres de l&rsquo;\u00e9quipe impliqu\u00e9s, par exemple en r\u00e9fl\u00e9chissant \u00e0 des outils de travail et r\u00e9fl\u00e9chir \u00e0 de nouvelles activit\u00e9s b\u00e9n\u00e9voles issue de demandes des soci\u00e9taires.<\/strong><\/p>\n\n\n\n<p class=\"has-yellow-background-color has-background\">Comme \u00e9voqu\u00e9 ci-dessus, la mise \u00e0 jour du forum pourrait \u00eatre une mission donnant lieu \u00e0 convention de b\u00e9n\u00e9volat pour le socio volontaire. Il y a une demande en ce sens de soci\u00e9taires, et l&rsquo;invisibilisation du forum en septembre puis sa disparition compl\u00e8te en octobre ont suscit\u00e9 de vigoureuses protestations. Ce chantier devrait donc \u00eatre prioritaire, d&rsquo;autant que <mark style=\"background-color:rgba(0, 0, 0, 0)\" class=\"has-inline-color has-dark-red-color\">le forum \u00e9tait le seul outil disponible pour des consultations interm\u00e9diaires entre les AG et pour assurer la vie d\u00e9mocratique de la SCIC<\/mark>. Dans le m\u00eame ordre d&rsquo;id\u00e9e, le seul membre du groupe de Soutien coop\u00e9ratif encore actif \u00e9crivait le 25 octobre dans le salon Discord idoine&nbsp;: \u00ab&nbsp;Comme membre du groupe de soutien coop\u00e9ratif, <mark style=\"background-color:rgba(0, 0, 0, 0)\" class=\"has-inline-color has-dark-red-color\">je propose le retour sans d\u00e9lai du lien vers le forum sur le site, afin de pouvoir y poursuivre le travail de mise en r\u00e9seau qui y avait \u00e9t\u00e9 commenc\u00e9<\/mark>&nbsp;\u00bb (h\u00e9las, cette proposition a \u00e9t\u00e9 ensuite censur\u00e9e par l&rsquo;administrateur du serveur Discord). Pourtant, si ce travail \u00e9tait poursuivi (sur un forum r\u00e9tabli et mieux mis en valeur), <mark style=\"background-color:rgba(0, 0, 0, 0)\" class=\"has-inline-color has-dark-red-color\">cet annuaire des socios et de leurs comp\u00e9tences qui avait commenc\u00e9dans un fil de discussion permettrait \u00e0 terme aux socios de se regrouper localement pour assurer la promotion du M\u00e9dia (par exemple dans des caf\u00e9s des Socios), et aux journalistes de trouver des contacts locaux pour des reportages<\/mark>.<\/p>\n\n\n\n<p class=\"has-yellow-background-color has-background\"><strong>4- r\u00e9fl\u00e9chir, en lien avec les diff\u00e9rents groupes de Socios b\u00e9n\u00e9voles, \u00e0 des modes d&rsquo;organisation pour permettre leur p\u00e9rennisation.<\/strong><\/p>\n\n\n\n<p class=\"has-yellow-background-color has-background\">Notre pr\u00e9c\u00e9dente demande d&rsquo;ouvrir l&rsquo;acc\u00e8s aux diff\u00e9rents salons Discord des b\u00e9n\u00e9voles aux membres du groupe de Soutien coop\u00e9ratif a \u00e9t\u00e9 suivie d&rsquo;effet et aurait pu faciliter la coordination et les aides&#8230; Toutefois, la d\u00e9mission de plusieurs b\u00e9n\u00e9voles et la censure exerc\u00e9e par l&rsquo;administrateur ont rendu cet espace inutilisable. Trois b\u00e9n\u00e9voles parmi les rares encore actifs sont d&rsquo;ailleurs exclus, interdits de communiquer d&rsquo;abord pour 24h puis 24h de plus puis une semaine&#8230; Iels ont aussi \u00e9t\u00e9 exclu.e.s des groupes Facebook du M\u00e9dia et l&rsquo;un d&rsquo;entre eux a \u00e9galement \u00e9t\u00e9 exclu de la boucle Telegram du M\u00e9dia <em>[NB : par la suite, nous avons aussi \u00e9t\u00e9 exclus du groupe des b\u00e9n\u00e9voles par rupture ou non-renouvellement de nos conventions de b\u00e9n\u00e9volat, et plusieurs d&rsquo;entre nous ont re\u00e7u un avis de bannissement du forum]<\/em>.<br>Pour relancer l&rsquo;activit\u00e9 des b\u00e9n\u00e9voles \u00e0 pr\u00e9sent au point mort, il conviendrait d&rsquo;en finir avec cette fuite en avant r\u00e9pressive et de <mark style=\"background-color:rgba(0, 0, 0, 0)\" class=\"has-inline-color has-dark-red-color\">r\u00e9fl\u00e9chir \u00e0 une organisation qui ne surcharge pas l&rsquo;actuel salari\u00e9 r\u00e9f\u00e9rent peut-\u00eatre trop accapar\u00e9 par d&rsquo;autres t\u00e2ches<\/mark>.<\/p>\n\n\n\n<p class=\"has-yellow-background-color has-background\"><strong>5- \u00e9tablir un rapport d&rsquo;\u00e9tat trimestriel pour rendre compte de l&rsquo;activit\u00e9 du groupe au Directoire.<\/strong><\/p>\n\n\n\n<p class=\"has-yellow-background-color has-background\">Le voici pour le 3\u00e8me trimestre 2023.<\/p>\n\n\n\n<p><\/p>\n\n\n\n<p>Ce rapport avait \u00e9t\u00e9 censur\u00e9 autoritairement dans le Discord des b\u00e9n\u00e9voles, le r\u00e9f\u00e9rent ne souhaitant visiblement pas que les autres b\u00e9n\u00e9voles en prennent connaissance (peut-\u00eatre parce que sa responsabilit\u00e9 dans la d\u00e9liquescence des b\u00e9n\u00e9voles, d\u00e9missionnant les uns apr\u00e8s les autres, cessant toute activit\u00e9 ou se faisant \u00ab\u00a0jarter\u00a0\u00bb, pouvait \u00eatre questionn\u00e9e ?). Sous sa casquette de membre du directoire, il n&rsquo;a donc pas davantage voulu discuter de son contenu mercredi dernier. Quand \u00e7a veut pas&#8230; <br>Pourtant, certaines propositions r\u00e9pondent \u00e0 des voeux qu&rsquo;il a lui-m\u00eame exprim\u00e9s, comme celui de ne plus \u00eatre r\u00e9f\u00e9rent de tous les groupes. L\u00e0 encore, contrairement \u00e0 ce que pr\u00e9tend le Directoire, le propos n&rsquo;est pas de d\u00e9nigrer une personne mais de pointer des dysfonctionnements et de proposer des solutions (\u00e0 d\u00e9battre ouvertement et dans la transparence) pour am\u00e9liorer les choses au b\u00e9n\u00e9fice de toutes et tous.<\/p>\n\n\n\n<p>Lors de la r\u00e9union, j&rsquo;ai essay\u00e9 par exemple, malgr\u00e9 le rouleau compresseur accusatoire du Directoire auquel j&rsquo;\u00e9tais confront\u00e9, d&rsquo;aborder les propositions contenues dans ce rapport. <\/p>\n\n\n\n<p>Sur la question de l&rsquo;organisation des b\u00e9n\u00e9voles et des r\u00e9f\u00e9rents, j&rsquo;ai ainsi expliqu\u00e9 qu&rsquo;il \u00e9tait envisageable de d\u00e9charger l&rsquo;actuel r\u00e9f\u00e9rent de certaines de ses t\u00e2ches. Au lieu de se retrouver sur le forum en position de juge et partie, signalant des posts (par exemple pour \u00ab\u00a0d\u00e9nigrement\u00a0\u00bb, notion tr\u00e8s cadr\u00e9e juridiquement et qui ne peut \u00eatre employ\u00e9e \u00e0 tort et \u00e0 travers), outrepassant l&rsquo;avis de l&rsquo;\u00e9quipe b\u00e9n\u00e9vole de mod\u00e9ration quand elle n&rsquo;est pas d&rsquo;accord avec son signalement, et sanctionnant de son propre chef, comme administrateur, les posts qu&rsquo;il a signal\u00e9s lui-m\u00eame&#8230; il serait tout \u00e0 fait possible d&rsquo;\u00e9tablir que lorsqu&rsquo;il est lui-m\u00eame partie prenante, il se d\u00e9porte de son r\u00f4le d&rsquo;admin et de r\u00e9f\u00e9rent de l&rsquo;\u00e9quipe de mod\u00e9ration, et laisse le plus possible l&rsquo;\u00e9quipe de mod\u00e9ration g\u00e9rer coll\u00e9gialement le probl\u00e8me et voter \u00e0 la majorit\u00e9 sur une d\u00e9cision, quitte \u00e0 demander \u00e0 un autre admin (par exemple la d\u00e9veloppeuse informatique) de trancher si l&rsquo;\u00e9quipe de mod\u00e9ration ne parvient pas \u00e0 un consensus. <\/p>\n\n\n\n<p>A cela, l&rsquo;int\u00e9ress\u00e9 m&rsquo;a r\u00e9pondu qu&rsquo;il n&rsquo;en \u00e9tait pas question car la d\u00e9veloppeuse n&rsquo;avait pas ce genre de t\u00e2che dans ses attributions. Pourtant, elle a bien toujours sur le forum le r\u00f4le d&rsquo;admin, et je peux t\u00e9moigner en tant qu&rsquo;usager du forum et ancien mod\u00e9rateur b\u00e9n\u00e9vole qu&rsquo;elle a bien par le pass\u00e9 exerc\u00e9 cette fonction. A cela on m&rsquo;a r\u00e9pondu que sa fiche de poste avait \u00e9volu\u00e9 et qu&rsquo;elle \u00e9tait d\u00e9j\u00e0 prise par d&rsquo;autres t\u00e2ches. Dans le brouhaha des interruptions et des invectives des trois personnes que j&rsquo;avais en face de moi, il ne m&rsquo;a pas \u00e9t\u00e9 possible de pr\u00e9ciser qu&rsquo;il s&rsquo;agirait l\u00e0 d&rsquo;une intervention ponctuelle, uniquement en cas d&rsquo;absence de consensus dans l&rsquo;\u00e9quipe de mod\u00e9ration et de d\u00e9port de l&rsquo;autre admin se trouvant partie prenante dans le cas \u00e0 traiter, afin qu&rsquo;il ne se retrouve pas en situation de conflit d&rsquo;int\u00e9r\u00eats (le <strong>conflit d&rsquo;int\u00e9r\u00eats<\/strong>, c&rsquo;est un peu comme Voldemort dans Harry Potter : il ne faut pas prononcer son nom, mais j&rsquo;y reviendrai dans d&rsquo;autres \u00e9pisodes). <\/p>\n\n\n<div class=\"wp-block-image\">\n<figure class=\"aligncenter size-thumbnail\"><a href=\"https:\/\/i0.wp.com\/www.incaudavenenum.org\/cut.the.crap\/wp-content\/uploads\/2024\/02\/stock-vector-harry-potter-fictional-character-lord-voldemort-isolated-on-a-solid-color-background-poster-of-2385731633.jpg?ssl=1\"><img data-recalc-dims=\"1\" loading=\"lazy\" decoding=\"async\" width=\"150\" height=\"150\" data-attachment-id=\"2402\" data-permalink=\"https:\/\/www.incaudavenenum.org\/cut.the.crap\/les-chroniques-de-le-banni-de-le-media-episode-7\/stock-vector-harry-potter-fictional-character-lord-voldemort-isolated-on-a-solid-color-background-poster-of-2385731633\/\" data-orig-file=\"https:\/\/i0.wp.com\/www.incaudavenenum.org\/cut.the.crap\/wp-content\/uploads\/2024\/02\/stock-vector-harry-potter-fictional-character-lord-voldemort-isolated-on-a-solid-color-background-poster-of-2385731633.jpg?fit=1171%2C1600&amp;ssl=1\" data-orig-size=\"1171,1600\" data-comments-opened=\"1\" data-image-meta=\"{&quot;aperture&quot;:&quot;0&quot;,&quot;credit&quot;:&quot;&quot;,&quot;camera&quot;:&quot;&quot;,&quot;caption&quot;:&quot;&quot;,&quot;created_timestamp&quot;:&quot;0&quot;,&quot;copyright&quot;:&quot;&quot;,&quot;focal_length&quot;:&quot;0&quot;,&quot;iso&quot;:&quot;0&quot;,&quot;shutter_speed&quot;:&quot;0&quot;,&quot;title&quot;:&quot;&quot;,&quot;orientation&quot;:&quot;0&quot;}\" data-image-title=\"stock-vector-harry-potter-fictional-character-lord-voldemort-isolated-on-a-solid-color-background-poster-of-2385731633\" data-image-description=\"\" data-image-caption=\"\" data-large-file=\"https:\/\/i0.wp.com\/www.incaudavenenum.org\/cut.the.crap\/wp-content\/uploads\/2024\/02\/stock-vector-harry-potter-fictional-character-lord-voldemort-isolated-on-a-solid-color-background-poster-of-2385731633.jpg?fit=749%2C1024&amp;ssl=1\" src=\"https:\/\/i0.wp.com\/www.incaudavenenum.org\/cut.the.crap\/wp-content\/uploads\/2024\/02\/stock-vector-harry-potter-fictional-character-lord-voldemort-isolated-on-a-solid-color-background-poster-of-2385731633.jpg?resize=150%2C150&#038;ssl=1\" alt=\"\" class=\"wp-image-2402\" srcset=\"https:\/\/i0.wp.com\/www.incaudavenenum.org\/cut.the.crap\/wp-content\/uploads\/2024\/02\/stock-vector-harry-potter-fictional-character-lord-voldemort-isolated-on-a-solid-color-background-poster-of-2385731633.jpg?resize=150%2C150&amp;ssl=1 150w, https:\/\/i0.wp.com\/www.incaudavenenum.org\/cut.the.crap\/wp-content\/uploads\/2024\/02\/stock-vector-harry-potter-fictional-character-lord-voldemort-isolated-on-a-solid-color-background-poster-of-2385731633.jpg?zoom=2&amp;resize=150%2C150&amp;ssl=1 300w, https:\/\/i0.wp.com\/www.incaudavenenum.org\/cut.the.crap\/wp-content\/uploads\/2024\/02\/stock-vector-harry-potter-fictional-character-lord-voldemort-isolated-on-a-solid-color-background-poster-of-2385731633.jpg?zoom=3&amp;resize=150%2C150&amp;ssl=1 450w\" sizes=\"auto, (max-width: 150px) 85vw, 150px\" \/><\/a><\/figure>\n<\/div>\n\n\n<p><\/p>\n\n\n\n<p>Mais j&rsquo;en profite pour signaler un autre probl\u00e8me r\u00e9current au M\u00e9dia : l&rsquo;absence d&rsquo;organigramme. Les soci\u00e9taires n&rsquo;ont en effet aucune connaissance de qui fait quoi parmi les salari\u00e9\u00b7e\u00b7s, et les fiches de poste ne sont jamais communiqu\u00e9es. C&rsquo;est dommage, parce que concernant la d\u00e9veloppeuse, si on savait pr\u00e9cis\u00e9ment quelles t\u00e2ches l&rsquo;occupent au point qu&rsquo;elle ne puisse consacrer occasionnellement un instant \u00e0 suppl\u00e9er son coll\u00e8gue admin du forum pour lui \u00e9viter d&rsquo;\u00eatre juge et partie (\u00e7a ne se produit pas tous les quatre matins, normalement), on pourrait voir s&rsquo;il n&rsquo;y a pas moyen de la d\u00e9charger elle aussi, via un appel aux b\u00e9n\u00e9voles (c&rsquo;est par exemple un b\u00e9n\u00e9vole qui avait autrefois aid\u00e9 la d\u00e9veloppeuse justement \u00e0 configurer le forum, et comme c&rsquo;est mentionn\u00e9 dans le rapport, un socio s&rsquo;\u00e9tait signal\u00e9 sur le forum avant qu&rsquo;il ne soit hors service pour apporter son aide). Mais l&rsquo;argument est de mauvaise foi, de toutes fa\u00e7ons, car lorsqu&rsquo;elle s&rsquo;est retrouv\u00e9e en garde \u00e0 vue lors d&rsquo;une manifestation interdite par le pouvoir macroniste, le M\u00e9dia n&rsquo;a pas h\u00e9sit\u00e9 pour aider \u00e0 sa lib\u00e9ration (ce que j&rsquo;applaudis) \u00e0 revendiquer avoir missionn\u00e9 cette camarade pour couvrir la manif, bien qu&rsquo;elle ne soit pas journaliste. Cette souplesse dans l&rsquo;organisation est ici tout \u00e0 l&rsquo;honneur du M\u00e9dia. Mais si cette salari\u00e9e peut \u00eatre envoy\u00e9e ponctuellement sur le terrain en renfort de la r\u00e9daction, rien ne s&rsquo;oppose \u00e0 ce qu&rsquo;elle d\u00e9panne tout aussi ponctuellement un coll\u00e8gue admin du forum, d&rsquo;autant qu&rsquo;elle a l&rsquo;exp\u00e9rience de ce genre de t\u00e2che et des responsabilit\u00e9s dans la structure, \u00e9tant donn\u00e9 qu&rsquo;elle a \u00e9t\u00e9 par le pass\u00e9 vice-pr\u00e9sidente du Conseil de surveillance et membre du bureau de l&rsquo;association du M\u00e9dia avant le passage en <a href=\"https:\/\/fr.wikipedia.org\/wiki\/Soci%C3%A9t%C3%A9_coop%C3%A9rative_d'int%C3%A9r%C3%AAt_collectif\" target=\"_blank\" rel=\"noreferrer noopener\">SCIC<\/a>. <\/p>\n\n\n\n<p>J&rsquo;avais eu l&rsquo;occasion aussi sur le Discord des b\u00e9n\u00e9voles, avant d&rsquo;en \u00eatre \u00e9ject\u00e9, de sugg\u00e9rer que le groupe de soutien coop\u00e9ratif aux b\u00e9n\u00e9voles ait comme r\u00e9f\u00e9rent la pr\u00e9sidente du Directoire plut\u00f4t que son coll\u00e8gue d\u00e9j\u00e0 r\u00e9f\u00e9rent de tous les autres groupes. Lui-m\u00eame ne semblait pas d\u00e9sireux de s&rsquo;occuper de ce groupe, dont il disait qu&rsquo;il n&rsquo;\u00e9tait r\u00e9f\u00e9rent que par d\u00e9faut, suite au d\u00e9part de Thomas Dietrich, le r\u00e9f\u00e9rent d&rsquo;origine. Ayant moi-m\u00eame \u00e9t\u00e9 membre de ce groupe, je peux t\u00e9moigner que Thomas Dietrich n&rsquo;est jamais intervenu dans les activit\u00e9s de ce groupe, qu&rsquo;il a laiss\u00e9 travailler en autonomie. Autrement dit, le r\u00f4le de r\u00e9f\u00e9rent de ce groupe ne semblait vraiment pas une charge consid\u00e9rable&#8230; \u00e0 condition de ne pas vouloir passer du temps \u00e0 le censurer et donc \u00e0 faire face au m\u00e9contentement des victimes de la censure, peut-\u00eatre, ce qui est bien le fond du probl\u00e8me (j&rsquo;ai appris r\u00e9cemment que le Discord des b\u00e9n\u00e9voles auquel je n&rsquo;ai donc plus acc\u00e8s avait \u00e9t\u00e9 nettoy\u00e9 des anciennes discussions : j&rsquo;invite donc les b\u00e9n\u00e9voles du M\u00e9dia qui ne l&rsquo;auraient pas encore fait \u00e0 rejoindre le Discord \u00ab\u00a0<a href=\"https:\/\/discord.gg\/stSdWY64\" target=\"_blank\" rel=\"noreferrer noopener\">Sauvons le M\u00e9dia<\/a>\u00a0\u00bb pour \u00eatre r\u00e9ellement inform\u00e9s et pouvoir discuter librement sans risque de censure). <\/p>\n\n\n\n<p>Lors de la r\u00e9union, alors que je m&rsquo;inscrivais en faux contre les violentes accusations d&rsquo;insultes et de d\u00e9nigrement imput\u00e9s aux <a href=\"https:\/\/www.twitch.tv\/sociosengages\" target=\"_blank\" rel=\"noreferrer noopener\">Socios Engag\u00e9\u00b7e\u00b7s<\/a>, il m&rsquo;a \u00e9t\u00e9 oppos\u00e9 qu&rsquo;il fallait que je me remette en question, parce que plus aucun journaliste ne venait sur le forum de peur d&rsquo;y subir, donc, ce fameux \u00ab\u00a0d\u00e9nigrement\u00a0\u00bb. Mais si on avait pu se pencher vraiment sur le rapport du groupe de soutien coop\u00e9ratif aux b\u00e9n\u00e9voles, on aurait pu voir ensemble que depuis l&rsquo;\u00e9t\u00e9 2023, la plupart des b\u00e9n\u00e9voles ont d\u00e9missionn\u00e9 les uns apr\u00e8s les autres ou sont devenus inactifs, les trois b\u00e9n\u00e9voles s&rsquo;accrochant encore \u00e9tant quant \u00e0 eux vir\u00e9s arbitrairement. N&rsquo;y aurait-il pas l\u00e0, justement, une remise en question \u00e0 faire sur l&rsquo;organisation des b\u00e9n\u00e9voles et sur la n\u00e9cessit\u00e9 de ne plus laisser le m\u00eame r\u00e9f\u00e9rent en charge de tout ? Pourquoi tant de b\u00e9n\u00e9voles ne veulent-ils plus oeuvrer dans ces conditions ? Pourquoi tout ce qui avait \u00e9t\u00e9 construit a-t-il \u00e9t\u00e9 si vite r\u00e9duit \u00e0 n\u00e9ant ? Ne peut-on discuter rationnellement de ce qu&rsquo;il convient de mettre en place pour arr\u00eater ce d\u00e9sastre ?<\/p>\n\n\n\n<p>Quant \u00e0 l&rsquo;absence des journalistes sur le forum, j&rsquo;ai une autre analyse que celle qui m&rsquo;a \u00e9t\u00e9 assen\u00e9e lors de la r\u00e9union, comme quoi \u00ab\u00a0des salari\u00e9\u00b7e\u00b7s\u00a0\u00bb se seraient plaints du comportement des socios du forum (en r\u00e9alit\u00e9, un seul nom, celui du r\u00e9dac chef, a \u00e9t\u00e9 donn\u00e9) : d\u00e9j\u00e0, les journalistes qui \u00e9changeaient le plus avec les socios sur le forum ont \u00e9t\u00e9 mis\u00b7e\u00b7s au placard ou ont quitt\u00e9 le M\u00e9dia (je songe \u00e0 Elo\u00efse Nguyen-Van Bajou, Marine Manastireanu, Marion Plantier, R\u00e9mi-Kenzo Pag\u00e8s, Filippo Ortona), et si le forum lui-m\u00eame est devenu moins attrayant pour les socios, c&rsquo;est aussi parce que ces salari\u00e9\u00b7e\u00b7s ne venaient plus y discuter de leur travail (et non parce que tel pilier du forum aurait os\u00e9 f\u00e2cher tel ou tel militant antivax ou adepte d&rsquo;une secte New Age ne supportant pas d&rsquo;\u00eatre contredit), et parce que le forum, n&rsquo;\u00e9tant plus mis \u00e0 jour, souffrait de nombreux bugs ; enfin, les journalistes arriv\u00e9\u00b7e\u00b7s le plus r\u00e9cemment au M\u00e9dia ne sont jamais venu\u00b7e\u00b7s se pr\u00e9senter sur le forum ni y discuter de leur travail, non parce que des socios les aurait d\u00e9nigr\u00e9\u00b7e\u00b7s, mais parce que personne au Directoire ne leur a express\u00e9ment demand\u00e9 d&rsquo;utiliser cet espace pour cr\u00e9er du lien avec la communaut\u00e9, et peut-\u00eatre aussi parce que certain\u00b7e\u00b7s d&rsquo;entre elleux sont pigistes, alternant\u00b7e\u00b7s ou stagiaires, pas forc\u00e9ment soci\u00e9taires de la coop\u00e9rative, et pas forc\u00e9ment impr\u00e9gn\u00e9\u00b7e\u00b7s de la sp\u00e9cificit\u00e9 de la structure ni destin\u00e9\u00b7e\u00b7s \u00e0 y rester longtemps. <\/p>\n\n\n\n<p>Voil\u00e0 qui m\u00e9riterait un d\u00e9bat de fond sur ce qu&rsquo;est le M\u00e9dia : est-ce une entreprise de presse comme une autre, o\u00f9 des travailleur\u00b7euse\u00b7s pr\u00e9caires ne font que passer en d\u00e9butant dans la carri\u00e8re&nbsp;? Ou est-ce un projet militant et citoyen&nbsp;? Personnellement, j&rsquo;ai des d\u00e9saccords avec certain\u00b7e\u00b7s camarades socios qui veulent faire pencher la balance totalement sur le c\u00f4t\u00e9 citoyen et accusent le M\u00e9dia de n&rsquo;\u00eatre plus une vraie <a href=\"https:\/\/fr.wikipedia.org\/wiki\/Soci%C3%A9t%C3%A9_coop%C3%A9rative_d'int%C3%A9r%C3%AAt_collectif\" target=\"_blank\" rel=\"noreferrer noopener\">SCIC<\/a> mais juste une coop\u00e9rative de journalistes \u00ab\u00a0corporatistes\u00a0\u00bb, mais quand un membre du Directoire me dit que les journalistes n&rsquo;ont aucune obligation de participer \u00e0 la vie de la structure ni m\u00eame \u00e0 l&rsquo;entretien de liens avec la communaut\u00e9, je tique aussi. Et je pense qu&rsquo;en tout \u00e9tat de cause on devrait pouvoir en d\u00e9battre tous\u00b7tes ensemble et analyser aussi ce qui se fait ailleurs. Par exemple, abonn\u00e9 \u00e9galement \u00e0 <em><a href=\"https:\/\/www.arretsurimages.net\/\" target=\"_blank\" rel=\"noreferrer noopener\">Arr\u00eat sur image<\/a><\/em>, je vois que les journalistes y r\u00e9pondent souvent aux commentaires des abonn\u00e9\u00b7e\u00b7s dans la partie forum, ou m\u00eame d\u00e9sormais sur un serveur Discord. Est-ce sur la base du volontariat, est-ce int\u00e9gr\u00e9 dans les t\u00e2ches contractuelles ? Il serait int\u00e9ressant de poser la question et d&rsquo;en discuter aussi sur le forum du M\u00e9dia entre soci\u00e9taires (mais encore faut-il que ce forum soit r\u00e9tabli et accessible \u00e0 tous\u00b7tes&nbsp;!). <\/p>\n\n\n\n<p>Toujours concernant l&rsquo;organisation des b\u00e9n\u00e9voles du M\u00e9dia, j&rsquo;ai aussi essay\u00e9 d&rsquo;aborder la question des Correspondant\u00b7e\u00b7s Citoyen\u00b7ne\u00b7s. L\u00e0 aussi, le directeur r\u00e9f\u00e9rent des CC ne m&rsquo;a pas laiss\u00e9 d\u00e9velopper, m&rsquo;interrompant tout le temps et interpr\u00e9tant de travers le moindre d\u00e9but de phrase sans me laisser la finir. Comme j&rsquo;essayais de d\u00e9velopper l&rsquo;id\u00e9e de laisser davantage les CC s&rsquo;auto-organiser, notamment avec l&rsquo;aide du groupe de soutien coop\u00e9ratif aux b\u00e9n\u00e9voles, pour d\u00e9charger le plus possible le r\u00e9f\u00e9rent, il est aussit\u00f4t pass\u00e9 \u00e0 l&rsquo;attaque, d\u00e9clarant qu&rsquo;il \u00e9tait hors de question de laisser les CC poster eux-m\u00eames des vid\u00e9os sur le site du M\u00e9dia, par exemple. Il se trouve que j&rsquo;ai toujours \u00e9t\u00e9 moi-m\u00eame hostile \u00e0 cette revendication de quelques CC, du moins tant que le M\u00e9dia ne dispose pas des ressources pour h\u00e9berger et surtout trier et \u00e9ditorialiser de telles vid\u00e9os. Je n&rsquo;ai vraiment aucune envie que le M\u00e9dia devienne une sorte d&rsquo;<a href=\"https:\/\/www.streetpress.com\/sujet\/41152-agoravox-vie-et-mort-d-un-site-de-journalisme-citoyen-a-la-francaise\" target=\"_blank\" rel=\"noreferrer noopener\">Agoravox<\/a> vid\u00e9o. Et le r\u00e9f\u00e9rent des CC sait tr\u00e8s bien que je me suis toujours oppos\u00e9 \u00e0 ce genre de revendication. Pour autant, je ne cautionne pas la censure des socios ou CC qui d\u00e9fendent une telle conception de m\u00e9dia citoyen, et je pr\u00e9f\u00e8re contre-argumenter, par exemple sur le forum, plut\u00f4t que de traiter en ennemi quiconque ne partage pas mon point de vue. Et en dernier ressort, c&rsquo;est au directoire d&rsquo;expliquer patiemment (et sans m\u00e9pris) les enjeux et les contraintes, et c&rsquo;est \u00e0 l&rsquo;AG de trancher d\u00e9mocratiquement apr\u00e8s un vrai d\u00e9bat si des r\u00e9solutions devaient \u00e0 \u00eatre port\u00e9es par les tenants de la vision la plus <em>citoyenniste<\/em> du M\u00e9dia. <\/p>\n\n\n\n<p>Mais en \u00e9tant devenu membre du Directoire, le r\u00e9f\u00e9rent des CC s&rsquo;expose d&rsquo;autant plus \u00e0 essuyer des critiques de la part de CC (frustr\u00e9s que la r\u00e9daction n&rsquo;utilise pas davantage leur travail, que le Directoire ne mette pas en place une plateforme de d\u00e9p\u00f4ts de vid\u00e9os, des stages de formation \u00e0 la prise de vue, ne monte pas et n&rsquo;habille pas leurs vid\u00e9os, etc). <\/p>\n\n\n\n<p>Lorsque j&rsquo;ai essay\u00e9 d&rsquo;aller au bout de mon raisonnement, j&rsquo;ai imm\u00e9diatement \u00e9t\u00e9 interrompu par le directeur-r\u00e9f\u00e9rent m&rsquo;accusant de lui interdire d&rsquo;\u00eatre membre du Directoire, ses deux coll\u00e8gues le rejoignant dans un brouhaha g\u00e9n\u00e9ral. En r\u00e9alit\u00e9, je ne disais rien de tel. Je voulais juste pointer la difficult\u00e9 d&rsquo;\u00eatre ainsi expos\u00e9 sous diff\u00e9rentes casquettes pour montrer qu&rsquo;il pouvait \u00eatre utile, l\u00e0 aussi, de d\u00e9charger le r\u00e9f\u00e9rent d\u00e9j\u00e0 hyper-sollicit\u00e9 d&rsquo;un certain nombre de t\u00e2ches. Il n&rsquo;est pas question, disant cela, de laisser les CC sans r\u00e9f\u00e9rent, ni d&rsquo;interdire \u00e0 l&rsquo;actuel directeur-r\u00e9f\u00e9rent de prendre en charge les CC (m\u00eame s&rsquo;il ne cesse de se plaindre lui-m\u00eame d&rsquo;\u00eatre le seul salari\u00e9 \u00e0 accepter cette t\u00e2che alors que des journalistes seraient mieux \u00e0 m\u00eame de chapeauter des gens qui ram\u00e8nent des images ou contribuent \u00e0 des reportages). Je n&rsquo;ai pas pu en placer une \u00e0 partir de l\u00e0, mais l&rsquo;id\u00e9e est plut\u00f4t de faire en sorte que le r\u00e9f\u00e9rent n&rsquo;ait pas \u00e0 s&rsquo;occuper de tout.<\/p>\n\n\n\n<p>A ce titre, je peux t\u00e9moigner de mon exp\u00e9rience de membre du groupe de soutien coop\u00e9ratif aux b\u00e9n\u00e9voles, qui a pu justement aider \u00e0 d\u00e9charger le r\u00e9f\u00e9rent de certaines t\u00e2ches. Par exemple, pour qu&rsquo;il y ait harmonisation des vid\u00e9os produites par des CC, le r\u00e9f\u00e9rent leur avait demand\u00e9 de mettre sur leurs vid\u00e9os YouTube une vignette de pr\u00e9sentation standardis\u00e9e d&rsquo;apr\u00e8s la charte graphique (de l&rsquo;\u00e9poque) du M\u00e9dia. Mais comme les CC ne disposaient pas forc\u00e9ment du logiciel professionnel permettant de r\u00e9aliser cette vignette d&rsquo;apr\u00e8s le mod\u00e8le fourni, c&rsquo;est le r\u00e9f\u00e9rent qui devait consacrer du temps \u00e0 la leur confectionner lui-m\u00eame. J&rsquo;ai donc eu l&rsquo;id\u00e9e de composer un mod\u00e8le exploitable par n&rsquo;importe qui avec un logiciel libre gratuit (Scribus) et j&rsquo;ai r\u00e9alis\u00e9 un tutoriel ad hoc. <\/p>\n\n\n\n<figure class=\"wp-block-embed is-type-video is-provider-youtube wp-block-embed-youtube wp-embed-aspect-16-9 wp-has-aspect-ratio\"><div class=\"wp-block-embed__wrapper\">\n<span class=\"embed-youtube\" style=\"text-align:center; display: block;\"><iframe loading=\"lazy\" class=\"youtube-player\" width=\"840\" height=\"473\" src=\"https:\/\/www.youtube.com\/embed\/4aMU0NUJto0?version=3&#038;rel=1&#038;showsearch=0&#038;showinfo=1&#038;iv_load_policy=1&#038;fs=1&#038;hl=fr-FR&#038;autohide=2&#038;wmode=transparent\" allowfullscreen=\"true\" style=\"border:0;\" sandbox=\"allow-scripts allow-same-origin allow-popups allow-presentation allow-popups-to-escape-sandbox\"><\/iframe><\/span>\n<\/div><\/figure>\n\n\n\n<p><\/p>\n\n\n\n<p>A partir de l\u00e0, n&rsquo;importe quel CC pouvait r\u00e9aliser lui-m\u00eame sa vignette ou me demander de l&rsquo;aider sans r\u00e9quisitionner le r\u00e9f\u00e9rent. C&rsquo;est un exemple d&rsquo;auto-organisation. Si j&rsquo;avais pu continuer sur cette voie, avec le renfort d&rsquo;autres b\u00e9n\u00e9voles, au lieu d&rsquo;\u00eatre trait\u00e9 en ennemi et vir\u00e9 comme une merde sans m\u00eame un motif, j&rsquo;aurais pu aider les b\u00e9n\u00e9voles \u00e0 \u00eatre autonomes sur d&rsquo;autres t\u00e2ches (\u00e0 ce jour d&rsquo;ailleurs, je ne sais toujours pas officiellement sous quel pr\u00e9texte mes deux conventions de b\u00e9n\u00e9volat ont \u00e9t\u00e9 r\u00e9voqu\u00e9es : j&rsquo;ai accompli exactement les missions qui m&rsquo;avaient \u00e9t\u00e9 attribu\u00e9es et aucun reproche ne m&rsquo;a \u00e9t\u00e9 fait sur ce plan ; \u00e0 croire que pour \u00eatre b\u00e9n\u00e9vole au M\u00e9dia et couvrir les luttes sociales ou aider les autres b\u00e9n\u00e9voles \u00e0 le faire, il faut absolument \u00eatre d&rsquo;accord sur tout avec le Directoire et n&rsquo;\u00e9mettre aucune critique de son action, ce qui est, on en conviendra, une conception particuli\u00e8rement bureaucratique et autoritaire de l&rsquo;organisation des t\u00e2ches). <\/p>\n\n\n<div class=\"wp-block-image\">\n<figure class=\"aligncenter size-medium\"><a href=\"https:\/\/i0.wp.com\/www.incaudavenenum.org\/cut.the.crap\/wp-content\/uploads\/2024\/02\/stock-photo-pyongyang-north-korea-march-juche-tower-esplanade-squad-of-female-teenagers-in-2353439023.jpg?ssl=1\"><img data-recalc-dims=\"1\" loading=\"lazy\" decoding=\"async\" width=\"188\" height=\"300\" data-attachment-id=\"2403\" data-permalink=\"https:\/\/www.incaudavenenum.org\/cut.the.crap\/les-chroniques-de-le-banni-de-le-media-episode-7\/stock-photo-pyongyang-north-korea-march-juche-tower-esplanade-squad-of-female-teenagers-in-2353439023\/\" data-orig-file=\"https:\/\/i0.wp.com\/www.incaudavenenum.org\/cut.the.crap\/wp-content\/uploads\/2024\/02\/stock-photo-pyongyang-north-korea-march-juche-tower-esplanade-squad-of-female-teenagers-in-2353439023.jpg?fit=1000%2C1600&amp;ssl=1\" data-orig-size=\"1000,1600\" data-comments-opened=\"1\" data-image-meta=\"{&quot;aperture&quot;:&quot;0&quot;,&quot;credit&quot;:&quot;&quot;,&quot;camera&quot;:&quot;&quot;,&quot;caption&quot;:&quot;&quot;,&quot;created_timestamp&quot;:&quot;0&quot;,&quot;copyright&quot;:&quot;&quot;,&quot;focal_length&quot;:&quot;0&quot;,&quot;iso&quot;:&quot;0&quot;,&quot;shutter_speed&quot;:&quot;0&quot;,&quot;title&quot;:&quot;&quot;,&quot;orientation&quot;:&quot;0&quot;}\" data-image-title=\"stock-photo-pyongyang-north-korea-march-juche-tower-esplanade-squad-of-female-teenagers-in-2353439023\" data-image-description=\"\" data-image-caption=\"\" data-large-file=\"https:\/\/i0.wp.com\/www.incaudavenenum.org\/cut.the.crap\/wp-content\/uploads\/2024\/02\/stock-photo-pyongyang-north-korea-march-juche-tower-esplanade-squad-of-female-teenagers-in-2353439023.jpg?fit=640%2C1024&amp;ssl=1\" src=\"https:\/\/i0.wp.com\/www.incaudavenenum.org\/cut.the.crap\/wp-content\/uploads\/2024\/02\/stock-photo-pyongyang-north-korea-march-juche-tower-esplanade-squad-of-female-teenagers-in-2353439023.jpg?resize=188%2C300&#038;ssl=1\" alt=\"\" class=\"wp-image-2403\" srcset=\"https:\/\/i0.wp.com\/www.incaudavenenum.org\/cut.the.crap\/wp-content\/uploads\/2024\/02\/stock-photo-pyongyang-north-korea-march-juche-tower-esplanade-squad-of-female-teenagers-in-2353439023.jpg?resize=188%2C300&amp;ssl=1 188w, https:\/\/i0.wp.com\/www.incaudavenenum.org\/cut.the.crap\/wp-content\/uploads\/2024\/02\/stock-photo-pyongyang-north-korea-march-juche-tower-esplanade-squad-of-female-teenagers-in-2353439023.jpg?resize=640%2C1024&amp;ssl=1 640w, https:\/\/i0.wp.com\/www.incaudavenenum.org\/cut.the.crap\/wp-content\/uploads\/2024\/02\/stock-photo-pyongyang-north-korea-march-juche-tower-esplanade-squad-of-female-teenagers-in-2353439023.jpg?resize=768%2C1229&amp;ssl=1 768w, https:\/\/i0.wp.com\/www.incaudavenenum.org\/cut.the.crap\/wp-content\/uploads\/2024\/02\/stock-photo-pyongyang-north-korea-march-juche-tower-esplanade-squad-of-female-teenagers-in-2353439023.jpg?resize=960%2C1536&amp;ssl=1 960w, https:\/\/i0.wp.com\/www.incaudavenenum.org\/cut.the.crap\/wp-content\/uploads\/2024\/02\/stock-photo-pyongyang-north-korea-march-juche-tower-esplanade-squad-of-female-teenagers-in-2353439023.jpg?w=1000&amp;ssl=1 1000w\" sizes=\"auto, (max-width: 188px) 85vw, 188px\" \/><\/a><\/figure>\n<\/div>\n\n\n<p><\/p>\n\n\n\n<p>\u00c0 partir de mon exp\u00e9rience de Correspondant Citoyen, je peux aussi t\u00e9moigner d&rsquo;une possible am\u00e9lioration de l&rsquo;organisation des CC, dans un sens plus efficace et moins accaparant, l\u00e0 aussi, pour le r\u00e9f\u00e9rent. Revenons \u00e0 l&rsquo;\u00e9poque du mouvement de d\u00e9fense des retraites en 2023. Avec les fortes mobilisations nationales (et m\u00eame jusqu&rsquo;en Belgique), le M\u00e9dia a vraiment eu besoin de pouvoir recueillir des images de manifs et interviews de manifestants de toute la France pour rendre compte de l&rsquo;\u00e9v\u00e9nement. Le r\u00e9f\u00e9rent recueillait les vid\u00e9os des CC en direct sur une boucle Telegram pour les rep\u00e9rer, les trier, en publier certaines sur le <a href=\"https:\/\/twitter.com\/LeMediaCC\" target=\"_blank\" rel=\"noreferrer noopener\">compte Twitter des CC<\/a>, et transmettre \u00e0 la r\u00e9daction et aux monteurs du M\u00e9dia ce qui pourrait servir pour les directs ou les \u00ab\u00a0Instantan\u00e9s\u00a0\u00bb. Lors des grosses manifs parisiennes, j&rsquo;ai eu le droit de publier des <em>threads<\/em> sur le compte Twitter des CC, directement depuis les cort\u00e8ges, ce que le r\u00e9f\u00e9rent n&rsquo;aurait pas eu le temps de faire. Tout cela fonctionnait pas mal, et je n&rsquo;ai rien \u00e0 reprocher au r\u00e9f\u00e9rent sur ce plan. Je trouve vraiment qu&rsquo;il y a eu une belle coop\u00e9ration \u00e0 ce moment. <\/p>\n\n\n\n<p>Mais un camarade b\u00e9n\u00e9vole, qui n&rsquo;\u00e9tait pas encore conventionn\u00e9 comme CC, s&rsquo;est investi lui aussi dans la couverture des manifs parisiennes, et nous nous sommes retrouv\u00e9s bien souvent \u00e0 aider les journalistes du M\u00e9dia, filmant pour eux quand leur mat\u00e9riel tombait en rade, les accompagnant sur des op\u00e9rations sensibles (comme <a href=\"https:\/\/youtu.be\/HpbuMPKfSnk?feature=shared\" target=\"_blank\" rel=\"noreferrer noopener\">l&rsquo;incursion des pompiers belges et fran\u00e7ais \u00e0 l&rsquo;Arc de Triomphe<\/a>)&#8230; De fil en aiguille, le camarade a \u00e9t\u00e9 invit\u00e9 sur une boucle Telegram cr\u00e9\u00e9e par la r\u00e9daction pour couvrir les manifs parisiennes. C&rsquo;\u00e9tait en effet plus pratique pour se retrouver, envoyer les vid\u00e9os, \u00eatre au courant du type d&rsquo;interview ou de vid\u00e9o que recherchait la r\u00e9daction selon son angle \u00e9ditorial du moment. Le camarade demanda donc que je sois inclus aussi dans cette boucle Telegram. Fin de non recevoir de la part du r\u00e9f\u00e9rent. Comme CC, j&rsquo;\u00e9tais tenu de ne poster que sur sa boucle Telegram \u00e0 lui et je n&rsquo;avais rien \u00e0 faire dans la boucle des journalistes. Pour \u00e9viter les tensions, il a fallu que j&rsquo;essaie de convaincre le camarade socio de signer lui aussi une convention de CC et d&rsquo;accepter de poster ses vid\u00e9os dans la boucle du r\u00e9f\u00e9rent plut\u00f4t que dans celle des journalistes. <\/p>\n\n\n\n<p>On peut comprendre qu&rsquo;il faille que les choses soient cadr\u00e9es juridiquement, avec des conventions de b\u00e9n\u00e9volat qui prot\u00e8gent le M\u00e9dia contre toute accusation de travail dissimul\u00e9. Mais il y avait aussi du sens \u00e0 ce que les CC parisiens soient invit\u00e9s sur une boucle fonctionnelle cr\u00e9\u00e9e pour la couverture des manifs parisiennes, afin de coop\u00e9rer plus efficacement entre b\u00e9n\u00e9voles et journalistes. Cela aurait d\u00e9charg\u00e9 le r\u00e9f\u00e9rent qui avait de toutes fa\u00e7ons fort \u00e0 faire avec le recueil de vid\u00e9os des manifs de province, en plus de ses autres t\u00e2ches habituelles. Par ailleurs, les habitudes de coop\u00e9ration ainsi prises entre CC et journalistes auraient permis peut-\u00eatre de convaincre par la suite certain\u00b7e\u00b7s journalistes de devenir r\u00e9f\u00e9rent\u00b7e\u00b7s de CC (au moins de quelques uns), voyant que finalement, ce n&rsquo;\u00e9tait pas une charge si pesante, du moins avec des CC r\u00f4d\u00e9\u00b7e\u00b7s ayant pris des habitudes de travail coop\u00e9ratif sur le terrain, et que les socios n&rsquo;\u00e9taient pas si m\u00e9chants que ce que certains veulent faire croire (car c&rsquo;est bien le m\u00eame membre du Directoire qui d\u00e9cr\u00e8te que personne d&rsquo;autre que lui ne veut travailler avec les socios et qui, j&rsquo;en ai plusieurs preuves, r\u00e9pand par tous les moyens l&rsquo;id\u00e9e que les socios les plus investi\u00b7e\u00b7s seraient infr\u00e9quentables). Il y a peut-\u00eatre des objections \u00e0 cela, et je veux bien les entendre si c&rsquo;est le cas, mais il me semble que cela aurait m\u00e9rit\u00e9 d&rsquo;\u00eatre discut\u00e9 rationnellement, plut\u00f4t que de censurer le rapport sur le Discord des b\u00e9n\u00e9voles, puis de saboter la r\u00e9union o\u00f9 ce rapport \u00e9tait \u00e0 l&rsquo;ordre du jour en la transformant en tribunal de l&rsquo;Inquisition. <\/p>\n\n\n<div class=\"wp-block-image\">\n<figure class=\"aligncenter size-medium\"><a href=\"https:\/\/i0.wp.com\/www.incaudavenenum.org\/cut.the.crap\/wp-content\/uploads\/2024\/02\/une-femme-est-brulee-au-pieu-comme-sorciere-apres-un-travail-de-jan-luyken-2m47dkx.jpg?ssl=1\"><img data-recalc-dims=\"1\" loading=\"lazy\" decoding=\"async\" width=\"300\" height=\"264\" data-attachment-id=\"2437\" data-permalink=\"https:\/\/www.incaudavenenum.org\/cut.the.crap\/les-chroniques-de-le-banni-de-le-media-episode-7\/une-femme-est-brulee-au-pieu-comme-sorciere-apres-un-travail-de-jan-luyken-2m47dkx\/\" data-orig-file=\"https:\/\/i0.wp.com\/www.incaudavenenum.org\/cut.the.crap\/wp-content\/uploads\/2024\/02\/une-femme-est-brulee-au-pieu-comme-sorciere-apres-un-travail-de-jan-luyken-2m47dkx.jpg?fit=1300%2C1146&amp;ssl=1\" data-orig-size=\"1300,1146\" data-comments-opened=\"1\" data-image-meta=\"{&quot;aperture&quot;:&quot;0&quot;,&quot;credit&quot;:&quot;&quot;,&quot;camera&quot;:&quot;&quot;,&quot;caption&quot;:&quot;&quot;,&quot;created_timestamp&quot;:&quot;0&quot;,&quot;copyright&quot;:&quot;&quot;,&quot;focal_length&quot;:&quot;0&quot;,&quot;iso&quot;:&quot;0&quot;,&quot;shutter_speed&quot;:&quot;0&quot;,&quot;title&quot;:&quot;&quot;,&quot;orientation&quot;:&quot;0&quot;}\" data-image-title=\"une-femme-est-brulee-au-pieu-comme-sorciere-apres-un-travail-de-jan-luyken-2m47dkx\" data-image-description=\"\" data-image-caption=\"\" data-large-file=\"https:\/\/i0.wp.com\/www.incaudavenenum.org\/cut.the.crap\/wp-content\/uploads\/2024\/02\/une-femme-est-brulee-au-pieu-comme-sorciere-apres-un-travail-de-jan-luyken-2m47dkx.jpg?fit=840%2C741&amp;ssl=1\" src=\"https:\/\/i0.wp.com\/www.incaudavenenum.org\/cut.the.crap\/wp-content\/uploads\/2024\/02\/une-femme-est-brulee-au-pieu-comme-sorciere-apres-un-travail-de-jan-luyken-2m47dkx.jpg?resize=300%2C264&#038;ssl=1\" alt=\"\" class=\"wp-image-2437\" srcset=\"https:\/\/i0.wp.com\/www.incaudavenenum.org\/cut.the.crap\/wp-content\/uploads\/2024\/02\/une-femme-est-brulee-au-pieu-comme-sorciere-apres-un-travail-de-jan-luyken-2m47dkx.jpg?resize=300%2C264&amp;ssl=1 300w, https:\/\/i0.wp.com\/www.incaudavenenum.org\/cut.the.crap\/wp-content\/uploads\/2024\/02\/une-femme-est-brulee-au-pieu-comme-sorciere-apres-un-travail-de-jan-luyken-2m47dkx.jpg?resize=1024%2C903&amp;ssl=1 1024w, https:\/\/i0.wp.com\/www.incaudavenenum.org\/cut.the.crap\/wp-content\/uploads\/2024\/02\/une-femme-est-brulee-au-pieu-comme-sorciere-apres-un-travail-de-jan-luyken-2m47dkx.jpg?resize=768%2C677&amp;ssl=1 768w, https:\/\/i0.wp.com\/www.incaudavenenum.org\/cut.the.crap\/wp-content\/uploads\/2024\/02\/une-femme-est-brulee-au-pieu-comme-sorciere-apres-un-travail-de-jan-luyken-2m47dkx.jpg?resize=1200%2C1058&amp;ssl=1 1200w, https:\/\/i0.wp.com\/www.incaudavenenum.org\/cut.the.crap\/wp-content\/uploads\/2024\/02\/une-femme-est-brulee-au-pieu-comme-sorciere-apres-un-travail-de-jan-luyken-2m47dkx.jpg?w=1300&amp;ssl=1 1300w\" sizes=\"auto, (max-width: 300px) 85vw, 300px\" \/><\/a><\/figure>\n<\/div>\n\n\n<p><\/p>\n\n\n\n<p>Pour l&rsquo;anecdote : jeudi 1er f\u00e9vrier a eu lieu une gr\u00e8ve nationale des personnels de l&rsquo;Education nationale, avec manifestations en province et \u00e0 Paris. Bien que vir\u00e9s des CC, des Socios Engag\u00e9\u00b7e\u00b7s sont all\u00e9s couvrir la manif parisienne. Ils ont diffus\u00e9 <a href=\"https:\/\/threadreaderapp.com\/thread\/1753044457841168392.html\" target=\"_blank\" rel=\"noreferrer noopener\">des images<\/a> et une interview de la d\u00e9put\u00e9e europ\u00e9enne Manon Aubry. Le M\u00e9dia aurait pu s&rsquo;en servir. Ou, si le choix \u00e9ditorial \u00e9tait de privil\u00e9gier le reste de l&rsquo;actualit\u00e9, il aurait pu gr\u00e2ce \u00e0 nous \u00eatre au courant qu&rsquo;il y avait eu une manif de profs plut\u00f4t r\u00e9ussie \u00e0 Paris et au moins en glisser un mot dans le direct du soir. Je respecte l&rsquo;ind\u00e9pendance \u00e9ditoriale de la r\u00e9daction, mais pas un mot sur un mouvement social d&rsquo;ampleur nationale dans un secteur aussi important que l&rsquo;Education, en pleine crise Oud\u00e9a-Cast\u00e9ra, je pense que c&rsquo;est une faute et une entorse au <a href=\"https:\/\/www.lemediatv.fr\/annexes\/manifeste\" target=\"_blank\" rel=\"noreferrer noopener\">Manifeste du M\u00e9dia<\/a>.<\/p>\n\n\n\n<figure class=\"wp-block-embed is-type-rich is-provider-instagram wp-block-embed-instagram\"><div class=\"wp-block-embed__wrapper\">\n<blockquote class=\"instagram-media\" data-instgrm-captioned data-instgrm-permalink=\"https:\/\/www.instagram.com\/p\/C20JnJCv0_g\/?utm_source=ig_embed&amp;utm_campaign=loading\" data-instgrm-version=\"14\" style=\" background:#FFF; border:0; border-radius:3px; box-shadow:0 0 1px 0 rgba(0,0,0,0.5),0 1px 10px 0 rgba(0,0,0,0.15); margin: 1px; max-width:658px; min-width:326px; padding:0; width:99.375%; width:-webkit-calc(100% - 2px); width:calc(100% - 2px);\"><div style=\"padding:16px;\"> <a href=\"https:\/\/www.instagram.com\/p\/C20JnJCv0_g\/?utm_source=ig_embed&amp;utm_campaign=loading\" style=\" background:#FFFFFF; line-height:0; padding:0 0; text-align:center; text-decoration:none; width:100%;\" target=\"_blank\"> <div style=\" display: flex; flex-direction: row; align-items: center;\"> <div style=\"background-color: #F4F4F4; border-radius: 50%; flex-grow: 0; height: 40px; margin-right: 14px; width: 40px;\"><\/div> <div style=\"display: flex; flex-direction: column; flex-grow: 1; justify-content: center;\"> <div style=\" background-color: #F4F4F4; border-radius: 4px; flex-grow: 0; height: 14px; margin-bottom: 6px; width: 100px;\"><\/div> <div style=\" background-color: #F4F4F4; border-radius: 4px; flex-grow: 0; height: 14px; width: 60px;\"><\/div><\/div><\/div><div style=\"padding: 19% 0;\"><\/div> <div style=\"display:block; height:50px; margin:0 auto 12px; width:50px;\"><svg width=\"50px\" height=\"50px\" viewBox=\"0 0 60 60\" version=\"1.1\" xmlns=\"https:\/\/www.w3.org\/2000\/svg\" xmlns:xlink=\"https:\/\/www.w3.org\/1999\/xlink\"><g stroke=\"none\" stroke-width=\"1\" fill=\"none\" fill-rule=\"evenodd\"><g transform=\"translate(-511.000000, -20.000000)\" fill=\"#000000\"><g><path d=\"M556.869,30.41 C554.814,30.41 553.148,32.076 553.148,34.131 C553.148,36.186 554.814,37.852 556.869,37.852 C558.924,37.852 560.59,36.186 560.59,34.131 C560.59,32.076 558.924,30.41 556.869,30.41 M541,60.657 C535.114,60.657 530.342,55.887 530.342,50 C530.342,44.114 535.114,39.342 541,39.342 C546.887,39.342 551.658,44.114 551.658,50 C551.658,55.887 546.887,60.657 541,60.657 M541,33.886 C532.1,33.886 524.886,41.1 524.886,50 C524.886,58.899 532.1,66.113 541,66.113 C549.9,66.113 557.115,58.899 557.115,50 C557.115,41.1 549.9,33.886 541,33.886 M565.378,62.101 C565.244,65.022 564.756,66.606 564.346,67.663 C563.803,69.06 563.154,70.057 562.106,71.106 C561.058,72.155 560.06,72.803 558.662,73.347 C557.607,73.757 556.021,74.244 553.102,74.378 C549.944,74.521 548.997,74.552 541,74.552 C533.003,74.552 532.056,74.521 528.898,74.378 C525.979,74.244 524.393,73.757 523.338,73.347 C521.94,72.803 520.942,72.155 519.894,71.106 C518.846,70.057 518.197,69.06 517.654,67.663 C517.244,66.606 516.755,65.022 516.623,62.101 C516.479,58.943 516.448,57.996 516.448,50 C516.448,42.003 516.479,41.056 516.623,37.899 C516.755,34.978 517.244,33.391 517.654,32.338 C518.197,30.938 518.846,29.942 519.894,28.894 C520.942,27.846 521.94,27.196 523.338,26.654 C524.393,26.244 525.979,25.756 528.898,25.623 C532.057,25.479 533.004,25.448 541,25.448 C548.997,25.448 549.943,25.479 553.102,25.623 C556.021,25.756 557.607,26.244 558.662,26.654 C560.06,27.196 561.058,27.846 562.106,28.894 C563.154,29.942 563.803,30.938 564.346,32.338 C564.756,33.391 565.244,34.978 565.378,37.899 C565.522,41.056 565.552,42.003 565.552,50 C565.552,57.996 565.522,58.943 565.378,62.101 M570.82,37.631 C570.674,34.438 570.167,32.258 569.425,30.349 C568.659,28.377 567.633,26.702 565.965,25.035 C564.297,23.368 562.623,22.342 560.652,21.575 C558.743,20.834 556.562,20.326 553.369,20.18 C550.169,20.033 549.148,20 541,20 C532.853,20 531.831,20.033 528.631,20.18 C525.438,20.326 523.257,20.834 521.349,21.575 C519.376,22.342 517.703,23.368 516.035,25.035 C514.368,26.702 513.342,28.377 512.574,30.349 C511.834,32.258 511.326,34.438 511.181,37.631 C511.035,40.831 511,41.851 511,50 C511,58.147 511.035,59.17 511.181,62.369 C511.326,65.562 511.834,67.743 512.574,69.651 C513.342,71.625 514.368,73.296 516.035,74.965 C517.703,76.634 519.376,77.658 521.349,78.425 C523.257,79.167 525.438,79.673 528.631,79.82 C531.831,79.965 532.853,80.001 541,80.001 C549.148,80.001 550.169,79.965 553.369,79.82 C556.562,79.673 558.743,79.167 560.652,78.425 C562.623,77.658 564.297,76.634 565.965,74.965 C567.633,73.296 568.659,71.625 569.425,69.651 C570.167,67.743 570.674,65.562 570.82,62.369 C570.966,59.17 571,58.147 571,50 C571,41.851 570.966,40.831 570.82,37.631\"><\/path><\/g><\/g><\/g><\/svg><\/div><div style=\"padding-top: 8px;\"> <div style=\" color:#3897f0; font-family:Arial,sans-serif; font-size:14px; font-style:normal; font-weight:550; line-height:18px;\">View this post on Instagram<\/div><\/div><div style=\"padding: 12.5% 0;\"><\/div> <div style=\"display: flex; flex-direction: row; margin-bottom: 14px; align-items: center;\"><div> <div style=\"background-color: #F4F4F4; border-radius: 50%; height: 12.5px; width: 12.5px; transform: translateX(0px) translateY(7px);\"><\/div> <div style=\"background-color: #F4F4F4; height: 12.5px; transform: rotate(-45deg) translateX(3px) translateY(1px); width: 12.5px; flex-grow: 0; margin-right: 14px; margin-left: 2px;\"><\/div> <div style=\"background-color: #F4F4F4; border-radius: 50%; height: 12.5px; width: 12.5px; transform: translateX(9px) translateY(-18px);\"><\/div><\/div><div style=\"margin-left: 8px;\"> <div style=\" background-color: #F4F4F4; border-radius: 50%; flex-grow: 0; height: 20px; width: 20px;\"><\/div> <div style=\" width: 0; height: 0; border-top: 2px solid transparent; border-left: 6px solid #f4f4f4; border-bottom: 2px solid transparent; transform: translateX(16px) translateY(-4px) rotate(30deg)\"><\/div><\/div><div style=\"margin-left: auto;\"> <div style=\" width: 0px; border-top: 8px solid #F4F4F4; border-right: 8px solid transparent; transform: translateY(16px);\"><\/div> <div style=\" background-color: #F4F4F4; flex-grow: 0; height: 12px; width: 16px; transform: translateY(-4px);\"><\/div> <div style=\" width: 0; height: 0; border-top: 8px solid #F4F4F4; border-left: 8px solid transparent; transform: translateY(-4px) translateX(8px);\"><\/div><\/div><\/div> <div style=\"display: flex; flex-direction: column; flex-grow: 1; justify-content: center; margin-bottom: 24px;\"> <div style=\" background-color: #F4F4F4; border-radius: 4px; flex-grow: 0; height: 14px; margin-bottom: 6px; width: 224px;\"><\/div> <div style=\" background-color: #F4F4F4; border-radius: 4px; flex-grow: 0; height: 14px; width: 144px;\"><\/div><\/div><\/a><p style=\" color:#c9c8cd; font-family:Arial,sans-serif; font-size:14px; line-height:17px; margin-bottom:0; margin-top:8px; overflow:hidden; padding:8px 0 7px; text-align:center; text-overflow:ellipsis; white-space:nowrap;\"><a href=\"https:\/\/www.instagram.com\/p\/C20JnJCv0_g\/?utm_source=ig_embed&amp;utm_campaign=loading\" style=\" color:#c9c8cd; font-family:Arial,sans-serif; font-size:14px; font-style:normal; font-weight:normal; line-height:17px; text-decoration:none;\" target=\"_blank\">A post shared by Les Socios Engage\u0301.e.s (@sociosengage.e.s)<\/a><\/p><\/div><\/blockquote><script async src=\"\/\/platform.instagram.com\/en_US\/embeds.js\"><\/script>\n<\/div><figcaption class=\"wp-element-caption\">Interview de Manon Aubry post\u00e9e sur le compte Instagram des Socios Engag\u00e9\u00b7e\u00b7s<\/figcaption><\/figure>\n\n\n\n<p><\/p>\n\n\n\n<figure class=\"wp-block-image size-full\"><a href=\"https:\/\/i0.wp.com\/www.incaudavenenum.org\/cut.the.crap\/wp-content\/uploads\/2024\/02\/Capture-decran-2024-02-04-a-10.32.22.png?ssl=1\"><img data-recalc-dims=\"1\" loading=\"lazy\" decoding=\"async\" width=\"682\" height=\"78\" data-attachment-id=\"2400\" data-permalink=\"https:\/\/www.incaudavenenum.org\/cut.the.crap\/les-chroniques-de-le-banni-de-le-media-episode-7\/capture-decran-2024-02-04-a-10-32-22\/\" data-orig-file=\"https:\/\/i0.wp.com\/www.incaudavenenum.org\/cut.the.crap\/wp-content\/uploads\/2024\/02\/Capture-decran-2024-02-04-a-10.32.22.png?fit=682%2C78&amp;ssl=1\" data-orig-size=\"682,78\" data-comments-opened=\"1\" data-image-meta=\"{&quot;aperture&quot;:&quot;0&quot;,&quot;credit&quot;:&quot;&quot;,&quot;camera&quot;:&quot;&quot;,&quot;caption&quot;:&quot;&quot;,&quot;created_timestamp&quot;:&quot;0&quot;,&quot;copyright&quot;:&quot;&quot;,&quot;focal_length&quot;:&quot;0&quot;,&quot;iso&quot;:&quot;0&quot;,&quot;shutter_speed&quot;:&quot;0&quot;,&quot;title&quot;:&quot;&quot;,&quot;orientation&quot;:&quot;0&quot;}\" data-image-title=\"Capture-decran-2024-02-04-a-10.32.22\" data-image-description=\"\" data-image-caption=\"\" data-large-file=\"https:\/\/i0.wp.com\/www.incaudavenenum.org\/cut.the.crap\/wp-content\/uploads\/2024\/02\/Capture-decran-2024-02-04-a-10.32.22.png?fit=682%2C78&amp;ssl=1\" src=\"https:\/\/i0.wp.com\/www.incaudavenenum.org\/cut.the.crap\/wp-content\/uploads\/2024\/02\/Capture-decran-2024-02-04-a-10.32.22.png?resize=682%2C78&#038;ssl=1\" alt=\"\" class=\"wp-image-2400\" srcset=\"https:\/\/i0.wp.com\/www.incaudavenenum.org\/cut.the.crap\/wp-content\/uploads\/2024\/02\/Capture-decran-2024-02-04-a-10.32.22.png?w=682&amp;ssl=1 682w, https:\/\/i0.wp.com\/www.incaudavenenum.org\/cut.the.crap\/wp-content\/uploads\/2024\/02\/Capture-decran-2024-02-04-a-10.32.22.png?resize=300%2C34&amp;ssl=1 300w\" sizes=\"auto, (max-width: 709px) 85vw, (max-width: 909px) 67vw, (max-width: 984px) 61vw, (max-width: 1362px) 45vw, 600px\" \/><\/a><figcaption class=\"wp-element-caption\"><em>Commentaire d&rsquo;une t\u00e9l\u00e9spectatrice dans le chat YouTube du direct de 18h30 jeudi 1er f\u00e9vrier 2023<\/em><\/figcaption><\/figure>\n\n\n\n<p><\/p>\n\n\n\n<p>J&rsquo;en viens pour finir (pour aujourd&rsquo;hui) \u00e0 un constat assen\u00e9 par le r\u00e9f\u00e9rent-directeur lors de cette r\u00e9union : personne d&rsquo;autre que lui ne veut \u00eatre r\u00e9f\u00e9rent (mais il n&rsquo;a laiss\u00e9 \u00e0 personne d&rsquo;autre la possibilit\u00e9 de s&rsquo;y coller !), et lui ne veut plus \u00eatre r\u00e9f\u00e9rent de l&rsquo;\u00e9quipe de mod\u00e9ration du forum ni des CC. Enfin peut-\u00eatre pas de tous les CC, ce n&rsquo;est pas tr\u00e8s clair, mais assur\u00e9ment pas de ceux qu&rsquo;il a pouss\u00e9s \u00e0 la d\u00e9mission ou qu&rsquo;il a vir\u00e9s. Pour les autres, d&rsquo;apr\u00e8s les retours que j&rsquo;ai pu en avoir r\u00e9cemment, il ne se passe plus rien ni sur le Discord des b\u00e9n\u00e9voles ni sur la boucle Telegram des CC. Et cela pose un probl\u00e8me de fond pour le M\u00e9dia. Parce que faute de b\u00e9n\u00e9voles vraiment actifs, les instances de la <a href=\"https:\/\/fr.wikipedia.org\/wiki\/Soci%C3%A9t%C3%A9_coop%C3%A9rative_d'int%C3%A9r%C3%AAt_collectif\" target=\"_blank\" rel=\"noreferrer noopener\">SCIC<\/a> risquent de ne plus avoir de coll\u00e8ge des b\u00e9n\u00e9voles, dont l&rsquo;existence est pourtant <a href=\"https:\/\/www.lemediatv.fr\/annexes\/statuts\" target=\"_blank\" rel=\"noreferrer noopener\">statutaire<\/a>. Et faute de b\u00e9n\u00e9voles participant \u00e0 la recherche de partenaires (comme le rapport mentionn\u00e9 ci-dessus le pr\u00e9conise), le coll\u00e8ge des partenaires risque lui aussi de rester vide. Le Conseil de surveillance pourra-t-il fonctionner l\u00e9galement avec deux coll\u00e8ges non repr\u00e9sent\u00e9s ? En outre, sans le forum, et sans des b\u00e9n\u00e9voles pour poursuivre sur celui-ci la t\u00e2che de mise en r\u00e9seau des socios \u00e9voqu\u00e9e elle aussi dans le rapport, le M\u00e9dia restera incapable de mobiliser une communaut\u00e9 active pour relayer ses futures campagnes de dons, par exemple. Le comble \u00e9tant que le directoire a reconnu mercredi avoir invisibilis\u00e9 le forum par peur que les critiques qui s&rsquo;y exprimaient ne nuisent \u00e0 la campagne de dons de l&rsquo;automne. En r\u00e9alit\u00e9, en faisant dispara\u00eetre le forum, le Directoire a priv\u00e9 le M\u00e9dia d&rsquo;un outil essentiel pour appuyer cette campagne de dons et lancer des initiatives locales. Avec sa d\u00e9rive autoritaire et sa logique de forteresse assi\u00e9g\u00e9e, ce Directoire est en train de mettre la structure, d\u00e9j\u00e0 fragile, en grand danger. <\/p>\n\n\n\n<p>\u00ab\u00a0La suite se fera sans toi\u00a0\u00bb, m&rsquo;a-t-on promis. Encore faudrait-il qu&rsquo;il y ait une suite. Et s&rsquo;il faut vraiment \u00ab\u00a0jarter\u00a0\u00bb quelqu&rsquo;un, je compte bien d\u00e9montrer que ce n&rsquo;est pas moi, m\u00eame si, dans l&rsquo;id\u00e9al, le mieux serait de ne \u00ab\u00a0jarter\u00a0\u00bb personne. Discutons-en rationnellement et sans intenter de proc\u00e8s stalinien aux lanceurs d&rsquo;alerte avant qu&rsquo;il ne soit trop tard et qu&rsquo;il n&rsquo;y ait d&rsquo;autre issue que de \u00ab\u00a0jarter\u00a0\u00bb les vrais responsables de cette situation ou de mettre la cl\u00e9 sous la porte. La fuite en avant autoritaire ne m\u00e8nera nulle part.<\/p>\n\n\n\n<p>A suivre&#8230;<\/p>\n\n\n\n<h2 class=\"wp-block-heading\">Autres \u00e9pisodes :<\/h2>\n\n\n<ul class=\"wp-block-latest-posts__list wp-block-latest-posts\"><li><a class=\"wp-block-latest-posts__post-title\" href=\"https:\/\/www.incaudavenenum.org\/cut.the.crap\/les-chroniques-de-le-banni-de-le-media-episode-11\/\">Les chroniques de Le Banni (de Le M\u00e9dia), \u00e9pisode 11<\/a><\/li>\n<li><a class=\"wp-block-latest-posts__post-title\" href=\"https:\/\/www.incaudavenenum.org\/cut.the.crap\/les-chroniques-de-le-banni-de-le-media-episode-10\/\">Les chroniques de Le Banni (de Le M\u00e9dia), \u00e9pisode 10<\/a><\/li>\n<li><a class=\"wp-block-latest-posts__post-title\" href=\"https:\/\/www.incaudavenenum.org\/cut.the.crap\/les-chroniques-de-le-banni-de-le-media-episode-9\/\">Les chroniques de Le Banni (de Le M\u00e9dia), \u00e9pisode 9<\/a><\/li>\n<li><a class=\"wp-block-latest-posts__post-title\" href=\"https:\/\/www.incaudavenenum.org\/cut.the.crap\/les-chroniques-de-le-banni-de-le-media-episode-8\/\">Les chroniques de Le Banni (de Le M\u00e9dia), \u00e9pisode 8<\/a><\/li>\n<li><a class=\"wp-block-latest-posts__post-title\" href=\"https:\/\/www.incaudavenenum.org\/cut.the.crap\/les-chroniques-de-le-banni-de-le-media-episode-7\/\">Les chroniques de Le Banni (de Le M\u00e9dia), \u00e9pisode 7<\/a><\/li>\n<li><a class=\"wp-block-latest-posts__post-title\" href=\"https:\/\/www.incaudavenenum.org\/cut.the.crap\/les-chroniques-de-le-banni-de-le-media-episode-6\/\">Les chroniques de Le Banni (de Le M\u00e9dia), \u00e9pisode 6<\/a><\/li>\n<li><a class=\"wp-block-latest-posts__post-title\" href=\"https:\/\/www.incaudavenenum.org\/cut.the.crap\/les-chroniques-de-le-banni-de-le-media-episode-5\/\">Les chroniques de Le Banni (de Le M\u00e9dia), \u00e9pisode 5<\/a><\/li>\n<li><a class=\"wp-block-latest-posts__post-title\" href=\"https:\/\/www.incaudavenenum.org\/cut.the.crap\/les-chroniques-de-le-banni-de-le-media-episode-4\/\">Les chroniques de Le Banni (de Le M\u00e9dia), \u00e9pisode 4<\/a><\/li>\n<li><a class=\"wp-block-latest-posts__post-title\" href=\"https:\/\/www.incaudavenenum.org\/cut.the.crap\/les-chroniques-de-le-banni-de-le-media-episode-3\/\">Les chroniques de Le Banni (de Le M\u00e9dia), \u00e9pisode 3<\/a><\/li>\n<li><a class=\"wp-block-latest-posts__post-title\" href=\"https:\/\/www.incaudavenenum.org\/cut.the.crap\/les-chroniques-de-le-banni-de-le-media-episode-2\/\">Les chroniques de Le Banni (de Le M\u00e9dia), \u00e9pisode 2<\/a><\/li>\n<li><a class=\"wp-block-latest-posts__post-title\" href=\"https:\/\/www.incaudavenenum.org\/cut.the.crap\/les-chroniques-de-le-banni-de-le-media-episode-1\/\">Les chroniques de Le Banni (de Le M\u00e9dia), \u00e9pisode 1<\/a><\/li>\n<\/ul>","protected":false},"excerpt":{"rendered":"<p>R\u00e9sum\u00e9 de l&rsquo;\u00e9pisode pr\u00e9c\u00e9dent : B\u00e9n\u00e9vh\u00f4l, le guerrier de Kohop, a \u00e9t\u00e9 banni de Lm\u00e9di\u00e2h par la sinistre triade Khakobb qui cherche \u00e0 le faire passer, lui et d&rsquo;autres fid\u00e8les de Kohop, pour une poign\u00e9e de tra\u00eetres. Il parcourait steppes arides et mar\u00e9cages boueux pour rassembler r\u00e9prouv\u00e9s et Soci\u00f4hs \u00e9pars, afin de leur r\u00e9v\u00e9ler le &hellip; <a href=\"https:\/\/www.incaudavenenum.org\/cut.the.crap\/les-chroniques-de-le-banni-de-le-media-episode-7\/\" class=\"more-link\">Continuer la lecture<span class=\"screen-reader-text\"> de &laquo;&nbsp;Les chroniques de Le Banni (de Le M\u00e9dia), \u00e9pisode 7&nbsp;&raquo;<\/span><\/a><\/p>\n","protected":false},"author":1,"featured_media":0,"comment_status":"open","ping_status":"open","sticky":false,"template":"","format":"standard","meta":{"jetpack_post_was_ever_published":false,"_jetpack_newsletter_access":"","_jetpack_dont_email_post_to_subs":false,"_jetpack_newsletter_tier_id":0,"_jetpack_memberships_contains_paywalled_content":false,"_jetpack_memberships_contains_paid_content":false,"footnotes":"","jetpack_publicize_message":"","jetpack_publicize_feature_enabled":true,"jetpack_social_post_already_shared":true,"jetpack_social_options":{"image_generator_settings":{"template":"highway","default_image_id":0,"font":"","enabled":false},"version":2}},"categories":[711,7],"tags":[721,722,705,400,707],"class_list":["post-2393","post","type-post","status-publish","format-standard","hentry","category-le-banni","category-resistance","tag-benevoles","tag-correspondants-citoyens","tag-le-banni","tag-le-media","tag-scic"],"yoast_head":"<!-- This site is optimized with the Yoast SEO plugin v27.5 - https:\/\/yoast.com\/product\/yoast-seo-wordpress\/ -->\n<title>Les chroniques de Le Banni (de Le M\u00e9dia), \u00e9pisode 7 - Cut The Crap<\/title>\n<meta name=\"robots\" content=\"index, follow, max-snippet:-1, max-image-preview:large, max-video-preview:-1\" \/>\n<link rel=\"canonical\" href=\"https:\/\/www.incaudavenenum.org\/cut.the.crap\/les-chroniques-de-le-banni-de-le-media-episode-7\/\" \/>\n<meta property=\"og:locale\" content=\"fr_FR\" \/>\n<meta property=\"og:type\" content=\"article\" \/>\n<meta property=\"og:title\" content=\"Les chroniques de Le Banni (de Le M\u00e9dia), \u00e9pisode 7 - Cut The Crap\" \/>\n<meta property=\"og:description\" content=\"R\u00e9sum\u00e9 de l&#039;\u00e9pisode pr\u00e9c\u00e9dent : B\u00e9n\u00e9vh\u00f4l, le guerrier de Kohop, a \u00e9t\u00e9 banni de Lm\u00e9di\u00e2h par la sinistre triade Khakobb qui cherche \u00e0 le faire passer, lui et d&#039;autres fid\u00e8les de Kohop, pour une poign\u00e9e de tra\u00eetres. Il parcourait steppes arides et mar\u00e9cages boueux pour rassembler r\u00e9prouv\u00e9s et Soci\u00f4hs \u00e9pars, afin de leur r\u00e9v\u00e9ler le &hellip; Continuer la lecture de &laquo;&nbsp;Les chroniques de Le Banni (de Le M\u00e9dia), \u00e9pisode 7&nbsp;&raquo;\" \/>\n<meta property=\"og:url\" content=\"https:\/\/www.incaudavenenum.org\/cut.the.crap\/les-chroniques-de-le-banni-de-le-media-episode-7\/\" \/>\n<meta property=\"og:site_name\" content=\"Cut The Crap\" \/>\n<meta property=\"article:publisher\" content=\"https:\/\/www.facebook.com\/Cut-the-Crap-239882412697830\/\" \/>\n<meta property=\"article:author\" content=\"https:\/\/www.facebook.com\/cut.the.crap.free.fr\" \/>\n<meta property=\"article:published_time\" content=\"2024-02-04T11:22:51+00:00\" \/>\n<meta property=\"article:modified_time\" content=\"2024-03-31T17:13:08+00:00\" \/>\n<meta property=\"og:image\" content=\"https:\/\/www.incaudavenenum.org\/cut.the.crap\/wp-content\/uploads\/2024\/02\/ai-generated-7813974_1280.jpg\" \/>\n\t<meta property=\"og:image:width\" content=\"1280\" \/>\n\t<meta property=\"og:image:height\" content=\"1280\" \/>\n\t<meta property=\"og:image:type\" content=\"image\/jpeg\" \/>\n<meta name=\"author\" content=\"Serge Victor\" \/>\n<meta name=\"twitter:card\" content=\"summary_large_image\" \/>\n<meta name=\"twitter:image\" content=\"https:\/\/i0.wp.com\/www.incaudavenenum.org\/cut.the.crap\/wp-content\/uploads\/2024\/02\/ai-generated-7813974_1280.jpg?fit=1280%2C1280&ssl=1\" \/>\n<meta name=\"twitter:creator\" content=\"@cutzecrap\" \/>\n<meta name=\"twitter:site\" content=\"@cutzecrap\" \/>\n<meta name=\"twitter:label1\" content=\"\u00c9crit par\" \/>\n\t<meta name=\"twitter:data1\" content=\"Serge Victor\" \/>\n\t<meta name=\"twitter:label2\" content=\"Dur\u00e9e de lecture estim\u00e9e\" \/>\n\t<meta name=\"twitter:data2\" content=\"31 minutes\" \/>\n<script type=\"application\/ld+json\" class=\"yoast-schema-graph\">{\"@context\":\"https:\\\/\\\/schema.org\",\"@graph\":[{\"@type\":\"Article\",\"@id\":\"https:\\\/\\\/www.incaudavenenum.org\\\/cut.the.crap\\\/les-chroniques-de-le-banni-de-le-media-episode-7\\\/#article\",\"isPartOf\":{\"@id\":\"https:\\\/\\\/www.incaudavenenum.org\\\/cut.the.crap\\\/les-chroniques-de-le-banni-de-le-media-episode-7\\\/\"},\"author\":{\"name\":\"Serge Victor\",\"@id\":\"https:\\\/\\\/www.incaudavenenum.org\\\/cut.the.crap\\\/#\\\/schema\\\/person\\\/39fa901f2f251d6be7e35d8d58a8d1b4\"},\"headline\":\"Les chroniques de Le Banni (de Le M\u00e9dia), \u00e9pisode 7\",\"datePublished\":\"2024-02-04T11:22:51+00:00\",\"dateModified\":\"2024-03-31T17:13:08+00:00\",\"mainEntityOfPage\":{\"@id\":\"https:\\\/\\\/www.incaudavenenum.org\\\/cut.the.crap\\\/les-chroniques-de-le-banni-de-le-media-episode-7\\\/\"},\"wordCount\":6672,\"commentCount\":2,\"publisher\":{\"@id\":\"https:\\\/\\\/www.incaudavenenum.org\\\/cut.the.crap\\\/#organization\"},\"image\":{\"@id\":\"https:\\\/\\\/www.incaudavenenum.org\\\/cut.the.crap\\\/les-chroniques-de-le-banni-de-le-media-episode-7\\\/#primaryimage\"},\"thumbnailUrl\":\"https:\\\/\\\/www.incaudavenenum.org\\\/cut.the.crap\\\/wp-content\\\/uploads\\\/2024\\\/02\\\/Capture-decran-2024-02-03-a-16.26.18-1024x636.png\",\"keywords\":[\"b\u00e9n\u00e9voles\",\"Correspondants Citoyens\",\"Le Banni\",\"Le M\u00e9dia\",\"SCIC\"],\"articleSection\":[\"Le Banni\",\"R\u00e9sistance\"],\"inLanguage\":\"fr-FR\",\"potentialAction\":[{\"@type\":\"CommentAction\",\"name\":\"Comment\",\"target\":[\"https:\\\/\\\/www.incaudavenenum.org\\\/cut.the.crap\\\/les-chroniques-de-le-banni-de-le-media-episode-7\\\/#respond\"]}]},{\"@type\":\"WebPage\",\"@id\":\"https:\\\/\\\/www.incaudavenenum.org\\\/cut.the.crap\\\/les-chroniques-de-le-banni-de-le-media-episode-7\\\/\",\"url\":\"https:\\\/\\\/www.incaudavenenum.org\\\/cut.the.crap\\\/les-chroniques-de-le-banni-de-le-media-episode-7\\\/\",\"name\":\"Les chroniques de Le Banni (de Le M\u00e9dia), \u00e9pisode 7 - Cut The Crap\",\"isPartOf\":{\"@id\":\"https:\\\/\\\/www.incaudavenenum.org\\\/cut.the.crap\\\/#website\"},\"primaryImageOfPage\":{\"@id\":\"https:\\\/\\\/www.incaudavenenum.org\\\/cut.the.crap\\\/les-chroniques-de-le-banni-de-le-media-episode-7\\\/#primaryimage\"},\"image\":{\"@id\":\"https:\\\/\\\/www.incaudavenenum.org\\\/cut.the.crap\\\/les-chroniques-de-le-banni-de-le-media-episode-7\\\/#primaryimage\"},\"thumbnailUrl\":\"https:\\\/\\\/www.incaudavenenum.org\\\/cut.the.crap\\\/wp-content\\\/uploads\\\/2024\\\/02\\\/Capture-decran-2024-02-03-a-16.26.18-1024x636.png\",\"datePublished\":\"2024-02-04T11:22:51+00:00\",\"dateModified\":\"2024-03-31T17:13:08+00:00\",\"breadcrumb\":{\"@id\":\"https:\\\/\\\/www.incaudavenenum.org\\\/cut.the.crap\\\/les-chroniques-de-le-banni-de-le-media-episode-7\\\/#breadcrumb\"},\"inLanguage\":\"fr-FR\",\"potentialAction\":[{\"@type\":\"ReadAction\",\"target\":[\"https:\\\/\\\/www.incaudavenenum.org\\\/cut.the.crap\\\/les-chroniques-de-le-banni-de-le-media-episode-7\\\/\"]}]},{\"@type\":\"ImageObject\",\"inLanguage\":\"fr-FR\",\"@id\":\"https:\\\/\\\/www.incaudavenenum.org\\\/cut.the.crap\\\/les-chroniques-de-le-banni-de-le-media-episode-7\\\/#primaryimage\",\"url\":\"https:\\\/\\\/i0.wp.com\\\/www.incaudavenenum.org\\\/cut.the.crap\\\/wp-content\\\/uploads\\\/2024\\\/02\\\/Capture-decran-2024-02-03-a-16.26.18.png?fit=1056%2C656&ssl=1\",\"contentUrl\":\"https:\\\/\\\/i0.wp.com\\\/www.incaudavenenum.org\\\/cut.the.crap\\\/wp-content\\\/uploads\\\/2024\\\/02\\\/Capture-decran-2024-02-03-a-16.26.18.png?fit=1056%2C656&ssl=1\",\"width\":1056,\"height\":656},{\"@type\":\"BreadcrumbList\",\"@id\":\"https:\\\/\\\/www.incaudavenenum.org\\\/cut.the.crap\\\/les-chroniques-de-le-banni-de-le-media-episode-7\\\/#breadcrumb\",\"itemListElement\":[{\"@type\":\"ListItem\",\"position\":1,\"name\":\"Accueil\",\"item\":\"https:\\\/\\\/www.incaudavenenum.org\\\/cut.the.crap\\\/\"},{\"@type\":\"ListItem\",\"position\":2,\"name\":\"Les chroniques de Le Banni (de Le M\u00e9dia), \u00e9pisode 7\"}]},{\"@type\":\"WebSite\",\"@id\":\"https:\\\/\\\/www.incaudavenenum.org\\\/cut.the.crap\\\/#website\",\"url\":\"https:\\\/\\\/www.incaudavenenum.org\\\/cut.the.crap\\\/\",\"name\":\"Cut The Crap\",\"description\":\"Blog de gauche\",\"publisher\":{\"@id\":\"https:\\\/\\\/www.incaudavenenum.org\\\/cut.the.crap\\\/#organization\"},\"potentialAction\":[{\"@type\":\"SearchAction\",\"target\":{\"@type\":\"EntryPoint\",\"urlTemplate\":\"https:\\\/\\\/www.incaudavenenum.org\\\/cut.the.crap\\\/?s={search_term_string}\"},\"query-input\":{\"@type\":\"PropertyValueSpecification\",\"valueRequired\":true,\"valueName\":\"search_term_string\"}}],\"inLanguage\":\"fr-FR\"},{\"@type\":\"Organization\",\"@id\":\"https:\\\/\\\/www.incaudavenenum.org\\\/cut.the.crap\\\/#organization\",\"name\":\"Cut The Crap\",\"url\":\"https:\\\/\\\/www.incaudavenenum.org\\\/cut.the.crap\\\/\",\"logo\":{\"@type\":\"ImageObject\",\"inLanguage\":\"fr-FR\",\"@id\":\"https:\\\/\\\/www.incaudavenenum.org\\\/cut.the.crap\\\/#\\\/schema\\\/logo\\\/image\\\/\",\"url\":\"https:\\\/\\\/i1.wp.com\\\/www.incaudavenenum.org\\\/cut.the.crap\\\/wp-content\\\/uploads\\\/2018\\\/01\\\/cTc.png?fit=100%2C95\",\"contentUrl\":\"https:\\\/\\\/i1.wp.com\\\/www.incaudavenenum.org\\\/cut.the.crap\\\/wp-content\\\/uploads\\\/2018\\\/01\\\/cTc.png?fit=100%2C95\",\"width\":100,\"height\":95,\"caption\":\"Cut The Crap\"},\"image\":{\"@id\":\"https:\\\/\\\/www.incaudavenenum.org\\\/cut.the.crap\\\/#\\\/schema\\\/logo\\\/image\\\/\"},\"sameAs\":[\"https:\\\/\\\/www.facebook.com\\\/Cut-the-Crap-239882412697830\\\/\",\"https:\\\/\\\/x.com\\\/cutzecrap\"]},{\"@type\":\"Person\",\"@id\":\"https:\\\/\\\/www.incaudavenenum.org\\\/cut.the.crap\\\/#\\\/schema\\\/person\\\/39fa901f2f251d6be7e35d8d58a8d1b4\",\"name\":\"Serge Victor\",\"image\":{\"@type\":\"ImageObject\",\"inLanguage\":\"fr-FR\",\"@id\":\"https:\\\/\\\/secure.gravatar.com\\\/avatar\\\/1e2fd85bc69a7e81bf6242704119d1669b9a3ab337deeaf0e9141b764210481a?s=96&d=mm&r=g\",\"url\":\"https:\\\/\\\/secure.gravatar.com\\\/avatar\\\/1e2fd85bc69a7e81bf6242704119d1669b9a3ab337deeaf0e9141b764210481a?s=96&d=mm&r=g\",\"contentUrl\":\"https:\\\/\\\/secure.gravatar.com\\\/avatar\\\/1e2fd85bc69a7e81bf6242704119d1669b9a3ab337deeaf0e9141b764210481a?s=96&d=mm&r=g\",\"caption\":\"Serge Victor\"},\"description\":\"Militant de gauche, \u00e9cosocialiste, f\u00e9ministe, autogestionnaire\",\"sameAs\":[\"https:\\\/\\\/www.incaudavenenum.org\\\/cut.the.crap\\\/\",\"https:\\\/\\\/www.facebook.com\\\/cut.the.crap.free.fr\",\"https:\\\/\\\/x.com\\\/cutzecrap\"],\"url\":\"https:\\\/\\\/www.incaudavenenum.org\\\/cut.the.crap\\\/author\\\/sergevictor\\\/\"}]}<\/script>\n<!-- \/ Yoast SEO plugin. -->","yoast_head_json":{"title":"Les chroniques de Le Banni (de Le M\u00e9dia), \u00e9pisode 7 - Cut The Crap","robots":{"index":"index","follow":"follow","max-snippet":"max-snippet:-1","max-image-preview":"max-image-preview:large","max-video-preview":"max-video-preview:-1"},"canonical":"https:\/\/www.incaudavenenum.org\/cut.the.crap\/les-chroniques-de-le-banni-de-le-media-episode-7\/","og_locale":"fr_FR","og_type":"article","og_title":"Les chroniques de Le Banni (de Le M\u00e9dia), \u00e9pisode 7 - Cut The Crap","og_description":"R\u00e9sum\u00e9 de l'\u00e9pisode pr\u00e9c\u00e9dent : B\u00e9n\u00e9vh\u00f4l, le guerrier de Kohop, a \u00e9t\u00e9 banni de Lm\u00e9di\u00e2h par la sinistre triade Khakobb qui cherche \u00e0 le faire passer, lui et d'autres fid\u00e8les de Kohop, pour une poign\u00e9e de tra\u00eetres. Il parcourait steppes arides et mar\u00e9cages boueux pour rassembler r\u00e9prouv\u00e9s et Soci\u00f4hs \u00e9pars, afin de leur r\u00e9v\u00e9ler le &hellip; Continuer la lecture de &laquo;&nbsp;Les chroniques de Le Banni (de Le M\u00e9dia), \u00e9pisode 7&nbsp;&raquo;","og_url":"https:\/\/www.incaudavenenum.org\/cut.the.crap\/les-chroniques-de-le-banni-de-le-media-episode-7\/","og_site_name":"Cut The Crap","article_publisher":"https:\/\/www.facebook.com\/Cut-the-Crap-239882412697830\/","article_author":"https:\/\/www.facebook.com\/cut.the.crap.free.fr","article_published_time":"2024-02-04T11:22:51+00:00","article_modified_time":"2024-03-31T17:13:08+00:00","og_image":[{"width":1280,"height":1280,"url":"https:\/\/www.incaudavenenum.org\/cut.the.crap\/wp-content\/uploads\/2024\/02\/ai-generated-7813974_1280.jpg","type":"image\/jpeg"}],"author":"Serge Victor","twitter_card":"summary_large_image","twitter_image":"https:\/\/i0.wp.com\/www.incaudavenenum.org\/cut.the.crap\/wp-content\/uploads\/2024\/02\/ai-generated-7813974_1280.jpg?fit=1280%2C1280&ssl=1","twitter_creator":"@cutzecrap","twitter_site":"@cutzecrap","twitter_misc":{"\u00c9crit par":"Serge Victor","Dur\u00e9e de lecture estim\u00e9e":"31 minutes"},"schema":{"@context":"https:\/\/schema.org","@graph":[{"@type":"Article","@id":"https:\/\/www.incaudavenenum.org\/cut.the.crap\/les-chroniques-de-le-banni-de-le-media-episode-7\/#article","isPartOf":{"@id":"https:\/\/www.incaudavenenum.org\/cut.the.crap\/les-chroniques-de-le-banni-de-le-media-episode-7\/"},"author":{"name":"Serge Victor","@id":"https:\/\/www.incaudavenenum.org\/cut.the.crap\/#\/schema\/person\/39fa901f2f251d6be7e35d8d58a8d1b4"},"headline":"Les chroniques de Le Banni (de Le M\u00e9dia), \u00e9pisode 7","datePublished":"2024-02-04T11:22:51+00:00","dateModified":"2024-03-31T17:13:08+00:00","mainEntityOfPage":{"@id":"https:\/\/www.incaudavenenum.org\/cut.the.crap\/les-chroniques-de-le-banni-de-le-media-episode-7\/"},"wordCount":6672,"commentCount":2,"publisher":{"@id":"https:\/\/www.incaudavenenum.org\/cut.the.crap\/#organization"},"image":{"@id":"https:\/\/www.incaudavenenum.org\/cut.the.crap\/les-chroniques-de-le-banni-de-le-media-episode-7\/#primaryimage"},"thumbnailUrl":"https:\/\/www.incaudavenenum.org\/cut.the.crap\/wp-content\/uploads\/2024\/02\/Capture-decran-2024-02-03-a-16.26.18-1024x636.png","keywords":["b\u00e9n\u00e9voles","Correspondants Citoyens","Le Banni","Le M\u00e9dia","SCIC"],"articleSection":["Le Banni","R\u00e9sistance"],"inLanguage":"fr-FR","potentialAction":[{"@type":"CommentAction","name":"Comment","target":["https:\/\/www.incaudavenenum.org\/cut.the.crap\/les-chroniques-de-le-banni-de-le-media-episode-7\/#respond"]}]},{"@type":"WebPage","@id":"https:\/\/www.incaudavenenum.org\/cut.the.crap\/les-chroniques-de-le-banni-de-le-media-episode-7\/","url":"https:\/\/www.incaudavenenum.org\/cut.the.crap\/les-chroniques-de-le-banni-de-le-media-episode-7\/","name":"Les chroniques de Le Banni (de Le M\u00e9dia), \u00e9pisode 7 - Cut The Crap","isPartOf":{"@id":"https:\/\/www.incaudavenenum.org\/cut.the.crap\/#website"},"primaryImageOfPage":{"@id":"https:\/\/www.incaudavenenum.org\/cut.the.crap\/les-chroniques-de-le-banni-de-le-media-episode-7\/#primaryimage"},"image":{"@id":"https:\/\/www.incaudavenenum.org\/cut.the.crap\/les-chroniques-de-le-banni-de-le-media-episode-7\/#primaryimage"},"thumbnailUrl":"https:\/\/www.incaudavenenum.org\/cut.the.crap\/wp-content\/uploads\/2024\/02\/Capture-decran-2024-02-03-a-16.26.18-1024x636.png","datePublished":"2024-02-04T11:22:51+00:00","dateModified":"2024-03-31T17:13:08+00:00","breadcrumb":{"@id":"https:\/\/www.incaudavenenum.org\/cut.the.crap\/les-chroniques-de-le-banni-de-le-media-episode-7\/#breadcrumb"},"inLanguage":"fr-FR","potentialAction":[{"@type":"ReadAction","target":["https:\/\/www.incaudavenenum.org\/cut.the.crap\/les-chroniques-de-le-banni-de-le-media-episode-7\/"]}]},{"@type":"ImageObject","inLanguage":"fr-FR","@id":"https:\/\/www.incaudavenenum.org\/cut.the.crap\/les-chroniques-de-le-banni-de-le-media-episode-7\/#primaryimage","url":"https:\/\/i0.wp.com\/www.incaudavenenum.org\/cut.the.crap\/wp-content\/uploads\/2024\/02\/Capture-decran-2024-02-03-a-16.26.18.png?fit=1056%2C656&ssl=1","contentUrl":"https:\/\/i0.wp.com\/www.incaudavenenum.org\/cut.the.crap\/wp-content\/uploads\/2024\/02\/Capture-decran-2024-02-03-a-16.26.18.png?fit=1056%2C656&ssl=1","width":1056,"height":656},{"@type":"BreadcrumbList","@id":"https:\/\/www.incaudavenenum.org\/cut.the.crap\/les-chroniques-de-le-banni-de-le-media-episode-7\/#breadcrumb","itemListElement":[{"@type":"ListItem","position":1,"name":"Accueil","item":"https:\/\/www.incaudavenenum.org\/cut.the.crap\/"},{"@type":"ListItem","position":2,"name":"Les chroniques de Le Banni (de Le M\u00e9dia), \u00e9pisode 7"}]},{"@type":"WebSite","@id":"https:\/\/www.incaudavenenum.org\/cut.the.crap\/#website","url":"https:\/\/www.incaudavenenum.org\/cut.the.crap\/","name":"Cut The Crap","description":"Blog de gauche","publisher":{"@id":"https:\/\/www.incaudavenenum.org\/cut.the.crap\/#organization"},"potentialAction":[{"@type":"SearchAction","target":{"@type":"EntryPoint","urlTemplate":"https:\/\/www.incaudavenenum.org\/cut.the.crap\/?s={search_term_string}"},"query-input":{"@type":"PropertyValueSpecification","valueRequired":true,"valueName":"search_term_string"}}],"inLanguage":"fr-FR"},{"@type":"Organization","@id":"https:\/\/www.incaudavenenum.org\/cut.the.crap\/#organization","name":"Cut The Crap","url":"https:\/\/www.incaudavenenum.org\/cut.the.crap\/","logo":{"@type":"ImageObject","inLanguage":"fr-FR","@id":"https:\/\/www.incaudavenenum.org\/cut.the.crap\/#\/schema\/logo\/image\/","url":"https:\/\/i1.wp.com\/www.incaudavenenum.org\/cut.the.crap\/wp-content\/uploads\/2018\/01\/cTc.png?fit=100%2C95","contentUrl":"https:\/\/i1.wp.com\/www.incaudavenenum.org\/cut.the.crap\/wp-content\/uploads\/2018\/01\/cTc.png?fit=100%2C95","width":100,"height":95,"caption":"Cut The Crap"},"image":{"@id":"https:\/\/www.incaudavenenum.org\/cut.the.crap\/#\/schema\/logo\/image\/"},"sameAs":["https:\/\/www.facebook.com\/Cut-the-Crap-239882412697830\/","https:\/\/x.com\/cutzecrap"]},{"@type":"Person","@id":"https:\/\/www.incaudavenenum.org\/cut.the.crap\/#\/schema\/person\/39fa901f2f251d6be7e35d8d58a8d1b4","name":"Serge Victor","image":{"@type":"ImageObject","inLanguage":"fr-FR","@id":"https:\/\/secure.gravatar.com\/avatar\/1e2fd85bc69a7e81bf6242704119d1669b9a3ab337deeaf0e9141b764210481a?s=96&d=mm&r=g","url":"https:\/\/secure.gravatar.com\/avatar\/1e2fd85bc69a7e81bf6242704119d1669b9a3ab337deeaf0e9141b764210481a?s=96&d=mm&r=g","contentUrl":"https:\/\/secure.gravatar.com\/avatar\/1e2fd85bc69a7e81bf6242704119d1669b9a3ab337deeaf0e9141b764210481a?s=96&d=mm&r=g","caption":"Serge Victor"},"description":"Militant de gauche, \u00e9cosocialiste, f\u00e9ministe, autogestionnaire","sameAs":["https:\/\/www.incaudavenenum.org\/cut.the.crap\/","https:\/\/www.facebook.com\/cut.the.crap.free.fr","https:\/\/x.com\/cutzecrap"],"url":"https:\/\/www.incaudavenenum.org\/cut.the.crap\/author\/sergevictor\/"}]}},"jetpack_publicize_connections":[],"jetpack_featured_media_url":"","jetpack_shortlink":"https:\/\/wp.me\/p9z98q-CB","jetpack_likes_enabled":true,"jetpack-related-posts":[{"id":2372,"url":"https:\/\/www.incaudavenenum.org\/cut.the.crap\/les-chroniques-de-le-banni-de-le-media-episode-6\/","url_meta":{"origin":2393,"position":0},"title":"Les chroniques de Le Banni (de Le M\u00e9dia), \u00e9pisode 6","author":"Serge Victor","date":"28 janvier 2024","format":false,"excerpt":"R\u00e9sum\u00e9 de l'\u00e9pisode pr\u00e9c\u00e9dent : B\u00e9n\u00e9vh\u00f4l, le guerrier de Kohop, a \u00e9t\u00e9 banni de Lm\u00e9di\u00e2h par la sinistre triade Khakobb qui cherche \u00e0 le faire passer, lui et d'autres fid\u00e8les de Kohop, pour une poign\u00e9e de tra\u00eetres. D\u00e9sormais, il parcourt steppes arides et mar\u00e9cages boueux pour rassembler r\u00e9prouv\u00e9s et Soci\u00f4hs\u2026","rel":"","context":"Dans &quot;Le Banni&quot;","block_context":{"text":"Le Banni","link":"https:\/\/www.incaudavenenum.org\/cut.the.crap\/category\/le-banni\/"},"img":{"alt_text":"","src":"https:\/\/i0.wp.com\/www.incaudavenenum.org\/cut.the.crap\/wp-content\/uploads\/2024\/01\/Capture-decran-2024-01-28-a-16.12.28.png?resize=350%2C200&ssl=1","width":350,"height":200,"srcset":"https:\/\/i0.wp.com\/www.incaudavenenum.org\/cut.the.crap\/wp-content\/uploads\/2024\/01\/Capture-decran-2024-01-28-a-16.12.28.png?resize=350%2C200&ssl=1 1x, https:\/\/i0.wp.com\/www.incaudavenenum.org\/cut.the.crap\/wp-content\/uploads\/2024\/01\/Capture-decran-2024-01-28-a-16.12.28.png?resize=525%2C300&ssl=1 1.5x, https:\/\/i0.wp.com\/www.incaudavenenum.org\/cut.the.crap\/wp-content\/uploads\/2024\/01\/Capture-decran-2024-01-28-a-16.12.28.png?resize=700%2C400&ssl=1 2x, https:\/\/i0.wp.com\/www.incaudavenenum.org\/cut.the.crap\/wp-content\/uploads\/2024\/01\/Capture-decran-2024-01-28-a-16.12.28.png?resize=1050%2C600&ssl=1 3x, https:\/\/i0.wp.com\/www.incaudavenenum.org\/cut.the.crap\/wp-content\/uploads\/2024\/01\/Capture-decran-2024-01-28-a-16.12.28.png?resize=1400%2C800&ssl=1 4x"},"classes":[]},{"id":2247,"url":"https:\/\/www.incaudavenenum.org\/cut.the.crap\/les-chroniques-de-le-banni-de-le-media-episode-2\/","url_meta":{"origin":2393,"position":1},"title":"Les chroniques de Le Banni (de Le M\u00e9dia), \u00e9pisode 2","author":"Serge Victor","date":"13 d\u00e9cembre 2023","format":false,"excerpt":"R\u00e9sum\u00e9 de l'\u00e9pisode pr\u00e9c\u00e9dent : B\u00e9n\u00e9vh\u00f4l, le guerrier de Kohop, a \u00e9t\u00e9 banni de Lm\u00e9di\u00e2h par la sinistre triade Khakobb. D\u00e9sormais, il parcourt steppes arides et mar\u00e9cages boueux pour rassembler r\u00e9prouv\u00e9s et Soci\u00f4hs \u00e9pars dans le but de ramener un jour l'esprit de Kohop \u00e0 Lm\u00e9di\u00e2h. Il est : LE\u2026","rel":"","context":"Dans &quot;Le Banni&quot;","block_context":{"text":"Le Banni","link":"https:\/\/www.incaudavenenum.org\/cut.the.crap\/category\/le-banni\/"},"img":{"alt_text":"","src":"https:\/\/i0.wp.com\/www.incaudavenenum.org\/cut.the.crap\/wp-content\/uploads\/2023\/12\/craiyon_160831_hilarious_drawing_of_a_barbarian_getting_kicked_out_of_a_village.png?resize=350%2C200&ssl=1","width":350,"height":200},"classes":[]},{"id":2335,"url":"https:\/\/www.incaudavenenum.org\/cut.the.crap\/les-chroniques-de-le-banni-de-le-media-episode-4\/","url_meta":{"origin":2393,"position":2},"title":"Les chroniques de Le Banni (de Le M\u00e9dia), \u00e9pisode 4","author":"Serge Victor","date":"1 janvier 2024","format":false,"excerpt":"R\u00e9sum\u00e9 de l'\u00e9pisode pr\u00e9c\u00e9dent : B\u00e9n\u00e9vh\u00f4l, le guerrier de Kohop, a \u00e9t\u00e9 banni de Lm\u00e9di\u00e2h par la sinistre triade Khakobb qui cherche \u00e0 le faire passer pour un tra\u00eetre. D\u00e9sormais, il parcourt steppes arides et mar\u00e9cages boueux pour rassembler r\u00e9prouv\u00e9s et Soci\u00f4hs \u00e9pars, afin de leur r\u00e9v\u00e9ler le terrible secret\u2026","rel":"","context":"Dans &quot;Le Banni&quot;","block_context":{"text":"Le Banni","link":"https:\/\/www.incaudavenenum.org\/cut.the.crap\/category\/le-banni\/"},"img":{"alt_text":"","src":"https:\/\/i0.wp.com\/www.incaudavenenum.org\/cut.the.crap\/wp-content\/uploads\/2023\/12\/Capture-decran-2023-12-31-a-15.36.23.png?resize=350%2C200&ssl=1","width":350,"height":200,"srcset":"https:\/\/i0.wp.com\/www.incaudavenenum.org\/cut.the.crap\/wp-content\/uploads\/2023\/12\/Capture-decran-2023-12-31-a-15.36.23.png?resize=350%2C200&ssl=1 1x, https:\/\/i0.wp.com\/www.incaudavenenum.org\/cut.the.crap\/wp-content\/uploads\/2023\/12\/Capture-decran-2023-12-31-a-15.36.23.png?resize=525%2C300&ssl=1 1.5x, https:\/\/i0.wp.com\/www.incaudavenenum.org\/cut.the.crap\/wp-content\/uploads\/2023\/12\/Capture-decran-2023-12-31-a-15.36.23.png?resize=700%2C400&ssl=1 2x, https:\/\/i0.wp.com\/www.incaudavenenum.org\/cut.the.crap\/wp-content\/uploads\/2023\/12\/Capture-decran-2023-12-31-a-15.36.23.png?resize=1050%2C600&ssl=1 3x"},"classes":[]},{"id":2230,"url":"https:\/\/www.incaudavenenum.org\/cut.the.crap\/les-chroniques-de-le-banni-de-le-media-episode-1\/","url_meta":{"origin":2393,"position":3},"title":"Les chroniques de Le Banni (de Le M\u00e9dia), \u00e9pisode 1","author":"Serge Victor","date":"7 d\u00e9cembre 2023","format":false,"excerpt":"C'est officiel : je suis \"banni de Le M\u00e9dia\", avis re\u00e7u par mail en provenance de l'adresse forum@lemediatv.fr le 24 novembre 2023. Voici ma r\u00e9ponse, adress\u00e9e le jour m\u00eame aux trois membres de Le Directoire et \u00e0 Le Conseil de surveillance de la Soci\u00e9t\u00e9 Coop\u00e9rative d'Int\u00e9r\u00eat Collectif de Le M\u00e9dia\u2026","rel":"","context":"Dans &quot;Le Banni&quot;","block_context":{"text":"Le Banni","link":"https:\/\/www.incaudavenenum.org\/cut.the.crap\/category\/le-banni\/"},"img":{"alt_text":"","src":"https:\/\/i0.wp.com\/www.incaudavenenum.org\/cut.the.crap\/wp-content\/uploads\/2023\/12\/bannicouv03.jpg?resize=350%2C200&ssl=1","width":350,"height":200},"classes":[]},{"id":2471,"url":"https:\/\/www.incaudavenenum.org\/cut.the.crap\/les-chroniques-de-le-banni-de-le-media-episode-9\/","url_meta":{"origin":2393,"position":4},"title":"Les chroniques de Le Banni (de Le M\u00e9dia), \u00e9pisode 9","author":"Serge Victor","date":"31 mars 2024","format":false,"excerpt":"R\u00e9sum\u00e9 de l'\u00e9pisode pr\u00e9c\u00e9dent : B\u00e9n\u00e9vh\u00f4l, le guerrier de Kohop, a \u00e9t\u00e9 banni de Lm\u00e9di\u00e2h par la triade Khakobb. Apr\u00e8s avoir parcouru steppes arides et mar\u00e9cages boueux pour rassembler r\u00e9prouv\u00e9s et Soci\u00f4hs \u00e9pars, il est de retour et trouve les portes du Fh\u00f4reuhm \u00e9trangement ouvertes. Mais l'endroit n'est plus que\u2026","rel":"","context":"Dans &quot;Le Banni&quot;","block_context":{"text":"Le Banni","link":"https:\/\/www.incaudavenenum.org\/cut.the.crap\/category\/le-banni\/"},"img":{"alt_text":"","src":"https:\/\/i0.wp.com\/www.incaudavenenum.org\/cut.the.crap\/wp-content\/uploads\/2024\/03\/Capture-decran-2024-03-31-a-20.06.18.png?resize=350%2C200&ssl=1","width":350,"height":200,"srcset":"https:\/\/i0.wp.com\/www.incaudavenenum.org\/cut.the.crap\/wp-content\/uploads\/2024\/03\/Capture-decran-2024-03-31-a-20.06.18.png?resize=350%2C200&ssl=1 1x, https:\/\/i0.wp.com\/www.incaudavenenum.org\/cut.the.crap\/wp-content\/uploads\/2024\/03\/Capture-decran-2024-03-31-a-20.06.18.png?resize=525%2C300&ssl=1 1.5x, https:\/\/i0.wp.com\/www.incaudavenenum.org\/cut.the.crap\/wp-content\/uploads\/2024\/03\/Capture-decran-2024-03-31-a-20.06.18.png?resize=700%2C400&ssl=1 2x, https:\/\/i0.wp.com\/www.incaudavenenum.org\/cut.the.crap\/wp-content\/uploads\/2024\/03\/Capture-decran-2024-03-31-a-20.06.18.png?resize=1050%2C600&ssl=1 3x, https:\/\/i0.wp.com\/www.incaudavenenum.org\/cut.the.crap\/wp-content\/uploads\/2024\/03\/Capture-decran-2024-03-31-a-20.06.18.png?resize=1400%2C800&ssl=1 4x"},"classes":[]},{"id":2503,"url":"https:\/\/www.incaudavenenum.org\/cut.the.crap\/les-chroniques-de-le-banni-de-le-media-episode-10\/","url_meta":{"origin":2393,"position":5},"title":"Les chroniques de Le Banni (de Le M\u00e9dia), \u00e9pisode 10","author":"Serge Victor","date":"11 mai 2024","format":false,"excerpt":"R\u00e9sum\u00e9 de l'\u00e9pisode pr\u00e9c\u00e9dent : B\u00e9n\u00e9vh\u00f4l, le guerrier de Kohop, a \u00e9t\u00e9 banni de Lm\u00e9di\u00e2h par la triade Khakobb. Apr\u00e8s avoir parcouru steppes arides et mar\u00e9cages boueux pour rassembler r\u00e9prouv\u00e9s et Soci\u00f4hs \u00e9pars, il est de retour et trouve les portes du Fh\u00f4reuhm \u00e9trangement ouvertes. Mais l'endroit n'est plus que\u2026","rel":"","context":"Dans &quot;Le Banni&quot;","block_context":{"text":"Le Banni","link":"https:\/\/www.incaudavenenum.org\/cut.the.crap\/category\/le-banni\/"},"img":{"alt_text":"","src":"https:\/\/i0.wp.com\/www.incaudavenenum.org\/cut.the.crap\/wp-content\/uploads\/2024\/02\/Capture-decran-2024-05-10-a-23.18.41.png?fit=1000%2C437&ssl=1&resize=350%2C200","width":350,"height":200,"srcset":"https:\/\/i0.wp.com\/www.incaudavenenum.org\/cut.the.crap\/wp-content\/uploads\/2024\/02\/Capture-decran-2024-05-10-a-23.18.41.png?fit=1000%2C437&ssl=1&resize=350%2C200 1x, https:\/\/i0.wp.com\/www.incaudavenenum.org\/cut.the.crap\/wp-content\/uploads\/2024\/02\/Capture-decran-2024-05-10-a-23.18.41.png?fit=1000%2C437&ssl=1&resize=525%2C300 1.5x, https:\/\/i0.wp.com\/www.incaudavenenum.org\/cut.the.crap\/wp-content\/uploads\/2024\/02\/Capture-decran-2024-05-10-a-23.18.41.png?fit=1000%2C437&ssl=1&resize=700%2C400 2x"},"classes":[]}],"jetpack_sharing_enabled":true,"_links":{"self":[{"href":"https:\/\/www.incaudavenenum.org\/cut.the.crap\/wp-json\/wp\/v2\/posts\/2393","targetHints":{"allow":["GET"]}}],"collection":[{"href":"https:\/\/www.incaudavenenum.org\/cut.the.crap\/wp-json\/wp\/v2\/posts"}],"about":[{"href":"https:\/\/www.incaudavenenum.org\/cut.the.crap\/wp-json\/wp\/v2\/types\/post"}],"author":[{"embeddable":true,"href":"https:\/\/www.incaudavenenum.org\/cut.the.crap\/wp-json\/wp\/v2\/users\/1"}],"replies":[{"embeddable":true,"href":"https:\/\/www.incaudavenenum.org\/cut.the.crap\/wp-json\/wp\/v2\/comments?post=2393"}],"version-history":[{"count":23,"href":"https:\/\/www.incaudavenenum.org\/cut.the.crap\/wp-json\/wp\/v2\/posts\/2393\/revisions"}],"predecessor-version":[{"id":2514,"href":"https:\/\/www.incaudavenenum.org\/cut.the.crap\/wp-json\/wp\/v2\/posts\/2393\/revisions\/2514"}],"wp:attachment":[{"href":"https:\/\/www.incaudavenenum.org\/cut.the.crap\/wp-json\/wp\/v2\/media?parent=2393"}],"wp:term":[{"taxonomy":"category","embeddable":true,"href":"https:\/\/www.incaudavenenum.org\/cut.the.crap\/wp-json\/wp\/v2\/categories?post=2393"},{"taxonomy":"post_tag","embeddable":true,"href":"https:\/\/www.incaudavenenum.org\/cut.the.crap\/wp-json\/wp\/v2\/tags?post=2393"}],"curies":[{"name":"wp","href":"https:\/\/api.w.org\/{rel}","templated":true}]}}