{"id":2471,"date":"2024-03-31T19:50:34","date_gmt":"2024-03-31T17:50:34","guid":{"rendered":"https:\/\/www.incaudavenenum.org\/cut.the.crap\/?p=2471"},"modified":"2024-03-31T20:12:30","modified_gmt":"2024-03-31T18:12:30","slug":"les-chroniques-de-le-banni-de-le-media-episode-9","status":"publish","type":"post","link":"https:\/\/www.incaudavenenum.org\/cut.the.crap\/les-chroniques-de-le-banni-de-le-media-episode-9\/","title":{"rendered":"Les chroniques de Le Banni (de Le M\u00e9dia), \u00e9pisode 9"},"content":{"rendered":"\n<pre class=\"wp-block-verse wp-embed-aspect-16-9 wp-has-aspect-ratio\"><strong>R\u00e9sum\u00e9 de <a href=\"https:\/\/www.incaudavenenum.org\/cut.the.crap\/les-chroniques-de-le-banni-de-le-media-episode-8\/\">l'\u00e9pisode pr\u00e9c\u00e9dent<\/a> :<\/strong> B\u00e9n\u00e9vh\u00f4l, le guerrier de Kohop, a \u00e9t\u00e9 banni de Lm\u00e9di\u00e2h par la triade Khakobb. \nApr\u00e8s avoir parcouru steppes arides et mar\u00e9cages boueux pour rassembler r\u00e9prouv\u00e9s et Soci\u00f4hs \u00e9pars, il est de retour et trouve les portes du Fh\u00f4reuhm \u00e9trangement ouvertes. Mais l'endroit n'est plus que ruines sur lesquelles souffle un vent glacial, et de nombreuses voies restent scell\u00e9es par un myst\u00e9rieux mal\u00e9fice et donc inaccessibles et m\u00eame invisibles. \nIl est bien toujours LE BANNI. <\/pre>\n\n\n\n<h2 class=\"wp-block-heading\">Nous n&rsquo;avons pas peur des ruines<\/h2>\n\n\n\n<p>Je plagie ici le titre du <a href=\"https:\/\/youtu.be\/fvk_wXeaVRo?si=KKT1dw8OPbp2y4Ay\" target=\"_blank\" rel=\"noreferrer noopener\">dernier film<\/a> du camarade anarchiste Yannis Youlountas, qui l&rsquo;a lui-m\u00eame emprunt\u00e9 \u00e0 une c\u00e9l\u00e8bre phrase de Buenaventura Durruti en 1936. Le combattant espagnol ajoutait : \u00ab\u00a0nous sommes capables de b\u00e2tir aussi\u2026 la bourgeoisie peut bien faire sauter et d\u00e9molir son monde \u00e0 elle avant de quitter la sc\u00e8ne de l\u2019Histoire, nous portons un monde nouveau dans nos c\u0153urs.\u00a0\u00bb <\/p>\n\n\n\n<figure class=\"wp-block-image size-large\"><a href=\"https:\/\/youtu.be\/fvk_wXeaVRo?si=KKT1dw8OPbp2y4Ay\" target=\"_blank\" rel=\"noreferrer noopener\"><img data-recalc-dims=\"1\" loading=\"lazy\" decoding=\"async\" width=\"840\" height=\"431\" data-attachment-id=\"2487\" data-permalink=\"https:\/\/www.incaudavenenum.org\/cut.the.crap\/les-chroniques-de-le-banni-de-le-media-episode-9\/capture-decran-2024-03-31-a-20-06-18\/\" data-orig-file=\"https:\/\/i0.wp.com\/www.incaudavenenum.org\/cut.the.crap\/wp-content\/uploads\/2024\/03\/Capture-decran-2024-03-31-a-20.06.18.png?fit=2086%2C1070&amp;ssl=1\" data-orig-size=\"2086,1070\" data-comments-opened=\"1\" data-image-meta=\"{&quot;aperture&quot;:&quot;0&quot;,&quot;credit&quot;:&quot;&quot;,&quot;camera&quot;:&quot;&quot;,&quot;caption&quot;:&quot;&quot;,&quot;created_timestamp&quot;:&quot;0&quot;,&quot;copyright&quot;:&quot;&quot;,&quot;focal_length&quot;:&quot;0&quot;,&quot;iso&quot;:&quot;0&quot;,&quot;shutter_speed&quot;:&quot;0&quot;,&quot;title&quot;:&quot;&quot;,&quot;orientation&quot;:&quot;0&quot;}\" data-image-title=\"Capture-decran-2024-03-31-a-20.06.18\" data-image-description=\"\" data-image-caption=\"\" data-large-file=\"https:\/\/i0.wp.com\/www.incaudavenenum.org\/cut.the.crap\/wp-content\/uploads\/2024\/03\/Capture-decran-2024-03-31-a-20.06.18.png?fit=840%2C431&amp;ssl=1\" src=\"https:\/\/i0.wp.com\/www.incaudavenenum.org\/cut.the.crap\/wp-content\/uploads\/2024\/03\/Capture-decran-2024-03-31-a-20.06.18.png?resize=840%2C431&#038;ssl=1\" alt=\"\" class=\"wp-image-2487\" srcset=\"https:\/\/i0.wp.com\/www.incaudavenenum.org\/cut.the.crap\/wp-content\/uploads\/2024\/03\/Capture-decran-2024-03-31-a-20.06.18.png?resize=1024%2C525&amp;ssl=1 1024w, https:\/\/i0.wp.com\/www.incaudavenenum.org\/cut.the.crap\/wp-content\/uploads\/2024\/03\/Capture-decran-2024-03-31-a-20.06.18.png?resize=300%2C154&amp;ssl=1 300w, https:\/\/i0.wp.com\/www.incaudavenenum.org\/cut.the.crap\/wp-content\/uploads\/2024\/03\/Capture-decran-2024-03-31-a-20.06.18.png?resize=768%2C394&amp;ssl=1 768w, https:\/\/i0.wp.com\/www.incaudavenenum.org\/cut.the.crap\/wp-content\/uploads\/2024\/03\/Capture-decran-2024-03-31-a-20.06.18.png?resize=1536%2C788&amp;ssl=1 1536w, https:\/\/i0.wp.com\/www.incaudavenenum.org\/cut.the.crap\/wp-content\/uploads\/2024\/03\/Capture-decran-2024-03-31-a-20.06.18.png?resize=2048%2C1051&amp;ssl=1 2048w, https:\/\/i0.wp.com\/www.incaudavenenum.org\/cut.the.crap\/wp-content\/uploads\/2024\/03\/Capture-decran-2024-03-31-a-20.06.18.png?resize=1200%2C616&amp;ssl=1 1200w, https:\/\/i0.wp.com\/www.incaudavenenum.org\/cut.the.crap\/wp-content\/uploads\/2024\/03\/Capture-decran-2024-03-31-a-20.06.18.png?w=1680&amp;ssl=1 1680w\" sizes=\"auto, (max-width: 709px) 85vw, (max-width: 909px) 67vw, (max-width: 1362px) 62vw, 840px\" \/><\/a><figcaption class=\"wp-element-caption\">capture d&rsquo;\u00e9cran de la bande annonce du film de Yannis Youlountas<\/figcaption><\/figure>\n\n\n\n<p><\/p>\n\n\n\n<p>J&rsquo;en tire une le\u00e7on \u00e9thique et politique : nous ne cherchons pas du tout \u00e0 d\u00e9truire, et nous ne sommes assur\u00e9ment pas les \u00ab\u00a0malveillants\u00a0\u00bb qu&rsquo;on nous accuse d&rsquo;\u00eatre, mais nous ne nous laisserons pas abattre par la peur des destructions commises par ceux qui se sont enivr\u00e9s de leur petit pouvoir (Durruti parlait de la bourgeoisie, mais c&rsquo;est valable aussi pour toute bureaucratie qui s&rsquo;accapare un projet \u00e9mancipateur), et s&rsquo;il le faut, nous saurons reconstruire.<\/p>\n\n\n\n<p>Plus d&rsquo;un mois a pass\u00e9 depuis la r\u00e9ouverture du forum du M\u00e9dia, ou plut\u00f4t du \u00ab\u00a0faux-rum\u00a0\u00bb comme l&rsquo;a rebaptis\u00e9 un camarade, ou encore du \u00ab\u00a0<a href=\"https:\/\/twitter.com\/SociosEngages\/status\/1758803824662221179\" target=\"_blank\" rel=\"noreferrer noopener\">forum Potemkine<\/a>\u00a0\u00bb&nbsp;, qui ressemble d\u00e9sormais plus \u00e0 la place centrale de Pyong Yang qu&rsquo;\u00e0 l&rsquo;espace de discussion des socios que nous avions connu. <\/p>\n\n\n\n<p>La dictature, c&rsquo;est \u00ab\u00a0ferme ta gueule&nbsp;!\u00a0\u00bb, la d\u00e9mocratie c&rsquo;est \u00ab\u00a0cause toujours&nbsp;!\u00a0\u00bb dit l&rsquo;adage. A ce titre, oui, le nouveau forum du M\u00e9dia est bien un outil \u00ab\u00a0d\u00e9mocratique\u00a0\u00bb : on peut certes y poser des questions \u00e0 l&rsquo;administrateur-directeur (du moins si on en n&rsquo;est pas banni abusivement, comme c&rsquo;est toujours le cas pour plusieurs soci\u00e9taires)&#8230; mais celui-ci r\u00e9pond \u00e0 c\u00f4t\u00e9 de la plaque, noyant le poisson dans des d\u00e9tails techniques sans int\u00e9r\u00eat, ou, le plus souvent, ne r\u00e9pond pas du tout. Je lui ai \u00e9galement envoy\u00e9 plusieurs messages pour r\u00e9clamer ma r\u00e9int\u00e9gration sur les supports d&rsquo;o\u00f9 je suis toujours banni arbitrairement et sans raison, mais je n&rsquo;ai obtenu aucune r\u00e9ponse \u00e0 ce jour (je reviendrai dans un autre \u00e9pisode sur les arguments qui ont fini par \u00eatre envoy\u00e9s aux camarades toujours banni\u00b7e\u00b7s du forum&nbsp;: ils sont LUNAIRES). <\/p>\n\n\n\n<p>Sur le terrain du b\u00e9n\u00e9volat, le M\u00e9dia est toujours \u00e9galement un champ de ruines, et l\u00e0 aussi, seul un silence m\u00e9prisant r\u00e9pond aux propositions faites sur le forum pour relancer la dynamique des Volontaires. J&rsquo;ai donc d\u00e9cid\u00e9 de m&rsquo;adresser au Conseil de surveillance, dont je rappelle que c&rsquo;est lui qui a nomm\u00e9 les membres du Directoire du M\u00e9dia, et qu&rsquo;il a aussi le pouvoir de contr\u00f4ler leur action et m\u00eame de les r\u00e9voquer. <\/p>\n\n\n\n<!--more-->\n\n\n\n<p>Voici copie de cette <em>Lettre d&rsquo;un socio inquiet<\/em> :<\/p>\n\n\n\n<pre class=\"wp-block-verse\">Bonjour,\n\n\nSoci\u00e9taire \u00e0 jour de mon abonnement, je souhaite alerter le Conseil de surveillance du M\u00e9dia sur un dysfonctionnement persistant au sein de la structure.\n\nSuite \u00e0 la r\u00e9union du 31 janvier 2024 \u00e0 laquelle j\u2019avais particip\u00e9 avec le Directoire (\u00e0 l\u2019invitation du Conseil de surveillance), qui avait vu les membres du Directoire refuser toute sortie de crise par le haut et s\u2019obstiner \u00e0 instruire un surr\u00e9aliste proc\u00e8s des Socios Engag\u00e9\u00b7e\u00b7s, il y a eu, certes, une avanc\u00e9e avec le <a href=\"https:\/\/www.incaudavenenum.org\/cut.the.crap\/les-chroniques-de-le-banni-de-le-media-episode-8\/\">retour du forum<\/a> le 13 f\u00e9vrier et l\u2019annulation du bannissement (totalement injustifi\u00e9) de ce support qui m\u2019avait \u00e9t\u00e9 signifi\u00e9 \u00ab par erreur \u00bb. Mais force est de constater que d\u2019autres soci\u00e9taires restent banni\u00b7e\u00b7s sous des pr\u00e9textes fantaisistes, sur la base d\u2019ajouts dans la charte du forum post\u00e9rieurs aux faits incrimin\u00e9s, c\u2019est-\u00e0-dire en vertu d\u2019une r\u00e8gle de circonstance \u00e0 effet r\u00e9troactif, ce qui est extr\u00eamement choquant, car contraire \u00e0 tous les principes du droit (les derni\u00e8res lois r\u00e9troactives en France ayant \u00e9t\u00e9 le fait, faut-il le rappeler, du r\u00e9gime de Vichy).  \nEn outre, cette nouvelle charte du forum, ainsi qu\u2019une r\u00e9organisation faisant dispara\u00eetre tout un pan des discussions (des plus anodines et conviviales jusqu\u2019\u00e0 des discussions de fond sur la <a href=\"https:\/\/fr.wikipedia.org\/wiki\/Soci%C3%A9t%C3%A9_coop%C3%A9rative_d%27int%C3%A9r%C3%AAt_collectif\" target=\"_blank\" rel=\"noreferrer noopener\">SCIC<\/a>) ont \u00e9t\u00e9 impos\u00e9es sans aucune concertation avec les usager\u00b7e\u00b7s, et l\u2019administrateur reste sourd aux propositions faites par les soci\u00e9taires pour renouer avec la co-construction de cet espace.  \nJ\u2019ajoute qu\u2019\u00e0 titre personnel, alors m\u00eame que l\u2019annulation de mon bannissement vaut reconnaissance de son caract\u00e8re infond\u00e9, je reste interdit de commentaire sur la boucle Telegram et exclu des groupes Facebook du M\u00e9dia, en d\u00e9pit de mes protestations r\u00e9it\u00e9r\u00e9es, et sans que jamais ces exclusions arbitraires abusives n\u2019aient \u00e9t\u00e9 justifi\u00e9es.\n\nCette d\u00e9rive autoritaire se ressent aussi dans un domaine pourtant fondamental de la SCIC : le b\u00e9n\u00e9volat. J\u2019avais ainsi re\u00e7u le 14 novembre 2023 (ainsi qu\u2019un autre camarade membre du collectif des <a href=\"https:\/\/www.youtube.com\/channel\/UCNNBjUpb3ybNUhX8r5nmZTQ\" target=\"_blank\" rel=\"noreferrer noopener\">Socios Engag\u00e9\u00b7e\u00b7s<\/a>, un mail du Directoire m\u2019informant de la rupture de mes deux conventions de b\u00e9n\u00e9volat. Certes, le Directoire peut statutairement rompre \u00e0 sa guise de telles conventions et a invoqu\u00e9 \u00e9galement l\u2019article 6 de la convention de b\u00e9n\u00e9volat qui lui donne ce pouvoir. J\u2018avais n\u00e9anmoins aussit\u00f4t contest\u00e9 cette rupture aupr\u00e8s du Directoire lui-m\u00eame et du Conseil de surveillance car \u00e0 mon sens, le Directoire n\u2019avait lui-m\u00eame pas respect\u00e9 l\u2019article 5 de cette convention de b\u00e9n\u00e9volat (voir mon <a href=\"https:\/\/www.incaudavenenum.org\/cut.the.crap\/les-chroniques-de-le-banni-de-le-media-episode-1\/\">message du 14 novembre<\/a>) et n\u2019\u00e9tait donc pas en position d\u2019en invoquer le contenu pour la rompre.\nJe pr\u00e9cise \u00e9galement que le Directoire ne m\u2019a jamais donn\u00e9 aucune raison pour cette rupture de convention, et je tiens \u00e0 rappeler que, jusqu\u2019\u00e0 celle-ci (et m\u00eame apr\u00e8s), j\u2019ai \u00e9t\u00e9 particuli\u00e8rement actif dans les deux champs d\u2019action de mon b\u00e9n\u00e9volat :\n\u2014 j\u2019ai particip\u00e9 jusqu\u2019\u00e0 mon exclusion aux  activit\u00e9s du groupe de soutien coop\u00e9ratif aux b\u00e9n\u00e9voles, remettant en novembre 2023 le dernier <a href=\"https:\/\/www.incaudavenenum.org\/cut.the.crap\/les-chroniques-de-le-banni-de-le-media-episode-7\/\">rapport<\/a> en date de ce groupe ;\n\u2014 j\u2019ai particip\u00e9 comme Correspondant Citoyen \u00e0 la couverture des manifestations pour les retraites et au relais des images d\u2019autres CC sur Twitter jusqu\u2019en juin 2023 ; apr\u00e8s cela, l\u2019actualit\u00e9 militante s\u2019est ralentie et le r\u00e9f\u00e9rent des CC ne les a plus du tout sollicit\u00e9s pour aucun mouvement social, m\u00eame durant l\u2019automne 2023 (le r\u00e9f\u00e9rent n\u2019a par exemple jamais sollicit\u00e9 les CC pour couvrir les manifs de soutien au peuple palestinien) ; j\u2019ai n\u00e9anmoins post\u00e9 le 23 octobre 2023 sur la <a href=\"https:\/\/www.youtube.com\/channel\/UCNNBjUpb3ybNUhX8r5nmZTQ\" target=\"_blank\" rel=\"noreferrer noopener\">cha\u00eene YouTube des Socios Engag\u00e9\u00b7e\u00b7s<\/a> un <a href=\"https:\/\/youtu.be\/c_ETraKTBP4?si=6_yLXs-Vmr5EM4Iz\" target=\"_blank\" rel=\"noreferrer noopener\">montage<\/a> de vid\u00e9os de CC depuis le d\u00e9but du M\u00e9dia et le 16 novembre <a href=\"https:\/\/youtu.be\/Dwf98UetT8U?si=Y7gdXaWsBwECbPqn\" target=\"_blank\" rel=\"noreferrer noopener\">un reportage<\/a> d\u2019un CC sur une gr\u00e8ve des salari\u00e9\u00b7e\u00b7s de la production audiovisuelle \u00e0 Bayonne (relay\u00e9 aussi sur le compte Twitter des Correspondants Citoyens) et j\u2019ai continu\u00e9 durant toute cette p\u00e9riode \u00e0 participer aux discussions sur la boucle Telegram des CC ou sur le serveur Discord des b\u00e9n\u00e9voles ; malgr\u00e9 mon d\u00e9conventionnement, j\u2019ai encore <a href=\"https:\/\/twitter.com\/SociosEngages\/status\/1753044457841168392\" target=\"_blank\" rel=\"noreferrer noopener\">couvert la manif des personnels de l\u2019Education nationale du 1er f\u00e9vrier 2024<\/a> \u00e0 Paris, et, n\u2019ayant plus acc\u00e8s \u00e0 la boucle Telegram des CC, j\u2019ai tout de m\u00eame pris la peine d\u2019envoyer une interview de Manon Aubry \u00e0 une journaliste du M\u00e9dia, preuve que j\u2019\u00e9tais toujours disponible pour donner un coup de main.\n\n\nD\u2019autres Correspondant\u00b7e\u00b7s Citoyen\u00b7ne\u00b7s qui n\u2019ont fourni aucune image et n\u2019ont gu\u00e8re particip\u00e9 aux discussions entre b\u00e9n\u00e9voles n\u2019ont subi aucune rupture de convention. Force est donc de conclure que l\u2019exclusion du b\u00e9n\u00e9volat des membres du collectif des Socios Engag\u00e9\u00b7e\u00b7s connus par le Directoire ne repose sur aucun manquement \u00e0 leur mission de b\u00e9n\u00e9volat et aucune pr\u00e9tendue inactivit\u00e9. Ce sont bien au contraire les b\u00e9n\u00e9voles les plus actifs qui ont \u00e9t\u00e9 exclus, et ces exclusions constituent en fait des repr\u00e9sailles contre des soci\u00e9taires qui ont \u00e9mis des critiques pr\u00e9cises et argument\u00e9es de certaines d\u00e9cisions prises par le Directoire, critiques que le Directoire n\u2019a cess\u00e9 durant des mois d\u2019essayer de faire passer contre toute \u00e9vidence pour du d\u00e9nigrement de salari\u00e9\u00b7e\u00b7s et pour une hostilit\u00e9 envers la structure.\n\nCela pose un probl\u00e8me de fond : dans une coop\u00e9rative, qui plus est dot\u00e9e d\u2019un manifeste comme celui du M\u00e9dia, une instance dirigeante (qui affirme par ailleurs n\u2019\u00eatre constitu\u00e9e que de salari\u00e9\u00b7e\u00b7s exer\u00e7ant b\u00e9n\u00e9volement un mandat et n\u2019assume pas d\u2019\u00eatre une direction) doit accepter de rendre des comptes aux soci\u00e9taires qui l\u2019ont mandat\u00e9e, de d\u00e9battre, et d\u2019\u00eatre soumise \u00e0 des critiques. Se draper dans une attitude de majest\u00e9 outrag\u00e9e, attendre des b\u00e9n\u00e9voles une all\u00e9geance de type f\u00e9odal ou une confiance aveugle envers l\u2019autorit\u00e9, et traiter les critiques \u00e9manant de soci\u00e9taires comme un d\u00e9nigrement sacril\u00e8ge n\u2019est pas conforme \u00e0 ce qu\u2019on peut attendre d\u2019une telle structure coop\u00e9rative.  \nEn outre, concernant le b\u00e9n\u00e9volat, cela porte un pr\u00e9judice certain au M\u00e9dia. En effet, les ruptures on non-renouvellements de conventions de b\u00e9n\u00e9volat des Volontaires parmi les plus engag\u00e9\u00b7e\u00b7s ont laiss\u00e9 un vide tr\u00e8s visible : depuis notre \u00e9viction, plus aucune vid\u00e9o de b\u00e9n\u00e9voles n\u2019a \u00e9t\u00e9 diffus\u00e9e sur le compte Twitter des CC (le retweet du <a href=\"https:\/\/twitter.com\/SociosEngages\/status\/1753044457841168392\" target=\"_blank\" rel=\"noreferrer noopener\">thread<\/a> que j\u2019avais publi\u00e9 lors de la manif du 1er f\u00e9vrier 2024 a m\u00eame \u00e9t\u00e9 supprim\u00e9 par le r\u00e9f\u00e9rent alors que c\u2019\u00e9tait la seule couverture de leur lutte que les manifestants pouvaient trouver en ce jour de la part du M\u00e9dia ou de ses b\u00e9n\u00e9voles), plus aucune image de b\u00e9n\u00e9voles n\u2019a aliment\u00e9 les programmes du M\u00e9dia, plus aucune mod\u00e9ration b\u00e9n\u00e9vole n\u2019est effectu\u00e9e sur le forum (voyant cela, j\u2019ai propos\u00e9 mon aide, proposition rest\u00e9e comme tant d\u2019autres sans aucune r\u00e9ponse), et le groupe des Volontaires affich\u00e9 sur le forum ne comporte toujours \u00e0 ce jour qu\u2019un unique membre : le salari\u00e9 r\u00e9f\u00e9rent administrateur membre du directoire, ce qui est tout un symbole.\n\nPriver le M\u00e9dia de ses b\u00e9n\u00e9voles actifs est une grave erreur : l\u2019activit\u00e9 b\u00e9n\u00e9vole est un des piliers de la SCIC (qui comporte statutairement un coll\u00e8ge des b\u00e9n\u00e9voles et ne pourra l\u00e9galement fonctionner avec moins de trois coll\u00e8ges), et l\u2019engagement b\u00e9n\u00e9vole visible peut cr\u00e9er une dynamique, fid\u00e9liser une communaut\u00e9, la faire grossir, remplir des t\u00e2ches utiles au d\u00e9veloppement du M\u00e9dia et \u00e0 sa p\u00e9rennit\u00e9. Toujours fragile, le M\u00e9dia n\u2019a vraiment pas le luxe de se passer de telles bonnes volont\u00e9s.\nEn faisant passer des rancunes personnelles avant le bien de la structure, le Directoire fait preuve d\u2019un manque inqui\u00e9tant de professionnalisme. Mais nul n\u2019est oblig\u00e9 de s\u2019obstiner dans une voie sans issue et il n\u2019est pas trop tard pour sortir par le haut de cette situation de blocage et relancer la dynamique du b\u00e9n\u00e9volat qui avait donn\u00e9 de beaux r\u00e9sultats durant le premier semestre 2023. Je demande donc au Conseil de surveillance de rappeler le Directoire \u00e0 ses devoirs, ce qui inclut de travailler avec les socios volontaires \u00e0 la relance du b\u00e9n\u00e9volat.\n\nCoop\u00e9rativement,\n\nS.V.\n<\/pre>\n\n\n\n<p>A l&rsquo;heure o\u00f9 le M\u00e9dia lance une nouvelle campagne d&rsquo;abonnements, se priver de Volontaires b\u00e9n\u00e9voles cause en effet un v\u00e9ritable pr\u00e9judice \u00e0 la structure.  <\/p>\n\n\n\n<figure class=\"wp-block-image size-large\"><a href=\"https:\/\/i0.wp.com\/www.incaudavenenum.org\/cut.the.crap\/wp-content\/uploads\/2024\/03\/Capture-decran-2024-03-31-a-19.22.20.png?ssl=1\"><img data-recalc-dims=\"1\" loading=\"lazy\" decoding=\"async\" width=\"840\" height=\"1005\" data-attachment-id=\"2482\" data-permalink=\"https:\/\/www.incaudavenenum.org\/cut.the.crap\/les-chroniques-de-le-banni-de-le-media-episode-9\/capture-decran-2024-03-31-a-19-22-20\/\" data-orig-file=\"https:\/\/i0.wp.com\/www.incaudavenenum.org\/cut.the.crap\/wp-content\/uploads\/2024\/03\/Capture-decran-2024-03-31-a-19.22.20.png?fit=1216%2C1454&amp;ssl=1\" data-orig-size=\"1216,1454\" data-comments-opened=\"1\" data-image-meta=\"{&quot;aperture&quot;:&quot;0&quot;,&quot;credit&quot;:&quot;&quot;,&quot;camera&quot;:&quot;&quot;,&quot;caption&quot;:&quot;&quot;,&quot;created_timestamp&quot;:&quot;0&quot;,&quot;copyright&quot;:&quot;&quot;,&quot;focal_length&quot;:&quot;0&quot;,&quot;iso&quot;:&quot;0&quot;,&quot;shutter_speed&quot;:&quot;0&quot;,&quot;title&quot;:&quot;&quot;,&quot;orientation&quot;:&quot;0&quot;}\" data-image-title=\"Capture-decran-2024-03-31-a-19.22.20\" data-image-description=\"\" data-image-caption=\"\" data-large-file=\"https:\/\/i0.wp.com\/www.incaudavenenum.org\/cut.the.crap\/wp-content\/uploads\/2024\/03\/Capture-decran-2024-03-31-a-19.22.20.png?fit=840%2C1005&amp;ssl=1\" src=\"https:\/\/i0.wp.com\/www.incaudavenenum.org\/cut.the.crap\/wp-content\/uploads\/2024\/03\/Capture-decran-2024-03-31-a-19.22.20.png?resize=840%2C1005&#038;ssl=1\" alt=\"\" class=\"wp-image-2482\" srcset=\"https:\/\/i0.wp.com\/www.incaudavenenum.org\/cut.the.crap\/wp-content\/uploads\/2024\/03\/Capture-decran-2024-03-31-a-19.22.20.png?resize=856%2C1024&amp;ssl=1 856w, https:\/\/i0.wp.com\/www.incaudavenenum.org\/cut.the.crap\/wp-content\/uploads\/2024\/03\/Capture-decran-2024-03-31-a-19.22.20.png?resize=251%2C300&amp;ssl=1 251w, https:\/\/i0.wp.com\/www.incaudavenenum.org\/cut.the.crap\/wp-content\/uploads\/2024\/03\/Capture-decran-2024-03-31-a-19.22.20.png?resize=768%2C918&amp;ssl=1 768w, https:\/\/i0.wp.com\/www.incaudavenenum.org\/cut.the.crap\/wp-content\/uploads\/2024\/03\/Capture-decran-2024-03-31-a-19.22.20.png?resize=1200%2C1435&amp;ssl=1 1200w, https:\/\/i0.wp.com\/www.incaudavenenum.org\/cut.the.crap\/wp-content\/uploads\/2024\/03\/Capture-decran-2024-03-31-a-19.22.20.png?w=1216&amp;ssl=1 1216w\" sizes=\"auto, (max-width: 709px) 85vw, (max-width: 909px) 67vw, (max-width: 1362px) 62vw, 840px\" \/><\/a><figcaption class=\"wp-element-caption\">capture d&rsquo;\u00e9cran d&rsquo;un tweet du M\u00e9dia<\/figcaption><\/figure>\n\n\n\n<p><\/p>\n\n\n\n<p>Par exemple, nous avions commenc\u00e9 il y a plusieurs mois \u00e0 travailler sur la constitution d&rsquo;un r\u00e9seau des socios, pour faciliter les initiatives locales, comme les caf\u00e9s des socios, les impressions locales de tracts, puis tractages ou collages pour faire la promotion du M\u00e9dia. Tout cela a \u00e9t\u00e9 trait\u00e9 par le m\u00e9pris. Le fil de discussion du forum o\u00f9 avait commenc\u00e9 ce travail reste censur\u00e9, les b\u00e9n\u00e9voles qui \u00e9taient pr\u00eats \u00e0 se consacrer \u00e0 cette mise en r\u00e9seau ont \u00e9t\u00e9 d\u00e9conventionn\u00e9\u00b7e\u00b7s. La fuite en avant autoritaire a donc tout d\u00e9truit, et pendant ce temps-l\u00e0, il faut croire que la fausse coop\u00e9rative de Denis Robert, bien que tout aussi autoritaire, se montre plus maligne que le Directoire du M\u00e9dia. Voici en effet ce que j&rsquo;ai vu par chez moi sur un poteau :<\/p>\n\n\n\n<figure class=\"wp-block-image size-large\"><a href=\"https:\/\/i0.wp.com\/www.incaudavenenum.org\/cut.the.crap\/wp-content\/uploads\/2024\/03\/Blast-scaled.jpeg?ssl=1\"><img data-recalc-dims=\"1\" loading=\"lazy\" decoding=\"async\" width=\"840\" height=\"466\" data-attachment-id=\"2473\" data-permalink=\"https:\/\/www.incaudavenenum.org\/cut.the.crap\/les-chroniques-de-le-banni-de-le-media-episode-9\/blast\/\" data-orig-file=\"https:\/\/i0.wp.com\/www.incaudavenenum.org\/cut.the.crap\/wp-content\/uploads\/2024\/03\/Blast-scaled.jpeg?fit=2560%2C1420&amp;ssl=1\" data-orig-size=\"2560,1420\" data-comments-opened=\"1\" data-image-meta=\"{&quot;aperture&quot;:&quot;2&quot;,&quot;credit&quot;:&quot;&quot;,&quot;camera&quot;:&quot;iPhone 12 Pro&quot;,&quot;caption&quot;:&quot;&quot;,&quot;created_timestamp&quot;:&quot;1711896891&quot;,&quot;copyright&quot;:&quot;&quot;,&quot;focal_length&quot;:&quot;6&quot;,&quot;iso&quot;:&quot;32&quot;,&quot;shutter_speed&quot;:&quot;0.0026881720430108&quot;,&quot;title&quot;:&quot;&quot;,&quot;orientation&quot;:&quot;1&quot;}\" data-image-title=\"Blast\" data-image-description=\"\" data-image-caption=\"\" data-large-file=\"https:\/\/i0.wp.com\/www.incaudavenenum.org\/cut.the.crap\/wp-content\/uploads\/2024\/03\/Blast-scaled.jpeg?fit=840%2C466&amp;ssl=1\" src=\"https:\/\/i0.wp.com\/www.incaudavenenum.org\/cut.the.crap\/wp-content\/uploads\/2024\/03\/Blast.jpeg?resize=840%2C466&#038;ssl=1\" alt=\"\" class=\"wp-image-2473\" srcset=\"https:\/\/i0.wp.com\/www.incaudavenenum.org\/cut.the.crap\/wp-content\/uploads\/2024\/03\/Blast-scaled.jpeg?resize=1024%2C568&amp;ssl=1 1024w, https:\/\/i0.wp.com\/www.incaudavenenum.org\/cut.the.crap\/wp-content\/uploads\/2024\/03\/Blast-scaled.jpeg?resize=300%2C166&amp;ssl=1 300w, https:\/\/i0.wp.com\/www.incaudavenenum.org\/cut.the.crap\/wp-content\/uploads\/2024\/03\/Blast-scaled.jpeg?resize=768%2C426&amp;ssl=1 768w, https:\/\/i0.wp.com\/www.incaudavenenum.org\/cut.the.crap\/wp-content\/uploads\/2024\/03\/Blast-scaled.jpeg?resize=1536%2C852&amp;ssl=1 1536w, https:\/\/i0.wp.com\/www.incaudavenenum.org\/cut.the.crap\/wp-content\/uploads\/2024\/03\/Blast-scaled.jpeg?resize=2048%2C1136&amp;ssl=1 2048w, https:\/\/i0.wp.com\/www.incaudavenenum.org\/cut.the.crap\/wp-content\/uploads\/2024\/03\/Blast-scaled.jpeg?resize=1200%2C665&amp;ssl=1 1200w, https:\/\/i0.wp.com\/www.incaudavenenum.org\/cut.the.crap\/wp-content\/uploads\/2024\/03\/Blast-scaled.jpeg?w=1680&amp;ssl=1 1680w, https:\/\/i0.wp.com\/www.incaudavenenum.org\/cut.the.crap\/wp-content\/uploads\/2024\/03\/Blast-scaled.jpeg?w=2520&amp;ssl=1 2520w\" sizes=\"auto, (max-width: 709px) 85vw, (max-width: 909px) 67vw, (max-width: 1362px) 62vw, 840px\" \/><\/a><figcaption class=\"wp-element-caption\">photo prise le 31 mars 2024<\/figcaption><\/figure>\n\n\n\n<p><\/p>\n\n\n\n<p>Le M\u00e9dia, lui, reste tr\u00e8s fragile, et pour redresser la barre, il faudra un peu plus qu&rsquo;un nouveau clip d&rsquo;auto-promo et quelques coups de t\u00e9l\u00e9phone aux abonn\u00e9\u00b7e\u00b7s dont la carte bleue est arriv\u00e9e \u00e0 expiration. Il faudra reconstruire une vraie communaut\u00e9. Et pour cela, la petite \u00e9quipe de salari\u00e9\u00b7e\u00b7s du M\u00e9dia, si elle veut garantir les emplois, doit pouvoir s&rsquo;appuyer sur l&rsquo;\u00e9nergie des Volontaires b\u00e9n\u00e9voles et non les ostraciser.<\/p>\n\n\n\n<p>N&rsquo;ayons pas peur des ruines.<\/p>\n\n\n\n<figure class=\"wp-block-image size-large\"><a href=\"https:\/\/www.incaudavenenum.org\/photos\/\" target=\"_blank\" rel=\"noreferrer noopener\"><img data-recalc-dims=\"1\" loading=\"lazy\" decoding=\"async\" width=\"840\" height=\"630\" data-attachment-id=\"2484\" data-permalink=\"https:\/\/www.incaudavenenum.org\/cut.the.crap\/les-chroniques-de-le-banni-de-le-media-episode-9\/img_0548\/\" data-orig-file=\"https:\/\/i0.wp.com\/www.incaudavenenum.org\/cut.the.crap\/wp-content\/uploads\/2024\/03\/IMG_0548-scaled.jpg?fit=2560%2C1920&amp;ssl=1\" data-orig-size=\"2560,1920\" data-comments-opened=\"1\" data-image-meta=\"{&quot;aperture&quot;:&quot;1.6&quot;,&quot;credit&quot;:&quot;&quot;,&quot;camera&quot;:&quot;iPhone 12 Pro&quot;,&quot;caption&quot;:&quot;&quot;,&quot;created_timestamp&quot;:&quot;1708792970&quot;,&quot;copyright&quot;:&quot;&quot;,&quot;focal_length&quot;:&quot;4.2&quot;,&quot;iso&quot;:&quot;1600&quot;,&quot;shutter_speed&quot;:&quot;0.066666666666667&quot;,&quot;title&quot;:&quot;&quot;,&quot;orientation&quot;:&quot;1&quot;}\" data-image-title=\"IMG_0548\" data-image-description=\"\" data-image-caption=\"\" data-large-file=\"https:\/\/i0.wp.com\/www.incaudavenenum.org\/cut.the.crap\/wp-content\/uploads\/2024\/03\/IMG_0548-scaled.jpg?fit=840%2C630&amp;ssl=1\" src=\"https:\/\/i0.wp.com\/www.incaudavenenum.org\/cut.the.crap\/wp-content\/uploads\/2024\/03\/IMG_0548.jpg?resize=840%2C630&#038;ssl=1\" alt=\"\" class=\"wp-image-2484\" srcset=\"https:\/\/i0.wp.com\/www.incaudavenenum.org\/cut.the.crap\/wp-content\/uploads\/2024\/03\/IMG_0548-scaled.jpg?resize=1024%2C768&amp;ssl=1 1024w, https:\/\/i0.wp.com\/www.incaudavenenum.org\/cut.the.crap\/wp-content\/uploads\/2024\/03\/IMG_0548-scaled.jpg?resize=300%2C225&amp;ssl=1 300w, https:\/\/i0.wp.com\/www.incaudavenenum.org\/cut.the.crap\/wp-content\/uploads\/2024\/03\/IMG_0548-scaled.jpg?resize=768%2C576&amp;ssl=1 768w, https:\/\/i0.wp.com\/www.incaudavenenum.org\/cut.the.crap\/wp-content\/uploads\/2024\/03\/IMG_0548-scaled.jpg?resize=1536%2C1152&amp;ssl=1 1536w, https:\/\/i0.wp.com\/www.incaudavenenum.org\/cut.the.crap\/wp-content\/uploads\/2024\/03\/IMG_0548-scaled.jpg?resize=2048%2C1536&amp;ssl=1 2048w, https:\/\/i0.wp.com\/www.incaudavenenum.org\/cut.the.crap\/wp-content\/uploads\/2024\/03\/IMG_0548-scaled.jpg?resize=1200%2C900&amp;ssl=1 1200w, https:\/\/i0.wp.com\/www.incaudavenenum.org\/cut.the.crap\/wp-content\/uploads\/2024\/03\/IMG_0548-scaled.jpg?w=1680&amp;ssl=1 1680w, https:\/\/i0.wp.com\/www.incaudavenenum.org\/cut.the.crap\/wp-content\/uploads\/2024\/03\/IMG_0548-scaled.jpg?w=2520&amp;ssl=1 2520w\" sizes=\"auto, (max-width: 709px) 85vw, (max-width: 909px) 67vw, (max-width: 1362px) 62vw, 840px\" \/><\/a><figcaption class=\"wp-element-caption\">\u00cele du Platais, f\u00e9vrier 2024<\/figcaption><\/figure>\n\n\n\n<p><\/p>\n\n\n\n<p>A suivre&#8230;<\/p>\n\n\n\n<h2 class=\"wp-block-heading\">Autres \u00e9pisodes :<\/h2>\n\n\n<ul class=\"wp-block-latest-posts__list wp-block-latest-posts\"><li><a class=\"wp-block-latest-posts__post-title\" href=\"https:\/\/www.incaudavenenum.org\/cut.the.crap\/les-chroniques-de-le-banni-de-le-media-episode-11\/\">Les chroniques de Le Banni (de Le M\u00e9dia), \u00e9pisode 11<\/a><\/li>\n<li><a class=\"wp-block-latest-posts__post-title\" href=\"https:\/\/www.incaudavenenum.org\/cut.the.crap\/les-chroniques-de-le-banni-de-le-media-episode-10\/\">Les chroniques de Le Banni (de Le M\u00e9dia), \u00e9pisode 10<\/a><\/li>\n<li><a class=\"wp-block-latest-posts__post-title\" href=\"https:\/\/www.incaudavenenum.org\/cut.the.crap\/les-chroniques-de-le-banni-de-le-media-episode-9\/\">Les chroniques de Le Banni (de Le M\u00e9dia), \u00e9pisode 9<\/a><\/li>\n<li><a class=\"wp-block-latest-posts__post-title\" href=\"https:\/\/www.incaudavenenum.org\/cut.the.crap\/les-chroniques-de-le-banni-de-le-media-episode-8\/\">Les chroniques de Le Banni (de Le M\u00e9dia), \u00e9pisode 8<\/a><\/li>\n<li><a class=\"wp-block-latest-posts__post-title\" href=\"https:\/\/www.incaudavenenum.org\/cut.the.crap\/les-chroniques-de-le-banni-de-le-media-episode-7\/\">Les chroniques de Le Banni (de Le M\u00e9dia), \u00e9pisode 7<\/a><\/li>\n<li><a class=\"wp-block-latest-posts__post-title\" href=\"https:\/\/www.incaudavenenum.org\/cut.the.crap\/les-chroniques-de-le-banni-de-le-media-episode-6\/\">Les chroniques de Le Banni (de Le M\u00e9dia), \u00e9pisode 6<\/a><\/li>\n<li><a class=\"wp-block-latest-posts__post-title\" href=\"https:\/\/www.incaudavenenum.org\/cut.the.crap\/les-chroniques-de-le-banni-de-le-media-episode-5\/\">Les chroniques de Le Banni (de Le M\u00e9dia), \u00e9pisode 5<\/a><\/li>\n<li><a class=\"wp-block-latest-posts__post-title\" href=\"https:\/\/www.incaudavenenum.org\/cut.the.crap\/les-chroniques-de-le-banni-de-le-media-episode-4\/\">Les chroniques de Le Banni (de Le M\u00e9dia), \u00e9pisode 4<\/a><\/li>\n<li><a class=\"wp-block-latest-posts__post-title\" href=\"https:\/\/www.incaudavenenum.org\/cut.the.crap\/les-chroniques-de-le-banni-de-le-media-episode-3\/\">Les chroniques de Le Banni (de Le M\u00e9dia), \u00e9pisode 3<\/a><\/li>\n<li><a class=\"wp-block-latest-posts__post-title\" href=\"https:\/\/www.incaudavenenum.org\/cut.the.crap\/les-chroniques-de-le-banni-de-le-media-episode-2\/\">Les chroniques de Le Banni (de Le M\u00e9dia), \u00e9pisode 2<\/a><\/li>\n<li><a class=\"wp-block-latest-posts__post-title\" href=\"https:\/\/www.incaudavenenum.org\/cut.the.crap\/les-chroniques-de-le-banni-de-le-media-episode-1\/\">Les chroniques de Le Banni (de Le M\u00e9dia), \u00e9pisode 1<\/a><\/li>\n<\/ul>","protected":false},"excerpt":{"rendered":"<p>R\u00e9sum\u00e9 de l&rsquo;\u00e9pisode pr\u00e9c\u00e9dent : B\u00e9n\u00e9vh\u00f4l, le guerrier de Kohop, a \u00e9t\u00e9 banni de Lm\u00e9di\u00e2h par la triade Khakobb. Apr\u00e8s avoir parcouru steppes arides et mar\u00e9cages boueux pour rassembler r\u00e9prouv\u00e9s et Soci\u00f4hs \u00e9pars, il est de retour et trouve les portes du Fh\u00f4reuhm \u00e9trangement ouvertes. Mais l&rsquo;endroit n&rsquo;est plus que ruines sur lesquelles souffle un &hellip; <a href=\"https:\/\/www.incaudavenenum.org\/cut.the.crap\/les-chroniques-de-le-banni-de-le-media-episode-9\/\" class=\"more-link\">Continuer la lecture<span class=\"screen-reader-text\"> de &laquo;&nbsp;Les chroniques de Le Banni (de Le M\u00e9dia), \u00e9pisode 9&nbsp;&raquo;<\/span><\/a><\/p>\n","protected":false},"author":1,"featured_media":0,"comment_status":"open","ping_status":"open","sticky":false,"template":"","format":"standard","meta":{"jetpack_post_was_ever_published":false,"_jetpack_newsletter_access":"","_jetpack_dont_email_post_to_subs":false,"_jetpack_newsletter_tier_id":0,"_jetpack_memberships_contains_paywalled_content":false,"_jetpack_memberships_contains_paid_content":false,"footnotes":"","jetpack_publicize_message":"","jetpack_publicize_feature_enabled":true,"jetpack_social_post_already_shared":true,"jetpack_social_options":{"image_generator_settings":{"template":"highway","default_image_id":0,"font":"","enabled":false},"version":2}},"categories":[711,7],"tags":[721,706,705,400,707,723],"class_list":["post-2471","post","type-post","status-publish","format-standard","hentry","category-le-banni","category-resistance","tag-benevoles","tag-forum","tag-le-banni","tag-le-media","tag-scic","tag-socios"],"yoast_head":"<!-- This site is optimized with the Yoast SEO plugin v27.5 - https:\/\/yoast.com\/product\/yoast-seo-wordpress\/ -->\n<title>Les chroniques de Le Banni (de Le M\u00e9dia), \u00e9pisode 9 - Cut The Crap<\/title>\n<meta name=\"robots\" content=\"index, follow, max-snippet:-1, max-image-preview:large, max-video-preview:-1\" \/>\n<link rel=\"canonical\" href=\"https:\/\/www.incaudavenenum.org\/cut.the.crap\/les-chroniques-de-le-banni-de-le-media-episode-9\/\" \/>\n<meta property=\"og:locale\" content=\"fr_FR\" \/>\n<meta property=\"og:type\" content=\"article\" \/>\n<meta property=\"og:title\" content=\"Les chroniques de Le Banni (de Le M\u00e9dia), \u00e9pisode 9 - Cut The Crap\" \/>\n<meta property=\"og:description\" content=\"R\u00e9sum\u00e9 de l&#039;\u00e9pisode pr\u00e9c\u00e9dent : B\u00e9n\u00e9vh\u00f4l, le guerrier de Kohop, a \u00e9t\u00e9 banni de Lm\u00e9di\u00e2h par la triade Khakobb. Apr\u00e8s avoir parcouru steppes arides et mar\u00e9cages boueux pour rassembler r\u00e9prouv\u00e9s et Soci\u00f4hs \u00e9pars, il est de retour et trouve les portes du Fh\u00f4reuhm \u00e9trangement ouvertes. Mais l&#039;endroit n&#039;est plus que ruines sur lesquelles souffle un &hellip; Continuer la lecture de &laquo;&nbsp;Les chroniques de Le Banni (de Le M\u00e9dia), \u00e9pisode 9&nbsp;&raquo;\" \/>\n<meta property=\"og:url\" content=\"https:\/\/www.incaudavenenum.org\/cut.the.crap\/les-chroniques-de-le-banni-de-le-media-episode-9\/\" \/>\n<meta property=\"og:site_name\" content=\"Cut The Crap\" \/>\n<meta property=\"article:publisher\" content=\"https:\/\/www.facebook.com\/Cut-the-Crap-239882412697830\/\" \/>\n<meta property=\"article:author\" content=\"https:\/\/www.facebook.com\/cut.the.crap.free.fr\" \/>\n<meta property=\"article:published_time\" content=\"2024-03-31T17:50:34+00:00\" \/>\n<meta property=\"article:modified_time\" content=\"2024-03-31T18:12:30+00:00\" \/>\n<meta property=\"og:image\" content=\"https:\/\/www.incaudavenenum.org\/cut.the.crap\/wp-content\/uploads\/2024\/03\/IMG_0548-scaled.jpg\" \/>\n\t<meta property=\"og:image:width\" content=\"2560\" \/>\n\t<meta property=\"og:image:height\" content=\"1920\" \/>\n\t<meta property=\"og:image:type\" content=\"image\/jpeg\" \/>\n<meta name=\"author\" content=\"Serge Victor\" \/>\n<meta name=\"twitter:card\" content=\"summary_large_image\" \/>\n<meta name=\"twitter:image\" content=\"https:\/\/i0.wp.com\/www.incaudavenenum.org\/cut.the.crap\/wp-content\/uploads\/2024\/03\/IMG_0548-scaled.jpg?fit=2560%2C1920&ssl=1\" \/>\n<meta name=\"twitter:creator\" content=\"@cutzecrap\" \/>\n<meta name=\"twitter:site\" content=\"@cutzecrap\" \/>\n<meta name=\"twitter:label1\" content=\"\u00c9crit par\" \/>\n\t<meta name=\"twitter:data1\" content=\"Serge Victor\" \/>\n\t<meta name=\"twitter:label2\" content=\"Dur\u00e9e de lecture estim\u00e9e\" \/>\n\t<meta name=\"twitter:data2\" content=\"5 minutes\" \/>\n<script type=\"application\/ld+json\" class=\"yoast-schema-graph\">{\"@context\":\"https:\\\/\\\/schema.org\",\"@graph\":[{\"@type\":\"Article\",\"@id\":\"https:\\\/\\\/www.incaudavenenum.org\\\/cut.the.crap\\\/les-chroniques-de-le-banni-de-le-media-episode-9\\\/#article\",\"isPartOf\":{\"@id\":\"https:\\\/\\\/www.incaudavenenum.org\\\/cut.the.crap\\\/les-chroniques-de-le-banni-de-le-media-episode-9\\\/\"},\"author\":{\"name\":\"Serge Victor\",\"@id\":\"https:\\\/\\\/www.incaudavenenum.org\\\/cut.the.crap\\\/#\\\/schema\\\/person\\\/39fa901f2f251d6be7e35d8d58a8d1b4\"},\"headline\":\"Les chroniques de Le Banni (de Le M\u00e9dia), \u00e9pisode 9\",\"datePublished\":\"2024-03-31T17:50:34+00:00\",\"dateModified\":\"2024-03-31T18:12:30+00:00\",\"mainEntityOfPage\":{\"@id\":\"https:\\\/\\\/www.incaudavenenum.org\\\/cut.the.crap\\\/les-chroniques-de-le-banni-de-le-media-episode-9\\\/\"},\"wordCount\":777,\"commentCount\":0,\"publisher\":{\"@id\":\"https:\\\/\\\/www.incaudavenenum.org\\\/cut.the.crap\\\/#organization\"},\"image\":{\"@id\":\"https:\\\/\\\/www.incaudavenenum.org\\\/cut.the.crap\\\/les-chroniques-de-le-banni-de-le-media-episode-9\\\/#primaryimage\"},\"thumbnailUrl\":\"https:\\\/\\\/www.incaudavenenum.org\\\/cut.the.crap\\\/wp-content\\\/uploads\\\/2024\\\/03\\\/Capture-decran-2024-03-31-a-20.06.18-1024x525.png\",\"keywords\":[\"b\u00e9n\u00e9voles\",\"forum\",\"Le Banni\",\"Le M\u00e9dia\",\"SCIC\",\"socios\"],\"articleSection\":[\"Le Banni\",\"R\u00e9sistance\"],\"inLanguage\":\"fr-FR\",\"potentialAction\":[{\"@type\":\"CommentAction\",\"name\":\"Comment\",\"target\":[\"https:\\\/\\\/www.incaudavenenum.org\\\/cut.the.crap\\\/les-chroniques-de-le-banni-de-le-media-episode-9\\\/#respond\"]}]},{\"@type\":\"WebPage\",\"@id\":\"https:\\\/\\\/www.incaudavenenum.org\\\/cut.the.crap\\\/les-chroniques-de-le-banni-de-le-media-episode-9\\\/\",\"url\":\"https:\\\/\\\/www.incaudavenenum.org\\\/cut.the.crap\\\/les-chroniques-de-le-banni-de-le-media-episode-9\\\/\",\"name\":\"Les chroniques de Le Banni (de Le M\u00e9dia), \u00e9pisode 9 - Cut The Crap\",\"isPartOf\":{\"@id\":\"https:\\\/\\\/www.incaudavenenum.org\\\/cut.the.crap\\\/#website\"},\"primaryImageOfPage\":{\"@id\":\"https:\\\/\\\/www.incaudavenenum.org\\\/cut.the.crap\\\/les-chroniques-de-le-banni-de-le-media-episode-9\\\/#primaryimage\"},\"image\":{\"@id\":\"https:\\\/\\\/www.incaudavenenum.org\\\/cut.the.crap\\\/les-chroniques-de-le-banni-de-le-media-episode-9\\\/#primaryimage\"},\"thumbnailUrl\":\"https:\\\/\\\/www.incaudavenenum.org\\\/cut.the.crap\\\/wp-content\\\/uploads\\\/2024\\\/03\\\/Capture-decran-2024-03-31-a-20.06.18-1024x525.png\",\"datePublished\":\"2024-03-31T17:50:34+00:00\",\"dateModified\":\"2024-03-31T18:12:30+00:00\",\"breadcrumb\":{\"@id\":\"https:\\\/\\\/www.incaudavenenum.org\\\/cut.the.crap\\\/les-chroniques-de-le-banni-de-le-media-episode-9\\\/#breadcrumb\"},\"inLanguage\":\"fr-FR\",\"potentialAction\":[{\"@type\":\"ReadAction\",\"target\":[\"https:\\\/\\\/www.incaudavenenum.org\\\/cut.the.crap\\\/les-chroniques-de-le-banni-de-le-media-episode-9\\\/\"]}]},{\"@type\":\"ImageObject\",\"inLanguage\":\"fr-FR\",\"@id\":\"https:\\\/\\\/www.incaudavenenum.org\\\/cut.the.crap\\\/les-chroniques-de-le-banni-de-le-media-episode-9\\\/#primaryimage\",\"url\":\"https:\\\/\\\/i0.wp.com\\\/www.incaudavenenum.org\\\/cut.the.crap\\\/wp-content\\\/uploads\\\/2024\\\/03\\\/Capture-decran-2024-03-31-a-20.06.18.png?fit=2086%2C1070&ssl=1\",\"contentUrl\":\"https:\\\/\\\/i0.wp.com\\\/www.incaudavenenum.org\\\/cut.the.crap\\\/wp-content\\\/uploads\\\/2024\\\/03\\\/Capture-decran-2024-03-31-a-20.06.18.png?fit=2086%2C1070&ssl=1\",\"width\":2086,\"height\":1070},{\"@type\":\"BreadcrumbList\",\"@id\":\"https:\\\/\\\/www.incaudavenenum.org\\\/cut.the.crap\\\/les-chroniques-de-le-banni-de-le-media-episode-9\\\/#breadcrumb\",\"itemListElement\":[{\"@type\":\"ListItem\",\"position\":1,\"name\":\"Accueil\",\"item\":\"https:\\\/\\\/www.incaudavenenum.org\\\/cut.the.crap\\\/\"},{\"@type\":\"ListItem\",\"position\":2,\"name\":\"Les chroniques de Le Banni (de Le M\u00e9dia), \u00e9pisode 9\"}]},{\"@type\":\"WebSite\",\"@id\":\"https:\\\/\\\/www.incaudavenenum.org\\\/cut.the.crap\\\/#website\",\"url\":\"https:\\\/\\\/www.incaudavenenum.org\\\/cut.the.crap\\\/\",\"name\":\"Cut The Crap\",\"description\":\"Blog de gauche\",\"publisher\":{\"@id\":\"https:\\\/\\\/www.incaudavenenum.org\\\/cut.the.crap\\\/#organization\"},\"potentialAction\":[{\"@type\":\"SearchAction\",\"target\":{\"@type\":\"EntryPoint\",\"urlTemplate\":\"https:\\\/\\\/www.incaudavenenum.org\\\/cut.the.crap\\\/?s={search_term_string}\"},\"query-input\":{\"@type\":\"PropertyValueSpecification\",\"valueRequired\":true,\"valueName\":\"search_term_string\"}}],\"inLanguage\":\"fr-FR\"},{\"@type\":\"Organization\",\"@id\":\"https:\\\/\\\/www.incaudavenenum.org\\\/cut.the.crap\\\/#organization\",\"name\":\"Cut The Crap\",\"url\":\"https:\\\/\\\/www.incaudavenenum.org\\\/cut.the.crap\\\/\",\"logo\":{\"@type\":\"ImageObject\",\"inLanguage\":\"fr-FR\",\"@id\":\"https:\\\/\\\/www.incaudavenenum.org\\\/cut.the.crap\\\/#\\\/schema\\\/logo\\\/image\\\/\",\"url\":\"https:\\\/\\\/i1.wp.com\\\/www.incaudavenenum.org\\\/cut.the.crap\\\/wp-content\\\/uploads\\\/2018\\\/01\\\/cTc.png?fit=100%2C95\",\"contentUrl\":\"https:\\\/\\\/i1.wp.com\\\/www.incaudavenenum.org\\\/cut.the.crap\\\/wp-content\\\/uploads\\\/2018\\\/01\\\/cTc.png?fit=100%2C95\",\"width\":100,\"height\":95,\"caption\":\"Cut The Crap\"},\"image\":{\"@id\":\"https:\\\/\\\/www.incaudavenenum.org\\\/cut.the.crap\\\/#\\\/schema\\\/logo\\\/image\\\/\"},\"sameAs\":[\"https:\\\/\\\/www.facebook.com\\\/Cut-the-Crap-239882412697830\\\/\",\"https:\\\/\\\/x.com\\\/cutzecrap\"]},{\"@type\":\"Person\",\"@id\":\"https:\\\/\\\/www.incaudavenenum.org\\\/cut.the.crap\\\/#\\\/schema\\\/person\\\/39fa901f2f251d6be7e35d8d58a8d1b4\",\"name\":\"Serge Victor\",\"image\":{\"@type\":\"ImageObject\",\"inLanguage\":\"fr-FR\",\"@id\":\"https:\\\/\\\/secure.gravatar.com\\\/avatar\\\/1e2fd85bc69a7e81bf6242704119d1669b9a3ab337deeaf0e9141b764210481a?s=96&d=mm&r=g\",\"url\":\"https:\\\/\\\/secure.gravatar.com\\\/avatar\\\/1e2fd85bc69a7e81bf6242704119d1669b9a3ab337deeaf0e9141b764210481a?s=96&d=mm&r=g\",\"contentUrl\":\"https:\\\/\\\/secure.gravatar.com\\\/avatar\\\/1e2fd85bc69a7e81bf6242704119d1669b9a3ab337deeaf0e9141b764210481a?s=96&d=mm&r=g\",\"caption\":\"Serge Victor\"},\"description\":\"Militant de gauche, \u00e9cosocialiste, f\u00e9ministe, autogestionnaire\",\"sameAs\":[\"https:\\\/\\\/www.incaudavenenum.org\\\/cut.the.crap\\\/\",\"https:\\\/\\\/www.facebook.com\\\/cut.the.crap.free.fr\",\"https:\\\/\\\/x.com\\\/cutzecrap\"],\"url\":\"https:\\\/\\\/www.incaudavenenum.org\\\/cut.the.crap\\\/author\\\/sergevictor\\\/\"}]}<\/script>\n<!-- \/ Yoast SEO plugin. -->","yoast_head_json":{"title":"Les chroniques de Le Banni (de Le M\u00e9dia), \u00e9pisode 9 - Cut The Crap","robots":{"index":"index","follow":"follow","max-snippet":"max-snippet:-1","max-image-preview":"max-image-preview:large","max-video-preview":"max-video-preview:-1"},"canonical":"https:\/\/www.incaudavenenum.org\/cut.the.crap\/les-chroniques-de-le-banni-de-le-media-episode-9\/","og_locale":"fr_FR","og_type":"article","og_title":"Les chroniques de Le Banni (de Le M\u00e9dia), \u00e9pisode 9 - Cut The Crap","og_description":"R\u00e9sum\u00e9 de l'\u00e9pisode pr\u00e9c\u00e9dent : B\u00e9n\u00e9vh\u00f4l, le guerrier de Kohop, a \u00e9t\u00e9 banni de Lm\u00e9di\u00e2h par la triade Khakobb. Apr\u00e8s avoir parcouru steppes arides et mar\u00e9cages boueux pour rassembler r\u00e9prouv\u00e9s et Soci\u00f4hs \u00e9pars, il est de retour et trouve les portes du Fh\u00f4reuhm \u00e9trangement ouvertes. Mais l'endroit n'est plus que ruines sur lesquelles souffle un &hellip; Continuer la lecture de &laquo;&nbsp;Les chroniques de Le Banni (de Le M\u00e9dia), \u00e9pisode 9&nbsp;&raquo;","og_url":"https:\/\/www.incaudavenenum.org\/cut.the.crap\/les-chroniques-de-le-banni-de-le-media-episode-9\/","og_site_name":"Cut The Crap","article_publisher":"https:\/\/www.facebook.com\/Cut-the-Crap-239882412697830\/","article_author":"https:\/\/www.facebook.com\/cut.the.crap.free.fr","article_published_time":"2024-03-31T17:50:34+00:00","article_modified_time":"2024-03-31T18:12:30+00:00","og_image":[{"width":2560,"height":1920,"url":"https:\/\/www.incaudavenenum.org\/cut.the.crap\/wp-content\/uploads\/2024\/03\/IMG_0548-scaled.jpg","type":"image\/jpeg"}],"author":"Serge Victor","twitter_card":"summary_large_image","twitter_image":"https:\/\/i0.wp.com\/www.incaudavenenum.org\/cut.the.crap\/wp-content\/uploads\/2024\/03\/IMG_0548-scaled.jpg?fit=2560%2C1920&ssl=1","twitter_creator":"@cutzecrap","twitter_site":"@cutzecrap","twitter_misc":{"\u00c9crit par":"Serge Victor","Dur\u00e9e de lecture estim\u00e9e":"5 minutes"},"schema":{"@context":"https:\/\/schema.org","@graph":[{"@type":"Article","@id":"https:\/\/www.incaudavenenum.org\/cut.the.crap\/les-chroniques-de-le-banni-de-le-media-episode-9\/#article","isPartOf":{"@id":"https:\/\/www.incaudavenenum.org\/cut.the.crap\/les-chroniques-de-le-banni-de-le-media-episode-9\/"},"author":{"name":"Serge Victor","@id":"https:\/\/www.incaudavenenum.org\/cut.the.crap\/#\/schema\/person\/39fa901f2f251d6be7e35d8d58a8d1b4"},"headline":"Les chroniques de Le Banni (de Le M\u00e9dia), \u00e9pisode 9","datePublished":"2024-03-31T17:50:34+00:00","dateModified":"2024-03-31T18:12:30+00:00","mainEntityOfPage":{"@id":"https:\/\/www.incaudavenenum.org\/cut.the.crap\/les-chroniques-de-le-banni-de-le-media-episode-9\/"},"wordCount":777,"commentCount":0,"publisher":{"@id":"https:\/\/www.incaudavenenum.org\/cut.the.crap\/#organization"},"image":{"@id":"https:\/\/www.incaudavenenum.org\/cut.the.crap\/les-chroniques-de-le-banni-de-le-media-episode-9\/#primaryimage"},"thumbnailUrl":"https:\/\/www.incaudavenenum.org\/cut.the.crap\/wp-content\/uploads\/2024\/03\/Capture-decran-2024-03-31-a-20.06.18-1024x525.png","keywords":["b\u00e9n\u00e9voles","forum","Le Banni","Le M\u00e9dia","SCIC","socios"],"articleSection":["Le Banni","R\u00e9sistance"],"inLanguage":"fr-FR","potentialAction":[{"@type":"CommentAction","name":"Comment","target":["https:\/\/www.incaudavenenum.org\/cut.the.crap\/les-chroniques-de-le-banni-de-le-media-episode-9\/#respond"]}]},{"@type":"WebPage","@id":"https:\/\/www.incaudavenenum.org\/cut.the.crap\/les-chroniques-de-le-banni-de-le-media-episode-9\/","url":"https:\/\/www.incaudavenenum.org\/cut.the.crap\/les-chroniques-de-le-banni-de-le-media-episode-9\/","name":"Les chroniques de Le Banni (de Le M\u00e9dia), \u00e9pisode 9 - Cut The Crap","isPartOf":{"@id":"https:\/\/www.incaudavenenum.org\/cut.the.crap\/#website"},"primaryImageOfPage":{"@id":"https:\/\/www.incaudavenenum.org\/cut.the.crap\/les-chroniques-de-le-banni-de-le-media-episode-9\/#primaryimage"},"image":{"@id":"https:\/\/www.incaudavenenum.org\/cut.the.crap\/les-chroniques-de-le-banni-de-le-media-episode-9\/#primaryimage"},"thumbnailUrl":"https:\/\/www.incaudavenenum.org\/cut.the.crap\/wp-content\/uploads\/2024\/03\/Capture-decran-2024-03-31-a-20.06.18-1024x525.png","datePublished":"2024-03-31T17:50:34+00:00","dateModified":"2024-03-31T18:12:30+00:00","breadcrumb":{"@id":"https:\/\/www.incaudavenenum.org\/cut.the.crap\/les-chroniques-de-le-banni-de-le-media-episode-9\/#breadcrumb"},"inLanguage":"fr-FR","potentialAction":[{"@type":"ReadAction","target":["https:\/\/www.incaudavenenum.org\/cut.the.crap\/les-chroniques-de-le-banni-de-le-media-episode-9\/"]}]},{"@type":"ImageObject","inLanguage":"fr-FR","@id":"https:\/\/www.incaudavenenum.org\/cut.the.crap\/les-chroniques-de-le-banni-de-le-media-episode-9\/#primaryimage","url":"https:\/\/i0.wp.com\/www.incaudavenenum.org\/cut.the.crap\/wp-content\/uploads\/2024\/03\/Capture-decran-2024-03-31-a-20.06.18.png?fit=2086%2C1070&ssl=1","contentUrl":"https:\/\/i0.wp.com\/www.incaudavenenum.org\/cut.the.crap\/wp-content\/uploads\/2024\/03\/Capture-decran-2024-03-31-a-20.06.18.png?fit=2086%2C1070&ssl=1","width":2086,"height":1070},{"@type":"BreadcrumbList","@id":"https:\/\/www.incaudavenenum.org\/cut.the.crap\/les-chroniques-de-le-banni-de-le-media-episode-9\/#breadcrumb","itemListElement":[{"@type":"ListItem","position":1,"name":"Accueil","item":"https:\/\/www.incaudavenenum.org\/cut.the.crap\/"},{"@type":"ListItem","position":2,"name":"Les chroniques de Le Banni (de Le M\u00e9dia), \u00e9pisode 9"}]},{"@type":"WebSite","@id":"https:\/\/www.incaudavenenum.org\/cut.the.crap\/#website","url":"https:\/\/www.incaudavenenum.org\/cut.the.crap\/","name":"Cut The Crap","description":"Blog de gauche","publisher":{"@id":"https:\/\/www.incaudavenenum.org\/cut.the.crap\/#organization"},"potentialAction":[{"@type":"SearchAction","target":{"@type":"EntryPoint","urlTemplate":"https:\/\/www.incaudavenenum.org\/cut.the.crap\/?s={search_term_string}"},"query-input":{"@type":"PropertyValueSpecification","valueRequired":true,"valueName":"search_term_string"}}],"inLanguage":"fr-FR"},{"@type":"Organization","@id":"https:\/\/www.incaudavenenum.org\/cut.the.crap\/#organization","name":"Cut The Crap","url":"https:\/\/www.incaudavenenum.org\/cut.the.crap\/","logo":{"@type":"ImageObject","inLanguage":"fr-FR","@id":"https:\/\/www.incaudavenenum.org\/cut.the.crap\/#\/schema\/logo\/image\/","url":"https:\/\/i1.wp.com\/www.incaudavenenum.org\/cut.the.crap\/wp-content\/uploads\/2018\/01\/cTc.png?fit=100%2C95","contentUrl":"https:\/\/i1.wp.com\/www.incaudavenenum.org\/cut.the.crap\/wp-content\/uploads\/2018\/01\/cTc.png?fit=100%2C95","width":100,"height":95,"caption":"Cut The Crap"},"image":{"@id":"https:\/\/www.incaudavenenum.org\/cut.the.crap\/#\/schema\/logo\/image\/"},"sameAs":["https:\/\/www.facebook.com\/Cut-the-Crap-239882412697830\/","https:\/\/x.com\/cutzecrap"]},{"@type":"Person","@id":"https:\/\/www.incaudavenenum.org\/cut.the.crap\/#\/schema\/person\/39fa901f2f251d6be7e35d8d58a8d1b4","name":"Serge Victor","image":{"@type":"ImageObject","inLanguage":"fr-FR","@id":"https:\/\/secure.gravatar.com\/avatar\/1e2fd85bc69a7e81bf6242704119d1669b9a3ab337deeaf0e9141b764210481a?s=96&d=mm&r=g","url":"https:\/\/secure.gravatar.com\/avatar\/1e2fd85bc69a7e81bf6242704119d1669b9a3ab337deeaf0e9141b764210481a?s=96&d=mm&r=g","contentUrl":"https:\/\/secure.gravatar.com\/avatar\/1e2fd85bc69a7e81bf6242704119d1669b9a3ab337deeaf0e9141b764210481a?s=96&d=mm&r=g","caption":"Serge Victor"},"description":"Militant de gauche, \u00e9cosocialiste, f\u00e9ministe, autogestionnaire","sameAs":["https:\/\/www.incaudavenenum.org\/cut.the.crap\/","https:\/\/www.facebook.com\/cut.the.crap.free.fr","https:\/\/x.com\/cutzecrap"],"url":"https:\/\/www.incaudavenenum.org\/cut.the.crap\/author\/sergevictor\/"}]}},"jetpack_publicize_connections":[],"jetpack_featured_media_url":"","jetpack_shortlink":"https:\/\/wp.me\/p9z98q-DR","jetpack_likes_enabled":true,"jetpack-related-posts":[{"id":2372,"url":"https:\/\/www.incaudavenenum.org\/cut.the.crap\/les-chroniques-de-le-banni-de-le-media-episode-6\/","url_meta":{"origin":2471,"position":0},"title":"Les chroniques de Le Banni (de Le M\u00e9dia), \u00e9pisode 6","author":"Serge Victor","date":"28 janvier 2024","format":false,"excerpt":"R\u00e9sum\u00e9 de l'\u00e9pisode pr\u00e9c\u00e9dent : B\u00e9n\u00e9vh\u00f4l, le guerrier de Kohop, a \u00e9t\u00e9 banni de Lm\u00e9di\u00e2h par la sinistre triade Khakobb qui cherche \u00e0 le faire passer, lui et d'autres fid\u00e8les de Kohop, pour une poign\u00e9e de tra\u00eetres. D\u00e9sormais, il parcourt steppes arides et mar\u00e9cages boueux pour rassembler r\u00e9prouv\u00e9s et Soci\u00f4hs\u2026","rel":"","context":"Dans &quot;Le Banni&quot;","block_context":{"text":"Le Banni","link":"https:\/\/www.incaudavenenum.org\/cut.the.crap\/category\/le-banni\/"},"img":{"alt_text":"","src":"https:\/\/i0.wp.com\/www.incaudavenenum.org\/cut.the.crap\/wp-content\/uploads\/2024\/01\/Capture-decran-2024-01-28-a-16.12.28.png?resize=350%2C200&ssl=1","width":350,"height":200,"srcset":"https:\/\/i0.wp.com\/www.incaudavenenum.org\/cut.the.crap\/wp-content\/uploads\/2024\/01\/Capture-decran-2024-01-28-a-16.12.28.png?resize=350%2C200&ssl=1 1x, https:\/\/i0.wp.com\/www.incaudavenenum.org\/cut.the.crap\/wp-content\/uploads\/2024\/01\/Capture-decran-2024-01-28-a-16.12.28.png?resize=525%2C300&ssl=1 1.5x, https:\/\/i0.wp.com\/www.incaudavenenum.org\/cut.the.crap\/wp-content\/uploads\/2024\/01\/Capture-decran-2024-01-28-a-16.12.28.png?resize=700%2C400&ssl=1 2x, https:\/\/i0.wp.com\/www.incaudavenenum.org\/cut.the.crap\/wp-content\/uploads\/2024\/01\/Capture-decran-2024-01-28-a-16.12.28.png?resize=1050%2C600&ssl=1 3x, https:\/\/i0.wp.com\/www.incaudavenenum.org\/cut.the.crap\/wp-content\/uploads\/2024\/01\/Capture-decran-2024-01-28-a-16.12.28.png?resize=1400%2C800&ssl=1 4x"},"classes":[]},{"id":2247,"url":"https:\/\/www.incaudavenenum.org\/cut.the.crap\/les-chroniques-de-le-banni-de-le-media-episode-2\/","url_meta":{"origin":2471,"position":1},"title":"Les chroniques de Le Banni (de Le M\u00e9dia), \u00e9pisode 2","author":"Serge Victor","date":"13 d\u00e9cembre 2023","format":false,"excerpt":"R\u00e9sum\u00e9 de l'\u00e9pisode pr\u00e9c\u00e9dent : B\u00e9n\u00e9vh\u00f4l, le guerrier de Kohop, a \u00e9t\u00e9 banni de Lm\u00e9di\u00e2h par la sinistre triade Khakobb. D\u00e9sormais, il parcourt steppes arides et mar\u00e9cages boueux pour rassembler r\u00e9prouv\u00e9s et Soci\u00f4hs \u00e9pars dans le but de ramener un jour l'esprit de Kohop \u00e0 Lm\u00e9di\u00e2h. Il est : LE\u2026","rel":"","context":"Dans &quot;Le Banni&quot;","block_context":{"text":"Le Banni","link":"https:\/\/www.incaudavenenum.org\/cut.the.crap\/category\/le-banni\/"},"img":{"alt_text":"","src":"https:\/\/i0.wp.com\/www.incaudavenenum.org\/cut.the.crap\/wp-content\/uploads\/2023\/12\/craiyon_160831_hilarious_drawing_of_a_barbarian_getting_kicked_out_of_a_village.png?resize=350%2C200&ssl=1","width":350,"height":200},"classes":[]},{"id":2230,"url":"https:\/\/www.incaudavenenum.org\/cut.the.crap\/les-chroniques-de-le-banni-de-le-media-episode-1\/","url_meta":{"origin":2471,"position":2},"title":"Les chroniques de Le Banni (de Le M\u00e9dia), \u00e9pisode 1","author":"Serge Victor","date":"7 d\u00e9cembre 2023","format":false,"excerpt":"C'est officiel : je suis \"banni de Le M\u00e9dia\", avis re\u00e7u par mail en provenance de l'adresse forum@lemediatv.fr le 24 novembre 2023. Voici ma r\u00e9ponse, adress\u00e9e le jour m\u00eame aux trois membres de Le Directoire et \u00e0 Le Conseil de surveillance de la Soci\u00e9t\u00e9 Coop\u00e9rative d'Int\u00e9r\u00eat Collectif de Le M\u00e9dia\u2026","rel":"","context":"Dans &quot;Le Banni&quot;","block_context":{"text":"Le Banni","link":"https:\/\/www.incaudavenenum.org\/cut.the.crap\/category\/le-banni\/"},"img":{"alt_text":"","src":"https:\/\/i0.wp.com\/www.incaudavenenum.org\/cut.the.crap\/wp-content\/uploads\/2023\/12\/bannicouv03.jpg?resize=350%2C200&ssl=1","width":350,"height":200},"classes":[]},{"id":2335,"url":"https:\/\/www.incaudavenenum.org\/cut.the.crap\/les-chroniques-de-le-banni-de-le-media-episode-4\/","url_meta":{"origin":2471,"position":3},"title":"Les chroniques de Le Banni (de Le M\u00e9dia), \u00e9pisode 4","author":"Serge Victor","date":"1 janvier 2024","format":false,"excerpt":"R\u00e9sum\u00e9 de l'\u00e9pisode pr\u00e9c\u00e9dent : B\u00e9n\u00e9vh\u00f4l, le guerrier de Kohop, a \u00e9t\u00e9 banni de Lm\u00e9di\u00e2h par la sinistre triade Khakobb qui cherche \u00e0 le faire passer pour un tra\u00eetre. D\u00e9sormais, il parcourt steppes arides et mar\u00e9cages boueux pour rassembler r\u00e9prouv\u00e9s et Soci\u00f4hs \u00e9pars, afin de leur r\u00e9v\u00e9ler le terrible secret\u2026","rel":"","context":"Dans &quot;Le Banni&quot;","block_context":{"text":"Le Banni","link":"https:\/\/www.incaudavenenum.org\/cut.the.crap\/category\/le-banni\/"},"img":{"alt_text":"","src":"https:\/\/i0.wp.com\/www.incaudavenenum.org\/cut.the.crap\/wp-content\/uploads\/2023\/12\/Capture-decran-2023-12-31-a-15.36.23.png?resize=350%2C200&ssl=1","width":350,"height":200,"srcset":"https:\/\/i0.wp.com\/www.incaudavenenum.org\/cut.the.crap\/wp-content\/uploads\/2023\/12\/Capture-decran-2023-12-31-a-15.36.23.png?resize=350%2C200&ssl=1 1x, https:\/\/i0.wp.com\/www.incaudavenenum.org\/cut.the.crap\/wp-content\/uploads\/2023\/12\/Capture-decran-2023-12-31-a-15.36.23.png?resize=525%2C300&ssl=1 1.5x, https:\/\/i0.wp.com\/www.incaudavenenum.org\/cut.the.crap\/wp-content\/uploads\/2023\/12\/Capture-decran-2023-12-31-a-15.36.23.png?resize=700%2C400&ssl=1 2x, https:\/\/i0.wp.com\/www.incaudavenenum.org\/cut.the.crap\/wp-content\/uploads\/2023\/12\/Capture-decran-2023-12-31-a-15.36.23.png?resize=1050%2C600&ssl=1 3x"},"classes":[]},{"id":2503,"url":"https:\/\/www.incaudavenenum.org\/cut.the.crap\/les-chroniques-de-le-banni-de-le-media-episode-10\/","url_meta":{"origin":2471,"position":4},"title":"Les chroniques de Le Banni (de Le M\u00e9dia), \u00e9pisode 10","author":"Serge Victor","date":"11 mai 2024","format":false,"excerpt":"R\u00e9sum\u00e9 de l'\u00e9pisode pr\u00e9c\u00e9dent : B\u00e9n\u00e9vh\u00f4l, le guerrier de Kohop, a \u00e9t\u00e9 banni de Lm\u00e9di\u00e2h par la triade Khakobb. Apr\u00e8s avoir parcouru steppes arides et mar\u00e9cages boueux pour rassembler r\u00e9prouv\u00e9s et Soci\u00f4hs \u00e9pars, il est de retour et trouve les portes du Fh\u00f4reuhm \u00e9trangement ouvertes. Mais l'endroit n'est plus que\u2026","rel":"","context":"Dans &quot;Le Banni&quot;","block_context":{"text":"Le Banni","link":"https:\/\/www.incaudavenenum.org\/cut.the.crap\/category\/le-banni\/"},"img":{"alt_text":"","src":"https:\/\/i0.wp.com\/www.incaudavenenum.org\/cut.the.crap\/wp-content\/uploads\/2024\/02\/Capture-decran-2024-05-10-a-23.18.41.png?fit=1000%2C437&ssl=1&resize=350%2C200","width":350,"height":200,"srcset":"https:\/\/i0.wp.com\/www.incaudavenenum.org\/cut.the.crap\/wp-content\/uploads\/2024\/02\/Capture-decran-2024-05-10-a-23.18.41.png?fit=1000%2C437&ssl=1&resize=350%2C200 1x, https:\/\/i0.wp.com\/www.incaudavenenum.org\/cut.the.crap\/wp-content\/uploads\/2024\/02\/Capture-decran-2024-05-10-a-23.18.41.png?fit=1000%2C437&ssl=1&resize=525%2C300 1.5x, https:\/\/i0.wp.com\/www.incaudavenenum.org\/cut.the.crap\/wp-content\/uploads\/2024\/02\/Capture-decran-2024-05-10-a-23.18.41.png?fit=1000%2C437&ssl=1&resize=700%2C400 2x"},"classes":[]},{"id":2448,"url":"https:\/\/www.incaudavenenum.org\/cut.the.crap\/les-chroniques-de-le-banni-de-le-media-episode-8\/","url_meta":{"origin":2471,"position":5},"title":"Les chroniques de Le Banni (de Le M\u00e9dia), \u00e9pisode 8","author":"Serge Victor","date":"14 f\u00e9vrier 2024","format":false,"excerpt":"R\u00e9sum\u00e9 de l'\u00e9pisode pr\u00e9c\u00e9dent : B\u00e9n\u00e9vh\u00f4l, le guerrier de Kohop, a \u00e9t\u00e9 banni de Lm\u00e9di\u00e2h par la triade Khakobb. Apr\u00e8s avoir parcouru steppes arides et mar\u00e9cages boueux pour rassembler r\u00e9prouv\u00e9s et Soci\u00f4hs \u00e9pars, il est de retour et trouve les portes du Fh\u00f4reuhm \u00e9trangement ouvertes. Est-ce bien toujours l\u00e0 le\u2026","rel":"","context":"Dans &quot;Le Banni&quot;","block_context":{"text":"Le Banni","link":"https:\/\/www.incaudavenenum.org\/cut.the.crap\/category\/le-banni\/"},"img":{"alt_text":"","src":"https:\/\/i0.wp.com\/www.incaudavenenum.org\/cut.the.crap\/wp-content\/uploads\/2024\/02\/IMG_1952-scaled.jpeg?resize=350%2C200&ssl=1","width":350,"height":200,"srcset":"https:\/\/i0.wp.com\/www.incaudavenenum.org\/cut.the.crap\/wp-content\/uploads\/2024\/02\/IMG_1952-scaled.jpeg?resize=350%2C200&ssl=1 1x, https:\/\/i0.wp.com\/www.incaudavenenum.org\/cut.the.crap\/wp-content\/uploads\/2024\/02\/IMG_1952-scaled.jpeg?resize=525%2C300&ssl=1 1.5x, https:\/\/i0.wp.com\/www.incaudavenenum.org\/cut.the.crap\/wp-content\/uploads\/2024\/02\/IMG_1952-scaled.jpeg?resize=700%2C400&ssl=1 2x, https:\/\/i0.wp.com\/www.incaudavenenum.org\/cut.the.crap\/wp-content\/uploads\/2024\/02\/IMG_1952-scaled.jpeg?resize=1050%2C600&ssl=1 3x, https:\/\/i0.wp.com\/www.incaudavenenum.org\/cut.the.crap\/wp-content\/uploads\/2024\/02\/IMG_1952-scaled.jpeg?resize=1400%2C800&ssl=1 4x"},"classes":[]}],"jetpack_sharing_enabled":true,"_links":{"self":[{"href":"https:\/\/www.incaudavenenum.org\/cut.the.crap\/wp-json\/wp\/v2\/posts\/2471","targetHints":{"allow":["GET"]}}],"collection":[{"href":"https:\/\/www.incaudavenenum.org\/cut.the.crap\/wp-json\/wp\/v2\/posts"}],"about":[{"href":"https:\/\/www.incaudavenenum.org\/cut.the.crap\/wp-json\/wp\/v2\/types\/post"}],"author":[{"embeddable":true,"href":"https:\/\/www.incaudavenenum.org\/cut.the.crap\/wp-json\/wp\/v2\/users\/1"}],"replies":[{"embeddable":true,"href":"https:\/\/www.incaudavenenum.org\/cut.the.crap\/wp-json\/wp\/v2\/comments?post=2471"}],"version-history":[{"count":3,"href":"https:\/\/www.incaudavenenum.org\/cut.the.crap\/wp-json\/wp\/v2\/posts\/2471\/revisions"}],"predecessor-version":[{"id":2491,"href":"https:\/\/www.incaudavenenum.org\/cut.the.crap\/wp-json\/wp\/v2\/posts\/2471\/revisions\/2491"}],"wp:attachment":[{"href":"https:\/\/www.incaudavenenum.org\/cut.the.crap\/wp-json\/wp\/v2\/media?parent=2471"}],"wp:term":[{"taxonomy":"category","embeddable":true,"href":"https:\/\/www.incaudavenenum.org\/cut.the.crap\/wp-json\/wp\/v2\/categories?post=2471"},{"taxonomy":"post_tag","embeddable":true,"href":"https:\/\/www.incaudavenenum.org\/cut.the.crap\/wp-json\/wp\/v2\/tags?post=2471"}],"curies":[{"name":"wp","href":"https:\/\/api.w.org\/{rel}","templated":true}]}}