{"id":414,"date":"2012-03-20T11:18:30","date_gmt":"2012-03-20T10:18:30","guid":{"rendered":"http:\/\/cut.the.crap.free.fr\/?p=414"},"modified":"2012-03-20T11:18:30","modified_gmt":"2012-03-20T10:18:30","slug":"fait-divers-la-democratie-en-suspens","status":"publish","type":"post","link":"https:\/\/www.incaudavenenum.org\/cut.the.crap\/fait-divers-la-democratie-en-suspens\/","title":{"rendered":"Fait-divers : la d\u00e9mocratie en suspens"},"content":{"rendered":"<p>Nous l&rsquo;\u00e9crivions le <a href=\"D\u2019ici l\u2019\u00e9lection pr\u00e9sidentielle d\u2019avril-mai 2012, on peut donc s\u2019attendre \u00e0 coup s\u00fbr \u00e0 ce que TF1, ou quelque autre m\u00e9dia national-sarkozyste, s\u2019efforce de cr\u00e9er dans l\u2019opinion, gr\u00e2ce \u00e0 un fait divers opportun, le r\u00e9flexe de peur qui permettra \u00e0 Sarkozy de reconqu\u00e9rir son \u00e9lectorat.\">15 janvier<\/a> dernier : \u00ab\u00a0d\u2019ici l\u2019\u00e9lection pr\u00e9sidentielle d\u2019avril-mai 2012, on peut donc  s\u2019attendre \u00e0 coup s\u00fbr \u00e0 ce que TF1, ou quelque autre m\u00e9dia  national-sarkozyste, s\u2019efforce de cr\u00e9er dans l\u2019opinion, gr\u00e2ce \u00e0 un fait- divers opportun, le r\u00e9flexe de peur qui permettra \u00e0 Sarkozy de  reconqu\u00e9rir son \u00e9lectorat\u00a0\u00bb. Ce fait-divers s&rsquo;est produit, h\u00e9las, avec <a href=\"http:\/\/www.liberation.fr\/depeches\/01012397105-tuerie-de-toulouse-recueillement-dans-les-ecoles-moyens-d-exception-sur-le-terrain\" target=\"_blank\">la tuerie de Toulouse<\/a>. L&rsquo;ex-presse et le landernau politicom\u00e9diatique se sont ru\u00e9s sur l&rsquo;\u00e9v\u00e9nement avec force d\u00e9monstrations d&rsquo;\u00e9motion. L&rsquo;agit\u00e9 de l&rsquo;Elys\u00e9e a fait ce qu&rsquo;il sait faire le mieux : il s&rsquo;est agit\u00e9. Ces gesticulations st\u00e9riles n&rsquo;ont qu&rsquo;un but : tirer parti de ce fait divers tragique pour cr\u00e9er une atmosph\u00e8re anxiog\u00e8ne. Dans un tel climat de peur, l&rsquo;\u00e9lectorat pourrait avoir le r\u00e9flexe de se tourner vers le pouvoir en place, surtout si celui-ci se pr\u00e9sente comme autoritaire et r\u00e9pressif. Et pendant ce temps, rares sont ceux qui chercheront \u00e0 analyser rationnellement la situation.<\/p>\n<p>Un dingue en scooter a tu\u00e9 3 enfants et un enseignant dans une \u00e9cole juive. C&rsquo;est probablement le m\u00eame homme qui avait tu\u00e9 auparavant trois militaires et bless\u00e9 un quatri\u00e8me. \u00ab\u00a0Le tueur est s\u00fbrement raciste et x\u00e9nophobe\u00a0\u00bb a confi\u00e9 un enqu\u00eateur \u00e0 <a href=\"http:\/\/www.sudouest.fr\/2012\/03\/20\/des-crimes-premedites-contre-des-cibles-choisies-663858-2780.php\" target=\"_blank\">Sud-Ouest<\/a>. Peur sur la ville donc, et activation du <a href=\"http:\/\/www.lemonde.fr\/societe\/article\/2012\/03\/19\/que-signifie-le-plan-vigipirate-ecarlate_1672371_3224.html\" target=\"_blank\">plan Vigipirate \u00e9carlate<\/a>, alors m\u00eame que le plan Vigipirate \u00e9tait de toutes fa\u00e7ons d\u00e9j\u00e0 activ\u00e9 depuis des ann\u00e9es sur tout le territoire. Pour un seul tueur. Que fera-t-on en cas d&rsquo;attaque terroriste massive ? Pourtant, le simple bon-sens devrait permettre de dire qu&rsquo;aucune mesure ne peut emp\u00eacher un homme seul et d\u00e9termin\u00e9 de nuire, et que l&rsquo;arrestation du criminel ne pourra \u00eatre obtenue que par un travail d&rsquo;enqu\u00eate qui peut \u00eatre long, et qui ne sera en rien aid\u00e9 par de telles gesticulations, l&rsquo;arriv\u00e9e des <em>people<\/em> politiques sur place \u00e9tant plut\u00f4t de nature \u00e0 g\u00eaner le travail des enqu\u00eateurs. S&rsquo;agit-il donc de rassurer la population et d&rsquo;\u00e9viter la panique par une pr\u00e9sence militaire et polici\u00e8re symbolique ? Mais l&rsquo;omnipr\u00e9sence d&rsquo;hommes en armes dans les rues et les lieux publics est-elle vraiment de nature \u00e0 rassurer le quidam ? N&rsquo;est-ce pas plut\u00f4t une mani\u00e8re de signifier \u00e0 chacun qu&rsquo;il court un danger ?<\/p>\n<p>Selon l&rsquo;ex-<a href=\"http:\/\/www.liberation.fr\/depeches\/01012397105-tuerie-de-toulouse-recueillement-dans-les-ecoles-moyens-d-exception-sur-le-terrain\" target=\"_blank\"><em>Lib\u00e9ration<\/em><\/a>, \u00ab\u00a0la presse fran\u00e7aise esp\u00e9rait mardi que les candidats \u00e9viteraient ensuite toute r\u00e9cup\u00e9ration politique\u00a0\u00bb. Pourtant, cette agitation disproportionn\u00e9e est en elle-m\u00eame une r\u00e9cup\u00e9ration politique, et ce fait-divers atroce ne peut \u00eatre extrait du contexte politique dans lequel il s&rsquo;est produit. \u00ab\u00a0A force de nier les communaut\u00e9s, on a d\u00e9clench\u00e9 quelque chose de terrible. On a d\u00e9sign\u00e9  le hallal, puis on a d\u00e9sign\u00e9 le casher&#8230; Il y a aujourd&rsquo;hui une  atmosph\u00e8re tr\u00e8s malsaine en France\u00a0\u00bb, a d\u00e9clar\u00e9 <a href=\"http:\/\/www.lemonde.fr\/societe\/article\/2012\/03\/20\/manifestation-a-paris-pour-rendre-hommage-aux-victimes-de-toulouse_1672415_3224.html?utm_source=dlvr.it&amp;utm_medium=twitter#xtor=RSS-3208001\" target=\"_blank\">Marek Halter<\/a>. Comme si le communautarisme pouvait \u00eatre un rem\u00e8de au racisme ! Mais Marek Halter a tout de m\u00eame raison sur un point : il y a aujourd&rsquo;hui une atmosph\u00e8re malsaine en France. \u00ab\u00a0Brasillach est servi\u00a0\u00bb rappelle judicieusement M\u00e9lenchon sur Twitter (@melenchon2012). Si l&rsquo;enqu\u00eate confirme les motivations racistes du tueur, il faudra dire avec force qu&rsquo;un passage \u00e0 l&rsquo;acte raciste est rendu possible par la l\u00e9gitimation du racisme et d\u00e9signer nomm\u00e9ment les responsables de cette l\u00e9gitimation : la famille Le Pen qui cite publiquement <a href=\"http:\/\/www.lepoint.fr\/politique\/election-presidentielle-2012\/quand-le-pen-cite-brasillach-18-02-2012-1432808_324.php\" target=\"_blank\">Brasillach<\/a> (collabo auteur de la formule : \u00abil faut se s\u00e9parer des Juifs en bloc et ne pas garder les petits \u00bb), la m\u00eame famille Le Pen qui condamnait en <a href=\"http:\/\/www.ladepeche.fr\/article\/2011\/07\/31\/1138217-norvege-encore-une-polemique-pour-jean-marie-le-pen.html\" target=\"_blank\">juillet 2011<\/a> la pr\u00e9tendue \u00ab\u00a0na\u00efvet\u00e9\u00a0\u00bb du gouvernement norv\u00e9gien sur \u00ab\u00a0l&rsquo;immigration massive\u00a0\u00bb plus que les actes criminels du tueur raciste Anders Breivik, Claude Gu\u00e9ant qui a tenu, entre autres, des propos inf\u00e2mes et stupides sur les <a href=\"http:\/\/www.lemonde.fr\/election-presidentielle-2012\/article\/2012\/02\/05\/claude-gueant-declenche-une-nouvelle-polemique_1639076_1471069.html\" target=\"_blank\">civilisations<\/a>, Nicolas Sarkozy, qui ne cesse de stigmatiser les immigr\u00e9s \u00e0 coups de <a href=\"http:\/\/tempsreel.nouvelobs.com\/societe\/20120307.OBS3164\/propos-de-sarkozy-sur-l-immigration-c-est-le-bruit-et-l-odeur-de-chirac\" target=\"_blank\">mensonges<\/a> destin\u00e9s \u00e0 s\u00e9duire l&rsquo;\u00e9lectorat lep\u00e9niste&#8230;<\/p>\n<p>A pr\u00e9sent, l&rsquo;ex-presse et le landernau politicom\u00e9diatique unanimes voudraient mettre la campagne \u00e9lectorale \u00ab\u00a0en suspens\u00a0\u00bb. Nonobstant le fait qu&rsquo;en se ruant sur les lieux de la tuerie Sarkozy, Hollande ou Bayrou ne font rien d&rsquo;autre qu&rsquo;\u00eatre bel et bien en campagne (pas besoin d&rsquo;\u00eatre sur place pour s&rsquo;indigner, si ce n&rsquo;est pour le spectacle), il convient d&rsquo;affirmer \u00e0 l&rsquo;encontre des \u00e9ditocrates et des politicards que la d\u00e9mocratie n&rsquo;a pas \u00e0 \u00eatre mise en suspens par un fait-divers, aussi tragique soit-il. Va-t-on donc annuler les \u00e9lections si un crime m\u00e9diatis\u00e9 est commis la veille du scrutin ? <em>Cut the crap<\/em> ! Le premier criminel venu peut-il faire taire le d\u00e9bat d\u00e9mocratique ?<\/p>\n<p>&nbsp;<\/p>\n<p>Cette tendance \u00e0 l&rsquo;abrutissement g\u00e9n\u00e9ral, \u00e0 l&rsquo;\u00e9touffement de tout d\u00e9bat et de toute r\u00e9flexion dans l&rsquo;imm\u00e9diatet\u00e9 des gesticulations m\u00e9diatiques et du spectacle de l&rsquo;\u00e9motion, culmine avec une d\u00e9cision du petit pr\u00e9sident de l&rsquo;ex-R\u00e9publique rapport\u00e9e par l&rsquo;AFP : \u00ab\u00a0toutes les \u00e9coles de France vont observer mardi une minute de silence \u00e0  la m\u00e9moire des trois enfants et du professeur assassin\u00e9s lundi dans une  \u00e9cole juive de Toulouse par le tueur \u00e0 scooter qui est d\u00e9sormais l&rsquo;homme  le plus recherch\u00e9 du pays, mobilisant des moyens d&rsquo;exception\u00a0\u00bb. En quoi une minute de silence va-t-elle faire avancer l&rsquo;enqu\u00eate ? Est-ce en se taisant que les enseignants vont expliquer les dangers du racisme \u00e0 leurs \u00e9l\u00e8ves ? Ce n&rsquo;est pas par le silence qu&rsquo;on combat les crimes fascistes ! Et pourquoi une minute de silence \u00e0 la m\u00e9moire des victimes assassin\u00e9es dans l&rsquo;\u00e9cole juive et pas pour les autres victimes probables du m\u00eame tueur (les militaires noirs ou arabes) ? S&rsquo;agit-il de montrer aux enfants qu&rsquo;il y a des victimes plus \u00e9mouvantes que les autres ? Quelle mascarade !<\/p>\n<p>Contre le fascisme, le racisme, l&rsquo;antis\u00e9mitisme, la x\u00e9nophobie, ne nous taisons pas. R\u00e9sistons.<\/p>\n","protected":false},"excerpt":{"rendered":"<p>Nous l&rsquo;\u00e9crivions le 15 janvier dernier : \u00ab\u00a0d\u2019ici l\u2019\u00e9lection pr\u00e9sidentielle d\u2019avril-mai 2012, on peut donc s\u2019attendre \u00e0 coup s\u00fbr \u00e0 ce que TF1, ou quelque autre m\u00e9dia national-sarkozyste, s\u2019efforce de cr\u00e9er dans l\u2019opinion, gr\u00e2ce \u00e0 un fait- divers opportun, le r\u00e9flexe de peur qui permettra \u00e0 Sarkozy de reconqu\u00e9rir son \u00e9lectorat\u00a0\u00bb. Ce fait-divers s&rsquo;est produit, &hellip; <a href=\"https:\/\/www.incaudavenenum.org\/cut.the.crap\/fait-divers-la-democratie-en-suspens\/\" class=\"more-link\">Continuer la lecture<span class=\"screen-reader-text\"> de &laquo;&nbsp;Fait-divers : la d\u00e9mocratie en suspens&nbsp;&raquo;<\/span><\/a><\/p>\n","protected":false},"author":6,"featured_media":0,"comment_status":"open","ping_status":"closed","sticky":false,"template":"","format":"standard","meta":{"jetpack_post_was_ever_published":false,"_jetpack_newsletter_access":"","_jetpack_dont_email_post_to_subs":false,"_jetpack_newsletter_tier_id":0,"_jetpack_memberships_contains_paywalled_content":false,"_jetpack_memberships_contains_paid_content":false,"footnotes":"","jetpack_publicize_message":"","jetpack_publicize_feature_enabled":true,"jetpack_social_post_already_shared":false,"jetpack_social_options":{"image_generator_settings":{"template":"highway","default_image_id":0,"font":"","enabled":false},"version":2}},"categories":[7],"tags":[17,38,62,107,120,124,168,194,196,212,248,327,342,344],"class_list":["post-414","post","type-post","status-publish","format-standard","hentry","category-resistance","tag-anders-breivik","tag-brasillach","tag-claude-gueant","tag-fait-divers","tag-francois-bayrou","tag-francois-hollande","tag-jean-luc-melenchon","tag-lepen","tag-liberation","tag-marek-halter","tag-nicolas-sarkozy","tag-sud-ouest","tag-tuerie","tag-twitter"],"yoast_head":"<!-- This site is optimized with the Yoast SEO plugin v27.5 - https:\/\/yoast.com\/product\/yoast-seo-wordpress\/ -->\n<title>Fait-divers : la d\u00e9mocratie en suspens - Cut The Crap<\/title>\n<meta name=\"robots\" content=\"index, follow, max-snippet:-1, max-image-preview:large, max-video-preview:-1\" \/>\n<link rel=\"canonical\" href=\"https:\/\/www.incaudavenenum.org\/cut.the.crap\/fait-divers-la-democratie-en-suspens\/\" \/>\n<meta property=\"og:locale\" content=\"fr_FR\" \/>\n<meta property=\"og:type\" content=\"article\" \/>\n<meta property=\"og:title\" content=\"Fait-divers : la d\u00e9mocratie en suspens - Cut The Crap\" \/>\n<meta property=\"og:description\" content=\"Nous l&rsquo;\u00e9crivions le 15 janvier dernier : \u00ab\u00a0d\u2019ici l\u2019\u00e9lection pr\u00e9sidentielle d\u2019avril-mai 2012, on peut donc s\u2019attendre \u00e0 coup s\u00fbr \u00e0 ce que TF1, ou quelque autre m\u00e9dia national-sarkozyste, s\u2019efforce de cr\u00e9er dans l\u2019opinion, gr\u00e2ce \u00e0 un fait- divers opportun, le r\u00e9flexe de peur qui permettra \u00e0 Sarkozy de reconqu\u00e9rir son \u00e9lectorat\u00a0\u00bb. Ce fait-divers s&rsquo;est produit, &hellip; Continuer la lecture de &laquo;&nbsp;Fait-divers : la d\u00e9mocratie en suspens&nbsp;&raquo;\" \/>\n<meta property=\"og:url\" content=\"https:\/\/www.incaudavenenum.org\/cut.the.crap\/fait-divers-la-democratie-en-suspens\/\" \/>\n<meta property=\"og:site_name\" content=\"Cut The Crap\" \/>\n<meta property=\"article:publisher\" content=\"https:\/\/www.facebook.com\/Cut-the-Crap-239882412697830\/\" \/>\n<meta property=\"article:published_time\" content=\"2012-03-20T10:18:30+00:00\" \/>\n<meta property=\"og:image\" content=\"https:\/\/i0.wp.com\/www.incaudavenenum.org\/cut.the.crap\/wp-content\/uploads\/2018\/01\/marxengelsNB2.jpg?fit=940%2C198&ssl=1\" \/>\n\t<meta property=\"og:image:width\" content=\"940\" \/>\n\t<meta property=\"og:image:height\" content=\"198\" \/>\n\t<meta property=\"og:image:type\" content=\"image\/jpeg\" \/>\n<meta name=\"author\" content=\"\u1d10T\u1d04\" \/>\n<meta name=\"twitter:card\" content=\"summary_large_image\" \/>\n<meta name=\"twitter:creator\" content=\"@cutzecrap\" \/>\n<meta name=\"twitter:site\" content=\"@cutzecrap\" \/>\n<meta name=\"twitter:label1\" content=\"\u00c9crit par\" \/>\n\t<meta name=\"twitter:data1\" content=\"\u1d10T\u1d04\" \/>\n\t<meta name=\"twitter:label2\" content=\"Dur\u00e9e de lecture estim\u00e9e\" \/>\n\t<meta name=\"twitter:data2\" content=\"5 minutes\" \/>\n<script type=\"application\/ld+json\" class=\"yoast-schema-graph\">{\"@context\":\"https:\\\/\\\/schema.org\",\"@graph\":[{\"@type\":\"Article\",\"@id\":\"https:\\\/\\\/www.incaudavenenum.org\\\/cut.the.crap\\\/fait-divers-la-democratie-en-suspens\\\/#article\",\"isPartOf\":{\"@id\":\"https:\\\/\\\/www.incaudavenenum.org\\\/cut.the.crap\\\/fait-divers-la-democratie-en-suspens\\\/\"},\"author\":{\"name\":\"\u1d10T\u1d04\",\"@id\":\"https:\\\/\\\/www.incaudavenenum.org\\\/cut.the.crap\\\/#\\\/schema\\\/person\\\/eaf31c24c3305f6a141a521845cc9561\"},\"headline\":\"Fait-divers : la d\u00e9mocratie en suspens\",\"datePublished\":\"2012-03-20T10:18:30+00:00\",\"mainEntityOfPage\":{\"@id\":\"https:\\\/\\\/www.incaudavenenum.org\\\/cut.the.crap\\\/fait-divers-la-democratie-en-suspens\\\/\"},\"wordCount\":1028,\"commentCount\":1,\"publisher\":{\"@id\":\"https:\\\/\\\/www.incaudavenenum.org\\\/cut.the.crap\\\/#organization\"},\"keywords\":[\"Anders Breivik\",\"Brasillach\",\"Claude Gu\u00e9ant\",\"fait divers\",\"Fran\u00e7ois Bayrou\",\"Fran\u00e7ois Hollande\",\"Jean-Luc M\u00e9lenchon\",\"Le Pen\",\"Lib\u00e9ration\",\"Marek Halter\",\"Nicolas Sarkozy\",\"Sud-Ouest\",\"tuerie\",\"Twitter\"],\"articleSection\":[\"R\u00e9sistance\"],\"inLanguage\":\"fr-FR\",\"potentialAction\":[{\"@type\":\"CommentAction\",\"name\":\"Comment\",\"target\":[\"https:\\\/\\\/www.incaudavenenum.org\\\/cut.the.crap\\\/fait-divers-la-democratie-en-suspens\\\/#respond\"]}]},{\"@type\":\"WebPage\",\"@id\":\"https:\\\/\\\/www.incaudavenenum.org\\\/cut.the.crap\\\/fait-divers-la-democratie-en-suspens\\\/\",\"url\":\"https:\\\/\\\/www.incaudavenenum.org\\\/cut.the.crap\\\/fait-divers-la-democratie-en-suspens\\\/\",\"name\":\"Fait-divers : la d\u00e9mocratie en suspens - Cut The Crap\",\"isPartOf\":{\"@id\":\"https:\\\/\\\/www.incaudavenenum.org\\\/cut.the.crap\\\/#website\"},\"datePublished\":\"2012-03-20T10:18:30+00:00\",\"breadcrumb\":{\"@id\":\"https:\\\/\\\/www.incaudavenenum.org\\\/cut.the.crap\\\/fait-divers-la-democratie-en-suspens\\\/#breadcrumb\"},\"inLanguage\":\"fr-FR\",\"potentialAction\":[{\"@type\":\"ReadAction\",\"target\":[\"https:\\\/\\\/www.incaudavenenum.org\\\/cut.the.crap\\\/fait-divers-la-democratie-en-suspens\\\/\"]}]},{\"@type\":\"BreadcrumbList\",\"@id\":\"https:\\\/\\\/www.incaudavenenum.org\\\/cut.the.crap\\\/fait-divers-la-democratie-en-suspens\\\/#breadcrumb\",\"itemListElement\":[{\"@type\":\"ListItem\",\"position\":1,\"name\":\"Accueil\",\"item\":\"https:\\\/\\\/www.incaudavenenum.org\\\/cut.the.crap\\\/\"},{\"@type\":\"ListItem\",\"position\":2,\"name\":\"Fait-divers : la d\u00e9mocratie en suspens\"}]},{\"@type\":\"WebSite\",\"@id\":\"https:\\\/\\\/www.incaudavenenum.org\\\/cut.the.crap\\\/#website\",\"url\":\"https:\\\/\\\/www.incaudavenenum.org\\\/cut.the.crap\\\/\",\"name\":\"Cut The Crap\",\"description\":\"Blog de gauche\",\"publisher\":{\"@id\":\"https:\\\/\\\/www.incaudavenenum.org\\\/cut.the.crap\\\/#organization\"},\"potentialAction\":[{\"@type\":\"SearchAction\",\"target\":{\"@type\":\"EntryPoint\",\"urlTemplate\":\"https:\\\/\\\/www.incaudavenenum.org\\\/cut.the.crap\\\/?s={search_term_string}\"},\"query-input\":{\"@type\":\"PropertyValueSpecification\",\"valueRequired\":true,\"valueName\":\"search_term_string\"}}],\"inLanguage\":\"fr-FR\"},{\"@type\":\"Organization\",\"@id\":\"https:\\\/\\\/www.incaudavenenum.org\\\/cut.the.crap\\\/#organization\",\"name\":\"Cut The Crap\",\"url\":\"https:\\\/\\\/www.incaudavenenum.org\\\/cut.the.crap\\\/\",\"logo\":{\"@type\":\"ImageObject\",\"inLanguage\":\"fr-FR\",\"@id\":\"https:\\\/\\\/www.incaudavenenum.org\\\/cut.the.crap\\\/#\\\/schema\\\/logo\\\/image\\\/\",\"url\":\"https:\\\/\\\/i1.wp.com\\\/www.incaudavenenum.org\\\/cut.the.crap\\\/wp-content\\\/uploads\\\/2018\\\/01\\\/cTc.png?fit=100%2C95\",\"contentUrl\":\"https:\\\/\\\/i1.wp.com\\\/www.incaudavenenum.org\\\/cut.the.crap\\\/wp-content\\\/uploads\\\/2018\\\/01\\\/cTc.png?fit=100%2C95\",\"width\":100,\"height\":95,\"caption\":\"Cut The Crap\"},\"image\":{\"@id\":\"https:\\\/\\\/www.incaudavenenum.org\\\/cut.the.crap\\\/#\\\/schema\\\/logo\\\/image\\\/\"},\"sameAs\":[\"https:\\\/\\\/www.facebook.com\\\/Cut-the-Crap-239882412697830\\\/\",\"https:\\\/\\\/x.com\\\/cutzecrap\"]},{\"@type\":\"Person\",\"@id\":\"https:\\\/\\\/www.incaudavenenum.org\\\/cut.the.crap\\\/#\\\/schema\\\/person\\\/eaf31c24c3305f6a141a521845cc9561\",\"name\":\"\u1d10T\u1d04\",\"image\":{\"@type\":\"ImageObject\",\"inLanguage\":\"fr-FR\",\"@id\":\"https:\\\/\\\/secure.gravatar.com\\\/avatar\\\/bcb7ebb5cbee5342d0fa3e23aef3e05182efc0190ae68a6d9da7f1994c5fcbe0?s=96&d=mm&r=g\",\"url\":\"https:\\\/\\\/secure.gravatar.com\\\/avatar\\\/bcb7ebb5cbee5342d0fa3e23aef3e05182efc0190ae68a6d9da7f1994c5fcbe0?s=96&d=mm&r=g\",\"contentUrl\":\"https:\\\/\\\/secure.gravatar.com\\\/avatar\\\/bcb7ebb5cbee5342d0fa3e23aef3e05182efc0190ae68a6d9da7f1994c5fcbe0?s=96&d=mm&r=g\",\"caption\":\"\u1d10T\u1d04\"},\"url\":\"https:\\\/\\\/www.incaudavenenum.org\\\/cut.the.crap\\\/author\\\/zorblog\\\/\"}]}<\/script>\n<!-- \/ Yoast SEO plugin. -->","yoast_head_json":{"title":"Fait-divers : la d\u00e9mocratie en suspens - Cut The Crap","robots":{"index":"index","follow":"follow","max-snippet":"max-snippet:-1","max-image-preview":"max-image-preview:large","max-video-preview":"max-video-preview:-1"},"canonical":"https:\/\/www.incaudavenenum.org\/cut.the.crap\/fait-divers-la-democratie-en-suspens\/","og_locale":"fr_FR","og_type":"article","og_title":"Fait-divers : la d\u00e9mocratie en suspens - Cut The Crap","og_description":"Nous l&rsquo;\u00e9crivions le 15 janvier dernier : \u00ab\u00a0d\u2019ici l\u2019\u00e9lection pr\u00e9sidentielle d\u2019avril-mai 2012, on peut donc s\u2019attendre \u00e0 coup s\u00fbr \u00e0 ce que TF1, ou quelque autre m\u00e9dia national-sarkozyste, s\u2019efforce de cr\u00e9er dans l\u2019opinion, gr\u00e2ce \u00e0 un fait- divers opportun, le r\u00e9flexe de peur qui permettra \u00e0 Sarkozy de reconqu\u00e9rir son \u00e9lectorat\u00a0\u00bb. Ce fait-divers s&rsquo;est produit, &hellip; Continuer la lecture de &laquo;&nbsp;Fait-divers : la d\u00e9mocratie en suspens&nbsp;&raquo;","og_url":"https:\/\/www.incaudavenenum.org\/cut.the.crap\/fait-divers-la-democratie-en-suspens\/","og_site_name":"Cut The Crap","article_publisher":"https:\/\/www.facebook.com\/Cut-the-Crap-239882412697830\/","article_published_time":"2012-03-20T10:18:30+00:00","og_image":[{"width":940,"height":198,"url":"https:\/\/i0.wp.com\/www.incaudavenenum.org\/cut.the.crap\/wp-content\/uploads\/2018\/01\/marxengelsNB2.jpg?fit=940%2C198&ssl=1","type":"image\/jpeg"}],"author":"\u1d10T\u1d04","twitter_card":"summary_large_image","twitter_creator":"@cutzecrap","twitter_site":"@cutzecrap","twitter_misc":{"\u00c9crit par":"\u1d10T\u1d04","Dur\u00e9e de lecture estim\u00e9e":"5 minutes"},"schema":{"@context":"https:\/\/schema.org","@graph":[{"@type":"Article","@id":"https:\/\/www.incaudavenenum.org\/cut.the.crap\/fait-divers-la-democratie-en-suspens\/#article","isPartOf":{"@id":"https:\/\/www.incaudavenenum.org\/cut.the.crap\/fait-divers-la-democratie-en-suspens\/"},"author":{"name":"\u1d10T\u1d04","@id":"https:\/\/www.incaudavenenum.org\/cut.the.crap\/#\/schema\/person\/eaf31c24c3305f6a141a521845cc9561"},"headline":"Fait-divers : la d\u00e9mocratie en suspens","datePublished":"2012-03-20T10:18:30+00:00","mainEntityOfPage":{"@id":"https:\/\/www.incaudavenenum.org\/cut.the.crap\/fait-divers-la-democratie-en-suspens\/"},"wordCount":1028,"commentCount":1,"publisher":{"@id":"https:\/\/www.incaudavenenum.org\/cut.the.crap\/#organization"},"keywords":["Anders Breivik","Brasillach","Claude Gu\u00e9ant","fait divers","Fran\u00e7ois Bayrou","Fran\u00e7ois Hollande","Jean-Luc M\u00e9lenchon","Le Pen","Lib\u00e9ration","Marek Halter","Nicolas Sarkozy","Sud-Ouest","tuerie","Twitter"],"articleSection":["R\u00e9sistance"],"inLanguage":"fr-FR","potentialAction":[{"@type":"CommentAction","name":"Comment","target":["https:\/\/www.incaudavenenum.org\/cut.the.crap\/fait-divers-la-democratie-en-suspens\/#respond"]}]},{"@type":"WebPage","@id":"https:\/\/www.incaudavenenum.org\/cut.the.crap\/fait-divers-la-democratie-en-suspens\/","url":"https:\/\/www.incaudavenenum.org\/cut.the.crap\/fait-divers-la-democratie-en-suspens\/","name":"Fait-divers : la d\u00e9mocratie en suspens - Cut The Crap","isPartOf":{"@id":"https:\/\/www.incaudavenenum.org\/cut.the.crap\/#website"},"datePublished":"2012-03-20T10:18:30+00:00","breadcrumb":{"@id":"https:\/\/www.incaudavenenum.org\/cut.the.crap\/fait-divers-la-democratie-en-suspens\/#breadcrumb"},"inLanguage":"fr-FR","potentialAction":[{"@type":"ReadAction","target":["https:\/\/www.incaudavenenum.org\/cut.the.crap\/fait-divers-la-democratie-en-suspens\/"]}]},{"@type":"BreadcrumbList","@id":"https:\/\/www.incaudavenenum.org\/cut.the.crap\/fait-divers-la-democratie-en-suspens\/#breadcrumb","itemListElement":[{"@type":"ListItem","position":1,"name":"Accueil","item":"https:\/\/www.incaudavenenum.org\/cut.the.crap\/"},{"@type":"ListItem","position":2,"name":"Fait-divers : la d\u00e9mocratie en suspens"}]},{"@type":"WebSite","@id":"https:\/\/www.incaudavenenum.org\/cut.the.crap\/#website","url":"https:\/\/www.incaudavenenum.org\/cut.the.crap\/","name":"Cut The Crap","description":"Blog de gauche","publisher":{"@id":"https:\/\/www.incaudavenenum.org\/cut.the.crap\/#organization"},"potentialAction":[{"@type":"SearchAction","target":{"@type":"EntryPoint","urlTemplate":"https:\/\/www.incaudavenenum.org\/cut.the.crap\/?s={search_term_string}"},"query-input":{"@type":"PropertyValueSpecification","valueRequired":true,"valueName":"search_term_string"}}],"inLanguage":"fr-FR"},{"@type":"Organization","@id":"https:\/\/www.incaudavenenum.org\/cut.the.crap\/#organization","name":"Cut The Crap","url":"https:\/\/www.incaudavenenum.org\/cut.the.crap\/","logo":{"@type":"ImageObject","inLanguage":"fr-FR","@id":"https:\/\/www.incaudavenenum.org\/cut.the.crap\/#\/schema\/logo\/image\/","url":"https:\/\/i1.wp.com\/www.incaudavenenum.org\/cut.the.crap\/wp-content\/uploads\/2018\/01\/cTc.png?fit=100%2C95","contentUrl":"https:\/\/i1.wp.com\/www.incaudavenenum.org\/cut.the.crap\/wp-content\/uploads\/2018\/01\/cTc.png?fit=100%2C95","width":100,"height":95,"caption":"Cut The Crap"},"image":{"@id":"https:\/\/www.incaudavenenum.org\/cut.the.crap\/#\/schema\/logo\/image\/"},"sameAs":["https:\/\/www.facebook.com\/Cut-the-Crap-239882412697830\/","https:\/\/x.com\/cutzecrap"]},{"@type":"Person","@id":"https:\/\/www.incaudavenenum.org\/cut.the.crap\/#\/schema\/person\/eaf31c24c3305f6a141a521845cc9561","name":"\u1d10T\u1d04","image":{"@type":"ImageObject","inLanguage":"fr-FR","@id":"https:\/\/secure.gravatar.com\/avatar\/bcb7ebb5cbee5342d0fa3e23aef3e05182efc0190ae68a6d9da7f1994c5fcbe0?s=96&d=mm&r=g","url":"https:\/\/secure.gravatar.com\/avatar\/bcb7ebb5cbee5342d0fa3e23aef3e05182efc0190ae68a6d9da7f1994c5fcbe0?s=96&d=mm&r=g","contentUrl":"https:\/\/secure.gravatar.com\/avatar\/bcb7ebb5cbee5342d0fa3e23aef3e05182efc0190ae68a6d9da7f1994c5fcbe0?s=96&d=mm&r=g","caption":"\u1d10T\u1d04"},"url":"https:\/\/www.incaudavenenum.org\/cut.the.crap\/author\/zorblog\/"}]}},"jetpack_publicize_connections":[],"jetpack_featured_media_url":"","jetpack_shortlink":"https:\/\/wp.me\/p9z98q-6G","jetpack_likes_enabled":true,"jetpack-related-posts":[{"id":376,"url":"https:\/\/www.incaudavenenum.org\/cut.the.crap\/prediction-pour-2012-sans-astrologie-ni-medium\/","url_meta":{"origin":414,"position":0},"title":"Pr\u00e9diction pour 2012 (sans astrologie ni boule de cristal)","author":"\u1d10T\u1d04","date":"15 janvier 2012","format":false,"excerpt":"Dans le n\u00b05 (janvier 2012) de Sin\u00e9 Mensuel, le sociologue Laurent Mucchielli rappelle qu'en 2002, un fait divers (l'affaire du papy Voise) avait occup\u00e9 l'actualit\u00e9 trois jours avant le deuxi\u00e8me tour de l'\u00e9lection pr\u00e9sidentielle. \"L'affaire du papy d'Orl\u00e9ans est embl\u00e9matique. Des gens auraient voulu racketter ce vieux monsieur qui vivait\u2026","rel":"","context":"Dans &quot;Lectures&quot;","block_context":{"text":"Lectures","link":"https:\/\/www.incaudavenenum.org\/cut.the.crap\/category\/lectures\/"},"img":{"alt_text":"","src":"","width":0,"height":0},"classes":[]},{"id":178,"url":"https:\/\/www.incaudavenenum.org\/cut.the.crap\/printemps-precoce-en-tunisie\/","url_meta":{"origin":414,"position":1},"title":"Printemps pr\u00e9coce en Tunisie","author":"Pierre-Joseph de Stal","date":"14 janvier 2011","format":false,"excerpt":"L'ann\u00e9e 2011 commence en beaut\u00e9 avec la fuite hors de Tunisie de l'inf\u00e2me Ben Ali. Et apr\u00e8s ? Au tour de Sarkozy ! Ce que les Tunisiens ont fait, les Fran\u00e7ais doivent le faire aussi.","rel":"","context":"Dans &quot;R\u00e9sistance&quot;","block_context":{"text":"R\u00e9sistance","link":"https:\/\/www.incaudavenenum.org\/cut.the.crap\/category\/resistance\/"},"img":{"alt_text":"","src":"","width":0,"height":0},"classes":[]},{"id":1489,"url":"https:\/\/www.incaudavenenum.org\/cut.the.crap\/monarchie\/","url_meta":{"origin":414,"position":2},"title":"Monarchie","author":"Serge Victor","date":"26 janvier 2019","format":"quote","excerpt":"\"Tout \u00e0 l'Elys\u00e9e est bas\u00e9 sur ce que l'on peut vous pr\u00eater en termes de proximit\u00e9 avec le chef de l'Etat. Est-ce qu'il vous a fait un sourire, appel\u00e9 par votre pr\u00e9nom, etc. C'est un ph\u00e9nom\u00e8ne de cour.\" Alexandre Benalla, cit\u00e9 par G\u00e9rard Davet et Fabrice L'Homme, Le Monde du\u2026","rel":"","context":"Dans &quot;Citations&quot;","block_context":{"text":"Citations","link":"https:\/\/www.incaudavenenum.org\/cut.the.crap\/category\/lectures\/citations\/"},"img":{"alt_text":"","src":"","width":0,"height":0},"classes":[]},{"id":1918,"url":"https:\/\/www.incaudavenenum.org\/cut.the.crap\/le-pere-noel-est-une-ordure\/","url_meta":{"origin":414,"position":3},"title":"Le P\u00e8re No\u00ebl est une ordure","author":"Serge Victor","date":"25 d\u00e9cembre 2020","format":"image","excerpt":"","rel":"","context":"Dans &quot;Confusionnisme&quot;","block_context":{"text":"Confusionnisme","link":"https:\/\/www.incaudavenenum.org\/cut.the.crap\/category\/confusionnisme\/"},"img":{"alt_text":"","src":"https:\/\/i0.wp.com\/www.incaudavenenum.org\/cut.the.crap\/wp-content\/uploads\/2020\/12\/raoultsarko.jpg?resize=350%2C200&ssl=1","width":350,"height":200,"srcset":"https:\/\/i0.wp.com\/www.incaudavenenum.org\/cut.the.crap\/wp-content\/uploads\/2020\/12\/raoultsarko.jpg?resize=350%2C200&ssl=1 1x, https:\/\/i0.wp.com\/www.incaudavenenum.org\/cut.the.crap\/wp-content\/uploads\/2020\/12\/raoultsarko.jpg?resize=525%2C300&ssl=1 1.5x, https:\/\/i0.wp.com\/www.incaudavenenum.org\/cut.the.crap\/wp-content\/uploads\/2020\/12\/raoultsarko.jpg?resize=700%2C400&ssl=1 2x"},"classes":[]},{"id":1836,"url":"https:\/\/www.incaudavenenum.org\/cut.the.crap\/branco-ne-manque-pas-dhuppe-air\/","url_meta":{"origin":414,"position":4},"title":"Branco ne manque pas d&rsquo;hupp\u00e9 air","author":"Serge Victor","date":"29 novembre 2019","format":false,"excerpt":"Depuis plusieurs jours, Juan Branco se r\u00e9pand sur les r\u00e9seaux antisociaux en attaques extr\u00eamement violentes contre Fran\u00e7ois Ruffin. Exhibant un montage pr\u00e9sent\u00e9 comme une \"exclu\" (en fait une version tronqu\u00e9e d'un reportage de Radio Nova datant de 2016), il ass\u00e8ne que Fran\u00e7ois Ruffin se serait entendu avec Emmanuel Macron sur\u2026","rel":"","context":"Dans &quot;Confusionnisme&quot;","block_context":{"text":"Confusionnisme","link":"https:\/\/www.incaudavenenum.org\/cut.the.crap\/category\/confusionnisme\/"},"img":{"alt_text":"","src":"https:\/\/i0.wp.com\/www.incaudavenenum.org\/cut.the.crap\/wp-content\/uploads\/2019\/11\/Capture-d%E2%80%99e%CC%81cran-2019-11-27-a%CC%80-16.27.29.png?resize=350%2C200&ssl=1","width":350,"height":200,"srcset":"https:\/\/i0.wp.com\/www.incaudavenenum.org\/cut.the.crap\/wp-content\/uploads\/2019\/11\/Capture-d%E2%80%99e%CC%81cran-2019-11-27-a%CC%80-16.27.29.png?resize=350%2C200&ssl=1 1x, https:\/\/i0.wp.com\/www.incaudavenenum.org\/cut.the.crap\/wp-content\/uploads\/2019\/11\/Capture-d%E2%80%99e%CC%81cran-2019-11-27-a%CC%80-16.27.29.png?resize=525%2C300&ssl=1 1.5x, https:\/\/i0.wp.com\/www.incaudavenenum.org\/cut.the.crap\/wp-content\/uploads\/2019\/11\/Capture-d%E2%80%99e%CC%81cran-2019-11-27-a%CC%80-16.27.29.png?resize=700%2C400&ssl=1 2x"},"classes":[]},{"id":1535,"url":"https:\/\/www.incaudavenenum.org\/cut.the.crap\/mode\/","url_meta":{"origin":414,"position":5},"title":"Mode","author":"Serge Victor","date":"15 mars 2019","format":"quote","excerpt":"\"La bourgeoisie a toujours bon go\u00fbt puisque le bon go\u00fbt se d\u00e9finit par le fait que c'est le sien. Elle ne saurait d\u00e9roger au dress code qu'elle fixe. Un prolo d\u00e9barquant en sous-pull jaune dans une soir\u00e9e commet une faute de go\u00fbt, un bourgeois pareillement attif\u00e9 vient de red\u00e9finir le\u2026","rel":"","context":"Dans &quot;Citations&quot;","block_context":{"text":"Citations","link":"https:\/\/www.incaudavenenum.org\/cut.the.crap\/category\/lectures\/citations\/"},"img":{"alt_text":"","src":"","width":0,"height":0},"classes":[]}],"jetpack_sharing_enabled":true,"_links":{"self":[{"href":"https:\/\/www.incaudavenenum.org\/cut.the.crap\/wp-json\/wp\/v2\/posts\/414","targetHints":{"allow":["GET"]}}],"collection":[{"href":"https:\/\/www.incaudavenenum.org\/cut.the.crap\/wp-json\/wp\/v2\/posts"}],"about":[{"href":"https:\/\/www.incaudavenenum.org\/cut.the.crap\/wp-json\/wp\/v2\/types\/post"}],"author":[{"embeddable":true,"href":"https:\/\/www.incaudavenenum.org\/cut.the.crap\/wp-json\/wp\/v2\/users\/6"}],"replies":[{"embeddable":true,"href":"https:\/\/www.incaudavenenum.org\/cut.the.crap\/wp-json\/wp\/v2\/comments?post=414"}],"version-history":[{"count":0,"href":"https:\/\/www.incaudavenenum.org\/cut.the.crap\/wp-json\/wp\/v2\/posts\/414\/revisions"}],"wp:attachment":[{"href":"https:\/\/www.incaudavenenum.org\/cut.the.crap\/wp-json\/wp\/v2\/media?parent=414"}],"wp:term":[{"taxonomy":"category","embeddable":true,"href":"https:\/\/www.incaudavenenum.org\/cut.the.crap\/wp-json\/wp\/v2\/categories?post=414"},{"taxonomy":"post_tag","embeddable":true,"href":"https:\/\/www.incaudavenenum.org\/cut.the.crap\/wp-json\/wp\/v2\/tags?post=414"}],"curies":[{"name":"wp","href":"https:\/\/api.w.org\/{rel}","templated":true}]}}