{"id":642,"date":"2013-02-14T22:32:23","date_gmt":"2013-02-14T21:32:23","guid":{"rendered":"http:\/\/cut.the.crap.free.fr\/?p=642"},"modified":"2013-02-14T22:32:23","modified_gmt":"2013-02-14T21:32:23","slug":"homophobie-partout-egalite-nulle-part","status":"publish","type":"post","link":"https:\/\/www.incaudavenenum.org\/cut.the.crap\/homophobie-partout-egalite-nulle-part\/","title":{"rendered":"Homophobie partout, \u00e9galit\u00e9 nulle part"},"content":{"rendered":"<p style=\"text-align: justify;\">Mardi 12 f\u00e9vrier 2013, l&rsquo;Assembl\u00e9e Nationale votait \u00e0 une large majorit\u00e9 le texte relatif au \u00ab\u00a0mariage pour tous\u00a0\u00bb, qui devrait autoriser les personnes de m\u00eame sexe \u00e0 se marier. A moins d&rsquo;un coup de th\u00e9\u00e2tre au s\u00e9nat ou au conseil constitutionnel, l&rsquo;affaire est donc class\u00e9e. Encore que&#8230; Malgr\u00e9 la d\u00e9termination, la dignit\u00e9 et l&rsquo;\u00e9loquence de Christiane Taubira,\u00a0les h\u00e9sitations de Fran\u00e7ois Hollande ainsi que les cafouillages gouvernementaux auront permis au d\u00e9bat de s&rsquo;\u00e9terniser, laissant la droite r\u00e9actionnaire la plus b\u00eate du monde tenir le haut du pav\u00e9. Du coup, l&rsquo;acc\u00e8s \u00e0 la PMA pour tous et l&rsquo;encadrement de la GPA sont repouss\u00e9s <em>sine die, <\/em>malgr\u00e9 le courage de la d\u00e9put\u00e9e Marie-George Buffet qui s&rsquo;est retrouv\u00e9e bien isol\u00e9e, m\u00eame au sein de son propre groupe. La r\u00e9elle avanc\u00e9e en terme d&rsquo;\u00e9galit\u00e9 des droits que constitue le mariage pour tous reste donc bien limit\u00e9e. Ce qui est encore plus inqui\u00e9tant, c&rsquo;est que ces trop longs mois de d\u00e9bat auront permis \u00e0 l&rsquo;homophobie la plus ignoble de s&rsquo;exprimer ouvertement, y compris dans les rangs de la gauche, sous pr\u00e9texte notamment que le mariage \u00ab\u00a0homo\u00a0\u00bb n&rsquo;int\u00e9resserait pas le peuple et ne serait qu&rsquo;une \u00ab\u00a0diversion\u00a0\u00bb pour faire oublier les \u00ab\u00a0vraies\u00a0\u00bb questions, c&rsquo;est-\u00e0-dire les questions sociales. S&rsquo;il est vrai qu&rsquo;on peut suspecter \u00e0 bon droit le gouvernement PS de pr\u00e9f\u00e9rer mettre l&rsquo;accent sur les questions <em>soci\u00e9tales<\/em> qui ne co\u00fbtent rien plut\u00f4t que sur sa trop \u00e9vidente reddition \u00e0 l&rsquo;ordre <em>aust\u00e9ritaire<\/em>, force est de constater que ce gouvernement aura \u00e9t\u00e9 tr\u00e8s timor\u00e9 m\u00eame sur le terrain des moeurs, et que ce d\u00e9bat-l\u00e0 n&rsquo;aura en rien masqu\u00e9 l&rsquo;ampleur du d\u00e9sastre social dans lequel la soumission aux march\u00e9s plonge le pays. D&rsquo;ailleurs, le jour-m\u00eame de l&rsquo;adoption de la loi sur le mariage pour tous par l&rsquo;Assembl\u00e9e nationale, les \u00e9coles \u00e9taient bloqu\u00e9es par une gr\u00e8ve massive, et nombre d&rsquo;ouvriers \u00e9taient en lutte contre les plans sociaux (Goodyear, Florange, Sanofi), preuve s&rsquo;il en \u00e9tait besoin qu&rsquo;une mobilisation ne se fait jamais au d\u00e9triment d&rsquo;une autre, mais qu&rsquo;au contraire la lutte pour l&rsquo;\u00e9galit\u00e9 ne peut que se renforcer d&rsquo;\u00eatre men\u00e9e de front sur tous les aspects. Mais certains ne veulent d\u00e9cid\u00e9ment pas le comprendre&#8230;<\/p>\n<h3 style=\"text-align: justify;\"><span style=\"text-decoration: underline;\">L&rsquo;homophobie tendance trostkarde<\/span><\/h3>\n<p style=\"text-align: justify;\">Un exemple r\u00e9v\u00e9lateur est Ilan Simon. Militant trotskyste de l&rsquo;ARS-combat (qui l&rsquo;a <a href=\"http:\/\/www.ars-combat.fr\/actualites\/breve-105.html\" target=\"_blank\">d\u00e9savou\u00e9<\/a> par la suite, mais qui avait d\u00e9j\u00e0 proc\u00e9d\u00e9 \u00e0 des <a href=\"http:\/\/www.ars-combat.fr\/journal\/article\/combat-39-article-480.html\" target=\"_blank\">amalgames<\/a> foireux entre adoption, PMA, et marchandisation), il est all\u00e9 jusqu&rsquo;\u00e0 envoyer une <a href=\"http:\/\/www.24presse.com\/mariage_pour_tous___lettre_de_soutien_d_un_militant_d_extreme_gauche_a_frigide_barjot-996356.html\" target=\"_blank\">lettre<\/a> de soutien \u00e0 l&rsquo;extr\u00e9miste de droite Frigide Barjot. Sous couvert de r\u00e9f\u00e9rences \u00e0 Freud, Marx, L\u00e9nine et Trotsky, il s&rsquo;y montre parfaitement r\u00e9actionnaire, citant par exemple sans rire le texte confus de son groupuscule :<\/p>\n<blockquote>\n<p style=\"text-align: justify;\">\u00ab\u00a0(&#8230;) Il  faut affirmer, face aux furies d&rsquo;un \u00e9galitarisme caricatural et born\u00e9,  que ce n&rsquo;est pas \u00eatre homophobe que de poser la question, \u00e0 notre tour,  de l&rsquo;impact psychologique et affectif sur l&rsquo;enfant \u00e9lev\u00e9 par un couple  homosexuel. Car si la famille a toujours \u00e9volu\u00e9, il n&rsquo;y a jamais eu \u00e0  notre connaissance de familles constitu\u00e9es de membres d\u2019un seul et m\u00eame  sexe. D\u2019autre part, nous ne pouvons ignorer les nombreuses \u00e9tudes qui  ont d\u00e9montr\u00e9 l\u2019impact n\u00e9gatif de l\u2019absence du p\u00e8re sur le d\u00e9veloppement  de l\u2019enfant.\u00a0\u00bb<\/p>\n<\/blockquote>\n<p style=\"text-align: justify;\">Pourtant, poser cette \u00ab\u00a0question\u00a0\u00bb est bel et bien homophobe. Car quoi que puissent en penser Ilan Simon et l&rsquo;ARS-Combat, les enfants de couples homosexuels existent d\u00e9j\u00e0. Pourquoi Ilan Simon et son parti ne se posent-ils pas plut\u00f4t la question de \u00ab\u00a0l&rsquo;impact psychologique\u00a0\u00bb que peut avoir sur des enfants \u00e9lev\u00e9s par un couple homosexuel le fait qu&rsquo;un de ses parents ne puisse \u00eatre reconnu comme tel\u00a0? La posture r\u00e9volutionnaire masque ici bien mal le paternalisme et l&rsquo;homophobie.<\/p>\n<h3 style=\"text-align: justify;\"><span style=\"text-decoration: underline;\">C&rsquo;est arriv\u00e9 pr\u00e8s de chez nous<\/span><\/h3>\n<p style=\"text-align: justify;\">Plus inqui\u00e9tant encore, ce livre de\u00a0Stella Magliani-Belkacem et F\u00e9lix Boggio Ewanj\u00e9-Ep\u00e9e :\u00a0<em>Les f\u00e9ministes blanches et l\u2019empire <\/em>(voir <a href=\"http:\/\/www.rue89.com\/sites\/news\/files\/assets\/document\/2013\/02\/feminismebat4_77-97_1.pdf\" target=\"_blank\">le texte int\u00e9gral du chapitre V<\/a> diffus\u00e9 par <em><a href=\"http:\/\/www.rue89.com\/2013\/02\/08\/les-indigenes-les-arabes-et-lhomosexualite-le-texte-integral-239460\" target=\"_blank\">Rue 89<\/a><\/em>). Inqui\u00e9tant par la th\u00e8se qu&rsquo;il v\u00e9hicule, mais aussi et surtout parce que publi\u00e9 aux \u00e9ditions La Fabrique d&rsquo;Eric Hazan (qu&rsquo;on a connu mieux inspir\u00e9), dont Stella Magliani-Belkacem est\u00a0secr\u00e9taire d\u2019\u00e9dition (elle \u00e9tait m\u00eame intervenue\u00a0\u00e0 l\u2019universit\u00e9 d\u2019\u00e9t\u00e9 du Front de Gauche en 2012 pour s\u2019exprimer sur \u00ab\u00a0l\u2019anti-racisme et le mutliculturalisme\u00a0\u00bb). Dans une interview donn\u00e9e \u00e0 Robin d&rsquo;Angelo pour <a href=\"http:\/\/www.streetpress.com\/sujet\/74580-plus-forts-que-frigide-barjot-les-indigenes-de-la-republique-denoncent-l-imperialisme-gay?utm_campaign=20130206_m115141044_Plus+forts+que+Frigide+Barjot%2C+les+Indig%C3%A8nes+de+la+R%C3%A9publique+d%C3%A9noncent+l%E2%80%99%C2%AB+imp%C3%A9rialisme+gay+%C2%BB&amp;utm_content=Plus+forts+que+Frigide+Barjot%2C+les+Indig%C3%A8nes+de+la+R%C3%A9publique+d%C3%A9noncent+l%27Imp%C3%A9rialisme+Gay&amp;utm_medium=email&amp;utm_source=MadMimi&amp;utm_term=Cliquez+ici+\" target=\"_blank\">Street Press<\/a> et reprise sur Rue 89, les deux auteurs s&rsquo;opposent selon l&rsquo;<em>interviewer<\/em> \u00e0 \u00ab\u00a0un discours d\u2019inscription des droits sexuels qui institutionnalise l\u2019homosexualit\u00e9 telle qu\u2019elle est d\u00e9finie en Occident\u00a0\u00bb, d\u00e9non\u00e7ant \u00ab\u00a0la tentative de faire de l\u2019homosexualit\u00e9 une identit\u00e9 universelle qui serait partag\u00e9e par tous les peuples et toutes les populations\u00a0\u00bb. Le livre est d\u00e9dicac\u00e9 \u00e0\u00a0Houria Bouteldja, du Parti des Indig\u00e8nes de la R\u00e9publique (PIR), et m\u00eame si Stella Magliani-Belkacem a cru bon ensuite de <a href=\"http:\/\/www.rue89.com\/2013\/02\/08\/les-indigenes-les-arabes-et-lhomosexualite-le-texte-integral-239460\" target=\"_blank\">pr\u00e9ciser<\/a> qu&rsquo;elle avait \u00e9t\u00e9 mal lue et qu&rsquo;elle n&rsquo;\u00e9tait pas membre de ce mouvement, la convergence d&rsquo;id\u00e9es est notable, particuli\u00e8rement dans la tentative commune (et s&rsquo;appuyant sur les m\u00eames r\u00e9f\u00e9rences, par exemple \u00e0 Joseph Massad) d&rsquo;opposer \u00ab\u00a0identit\u00e9 homosexuelle\u00a0\u00bb occidentale et pratiques homo-\u00e9rotiques dans le monde arabo-musulman pr\u00e9colonial. Soit dit en passant, cela donne surtout envie de leur r\u00e9pondre : \u00ab\u00a0ah ouais, et alors ?\u00a0\u00bb<\/p>\n<p style=\"text-align: justify;\">Extrait du livre :<\/p>\n<blockquote>\n<p style=\"text-align: justify;\">\u00ab\u00a0Comme dans le cas du f\u00e9minisme, la r\u00e9action contemporaine n\u2019a eu de cesse ces derni\u00e8res ann\u00e9es de faire des non-Blancs la premi\u00e8re menace contre les \u00ab homosexuels \u00bb. Du \u00ab jeune de banlieue \u00bb viriliste et macho jusqu\u2019aux musulmans \u00ab int\u00e9gristes \u00bb, les hommes noirs et arabes, mais aussi les cultures non occidentales \u2013 en particulier islamique \u2013 sont repr\u00e9sent\u00e9s comme une force majeure de la domination h\u00e9t\u00e9rosexiste contemporaine. Comme on l\u2019a souvent rappel\u00e9, cette man\u0153uvre n\u2019est l\u00e0 que pour d\u00e9douaner la France blanche de son homophobie, de sa lesbophobie et de sa transphobie structurelles, inscrites dans la l\u00e9gislation, les dispositifs scolaires et m\u00e9dicaux ou encore les politiques d\u2019acc\u00e8s aux soins.\u00a0\u00bb<\/p>\n<\/blockquote>\n<p style=\"text-align: justify;\">Il y a l\u00e0 (comme souvent chez les Indig\u00e8nes de la R\u00e9publique) une forme de pens\u00e9e parano\u00efaque qui ne veut comprendre le monde que par l&rsquo;unique prisme de l&rsquo;imp\u00e9rialisme, du colonialisme, du racisme ou de l&rsquo;islamophobie. La revendication d&rsquo;\u00e9tendre le droit au mariage aux couples homosexuels, pourtant, pointait bien une discrimination inscrite dans la l\u00e9gislation fran\u00e7aise et non dans des moeurs orientales ou exotiques en vigueur outre-p\u00e9riph\u00e9rique. Les organisations et les partis qui ont port\u00e9 cette revendication et ont obtenu son inscription dans la loi par l&rsquo;Assembl\u00e9e nationale d\u00e9passent de loin le cadre du seul mouvement LGBT, et cette revendication ne nuit d\u00e9cid\u00e9ment en rien au monde arabo-musulman ni aux pratiques qui s&rsquo;y d\u00e9rouleraient de pr\u00e9f\u00e9rence en secret. S&rsquo;il est vrai que la lutte contre l&rsquo;homophobie en banlieue ou dans certains pays musulmans peut tr\u00e8s bien \u00eatre r\u00e9cup\u00e9r\u00e9e par des islamophobes patent\u00e9s (FN, \u00ab\u00a0identitaires\u00a0\u00bb&#8230; pr\u00eats \u00e0 r\u00e9cup\u00e9rer jusqu&rsquo;\u00e0 l&rsquo;id\u00e9e de la\u00efcit\u00e9), cela ne signifie pas que toute d\u00e9nonciation de l&rsquo;homophobie en banlieue ou en terre d&rsquo;Islam soit condamn\u00e9e \u00e0 prendre un caract\u00e8re islamophobe. L&rsquo;homophobie et la\u00a0misogynie\u00a0sont de tristes r\u00e9alit\u00e9s de certains quartiers (qui n&rsquo;en ont pas non plus le monopole) : la femme non-voil\u00e9e se promenant seule ou l&rsquo;homme soup\u00e7onnable d&rsquo;\u00eatre un p\u00e9d\u00e9 y re\u00e7oivent ais\u00e9ment insultes ou crachats, si ce n&rsquo;est pire. Ce n&rsquo;est pas parce qu&rsquo;un jeune \u00ab\u00a0non-blanc\u00a0\u00bb de banlieue est victime de racisme qu&rsquo;il est immunis\u00e9 lui-m\u00eame contre cette autre forme de racisme qu&rsquo;est la haine des homosexuels (ou des femmes). Ce racisme-l\u00e0, m\u00eame \u00e9manant d&rsquo;une victime, n&rsquo;est pas plus acceptable qu&rsquo;un autre. Etre soi-m\u00eame m\u00e9pris\u00e9 comme \u00ab\u00a0non-blanc\u00a0\u00bb peut pousser \u00e0 m\u00e9priser d&rsquo;autres victimes, \u00e0 commencer par le \u00ab\u00a0p\u00e9d\u00e9\u00a0\u00bb, f\u00fbt-il lui m\u00eame \u00ab\u00a0non-blanc\u00a0\u00bb. Et le cas \u00e9ch\u00e9ant, on peut toujours trouver plus eff\u00e9min\u00e9 que soi. Au pire, il reste toujours les Roms, les clodos ou les putes. La r\u00e9alit\u00e9 du racisme n&rsquo;excuse pas l&rsquo;homophobie qu&rsquo;il peut amplifier. Il faut lutter contre les deux. L&rsquo;esprit du capitalisme a-t-il \u00e0 ce point contamin\u00e9 les consciences que les d\u00e9fenseurs d&rsquo;une cause aient forc\u00e9ment \u00e0 la situer en concurrence avec toute autre ?\u00a0D\u00e9noncer des pratiques homophobes \u00e0 tel endroit (par exemple dans les \u00ab\u00a0quartiers\u00a0\u00bb) ne revient pourtant pas \u00e0 les accepter ailleurs (par exemple dans les campagnes bien franchouillardes) ni \u00e0 minimiser les autres formes de violence sociale, religieuse ou raciale, en France ou dans le monde. Il faut lutter contre toutes les formes de racisme et de domination sociale, chaque lutte enrichissant l&rsquo;autre, aucune ne se faisant au d\u00e9triment des autres, toutes \u00e9tant constitutives de l&rsquo;\u00e9mancipation humaine.<\/p>\n<h3 style=\"text-align: justify;\"><span style=\"text-decoration: underline;\">L&rsquo;homophobie justifi\u00e9e par \u00ab\u00a0l&rsquo;imp\u00e9rialisme gay\u00a0\u00bb<\/span><\/h3>\n<p style=\"text-align: justify;\">Les auteurs du livre <em>Les f\u00e9ministes blanches et l\u2019empire <\/em>posent que \u00ab\u00a0la binarit\u00e9 homosexuel\/h\u00e9t\u00e9rosexuel\u00a0\u00bb serait une invention de l&rsquo;occident impos\u00e9e par la colonisation au monde arabe. En cela, ils rejoignent tout \u00e0 fait la pens\u00e9e de celle \u00e0 qui ils ont d\u00e9dicac\u00e9 leur ouvrage, m\u00eame s&rsquo;ils ne se revendiquent pas de son parti (le PIR). Houria Bouteldja ne s&rsquo;y est d&rsquo;ailleurs pas tromp\u00e9e, puisqu&rsquo;elle a cru bon, suite \u00e0 la pol\u00e9mique d\u00e9clench\u00e9e par l&rsquo;article de Robin d&rsquo;Angelo, de <a href=\"http:\/\/www.indigenes-republique.fr\/article.php3?id_article=1794\" target=\"_blank\">revenir<\/a> le 12 f\u00e9vrier 2013 sur ce sujet et sur les propos qu&rsquo;elle avait tenus le 6 novembre 2012 sur <a href=\"http:\/\/www.france3.fr\/videos\/72105276\" target=\"_blank\">France 3<\/a>. \u00a0Selon elle, la question du \u00ab\u00a0mariage gay\u00a0\u00bb ne concerne pas les populations des \u00ab\u00a0quartiers\u00a0\u00bb, que par un raccourci assez os\u00e9, elle assimile \u00e0 des \u00ab\u00a0non-blancs\u00a0\u00bb (il n&rsquo;y aurait donc pas de prol\u00e9tariat blanc dans les \u00ab\u00a0quartiers\u00a0\u00bb ?) :<\/p>\n<blockquote>\n<p style=\"text-align: justify;\">\u00ab\u00a0\u00c7a ne signifie pas qu\u2019il n\u2019y a pas de pratiques homosexuelles dans les quartiers, \u00e7a signifie qu\u2019elle n\u2019est pas prioritaire et qu\u2019on a d\u2019autres choses beaucoup plus importantes et urgentes.\u00a0\u00bb<\/p>\n<\/blockquote>\n<p style=\"text-align: justify;\">A ce compte, les homosexuels blancs qui ne constituent pas le fond de commerce d&rsquo;Houria Bouteldja\u00a0pourraient parfaitement lui r\u00e9torquer que pour eux, la question de l&rsquo;\u00e9galit\u00e9 dans l&rsquo;acc\u00e8s au logement ou \u00e0 l&#8217;emploi pour les \u00ab\u00a0non-blancs\u00a0\u00bb h\u00e9t\u00e9rosexuels des quartiers populaires n&rsquo;est pas une priorit\u00e9, quand bien m\u00eame ces populations auraient tr\u00e8s secr\u00e8tement des pratiques homo-\u00e9rotiques. Ils seraient alors accus\u00e9s \u00e0 juste titre de racisme et d&rsquo;h\u00e9t\u00e9rophobie. Qu&rsquo;on parle de droit au mariage ou de droit \u00e0 l&#8217;emploi et au logement, il s&rsquo;agit bien d&rsquo;un seul et m\u00eame probl\u00e8me absolument prioritaire : celui de l&rsquo;\u00e9galit\u00e9 des droits. Il est certes terrible que le frileux gouvernement PS ne s&rsquo;attaque pas \u00e0 toutes les discriminations, mais\u00a0Houria Bouteldja devrait comprendre que ce n&rsquo;est pas le \u00ab\u00a0mariage gay\u00a0\u00bb qui emp\u00eache les Arabes d&rsquo;acc\u00e9der aux emplois, et que ce n&rsquo;est pas en critiquant le \u00ab\u00a0mariage gay\u00a0\u00bb (ou en disant \u00e0 la t\u00e9l\u00e9, en plein d\u00e9bat sur ce sujet : \u00ab\u00a0l\u00e0 o\u00f9 je suis, parce que\u00a0je n\u2019ai pas un avis universel, l\u00e0 o\u00f9 je suis, je dis, cette question ne me concerne pas\u00a0\u00bb) qu&rsquo;elle fera avancer la cause des \u00ab\u00a0indig\u00e8nes\u00a0\u00bb discrimin\u00e9s.<\/p>\n<p style=\"text-align: justify;\">Et\u00a0Houria Bouteldja d&rsquo;ajouter :<\/p>\n<blockquote>\n<p style=\"text-align: justify;\">\u00ab\u00a0La seconde chose, c\u2019est que je ne crois pas \u00e0 l\u2019universalit\u00e9 de l\u2019identit\u00e9 politique homosexuelle. C\u2019est-\u00e0-dire que je fais la distinction entre le fait qu\u2019il peut y avoir des pratiques homosexuelles effectivement dans les quartiers ou ailleurs mais que \u00e7a ne se manifeste pas par une revendication identitaire politique. Celle-ci n\u2019est pas universelle. Et moi je fais un peu ce reproche l\u00e0 au d\u00e9bat politique fran\u00e7ais, il consid\u00e8re, dans les milieux homosexuels, majoritairement, et c\u2019est ce qu\u2019on appelle homonationalisme et que je pr\u00e9f\u00e8re appeler homoracialisme qui consiste \u00e0 consid\u00e9rer que lorsqu\u2019on est homosexuel, on doit faire son coming out et les revendications qui vont avec.\u00a0\u00bb<\/p>\n<\/blockquote>\n<p style=\"text-align: justify;\">Inversion tout \u00e0 fait sp\u00e9cieuse du probl\u00e8me \u00e9voqu\u00e9 par Johan Cadirot, administrateur du Refuge &#8211;  \u00ab\u00a0une association qui loge les victimes d\u2019homophobie\u00a0\u00bb &#8211; qui affirmait qu\u2019il  n\u2019y a pas \u00ab\u00a0moins d\u2019homos\u00a0\u00bb dans les cit\u00e9s, mais qu\u2019ils \u00ab\u00a0sont plus  cach\u00e9s et dans le d\u00e9ni. \u00bb Avec une grande malhonn\u00eatet\u00e9 intellectuelle, Houria Bouteldja tente d&rsquo;en conclure que \u00ab\u00a0l\u2019enjeu est donc bien de convaincre des non-Blancs qu\u2019ils doivent s\u2019identifier comme homosexuels\u00a0\u00bb, et que \u00ab\u00a0c\u2019est un choix qui s\u2019inscrit dans le  militantisme homosexuel h\u00e9g\u00e9monique\u00a0: c\u2019est le choix entre la fiert\u00e9 et  la honte, le placard ou le <em>coming out<\/em>.\u00a0\u00bb En r\u00e9alit\u00e9, Johan Cadirot d\u00e9non\u00e7ait \u00e0 juste le titre le fait que des homosexuels sont oblig\u00e9s de se cacher ou de se mentir \u00e0 eux-m\u00eames sous peine de se faire exclure ou casser la gueule (voire pire). Il ne disait en rien que tous les homosexuels ou les adeptes de pratiques homo-\u00e9rotiques devraient faire obligatoirement un quelconque <em>coming out<\/em>. C&rsquo;est un faux proc\u00e8s qui vise \u00e0 faire passer un d\u00e9fenseur des opprim\u00e9s pour un oppresseur, et par l\u00e0-m\u00eame les victimes pour des bourreaux. Il existe peut-\u00eatre des int\u00e9gristes <em>gays<\/em> qui veulent imposer un mode de vie <em>gay<\/em> \u00e0 tout homosexuel (ou \u00e0 tout adepte de pratiques homo-\u00e9rotiques), de m\u00eame qu&rsquo;il existe des int\u00e9gristes religieux qui veulent imposer leur lecture de la religion \u00e0 tout \u00eatre humain. Mais ce n&rsquo;est absolument pas ce qui est en jeu avec le mariage pour tous, puisqu&rsquo;il s&rsquo;agit \u2014 mais\u00a0Houria Bouteldja fait mine de ne pas le comprendre \u2014 d&rsquo;un droit et non d&rsquo;une obligation. Le mariage pour tous n&rsquo;impose aucune norme aux homosexuels, ni aux h\u00e9t\u00e9rosexuels, ni aux h\u00e9t\u00e9rosexuels adeptes de pratiques homo-\u00e9rotiques, ni m\u00eames aux personnes arabo-musulmanes d\u00e9colonis\u00e9es ne se reconnaissant pas ou plus dans la dichotomie h\u00e9t\u00e9ro\/homo impos\u00e9e par l&rsquo;imp\u00e9rialisme occidental petit-bourgeois. Le mariage pour tous permet juste aux couples homosexuels\u00a0<em>qui le souhaitent<\/em> de b\u00e9n\u00e9ficier des m\u00eames droits que les couples h\u00e9t\u00e9rosexuels. Il supprime une discrimination. Il n&rsquo;impose aucun usage. Il ne fonde aucune \u00ab\u00a0identit\u00e9 politique homosexuelle\u00a0\u00bb universelle. Il \u00e9largit juste le champ d&rsquo;application du principe universel d&rsquo;\u00e9galit\u00e9 des droits. C&rsquo;est bien le m\u00eame principe universel qui doit b\u00e9n\u00e9ficier aux \u00ab\u00a0indig\u00e8nes\u00a0\u00bb. Car, comme le dit un flic dans l&rsquo;excellent film \u00ab\u00a0<a href=\"http:\/\/www.cinemovies.fr\/film\/la-parade_e460099\" target=\"_blank\">La parade<\/a>\u00a0\u00bb de Sr\u0111an Dragojevi\u0107\u00a0: \u00ab\u00a0si on donne les droits de l&rsquo;homme aux p\u00e9d\u00e9s, faudra les donner \u00e0 tout le monde\u00a0\u00bb.<\/p>\n<p><iframe loading=\"lazy\" width=\"560\" height=\"315\" src=\"http:\/\/www.youtube.com\/embed\/6FnzNPfngzg\" frameborder=\"0\" allowfullscreen><\/iframe><\/p>\n<p style=\"text-align: justify;\">&nbsp;<\/p>\n<p style=\"text-align: justify;\">Comme enivr\u00e9e de sa propre phras\u00e9ologie, Houria Bouteldja ass\u00e8ne plus loin :<\/p>\n<blockquote>\n<p style=\"text-align: justify;\">\u00ab\u00a0La promotion de l\u2019homosexualit\u00e9 comme identit\u00e9 politique produit des d\u00e9g\u00e2ts tant sur le v\u00e9cu des homosexuels dont la vie peut-\u00eatre mise en danger que sur les rapports sociaux surtout quand la protection due aux minorit\u00e9s sexuelles devient une exigence politique et \u00e9thique internationale \u00e0 l\u2019aune de laquelle se mesure la maturit\u00e9 civilisationnelle des nations n\u00e9o-colonis\u00e9es. Il serait temps, une bonne fois pour toute, de comprendre que l\u2019imp\u00e9rialisme &#8211; sous toutes ses formes &#8211; ensauvage l\u2019indig\u00e8ne\u00a0: \u00e0 l\u2019internationale gay, les soci\u00e9t\u00e9s du sud r\u00e9pondent par une s\u00e9cr\u00e9tion de haine contre les homosexuels l\u00e0 o\u00f9 elle n\u2019existait pas ou par un regain d\u2019homophobie l\u00e0 o\u00f9 elle existait d\u00e9j\u00e0, au f\u00e9minisme imp\u00e9rialiste, elles r\u00e9pondent par un durcissement du patriarcat et par une recrudescence des violences faites aux femmes, \u00e0 l\u2019humanisme blanc et droit de l\u2019hommiste, elles r\u00e9pondent par un rejet de l\u2019universalisme blanc, \u00e0 toutes les formes d\u2019ing\u00e9rence commises par l\u2019Occident et qu\u2019il serait fastidieux d\u2019\u00e9num\u00e9rer ici, elles r\u00e9pondent par une hostilit\u00e9 grandissante. (&#8230;)<\/p>\n<p style=\"text-align: justify;\">C\u2019est pourquoi, de fa\u00e7on analogue, les quartiers populaires r\u00e9pondent \u00e0  l\u2019homoracialisme par un virilisme identitaire et&#8230;toujours plus  d\u2019homophobie.\u00a0\u00bb<\/p>\n<\/blockquote>\n<p style=\"text-align: justify;\">De fa\u00e7on proprement d\u00e9lirante, Houria Bouteldja aura donc assimil\u00e9 la simple revendication de l&rsquo;\u00e9galit\u00e9 des droits pour les homosexuels \u00e0 la promotion de l&rsquo;homosexualit\u00e9 comme identit\u00e9 politique, laquelle serait par nature imp\u00e9rialiste (puisqu&rsquo;occidentale) et donc logiquement rejet\u00e9e par les \u00ab\u00a0indig\u00e8nes\u00a0\u00bb, conduits par l\u00e0 m\u00eame \u00e0 l&rsquo;homophobie. Dans cette fausse logique, le responsable de l&rsquo;homophobie n&rsquo;est donc pas l&rsquo;homophobe mais l&rsquo;homosexuel. A ce jeu, on peut aller loin : le responsable des violences conjugales, ce n&rsquo;est pas le mari violent mais la femme, le responsable de l&rsquo;antis\u00e9mitisme, ce n&rsquo;est pas l&rsquo;antis\u00e9mite mais le juif, le responsable du colonialisme, ce n&rsquo;est pas le colon mais l&rsquo;indig\u00e8ne&#8230; quoique cette derni\u00e8re proposition risque tout de m\u00eame de d\u00e9plaire un peu aux \u00ab\u00a0Indig\u00e8nes de la R\u00e9publique\u00a0\u00bb. En nommant \u00ab\u00a0homoracialisme\u00a0\u00bb la volont\u00e9 des homosexuels de jouir des m\u00eames droits que les h\u00e9t\u00e9rosexuels, elle ne fait que projeter sur une autre <em>communaut\u00e9<\/em> que la sienne (et aussi peu d\u00e9finie que la sienne) le racialisme qu&rsquo;elle promeut elle-m\u00eame dans son combat pour les \u00ab\u00a0indig\u00e8nes\u00a0\u00bb.\u00a0Houria Bouteldja a choisi par calcul politique de soutenir l&rsquo;homophobie dans son camp plut\u00f4t que l&rsquo;\u00e9galit\u00e9 des droits, quitte \u00e0 heurter les \u00ab\u00a0blancs\u00a0\u00bb de gauche. Se faisant, elle se place en dehors de la gauche r\u00e9publicaine et enferme les siens dans un racialisme qui n&rsquo;est que le reflet de celui du colonialisme qu&rsquo;elle pr\u00e9tend combattre, les condamnant finalement \u00e0 ne jamais se d\u00e9coloniser vraiment, \u00e0 rester \u00e0 tout jamais des \u00ab\u00a0indig\u00e8nes\u00a0\u00bb. C&rsquo;est stupide et dangereux.<\/p>\n<p style=\"text-align: justify;\">&nbsp;<\/p>\n","protected":false},"excerpt":{"rendered":"<p>Mardi 12 f\u00e9vrier 2013, l&rsquo;Assembl\u00e9e Nationale votait \u00e0 une large majorit\u00e9 le texte relatif au \u00ab\u00a0mariage pour tous\u00a0\u00bb, qui devrait autoriser les personnes de m\u00eame sexe \u00e0 se marier. A moins d&rsquo;un coup de th\u00e9\u00e2tre au s\u00e9nat ou au conseil constitutionnel, l&rsquo;affaire est donc class\u00e9e. Encore que&#8230; Malgr\u00e9 la d\u00e9termination, la dignit\u00e9 et l&rsquo;\u00e9loquence de &hellip; <a href=\"https:\/\/www.incaudavenenum.org\/cut.the.crap\/homophobie-partout-egalite-nulle-part\/\" class=\"more-link\">Continuer la lecture<span class=\"screen-reader-text\"> de &laquo;&nbsp;Homophobie partout, \u00e9galit\u00e9 nulle part&nbsp;&raquo;<\/span><\/a><\/p>\n","protected":false},"author":6,"featured_media":0,"comment_status":"open","ping_status":"closed","sticky":false,"template":"","format":"standard","meta":{"jetpack_post_was_ever_published":false,"_jetpack_newsletter_access":"","_jetpack_dont_email_post_to_subs":false,"_jetpack_newsletter_tier_id":0,"_jetpack_memberships_contains_paywalled_content":false,"_jetpack_memberships_contains_paid_content":false,"footnotes":"","jetpack_publicize_message":"","jetpack_publicize_feature_enabled":true,"jetpack_social_post_already_shared":false,"jetpack_social_options":{"image_generator_settings":{"template":"highway","default_image_id":0,"font":"","enabled":false},"version":2}},"categories":[6],"tags":[25,58,102,110,142,152,154,156,213,215,280,282,294,324],"class_list":["post-642","post","type-post","status-publish","format-standard","hentry","category-phallocratie","tag-ars-combat","tag-christiane-taubira","tag-eric-hazan","tag-felix-boggio-ewanje-epee","tag-gpa","tag-homophobie","tag-houria-bouteldja","tag-ilan-simon","tag-mariage","tag-marie-george-buffet","tag-pir","tag-pma","tag-racisme","tag-stella-magliani-belkacem"],"yoast_head":"<!-- This site is optimized with the Yoast SEO plugin v27.5 - https:\/\/yoast.com\/product\/yoast-seo-wordpress\/ -->\n<title>Homophobie partout, \u00e9galit\u00e9 nulle part - Cut The Crap<\/title>\n<meta name=\"robots\" content=\"index, follow, max-snippet:-1, max-image-preview:large, max-video-preview:-1\" \/>\n<link rel=\"canonical\" href=\"https:\/\/www.incaudavenenum.org\/cut.the.crap\/homophobie-partout-egalite-nulle-part\/\" \/>\n<meta property=\"og:locale\" content=\"fr_FR\" \/>\n<meta property=\"og:type\" content=\"article\" \/>\n<meta property=\"og:title\" content=\"Homophobie partout, \u00e9galit\u00e9 nulle part - Cut The Crap\" \/>\n<meta property=\"og:description\" content=\"Mardi 12 f\u00e9vrier 2013, l&rsquo;Assembl\u00e9e Nationale votait \u00e0 une large majorit\u00e9 le texte relatif au \u00ab\u00a0mariage pour tous\u00a0\u00bb, qui devrait autoriser les personnes de m\u00eame sexe \u00e0 se marier. A moins d&rsquo;un coup de th\u00e9\u00e2tre au s\u00e9nat ou au conseil constitutionnel, l&rsquo;affaire est donc class\u00e9e. Encore que&#8230; Malgr\u00e9 la d\u00e9termination, la dignit\u00e9 et l&rsquo;\u00e9loquence de &hellip; Continuer la lecture de &laquo;&nbsp;Homophobie partout, \u00e9galit\u00e9 nulle part&nbsp;&raquo;\" \/>\n<meta property=\"og:url\" content=\"https:\/\/www.incaudavenenum.org\/cut.the.crap\/homophobie-partout-egalite-nulle-part\/\" \/>\n<meta property=\"og:site_name\" content=\"Cut The Crap\" \/>\n<meta property=\"article:publisher\" content=\"https:\/\/www.facebook.com\/Cut-the-Crap-239882412697830\/\" \/>\n<meta property=\"article:published_time\" content=\"2013-02-14T21:32:23+00:00\" \/>\n<meta property=\"og:image\" content=\"https:\/\/i0.wp.com\/www.incaudavenenum.org\/cut.the.crap\/wp-content\/uploads\/2018\/01\/marxengelsNB2.jpg?fit=940%2C198&ssl=1\" \/>\n\t<meta property=\"og:image:width\" content=\"940\" \/>\n\t<meta property=\"og:image:height\" content=\"198\" \/>\n\t<meta property=\"og:image:type\" content=\"image\/jpeg\" \/>\n<meta name=\"author\" content=\"\u1d10T\u1d04\" \/>\n<meta name=\"twitter:card\" content=\"summary_large_image\" \/>\n<meta name=\"twitter:creator\" content=\"@cutzecrap\" \/>\n<meta name=\"twitter:site\" content=\"@cutzecrap\" \/>\n<meta name=\"twitter:label1\" content=\"\u00c9crit par\" \/>\n\t<meta name=\"twitter:data1\" content=\"\u1d10T\u1d04\" \/>\n\t<meta name=\"twitter:label2\" content=\"Dur\u00e9e de lecture estim\u00e9e\" \/>\n\t<meta name=\"twitter:data2\" content=\"15 minutes\" \/>\n<script type=\"application\/ld+json\" class=\"yoast-schema-graph\">{\"@context\":\"https:\\\/\\\/schema.org\",\"@graph\":[{\"@type\":\"Article\",\"@id\":\"https:\\\/\\\/www.incaudavenenum.org\\\/cut.the.crap\\\/homophobie-partout-egalite-nulle-part\\\/#article\",\"isPartOf\":{\"@id\":\"https:\\\/\\\/www.incaudavenenum.org\\\/cut.the.crap\\\/homophobie-partout-egalite-nulle-part\\\/\"},\"author\":{\"name\":\"\u1d10T\u1d04\",\"@id\":\"https:\\\/\\\/www.incaudavenenum.org\\\/cut.the.crap\\\/#\\\/schema\\\/person\\\/eaf31c24c3305f6a141a521845cc9561\"},\"headline\":\"Homophobie partout, \u00e9galit\u00e9 nulle part\",\"datePublished\":\"2013-02-14T21:32:23+00:00\",\"mainEntityOfPage\":{\"@id\":\"https:\\\/\\\/www.incaudavenenum.org\\\/cut.the.crap\\\/homophobie-partout-egalite-nulle-part\\\/\"},\"wordCount\":3083,\"commentCount\":3,\"publisher\":{\"@id\":\"https:\\\/\\\/www.incaudavenenum.org\\\/cut.the.crap\\\/#organization\"},\"keywords\":[\"ARS-Combat\",\"Christiane Taubira\",\"Eric Hazan\",\"F\u00e9lix Boggio Ewanj\u00e9-Ep\u00e9e\",\"GPA\",\"homophobie\",\"Houria Bouteldja\",\"Ilan Simon\",\"mariage\",\"Marie-George Buffet\",\"PIR\",\"PMA\",\"racisme\",\"Stella Magliani-Belkacem\"],\"articleSection\":[\"Phallocratie\"],\"inLanguage\":\"fr-FR\",\"potentialAction\":[{\"@type\":\"CommentAction\",\"name\":\"Comment\",\"target\":[\"https:\\\/\\\/www.incaudavenenum.org\\\/cut.the.crap\\\/homophobie-partout-egalite-nulle-part\\\/#respond\"]}]},{\"@type\":\"WebPage\",\"@id\":\"https:\\\/\\\/www.incaudavenenum.org\\\/cut.the.crap\\\/homophobie-partout-egalite-nulle-part\\\/\",\"url\":\"https:\\\/\\\/www.incaudavenenum.org\\\/cut.the.crap\\\/homophobie-partout-egalite-nulle-part\\\/\",\"name\":\"Homophobie partout, \u00e9galit\u00e9 nulle part - Cut The Crap\",\"isPartOf\":{\"@id\":\"https:\\\/\\\/www.incaudavenenum.org\\\/cut.the.crap\\\/#website\"},\"datePublished\":\"2013-02-14T21:32:23+00:00\",\"breadcrumb\":{\"@id\":\"https:\\\/\\\/www.incaudavenenum.org\\\/cut.the.crap\\\/homophobie-partout-egalite-nulle-part\\\/#breadcrumb\"},\"inLanguage\":\"fr-FR\",\"potentialAction\":[{\"@type\":\"ReadAction\",\"target\":[\"https:\\\/\\\/www.incaudavenenum.org\\\/cut.the.crap\\\/homophobie-partout-egalite-nulle-part\\\/\"]}]},{\"@type\":\"BreadcrumbList\",\"@id\":\"https:\\\/\\\/www.incaudavenenum.org\\\/cut.the.crap\\\/homophobie-partout-egalite-nulle-part\\\/#breadcrumb\",\"itemListElement\":[{\"@type\":\"ListItem\",\"position\":1,\"name\":\"Accueil\",\"item\":\"https:\\\/\\\/www.incaudavenenum.org\\\/cut.the.crap\\\/\"},{\"@type\":\"ListItem\",\"position\":2,\"name\":\"Homophobie partout, \u00e9galit\u00e9 nulle part\"}]},{\"@type\":\"WebSite\",\"@id\":\"https:\\\/\\\/www.incaudavenenum.org\\\/cut.the.crap\\\/#website\",\"url\":\"https:\\\/\\\/www.incaudavenenum.org\\\/cut.the.crap\\\/\",\"name\":\"Cut The Crap\",\"description\":\"Blog de gauche\",\"publisher\":{\"@id\":\"https:\\\/\\\/www.incaudavenenum.org\\\/cut.the.crap\\\/#organization\"},\"potentialAction\":[{\"@type\":\"SearchAction\",\"target\":{\"@type\":\"EntryPoint\",\"urlTemplate\":\"https:\\\/\\\/www.incaudavenenum.org\\\/cut.the.crap\\\/?s={search_term_string}\"},\"query-input\":{\"@type\":\"PropertyValueSpecification\",\"valueRequired\":true,\"valueName\":\"search_term_string\"}}],\"inLanguage\":\"fr-FR\"},{\"@type\":\"Organization\",\"@id\":\"https:\\\/\\\/www.incaudavenenum.org\\\/cut.the.crap\\\/#organization\",\"name\":\"Cut The Crap\",\"url\":\"https:\\\/\\\/www.incaudavenenum.org\\\/cut.the.crap\\\/\",\"logo\":{\"@type\":\"ImageObject\",\"inLanguage\":\"fr-FR\",\"@id\":\"https:\\\/\\\/www.incaudavenenum.org\\\/cut.the.crap\\\/#\\\/schema\\\/logo\\\/image\\\/\",\"url\":\"https:\\\/\\\/i1.wp.com\\\/www.incaudavenenum.org\\\/cut.the.crap\\\/wp-content\\\/uploads\\\/2018\\\/01\\\/cTc.png?fit=100%2C95\",\"contentUrl\":\"https:\\\/\\\/i1.wp.com\\\/www.incaudavenenum.org\\\/cut.the.crap\\\/wp-content\\\/uploads\\\/2018\\\/01\\\/cTc.png?fit=100%2C95\",\"width\":100,\"height\":95,\"caption\":\"Cut The Crap\"},\"image\":{\"@id\":\"https:\\\/\\\/www.incaudavenenum.org\\\/cut.the.crap\\\/#\\\/schema\\\/logo\\\/image\\\/\"},\"sameAs\":[\"https:\\\/\\\/www.facebook.com\\\/Cut-the-Crap-239882412697830\\\/\",\"https:\\\/\\\/x.com\\\/cutzecrap\"]},{\"@type\":\"Person\",\"@id\":\"https:\\\/\\\/www.incaudavenenum.org\\\/cut.the.crap\\\/#\\\/schema\\\/person\\\/eaf31c24c3305f6a141a521845cc9561\",\"name\":\"\u1d10T\u1d04\",\"image\":{\"@type\":\"ImageObject\",\"inLanguage\":\"fr-FR\",\"@id\":\"https:\\\/\\\/secure.gravatar.com\\\/avatar\\\/bcb7ebb5cbee5342d0fa3e23aef3e05182efc0190ae68a6d9da7f1994c5fcbe0?s=96&d=mm&r=g\",\"url\":\"https:\\\/\\\/secure.gravatar.com\\\/avatar\\\/bcb7ebb5cbee5342d0fa3e23aef3e05182efc0190ae68a6d9da7f1994c5fcbe0?s=96&d=mm&r=g\",\"contentUrl\":\"https:\\\/\\\/secure.gravatar.com\\\/avatar\\\/bcb7ebb5cbee5342d0fa3e23aef3e05182efc0190ae68a6d9da7f1994c5fcbe0?s=96&d=mm&r=g\",\"caption\":\"\u1d10T\u1d04\"},\"url\":\"https:\\\/\\\/www.incaudavenenum.org\\\/cut.the.crap\\\/author\\\/zorblog\\\/\"}]}<\/script>\n<!-- \/ Yoast SEO plugin. -->","yoast_head_json":{"title":"Homophobie partout, \u00e9galit\u00e9 nulle part - Cut The Crap","robots":{"index":"index","follow":"follow","max-snippet":"max-snippet:-1","max-image-preview":"max-image-preview:large","max-video-preview":"max-video-preview:-1"},"canonical":"https:\/\/www.incaudavenenum.org\/cut.the.crap\/homophobie-partout-egalite-nulle-part\/","og_locale":"fr_FR","og_type":"article","og_title":"Homophobie partout, \u00e9galit\u00e9 nulle part - Cut The Crap","og_description":"Mardi 12 f\u00e9vrier 2013, l&rsquo;Assembl\u00e9e Nationale votait \u00e0 une large majorit\u00e9 le texte relatif au \u00ab\u00a0mariage pour tous\u00a0\u00bb, qui devrait autoriser les personnes de m\u00eame sexe \u00e0 se marier. A moins d&rsquo;un coup de th\u00e9\u00e2tre au s\u00e9nat ou au conseil constitutionnel, l&rsquo;affaire est donc class\u00e9e. Encore que&#8230; Malgr\u00e9 la d\u00e9termination, la dignit\u00e9 et l&rsquo;\u00e9loquence de &hellip; Continuer la lecture de &laquo;&nbsp;Homophobie partout, \u00e9galit\u00e9 nulle part&nbsp;&raquo;","og_url":"https:\/\/www.incaudavenenum.org\/cut.the.crap\/homophobie-partout-egalite-nulle-part\/","og_site_name":"Cut The Crap","article_publisher":"https:\/\/www.facebook.com\/Cut-the-Crap-239882412697830\/","article_published_time":"2013-02-14T21:32:23+00:00","og_image":[{"width":940,"height":198,"url":"https:\/\/i0.wp.com\/www.incaudavenenum.org\/cut.the.crap\/wp-content\/uploads\/2018\/01\/marxengelsNB2.jpg?fit=940%2C198&ssl=1","type":"image\/jpeg"}],"author":"\u1d10T\u1d04","twitter_card":"summary_large_image","twitter_creator":"@cutzecrap","twitter_site":"@cutzecrap","twitter_misc":{"\u00c9crit par":"\u1d10T\u1d04","Dur\u00e9e de lecture estim\u00e9e":"15 minutes"},"schema":{"@context":"https:\/\/schema.org","@graph":[{"@type":"Article","@id":"https:\/\/www.incaudavenenum.org\/cut.the.crap\/homophobie-partout-egalite-nulle-part\/#article","isPartOf":{"@id":"https:\/\/www.incaudavenenum.org\/cut.the.crap\/homophobie-partout-egalite-nulle-part\/"},"author":{"name":"\u1d10T\u1d04","@id":"https:\/\/www.incaudavenenum.org\/cut.the.crap\/#\/schema\/person\/eaf31c24c3305f6a141a521845cc9561"},"headline":"Homophobie partout, \u00e9galit\u00e9 nulle part","datePublished":"2013-02-14T21:32:23+00:00","mainEntityOfPage":{"@id":"https:\/\/www.incaudavenenum.org\/cut.the.crap\/homophobie-partout-egalite-nulle-part\/"},"wordCount":3083,"commentCount":3,"publisher":{"@id":"https:\/\/www.incaudavenenum.org\/cut.the.crap\/#organization"},"keywords":["ARS-Combat","Christiane Taubira","Eric Hazan","F\u00e9lix Boggio Ewanj\u00e9-Ep\u00e9e","GPA","homophobie","Houria Bouteldja","Ilan Simon","mariage","Marie-George Buffet","PIR","PMA","racisme","Stella Magliani-Belkacem"],"articleSection":["Phallocratie"],"inLanguage":"fr-FR","potentialAction":[{"@type":"CommentAction","name":"Comment","target":["https:\/\/www.incaudavenenum.org\/cut.the.crap\/homophobie-partout-egalite-nulle-part\/#respond"]}]},{"@type":"WebPage","@id":"https:\/\/www.incaudavenenum.org\/cut.the.crap\/homophobie-partout-egalite-nulle-part\/","url":"https:\/\/www.incaudavenenum.org\/cut.the.crap\/homophobie-partout-egalite-nulle-part\/","name":"Homophobie partout, \u00e9galit\u00e9 nulle part - Cut The Crap","isPartOf":{"@id":"https:\/\/www.incaudavenenum.org\/cut.the.crap\/#website"},"datePublished":"2013-02-14T21:32:23+00:00","breadcrumb":{"@id":"https:\/\/www.incaudavenenum.org\/cut.the.crap\/homophobie-partout-egalite-nulle-part\/#breadcrumb"},"inLanguage":"fr-FR","potentialAction":[{"@type":"ReadAction","target":["https:\/\/www.incaudavenenum.org\/cut.the.crap\/homophobie-partout-egalite-nulle-part\/"]}]},{"@type":"BreadcrumbList","@id":"https:\/\/www.incaudavenenum.org\/cut.the.crap\/homophobie-partout-egalite-nulle-part\/#breadcrumb","itemListElement":[{"@type":"ListItem","position":1,"name":"Accueil","item":"https:\/\/www.incaudavenenum.org\/cut.the.crap\/"},{"@type":"ListItem","position":2,"name":"Homophobie partout, \u00e9galit\u00e9 nulle part"}]},{"@type":"WebSite","@id":"https:\/\/www.incaudavenenum.org\/cut.the.crap\/#website","url":"https:\/\/www.incaudavenenum.org\/cut.the.crap\/","name":"Cut The Crap","description":"Blog de gauche","publisher":{"@id":"https:\/\/www.incaudavenenum.org\/cut.the.crap\/#organization"},"potentialAction":[{"@type":"SearchAction","target":{"@type":"EntryPoint","urlTemplate":"https:\/\/www.incaudavenenum.org\/cut.the.crap\/?s={search_term_string}"},"query-input":{"@type":"PropertyValueSpecification","valueRequired":true,"valueName":"search_term_string"}}],"inLanguage":"fr-FR"},{"@type":"Organization","@id":"https:\/\/www.incaudavenenum.org\/cut.the.crap\/#organization","name":"Cut The Crap","url":"https:\/\/www.incaudavenenum.org\/cut.the.crap\/","logo":{"@type":"ImageObject","inLanguage":"fr-FR","@id":"https:\/\/www.incaudavenenum.org\/cut.the.crap\/#\/schema\/logo\/image\/","url":"https:\/\/i1.wp.com\/www.incaudavenenum.org\/cut.the.crap\/wp-content\/uploads\/2018\/01\/cTc.png?fit=100%2C95","contentUrl":"https:\/\/i1.wp.com\/www.incaudavenenum.org\/cut.the.crap\/wp-content\/uploads\/2018\/01\/cTc.png?fit=100%2C95","width":100,"height":95,"caption":"Cut The Crap"},"image":{"@id":"https:\/\/www.incaudavenenum.org\/cut.the.crap\/#\/schema\/logo\/image\/"},"sameAs":["https:\/\/www.facebook.com\/Cut-the-Crap-239882412697830\/","https:\/\/x.com\/cutzecrap"]},{"@type":"Person","@id":"https:\/\/www.incaudavenenum.org\/cut.the.crap\/#\/schema\/person\/eaf31c24c3305f6a141a521845cc9561","name":"\u1d10T\u1d04","image":{"@type":"ImageObject","inLanguage":"fr-FR","@id":"https:\/\/secure.gravatar.com\/avatar\/bcb7ebb5cbee5342d0fa3e23aef3e05182efc0190ae68a6d9da7f1994c5fcbe0?s=96&d=mm&r=g","url":"https:\/\/secure.gravatar.com\/avatar\/bcb7ebb5cbee5342d0fa3e23aef3e05182efc0190ae68a6d9da7f1994c5fcbe0?s=96&d=mm&r=g","contentUrl":"https:\/\/secure.gravatar.com\/avatar\/bcb7ebb5cbee5342d0fa3e23aef3e05182efc0190ae68a6d9da7f1994c5fcbe0?s=96&d=mm&r=g","caption":"\u1d10T\u1d04"},"url":"https:\/\/www.incaudavenenum.org\/cut.the.crap\/author\/zorblog\/"}]}},"jetpack_publicize_connections":[],"jetpack_featured_media_url":"","jetpack_shortlink":"https:\/\/wp.me\/p9z98q-am","jetpack_likes_enabled":true,"jetpack-related-posts":[{"id":2034,"url":"https:\/\/www.incaudavenenum.org\/cut.the.crap\/le-droit-au-repos\/","url_meta":{"origin":642,"position":0},"title":"Le droit au repos","author":"Serge Victor","date":"8 octobre 2022","format":"quote","excerpt":"\"C'est le droit au repos qui est rogn\u00e9. Au nom du travail, de la \u201cvaleur travail\u201d, de \u201cl'amour du travail\u201d, il faudrait travailler sans cesse, sans r\u00e9pit. (...) La dignit\u00e9 du travail, c'est aussi, c'est surtout le repos. Et c'est leur bataille, aujourd'hui, \u00e0 nos dirigeants, au nom de la\u2026","rel":"","context":"Dans &quot;Citations&quot;","block_context":{"text":"Citations","link":"https:\/\/www.incaudavenenum.org\/cut.the.crap\/category\/lectures\/citations\/"},"img":{"alt_text":"","src":"","width":0,"height":0},"classes":[]},{"id":1688,"url":"https:\/\/www.incaudavenenum.org\/cut.the.crap\/tyran\/","url_meta":{"origin":642,"position":1},"title":"Tyran","author":"Serge Victor","date":"30 mai 2019","format":"quote","excerpt":"\"Se r\u00e9jouir du coming out monarchiste d'Emmanuel Macron, c'\u00e9tait, comme \u00e0 chaque moment de Restauration et de contre-r\u00e9volution de l'histoire de France, applaudir \u00e0 l'affichage id\u00e9ologique d'un tyran. Je n'\u00e9cris pas \u201ctyran\u201d \u00e0 la l\u00e9g\u00e8re.Le mot nous vient du grec \u03a4\u03cd\u03c1\u03b1\u03bd\u03bd\u03bf\u03c2 (turannos) qui d\u00e9signe, dans l'Antiquit\u00e9, un homme abusant d'un\u2026","rel":"","context":"Dans &quot;Citations&quot;","block_context":{"text":"Citations","link":"https:\/\/www.incaudavenenum.org\/cut.the.crap\/category\/lectures\/citations\/"},"img":{"alt_text":"","src":"","width":0,"height":0},"classes":[]},{"id":1973,"url":"https:\/\/www.incaudavenenum.org\/cut.the.crap\/communisme\/","url_meta":{"origin":642,"position":2},"title":"Communisme","author":"Serge Victor","date":"4 d\u00e9cembre 2021","format":false,"excerpt":"\"On ne va au communisme que par le communisme, par un \u201cen bas\u201d fait d'enrichissement des droits de la personne pour construire non pas le \u201cje ferai\u201d du candidat \u00e0 la pr\u00e9sidentielle, mais le \u201cnous faisons\u201d de travailleurs mobilis\u00e9s pour d\u00e9cider effectivement du travail et de la production au niveau\u2026","rel":"","context":"Dans &quot;Citations&quot;","block_context":{"text":"Citations","link":"https:\/\/www.incaudavenenum.org\/cut.the.crap\/category\/lectures\/citations\/"},"img":{"alt_text":"","src":"","width":0,"height":0},"classes":[]},{"id":1271,"url":"https:\/\/www.incaudavenenum.org\/cut.the.crap\/societes-admettent-mariage-homosexuel-se-reproduisent-mieux\/","url_meta":{"origin":642,"position":3},"title":"Les soci\u00e9t\u00e9s qui admettent le mariage homosexuel se reproduisent mieux","author":"Serge Victor","date":"4 f\u00e9vrier 2018","format":"quote","excerpt":"\"Au constat d'un rapport statistique positif entre statut \u00e9lev\u00e9 de la femme et f\u00e9condit\u00e9 fonctionnelle, il nous faut ajouter celui d'une corr\u00e9lation entre acceptation de l'homosexualit\u00e9 et f\u00e9condit\u00e9 \u00e0 peu pr\u00e8s satisfaisante. Si l'on affecte la valeur 1 aux soci\u00e9t\u00e9s qui avaient institutionnalis\u00e9, au 1er janvier 2017, le mariage entre\u2026","rel":"","context":"Dans &quot;Citations&quot;","block_context":{"text":"Citations","link":"https:\/\/www.incaudavenenum.org\/cut.the.crap\/category\/lectures\/citations\/"},"img":{"alt_text":"","src":"","width":0,"height":0},"classes":[]},{"id":1426,"url":"https:\/\/www.incaudavenenum.org\/cut.the.crap\/oui-au-ric-non-au-fetichisme-du-ric\/","url_meta":{"origin":642,"position":4},"title":"Oui au RIC, non au f\u00e9tichisme du RIC","author":"Serge Victor","date":"28 d\u00e9cembre 2018","format":false,"excerpt":"Le mouvement des Gilets Jaunes a connu plusieurs phases : d'abord apparu comme un mouvement anti-fiscal aux relents poujadistes, il s'est enrichi ensuite de revendications sociales et d\u00e9mocratiques \u00e0 dominante progressiste (au point qu'une bonne partie d'entre elles figurent d\u00e9j\u00e0 dans le programme \"L'Avenir en commun\" de la France Insoumise)\u2026","rel":"","context":"Dans &quot;Confusionnisme&quot;","block_context":{"text":"Confusionnisme","link":"https:\/\/www.incaudavenenum.org\/cut.the.crap\/category\/confusionnisme\/"},"img":{"alt_text":"","src":"https:\/\/i0.wp.com\/www.incaudavenenum.org\/cut.the.crap\/wp-content\/uploads\/2018\/12\/ce-samedi-devant-l-opera-garnier-a-paris-les-gilets-jaunes-revendiquaient-la-mise-en-place-du-ric-photo-geoffroy-van-der-hasselt-afp-1544900750.jpg?fit=1200%2C782&ssl=1&resize=350%2C200","width":350,"height":200,"srcset":"https:\/\/i0.wp.com\/www.incaudavenenum.org\/cut.the.crap\/wp-content\/uploads\/2018\/12\/ce-samedi-devant-l-opera-garnier-a-paris-les-gilets-jaunes-revendiquaient-la-mise-en-place-du-ric-photo-geoffroy-van-der-hasselt-afp-1544900750.jpg?fit=1200%2C782&ssl=1&resize=350%2C200 1x, https:\/\/i0.wp.com\/www.incaudavenenum.org\/cut.the.crap\/wp-content\/uploads\/2018\/12\/ce-samedi-devant-l-opera-garnier-a-paris-les-gilets-jaunes-revendiquaient-la-mise-en-place-du-ric-photo-geoffroy-van-der-hasselt-afp-1544900750.jpg?fit=1200%2C782&ssl=1&resize=525%2C300 1.5x, https:\/\/i0.wp.com\/www.incaudavenenum.org\/cut.the.crap\/wp-content\/uploads\/2018\/12\/ce-samedi-devant-l-opera-garnier-a-paris-les-gilets-jaunes-revendiquaient-la-mise-en-place-du-ric-photo-geoffroy-van-der-hasselt-afp-1544900750.jpg?fit=1200%2C782&ssl=1&resize=700%2C400 2x, https:\/\/i0.wp.com\/www.incaudavenenum.org\/cut.the.crap\/wp-content\/uploads\/2018\/12\/ce-samedi-devant-l-opera-garnier-a-paris-les-gilets-jaunes-revendiquaient-la-mise-en-place-du-ric-photo-geoffroy-van-der-hasselt-afp-1544900750.jpg?fit=1200%2C782&ssl=1&resize=1050%2C600 3x"},"classes":[]},{"id":1331,"url":"https:\/\/www.incaudavenenum.org\/cut.the.crap\/confusions-autour-dun-voile\/","url_meta":{"origin":642,"position":5},"title":"Confusions autour d&rsquo;un voile","author":"Serge Victor","date":"23 mai 2018","format":false,"excerpt":"En plein mouvement social contre Macron et son monde, le voile islamique port\u00e9 par Maryam Pougetoux, repr\u00e9sentante du syndicat \u00e9tudiant UNEF \u00e0 l'universit\u00e9 Paris IV, d\u00e9clenche des r\u00e9actions peu surprenantes (mais n\u00e9anmoins sid\u00e9rantes) \u00e0 droite (notamment de la part du sinistre G\u00e9rard Collomb) et divise, h\u00e9las, \u00e9galement \u00e0 gauche, \u00e9clipsant\u2026","rel":"","context":"Dans &quot;Antiracisme&quot;","block_context":{"text":"Antiracisme","link":"https:\/\/www.incaudavenenum.org\/cut.the.crap\/category\/antiracisme\/"},"img":{"alt_text":"","src":"https:\/\/i0.wp.com\/www.incaudavenenum.org\/cut.the.crap\/wp-content\/uploads\/2018\/05\/soeurs-vatican-jpg_5054159_660x281.jpg?resize=350%2C200&ssl=1","width":350,"height":200,"srcset":"https:\/\/i0.wp.com\/www.incaudavenenum.org\/cut.the.crap\/wp-content\/uploads\/2018\/05\/soeurs-vatican-jpg_5054159_660x281.jpg?resize=350%2C200&ssl=1 1x, https:\/\/i0.wp.com\/www.incaudavenenum.org\/cut.the.crap\/wp-content\/uploads\/2018\/05\/soeurs-vatican-jpg_5054159_660x281.jpg?resize=525%2C300&ssl=1 1.5x"},"classes":[]}],"jetpack_sharing_enabled":true,"_links":{"self":[{"href":"https:\/\/www.incaudavenenum.org\/cut.the.crap\/wp-json\/wp\/v2\/posts\/642","targetHints":{"allow":["GET"]}}],"collection":[{"href":"https:\/\/www.incaudavenenum.org\/cut.the.crap\/wp-json\/wp\/v2\/posts"}],"about":[{"href":"https:\/\/www.incaudavenenum.org\/cut.the.crap\/wp-json\/wp\/v2\/types\/post"}],"author":[{"embeddable":true,"href":"https:\/\/www.incaudavenenum.org\/cut.the.crap\/wp-json\/wp\/v2\/users\/6"}],"replies":[{"embeddable":true,"href":"https:\/\/www.incaudavenenum.org\/cut.the.crap\/wp-json\/wp\/v2\/comments?post=642"}],"version-history":[{"count":0,"href":"https:\/\/www.incaudavenenum.org\/cut.the.crap\/wp-json\/wp\/v2\/posts\/642\/revisions"}],"wp:attachment":[{"href":"https:\/\/www.incaudavenenum.org\/cut.the.crap\/wp-json\/wp\/v2\/media?parent=642"}],"wp:term":[{"taxonomy":"category","embeddable":true,"href":"https:\/\/www.incaudavenenum.org\/cut.the.crap\/wp-json\/wp\/v2\/categories?post=642"},{"taxonomy":"post_tag","embeddable":true,"href":"https:\/\/www.incaudavenenum.org\/cut.the.crap\/wp-json\/wp\/v2\/tags?post=642"}],"curies":[{"name":"wp","href":"https:\/\/api.w.org\/{rel}","templated":true}]}}