{"id":667,"date":"2013-03-28T21:09:31","date_gmt":"2013-03-28T20:09:31","guid":{"rendered":"http:\/\/cut.the.crap.free.fr\/?p=667"},"modified":"2013-03-28T21:09:31","modified_gmt":"2013-03-28T20:09:31","slug":"le-canard-caquette-avec-les-chiens-de-garde","status":"publish","type":"post","link":"https:\/\/www.incaudavenenum.org\/cut.the.crap\/le-canard-caquette-avec-les-chiens-de-garde\/","title":{"rendered":"Le Canard encha\u00een\u00e9 caquette avec les chiens de garde"},"content":{"rendered":"<p style=\"text-align: justify;\">Le week-end dernier, lors du congr\u00e8s du Parti de Gauche, Fran\u00e7ois Delapierre et Jean-Luc M\u00e9lenchon ont d\u00e9clench\u00e9 les foudres de l&rsquo;ex-presse et du Parti Solf\u00e9rinien pour avoir os\u00e9 affirmer que le ministre Pierre Moscovici, ne pensant plus \u00ab\u00a0en fran\u00e7ais\u00a0\u00bb mais \u00ab\u00a0dans la langue de la finance internationale\u00a0\u00bb faisait partie des \u00ab\u00a017 salopards\u00a0\u00bb qui se sont donn\u00e9s pour mission de ran\u00e7onner le peuple chypriote. Sous pr\u00e9texte d&rsquo;une mauvaise retranscription de l&rsquo;AFP qui avait oubli\u00e9 le \u00ab\u00a0en\u00a0\u00bb de \u00ab\u00a0en fran\u00e7ais\u00a0\u00bb, les chiens de garde du PPA (Parti de la Presse et de l&rsquo;Argent) comme Jean Quatremer ou Jean-Michel Apathie ont aussit\u00f4t aboy\u00e9, suivis par le gratin du Parti Solf\u00e9rinien (D\u00e9sir, Attali&#8230;), relay\u00e9s ensuite par les r\u00e9seaux antisociaux et les prospectus publicitaires qui portent encore \u00e9trangement le nom de journaux (<em>Lib\u00e9ration<\/em>, <em>Le Point<\/em>, etc.). De \u00ab\u00a0relents des ann\u00e9es 30\u00a0\u00bb en \u00ab\u00a0propos dignes de Gringoire\u00a0\u00bb, tout ce beau monde tenait d\u00e9sormais de quoi salir M\u00e9lenchon de l&rsquo;accusation supr\u00eame : celle d&rsquo;antis\u00e9mitisme.<\/p>\n<p style=\"text-align: justify;\">Quelle ne fut pas ma surprise de constater pas plus tard qu&rsquo;hier qu&rsquo;un c\u00e9l\u00e8bre \u00ab\u00a0journal satirique paraissant le mercredi\u00a0\u00bb faisait lui aussi partie de la meute. En premi\u00e8re page du num\u00e9ro du 27 mars 2013, dans un article sign\u00e9\u00a0J.-M. Th., soit Jean-Michel Th\u00e9nard, <em>Le Canard encha\u00een\u00e9<\/em> aboit en effet comme un vulgaire Quatremer :<\/p>\n<blockquote>\n<p style=\"text-align: justify;\">\u00ab\u00a0Non, Jean-Luc M\u00e9lenchon n&rsquo;est pas antis\u00e9mite. La preuve, il ne savait pas que Pierre Moscovici \u00e9tait juif. Ce n&rsquo;est pas parce qu&rsquo;il a fr\u00e9quent\u00e9 pendant trente ans les dirigeants du PS qu&rsquo;il est tenu de conna\u00eetre la religion de tous ses membres, nom de Dieu !\u00a0\u00bb<\/p>\n<\/blockquote>\n<p style=\"text-align: justify;\">Les lecteurs habitu\u00e9s aux antiphrases du <em>Canard<\/em> auront compris que Th\u00e9nard ne croit pas du tout que M\u00e9lenchon ait pu ignorer que Moscovici f\u00fbt juif, et qu&rsquo;il n&rsquo;y a donc finalement pour lui pas de preuve que M\u00e9luche ne soit pas antis\u00e9mite. CQFD. Sous l&rsquo;humour pas dr\u00f4le, la diffamation de bas \u00e9tage. Monsieur Th\u00e9nard serait-il le genre de mec qui passe son temps \u00e0 se demander quelle est la religion ou l&rsquo;origine communautaire de chacun de ses coll\u00e8gues ? De m\u00eame qu&rsquo;Harlem D\u00e9sir a fait tout seul l&rsquo;amalgame entre \u00ab\u00a0juif\u00a0\u00bb et \u00ab\u00a0finance internationale\u00a0\u00bb pour pouvoir calomnier M\u00e9lenchon, Th\u00e9nard ne fait que projeter sur les autres ses propres obsessions. Pour ma part, si on m&rsquo;avait pos\u00e9 la question, je crois que j&rsquo;aurais r\u00e9pondu b\u00eatement sans r\u00e9fl\u00e9chir que Moscovici \u00e9tait peut-\u00eatre corse, ou d&rsquo;origine italienne. Et je dois avouer que parmi mes camarades de comit\u00e9 du PG, je sais juste que l&rsquo;un est catholique et deux autres musulmans (encore que je ne sache pas s&rsquo;ils sont vraiment pratiquants), mais que je ne sais pas du tout si les autres sont juifs, ath\u00e9es, bouddhistes, protestants, agnostiques&#8230; Car tout simplement, dans un parti politique de gauche et la\u00efque, la religion en tant que pratique personnelle priv\u00e9e, n&rsquo;est pas un sujet fr\u00e9quent de conversation. Pour tout dire, on s&rsquo;en fout, de la religion des uns et des autres.<\/p>\n<p style=\"text-align: justify;\">J.-M. Th. compare ensuite la version tronqu\u00e9e de l&rsquo;AFP et la vraie phrase de M\u00e9lenchon pour ironiser sur la \u00ab\u00a0nuance\u00a0\u00bb :<\/p>\n<blockquote>\n<p style=\"text-align: justify;\">\u00ab\u00a0Dans un cas, \u00e7a frise l&rsquo;antis\u00e9mitisme. Dans l&rsquo;autre c&rsquo;est politiquement correct.\u00a0\u00bb<\/p>\n<\/blockquote>\n<p style=\"text-align: justify;\">La suite de l&rsquo;article laisse entendre qu&rsquo;en fait, \u00e7a friserait plut\u00f4t dans tous les cas l&rsquo;antis\u00e9mitisme :<\/p>\n<blockquote>\n<p style=\"text-align: justify;\">\u00ab\u00a0C&rsquo;est le paradoxe, avec le patron [sic] du Front de gauche : plus il cannonne les socialistes, plus il faut peser au millim\u00e8tre ses propos. Une pr\u00e9position oubli\u00e9e dans une de ses phrases et voil\u00e0 l&rsquo;ancien ministre de Jospin qui passe de l&rsquo;extr\u00eame gauche \u00e0 l&rsquo;extr\u00eame droite. Plus il est simpliste, moins les choses sont simples. C&rsquo;est dire s&rsquo;il faut le prendre d\u00e9sormais avec des pincettes.\u00a0\u00bb<\/p>\n<\/blockquote>\n<p style=\"text-align: justify;\">Harlem D\u00e9sir lui-m\u00eame n&rsquo;aurait pas r\u00eav\u00e9 plus fielleuse insinuation. Pourtant, n&rsquo;importe quel esprit sens\u00e9 peut voir que m\u00eame sans la pr\u00e9position \u00ab\u00a0en\u00a0\u00bb, la phrase de M\u00e9lenchon n&rsquo;avait rien d&rsquo;antis\u00e9mite : un Moscovici \u00ab\u00a0qui ne pense pas fran\u00e7ais, qui pense finance internationale\u00a0\u00bb, cela aurait simplement d\u00e9sign\u00e9 le fait que Moscovici ne d\u00e9fend pas les int\u00e9r\u00eats du peuple fran\u00e7ais mais ceux de la finance internationale, ce qui est objectivement le cas d\u00e8s lors que sa politique est dict\u00e9e par les march\u00e9s, et on peut en dire assur\u00e9ment autant d&rsquo;un Cahuzac ou d&rsquo;un Cazeneuve qui ne sont peut-\u00eatre pas juifs, eux (je l&rsquo;esp\u00e8re pour ma d\u00e9monstration \u2014 sinon, remplacez par un autre Solf\u00e9rinien parpaillot ou catho certifi\u00e9). Contrairement \u00e0 ce qu&rsquo;ass\u00e8ne Th\u00e9nard, M\u00e9lenchon, qui n&rsquo;est d\u00e9j\u00e0 pas d&rsquo;extr\u00eame gauche (pour la vraie extr\u00eame gauche, il n&rsquo;est qu&rsquo;un vil r\u00e9formiste), ne passe donc en rien \u00e0 l&rsquo;extr\u00eame droite par simple oubli d&rsquo;une pr\u00e9position. Son discours n&rsquo;est pas \u00ab\u00a0simpliste\u00a0\u00bb : il est clair. Et s&rsquo;il faut prendre quelque chose \u00ab\u00a0avec des pincettes\u00a0\u00bb, d\u00e9sormais, ce n&rsquo;est certainement pas M\u00e9lenchon mais bien plut\u00f4t <em>Le Canard encha\u00een\u00e9<\/em> th\u00e9nardi\u00e9.<\/p>\n<blockquote>\n<p style=\"text-align: justify;\">\u00ab\u00a0Le paradoxe est r\u00e9v\u00e9lateur de cette d\u00e9rive qui am\u00e8ne le Franc-Comtois \u00e0 jouer sur les marges avec un vocabulaire qui emprunte de moins en moins \u00e0 la gauche. Et de plus en plus ailleurs. Il braconne, M\u00e9lenchon. Et il d\u00e9conne.\u00a0\u00bb<\/p>\n<\/blockquote>\n<p style=\"text-align: justify;\">Et voil\u00e0 comment le palmip\u00e8de qui nargua nagu\u00e8re de Gaulle et fit bouffer ses diamants \u00e0 Giscard devient un organe de la propagande solf\u00e9rinienne, qui n&rsquo;a eu de cesse depuis la candidature de M\u00e9lenchon \u00e0 la pr\u00e9sidentielle de le comparer \u00e0 Lepen. Si critiquer la finance internationale est emprunter au vocabulaire de l&rsquo;extr\u00eame droite, alors il n&rsquo;y a tout simplement plus de gauche. Ou \u00eatre de gauche, c&rsquo;est \u00eatre d&rsquo;extr\u00eame-droite, donc soyons centristes lib\u00e9raux. C&rsquo;est sans doute ce que veut montrer notre canard de garde.<\/p>\n<p style=\"text-align: justify;\">Plus loin, Th\u00e9nard en remet une couche contre Delapierre, cette fois, accus\u00e9 lui aussi de d\u00e9conner avec sa phrase sur les \u00ab\u00a017 salopards\u00a0\u00bb. Il faut croire que Th\u00e9nard, ancien de <em>Lib\u00e9<\/em> et ami de Carla Bruni, selon le blog <a href=\"http:\/\/lucky.blog.lemonde.fr\/2008\/09\/22\/sarkozy-sympa-selon-le-canard-enchaine-suite\/\" target=\"_blank\">Lucky<\/a>, n&rsquo;est pas cin\u00e9phile, ou bien qu&rsquo;il aime ran\u00e7onner les Chypriotes. Lui qui accuse M\u00e9lenchon de \u00ab\u00a0parler con\u00a0\u00bb peut d\u00e9sormais \u00eatre rang\u00e9 dans la cat\u00e9gorie des connards encha\u00een\u00e9s.<\/p>\n<p style=\"text-align: justify;\">&nbsp;<\/p>\n","protected":false},"excerpt":{"rendered":"<p>Le week-end dernier, lors du congr\u00e8s du Parti de Gauche, Fran\u00e7ois Delapierre et Jean-Luc M\u00e9lenchon ont d\u00e9clench\u00e9 les foudres de l&rsquo;ex-presse et du Parti Solf\u00e9rinien pour avoir os\u00e9 affirmer que le ministre Pierre Moscovici, ne pensant plus \u00ab\u00a0en fran\u00e7ais\u00a0\u00bb mais \u00ab\u00a0dans la langue de la finance internationale\u00a0\u00bb faisait partie des \u00ab\u00a017 salopards\u00a0\u00bb qui se sont &hellip; <a href=\"https:\/\/www.incaudavenenum.org\/cut.the.crap\/le-canard-caquette-avec-les-chiens-de-garde\/\" class=\"more-link\">Continuer la lecture<span class=\"screen-reader-text\"> de &laquo;&nbsp;Le Canard encha\u00een\u00e9 caquette avec les chiens de garde&nbsp;&raquo;<\/span><\/a><\/p>\n","protected":false},"author":4,"featured_media":0,"comment_status":"open","ping_status":"closed","sticky":false,"template":"","format":"standard","meta":{"jetpack_post_was_ever_published":false,"_jetpack_newsletter_access":"","_jetpack_dont_email_post_to_subs":false,"_jetpack_newsletter_tier_id":0,"_jetpack_memberships_contains_paywalled_content":false,"_jetpack_memberships_contains_paid_content":false,"footnotes":"","jetpack_publicize_message":"","jetpack_publicize_feature_enabled":true,"jetpack_social_post_already_shared":false,"jetpack_social_options":{"image_generator_settings":{"template":"highway","default_image_id":0,"font":"","enabled":false},"version":2}},"categories":[5],"tags":[122,168,170,186,278],"class_list":["post-667","post","type-post","status-publish","format-standard","hentry","category-novlangue-2","tag-francois-delapierre","tag-jean-luc-melenchon","tag-jean-michel-thenard","tag-le-canard-enchaine","tag-pierre-moscovici"],"yoast_head":"<!-- This site is optimized with the Yoast SEO plugin v27.5 - https:\/\/yoast.com\/product\/yoast-seo-wordpress\/ -->\n<title>Le Canard encha\u00een\u00e9 caquette avec les chiens de garde - Cut The Crap<\/title>\n<meta name=\"robots\" content=\"index, follow, max-snippet:-1, max-image-preview:large, max-video-preview:-1\" \/>\n<link rel=\"canonical\" href=\"https:\/\/www.incaudavenenum.org\/cut.the.crap\/le-canard-caquette-avec-les-chiens-de-garde\/\" \/>\n<meta property=\"og:locale\" content=\"fr_FR\" \/>\n<meta property=\"og:type\" content=\"article\" \/>\n<meta property=\"og:title\" content=\"Le Canard encha\u00een\u00e9 caquette avec les chiens de garde - Cut The Crap\" \/>\n<meta property=\"og:description\" content=\"Le week-end dernier, lors du congr\u00e8s du Parti de Gauche, Fran\u00e7ois Delapierre et Jean-Luc M\u00e9lenchon ont d\u00e9clench\u00e9 les foudres de l&rsquo;ex-presse et du Parti Solf\u00e9rinien pour avoir os\u00e9 affirmer que le ministre Pierre Moscovici, ne pensant plus \u00ab\u00a0en fran\u00e7ais\u00a0\u00bb mais \u00ab\u00a0dans la langue de la finance internationale\u00a0\u00bb faisait partie des \u00ab\u00a017 salopards\u00a0\u00bb qui se sont &hellip; Continuer la lecture de &laquo;&nbsp;Le Canard encha\u00een\u00e9 caquette avec les chiens de garde&nbsp;&raquo;\" \/>\n<meta property=\"og:url\" content=\"https:\/\/www.incaudavenenum.org\/cut.the.crap\/le-canard-caquette-avec-les-chiens-de-garde\/\" \/>\n<meta property=\"og:site_name\" content=\"Cut The Crap\" \/>\n<meta property=\"article:publisher\" content=\"https:\/\/www.facebook.com\/Cut-the-Crap-239882412697830\/\" \/>\n<meta property=\"article:published_time\" content=\"2013-03-28T20:09:31+00:00\" \/>\n<meta property=\"og:image\" content=\"https:\/\/i0.wp.com\/www.incaudavenenum.org\/cut.the.crap\/wp-content\/uploads\/2018\/01\/marxengelsNB2.jpg?fit=940%2C198&ssl=1\" \/>\n\t<meta property=\"og:image:width\" content=\"940\" \/>\n\t<meta property=\"og:image:height\" content=\"198\" \/>\n\t<meta property=\"og:image:type\" content=\"image\/jpeg\" \/>\n<meta name=\"author\" content=\"Pierre-Joseph de Stal\" \/>\n<meta name=\"twitter:card\" content=\"summary_large_image\" \/>\n<meta name=\"twitter:creator\" content=\"@cutzecrap\" \/>\n<meta name=\"twitter:site\" content=\"@cutzecrap\" \/>\n<meta name=\"twitter:label1\" content=\"\u00c9crit par\" \/>\n\t<meta name=\"twitter:data1\" content=\"Pierre-Joseph de Stal\" \/>\n\t<meta name=\"twitter:label2\" content=\"Dur\u00e9e de lecture estim\u00e9e\" \/>\n\t<meta name=\"twitter:data2\" content=\"5 minutes\" \/>\n<script type=\"application\/ld+json\" class=\"yoast-schema-graph\">{\"@context\":\"https:\\\/\\\/schema.org\",\"@graph\":[{\"@type\":\"Article\",\"@id\":\"https:\\\/\\\/www.incaudavenenum.org\\\/cut.the.crap\\\/le-canard-caquette-avec-les-chiens-de-garde\\\/#article\",\"isPartOf\":{\"@id\":\"https:\\\/\\\/www.incaudavenenum.org\\\/cut.the.crap\\\/le-canard-caquette-avec-les-chiens-de-garde\\\/\"},\"author\":{\"name\":\"Pierre-Joseph de Stal\",\"@id\":\"https:\\\/\\\/www.incaudavenenum.org\\\/cut.the.crap\\\/#\\\/schema\\\/person\\\/5bbb4db715e909360de8d57c7e5bc47a\"},\"headline\":\"Le Canard encha\u00een\u00e9 caquette avec les chiens de garde\",\"datePublished\":\"2013-03-28T20:09:31+00:00\",\"mainEntityOfPage\":{\"@id\":\"https:\\\/\\\/www.incaudavenenum.org\\\/cut.the.crap\\\/le-canard-caquette-avec-les-chiens-de-garde\\\/\"},\"wordCount\":1143,\"commentCount\":4,\"publisher\":{\"@id\":\"https:\\\/\\\/www.incaudavenenum.org\\\/cut.the.crap\\\/#organization\"},\"keywords\":[\"Fran\u00e7ois Delapierre\",\"Jean-Luc M\u00e9lenchon\",\"Jean-Michel Th\u00e9nard\",\"Le Canard encha\u00een\u00e9\",\"Pierre Moscovici\"],\"articleSection\":[\"Novlangue\"],\"inLanguage\":\"fr-FR\",\"potentialAction\":[{\"@type\":\"CommentAction\",\"name\":\"Comment\",\"target\":[\"https:\\\/\\\/www.incaudavenenum.org\\\/cut.the.crap\\\/le-canard-caquette-avec-les-chiens-de-garde\\\/#respond\"]}]},{\"@type\":\"WebPage\",\"@id\":\"https:\\\/\\\/www.incaudavenenum.org\\\/cut.the.crap\\\/le-canard-caquette-avec-les-chiens-de-garde\\\/\",\"url\":\"https:\\\/\\\/www.incaudavenenum.org\\\/cut.the.crap\\\/le-canard-caquette-avec-les-chiens-de-garde\\\/\",\"name\":\"Le Canard encha\u00een\u00e9 caquette avec les chiens de garde - Cut The Crap\",\"isPartOf\":{\"@id\":\"https:\\\/\\\/www.incaudavenenum.org\\\/cut.the.crap\\\/#website\"},\"datePublished\":\"2013-03-28T20:09:31+00:00\",\"breadcrumb\":{\"@id\":\"https:\\\/\\\/www.incaudavenenum.org\\\/cut.the.crap\\\/le-canard-caquette-avec-les-chiens-de-garde\\\/#breadcrumb\"},\"inLanguage\":\"fr-FR\",\"potentialAction\":[{\"@type\":\"ReadAction\",\"target\":[\"https:\\\/\\\/www.incaudavenenum.org\\\/cut.the.crap\\\/le-canard-caquette-avec-les-chiens-de-garde\\\/\"]}]},{\"@type\":\"BreadcrumbList\",\"@id\":\"https:\\\/\\\/www.incaudavenenum.org\\\/cut.the.crap\\\/le-canard-caquette-avec-les-chiens-de-garde\\\/#breadcrumb\",\"itemListElement\":[{\"@type\":\"ListItem\",\"position\":1,\"name\":\"Accueil\",\"item\":\"https:\\\/\\\/www.incaudavenenum.org\\\/cut.the.crap\\\/\"},{\"@type\":\"ListItem\",\"position\":2,\"name\":\"Le Canard encha\u00een\u00e9 caquette avec les chiens de garde\"}]},{\"@type\":\"WebSite\",\"@id\":\"https:\\\/\\\/www.incaudavenenum.org\\\/cut.the.crap\\\/#website\",\"url\":\"https:\\\/\\\/www.incaudavenenum.org\\\/cut.the.crap\\\/\",\"name\":\"Cut The Crap\",\"description\":\"Blog de gauche\",\"publisher\":{\"@id\":\"https:\\\/\\\/www.incaudavenenum.org\\\/cut.the.crap\\\/#organization\"},\"potentialAction\":[{\"@type\":\"SearchAction\",\"target\":{\"@type\":\"EntryPoint\",\"urlTemplate\":\"https:\\\/\\\/www.incaudavenenum.org\\\/cut.the.crap\\\/?s={search_term_string}\"},\"query-input\":{\"@type\":\"PropertyValueSpecification\",\"valueRequired\":true,\"valueName\":\"search_term_string\"}}],\"inLanguage\":\"fr-FR\"},{\"@type\":\"Organization\",\"@id\":\"https:\\\/\\\/www.incaudavenenum.org\\\/cut.the.crap\\\/#organization\",\"name\":\"Cut The Crap\",\"url\":\"https:\\\/\\\/www.incaudavenenum.org\\\/cut.the.crap\\\/\",\"logo\":{\"@type\":\"ImageObject\",\"inLanguage\":\"fr-FR\",\"@id\":\"https:\\\/\\\/www.incaudavenenum.org\\\/cut.the.crap\\\/#\\\/schema\\\/logo\\\/image\\\/\",\"url\":\"https:\\\/\\\/i1.wp.com\\\/www.incaudavenenum.org\\\/cut.the.crap\\\/wp-content\\\/uploads\\\/2018\\\/01\\\/cTc.png?fit=100%2C95\",\"contentUrl\":\"https:\\\/\\\/i1.wp.com\\\/www.incaudavenenum.org\\\/cut.the.crap\\\/wp-content\\\/uploads\\\/2018\\\/01\\\/cTc.png?fit=100%2C95\",\"width\":100,\"height\":95,\"caption\":\"Cut The Crap\"},\"image\":{\"@id\":\"https:\\\/\\\/www.incaudavenenum.org\\\/cut.the.crap\\\/#\\\/schema\\\/logo\\\/image\\\/\"},\"sameAs\":[\"https:\\\/\\\/www.facebook.com\\\/Cut-the-Crap-239882412697830\\\/\",\"https:\\\/\\\/x.com\\\/cutzecrap\"]},{\"@type\":\"Person\",\"@id\":\"https:\\\/\\\/www.incaudavenenum.org\\\/cut.the.crap\\\/#\\\/schema\\\/person\\\/5bbb4db715e909360de8d57c7e5bc47a\",\"name\":\"Pierre-Joseph de Stal\",\"image\":{\"@type\":\"ImageObject\",\"inLanguage\":\"fr-FR\",\"@id\":\"https:\\\/\\\/secure.gravatar.com\\\/avatar\\\/6f5c258f87006dbd50753b8c2b334a805bb794565916b26ff99c115d812886b0?s=96&d=mm&r=g\",\"url\":\"https:\\\/\\\/secure.gravatar.com\\\/avatar\\\/6f5c258f87006dbd50753b8c2b334a805bb794565916b26ff99c115d812886b0?s=96&d=mm&r=g\",\"contentUrl\":\"https:\\\/\\\/secure.gravatar.com\\\/avatar\\\/6f5c258f87006dbd50753b8c2b334a805bb794565916b26ff99c115d812886b0?s=96&d=mm&r=g\",\"caption\":\"Pierre-Joseph de Stal\"},\"url\":\"https:\\\/\\\/www.incaudavenenum.org\\\/cut.the.crap\\\/author\\\/pierre-joseph-de-stal\\\/\"}]}<\/script>\n<!-- \/ Yoast SEO plugin. -->","yoast_head_json":{"title":"Le Canard encha\u00een\u00e9 caquette avec les chiens de garde - Cut The Crap","robots":{"index":"index","follow":"follow","max-snippet":"max-snippet:-1","max-image-preview":"max-image-preview:large","max-video-preview":"max-video-preview:-1"},"canonical":"https:\/\/www.incaudavenenum.org\/cut.the.crap\/le-canard-caquette-avec-les-chiens-de-garde\/","og_locale":"fr_FR","og_type":"article","og_title":"Le Canard encha\u00een\u00e9 caquette avec les chiens de garde - Cut The Crap","og_description":"Le week-end dernier, lors du congr\u00e8s du Parti de Gauche, Fran\u00e7ois Delapierre et Jean-Luc M\u00e9lenchon ont d\u00e9clench\u00e9 les foudres de l&rsquo;ex-presse et du Parti Solf\u00e9rinien pour avoir os\u00e9 affirmer que le ministre Pierre Moscovici, ne pensant plus \u00ab\u00a0en fran\u00e7ais\u00a0\u00bb mais \u00ab\u00a0dans la langue de la finance internationale\u00a0\u00bb faisait partie des \u00ab\u00a017 salopards\u00a0\u00bb qui se sont &hellip; Continuer la lecture de &laquo;&nbsp;Le Canard encha\u00een\u00e9 caquette avec les chiens de garde&nbsp;&raquo;","og_url":"https:\/\/www.incaudavenenum.org\/cut.the.crap\/le-canard-caquette-avec-les-chiens-de-garde\/","og_site_name":"Cut The Crap","article_publisher":"https:\/\/www.facebook.com\/Cut-the-Crap-239882412697830\/","article_published_time":"2013-03-28T20:09:31+00:00","og_image":[{"width":940,"height":198,"url":"https:\/\/i0.wp.com\/www.incaudavenenum.org\/cut.the.crap\/wp-content\/uploads\/2018\/01\/marxengelsNB2.jpg?fit=940%2C198&ssl=1","type":"image\/jpeg"}],"author":"Pierre-Joseph de Stal","twitter_card":"summary_large_image","twitter_creator":"@cutzecrap","twitter_site":"@cutzecrap","twitter_misc":{"\u00c9crit par":"Pierre-Joseph de Stal","Dur\u00e9e de lecture estim\u00e9e":"5 minutes"},"schema":{"@context":"https:\/\/schema.org","@graph":[{"@type":"Article","@id":"https:\/\/www.incaudavenenum.org\/cut.the.crap\/le-canard-caquette-avec-les-chiens-de-garde\/#article","isPartOf":{"@id":"https:\/\/www.incaudavenenum.org\/cut.the.crap\/le-canard-caquette-avec-les-chiens-de-garde\/"},"author":{"name":"Pierre-Joseph de Stal","@id":"https:\/\/www.incaudavenenum.org\/cut.the.crap\/#\/schema\/person\/5bbb4db715e909360de8d57c7e5bc47a"},"headline":"Le Canard encha\u00een\u00e9 caquette avec les chiens de garde","datePublished":"2013-03-28T20:09:31+00:00","mainEntityOfPage":{"@id":"https:\/\/www.incaudavenenum.org\/cut.the.crap\/le-canard-caquette-avec-les-chiens-de-garde\/"},"wordCount":1143,"commentCount":4,"publisher":{"@id":"https:\/\/www.incaudavenenum.org\/cut.the.crap\/#organization"},"keywords":["Fran\u00e7ois Delapierre","Jean-Luc M\u00e9lenchon","Jean-Michel Th\u00e9nard","Le Canard encha\u00een\u00e9","Pierre Moscovici"],"articleSection":["Novlangue"],"inLanguage":"fr-FR","potentialAction":[{"@type":"CommentAction","name":"Comment","target":["https:\/\/www.incaudavenenum.org\/cut.the.crap\/le-canard-caquette-avec-les-chiens-de-garde\/#respond"]}]},{"@type":"WebPage","@id":"https:\/\/www.incaudavenenum.org\/cut.the.crap\/le-canard-caquette-avec-les-chiens-de-garde\/","url":"https:\/\/www.incaudavenenum.org\/cut.the.crap\/le-canard-caquette-avec-les-chiens-de-garde\/","name":"Le Canard encha\u00een\u00e9 caquette avec les chiens de garde - Cut The Crap","isPartOf":{"@id":"https:\/\/www.incaudavenenum.org\/cut.the.crap\/#website"},"datePublished":"2013-03-28T20:09:31+00:00","breadcrumb":{"@id":"https:\/\/www.incaudavenenum.org\/cut.the.crap\/le-canard-caquette-avec-les-chiens-de-garde\/#breadcrumb"},"inLanguage":"fr-FR","potentialAction":[{"@type":"ReadAction","target":["https:\/\/www.incaudavenenum.org\/cut.the.crap\/le-canard-caquette-avec-les-chiens-de-garde\/"]}]},{"@type":"BreadcrumbList","@id":"https:\/\/www.incaudavenenum.org\/cut.the.crap\/le-canard-caquette-avec-les-chiens-de-garde\/#breadcrumb","itemListElement":[{"@type":"ListItem","position":1,"name":"Accueil","item":"https:\/\/www.incaudavenenum.org\/cut.the.crap\/"},{"@type":"ListItem","position":2,"name":"Le Canard encha\u00een\u00e9 caquette avec les chiens de garde"}]},{"@type":"WebSite","@id":"https:\/\/www.incaudavenenum.org\/cut.the.crap\/#website","url":"https:\/\/www.incaudavenenum.org\/cut.the.crap\/","name":"Cut The Crap","description":"Blog de gauche","publisher":{"@id":"https:\/\/www.incaudavenenum.org\/cut.the.crap\/#organization"},"potentialAction":[{"@type":"SearchAction","target":{"@type":"EntryPoint","urlTemplate":"https:\/\/www.incaudavenenum.org\/cut.the.crap\/?s={search_term_string}"},"query-input":{"@type":"PropertyValueSpecification","valueRequired":true,"valueName":"search_term_string"}}],"inLanguage":"fr-FR"},{"@type":"Organization","@id":"https:\/\/www.incaudavenenum.org\/cut.the.crap\/#organization","name":"Cut The Crap","url":"https:\/\/www.incaudavenenum.org\/cut.the.crap\/","logo":{"@type":"ImageObject","inLanguage":"fr-FR","@id":"https:\/\/www.incaudavenenum.org\/cut.the.crap\/#\/schema\/logo\/image\/","url":"https:\/\/i1.wp.com\/www.incaudavenenum.org\/cut.the.crap\/wp-content\/uploads\/2018\/01\/cTc.png?fit=100%2C95","contentUrl":"https:\/\/i1.wp.com\/www.incaudavenenum.org\/cut.the.crap\/wp-content\/uploads\/2018\/01\/cTc.png?fit=100%2C95","width":100,"height":95,"caption":"Cut The Crap"},"image":{"@id":"https:\/\/www.incaudavenenum.org\/cut.the.crap\/#\/schema\/logo\/image\/"},"sameAs":["https:\/\/www.facebook.com\/Cut-the-Crap-239882412697830\/","https:\/\/x.com\/cutzecrap"]},{"@type":"Person","@id":"https:\/\/www.incaudavenenum.org\/cut.the.crap\/#\/schema\/person\/5bbb4db715e909360de8d57c7e5bc47a","name":"Pierre-Joseph de Stal","image":{"@type":"ImageObject","inLanguage":"fr-FR","@id":"https:\/\/secure.gravatar.com\/avatar\/6f5c258f87006dbd50753b8c2b334a805bb794565916b26ff99c115d812886b0?s=96&d=mm&r=g","url":"https:\/\/secure.gravatar.com\/avatar\/6f5c258f87006dbd50753b8c2b334a805bb794565916b26ff99c115d812886b0?s=96&d=mm&r=g","contentUrl":"https:\/\/secure.gravatar.com\/avatar\/6f5c258f87006dbd50753b8c2b334a805bb794565916b26ff99c115d812886b0?s=96&d=mm&r=g","caption":"Pierre-Joseph de Stal"},"url":"https:\/\/www.incaudavenenum.org\/cut.the.crap\/author\/pierre-joseph-de-stal\/"}]}},"jetpack_publicize_connections":[],"jetpack_featured_media_url":"","jetpack_shortlink":"https:\/\/wp.me\/p9z98q-aL","jetpack_likes_enabled":true,"jetpack-related-posts":[{"id":446,"url":"https:\/\/www.incaudavenenum.org\/cut.the.crap\/sauts-dobstacles-mediatiques-par-jean-luc-melenchon\/","url_meta":{"origin":667,"position":0},"title":"Sauts d&rsquo;obstacles m\u00e9diatiques par Jean-Luc M\u00e9lenchon","author":"\u1d10T\u1d04","date":"17 avril 2012","format":false,"excerpt":"Dans la veine de Pierre Carles, un \u00e9difiant montage vid\u00e9o de curcumabio : Edifiant aussi, ce montage de VilnusAtyx sur les erreurs (b\u00eates ou m\u00e9chantes\u00a0?) de Michel Onfray : Et du m\u00eame VilnusAtyx, le gros mensonge de Patrick Ch\u00eane :","rel":"","context":"Dans &quot;R\u00e9sistance&quot;","block_context":{"text":"R\u00e9sistance","link":"https:\/\/www.incaudavenenum.org\/cut.the.crap\/category\/resistance\/"},"img":{"alt_text":"","src":"","width":0,"height":0},"classes":[]},{"id":39,"url":"https:\/\/www.incaudavenenum.org\/cut.the.crap\/meluche-presiduche\/","url_meta":{"origin":667,"position":1},"title":"M\u00e9luche pr\u00e9siduche","author":"\u1d10T\u1d04","date":"27 octobre 2010","format":false,"excerpt":"M\u00e9lenchon : pas vraiment un nom de vainqueur. Confusion possible pour le public non-averti avec le Jean-Paul Huchon qui a fait du conseil r\u00e9gional d'Ile-de-France son gros polochon. Ex-trotskard de l'OCI, Jean-Luc M\u00e9lenchon a fait carri\u00e8re au sein du PS, et fut longtemps conseiller g\u00e9n\u00e9ral et s\u00e9nateur, ce qui fait\u2026","rel":"","context":"Dans &quot;Lectures&quot;","block_context":{"text":"Lectures","link":"https:\/\/www.incaudavenenum.org\/cut.the.crap\/category\/lectures\/"},"img":{"alt_text":"Qu'ils s'en aillent tous\u00a0!","src":"https:\/\/i0.wp.com\/cut.the.crap.free.fr\/wp-content\/uploads\/meluche.jpg?resize=350%2C200","width":350,"height":200},"classes":[]},{"id":436,"url":"https:\/\/www.incaudavenenum.org\/cut.the.crap\/a-mes-camarades-qui-nont-pas-encore-decide-de-voter-pour-melenchon\/","url_meta":{"origin":667,"position":2},"title":"A mes camarades qui n&rsquo;ont pas encore d\u00e9cid\u00e9 de voter pour M\u00e9lenchon","author":"Pierre-Joseph de Stal","date":"16 avril 2012","format":false,"excerpt":"A mes camarades du peuple de gauche : Camarades anarchistes, communistes libertaires, gauchistes, conseillistes, n\u00e9o-situationnistes, autonomes, A vous qui \u00eates souvent adeptes de l'abstention r\u00e9volutionnaire, \u00e0 vous qui pensez que la d\u00e9mocratie bourgeoise est une mascarade, qu'aucun candidat \u00e0 une \u00e9lection ne vous repr\u00e9sentera jamais, que les \u00e9lections sont un\u2026","rel":"","context":"Dans &quot;R\u00e9sistance&quot;","block_context":{"text":"R\u00e9sistance","link":"https:\/\/www.incaudavenenum.org\/cut.the.crap\/category\/resistance\/"},"img":{"alt_text":"","src":"","width":0,"height":0},"classes":[]},{"id":686,"url":"https:\/\/www.incaudavenenum.org\/cut.the.crap\/storytelling-antimelenchoniste-de-trotskystes-sourds-comme-lo\/","url_meta":{"origin":667,"position":3},"title":"Storytelling antim\u00e9lenchoniste de trotskystes sourds comme LO","author":"Pierre-Joseph de Stal","date":"20 mai 2013","format":false,"excerpt":"Contrairement au NPA, qui avait rejoint dignement (sur ses propres mots d'ordre) la marche citoyenne du 5 mai 2013 \u00e0 Bastille, Lutte Ouvri\u00e8re refuse syst\u00e9matiquement de militer aux c\u00f4t\u00e9s du Front de Gauche contre l'aust\u00e9rit\u00e9 et la dictature de la finance, pourtant impos\u00e9es aux travailleurs (que LO pr\u00e9tend d\u00e9fendre) par\u2026","rel":"","context":"Dans &quot;Novlangue&quot;","block_context":{"text":"Novlangue","link":"https:\/\/www.incaudavenenum.org\/cut.the.crap\/category\/novlangue-2\/"},"img":{"alt_text":"","src":"","width":0,"height":0},"classes":[]},{"id":881,"url":"https:\/\/www.incaudavenenum.org\/cut.the.crap\/881\/","url_meta":{"origin":667,"position":4},"title":"M\u00e9lenchon devant Hollande, le storytelling qui vient \u00e0 point","author":"\u1d10T\u1d04","date":"18 avril 2016","format":"aside","excerpt":"Dans son \u00e9ditorial de Challenges du 18 avril 2016, Maurice Szafran (qui d\u00e9teste pourtant tout ce que repr\u00e9sente M\u00e9lenchon) est oblig\u00e9 de se pencher sur le r\u00e9sultat d'un sondage TNS-SOFRES qui place le candidat de la \"France insoumise\" entre 12 et 16% des intentions de vote au 1er tour de\u2026","rel":"","context":"Dans &quot;R\u00e9sistance&quot;","block_context":{"text":"R\u00e9sistance","link":"https:\/\/www.incaudavenenum.org\/cut.the.crap\/category\/resistance\/"},"img":{"alt_text":"Capture d\u2019e\u0301cran 2016-04-18 a\u0300 18.14.12","src":"https:\/\/i0.wp.com\/cut.the.crap.free.fr\/wp-content\/uploads\/Capture-d%E2%80%99e%CC%81cran-2016-04-18-a%CC%80-18.14.12.png?resize=350%2C200","width":350,"height":200,"srcset":"https:\/\/i0.wp.com\/cut.the.crap.free.fr\/wp-content\/uploads\/Capture-d%E2%80%99e%CC%81cran-2016-04-18-a%CC%80-18.14.12.png?resize=350%2C200 1x, https:\/\/i0.wp.com\/cut.the.crap.free.fr\/wp-content\/uploads\/Capture-d%E2%80%99e%CC%81cran-2016-04-18-a%CC%80-18.14.12.png?resize=525%2C300 1.5x"},"classes":[]},{"id":530,"url":"https:\/\/www.incaudavenenum.org\/cut.the.crap\/lo-lo-nous-brouille-lecoute\/","url_meta":{"origin":667,"position":5},"title":"LO nous brouille l&rsquo;\u00e9coute","author":"Pierre-Joseph de Stal","date":"23 ao\u00fbt 2012","format":false,"excerpt":"En politique comme en acoustique, il y a la hi-fi (high fidelity) : l\u00e0 o\u00f9 un appareillage hi-fi tend \u00e0 restituer un son tr\u00e8s proche du signal d'origine en se fondant sur\u00a0les caract\u00e9ristiques de l'oreille humaine (perception d'une plage de fr\u00e9quences de 20 Hz \u00e0 20k Hz), un mouvement politique\u2026","rel":"","context":"Dans &quot;Novlangue&quot;","block_context":{"text":"Novlangue","link":"https:\/\/www.incaudavenenum.org\/cut.the.crap\/category\/novlangue-2\/"},"img":{"alt_text":"","src":"","width":0,"height":0},"classes":[]}],"jetpack_sharing_enabled":true,"_links":{"self":[{"href":"https:\/\/www.incaudavenenum.org\/cut.the.crap\/wp-json\/wp\/v2\/posts\/667","targetHints":{"allow":["GET"]}}],"collection":[{"href":"https:\/\/www.incaudavenenum.org\/cut.the.crap\/wp-json\/wp\/v2\/posts"}],"about":[{"href":"https:\/\/www.incaudavenenum.org\/cut.the.crap\/wp-json\/wp\/v2\/types\/post"}],"author":[{"embeddable":true,"href":"https:\/\/www.incaudavenenum.org\/cut.the.crap\/wp-json\/wp\/v2\/users\/4"}],"replies":[{"embeddable":true,"href":"https:\/\/www.incaudavenenum.org\/cut.the.crap\/wp-json\/wp\/v2\/comments?post=667"}],"version-history":[{"count":0,"href":"https:\/\/www.incaudavenenum.org\/cut.the.crap\/wp-json\/wp\/v2\/posts\/667\/revisions"}],"wp:attachment":[{"href":"https:\/\/www.incaudavenenum.org\/cut.the.crap\/wp-json\/wp\/v2\/media?parent=667"}],"wp:term":[{"taxonomy":"category","embeddable":true,"href":"https:\/\/www.incaudavenenum.org\/cut.the.crap\/wp-json\/wp\/v2\/categories?post=667"},{"taxonomy":"post_tag","embeddable":true,"href":"https:\/\/www.incaudavenenum.org\/cut.the.crap\/wp-json\/wp\/v2\/tags?post=667"}],"curies":[{"name":"wp","href":"https:\/\/api.w.org\/{rel}","templated":true}]}}