{"id":772,"date":"2013-10-02T13:24:20","date_gmt":"2013-10-02T12:24:20","guid":{"rendered":"http:\/\/cut.the.crap.free.fr\/?p=772"},"modified":"2013-10-02T13:24:20","modified_gmt":"2013-10-02T12:24:20","slug":"le-jeu-populiste-de-lautomne","status":"publish","type":"post","link":"https:\/\/www.incaudavenenum.org\/cut.the.crap\/le-jeu-populiste-de-lautomne\/","title":{"rendered":"Le jeu populiste de l&rsquo;automne"},"content":{"rendered":"<p style=\"text-align: justify;\">A la question : \u00ab\u00a0vous diriez \u00e0 nouveau qu&rsquo;il y a aujourd&rsquo;hui en France une minorit\u00e9 seulement de familles Roms qui ont un projet de vie, qui veulent s&rsquo;int\u00e9grer en France ?\u00a0\u00bb, un populiste c\u00e9l\u00e8bre a r\u00e9pondu :<\/p>\n<p style=\"text-align: justify;\"><strong>\u00ab\u00a0Oui, il faut dire la v\u00e9rit\u00e9 aux Fran\u00e7ais. Ces populations ont des modes de vie extr\u00eamement diff\u00e9rents des n\u00f4tres, et qui sont \u00e9videmment en confrontation, il faut tenir compte de cela, cela veut bien dire que les Roms ont vocation \u00e0 revenir en Roumanie ou en Bulgarie.\u00a0\u00bb<\/strong><\/p>\n<p style=\"text-align: justify;\">Qui cela peut-il \u00eatre ?<\/p>\n<p style=\"text-align: justify;\">\u2014 Adolf Hitler<\/p>\n<p style=\"text-align: justify;\">\u2014 Slobodan Milosevic<\/p>\n<p style=\"text-align: justify;\">\u2014 Gilles Bourdouleix<\/p>\n<p style=\"text-align: justify;\">\u2014 Marine Lepen<\/p>\n<p style=\"text-align: justify;\">\u2014 Nicolas Sarkozy<\/p>\n<p style=\"text-align: justify;\">\u2014 Manuel Valls<\/p>\n<p style=\"text-align: justify;\">\n<p style=\"text-align: justify;\">Les gagnants de notre grand-jeu concours recevront un aller-simple pour Bucarest en caravane.<\/p>\n","protected":false},"excerpt":{"rendered":"<p>A la question : \u00ab\u00a0vous diriez \u00e0 nouveau qu&rsquo;il y a aujourd&rsquo;hui en France une minorit\u00e9 seulement de familles Roms qui ont un projet de vie, qui veulent s&rsquo;int\u00e9grer en France ?\u00a0\u00bb, un populiste c\u00e9l\u00e8bre a r\u00e9pondu : \u00ab\u00a0Oui, il faut dire la v\u00e9rit\u00e9 aux Fran\u00e7ais. Ces populations ont des modes de vie extr\u00eamement diff\u00e9rents &hellip; <a href=\"https:\/\/www.incaudavenenum.org\/cut.the.crap\/le-jeu-populiste-de-lautomne\/\" class=\"more-link\">Continuer la lecture<span class=\"screen-reader-text\"> de &laquo;&nbsp;Le jeu populiste de l&rsquo;automne&nbsp;&raquo;<\/span><\/a><\/p>\n","protected":false},"author":6,"featured_media":0,"comment_status":"open","ping_status":"closed","sticky":false,"template":"","format":"standard","meta":{"jetpack_post_was_ever_published":false,"_jetpack_newsletter_access":"","_jetpack_dont_email_post_to_subs":false,"_jetpack_newsletter_tier_id":0,"_jetpack_memberships_contains_paywalled_content":false,"_jetpack_memberships_contains_paid_content":false,"footnotes":"","jetpack_publicize_message":"","jetpack_publicize_feature_enabled":true,"jetpack_social_post_already_shared":false,"jetpack_social_options":{"image_generator_settings":{"template":"highway","default_image_id":0,"font":"","enabled":false},"version":2}},"categories":[2],"tags":[210,304],"class_list":["post-772","post","type-post","status-publish","format-standard","hentry","category-antisocial","tag-manuel-valls","tag-roms"],"yoast_head":"<!-- This site is optimized with the Yoast SEO plugin v27.5 - https:\/\/yoast.com\/product\/yoast-seo-wordpress\/ -->\n<title>Le jeu populiste de l&#039;automne - Cut The Crap<\/title>\n<meta name=\"robots\" content=\"index, follow, max-snippet:-1, max-image-preview:large, max-video-preview:-1\" \/>\n<link rel=\"canonical\" href=\"https:\/\/www.incaudavenenum.org\/cut.the.crap\/le-jeu-populiste-de-lautomne\/\" \/>\n<meta property=\"og:locale\" content=\"fr_FR\" \/>\n<meta property=\"og:type\" content=\"article\" \/>\n<meta property=\"og:title\" content=\"Le jeu populiste de l&#039;automne - Cut The Crap\" \/>\n<meta property=\"og:description\" content=\"A la question : \u00ab\u00a0vous diriez \u00e0 nouveau qu&rsquo;il y a aujourd&rsquo;hui en France une minorit\u00e9 seulement de familles Roms qui ont un projet de vie, qui veulent s&rsquo;int\u00e9grer en France ?\u00a0\u00bb, un populiste c\u00e9l\u00e8bre a r\u00e9pondu : \u00ab\u00a0Oui, il faut dire la v\u00e9rit\u00e9 aux Fran\u00e7ais. Ces populations ont des modes de vie extr\u00eamement diff\u00e9rents &hellip; Continuer la lecture de &laquo;&nbsp;Le jeu populiste de l&rsquo;automne&nbsp;&raquo;\" \/>\n<meta property=\"og:url\" content=\"https:\/\/www.incaudavenenum.org\/cut.the.crap\/le-jeu-populiste-de-lautomne\/\" \/>\n<meta property=\"og:site_name\" content=\"Cut The Crap\" \/>\n<meta property=\"article:publisher\" content=\"https:\/\/www.facebook.com\/Cut-the-Crap-239882412697830\/\" \/>\n<meta property=\"article:published_time\" content=\"2013-10-02T12:24:20+00:00\" \/>\n<meta property=\"og:image\" content=\"https:\/\/i0.wp.com\/www.incaudavenenum.org\/cut.the.crap\/wp-content\/uploads\/2018\/01\/marxengelsNB2.jpg?fit=940%2C198&ssl=1\" \/>\n\t<meta property=\"og:image:width\" content=\"940\" \/>\n\t<meta property=\"og:image:height\" content=\"198\" \/>\n\t<meta property=\"og:image:type\" content=\"image\/jpeg\" \/>\n<meta name=\"author\" content=\"\u1d10T\u1d04\" \/>\n<meta name=\"twitter:card\" content=\"summary_large_image\" \/>\n<meta name=\"twitter:creator\" content=\"@cutzecrap\" \/>\n<meta name=\"twitter:site\" content=\"@cutzecrap\" \/>\n<meta name=\"twitter:label1\" content=\"\u00c9crit par\" \/>\n\t<meta name=\"twitter:data1\" content=\"\u1d10T\u1d04\" \/>\n\t<meta name=\"twitter:label2\" content=\"Dur\u00e9e de lecture estim\u00e9e\" \/>\n\t<meta name=\"twitter:data2\" content=\"1 minute\" \/>\n<script type=\"application\/ld+json\" class=\"yoast-schema-graph\">{\"@context\":\"https:\\\/\\\/schema.org\",\"@graph\":[{\"@type\":\"Article\",\"@id\":\"https:\\\/\\\/www.incaudavenenum.org\\\/cut.the.crap\\\/le-jeu-populiste-de-lautomne\\\/#article\",\"isPartOf\":{\"@id\":\"https:\\\/\\\/www.incaudavenenum.org\\\/cut.the.crap\\\/le-jeu-populiste-de-lautomne\\\/\"},\"author\":{\"name\":\"\u1d10T\u1d04\",\"@id\":\"https:\\\/\\\/www.incaudavenenum.org\\\/cut.the.crap\\\/#\\\/schema\\\/person\\\/eaf31c24c3305f6a141a521845cc9561\"},\"headline\":\"Le jeu populiste de l&rsquo;automne\",\"datePublished\":\"2013-10-02T12:24:20+00:00\",\"mainEntityOfPage\":{\"@id\":\"https:\\\/\\\/www.incaudavenenum.org\\\/cut.the.crap\\\/le-jeu-populiste-de-lautomne\\\/\"},\"wordCount\":127,\"commentCount\":0,\"publisher\":{\"@id\":\"https:\\\/\\\/www.incaudavenenum.org\\\/cut.the.crap\\\/#organization\"},\"keywords\":[\"Manuel Valls\",\"Roms\"],\"articleSection\":[\"Antisocial\"],\"inLanguage\":\"fr-FR\",\"potentialAction\":[{\"@type\":\"CommentAction\",\"name\":\"Comment\",\"target\":[\"https:\\\/\\\/www.incaudavenenum.org\\\/cut.the.crap\\\/le-jeu-populiste-de-lautomne\\\/#respond\"]}]},{\"@type\":\"WebPage\",\"@id\":\"https:\\\/\\\/www.incaudavenenum.org\\\/cut.the.crap\\\/le-jeu-populiste-de-lautomne\\\/\",\"url\":\"https:\\\/\\\/www.incaudavenenum.org\\\/cut.the.crap\\\/le-jeu-populiste-de-lautomne\\\/\",\"name\":\"Le jeu populiste de l'automne - Cut The Crap\",\"isPartOf\":{\"@id\":\"https:\\\/\\\/www.incaudavenenum.org\\\/cut.the.crap\\\/#website\"},\"datePublished\":\"2013-10-02T12:24:20+00:00\",\"breadcrumb\":{\"@id\":\"https:\\\/\\\/www.incaudavenenum.org\\\/cut.the.crap\\\/le-jeu-populiste-de-lautomne\\\/#breadcrumb\"},\"inLanguage\":\"fr-FR\",\"potentialAction\":[{\"@type\":\"ReadAction\",\"target\":[\"https:\\\/\\\/www.incaudavenenum.org\\\/cut.the.crap\\\/le-jeu-populiste-de-lautomne\\\/\"]}]},{\"@type\":\"BreadcrumbList\",\"@id\":\"https:\\\/\\\/www.incaudavenenum.org\\\/cut.the.crap\\\/le-jeu-populiste-de-lautomne\\\/#breadcrumb\",\"itemListElement\":[{\"@type\":\"ListItem\",\"position\":1,\"name\":\"Accueil\",\"item\":\"https:\\\/\\\/www.incaudavenenum.org\\\/cut.the.crap\\\/\"},{\"@type\":\"ListItem\",\"position\":2,\"name\":\"Le jeu populiste de l&rsquo;automne\"}]},{\"@type\":\"WebSite\",\"@id\":\"https:\\\/\\\/www.incaudavenenum.org\\\/cut.the.crap\\\/#website\",\"url\":\"https:\\\/\\\/www.incaudavenenum.org\\\/cut.the.crap\\\/\",\"name\":\"Cut The Crap\",\"description\":\"Blog de gauche\",\"publisher\":{\"@id\":\"https:\\\/\\\/www.incaudavenenum.org\\\/cut.the.crap\\\/#organization\"},\"potentialAction\":[{\"@type\":\"SearchAction\",\"target\":{\"@type\":\"EntryPoint\",\"urlTemplate\":\"https:\\\/\\\/www.incaudavenenum.org\\\/cut.the.crap\\\/?s={search_term_string}\"},\"query-input\":{\"@type\":\"PropertyValueSpecification\",\"valueRequired\":true,\"valueName\":\"search_term_string\"}}],\"inLanguage\":\"fr-FR\"},{\"@type\":\"Organization\",\"@id\":\"https:\\\/\\\/www.incaudavenenum.org\\\/cut.the.crap\\\/#organization\",\"name\":\"Cut The Crap\",\"url\":\"https:\\\/\\\/www.incaudavenenum.org\\\/cut.the.crap\\\/\",\"logo\":{\"@type\":\"ImageObject\",\"inLanguage\":\"fr-FR\",\"@id\":\"https:\\\/\\\/www.incaudavenenum.org\\\/cut.the.crap\\\/#\\\/schema\\\/logo\\\/image\\\/\",\"url\":\"https:\\\/\\\/i1.wp.com\\\/www.incaudavenenum.org\\\/cut.the.crap\\\/wp-content\\\/uploads\\\/2018\\\/01\\\/cTc.png?fit=100%2C95\",\"contentUrl\":\"https:\\\/\\\/i1.wp.com\\\/www.incaudavenenum.org\\\/cut.the.crap\\\/wp-content\\\/uploads\\\/2018\\\/01\\\/cTc.png?fit=100%2C95\",\"width\":100,\"height\":95,\"caption\":\"Cut The Crap\"},\"image\":{\"@id\":\"https:\\\/\\\/www.incaudavenenum.org\\\/cut.the.crap\\\/#\\\/schema\\\/logo\\\/image\\\/\"},\"sameAs\":[\"https:\\\/\\\/www.facebook.com\\\/Cut-the-Crap-239882412697830\\\/\",\"https:\\\/\\\/x.com\\\/cutzecrap\"]},{\"@type\":\"Person\",\"@id\":\"https:\\\/\\\/www.incaudavenenum.org\\\/cut.the.crap\\\/#\\\/schema\\\/person\\\/eaf31c24c3305f6a141a521845cc9561\",\"name\":\"\u1d10T\u1d04\",\"image\":{\"@type\":\"ImageObject\",\"inLanguage\":\"fr-FR\",\"@id\":\"https:\\\/\\\/secure.gravatar.com\\\/avatar\\\/bcb7ebb5cbee5342d0fa3e23aef3e05182efc0190ae68a6d9da7f1994c5fcbe0?s=96&d=mm&r=g\",\"url\":\"https:\\\/\\\/secure.gravatar.com\\\/avatar\\\/bcb7ebb5cbee5342d0fa3e23aef3e05182efc0190ae68a6d9da7f1994c5fcbe0?s=96&d=mm&r=g\",\"contentUrl\":\"https:\\\/\\\/secure.gravatar.com\\\/avatar\\\/bcb7ebb5cbee5342d0fa3e23aef3e05182efc0190ae68a6d9da7f1994c5fcbe0?s=96&d=mm&r=g\",\"caption\":\"\u1d10T\u1d04\"},\"url\":\"https:\\\/\\\/www.incaudavenenum.org\\\/cut.the.crap\\\/author\\\/zorblog\\\/\"}]}<\/script>\n<!-- \/ Yoast SEO plugin. -->","yoast_head_json":{"title":"Le jeu populiste de l'automne - Cut The Crap","robots":{"index":"index","follow":"follow","max-snippet":"max-snippet:-1","max-image-preview":"max-image-preview:large","max-video-preview":"max-video-preview:-1"},"canonical":"https:\/\/www.incaudavenenum.org\/cut.the.crap\/le-jeu-populiste-de-lautomne\/","og_locale":"fr_FR","og_type":"article","og_title":"Le jeu populiste de l'automne - Cut The Crap","og_description":"A la question : \u00ab\u00a0vous diriez \u00e0 nouveau qu&rsquo;il y a aujourd&rsquo;hui en France une minorit\u00e9 seulement de familles Roms qui ont un projet de vie, qui veulent s&rsquo;int\u00e9grer en France ?\u00a0\u00bb, un populiste c\u00e9l\u00e8bre a r\u00e9pondu : \u00ab\u00a0Oui, il faut dire la v\u00e9rit\u00e9 aux Fran\u00e7ais. Ces populations ont des modes de vie extr\u00eamement diff\u00e9rents &hellip; Continuer la lecture de &laquo;&nbsp;Le jeu populiste de l&rsquo;automne&nbsp;&raquo;","og_url":"https:\/\/www.incaudavenenum.org\/cut.the.crap\/le-jeu-populiste-de-lautomne\/","og_site_name":"Cut The Crap","article_publisher":"https:\/\/www.facebook.com\/Cut-the-Crap-239882412697830\/","article_published_time":"2013-10-02T12:24:20+00:00","og_image":[{"width":940,"height":198,"url":"https:\/\/i0.wp.com\/www.incaudavenenum.org\/cut.the.crap\/wp-content\/uploads\/2018\/01\/marxengelsNB2.jpg?fit=940%2C198&ssl=1","type":"image\/jpeg"}],"author":"\u1d10T\u1d04","twitter_card":"summary_large_image","twitter_creator":"@cutzecrap","twitter_site":"@cutzecrap","twitter_misc":{"\u00c9crit par":"\u1d10T\u1d04","Dur\u00e9e de lecture estim\u00e9e":"1 minute"},"schema":{"@context":"https:\/\/schema.org","@graph":[{"@type":"Article","@id":"https:\/\/www.incaudavenenum.org\/cut.the.crap\/le-jeu-populiste-de-lautomne\/#article","isPartOf":{"@id":"https:\/\/www.incaudavenenum.org\/cut.the.crap\/le-jeu-populiste-de-lautomne\/"},"author":{"name":"\u1d10T\u1d04","@id":"https:\/\/www.incaudavenenum.org\/cut.the.crap\/#\/schema\/person\/eaf31c24c3305f6a141a521845cc9561"},"headline":"Le jeu populiste de l&rsquo;automne","datePublished":"2013-10-02T12:24:20+00:00","mainEntityOfPage":{"@id":"https:\/\/www.incaudavenenum.org\/cut.the.crap\/le-jeu-populiste-de-lautomne\/"},"wordCount":127,"commentCount":0,"publisher":{"@id":"https:\/\/www.incaudavenenum.org\/cut.the.crap\/#organization"},"keywords":["Manuel Valls","Roms"],"articleSection":["Antisocial"],"inLanguage":"fr-FR","potentialAction":[{"@type":"CommentAction","name":"Comment","target":["https:\/\/www.incaudavenenum.org\/cut.the.crap\/le-jeu-populiste-de-lautomne\/#respond"]}]},{"@type":"WebPage","@id":"https:\/\/www.incaudavenenum.org\/cut.the.crap\/le-jeu-populiste-de-lautomne\/","url":"https:\/\/www.incaudavenenum.org\/cut.the.crap\/le-jeu-populiste-de-lautomne\/","name":"Le jeu populiste de l'automne - Cut The Crap","isPartOf":{"@id":"https:\/\/www.incaudavenenum.org\/cut.the.crap\/#website"},"datePublished":"2013-10-02T12:24:20+00:00","breadcrumb":{"@id":"https:\/\/www.incaudavenenum.org\/cut.the.crap\/le-jeu-populiste-de-lautomne\/#breadcrumb"},"inLanguage":"fr-FR","potentialAction":[{"@type":"ReadAction","target":["https:\/\/www.incaudavenenum.org\/cut.the.crap\/le-jeu-populiste-de-lautomne\/"]}]},{"@type":"BreadcrumbList","@id":"https:\/\/www.incaudavenenum.org\/cut.the.crap\/le-jeu-populiste-de-lautomne\/#breadcrumb","itemListElement":[{"@type":"ListItem","position":1,"name":"Accueil","item":"https:\/\/www.incaudavenenum.org\/cut.the.crap\/"},{"@type":"ListItem","position":2,"name":"Le jeu populiste de l&rsquo;automne"}]},{"@type":"WebSite","@id":"https:\/\/www.incaudavenenum.org\/cut.the.crap\/#website","url":"https:\/\/www.incaudavenenum.org\/cut.the.crap\/","name":"Cut The Crap","description":"Blog de gauche","publisher":{"@id":"https:\/\/www.incaudavenenum.org\/cut.the.crap\/#organization"},"potentialAction":[{"@type":"SearchAction","target":{"@type":"EntryPoint","urlTemplate":"https:\/\/www.incaudavenenum.org\/cut.the.crap\/?s={search_term_string}"},"query-input":{"@type":"PropertyValueSpecification","valueRequired":true,"valueName":"search_term_string"}}],"inLanguage":"fr-FR"},{"@type":"Organization","@id":"https:\/\/www.incaudavenenum.org\/cut.the.crap\/#organization","name":"Cut The Crap","url":"https:\/\/www.incaudavenenum.org\/cut.the.crap\/","logo":{"@type":"ImageObject","inLanguage":"fr-FR","@id":"https:\/\/www.incaudavenenum.org\/cut.the.crap\/#\/schema\/logo\/image\/","url":"https:\/\/i1.wp.com\/www.incaudavenenum.org\/cut.the.crap\/wp-content\/uploads\/2018\/01\/cTc.png?fit=100%2C95","contentUrl":"https:\/\/i1.wp.com\/www.incaudavenenum.org\/cut.the.crap\/wp-content\/uploads\/2018\/01\/cTc.png?fit=100%2C95","width":100,"height":95,"caption":"Cut The Crap"},"image":{"@id":"https:\/\/www.incaudavenenum.org\/cut.the.crap\/#\/schema\/logo\/image\/"},"sameAs":["https:\/\/www.facebook.com\/Cut-the-Crap-239882412697830\/","https:\/\/x.com\/cutzecrap"]},{"@type":"Person","@id":"https:\/\/www.incaudavenenum.org\/cut.the.crap\/#\/schema\/person\/eaf31c24c3305f6a141a521845cc9561","name":"\u1d10T\u1d04","image":{"@type":"ImageObject","inLanguage":"fr-FR","@id":"https:\/\/secure.gravatar.com\/avatar\/bcb7ebb5cbee5342d0fa3e23aef3e05182efc0190ae68a6d9da7f1994c5fcbe0?s=96&d=mm&r=g","url":"https:\/\/secure.gravatar.com\/avatar\/bcb7ebb5cbee5342d0fa3e23aef3e05182efc0190ae68a6d9da7f1994c5fcbe0?s=96&d=mm&r=g","contentUrl":"https:\/\/secure.gravatar.com\/avatar\/bcb7ebb5cbee5342d0fa3e23aef3e05182efc0190ae68a6d9da7f1994c5fcbe0?s=96&d=mm&r=g","caption":"\u1d10T\u1d04"},"url":"https:\/\/www.incaudavenenum.org\/cut.the.crap\/author\/zorblog\/"}]}},"jetpack_publicize_connections":[],"jetpack_featured_media_url":"","jetpack_shortlink":"https:\/\/wp.me\/p9z98q-cs","jetpack_likes_enabled":true,"jetpack-related-posts":[{"id":1547,"url":"https:\/\/www.incaudavenenum.org\/cut.the.crap\/droit\/","url_meta":{"origin":772,"position":0},"title":"Droit","author":"Serge Victor","date":"18 mars 2019","format":"quote","excerpt":"\"L'un des aspects les plus remarquables du processus de fragmentation en cours est qu'il touche cela m\u00eame qui jusque-l\u00e0 devait assurer le maintien de l'unit\u00e9 sociale : le Droit. L\u00e9gislations antiterroristes d'exception, mise en pi\u00e8ces du droit du travail, sp\u00e9cialisation croissante des juridictions et des parquets, le Droit n'existe plus.\u2026","rel":"","context":"Dans &quot;Citations&quot;","block_context":{"text":"Citations","link":"https:\/\/www.incaudavenenum.org\/cut.the.crap\/category\/lectures\/citations\/"},"img":{"alt_text":"","src":"","width":0,"height":0},"classes":[]},{"id":1378,"url":"https:\/\/www.incaudavenenum.org\/cut.the.crap\/en-meme-temps\/","url_meta":{"origin":772,"position":1},"title":"En m\u00eame temps","author":"Serge Victor","date":"12 septembre 2018","format":"quote","excerpt":"Nomm\u00e9 chef du gouvernement, [Manuel Valls] \u00e9tait (...) devenu l'un des plus stup\u00e9fiants praticiens de ce qu'Orwell avait jadis appel\u00e9 la \"double pens\u00e9e\" .\u00a0 Assurer deux choses totalement contradictoires, et croire en m\u00eame temps aux deux, avec la m\u00eame conviction. Ass\u00e9ner avec force une id\u00e9e, tout en appliquant exactement l'id\u00e9e\u2026","rel":"","context":"Dans &quot;Citations&quot;","block_context":{"text":"Citations","link":"https:\/\/www.incaudavenenum.org\/cut.the.crap\/category\/lectures\/citations\/"},"img":{"alt_text":"","src":"","width":0,"height":0},"classes":[]},{"id":1723,"url":"https:\/\/www.incaudavenenum.org\/cut.the.crap\/ric\/","url_meta":{"origin":772,"position":2},"title":"RIC","author":"Serge Victor","date":"2 juin 2019","format":"quote","excerpt":"\"Les Gilets jaunes ont d\u00e9nonc\u00e9 les technocrates et les hauts fonctionnaires, mais finalement, ils ont repris \u00e0 leur compte leur fa\u00e7on de penser l'action publique. Le R\u00e9f\u00e9rendum d'initiative citoyenne (RIC) repose sur la fiction d'un peuple homog\u00e8ne qui pourrait parler d'une seule voix, alors que nous savons bien que notre\u2026","rel":"","context":"Dans &quot;Citations&quot;","block_context":{"text":"Citations","link":"https:\/\/www.incaudavenenum.org\/cut.the.crap\/category\/lectures\/citations\/"},"img":{"alt_text":"","src":"","width":0,"height":0},"classes":[]},{"id":86,"url":"https:\/\/www.incaudavenenum.org\/cut.the.crap\/de-quoi-fillon-est-il-le-nom\/","url_meta":{"origin":772,"position":3},"title":"De quoi Fillon est-il le nom ?","author":"\u1d10T\u1d04","date":"4 novembre 2010","format":false,"excerpt":"Personne ne se souvenait qu'il y avait un premier ministre en France. Fran\u00e7ois Fillon, premier paillasson du petit pr\u00e9sident de l'ex-R\u00e9publique, a donc jug\u00e9 n\u00e9cessaire de notifier \u00e0 l'ex-presse qu'il occupait encore le poste et souhaitait m\u00eame s'y maintenir. L'ex-France-Inter (la radio sarkovalheesque) a servilement retransmis d\u00e8s ce matin une\u2026","rel":"","context":"Dans &quot;Novlangue&quot;","block_context":{"text":"Novlangue","link":"https:\/\/www.incaudavenenum.org\/cut.the.crap\/category\/novlangue-2\/"},"img":{"alt_text":"","src":"","width":0,"height":0},"classes":[]},{"id":1360,"url":"https:\/\/www.incaudavenenum.org\/cut.the.crap\/ecrans\/","url_meta":{"origin":772,"position":4},"title":"Ecrans","author":"Serge Victor","date":"2 juillet 2018","format":"quote","excerpt":"\"Une r\u00e9cente \u00e9tude de l'Einstein Medical Cneter de Philadelphie, portant sur 350 enfants de 6 mois \u00e0 4 ans, vivant dans un centre urbain \u00e0 bas revenus, a analys\u00e9 l'usage des appareils connect\u00e9s chez les plus jeunes Am\u00e9ricains. La moiti\u00e9 des enfants de 4 ans ont leur propre t\u00e9l\u00e9vision dans\u2026","rel":"","context":"Dans &quot;Citations&quot;","block_context":{"text":"Citations","link":"https:\/\/www.incaudavenenum.org\/cut.the.crap\/category\/lectures\/citations\/"},"img":{"alt_text":"","src":"","width":0,"height":0},"classes":[]},{"id":233,"url":"https:\/\/www.incaudavenenum.org\/cut.the.crap\/profs-ouvriers-suicides-meme-combat\/","url_meta":{"origin":772,"position":5},"title":"L&rsquo;Homme sans Qualit\u00e9","author":"\u1d10T\u1d04","date":"3 juin 2011","format":false,"excerpt":"Dans Le Monde du 30 mai 2011, Miguel Benassayag d\u00e9nonce les m\u00e9faits du \"n\u00e9omanagement\". En r\u00e9f\u00e9rence \u00e0 l'oeuvre de Robert Musil*, il d\u00e9peint les nouveaux gestionnaires et autres managers comme des \"hommes sans qualit\u00e9s\", \"agents de la tristesse\", \"petits hommes gris\" qui s\u00e9vissent \u00e0 pr\u00e9sent jusque dans l'\u00e9ducation et la\u2026","rel":"","context":"Dans &quot;R\u00e9sistance&quot;","block_context":{"text":"R\u00e9sistance","link":"https:\/\/www.incaudavenenum.org\/cut.the.crap\/category\/resistance\/"},"img":{"alt_text":"LPC","src":"https:\/\/retraitbaseeleves.files.wordpress.com\/2010\/12\/lpc-pour-les-nuls2010.png?w=350&h=200&crop=1","width":350,"height":200},"classes":[]}],"jetpack_sharing_enabled":true,"_links":{"self":[{"href":"https:\/\/www.incaudavenenum.org\/cut.the.crap\/wp-json\/wp\/v2\/posts\/772","targetHints":{"allow":["GET"]}}],"collection":[{"href":"https:\/\/www.incaudavenenum.org\/cut.the.crap\/wp-json\/wp\/v2\/posts"}],"about":[{"href":"https:\/\/www.incaudavenenum.org\/cut.the.crap\/wp-json\/wp\/v2\/types\/post"}],"author":[{"embeddable":true,"href":"https:\/\/www.incaudavenenum.org\/cut.the.crap\/wp-json\/wp\/v2\/users\/6"}],"replies":[{"embeddable":true,"href":"https:\/\/www.incaudavenenum.org\/cut.the.crap\/wp-json\/wp\/v2\/comments?post=772"}],"version-history":[{"count":0,"href":"https:\/\/www.incaudavenenum.org\/cut.the.crap\/wp-json\/wp\/v2\/posts\/772\/revisions"}],"wp:attachment":[{"href":"https:\/\/www.incaudavenenum.org\/cut.the.crap\/wp-json\/wp\/v2\/media?parent=772"}],"wp:term":[{"taxonomy":"category","embeddable":true,"href":"https:\/\/www.incaudavenenum.org\/cut.the.crap\/wp-json\/wp\/v2\/categories?post=772"},{"taxonomy":"post_tag","embeddable":true,"href":"https:\/\/www.incaudavenenum.org\/cut.the.crap\/wp-json\/wp\/v2\/tags?post=772"}],"curies":[{"name":"wp","href":"https:\/\/api.w.org\/{rel}","templated":true}]}}