{"id":86,"date":"2010-11-04T15:41:13","date_gmt":"2010-11-04T14:41:13","guid":{"rendered":"http:\/\/cut.the.crap.free.fr\/?p=86"},"modified":"2026-07-08T09:57:21","modified_gmt":"2026-07-08T07:57:21","slug":"de-quoi-fillon-est-il-le-nom","status":"publish","type":"post","link":"https:\/\/www.incaudavenenum.org\/cut.the.crap\/de-quoi-fillon-est-il-le-nom\/","title":{"rendered":"De quoi Fillon est-il le nom ?"},"content":{"rendered":"\n<p class=\"wp-block-paragraph\">Personne ne se souvenait qu&rsquo;il y avait un premier ministre en France. Fran\u00e7ois Fillon, premier paillasson du petit pr\u00e9sident de l&rsquo;ex-R\u00e9publique, a donc jug\u00e9 n\u00e9cessaire de notifier \u00e0 l&rsquo;ex-presse qu&rsquo;il occupait encore le poste et souhaitait m\u00eame s&rsquo;y maintenir. L&rsquo;ex-<em>France-Inter<\/em> (la radio sarkovalheesque) a servilement retransmis d\u00e8s ce matin une allocution de Fillon qui affirme que sa \u00ab\u00a0<strong>politique r\u00e9formiste<\/strong>\u00a0\u00bb a besoin de \u00ab\u00a0continuit\u00e9\u00a0\u00bb. Les sagaces journalistes b\u00e9ats d&rsquo;admiration devant le brushing sarthois ont aussit\u00f4t compris ce dont tout le monde se moque \u00e9perdument : il s&rsquo;agit d&rsquo;un subtil message que le laquais menac\u00e9 de disgr\u00e2ce adresse \u00e0 son ma\u00eetre pour conserver sa sin\u00e9cure.<\/p>\n\n\n\n<p class=\"wp-block-paragraph\">Mais \u00ab\u00a0politique r\u00e9formiste\u00a0\u00bb ? Le vilain mensonge que voil\u00e0 ! La politique du Front Populaire en 1936, par exemple, elle, \u00e9tait authentiquement \u00ab\u00a0r\u00e9formiste\u00a0\u00bb : men\u00e9e par des partis ayant choisi la voie r\u00e9formiste l\u00e9gale (plut\u00f4t que la voie r\u00e9volutionnaire), cette politique avait effectivement r\u00e9form\u00e9 profond\u00e9ment le pays en diminuant le temps de travail hebdomadaire des salari\u00e9s ou en cr\u00e9ant les premiers cong\u00e9s pay\u00e9s.<\/p>\n\n\n\n<p class=\"wp-block-paragraph\">En revanche, la politique mise en place par Fran\u00e7ois Fillon sous la tutelle de Claude Gu\u00e9ant (l&rsquo;homme du petit pr\u00e9sident), casse les acquis sociaux issus des r\u00e9formes : il s&rsquo;agit donc d&rsquo;une <strong>politique antisociale r\u00e9actionnaire<\/strong>, et non r\u00e9formiste. De m\u00eame qu&rsquo;une vessie n&rsquo;est pas une lanterne, une politique r\u00e9actionnaire n&rsquo;est pas une politique r\u00e9formiste. La politique discriminatoire \u00e0 l&rsquo;\u00e9gard des Roms, notamment, remet m\u00eame en cause les principes de libert\u00e9 de circulation et d&rsquo;\u00e9galit\u00e9 devant la loi \u00e9tablis depuis la R\u00e9volution de 1789 (au point que la tr\u00e8s droiti\u00e8re Commission europ\u00e9enne n&rsquo;a pu s&#8217;emp\u00eacher de s&rsquo;en \u00e9mouvoir en septembre 2010 par la bouche de Viviane Reding). En ce sens, on peut m\u00eame dire que la politique nationale-sarkozyste men\u00e9e par Fran\u00e7ois Fillon est <strong>contre-r\u00e9volutionnaire<\/strong>.<\/p>\n\n\n\n<p class=\"wp-block-paragraph\">Fran\u00e7ois Fillon ignore-t-il donc \u00e0 ce point le sens du mot \u00ab\u00a0r\u00e9formiste\u00a0\u00bb ? C&rsquo;est tr\u00e8s peu probable. La confusion est donc d\u00e9lib\u00e9r\u00e9e, et destin\u00e9e \u00e0 tromper un peuple infantilis\u00e9 par la t\u00e9l\u00e9vision et la r\u00e9pression. Mais attention, Monsieur Fillon : les enfants peuvent aussi avoir de l&rsquo;intuition.<\/p>\n\n\n\n<blockquote class=\"wp-block-quote is-layout-flow wp-block-quote-is-layout-flow\">\n<p class=\"wp-block-paragraph\">&#8211; C&rsquo;est quoi un Fillon ?<\/p>\n\n\n\n<p class=\"wp-block-paragraph\">&#8211; C&rsquo;est comme un fion, mais avec deux \u00ab\u00a0L\u00a0\u00bb.<\/p>\n\n\n\n<p class=\"wp-block-paragraph\">&#8211; Alors \u00e7a vole ?<\/p>\n<\/blockquote>\n","protected":false},"excerpt":{"rendered":"<p>Personne ne se souvenait qu&rsquo;il y avait un premier ministre en France. Fran\u00e7ois Fillon, premier paillasson du petit pr\u00e9sident de l&rsquo;ex-R\u00e9publique, a donc jug\u00e9 n\u00e9cessaire de notifier \u00e0 l&rsquo;ex-presse qu&rsquo;il occupait encore le poste et souhaitait m\u00eame s&rsquo;y maintenir. L&rsquo;ex-France-Inter (la radio sarkovalheesque) a servilement retransmis d\u00e8s ce matin une allocution de Fillon qui affirme [&hellip;]<\/p>\n","protected":false},"author":6,"featured_media":0,"comment_status":"open","ping_status":"closed","sticky":false,"template":"","format":"standard","meta":{"_jetpack_newsletter_access":"","_jetpack_dont_email_post_to_subs":false,"_jetpack_newsletter_tier_id":0,"_jetpack_memberships_contains_paywalled_content":false,"_jetpack_feature_clip_id":0,"_jetpack_memberships_contains_paid_content":false,"footnotes":"","jetpack_publicize_message":"","jetpack_publicize_feature_enabled":true,"jetpack_social_post_already_shared":false,"jetpack_social_options":{"image_generator_settings":{"template":"highway","default_image_id":0,"font":"","enabled":false},"version":2},"jetpack_post_was_ever_published":false},"categories":[5],"tags":[62,71,119,123,131,297,304,352],"class_list":["post-86","post","type-post","status-publish","format-standard","hentry","category-novlangue-2","tag-claude-gueant","tag-contre-reforme","tag-france-inter","tag-francois-fillon","tag-front-populaire","tag-reforme","tag-roms","tag-viviane-reding"],"yoast_head":"<!-- This site is optimized with the Yoast SEO plugin v28.4 - https:\/\/yoast.com\/product\/yoast-seo-wordpress\/ -->\n<title>De quoi Fillon est-il le nom ? - Cut The Crap<\/title>\n<meta name=\"robots\" content=\"index, follow, max-snippet:-1, max-image-preview:large, max-video-preview:-1\" \/>\n<link rel=\"canonical\" href=\"https:\/\/www.incaudavenenum.org\/cut.the.crap\/de-quoi-fillon-est-il-le-nom\/\" \/>\n<meta property=\"og:locale\" content=\"fr_FR\" \/>\n<meta property=\"og:type\" content=\"article\" \/>\n<meta property=\"og:title\" content=\"De quoi Fillon est-il le nom ? - Cut The Crap\" \/>\n<meta property=\"og:description\" content=\"Personne ne se souvenait qu&rsquo;il y avait un premier ministre en France. Fran\u00e7ois Fillon, premier paillasson du petit pr\u00e9sident de l&rsquo;ex-R\u00e9publique, a donc jug\u00e9 n\u00e9cessaire de notifier \u00e0 l&rsquo;ex-presse qu&rsquo;il occupait encore le poste et souhaitait m\u00eame s&rsquo;y maintenir. L&rsquo;ex-France-Inter (la radio sarkovalheesque) a servilement retransmis d\u00e8s ce matin une allocution de Fillon qui affirme [&hellip;]\" \/>\n<meta property=\"og:url\" content=\"https:\/\/www.incaudavenenum.org\/cut.the.crap\/de-quoi-fillon-est-il-le-nom\/\" \/>\n<meta property=\"og:site_name\" content=\"Cut The Crap\" \/>\n<meta property=\"article:publisher\" content=\"https:\/\/www.facebook.com\/Cut-the-Crap-239882412697830\/\" \/>\n<meta property=\"article:published_time\" content=\"2010-11-04T14:41:13+00:00\" \/>\n<meta property=\"article:modified_time\" content=\"2026-07-08T07:57:21+00:00\" \/>\n<meta property=\"og:image\" content=\"https:\/\/i0.wp.com\/www.incaudavenenum.org\/cut.the.crap\/wp-content\/uploads\/2026\/07\/Cut-The-Crap-Marx-Engels.png?fit=1350%2C1080&ssl=1\" \/>\n\t<meta property=\"og:image:width\" content=\"1350\" \/>\n\t<meta property=\"og:image:height\" content=\"1080\" \/>\n\t<meta property=\"og:image:type\" content=\"image\/png\" \/>\n<meta name=\"author\" content=\"\u1d10T\u1d04\" \/>\n<meta name=\"twitter:card\" content=\"summary_large_image\" \/>\n<meta name=\"twitter:creator\" content=\"@cutzecrap\" \/>\n<meta name=\"twitter:site\" content=\"@cutzecrap\" \/>\n<meta name=\"twitter:label1\" content=\"\u00c9crit par\" \/>\n\t<meta name=\"twitter:data1\" content=\"\u1d10T\u1d04\" \/>\n\t<meta name=\"twitter:label2\" content=\"Dur\u00e9e de lecture estim\u00e9e\" \/>\n\t<meta name=\"twitter:data2\" content=\"2 minutes\" \/>\n<script type=\"application\/ld+json\" class=\"yoast-schema-graph\">{\"@context\":\"https:\\\/\\\/schema.org\",\"@graph\":[{\"@type\":\"Article\",\"@id\":\"https:\\\/\\\/www.incaudavenenum.org\\\/cut.the.crap\\\/de-quoi-fillon-est-il-le-nom\\\/#article\",\"isPartOf\":{\"@id\":\"https:\\\/\\\/www.incaudavenenum.org\\\/cut.the.crap\\\/de-quoi-fillon-est-il-le-nom\\\/\"},\"author\":{\"name\":\"\u1d10T\u1d04\",\"@id\":\"https:\\\/\\\/www.incaudavenenum.org\\\/cut.the.crap\\\/#\\\/schema\\\/person\\\/eaf31c24c3305f6a141a521845cc9561\"},\"headline\":\"De quoi Fillon est-il le nom ?\",\"datePublished\":\"2010-11-04T14:41:13+00:00\",\"dateModified\":\"2026-07-08T07:57:21+00:00\",\"mainEntityOfPage\":{\"@id\":\"https:\\\/\\\/www.incaudavenenum.org\\\/cut.the.crap\\\/de-quoi-fillon-est-il-le-nom\\\/\"},\"wordCount\":423,\"commentCount\":0,\"publisher\":{\"@id\":\"https:\\\/\\\/www.incaudavenenum.org\\\/cut.the.crap\\\/#organization\"},\"keywords\":[\"Claude Gu\u00e9ant\",\"contre-r\u00e9forme\",\"France-Inter\",\"Fran\u00e7ois Fillon\",\"Front Populaire\",\"r\u00e9forme\",\"Roms\",\"Viviane Reding\"],\"articleSection\":[\"Novlangue\"],\"inLanguage\":\"fr-FR\",\"potentialAction\":[{\"@type\":\"CommentAction\",\"name\":\"Comment\",\"target\":[\"https:\\\/\\\/www.incaudavenenum.org\\\/cut.the.crap\\\/de-quoi-fillon-est-il-le-nom\\\/#respond\"]}]},{\"@type\":\"WebPage\",\"@id\":\"https:\\\/\\\/www.incaudavenenum.org\\\/cut.the.crap\\\/de-quoi-fillon-est-il-le-nom\\\/\",\"url\":\"https:\\\/\\\/www.incaudavenenum.org\\\/cut.the.crap\\\/de-quoi-fillon-est-il-le-nom\\\/\",\"name\":\"De quoi Fillon est-il le nom ? - Cut The Crap\",\"isPartOf\":{\"@id\":\"https:\\\/\\\/www.incaudavenenum.org\\\/cut.the.crap\\\/#website\"},\"datePublished\":\"2010-11-04T14:41:13+00:00\",\"dateModified\":\"2026-07-08T07:57:21+00:00\",\"breadcrumb\":{\"@id\":\"https:\\\/\\\/www.incaudavenenum.org\\\/cut.the.crap\\\/de-quoi-fillon-est-il-le-nom\\\/#breadcrumb\"},\"inLanguage\":\"fr-FR\",\"potentialAction\":[{\"@type\":\"ReadAction\",\"target\":[\"https:\\\/\\\/www.incaudavenenum.org\\\/cut.the.crap\\\/de-quoi-fillon-est-il-le-nom\\\/\"]}]},{\"@type\":\"BreadcrumbList\",\"@id\":\"https:\\\/\\\/www.incaudavenenum.org\\\/cut.the.crap\\\/de-quoi-fillon-est-il-le-nom\\\/#breadcrumb\",\"itemListElement\":[{\"@type\":\"ListItem\",\"position\":1,\"name\":\"Accueil\",\"item\":\"https:\\\/\\\/www.incaudavenenum.org\\\/cut.the.crap\\\/\"},{\"@type\":\"ListItem\",\"position\":2,\"name\":\"De quoi Fillon est-il le nom ?\"}]},{\"@type\":\"WebSite\",\"@id\":\"https:\\\/\\\/www.incaudavenenum.org\\\/cut.the.crap\\\/#website\",\"url\":\"https:\\\/\\\/www.incaudavenenum.org\\\/cut.the.crap\\\/\",\"name\":\"Cut The Crap\",\"description\":\"Blog de gauche\",\"publisher\":{\"@id\":\"https:\\\/\\\/www.incaudavenenum.org\\\/cut.the.crap\\\/#organization\"},\"potentialAction\":[{\"@type\":\"SearchAction\",\"target\":{\"@type\":\"EntryPoint\",\"urlTemplate\":\"https:\\\/\\\/www.incaudavenenum.org\\\/cut.the.crap\\\/?s={search_term_string}\"},\"query-input\":{\"@type\":\"PropertyValueSpecification\",\"valueRequired\":true,\"valueName\":\"search_term_string\"}}],\"inLanguage\":\"fr-FR\"},{\"@type\":\"Organization\",\"@id\":\"https:\\\/\\\/www.incaudavenenum.org\\\/cut.the.crap\\\/#organization\",\"name\":\"Cut The Crap\",\"url\":\"https:\\\/\\\/www.incaudavenenum.org\\\/cut.the.crap\\\/\",\"logo\":{\"@type\":\"ImageObject\",\"inLanguage\":\"fr-FR\",\"@id\":\"https:\\\/\\\/www.incaudavenenum.org\\\/cut.the.crap\\\/#\\\/schema\\\/logo\\\/image\\\/\",\"url\":\"https:\\\/\\\/i0.wp.com\\\/www.incaudavenenum.org\\\/cut.the.crap\\\/wp-content\\\/uploads\\\/2026\\\/07\\\/Cut-The-Crap-Marx-Engels.png?fit=1350%2C1080&ssl=1\",\"contentUrl\":\"https:\\\/\\\/i0.wp.com\\\/www.incaudavenenum.org\\\/cut.the.crap\\\/wp-content\\\/uploads\\\/2026\\\/07\\\/Cut-The-Crap-Marx-Engels.png?fit=1350%2C1080&ssl=1\",\"width\":1350,\"height\":1080,\"caption\":\"Cut The Crap\"},\"image\":{\"@id\":\"https:\\\/\\\/www.incaudavenenum.org\\\/cut.the.crap\\\/#\\\/schema\\\/logo\\\/image\\\/\"},\"sameAs\":[\"https:\\\/\\\/www.facebook.com\\\/Cut-the-Crap-239882412697830\\\/\",\"https:\\\/\\\/x.com\\\/cutzecrap\"]},{\"@type\":\"Person\",\"@id\":\"https:\\\/\\\/www.incaudavenenum.org\\\/cut.the.crap\\\/#\\\/schema\\\/person\\\/eaf31c24c3305f6a141a521845cc9561\",\"name\":\"\u1d10T\u1d04\",\"image\":{\"@type\":\"ImageObject\",\"inLanguage\":\"fr-FR\",\"@id\":\"https:\\\/\\\/secure.gravatar.com\\\/avatar\\\/bcb7ebb5cbee5342d0fa3e23aef3e05182efc0190ae68a6d9da7f1994c5fcbe0?s=96&d=mm&r=g\",\"url\":\"https:\\\/\\\/secure.gravatar.com\\\/avatar\\\/bcb7ebb5cbee5342d0fa3e23aef3e05182efc0190ae68a6d9da7f1994c5fcbe0?s=96&d=mm&r=g\",\"contentUrl\":\"https:\\\/\\\/secure.gravatar.com\\\/avatar\\\/bcb7ebb5cbee5342d0fa3e23aef3e05182efc0190ae68a6d9da7f1994c5fcbe0?s=96&d=mm&r=g\",\"caption\":\"\u1d10T\u1d04\"},\"url\":\"https:\\\/\\\/www.incaudavenenum.org\\\/cut.the.crap\\\/author\\\/zorblog\\\/\"}]}<\/script>\n<!-- \/ Yoast SEO plugin. -->","yoast_head_json":{"title":"De quoi Fillon est-il le nom ? - Cut The Crap","robots":{"index":"index","follow":"follow","max-snippet":"max-snippet:-1","max-image-preview":"max-image-preview:large","max-video-preview":"max-video-preview:-1"},"canonical":"https:\/\/www.incaudavenenum.org\/cut.the.crap\/de-quoi-fillon-est-il-le-nom\/","og_locale":"fr_FR","og_type":"article","og_title":"De quoi Fillon est-il le nom ? - Cut The Crap","og_description":"Personne ne se souvenait qu&rsquo;il y avait un premier ministre en France. Fran\u00e7ois Fillon, premier paillasson du petit pr\u00e9sident de l&rsquo;ex-R\u00e9publique, a donc jug\u00e9 n\u00e9cessaire de notifier \u00e0 l&rsquo;ex-presse qu&rsquo;il occupait encore le poste et souhaitait m\u00eame s&rsquo;y maintenir. L&rsquo;ex-France-Inter (la radio sarkovalheesque) a servilement retransmis d\u00e8s ce matin une allocution de Fillon qui affirme [&hellip;]","og_url":"https:\/\/www.incaudavenenum.org\/cut.the.crap\/de-quoi-fillon-est-il-le-nom\/","og_site_name":"Cut The Crap","article_publisher":"https:\/\/www.facebook.com\/Cut-the-Crap-239882412697830\/","article_published_time":"2010-11-04T14:41:13+00:00","article_modified_time":"2026-07-08T07:57:21+00:00","og_image":[{"width":1350,"height":1080,"url":"https:\/\/i0.wp.com\/www.incaudavenenum.org\/cut.the.crap\/wp-content\/uploads\/2026\/07\/Cut-The-Crap-Marx-Engels.png?fit=1350%2C1080&ssl=1","type":"image\/png"}],"author":"\u1d10T\u1d04","twitter_card":"summary_large_image","twitter_creator":"@cutzecrap","twitter_site":"@cutzecrap","twitter_misc":{"\u00c9crit par":"\u1d10T\u1d04","Dur\u00e9e de lecture estim\u00e9e":"2 minutes"},"schema":{"@context":"https:\/\/schema.org","@graph":[{"@type":"Article","@id":"https:\/\/www.incaudavenenum.org\/cut.the.crap\/de-quoi-fillon-est-il-le-nom\/#article","isPartOf":{"@id":"https:\/\/www.incaudavenenum.org\/cut.the.crap\/de-quoi-fillon-est-il-le-nom\/"},"author":{"name":"\u1d10T\u1d04","@id":"https:\/\/www.incaudavenenum.org\/cut.the.crap\/#\/schema\/person\/eaf31c24c3305f6a141a521845cc9561"},"headline":"De quoi Fillon est-il le nom ?","datePublished":"2010-11-04T14:41:13+00:00","dateModified":"2026-07-08T07:57:21+00:00","mainEntityOfPage":{"@id":"https:\/\/www.incaudavenenum.org\/cut.the.crap\/de-quoi-fillon-est-il-le-nom\/"},"wordCount":423,"commentCount":0,"publisher":{"@id":"https:\/\/www.incaudavenenum.org\/cut.the.crap\/#organization"},"keywords":["Claude Gu\u00e9ant","contre-r\u00e9forme","France-Inter","Fran\u00e7ois Fillon","Front Populaire","r\u00e9forme","Roms","Viviane Reding"],"articleSection":["Novlangue"],"inLanguage":"fr-FR","potentialAction":[{"@type":"CommentAction","name":"Comment","target":["https:\/\/www.incaudavenenum.org\/cut.the.crap\/de-quoi-fillon-est-il-le-nom\/#respond"]}]},{"@type":"WebPage","@id":"https:\/\/www.incaudavenenum.org\/cut.the.crap\/de-quoi-fillon-est-il-le-nom\/","url":"https:\/\/www.incaudavenenum.org\/cut.the.crap\/de-quoi-fillon-est-il-le-nom\/","name":"De quoi Fillon est-il le nom ? - Cut The Crap","isPartOf":{"@id":"https:\/\/www.incaudavenenum.org\/cut.the.crap\/#website"},"datePublished":"2010-11-04T14:41:13+00:00","dateModified":"2026-07-08T07:57:21+00:00","breadcrumb":{"@id":"https:\/\/www.incaudavenenum.org\/cut.the.crap\/de-quoi-fillon-est-il-le-nom\/#breadcrumb"},"inLanguage":"fr-FR","potentialAction":[{"@type":"ReadAction","target":["https:\/\/www.incaudavenenum.org\/cut.the.crap\/de-quoi-fillon-est-il-le-nom\/"]}]},{"@type":"BreadcrumbList","@id":"https:\/\/www.incaudavenenum.org\/cut.the.crap\/de-quoi-fillon-est-il-le-nom\/#breadcrumb","itemListElement":[{"@type":"ListItem","position":1,"name":"Accueil","item":"https:\/\/www.incaudavenenum.org\/cut.the.crap\/"},{"@type":"ListItem","position":2,"name":"De quoi Fillon est-il le nom ?"}]},{"@type":"WebSite","@id":"https:\/\/www.incaudavenenum.org\/cut.the.crap\/#website","url":"https:\/\/www.incaudavenenum.org\/cut.the.crap\/","name":"Cut The Crap","description":"Blog de gauche","publisher":{"@id":"https:\/\/www.incaudavenenum.org\/cut.the.crap\/#organization"},"potentialAction":[{"@type":"SearchAction","target":{"@type":"EntryPoint","urlTemplate":"https:\/\/www.incaudavenenum.org\/cut.the.crap\/?s={search_term_string}"},"query-input":{"@type":"PropertyValueSpecification","valueRequired":true,"valueName":"search_term_string"}}],"inLanguage":"fr-FR"},{"@type":"Organization","@id":"https:\/\/www.incaudavenenum.org\/cut.the.crap\/#organization","name":"Cut The Crap","url":"https:\/\/www.incaudavenenum.org\/cut.the.crap\/","logo":{"@type":"ImageObject","inLanguage":"fr-FR","@id":"https:\/\/www.incaudavenenum.org\/cut.the.crap\/#\/schema\/logo\/image\/","url":"https:\/\/i0.wp.com\/www.incaudavenenum.org\/cut.the.crap\/wp-content\/uploads\/2026\/07\/Cut-The-Crap-Marx-Engels.png?fit=1350%2C1080&ssl=1","contentUrl":"https:\/\/i0.wp.com\/www.incaudavenenum.org\/cut.the.crap\/wp-content\/uploads\/2026\/07\/Cut-The-Crap-Marx-Engels.png?fit=1350%2C1080&ssl=1","width":1350,"height":1080,"caption":"Cut The Crap"},"image":{"@id":"https:\/\/www.incaudavenenum.org\/cut.the.crap\/#\/schema\/logo\/image\/"},"sameAs":["https:\/\/www.facebook.com\/Cut-the-Crap-239882412697830\/","https:\/\/x.com\/cutzecrap"]},{"@type":"Person","@id":"https:\/\/www.incaudavenenum.org\/cut.the.crap\/#\/schema\/person\/eaf31c24c3305f6a141a521845cc9561","name":"\u1d10T\u1d04","image":{"@type":"ImageObject","inLanguage":"fr-FR","@id":"https:\/\/secure.gravatar.com\/avatar\/bcb7ebb5cbee5342d0fa3e23aef3e05182efc0190ae68a6d9da7f1994c5fcbe0?s=96&d=mm&r=g","url":"https:\/\/secure.gravatar.com\/avatar\/bcb7ebb5cbee5342d0fa3e23aef3e05182efc0190ae68a6d9da7f1994c5fcbe0?s=96&d=mm&r=g","contentUrl":"https:\/\/secure.gravatar.com\/avatar\/bcb7ebb5cbee5342d0fa3e23aef3e05182efc0190ae68a6d9da7f1994c5fcbe0?s=96&d=mm&r=g","caption":"\u1d10T\u1d04"},"url":"https:\/\/www.incaudavenenum.org\/cut.the.crap\/author\/zorblog\/"}]}},"jetpack_publicize_connections":[],"jetpack_shortlink":"https:\/\/wp.me\/p9z98q-1o","jetpack_likes_enabled":true,"jetpack-related-posts":[{"id":966,"url":"https:\/\/www.incaudavenenum.org\/cut.the.crap\/poisson-davril-anti-france-insoumise-de-dominique-vidal\/","url_meta":{"origin":86,"position":0},"title":"Poisson d&rsquo;avril anti-France Insoumise de Dominique Vidal","author":"Serge Victor","date":"2 avril 2017","format":"chat","excerpt":"Le 1er avril 2017, l'ancien r\u00e9dacteur du Monde Diplo Dominique Vidal, avec qui j'ai d\u00e9j\u00e0 eu quelques d\u00e9saccords (ici ou l\u00e0), postait sur Facebook un amusant poisson d'avril : La France Insoumise, affirme-t-il, aurait donc \"fait une croix sur l'alliance avec tout ou partie du PS\". Bonne blague car depuis\u2026","rel":"","context":"Dans &quot;R\u00e9sistance&quot;","block_context":{"text":"R\u00e9sistance","link":"https:\/\/www.incaudavenenum.org\/cut.the.crap\/category\/resistance\/"},"img":{"alt_text":"","src":"https:\/\/i0.wp.com\/www.incaudavenenum.org\/cut.the.crap\/wp-content\/uploads\/2017\/04\/Capture-decran-2017-04-02-a-13.47.15.png?resize=350%2C200&ssl=1","width":350,"height":200},"classes":[]},{"id":414,"url":"https:\/\/www.incaudavenenum.org\/cut.the.crap\/fait-divers-la-democratie-en-suspens\/","url_meta":{"origin":86,"position":1},"title":"Fait-divers : la d\u00e9mocratie en suspens","author":"\u1d10T\u1d04","date":"20 mars 2012","format":false,"excerpt":"Nous l'\u00e9crivions le 15 janvier dernier : \"d\u2019ici l\u2019\u00e9lection pr\u00e9sidentielle d\u2019avril-mai 2012, on peut donc s\u2019attendre \u00e0 coup s\u00fbr \u00e0 ce que TF1, ou quelque autre m\u00e9dia national-sarkozyste, s\u2019efforce de cr\u00e9er dans l\u2019opinion, gr\u00e2ce \u00e0 un fait-divers opportun, le r\u00e9flexe de peur qui permettra \u00e0 Sarkozy de reconqu\u00e9rir son \u00e9lectorat\".\u2026","rel":"","context":"Dans &quot;R\u00e9sistance&quot;","block_context":{"text":"R\u00e9sistance","link":"https:\/\/www.incaudavenenum.org\/cut.the.crap\/category\/resistance\/"},"img":{"alt_text":"","src":"","width":0,"height":0},"classes":[]},{"id":14,"url":"https:\/\/www.incaudavenenum.org\/cut.the.crap\/les-lieux-communs-de-la-droite-reactionnaire\/","url_meta":{"origin":86,"position":2},"title":"Les mensonges grossiers de la droite r\u00e9actionnaire","author":"\u1d10T\u1d04","date":"25 octobre 2010","format":false,"excerpt":"Automne 2010 : le peuple fran\u00e7ais se mobilise contre le projet de loi qui vise \u00e0 reculer l'\u00e2ge de la retraite. Pourtant, la \"droite la plus b\u00eate du monde\" (dixit Guy Mollet) s'obstine dans ses mensonges dont les \u00e9chos se r\u00e9p\u00e8tent \u00e0 l'infini dans la bouche des rentiers haineux comme\u2026","rel":"","context":"Dans &quot;Novlangue&quot;","block_context":{"text":"Novlangue","link":"https:\/\/www.incaudavenenum.org\/cut.the.crap\/category\/novlangue-2\/"},"img":{"alt_text":"","src":"","width":0,"height":0},"classes":[]},{"id":64,"url":"https:\/\/www.incaudavenenum.org\/cut.the.crap\/une-mobilisation-sans-precedent\/","url_meta":{"origin":86,"position":3},"title":"Une mobilisation sans pr\u00e9c\u00e9dent","author":"\u1d10T\u1d04","date":"28 octobre 2010","format":false,"excerpt":"Selon la quasi-totalit\u00e9 de l'ex-presse, la mobilisation du 28 octobre pour la d\u00e9fense des retraites a \u00e9t\u00e9 en tr\u00e8s \"nette baisse\". Moins de manifestants, moins de gr\u00e9vistes, moins de perturbations, moins de blocages, et m\u00eame un soutien de l'opinion publique en recul : \"selon un sondage CSA publi\u00e9 par Le\u2026","rel":"","context":"Dans &quot;Novlangue&quot;","block_context":{"text":"Novlangue","link":"https:\/\/www.incaudavenenum.org\/cut.the.crap\/category\/novlangue-2\/"},"img":{"alt_text":"l'ex-PS en goguette","src":"https:\/\/i0.wp.com\/www.incaudavenenum.org\/cut.the.crap\/wp-content\/uploads\/2010\/10\/martine-1.jpg?resize=350%2C200&ssl=1","width":350,"height":200},"classes":[]},{"id":98,"url":"https:\/\/www.incaudavenenum.org\/cut.the.crap\/appel-a-referendum-sur-les-retraites\/","url_meta":{"origin":86,"position":4},"title":"Appel pour un referendum sur les retraites","author":"\u1d10T\u1d04","date":"5 novembre 2010","format":false,"excerpt":"Nous relayons l'information qui nous a \u00e9t\u00e9 transmise \u00e0 propos de l'appel lanc\u00e9 par la revue Politis. L'article 11 de la Constitution ayant \u00e9t\u00e9 r\u00e9vis\u00e9 en 2008, il y a moyen de contraindre le Pr\u00e9sident de la R\u00e9publique \u00e0 proposer un r\u00e9f\u00e9rendum sur les retraites, \u00e0 condition que ce r\u00e9f\u00e9rendum\u2026","rel":"","context":"Dans &quot;R\u00e9sistance&quot;","block_context":{"text":"R\u00e9sistance","link":"https:\/\/www.incaudavenenum.org\/cut.the.crap\/category\/resistance\/"},"img":{"alt_text":"","src":"","width":0,"height":0},"classes":[]},{"id":673,"url":"https:\/\/www.incaudavenenum.org\/cut.the.crap\/bernard-maris-un-editorialiste-nombriliste-et-anti-melenchon\/","url_meta":{"origin":86,"position":5},"title":"Bernard Maris, un \u00e9ditorialiste nombriliste et anti-M\u00e9lenchon","author":"\u1d10T\u1d04","date":"10 mai 2013","format":false,"excerpt":"Dans son \u00e9ditorial de page 2 de\u00a0Charlie Hebdo du 7 mai 2013, Bernard Maris s'interroge : \"D\u00e9\u00e7u du hollandisme ou du m\u00e9lenchonisme ?\" \"Suis-je d\u00e9\u00e7u de Fran\u00e7ois Hollande ? Oui\", r\u00e9v\u00e8le-t-il d'embl\u00e9e. Et d'\u00e9num\u00e9rer les raisons plus ou moins comico-farfelues de sa d\u00e9ception. Il e\u00fbt notamment aim\u00e9 : \"(...) qu'il\u2026","rel":"","context":"Dans &quot;Lectures&quot;","block_context":{"text":"Lectures","link":"https:\/\/www.incaudavenenum.org\/cut.the.crap\/category\/lectures\/"},"img":{"alt_text":"","src":"","width":0,"height":0},"classes":[]}],"jetpack_sharing_enabled":true,"jetpack_featured_media_url":"","_links":{"self":[{"href":"https:\/\/www.incaudavenenum.org\/cut.the.crap\/wp-json\/wp\/v2\/posts\/86","targetHints":{"allow":["GET"]}}],"collection":[{"href":"https:\/\/www.incaudavenenum.org\/cut.the.crap\/wp-json\/wp\/v2\/posts"}],"about":[{"href":"https:\/\/www.incaudavenenum.org\/cut.the.crap\/wp-json\/wp\/v2\/types\/post"}],"author":[{"embeddable":true,"href":"https:\/\/www.incaudavenenum.org\/cut.the.crap\/wp-json\/wp\/v2\/users\/6"}],"replies":[{"embeddable":true,"href":"https:\/\/www.incaudavenenum.org\/cut.the.crap\/wp-json\/wp\/v2\/comments?post=86"}],"version-history":[{"count":1,"href":"https:\/\/www.incaudavenenum.org\/cut.the.crap\/wp-json\/wp\/v2\/posts\/86\/revisions"}],"predecessor-version":[{"id":4925,"href":"https:\/\/www.incaudavenenum.org\/cut.the.crap\/wp-json\/wp\/v2\/posts\/86\/revisions\/4925"}],"wp:attachment":[{"href":"https:\/\/www.incaudavenenum.org\/cut.the.crap\/wp-json\/wp\/v2\/media?parent=86"}],"wp:term":[{"taxonomy":"category","embeddable":true,"href":"https:\/\/www.incaudavenenum.org\/cut.the.crap\/wp-json\/wp\/v2\/categories?post=86"},{"taxonomy":"post_tag","embeddable":true,"href":"https:\/\/www.incaudavenenum.org\/cut.the.crap\/wp-json\/wp\/v2\/tags?post=86"}],"curies":[{"name":"wp","href":"https:\/\/api.w.org\/{rel}","templated":true}]}}