{"id":972,"date":"2017-07-21T22:14:18","date_gmt":"2017-07-21T21:14:18","guid":{"rendered":"http:\/\/cut.the.crap.free.fr\/?p=972"},"modified":"2018-02-21T19:36:23","modified_gmt":"2018-02-21T18:36:23","slug":"la-france-insoumise-a-lepreuve-de-ses-contradictions","status":"publish","type":"post","link":"https:\/\/www.incaudavenenum.org\/cut.the.crap\/la-france-insoumise-a-lepreuve-de-ses-contradictions\/","title":{"rendered":"La France Insoumise \u00e0 l&rsquo;\u00e9preuve de ses contradictions"},"content":{"rendered":"<div style=\"text-align: justify;\">\n<p>Une s\u00e9quence \u00e9lectorale s&rsquo;ach\u00e8ve, qui m&rsquo;aura vu initier en f\u00e9vrier 2016, dans la ville o\u00f9 je r\u00e9side, un groupe d&rsquo;appui \u00e0 la candidature de Jean-Luc M\u00e9lenchon (pass\u00e9 en un peu plus d&rsquo;un an de 6 \u00e0 110 membres subdivis\u00e9s en plusieurs nouveaux groupes d&rsquo;appui), militer sans r\u00e9serve\u00a0pour la campagne de l&rsquo;\u00e9lection pr\u00e9sidentielle, puis, de fa\u00e7on plus probl\u00e9matique, pour celle des l\u00e9gislatives.<\/p>\n<\/div>\n<div style=\"text-align: justify;\">Dans ma\u00a0circonscription, Jean-Luc M\u00e9lenchon \u00e9tait arriv\u00e9 en t\u00eate de l&rsquo;\u00e9lection pr\u00e9sidentielle, avec 14219 voix, soit 39,12% des\u00a0suffrages exprim\u00e9s. Aux \u00e9lections l\u00e9gislatives, le\u00a0candidat de la France Insoumise, n&rsquo;a obtenu que 3756 voix au premier tour, soit 19,35% des suffrages exprim\u00e9s, loin derri\u00e8re le candidat de la droite macroniste (qui avait obtenu 5304 voix, soit 27,32% des suffrages exprim\u00e9s) \u2014 et m\u00eame dans ma commune\u00a0(un peu plus <em>gentrifi\u00e9e<\/em> que l&rsquo;ensemble de la circonscription) derri\u00e8re la candidate du PS, une ancienne ministre\u00a0embl\u00e9matique de l&rsquo;oligarchie\u00a0ordolib\u00e9rale \u2014 mais loin devant le candidat du PCF, du FN ou de la droite UDI-LR. Au second tour, le candidat de la FI a rattrap\u00e9 son retard en \u00e9tant \u00e9lu avec 9196 voix, soit 55,01% des suffrages exprim\u00e9s face \u00e0 son adversaire macroniste (7522 voix, soit 44,99% des suffrages exprim\u00e9s), dans un contexte d&rsquo;abstention massive (62,18% et 65,91% des inscrits aux 1er et 2nd tours).<br \/>\nMission <em>quand-m\u00eame<\/em> accomplie, donc, pour les militants locaux qui ont contribu\u00e9 dans la foul\u00e9e de la dynamique nationale \u00e0 faire\u00a0de la France Insoumise la premi\u00e8re force politique de la circonscription et \u00e0 porter au parlement\u00a0un des 17 d\u00e9put\u00e9s de la France Insoumise.<br \/>\nPourtant, cette victoire dont je me r\u00e9jouis ne saurait masquer les probl\u00e8mes de fond qui se sont pos\u00e9s durant cette campagne et que je voudrais verser au d\u00e9bat (maintenant que cela ne risque plus de nuire \u00e0 la campagne) dans le but de nourrir la r\u00e9flexion n\u00e9cessaire sur le fonctionnement de la France Insoumise.<\/div>\n<p><!--more--><\/p>\n<div><\/div>\n<div><\/div>\n<div style=\"text-align: justify;\">Il me faut pour cela revenir sur les conditions rocambolesques de\u00a0la d\u00e9signation du\u00a0candidat de la FI et de sa suppl\u00e9ante pour les \u00e9lections l\u00e9gislatives dans ma circonscription. Au risque d&rsquo;alourdir ce texte, j&rsquo;\u00e9viterai d&rsquo;ailleurs de nommer les personnes car je n&rsquo;en mets aucune en cause : c&rsquo;est bien un probl\u00e8me structurel, en effet, que je souhaite soulever.<\/div>\n<div><\/div>\n<div style=\"text-align: justify;\">La <a href=\"https:\/\/lafranceinsoumise.fr\/campagnes\/campagne-legislatives-2017\/synthese-de-convention\/\" target=\"_blank\" rel=\"noopener\">Convention de Lille<\/a> d&rsquo;octobre 2016 pr\u00e9voyait \u00ab\u00a0des candidat.e.s choisi.e.s<strong> en lien avec les groupes d\u2019appui et les insoumis.es de la circonscription<\/strong>\u00a0\u00bb (c&rsquo;est moi qui souligne). Par un courrier du 9 novembre 2016, le\u00a0directeur de la campagne de Jean-Luc M\u00e9lenchon pour l&rsquo;\u00e9lection pr\u00e9sidentielle nous informait qu&rsquo;il nous revenait de former des assembl\u00e9es de circonscription charg\u00e9es de \u00ab\u00a0proposer un vivier de candidatures pertinentes pour repr\u00e9senter la France insoumise\u00a0\u00bb, pr\u00e9cisant : \u00ab\u00a0<strong>seules les candidatures d\u00e9clar\u00e9es sur la plate-forme seront recevables et examin\u00e9es par le comit\u00e9 \u00e9lectoral<\/strong>\u00a0\u00bb (c&rsquo;est encore moi qui souligne).<br \/>\nApr\u00e8s une premi\u00e8re assembl\u00e9e g\u00e9n\u00e9rale de prise de contact entre les groupes des deux villes de la circonscription, une deuxi\u00e8me AG, le 10 janvier 2017, avait permis de faire remonter une proposition de bin\u00f4me, suite \u00e0 un vote. Le d\u00e9roul\u00e9 de s\u00e9ance envoy\u00e9 par la FI aux organisateurs de l&rsquo;AG pr\u00e9conisait en effet : \u00ab\u00a0en cas d\u2019absence totale de consensus, <strong>un vote indicatif peut \u00eatre effectu\u00e9<\/strong> en remontant les deux bin\u00f4mes sur la fiche retour recueillant le plus d\u2019adh\u00e9sion. A ce stade, <strong>le comit\u00e9 \u00e9lectoral tranchera entre les deux bin\u00f4mes propos\u00e9s <\/strong>lors de sa r\u00e9union du mois de janvier si l\u2019assembl\u00e9e de circonscription n\u2019arrive pas \u00e0 un consensus\u00a0\u00bb.<\/div>\n<div><\/div>\n<div style=\"text-align: justify;\">\n<p><span style=\"font-size: 16px; text-align: justify;\">Or, nous n&rsquo;\u00e9tions effectivement pas parvenus\u00a0\u00e0 un consensus. Les proches (qu&rsquo;on n&rsquo;avait jamais vus auparavant) d&rsquo;un candidat (militant du Parti de Gauche) venu d&rsquo;une autre circonscription (o\u00f9 ses ambitions \u00e9taient bouch\u00e9es par l&rsquo;arriv\u00e9e d&rsquo;un porte-parole national de JLM) ayant tent\u00e9 de bourrer la salle pour le faire d\u00e9signer (\u00e0 la stupeur\u00a0des autres participants), un vote avait n\u00e9anmoins donn\u00e9 la pr\u00e9f\u00e9rence \u00e0 un autre candidat (issu lui aussi du PG), plus connu des militants locaux, et associ\u00e9 \u00e0 une candidate (issue du PG \u00e9galement) qui avait jou\u00e9 un r\u00f4le tr\u00e8s actif dans l&rsquo;animation de nos groupes d&rsquo;appui, pour former un bin\u00f4me paritaire. Une autre candidate (du PG \u00e9galement) qui aurait pu former un bin\u00f4me alternatif avec le candidat devanc\u00e9 avait d&rsquo;ailleurs pr\u00e9f\u00e9r\u00e9 ensuite se d\u00e9sister en faveur de celle arriv\u00e9e en t\u00eate et retirer, donc, sa candidature. Par cons\u00e9quent, il n&rsquo;y eut au final qu&rsquo;un seul bin\u00f4me effectif propos\u00e9 au Comit\u00e9 \u00e9lectoral, qui n&rsquo;avait d\u00e8s lors m\u00eame plus \u00e0 trancher entre deux options.<\/span><\/p>\n<p>Plusieurs autres candidatures spontan\u00e9es n&rsquo;avaient h\u00e9las pas pu \u00eatre examin\u00e9es avec l&rsquo;attention qu&rsquo;elles auraient m\u00e9rit\u00e9, les d\u00e9bats s&rsquo;\u00e9tant focalis\u00e9s sur l&rsquo;entrisme peu subtil de militants ext\u00e9rieurs \u00e0 la circonscription. Nous l&rsquo;avions tous d\u00e9plor\u00e9, d&rsquo;autant que certaines, ext\u00e9rieures au PG, auraient pu concr\u00e9tiser l&rsquo;ambition d&rsquo;ouverture citoyenne et de d\u00e9passement des partis affich\u00e9e par la FI. D\u00e9j\u00e0 avait \u00e9t\u00e9 soulev\u00e9 aussi un probl\u00e8me face auquel nous n&rsquo;avions pas de r\u00e9ponse : si aucune condition de r\u00e9sidence ne pouvait \u00eatre impos\u00e9e aux candidats dans le cadre de cette \u00e9lection \u00e0 caract\u00e8re national (les d\u00e9put\u00e9s sont \u00e9lus de la nation et non d&rsquo;un territoire), est-ce que pour autant n&rsquo;importe quel signataire de la FI (et de sa charte) pouvait avoir le droit de vote dans une assembl\u00e9e de circonscription ? Nous ne disposions d&rsquo;aucun texte r\u00e9glementaire \u00e0 ce sujet et, bien \u00e9videmment, nous ne pouvions demander \u00e0 chaque participant de justifier de son lieu de r\u00e9sidence. Faute de solution, nous avions simplement demand\u00e9 aux supporters du candidat finalement battu lors du vote de d\u00e9cider eux-m\u00eames s&rsquo;ils se sentaient l\u00e9gitimes pour voter\u00a0(certains venaient vraiment de tr\u00e8s loin sans aucune intention affich\u00e9e de venir militer dans notre circonscription). Deux d&rsquo;entre eux eurent\u00a0d&rsquo;ailleurs l&rsquo;honn\u00eatet\u00e9 de ne pas prendre part au vote. Je me rends compte apr\u00e8s coup que nous n&rsquo;avions pas pens\u00e9 \u00e0 prendre l&rsquo;inscription aux groupes d&rsquo;appui locaux comme crit\u00e8re, mais il faut dire que nombre d&rsquo;Insoumis de fraiche date n&rsquo;avaient pas pens\u00e9 \u00e0 s&rsquo;y inscrire. A ce jour, d&rsquo;ailleurs, n&rsquo;importe quel insoumis peut s&rsquo;inscrire dans n&rsquo;importe quel groupe d&rsquo;appui sans condition de r\u00e9sidence : rien n&#8217;emp\u00eache un Insoumis de Marseille de s&rsquo;inscrire dans un groupe de Dunkerque sans y avoir jamais mis les pieds ni y exercer la moindre activit\u00e9 militante.<\/p>\n<\/div>\n<div style=\"text-align: justify;\"><\/div>\n<div style=\"text-align: justify;\"><span style=\"font-size: 16px;\">Sur la plate-forme\u00a0d&rsquo;enregistrement des candidatures figuraient encore d&rsquo;autres candidats pour notre circonscription, parmi lesquels un des co-coordinateurs du Parti de Gauche (qui fut finalement candidat dans une autre circonscription du m\u00eame d\u00e9partement) et un autre cadre moins connu\u00a0du m\u00eame PG, \u00e9galement \u00ab\u00a0responsable des actions\u00a0\u00bb (pr\u00e9sent\u00e9 aussi parfois comme \u00ab\u00a0responsable des campagnes num\u00e9riques\u00a0\u00bb) au sein de l&rsquo;\u00e9quipe nationale de la campagne de Jean-Luc M\u00e9lenchon pour la pr\u00e9sidentielle 2017 (nous appr\u00eemes plus tard qu&rsquo;il \u00e9tait venu d\u00e9fendre en vain sa candidature devant l&rsquo;AG d&rsquo;une circonscription parisienne qui lui avait pr\u00e9f\u00e9r\u00e9 quelqu&rsquo;un d&rsquo;autre). Ces candidatures n&rsquo;avaient pas \u00e9t\u00e9 examin\u00e9es par notre AG, les candidats concern\u00e9s \u00e9tant absents et n&rsquo;ayant envoy\u00e9 aucun repr\u00e9sentant ni aucune profession de foi. Nous avions n\u00e9anmoins parfaitement conscience que le Comit\u00e9 \u00e9lectoral pourrait peut-\u00eatre nous proposer ult\u00e9rieurement une personnalit\u00e9 d&rsquo;envergure nationale ou d&rsquo;autres candidats en fonction des imp\u00e9ratifs de parit\u00e9, des \u00e9quilibres politiques internes \u00e0 la FI, des symboliques sociologiques, des luttes \u00e0 promouvoir&#8230; et nous \u00e9tions ouverts \u00e0 toute\u00a0d\u00e9cision susceptible d&rsquo;\u00eatre prise en ce sens \u00ab\u00a0<\/span><strong style=\"font-size: 16px;\">en lien<\/strong><span style=\"font-size: 16px;\">\u00a0\u00bb avec nous (conform\u00e9ment aux pr\u00e9conisations\u00a0de\u00a0la Convention de Lille).<\/span><\/div>\n<div style=\"text-align: justify;\"><\/div>\n<div><\/div>\n<div style=\"text-align: justify;\">\n<p><span style=\"font-size: 16px;\">Or, apr\u00e8s le 10 janvier, nous n&rsquo;avons, malgr\u00e9 plusieurs relances, jamais obtenu de r\u00e9ponse du Comit\u00e9 \u00e9lectoral. Nous ne savions toujours pas, m\u00eame apr\u00e8s le premier tour de la pr\u00e9sidentielle, ce que le Comit\u00e9 pensait du bin\u00f4me de candidats que nous avions fait remonter\u00a0ni s&rsquo;il avait d&rsquo;autres projets pour notre circonscription, ce que nous aurions pu entendre. Nous savions aussi (par la presse) que des n\u00e9gociations continuaient \u00e0 se d\u00e9rouler entre le PCF et la France Insoumise. A ce sujet, il me faut pr\u00e9ciser que si certains camarades de la circonscription d\u00e9fendaient l&rsquo;id\u00e9e d&rsquo;une alliance locale avec le PCF, cette option restait nettement minoritaire, et que les camarades en question \u00e9taient pr\u00eats n\u00e9anmoins \u00e0 suivre la ligne majoritaire. Si, dans d&rsquo;autres circonscriptions, la question des relations avec le PCF a pu \u00eatre source de conflits internes, cela n&rsquo;a jamais \u00e9t\u00e9 le cas dans la n\u00f4tre.<\/span><\/p>\n<\/div>\n<div style=\"text-align: justify;\">\n<p><span style=\"font-size: 16px;\">Pas une seule fois, durant ces mois d&rsquo;attente sans nouvelle du Comit\u00e9 \u00e9lectoral, le \u00ab\u00a0responsable des actions\u00a0\u00bb de la campagne de JLM\u00a0n&rsquo;est venu nous faire part de son d\u00e9sir d&rsquo;\u00eatre notre candidat ni de l&rsquo;int\u00e9r\u00eat que sa candidature pouvait pr\u00e9senter pour gagner dans notre circonscription. Notons que dans une circonscription voisine, un porte-parole de JLM\u00a0autrement plus m\u00e9diatis\u00e9, et tout aussi pris sans doute par la campagne pr\u00e9sidentielle, \u00e9tait venu militer tr\u00e8s t\u00f4t aupr\u00e8s des Insoumis de la circonscription dans laquelle il se pr\u00e9sentait.<\/span><\/p>\n<\/div>\n<div style=\"text-align: justify;\">\n<p><span style=\"font-size: 16px;\">Ce n&rsquo;est que le 27 avril que le directeur de campagne (d\u00e9sormais termin\u00e9e) de JLM, est venu r\u00e9pondre (selon lui) \u00e0 une \u00ab\u00a0invitation\u00a0\u00bb que nous n&rsquo;avions pourtant jamais lanc\u00e9e, pour nous pr\u00e9senter son collaborateur, le \u00ab\u00a0responsable des actions\u00a0\u00bb, et\u00a0nous proposer sa candidature \u00ab\u00a0nationale\u00a0\u00bb comme solution \u00e0 une situation locale qui n&rsquo;avait pourtant plus rien de probl\u00e9matique depuis le vote du 10 janvier (tous les Insoumis locaux ayant men\u00e9 en bonne entente pour la pr\u00e9sidentielle une campagne enthousiaste et dynamique, sans m\u00eame exclure ceux des acteurs exog\u00e8nes de la tentative de bourrage de salle qui \u00e9taient rest\u00e9s militer dans la circonscription apr\u00e8s leur \u00e9chec). Lors de l&rsquo;assembl\u00e9e g\u00e9n\u00e9rale convoqu\u00e9e \u00e0 cette occasion, le \u00ab\u00a0responsable des actions\u00a0\u00bb, entre temps promu \u00ab\u00a0coordinateur national de la campagne des l\u00e9gislatives\u00a0\u00bb, sp\u00e9cifia toutefois que sa candidature n&rsquo;\u00e9tait qu&rsquo;une \u00ab\u00a0proposition\u00a0\u00bb et qu&rsquo;il la retirerait si elle ne faisait pas l&rsquo;objet d&rsquo;un \u00ab\u00a0consensus\u00a0\u00bb.<\/span><\/p>\n<\/div>\n<div style=\"text-align: justify;\">\n<p><span style=\"font-size: 16px;\">Le 2 mai 2017, une nouvelle AG se r\u00e9unissait apr\u00e8s une intense campagne de d\u00e9stabilisation orchestr\u00e9e par les partisans de l&rsquo;ex-candidat battu\u00a0le 10 janvier (qui soutenait \u00e0 pr\u00e9sent la candidature du \u00ab\u00a0coordinateur national de la campagne des l\u00e9gislatives\u00a0\u00bb\u00a0et s&rsquo;effor\u00e7ait \u00e0 cette fin de nier la l\u00e9gitimit\u00e9 du bin\u00f4me propos\u00e9 par l&rsquo;AG du 10 janvier). Par exemple, comme la suppl\u00e9ante que nous avions d\u00e9sign\u00e9e\u00a0avait un moment fait part de son inconfort personnel \u00e0 \u00eatre candidate face au PCF avec qui elle devait continuer \u00e0 travailler comme conseill\u00e8re municipale au sein d&rsquo;un groupe Front de Gauche \u00e9lu en 2014, elle fut accus\u00e9e par ces agitateurs de ne pas \u00eatre une \u00ab\u00a0vraie Insoumise\u00a0\u00bb. Les m\u00eames agitateurs tent\u00e8rent aussi de faire croire aux derniers arriv\u00e9s qu&rsquo;il n&rsquo;y avait eu aucune action militante dans la circonscription avant l&rsquo;AG du 10 janvier. Ils essay\u00e8rent aussi de faire passer le bin\u00f4me d\u00e9sign\u00e9 le 10 janvier pour des \u00ab\u00a0barons locaux\u00a0\u00bb avides de pouvoir (accusation ridicule quand on conna\u00eet les militants en question et la r\u00e9alit\u00e9 locale), inondant les listes de diffusion de calomnies et instaurant un climat ex\u00e9crable dans les r\u00e9unions.<\/span><\/p>\n<\/div>\n<div style=\"text-align: justify;\"><span style=\"font-size: 16px;\">Alors que nombre d&rsquo;intervenants affirmaient ne pas \u00eatre convaincus par la valeur ajout\u00e9e de cette nouvelle\u00a0candidature, le \u00ab\u00a0coordinateur national de la campagne des l\u00e9gislatives\u00a0\u00bb\u00a0revenant sur les propos qu&rsquo;il avait tenus lors de l&rsquo;AG pr\u00e9c\u00e9dente, ne voulut pas acter l&rsquo;absence de consensus et pr\u00e9tendit s&rsquo;en remettre au Comit\u00e9 \u00e9lectoral pour trancher. Se d\u00e9clarant \u00ab\u00a0allergique au vote\u00a0\u00bb (sic), il estimait que le consensus ne pouvait porter que sur la l\u00e9gitimit\u00e9 des candidatures et non sur les candidatures elles-m\u00eames, et que toutes les candidatures \u00e9taient l\u00e9gitimes. En gros, l&rsquo;AG ne servait donc que de chambre d&rsquo;enregistrement de la l\u00e9gitimit\u00e9 de candidatures par ailleurs toutes l\u00e9gitimes donc consensuelles !<br \/>\nLes participants que les interminables tours de table de plus en plus tendus n&rsquo;avaient pas d\u00e9j\u00e0 fait fuir exig\u00e8rent un vote qui se conclut par 5 refus de prendre part au vote, 1 vote blanc, 1 vote nul, 24 voix en faveur du bin\u00f4me d\u00e9j\u00e0 choisi en janvier et aucune voix pour la candidature du \u00ab\u00a0coordinateur national de la campagne des l\u00e9gislatives\u00a0\u00bb. Manifestement, les Insoumis locaux n&rsquo;avaient pas \u00e9t\u00e9 convaincus par sa capacit\u00e9 \u00e0 mener de front sa propre campagne et \u00e0 coordonner en m\u00eame temps celles des autres circonscriptions fran\u00e7aises. Et le consensus s&rsquo;\u00e9tait finalement plut\u00f4t fait contre cette candidature. Le message envoy\u00e9 par la base au Comit\u00e9 \u00e9lectoral \u00e9tait donc clair.<\/span><\/p>\n<div><\/div>\n<\/div>\n<div style=\"text-align: justify;\"><span style=\"font-size: 16px;\">Nous rest\u00e2mes encore plusieurs jours sans aucune nouvelle du Comit\u00e9, qui n&rsquo;apporta aucune r\u00e9ponse \u00e0 nos demandes r\u00e9it\u00e9r\u00e9es (nous \u00e9tions bien s\u00fbr press\u00e9s d&rsquo;entrer en campagne, nos concurrents ne nous ayant \u00e9videmment pas attendus pour s&rsquo;y mettre). La veille de la Convention du 13 mai devant r\u00e9unir tous les candidats FI de France, c&rsquo;est l&rsquo;ex-directeur de campagne de JLM\u00a0(dont le r\u00f4le au sein du Comit\u00e9 \u00e9lectoral n&rsquo;\u00e9tait pourtant cens\u00e9 \u00eatre qu&rsquo;un r\u00f4le \u00ab\u00a0d&rsquo;animation et d&rsquo;appui technique\u00a0\u00bb) qui nous r\u00e9pondit (enfin) que notre bin\u00f4me n&rsquo;\u00e9tait toujours pas valid\u00e9 et donc pas convi\u00e9 \u00e0 la Convention. Le jour-m\u00eame de celle-ci, nous d\u00e9couvr\u00eemes sur le site de la France Insoumise que le \u00ab\u00a0coordinateur national de la campagne des l\u00e9gislatives\u00a0\u00bb\u00a0\u00e9tait investi comme candidat dans notre circonscription, avec pour suppl\u00e9ante une militante locale qui n&rsquo;avait jamais fait acte de candidature ni aupr\u00e8s de nous ni sur la plate-forme, en contradiction totale, donc, avec la r\u00e8gle d\u00e9j\u00e0 cit\u00e9e plus haut : \u00ab\u00a0<\/span><strong style=\"font-size: 16px;\">seules les candidatures d\u00e9clar\u00e9es sur la plate-forme seront recevables et examin\u00e9es par le comit\u00e9 \u00e9lectoral<\/strong><span style=\"font-size: 16px;\">\u00a0\u00bb . Nous avons\u00a0d&rsquo;ailleurs appris\u00a0par la suite que l&rsquo;ex-directeur de campagne de JLM\u00a0avait pr\u00e9sent\u00e9 au Comit\u00e9 \u00e9lectoral notre circonscription comme n&rsquo;ayant propos\u00e9 aucun candidat et avait r\u00e9pliqu\u00e9 face \u00e0 une objection d&rsquo;un membre du Comit\u00e9 ayant entendu parler de notre v\u00e9ritable situation que, de toutes fa\u00e7ons, Jean-Luc M\u00e9lenchon lui-m\u00eame voulait que son fid\u00e8le ancien \u00ab\u00a0responsable des actions\u00a0\u00bb et d\u00e9sormais \u00ab\u00a0coordinateur national de la campagne des l\u00e9gislatives\u00a0\u00bb\u00a0soit investi. Nous re\u00e7\u00fbmes par la suite par <\/span><em style=\"font-size: 16px;\">mail<\/em><span style=\"font-size: 16px;\"> une lettre sign\u00e9e de Jean-Luc M\u00e9lenchon lui-m\u00eame affirmant qu&rsquo;il avait demand\u00e9 personnellement au Comit\u00e9 \u00e9lectoral de d\u00e9signer ce candidat\u00a0et que la demande\u00a0avait \u00e9t\u00e9 accept\u00e9e.<br \/>\n<\/span><\/div>\n<div style=\"text-align: justify;\">\n<p><span style=\"font-size: 16px;\">Alors que nous avions respect\u00e9 \u00e0 la lettre toutes les proc\u00e9dures de d\u00e9signation des candidats, les dirigeants de la FI\u00a0avaient donc fait imposer en derni\u00e8re minute dans notre circonscription un candidat rejet\u00e9 par le vote des militants locaux et une suppl\u00e9ante dont la candidature n&rsquo;avait jamais pu \u00eatre discut\u00e9e. Alors que nous \u00e9tions dispos\u00e9s \u00e0 \u00e9couter tous les arguments en faveur d&rsquo;autres candidatures que celles que nous avions choisies, le Comit\u00e9 \u00e9lectoral n&rsquo;avait jamais daign\u00e9 r\u00e9pondre \u00e0 un seul de nos appels entre le 10 janvier et le 5 mai 2017, contrairement aux pr\u00e9conisations de la Convention de Lille qui stipulaient que les candidats devaient \u00eatre choisis par le Comit\u00e9 \u00e9lectoral \u00ab\u00a0<\/span><strong style=\"font-size: 16px;\">en lien avec les groupes d\u2019appui et les insoumis.es de la circonscription<\/strong><span style=\"font-size: 16px;\">\u00a0\u00bb . Un tel lien n&rsquo;avait assur\u00e9ment jamais \u00e9t\u00e9 \u00e9tabli.<\/span><\/p>\n<\/div>\n<div style=\"text-align: justify;\"><span style=\"font-size: 16px;\">Pire : une fois la d\u00e9cision prise, le candidat officiellement investi\u00a0a form\u00e9 sa propre \u00e9quipe de campagne, avec ses propres canaux de communication, sans nous consulter, sans se pr\u00e9senter \u00e0 nos r\u00e9unions hebdomadaires, sans m\u00eame un mot pour nous inviter \u00e0 surmonter nos diff\u00e9rents et \u00e0 nous rassembler derri\u00e8re lui malgr\u00e9 les conditions contestables de sa d\u00e9signation. Il a entam\u00e9 sa campagne en mettant de c\u00f4t\u00e9 les militants de terrain, sans doute jug\u00e9s indignes de confiance. Une campagne contrastant par bien des aspects avec la dynamique qui avait \u00e9t\u00e9 la n\u00f4tre durant\u00a0la campagne pr\u00e9sidentielle, qui nous avait vu encha\u00eener\u00a0les tractages journaliers, les collages jusqu&rsquo;\u00e0 2 fois par jour, les porte-\u00e0-porte dans les quartiers les plus populaires, les ap\u00e9ros festifs&#8230; A moins de 3 semaines du scrutin, on ne voyait en effet toujours aucune affiche de \u00ab\u00a0notre\u00a0\u00bb candidat aux l\u00e9gislatives sur les panneaux largement utilis\u00e9s par nos concurrents (notamment le candidat communiste en campagne, lui, depuis des mois) ; une caravane des droits avait \u00e9t\u00e9 lanc\u00e9e en plein quartier \u00ab\u00a0bobo\u00a0\u00bb au pied d&rsquo;une agence de pub, bien loin des populations susceptibles d&rsquo;\u00eatre int\u00e9ress\u00e9es par la d\u00e9marche ; les tractages sur les march\u00e9s et les \u00ab\u00a0d\u00e9ambulations\u00a0\u00bb se faisaient en effectif r\u00e9duit, sans que les groupes d&rsquo;appui soient inform\u00e9s&#8230; M\u00eame la venue de JLM ne put b\u00e9n\u00e9ficier de suffisamment de militants pour \u00eatre pr\u00e9par\u00e9e et annonc\u00e9e correctement, et ne rassembla qu&rsquo;une poign\u00e9e de militants (essentiellement venus de Paris) et quelques badauds (l&rsquo;\u00e9quipe de campagne du candidat\u00a0annon\u00e7a n\u00e9anmoins fi\u00e8rement 500 personnes, chiffre formellement contredit par plusieurs t\u00e9moins).<br \/>\n<\/span><\/div>\n<div style=\"text-align: justify;\">\n<figure id=\"attachment_978\" aria-describedby=\"caption-attachment-978\" style=\"width: 300px\" class=\"wp-caption alignright\"><a href=\"https:\/\/i0.wp.com\/cut.the.crap.free.fr\/wp-content\/uploads\/meeting-1.jpg\"><img data-recalc-dims=\"1\" loading=\"lazy\" decoding=\"async\" class=\"size-medium wp-image-978\" src=\"https:\/\/i0.wp.com\/cut.the.crap.free.fr\/wp-content\/uploads\/meeting-1-300x225.jpg?resize=300%2C225\" alt=\"\" width=\"300\" height=\"225\" \/><\/a><figcaption id=\"caption-attachment-978\" class=\"wp-caption-text\">Une centaine de personnes seulement au meeting de JLM\u00a0dans notre circonscription<\/figcaption><\/figure>\n<p>Un camarade qui avait d\u00e9cid\u00e9 d&rsquo;accepter sans r\u00e9serve la d\u00e9cision du Comit\u00e9 \u00e9lectoral et tent\u00e9 malgr\u00e9 tout de participer aux initiatives isol\u00e9es de l&rsquo;\u00e9quipe \u00ab\u00a0officielle\u00a0\u00bb de campagne a parl\u00e9 \u00ab\u00a0d&rsquo;amateurisme total\u00a0\u00bb d&rsquo;une \u00ab\u00a0\u00e9quipe de pieds nickel\u00e9s\u00a0\u00bb, mais\u00a0aussi de \u00ab\u00a0sectarisme\u00a0\u00bb, \u00ab\u00a0tout cela \u00e9tant le r\u00e9sultat d\u2019une \u00e9quipe structur\u00e9e autour d\u2019\u00e9l\u00e9ments ext\u00e9rieurs au terrain local (il ne s\u2019agit pas l\u00e0 des candidatures mais de l\u2019expertise de gens connaissant la ville, ses passages, ses lieux de RV, ses populations\u2026) qui est rest\u00e9e repli\u00e9e sur elle-m\u00eame, sans jamais r\u00e9ellement s\u2019ouvrir \u00e0 des gens ayant une exp\u00e9rience des campagnes \u00e9lectorales et\/ou une exp\u00e9rience de terrain et\/ou des comp\u00e9tences particuli\u00e8res.\u00a0\u00bb Le m\u00eame camarade a \u00e9voqu\u00e9 \u00e9galement une \u00ab\u00a0volont\u00e9 d\u2019entre soi\u00a0\u00bb caract\u00e9ris\u00e9e par\u00a0\u00ab\u00a0l\u2019absence de r\u00e9unions organis\u00e9es par la direction de campagne o\u00f9 \u00e9changer, pr\u00e9parer, agir\u00a0\u00bb, notant que \u00ab\u00a0rien n\u2019a \u00e9t\u00e9 fait pour cr\u00e9er ou prolonger l\u2019enthousiasme\u00a0\u00bb de la pr\u00e9sidentielle. Il en concluait que si le candidat gagnait, ce ne serait assur\u00e9ment pas gr\u00e2ce \u00e0 \u00ab\u00a0la richesse d&rsquo;une campagne de terrain\u00a0\u00bb mais uniquement \u00ab\u00a0gr\u00e2ce au talent de JLM et au programme de La France Insoumise\u00a0\u00bb.<\/p>\n<\/div>\n<div style=\"text-align: justify;\">Au soir du premier tour, les r\u00e9sultats confirm\u00e8rent le tableau : le candidat de la FI\u00a0\u00e9tait deuxi\u00e8me sur la circonscription mais n&rsquo;\u00e9tait que\u00a0troisi\u00e8me derri\u00e8re le PS dans ma propre commune, dans une ville o\u00f9 JLM avait pourtant obtenu 37% des suffrages exprim\u00e9s au premier tour de la pr\u00e9sidentielle (plus de 10 points devant Macron et plus de 15 points devant Hamon et Fillon). Certes,\u00a0ce r\u00e9sultat \u00e9tait conforme \u00e0 la faible mobilisation observ\u00e9e au plan national, mais je ne peux m&#8217;emp\u00eacher\u00a0de penser qu&rsquo;une campagne plus proche des gens aurait pu mobiliser davantage.<br \/>\nPour le second tour, les Insoumis locaux\u00a0ont tent\u00e9 de remettre leurs forces dans la bataille malgr\u00e9 la mise \u00e0 l&rsquo;\u00e9cart op\u00e9r\u00e9e par l&rsquo;\u00e9quipe \u00ab\u00a0officielle\u00a0\u00bb de campagne. Mais obtenir des tracts et des affiches restait compliqu\u00e9, dans ce climat d\u00e9l\u00e9t\u00e8re. Nos initiatives, m\u00eame les plus banales et tombant sous le sens (comme remercier les \u00e9lecteurs du premier tour et les inviter \u00e0 se mobiliser davantage au second tour) furent syst\u00e9matiquement refus\u00e9es. Je fus m\u00eame menac\u00e9 de proc\u00e8s par le mandataire financier (un militant venu d&rsquo;une autre circonscription), qui me tint des propos qu&rsquo;un commissaire politique de l&rsquo;\u00e9poque stalinienne n&rsquo;aurait pas reni\u00e9s, pour avoir coll\u00e9 sur les panneaux municipaux une dizaine d&rsquo;affichettes appelant \u00e0 faire barrage \u00e0 l&rsquo;h\u00e9g\u00e9monie macroniste au 2nd tour. Le candidat de la FI, heureusement, a finalement remport\u00e9 la victoire au 2\u00e8me tour. Les Insoumis locaux y ont contribu\u00e9, ne serait-ce qu&rsquo;en ne rendant pas publiques pendant la campagne les circonstances baroques de la d\u00e9signation du candidat, mais aussi pour plusieurs d&rsquo;entre eux, en continuant malgr\u00e9 leurs \u00e9tats d&rsquo;\u00e2me et leur mise \u00e0 l&rsquo;\u00e9cart \u00e0 promouvoir activement le programme \u00ab\u00a0L&rsquo;Avenir En Commun\u00a0\u00bb. Mais cette s\u00e9quence aura lamin\u00e9 des mois de travail militant, en dissuadant nombre d&rsquo;Insoumis-e-s qui s&rsquo;attendaient \u00e0 faire de la politique autrement de continuer \u00e0 militer dans un cadre si peu enthousiasmant.<\/div>\n<div><\/div>\n<div style=\"text-align: justify;\">\n<p>J&rsquo;estime pour ma part\u00a0que ce mode de fonctionnement n&rsquo;est pas digne du programme que nous portons. \u00ab\u00a0L&rsquo;avenir En Commun\u00a0\u00bb vise en fait \u00e0 \u00e9tablir la souverainet\u00e9 populaire et un meilleur contr\u00f4le d\u00e9mocratique du peuple sur les \u00e9lus. Nous ne pouvons efficacement d\u00e9fendre un tel programme en ayant en interne des pratiques qui lui sont contraires : pouvoir arbitraire d&rsquo;un\u00a0petit groupe de dirigeants non \u00e9lus qui d\u00e9cident de tout sans rendre compte \u00e0 personne et sans aucun dialogue avec la base. Comme je l&rsquo;ai pr\u00e9cis\u00e9 d&#8217;embl\u00e9e, je n&rsquo;en fais pas une affaire de personnes. Le candidat qui nous a \u00e9t\u00e9 aussi cavali\u00e8rement\u00a0impos\u00e9 a peut-\u00eatre n\u00e9glig\u00e9 des occasions de r\u00e9tablir confiance et camaraderie, mais ce g\u00e2chis est surtout le r\u00e9sultat d&rsquo;un syst\u00e8me et il fera peut-\u00eatre n\u00e9anmoins un excellent d\u00e9put\u00e9. Il se trouve que notre nouveau d\u00e9put\u00e9, son directeur de campagne mais aussi le militant local qu&rsquo;il a embauch\u00e9 apr\u00e8s l&rsquo;\u00e9lection comme attach\u00e9 parlementaire sont des anciens du PS. Avoir fait partie des minoritaires du PS habitue peut-\u00eatre \u00e0 devoir manoeuvrer les gens et \u00e0 pratiquer des coups de force pour exister politiquement dans un cadre hostile. L&rsquo;entrisme en AG auquel nous avons \u00e9t\u00e9 confront\u00e9s de la part de camarades du PG (parti dont je suis moi-m\u00eame membre) rappelle aussi les pires heures de l&rsquo;UNEF et des groupuscules d&rsquo;extr\u00eame-gauche. Alors que la France Insoumise ne cesse de r\u00e9p\u00e9ter comme un mantra qu&rsquo;elle est un mouvement et non un parti, elle semble\u00a0r\u00e9gie par des pratiques et une ignorance (pour ne pas dire un d\u00e9dain)\u00a0de la base qui sont pr\u00e9cis\u00e9ment le propre des anciens partis, cadres interm\u00e9diaires en moins. Car ce que je viens de relater n&rsquo;est pas anecdotique : il ne s&rsquo;agit pas d&rsquo;un cafouillage isol\u00e9. Dans nombre d&rsquo;autres circonscriptions, des probl\u00e8mes similaires se sont pos\u00e9s, avec \u00e0 chaque fois des configurations singuli\u00e8res, et parfois tr\u00e8s \u00e9loign\u00e9es de la n\u00f4tre, mais relevant toujours <em>in fine<\/em> du m\u00eame manque de consid\u00e9ration de la direction \u00e0 l&rsquo;\u00e9gard de la base. Cela m&rsquo;avait par exemple frapp\u00e9, alors m\u00eame que nous aurions \u00e9t\u00e9 tr\u00e8s heureux nous-m\u00eames d&rsquo;accueillir JLM comme candidat dans notre circonscription, de lire dans <a href=\"https:\/\/blogs.mediapart.fr\/patrick-cahez\/blog\/300517\/merci-patron-dans-la-france-insoumise\" target=\"_blank\" rel=\"noopener\"><em>Le Canard encha\u00een\u00e9<\/em><\/a> que le candidat qui avait d\u00fb c\u00e9der sa place \u00e0 JLM \u00e0 Marseille avait \u00e9t\u00e9 quasiment le dernier inform\u00e9 :<\/p>\n<blockquote><p>\u00ab\u00a0Le 10 mai, il apprend \u00e0 la radio que M\u00e9luche d\u00e9boule sur la Canebi\u00e8re. Pas un coup de fil, pas un SMS pour l&rsquo;avertir, sauf celui d&rsquo;un journaliste, deux heures plus tard, qui lui pr\u00e9cise que ce sera dans sa propre circo ! Le soir m\u00eame, nouvelle assembl\u00e9e de circonscription : l&rsquo;investi est d\u00e9sinvesti aussi sec.\u00a0\u00bb<\/p><\/blockquote>\n<p>Du moins, m&rsquo;\u00e9tais-je dit,\u00a0la candidature de JLM \u00e0 Marseille avait-elle \u00e9t\u00e9 approuv\u00e9e en AG locale, elle. Contrairement \u00e0 celle de \u00ab\u00a0notre\u00a0\u00bb candidat.<\/p>\n<p>En fin de compte, il est bien possible que notre circonscription ait \u00e9t\u00e9 mise sous cloche d&#8217;embl\u00e9e pour pr\u00e9parer un \u00e9ventuel point de chute \u00e0 JLM ou \u00e0 un de ses lieutenants. Peut-\u00eatre a-t-elle fait aussi l&rsquo;objet \u00e0 un moment de tractations avec le PCF, bien que l&rsquo;ex-directeur de campagne de JLM nous ait affirm\u00e9 le contraire le 27 avril. Mais dans ce cas, il aurait suffit de nous prendre pour des adultes et de nous le dire, tout simplement, plut\u00f4t que de nous laisser lanterner pendant des mois. Par la suite, il e\u00fbt \u00e9t\u00e9 plus honn\u00eate de nous pr\u00e9senter le parachutage d&rsquo;un membre de l&rsquo;\u00e9quipe de campagne comme une volont\u00e9 expresse d&rsquo;envoyer \u00e0 l&rsquo;assembl\u00e9e un proche de JLM consid\u00e9r\u00e9 comme prometteur. C&rsquo;e\u00fbt \u00e9t\u00e9 plus honn\u00eate que de manoeuvrer pour pr\u00e9senter cette candidature comme une r\u00e9ponse \u00e0 un probl\u00e8me que nous aurions eu localement (c&rsquo;\u00e9tait vraiment nous prendre pour des quiches) et de nous faire croire qu&rsquo;un Comit\u00e9 \u00e9lectoral ind\u00e9pendant et loyalement inform\u00e9 examinerait s\u00e9rieusement les candidats que nous avions d\u00e9sign\u00e9s. On m&rsquo;objectera peut-\u00eatre que nombre de membres de ce comit\u00e9 \u00e9taient trop pris par d&rsquo;autres responsabilit\u00e9s pour prendre le temps de communiquer avec nous (encore aurait-il fallu qu&rsquo;ils re\u00e7oivent nos messages). Mais dans ce cas, cela montre peut-\u00eatre\u00a0qu&rsquo;il n&rsquo;est pas souhaitable que les m\u00eames personnes cumulent plusieurs fonctions importantes. Je veux bien croire aussi qu&rsquo;il y a eu une grande part d&rsquo;improvisation dans ces folles campagnes pleines de rebondissements, dans le cadre d&rsquo;un mouvement si jeune. Mais tout musicien sait qu&rsquo;improviser collectivement, ce n&rsquo;est pas passer en force une m\u00e9lodie, c&rsquo;est aussi s&rsquo;\u00e9couter mutuellement, s&rsquo;adapter et faire confiance aux autres musiciens.<\/p>\n<p>Le fonctionnement dont je t\u00e9moigne d\u00e9note d&rsquo;une volont\u00e9 de contr\u00f4le et d&rsquo;habitudes de verrouillage (h\u00e9rit\u00e9es sans doute d&rsquo;autres organisations) qui contredisent les intentions d\u00e9mocratiques affich\u00e9es par le mouvement et par le programme, particuli\u00e8rement au regard des id\u00e9es de souverainet\u00e9 populaire et de r\u00e9vocabilit\u00e9 des \u00e9lus contenues dans le projet de 6e R\u00e9publique. Je sais bien que le mouvement France Insoumise n&rsquo;est ni le peuple lui-m\u00eame ni l&rsquo;assembl\u00e9e constituante ni la 6e R\u00e9publique. Il n&rsquo;est qu&rsquo;un outil d&rsquo;action pour que le peuple se mette lui-m\u00eame en mouvement. Mais il me semble difficile de pr\u00f4ner de fa\u00e7on cr\u00e9dible le contr\u00f4le populaire sur les pouvoirs institutionnels en fonctionnant sans jamais s&rsquo;appliquer \u00e0 soi-m\u00eame ces principes d\u00e9mocratiques et en donnant l&rsquo;impression aux citoyens d\u00e9sireux de s&rsquo;engager qu&rsquo;ils n&rsquo;ont \u00e0 attendre aucune autre perspective que celle d&rsquo;ex\u00e9cuter des consignes d\u00e9cid\u00e9es par une avant-garde (pour ne pas dire une oligarchie) inaccessible.<\/p>\n<p>Il va falloir r\u00e9soudre collectivement cette contradiction. J&rsquo;esp\u00e8re que la prochaine Convention de la France Insoumise en sera l&rsquo;occasion, et qu&rsquo;elle ne se bornera pas \u00e0 demander \u00e0 quelques tir\u00e9s au sort et quelques coopt\u00e9s de choisir une dizaine de principes \u00e0 mettre en avant parmi une s\u00e9rie de sujets d\u00e9j\u00e0 fix\u00e9s au pr\u00e9alable par l&rsquo;avant-garde \u00e9clair\u00e9e. La volont\u00e9 de JLM d&rsquo;\u00e9viter l&rsquo;\u00e9cueil de la structuration en parti (avec sa bureaucratie d&rsquo;\u00e9lus interm\u00e9diaires et de permanents) est louable, mais laisser les commandes \u00e0 une bureaucratie auto-d\u00e9sign\u00e9e au sommet n&rsquo;est pas non plus une solution. Ce qui \u00e9tait acceptable dans le cadre d&rsquo;un mouvement constitu\u00e9 en soutien \u00e0 la candidature de JLM \u00e0 la pr\u00e9sidentielle ne peut plus l&rsquo;\u00eatre dans le cadre d&rsquo;un mouvement appel\u00e9 \u00e0 durer et \u00e0 oeuvrer \u00e0 la mobilisation du peuple. Le probl\u00e8me des partis, d&rsquo;ailleurs, n&rsquo;est pas d&rsquo;avoir des cadres interm\u00e9diaires, mais le fait que ces cadres ne soient pas vraiment contr\u00f4l\u00e9s par la base. Dotons-nous de nos propres porte-paroles, coordinateurs, animateurs, comit\u00e9s fonctionnels&#8230; \u00e0 tous les \u00e9chelons, mais faisons en sorte qu&rsquo;ils aient des comptes \u00e0 rendre, qu&rsquo;ils soient r\u00e9vocables, et que la dur\u00e9e de leur mandat soit limit\u00e9e ainsi que les champs d&rsquo;exercice de leur pouvoir \u00e0 l&rsquo;int\u00e9rieur du mouvement. Bref, donnons l&rsquo;exemple de ce que pourrait \u00eatre la 6e R\u00e9publique.<\/p>\n<\/div>\n","protected":false},"excerpt":{"rendered":"<p>Une s\u00e9quence \u00e9lectorale s&rsquo;ach\u00e8ve, qui m&rsquo;aura vu initier en f\u00e9vrier 2016, dans la ville o\u00f9 je r\u00e9side, un groupe d&rsquo;appui \u00e0 la candidature de Jean-Luc M\u00e9lenchon (pass\u00e9 en un peu plus d&rsquo;un an de 6 \u00e0 110 membres subdivis\u00e9s en plusieurs nouveaux groupes d&rsquo;appui), militer sans r\u00e9serve\u00a0pour la campagne de l&rsquo;\u00e9lection pr\u00e9sidentielle, puis, de fa\u00e7on &hellip; <a href=\"https:\/\/www.incaudavenenum.org\/cut.the.crap\/la-france-insoumise-a-lepreuve-de-ses-contradictions\/\" class=\"more-link\">Continuer la lecture<span class=\"screen-reader-text\"> de &laquo;&nbsp;La France Insoumise \u00e0 l&rsquo;\u00e9preuve de ses contradictions&nbsp;&raquo;<\/span><\/a><\/p>\n","protected":false},"author":1,"featured_media":0,"comment_status":"open","ping_status":"closed","sticky":false,"template":"","format":"aside","meta":{"jetpack_post_was_ever_published":false,"_jetpack_newsletter_access":"","_jetpack_dont_email_post_to_subs":false,"_jetpack_newsletter_tier_id":0,"_jetpack_memberships_contains_paywalled_content":false,"_jetpack_memberships_contains_paid_content":false,"footnotes":"","jetpack_publicize_message":"","jetpack_publicize_feature_enabled":true,"jetpack_social_post_already_shared":false,"jetpack_social_options":{"image_generator_settings":{"template":"highway","default_image_id":0,"font":"","enabled":false},"version":2}},"categories":[7],"tags":[95,118,193,286],"class_list":["post-972","post","type-post","status-publish","format-aside","hentry","category-resistance","tag-elections","tag-france-insoumise","tag-legislatives-2017","tag-presidentielle-2017","post_format-post-format-aside"],"yoast_head":"<!-- This site is optimized with the Yoast SEO plugin v27.5 - https:\/\/yoast.com\/product\/yoast-seo-wordpress\/ -->\n<title>La France Insoumise \u00e0 l&#039;\u00e9preuve de ses contradictions - Cut The Crap<\/title>\n<meta name=\"robots\" content=\"index, follow, max-snippet:-1, max-image-preview:large, max-video-preview:-1\" \/>\n<link rel=\"canonical\" href=\"https:\/\/www.incaudavenenum.org\/cut.the.crap\/la-france-insoumise-a-lepreuve-de-ses-contradictions\/\" \/>\n<meta property=\"og:locale\" content=\"fr_FR\" \/>\n<meta property=\"og:type\" content=\"article\" \/>\n<meta property=\"og:title\" content=\"La France Insoumise \u00e0 l&#039;\u00e9preuve de ses contradictions - Cut The Crap\" \/>\n<meta property=\"og:description\" content=\"Une s\u00e9quence \u00e9lectorale s&rsquo;ach\u00e8ve, qui m&rsquo;aura vu initier en f\u00e9vrier 2016, dans la ville o\u00f9 je r\u00e9side, un groupe d&rsquo;appui \u00e0 la candidature de Jean-Luc M\u00e9lenchon (pass\u00e9 en un peu plus d&rsquo;un an de 6 \u00e0 110 membres subdivis\u00e9s en plusieurs nouveaux groupes d&rsquo;appui), militer sans r\u00e9serve\u00a0pour la campagne de l&rsquo;\u00e9lection pr\u00e9sidentielle, puis, de fa\u00e7on &hellip; Continuer la lecture de &laquo;&nbsp;La France Insoumise \u00e0 l&rsquo;\u00e9preuve de ses contradictions&nbsp;&raquo;\" \/>\n<meta property=\"og:url\" content=\"https:\/\/www.incaudavenenum.org\/cut.the.crap\/la-france-insoumise-a-lepreuve-de-ses-contradictions\/\" \/>\n<meta property=\"og:site_name\" content=\"Cut The Crap\" \/>\n<meta property=\"article:publisher\" content=\"https:\/\/www.facebook.com\/Cut-the-Crap-239882412697830\/\" \/>\n<meta property=\"article:author\" content=\"https:\/\/www.facebook.com\/cut.the.crap.free.fr\" \/>\n<meta property=\"article:published_time\" content=\"2017-07-21T21:14:18+00:00\" \/>\n<meta property=\"article:modified_time\" content=\"2018-02-21T18:36:23+00:00\" \/>\n<meta property=\"og:image\" content=\"http:\/\/cut.the.crap.free.fr\/wp-content\/uploads\/meeting-1-300x225.jpg\" \/>\n<meta name=\"author\" content=\"Serge Victor\" \/>\n<meta name=\"twitter:card\" content=\"summary_large_image\" \/>\n<meta name=\"twitter:creator\" content=\"@cutzecrap\" \/>\n<meta name=\"twitter:site\" content=\"@cutzecrap\" \/>\n<meta name=\"twitter:label1\" content=\"\u00c9crit par\" \/>\n\t<meta name=\"twitter:data1\" content=\"Serge Victor\" \/>\n\t<meta name=\"twitter:label2\" content=\"Dur\u00e9e de lecture estim\u00e9e\" \/>\n\t<meta name=\"twitter:data2\" content=\"23 minutes\" \/>\n<script type=\"application\/ld+json\" class=\"yoast-schema-graph\">{\"@context\":\"https:\\\/\\\/schema.org\",\"@graph\":[{\"@type\":\"Article\",\"@id\":\"https:\\\/\\\/www.incaudavenenum.org\\\/cut.the.crap\\\/la-france-insoumise-a-lepreuve-de-ses-contradictions\\\/#article\",\"isPartOf\":{\"@id\":\"https:\\\/\\\/www.incaudavenenum.org\\\/cut.the.crap\\\/la-france-insoumise-a-lepreuve-de-ses-contradictions\\\/\"},\"author\":{\"name\":\"Serge Victor\",\"@id\":\"https:\\\/\\\/www.incaudavenenum.org\\\/cut.the.crap\\\/#\\\/schema\\\/person\\\/39fa901f2f251d6be7e35d8d58a8d1b4\"},\"headline\":\"La France Insoumise \u00e0 l&rsquo;\u00e9preuve de ses contradictions\",\"datePublished\":\"2017-07-21T21:14:18+00:00\",\"dateModified\":\"2018-02-21T18:36:23+00:00\",\"mainEntityOfPage\":{\"@id\":\"https:\\\/\\\/www.incaudavenenum.org\\\/cut.the.crap\\\/la-france-insoumise-a-lepreuve-de-ses-contradictions\\\/\"},\"wordCount\":4856,\"commentCount\":0,\"publisher\":{\"@id\":\"https:\\\/\\\/www.incaudavenenum.org\\\/cut.the.crap\\\/#organization\"},\"image\":{\"@id\":\"https:\\\/\\\/www.incaudavenenum.org\\\/cut.the.crap\\\/la-france-insoumise-a-lepreuve-de-ses-contradictions\\\/#primaryimage\"},\"thumbnailUrl\":\"http:\\\/\\\/cut.the.crap.free.fr\\\/wp-content\\\/uploads\\\/meeting-1-300x225.jpg\",\"keywords\":[\"\u00e9lections\",\"France Insoumise\",\"L\u00e9gislatives 2017\",\"pr\u00e9sidentielle 2017\"],\"articleSection\":[\"R\u00e9sistance\"],\"inLanguage\":\"fr-FR\",\"potentialAction\":[{\"@type\":\"CommentAction\",\"name\":\"Comment\",\"target\":[\"https:\\\/\\\/www.incaudavenenum.org\\\/cut.the.crap\\\/la-france-insoumise-a-lepreuve-de-ses-contradictions\\\/#respond\"]}]},{\"@type\":\"WebPage\",\"@id\":\"https:\\\/\\\/www.incaudavenenum.org\\\/cut.the.crap\\\/la-france-insoumise-a-lepreuve-de-ses-contradictions\\\/\",\"url\":\"https:\\\/\\\/www.incaudavenenum.org\\\/cut.the.crap\\\/la-france-insoumise-a-lepreuve-de-ses-contradictions\\\/\",\"name\":\"La France Insoumise \u00e0 l'\u00e9preuve de ses contradictions - Cut The Crap\",\"isPartOf\":{\"@id\":\"https:\\\/\\\/www.incaudavenenum.org\\\/cut.the.crap\\\/#website\"},\"primaryImageOfPage\":{\"@id\":\"https:\\\/\\\/www.incaudavenenum.org\\\/cut.the.crap\\\/la-france-insoumise-a-lepreuve-de-ses-contradictions\\\/#primaryimage\"},\"image\":{\"@id\":\"https:\\\/\\\/www.incaudavenenum.org\\\/cut.the.crap\\\/la-france-insoumise-a-lepreuve-de-ses-contradictions\\\/#primaryimage\"},\"thumbnailUrl\":\"http:\\\/\\\/cut.the.crap.free.fr\\\/wp-content\\\/uploads\\\/meeting-1-300x225.jpg\",\"datePublished\":\"2017-07-21T21:14:18+00:00\",\"dateModified\":\"2018-02-21T18:36:23+00:00\",\"breadcrumb\":{\"@id\":\"https:\\\/\\\/www.incaudavenenum.org\\\/cut.the.crap\\\/la-france-insoumise-a-lepreuve-de-ses-contradictions\\\/#breadcrumb\"},\"inLanguage\":\"fr-FR\",\"potentialAction\":[{\"@type\":\"ReadAction\",\"target\":[\"https:\\\/\\\/www.incaudavenenum.org\\\/cut.the.crap\\\/la-france-insoumise-a-lepreuve-de-ses-contradictions\\\/\"]}]},{\"@type\":\"ImageObject\",\"inLanguage\":\"fr-FR\",\"@id\":\"https:\\\/\\\/www.incaudavenenum.org\\\/cut.the.crap\\\/la-france-insoumise-a-lepreuve-de-ses-contradictions\\\/#primaryimage\",\"url\":\"http:\\\/\\\/cut.the.crap.free.fr\\\/wp-content\\\/uploads\\\/meeting-1-300x225.jpg\",\"contentUrl\":\"http:\\\/\\\/cut.the.crap.free.fr\\\/wp-content\\\/uploads\\\/meeting-1-300x225.jpg\"},{\"@type\":\"BreadcrumbList\",\"@id\":\"https:\\\/\\\/www.incaudavenenum.org\\\/cut.the.crap\\\/la-france-insoumise-a-lepreuve-de-ses-contradictions\\\/#breadcrumb\",\"itemListElement\":[{\"@type\":\"ListItem\",\"position\":1,\"name\":\"Accueil\",\"item\":\"https:\\\/\\\/www.incaudavenenum.org\\\/cut.the.crap\\\/\"},{\"@type\":\"ListItem\",\"position\":2,\"name\":\"La France Insoumise \u00e0 l&rsquo;\u00e9preuve de ses contradictions\"}]},{\"@type\":\"WebSite\",\"@id\":\"https:\\\/\\\/www.incaudavenenum.org\\\/cut.the.crap\\\/#website\",\"url\":\"https:\\\/\\\/www.incaudavenenum.org\\\/cut.the.crap\\\/\",\"name\":\"Cut The Crap\",\"description\":\"Blog de gauche\",\"publisher\":{\"@id\":\"https:\\\/\\\/www.incaudavenenum.org\\\/cut.the.crap\\\/#organization\"},\"potentialAction\":[{\"@type\":\"SearchAction\",\"target\":{\"@type\":\"EntryPoint\",\"urlTemplate\":\"https:\\\/\\\/www.incaudavenenum.org\\\/cut.the.crap\\\/?s={search_term_string}\"},\"query-input\":{\"@type\":\"PropertyValueSpecification\",\"valueRequired\":true,\"valueName\":\"search_term_string\"}}],\"inLanguage\":\"fr-FR\"},{\"@type\":\"Organization\",\"@id\":\"https:\\\/\\\/www.incaudavenenum.org\\\/cut.the.crap\\\/#organization\",\"name\":\"Cut The Crap\",\"url\":\"https:\\\/\\\/www.incaudavenenum.org\\\/cut.the.crap\\\/\",\"logo\":{\"@type\":\"ImageObject\",\"inLanguage\":\"fr-FR\",\"@id\":\"https:\\\/\\\/www.incaudavenenum.org\\\/cut.the.crap\\\/#\\\/schema\\\/logo\\\/image\\\/\",\"url\":\"https:\\\/\\\/i1.wp.com\\\/www.incaudavenenum.org\\\/cut.the.crap\\\/wp-content\\\/uploads\\\/2018\\\/01\\\/cTc.png?fit=100%2C95\",\"contentUrl\":\"https:\\\/\\\/i1.wp.com\\\/www.incaudavenenum.org\\\/cut.the.crap\\\/wp-content\\\/uploads\\\/2018\\\/01\\\/cTc.png?fit=100%2C95\",\"width\":100,\"height\":95,\"caption\":\"Cut The Crap\"},\"image\":{\"@id\":\"https:\\\/\\\/www.incaudavenenum.org\\\/cut.the.crap\\\/#\\\/schema\\\/logo\\\/image\\\/\"},\"sameAs\":[\"https:\\\/\\\/www.facebook.com\\\/Cut-the-Crap-239882412697830\\\/\",\"https:\\\/\\\/x.com\\\/cutzecrap\"]},{\"@type\":\"Person\",\"@id\":\"https:\\\/\\\/www.incaudavenenum.org\\\/cut.the.crap\\\/#\\\/schema\\\/person\\\/39fa901f2f251d6be7e35d8d58a8d1b4\",\"name\":\"Serge Victor\",\"image\":{\"@type\":\"ImageObject\",\"inLanguage\":\"fr-FR\",\"@id\":\"https:\\\/\\\/secure.gravatar.com\\\/avatar\\\/1e2fd85bc69a7e81bf6242704119d1669b9a3ab337deeaf0e9141b764210481a?s=96&d=mm&r=g\",\"url\":\"https:\\\/\\\/secure.gravatar.com\\\/avatar\\\/1e2fd85bc69a7e81bf6242704119d1669b9a3ab337deeaf0e9141b764210481a?s=96&d=mm&r=g\",\"contentUrl\":\"https:\\\/\\\/secure.gravatar.com\\\/avatar\\\/1e2fd85bc69a7e81bf6242704119d1669b9a3ab337deeaf0e9141b764210481a?s=96&d=mm&r=g\",\"caption\":\"Serge Victor\"},\"description\":\"Militant de gauche, \u00e9cosocialiste, f\u00e9ministe, autogestionnaire\",\"sameAs\":[\"https:\\\/\\\/www.incaudavenenum.org\\\/cut.the.crap\\\/\",\"https:\\\/\\\/www.facebook.com\\\/cut.the.crap.free.fr\",\"https:\\\/\\\/x.com\\\/cutzecrap\"],\"url\":\"https:\\\/\\\/www.incaudavenenum.org\\\/cut.the.crap\\\/author\\\/sergevictor\\\/\"}]}<\/script>\n<!-- \/ Yoast SEO plugin. -->","yoast_head_json":{"title":"La France Insoumise \u00e0 l'\u00e9preuve de ses contradictions - Cut The Crap","robots":{"index":"index","follow":"follow","max-snippet":"max-snippet:-1","max-image-preview":"max-image-preview:large","max-video-preview":"max-video-preview:-1"},"canonical":"https:\/\/www.incaudavenenum.org\/cut.the.crap\/la-france-insoumise-a-lepreuve-de-ses-contradictions\/","og_locale":"fr_FR","og_type":"article","og_title":"La France Insoumise \u00e0 l'\u00e9preuve de ses contradictions - Cut The Crap","og_description":"Une s\u00e9quence \u00e9lectorale s&rsquo;ach\u00e8ve, qui m&rsquo;aura vu initier en f\u00e9vrier 2016, dans la ville o\u00f9 je r\u00e9side, un groupe d&rsquo;appui \u00e0 la candidature de Jean-Luc M\u00e9lenchon (pass\u00e9 en un peu plus d&rsquo;un an de 6 \u00e0 110 membres subdivis\u00e9s en plusieurs nouveaux groupes d&rsquo;appui), militer sans r\u00e9serve\u00a0pour la campagne de l&rsquo;\u00e9lection pr\u00e9sidentielle, puis, de fa\u00e7on &hellip; Continuer la lecture de &laquo;&nbsp;La France Insoumise \u00e0 l&rsquo;\u00e9preuve de ses contradictions&nbsp;&raquo;","og_url":"https:\/\/www.incaudavenenum.org\/cut.the.crap\/la-france-insoumise-a-lepreuve-de-ses-contradictions\/","og_site_name":"Cut The Crap","article_publisher":"https:\/\/www.facebook.com\/Cut-the-Crap-239882412697830\/","article_author":"https:\/\/www.facebook.com\/cut.the.crap.free.fr","article_published_time":"2017-07-21T21:14:18+00:00","article_modified_time":"2018-02-21T18:36:23+00:00","og_image":[{"url":"http:\/\/cut.the.crap.free.fr\/wp-content\/uploads\/meeting-1-300x225.jpg","type":"","width":"","height":""}],"author":"Serge Victor","twitter_card":"summary_large_image","twitter_creator":"@cutzecrap","twitter_site":"@cutzecrap","twitter_misc":{"\u00c9crit par":"Serge Victor","Dur\u00e9e de lecture estim\u00e9e":"23 minutes"},"schema":{"@context":"https:\/\/schema.org","@graph":[{"@type":"Article","@id":"https:\/\/www.incaudavenenum.org\/cut.the.crap\/la-france-insoumise-a-lepreuve-de-ses-contradictions\/#article","isPartOf":{"@id":"https:\/\/www.incaudavenenum.org\/cut.the.crap\/la-france-insoumise-a-lepreuve-de-ses-contradictions\/"},"author":{"name":"Serge Victor","@id":"https:\/\/www.incaudavenenum.org\/cut.the.crap\/#\/schema\/person\/39fa901f2f251d6be7e35d8d58a8d1b4"},"headline":"La France Insoumise \u00e0 l&rsquo;\u00e9preuve de ses contradictions","datePublished":"2017-07-21T21:14:18+00:00","dateModified":"2018-02-21T18:36:23+00:00","mainEntityOfPage":{"@id":"https:\/\/www.incaudavenenum.org\/cut.the.crap\/la-france-insoumise-a-lepreuve-de-ses-contradictions\/"},"wordCount":4856,"commentCount":0,"publisher":{"@id":"https:\/\/www.incaudavenenum.org\/cut.the.crap\/#organization"},"image":{"@id":"https:\/\/www.incaudavenenum.org\/cut.the.crap\/la-france-insoumise-a-lepreuve-de-ses-contradictions\/#primaryimage"},"thumbnailUrl":"http:\/\/cut.the.crap.free.fr\/wp-content\/uploads\/meeting-1-300x225.jpg","keywords":["\u00e9lections","France Insoumise","L\u00e9gislatives 2017","pr\u00e9sidentielle 2017"],"articleSection":["R\u00e9sistance"],"inLanguage":"fr-FR","potentialAction":[{"@type":"CommentAction","name":"Comment","target":["https:\/\/www.incaudavenenum.org\/cut.the.crap\/la-france-insoumise-a-lepreuve-de-ses-contradictions\/#respond"]}]},{"@type":"WebPage","@id":"https:\/\/www.incaudavenenum.org\/cut.the.crap\/la-france-insoumise-a-lepreuve-de-ses-contradictions\/","url":"https:\/\/www.incaudavenenum.org\/cut.the.crap\/la-france-insoumise-a-lepreuve-de-ses-contradictions\/","name":"La France Insoumise \u00e0 l'\u00e9preuve de ses contradictions - Cut The Crap","isPartOf":{"@id":"https:\/\/www.incaudavenenum.org\/cut.the.crap\/#website"},"primaryImageOfPage":{"@id":"https:\/\/www.incaudavenenum.org\/cut.the.crap\/la-france-insoumise-a-lepreuve-de-ses-contradictions\/#primaryimage"},"image":{"@id":"https:\/\/www.incaudavenenum.org\/cut.the.crap\/la-france-insoumise-a-lepreuve-de-ses-contradictions\/#primaryimage"},"thumbnailUrl":"http:\/\/cut.the.crap.free.fr\/wp-content\/uploads\/meeting-1-300x225.jpg","datePublished":"2017-07-21T21:14:18+00:00","dateModified":"2018-02-21T18:36:23+00:00","breadcrumb":{"@id":"https:\/\/www.incaudavenenum.org\/cut.the.crap\/la-france-insoumise-a-lepreuve-de-ses-contradictions\/#breadcrumb"},"inLanguage":"fr-FR","potentialAction":[{"@type":"ReadAction","target":["https:\/\/www.incaudavenenum.org\/cut.the.crap\/la-france-insoumise-a-lepreuve-de-ses-contradictions\/"]}]},{"@type":"ImageObject","inLanguage":"fr-FR","@id":"https:\/\/www.incaudavenenum.org\/cut.the.crap\/la-france-insoumise-a-lepreuve-de-ses-contradictions\/#primaryimage","url":"http:\/\/cut.the.crap.free.fr\/wp-content\/uploads\/meeting-1-300x225.jpg","contentUrl":"http:\/\/cut.the.crap.free.fr\/wp-content\/uploads\/meeting-1-300x225.jpg"},{"@type":"BreadcrumbList","@id":"https:\/\/www.incaudavenenum.org\/cut.the.crap\/la-france-insoumise-a-lepreuve-de-ses-contradictions\/#breadcrumb","itemListElement":[{"@type":"ListItem","position":1,"name":"Accueil","item":"https:\/\/www.incaudavenenum.org\/cut.the.crap\/"},{"@type":"ListItem","position":2,"name":"La France Insoumise \u00e0 l&rsquo;\u00e9preuve de ses contradictions"}]},{"@type":"WebSite","@id":"https:\/\/www.incaudavenenum.org\/cut.the.crap\/#website","url":"https:\/\/www.incaudavenenum.org\/cut.the.crap\/","name":"Cut The Crap","description":"Blog de gauche","publisher":{"@id":"https:\/\/www.incaudavenenum.org\/cut.the.crap\/#organization"},"potentialAction":[{"@type":"SearchAction","target":{"@type":"EntryPoint","urlTemplate":"https:\/\/www.incaudavenenum.org\/cut.the.crap\/?s={search_term_string}"},"query-input":{"@type":"PropertyValueSpecification","valueRequired":true,"valueName":"search_term_string"}}],"inLanguage":"fr-FR"},{"@type":"Organization","@id":"https:\/\/www.incaudavenenum.org\/cut.the.crap\/#organization","name":"Cut The Crap","url":"https:\/\/www.incaudavenenum.org\/cut.the.crap\/","logo":{"@type":"ImageObject","inLanguage":"fr-FR","@id":"https:\/\/www.incaudavenenum.org\/cut.the.crap\/#\/schema\/logo\/image\/","url":"https:\/\/i1.wp.com\/www.incaudavenenum.org\/cut.the.crap\/wp-content\/uploads\/2018\/01\/cTc.png?fit=100%2C95","contentUrl":"https:\/\/i1.wp.com\/www.incaudavenenum.org\/cut.the.crap\/wp-content\/uploads\/2018\/01\/cTc.png?fit=100%2C95","width":100,"height":95,"caption":"Cut The Crap"},"image":{"@id":"https:\/\/www.incaudavenenum.org\/cut.the.crap\/#\/schema\/logo\/image\/"},"sameAs":["https:\/\/www.facebook.com\/Cut-the-Crap-239882412697830\/","https:\/\/x.com\/cutzecrap"]},{"@type":"Person","@id":"https:\/\/www.incaudavenenum.org\/cut.the.crap\/#\/schema\/person\/39fa901f2f251d6be7e35d8d58a8d1b4","name":"Serge Victor","image":{"@type":"ImageObject","inLanguage":"fr-FR","@id":"https:\/\/secure.gravatar.com\/avatar\/1e2fd85bc69a7e81bf6242704119d1669b9a3ab337deeaf0e9141b764210481a?s=96&d=mm&r=g","url":"https:\/\/secure.gravatar.com\/avatar\/1e2fd85bc69a7e81bf6242704119d1669b9a3ab337deeaf0e9141b764210481a?s=96&d=mm&r=g","contentUrl":"https:\/\/secure.gravatar.com\/avatar\/1e2fd85bc69a7e81bf6242704119d1669b9a3ab337deeaf0e9141b764210481a?s=96&d=mm&r=g","caption":"Serge Victor"},"description":"Militant de gauche, \u00e9cosocialiste, f\u00e9ministe, autogestionnaire","sameAs":["https:\/\/www.incaudavenenum.org\/cut.the.crap\/","https:\/\/www.facebook.com\/cut.the.crap.free.fr","https:\/\/x.com\/cutzecrap"],"url":"https:\/\/www.incaudavenenum.org\/cut.the.crap\/author\/sergevictor\/"}]}},"jetpack_publicize_connections":[],"jetpack_featured_media_url":"","jetpack_shortlink":"https:\/\/wp.me\/p9z98q-fG","jetpack_likes_enabled":true,"jetpack-related-posts":[{"id":966,"url":"https:\/\/www.incaudavenenum.org\/cut.the.crap\/poisson-davril-anti-france-insoumise-de-dominique-vidal\/","url_meta":{"origin":972,"position":0},"title":"Poisson d&rsquo;avril anti-France Insoumise de Dominique Vidal","author":"Serge Victor","date":"2 avril 2017","format":"chat","excerpt":"Le 1er avril 2017, l'ancien r\u00e9dacteur du Monde Diplo Dominique Vidal, avec qui j'ai d\u00e9j\u00e0 eu quelques d\u00e9saccords (ici ou l\u00e0), postait sur Facebook un amusant poisson d'avril : La France Insoumise, affirme-t-il, aurait donc \"fait une croix sur l'alliance avec tout ou partie du PS\". Bonne blague car depuis\u2026","rel":"","context":"Dans &quot;R\u00e9sistance&quot;","block_context":{"text":"R\u00e9sistance","link":"https:\/\/www.incaudavenenum.org\/cut.the.crap\/category\/resistance\/"},"img":{"alt_text":"","src":"https:\/\/i0.wp.com\/cut.the.crap.free.fr\/wp-content\/uploads\/Capture-d%E2%80%99e%CC%81cran-2017-04-02-a%CC%80-13.47.15-221x300.png?resize=350%2C200","width":350,"height":200},"classes":[]},{"id":881,"url":"https:\/\/www.incaudavenenum.org\/cut.the.crap\/881\/","url_meta":{"origin":972,"position":1},"title":"M\u00e9lenchon devant Hollande, le storytelling qui vient \u00e0 point","author":"\u1d10T\u1d04","date":"18 avril 2016","format":"aside","excerpt":"Dans son \u00e9ditorial de Challenges du 18 avril 2016, Maurice Szafran (qui d\u00e9teste pourtant tout ce que repr\u00e9sente M\u00e9lenchon) est oblig\u00e9 de se pencher sur le r\u00e9sultat d'un sondage TNS-SOFRES qui place le candidat de la \"France insoumise\" entre 12 et 16% des intentions de vote au 1er tour de\u2026","rel":"","context":"Dans &quot;R\u00e9sistance&quot;","block_context":{"text":"R\u00e9sistance","link":"https:\/\/www.incaudavenenum.org\/cut.the.crap\/category\/resistance\/"},"img":{"alt_text":"Capture d\u2019e\u0301cran 2016-04-18 a\u0300 18.14.12","src":"https:\/\/i0.wp.com\/cut.the.crap.free.fr\/wp-content\/uploads\/Capture-d%E2%80%99e%CC%81cran-2016-04-18-a%CC%80-18.14.12.png?resize=350%2C200","width":350,"height":200,"srcset":"https:\/\/i0.wp.com\/cut.the.crap.free.fr\/wp-content\/uploads\/Capture-d%E2%80%99e%CC%81cran-2016-04-18-a%CC%80-18.14.12.png?resize=350%2C200 1x, https:\/\/i0.wp.com\/cut.the.crap.free.fr\/wp-content\/uploads\/Capture-d%E2%80%99e%CC%81cran-2016-04-18-a%CC%80-18.14.12.png?resize=525%2C300 1.5x"},"classes":[]},{"id":837,"url":"https:\/\/www.incaudavenenum.org\/cut.the.crap\/salaires-en-finir-avec-lemploi\/","url_meta":{"origin":972,"position":2},"title":"Salaires : en finir avec l&#8217;emploi","author":"\u1d10T\u1d04","date":"19 f\u00e9vrier 2016","format":false,"excerpt":"Voici une contribution d'un camarade de Pantin au projet de programme pour la candidature de Jean-Luc M\u00e9lenchon \u00e0 l'\u00e9lection pr\u00e9sidentielle de 2017, dans la cat\u00e9gorie \"Partager les richesses\" sur la plateforme www.jlm2017.fr. Le SMIC \u00e0 1700 euros propos\u00e9 dans le programme \"L'humain d'abord\" de 2012 reste une mesure n\u00e9cessaire pour\u2026","rel":"","context":"Dans &quot;R\u00e9sistance&quot;","block_context":{"text":"R\u00e9sistance","link":"https:\/\/www.incaudavenenum.org\/cut.the.crap\/category\/resistance\/"},"img":{"alt_text":"","src":"https:\/\/i0.wp.com\/cut.the.crap.free.fr\/images\/affichefranceinsoumise_Page_1.png?resize=350%2C200","width":350,"height":200},"classes":[]},{"id":436,"url":"https:\/\/www.incaudavenenum.org\/cut.the.crap\/a-mes-camarades-qui-nont-pas-encore-decide-de-voter-pour-melenchon\/","url_meta":{"origin":972,"position":3},"title":"A mes camarades qui n&rsquo;ont pas encore d\u00e9cid\u00e9 de voter pour M\u00e9lenchon","author":"Pierre-Joseph de Stal","date":"16 avril 2012","format":false,"excerpt":"A mes camarades du peuple de gauche : Camarades anarchistes, communistes libertaires, gauchistes, conseillistes, n\u00e9o-situationnistes, autonomes, A vous qui \u00eates souvent adeptes de l'abstention r\u00e9volutionnaire, \u00e0 vous qui pensez que la d\u00e9mocratie bourgeoise est une mascarade, qu'aucun candidat \u00e0 une \u00e9lection ne vous repr\u00e9sentera jamais, que les \u00e9lections sont un\u2026","rel":"","context":"Dans &quot;R\u00e9sistance&quot;","block_context":{"text":"R\u00e9sistance","link":"https:\/\/www.incaudavenenum.org\/cut.the.crap\/category\/resistance\/"},"img":{"alt_text":"","src":"","width":0,"height":0},"classes":[]},{"id":446,"url":"https:\/\/www.incaudavenenum.org\/cut.the.crap\/sauts-dobstacles-mediatiques-par-jean-luc-melenchon\/","url_meta":{"origin":972,"position":4},"title":"Sauts d&rsquo;obstacles m\u00e9diatiques par Jean-Luc M\u00e9lenchon","author":"\u1d10T\u1d04","date":"17 avril 2012","format":false,"excerpt":"Dans la veine de Pierre Carles, un \u00e9difiant montage vid\u00e9o de curcumabio : Edifiant aussi, ce montage de VilnusAtyx sur les erreurs (b\u00eates ou m\u00e9chantes\u00a0?) de Michel Onfray : Et du m\u00eame VilnusAtyx, le gros mensonge de Patrick Ch\u00eane :","rel":"","context":"Dans &quot;R\u00e9sistance&quot;","block_context":{"text":"R\u00e9sistance","link":"https:\/\/www.incaudavenenum.org\/cut.the.crap\/category\/resistance\/"},"img":{"alt_text":"","src":"","width":0,"height":0},"classes":[]},{"id":376,"url":"https:\/\/www.incaudavenenum.org\/cut.the.crap\/prediction-pour-2012-sans-astrologie-ni-medium\/","url_meta":{"origin":972,"position":5},"title":"Pr\u00e9diction pour 2012 (sans astrologie ni boule de cristal)","author":"\u1d10T\u1d04","date":"15 janvier 2012","format":false,"excerpt":"Dans le n\u00b05 (janvier 2012) de Sin\u00e9 Mensuel, le sociologue Laurent Mucchielli rappelle qu'en 2002, un fait divers (l'affaire du papy Voise) avait occup\u00e9 l'actualit\u00e9 trois jours avant le deuxi\u00e8me tour de l'\u00e9lection pr\u00e9sidentielle. \"L'affaire du papy d'Orl\u00e9ans est embl\u00e9matique. Des gens auraient voulu racketter ce vieux monsieur qui vivait\u2026","rel":"","context":"Dans &quot;Lectures&quot;","block_context":{"text":"Lectures","link":"https:\/\/www.incaudavenenum.org\/cut.the.crap\/category\/lectures\/"},"img":{"alt_text":"","src":"","width":0,"height":0},"classes":[]}],"jetpack_sharing_enabled":true,"_links":{"self":[{"href":"https:\/\/www.incaudavenenum.org\/cut.the.crap\/wp-json\/wp\/v2\/posts\/972","targetHints":{"allow":["GET"]}}],"collection":[{"href":"https:\/\/www.incaudavenenum.org\/cut.the.crap\/wp-json\/wp\/v2\/posts"}],"about":[{"href":"https:\/\/www.incaudavenenum.org\/cut.the.crap\/wp-json\/wp\/v2\/types\/post"}],"author":[{"embeddable":true,"href":"https:\/\/www.incaudavenenum.org\/cut.the.crap\/wp-json\/wp\/v2\/users\/1"}],"replies":[{"embeddable":true,"href":"https:\/\/www.incaudavenenum.org\/cut.the.crap\/wp-json\/wp\/v2\/comments?post=972"}],"version-history":[{"count":2,"href":"https:\/\/www.incaudavenenum.org\/cut.the.crap\/wp-json\/wp\/v2\/posts\/972\/revisions"}],"predecessor-version":[{"id":1281,"href":"https:\/\/www.incaudavenenum.org\/cut.the.crap\/wp-json\/wp\/v2\/posts\/972\/revisions\/1281"}],"wp:attachment":[{"href":"https:\/\/www.incaudavenenum.org\/cut.the.crap\/wp-json\/wp\/v2\/media?parent=972"}],"wp:term":[{"taxonomy":"category","embeddable":true,"href":"https:\/\/www.incaudavenenum.org\/cut.the.crap\/wp-json\/wp\/v2\/categories?post=972"},{"taxonomy":"post_tag","embeddable":true,"href":"https:\/\/www.incaudavenenum.org\/cut.the.crap\/wp-json\/wp\/v2\/tags?post=972"}],"curies":[{"name":"wp","href":"https:\/\/api.w.org\/{rel}","templated":true}]}}